{"id":11867,"date":"2022-11-01T15:57:00","date_gmt":"2022-11-01T14:57:00","guid":{"rendered":"https:\/\/arteeluoghi.it\/?p=11867"},"modified":"2022-10-22T19:34:57","modified_gmt":"2022-10-22T17:34:57","slug":"presicce-il-borgo-dei-mascarani","status":"publish","type":"post","link":"https:\/\/arteeluoghi.it\/index.php\/2022\/11\/01\/presicce-il-borgo-dei-mascarani\/","title":{"rendered":"Presicce, il borgo dei \u201cmascarani\u201d"},"content":{"rendered":"\n<blockquote class=\"wp-block-quote\"><p>Dal 2011 \u00e8 tra i borghi pi\u00f9 belli d\u2019Italia con le sue cantine ingrottate, i frantoi ipogei il Castello e i palazzi gentilizi<\/p><cite>Sara Foti Sciavaliere<\/cite><\/blockquote>\n\n\n\n<p>Il centro storico di Presicce, tra i \u201cBorghi pi\u00f9 belli d\u2019Italia\u201d dal 2011, si \u00e8 strutturato tra Cinquecento e Settecento su \u201ccantine ingrottate\u201d e frantoi ipogei. Un paese elegantemente scolpito nella pietra leccese che gode della luce e del sole del Salento e al contempo nasconde una \u201ccitt\u00e0 sotterranea\u201d, testimonianza di un arcaico sistema di lavorazione delle olive, oggi significativo esempio di archeologia industriale.<\/p>\n\n\n\n<!--more-->\n\n\n\n<p><br>Una passeggiata nel cuore del borgo ci mostra un impianto urbano caratterizzato da palazzi gentilizi e graziose case a corte che evidenziano una committenza benestante e abili maestranze locali, una \u201cproiezione architettonica\u201d della ricchezza economica dei proprietari dei trappeti. Si trattava principalmente di una ricca borghesia terriera, talvolta immigrata con ingenti patrimoni e insediatasi a partire dal XVI secolo, che in alcuni casi riusc\u00ec a consolidare la propria posizione economica e di prestigio favorita dal debole potere dei feudatari locali, magari residenti altrove. Cos\u00ec camminando per il centro storico ci si imbatte in imponenti costruzioni \u201cpalaziate\u201d come, per esempio, Castello Arditi, Palazzo Cara, palazzo Ducale con i giardini pensili, palazzo Soronzi, Palazzo Rollo, Casa Turrita, Casa Adamo-Izzo oppure Palazzo Villani. Ad esse si associano poi le case a corte contadine, prospicienti su piazzette e viuzze tortuose, cristallizzando nel tempo il senso del vicinato e della condivisione, le cui atmosfere si rivivano ancora nel rione Corciuli e in piazzetta Padreterno, dove i pozzi e la pila per lavare i panni rinnovano memorie forse altrimenti perdute.<\/p>\n\n\n\n<style id=\"bwg-style-0\">  #bwg_container1_0 {    display: table;\t\/*visibility: hidden;*\/  }  #bwg_container1_0 * {\t  -moz-user-select: none;\t  -khtml-user-select: none;\t  -webkit-user-select: none;\t  -ms-user-select: none;\t  user-select: none;  }  #bwg_container1_0 #bwg_container2_0 .bwg_slideshow_image_wrap_0 {\t  background-color: #000000;\t  width: 800px;\t  height: 500px;  }  #bwg_container1_0 #bwg_container2_0 .bwg_slideshow_image_0 {\t  max-width: 800px;\t  max-height: 410px;  }  #bwg_container1_0 #bwg_container2_0 .bwg_slideshow_embed_0 {    width: 800px;    height: 410px;  }  #bwg_container1_0 #bwg_container2_0 #bwg_slideshow_play_pause_0 {\t  background: transparent url(\"https:\/\/arteeluoghi.it\/wp-content\/plugins\/photo-gallery\/images\/blank.gif\") repeat scroll 0 0;  }  #bwg_container1_0 #bwg_container2_0 #bwg_slideshow_play_pause-ico_0 {    color: #FFFFFF;    font-size: 60px;  }  #bwg_container1_0 #bwg_container2_0 #bwg_slideshow_play_pause-ico_0:hover {\t  color: #CCCCCC;  }  #bwg_container1_0 #bwg_container2_0 #spider_slideshow_left_0,  #bwg_container1_0 #bwg_container2_0 #spider_slideshow_right_0 {\t  background: transparent url(\"https:\/\/arteeluoghi.it\/wp-content\/plugins\/photo-gallery\/images\/blank.gif\") repeat scroll 0 0;  }  #bwg_container1_0 #bwg_container2_0 #spider_slideshow_left-ico_0,  #bwg_container1_0 #bwg_container2_0 #spider_slideshow_right-ico_0 {\t  background-color: #000000;\t  border-radius: 20px;\t  border: 0px none #FFFFFF;\t  box-shadow: 0px 0px 0px #000000;\t  color: #FFFFFF;\t  height: 40px;\t  font-size: 20px;\t  width: 40px;\t  opacity: 1.00;  }  #bwg_container1_0 #bwg_container2_0 #spider_slideshow_left-ico_0:hover,  #bwg_container1_0 #bwg_container2_0 #spider_slideshow_right-ico_0:hover {\t  color: #CCCCCC;  }      #spider_slideshow_left-ico_0{      left: -9999px;    }    #spider_slideshow_right-ico_0{      left: -9999px;    }      #bwg_container1_0 #bwg_container2_0 .bwg_slideshow_image_container_0 {\t  top: 90px;\t  width: 800px;\t  height: 500px;\t}\t#bwg_container1_0 #bwg_container2_0 .bwg_slideshow_filmstrip_container_0 {\t  display: table;\t  height: 90px;\t  width: 800px;\t  top: 0;  }  \/* Filmstrip dimension *\/  #bwg_container1_0 #bwg_container2_0 .bwg_slideshow_filmstrip_0 {\t  left: 20px;\t  width: 760px;\t  \/*z-index: 10106;*\/  }  #bwg_container1_0 #bwg_container2_0 .bwg_slideshow_filmstrip_thumbnails_0 {    left: 0px;    width: 1630px;    height: 90px;  }  #bwg_container1_0 #bwg_container2_0 .bwg_slideshow_filmstrip_thumbnail_0 {    width: 161px;    height: 90px;    margin: 0 1px;    border: 1px solid #000000;    border-radius: 0;  }  #bwg_container1_0 #bwg_container2_0 .bwg_slideshow_thumb_active_0 {\t  border: 0px solid #FFFFFF;  }  #bwg_container1_0 #bwg_container2_0 .bwg_slideshow_thumb_deactive_0 {    opacity: 0.80;  }  #bwg_container1_0 #bwg_container2_0 .bwg_slideshow_filmstrip_left_0,  #bwg_container1_0 #bwg_container2_0 .bwg_slideshow_filmstrip_left_disabled_0 {\t  background-color: #3B3B3B;\t  display: table-cell;\t  width: 20px;\t  left: 0;\t  \t    }  #bwg_container1_0 #bwg_container2_0 .bwg_slideshow_filmstrip_right_0,  #bwg_container1_0 #bwg_container2_0 .bwg_slideshow_filmstrip_right_disabled_0 {\t  background-color: #3B3B3B;    display: table-cell;    right: 0;\t  width: 20px;\t  \t    }  #bwg_container1_0 #bwg_container2_0 .bwg_slideshow_filmstrip_left_0 i,  #bwg_container1_0 #bwg_container2_0 .bwg_slideshow_filmstrip_right_0 i,  #bwg_container1_0 #bwg_container2_0 .bwg_slideshow_filmstrip_left_disabled_0 i,  #bwg_container1_0 #bwg_container2_0 .bwg_slideshow_filmstrip_right_disabled_0 i {\t  color: #FFFFFF;\t  font-size: 20px;  }  #bwg_container1_0 #bwg_container2_0 .bwg_slideshow_filmstrip_left_0 {    display: none;  }  #bwg_container1_0 #bwg_container2_0 .bwg_slideshow_filmstrip_left_disabled_0,  #bwg_container1_0 #bwg_container2_0 .bwg_slideshow_filmstrip_right_disabled_0 {    display: none;    opacity: 0.3;  }  #bwg_container1_0 #bwg_container2_0 .bwg_slideshow_filmstrip_left_disabled_0 {    display: table-cell;  }  #bwg_container1_0 #bwg_container2_0 .bwg_slideshow_watermark_spun_0 {\t  text-align: left;\t  vertical-align: bottom;  }  #bwg_container1_0 #bwg_container2_0 .bwg_slideshow_title_spun_0 {\t  text-align: right;\t  vertical-align: top;  }  #bwg_container1_0 #bwg_container2_0 .bwg_slideshow_description_spun_0 {\t  text-align: right;\t  vertical-align: bottom;  }  #bwg_container1_0 #bwg_container2_0 .bwg_slideshow_watermark_image_0 {\t  max-height: 90px;\t  max-width: 90px;\t  opacity: 0.30;  }  #bwg_container1_0 #bwg_container2_0 .bwg_slideshow_watermark_text_0,  #bwg_container1_0 #bwg_container2_0 .bwg_slideshow_watermark_text_0:hover {\t  text-decoration: none;\t  margin: 4px;\t  position: relative;\t  z-index: 15;  }  #bwg_container1_0 #bwg_container2_0 .bwg_slideshow_title_text_0 {\t  font-size: 16px;\t  font-family: segoe ui;\t  color: #FFFFFF !important;\t  opacity: 0.70;    border-radius: 5px;\t  background-color: #000000;\t  padding: 0 0 0 0;\t  \t\tmargin: 5px;\t  \t    }  #bwg_container1_0 #bwg_container2_0 .bwg_slideshow_description_text_0 {\t  font-size: 14px;\t  font-family: segoe ui;\t  color: #FFFFFF !important;\t  opacity: 0.70;    border-radius: 0;\t  background-color: #000000;\t  padding: 5px 10px 5px 10px;\t    }  #bwg_container1_0 #bwg_container2_0 .bwg_slideshow_description_text_0 * {\ttext-decoration: none;\tcolor: #FFFFFF !important;  }  #bwg_container1_0 #bwg_container2_0 .bwg_slideshow_dots_0 {\t  width: 12px;\t  height: 12px;\t  border-radius: 5px;\t  background: #F2D22E;\t  margin: 3px;  }  #bwg_container1_0 #bwg_container2_0 .bwg_slideshow_dots_container_0 {\t  width: 800px;\t  top: 0;  }  #bwg_container1_0 #bwg_container2_0 .bwg_slideshow_dots_thumbnails_0 {\t  height: 18px;\t  width: 180px;  }  #bwg_container1_0 #bwg_container2_0 .bwg_slideshow_dots_active_0 {\t  background: #FFFFFF;\t  border: 1px solid #000000;  }  <\/style>    <div id=\"bwg_container1_0\"         class=\"bwg_container bwg_thumbnail bwg_slideshow \"         data-right-click-protection=\"0\"         data-bwg=\"0\"         data-scroll=\"0\"         data-gallery-type=\"slideshow\"         data-gallery-view-type=\"slideshow\"         data-current-url=\"\/index.php\/wp-json\/wp\/v2\/posts\/11867\"         data-lightbox-url=\"https:\/\/arteeluoghi.it\/wp-admin\/admin-ajax.php?action=GalleryBox&#038;current_view=0&#038;gallery_id=50&#038;tag=0&#038;theme_id=1&#038;shortcode_id=147&#038;sort_by=order&#038;order_by=asc&#038;current_url=%2Findex.php%2Fwp-json%2Fwp%2Fv2%2Fposts%2F11867\"         data-gallery-id=\"50\"         data-popup-width=\"800\"         data-popup-height=\"500\"         data-is-album=\"gallery\"         data-buttons-position=\"bottom\">      <div id=\"bwg_container2_0\">             <div id=\"ajax_loading_0\" class=\"bwg_loading_div_1\">      <div class=\"bwg_loading_div_2\">        <div class=\"bwg_loading_div_3\">          <div id=\"loading_div_0\" class=\"bwg_spider_ajax_loading\">          <\/div>        <\/div>      <\/div>    <\/div>            <form id=\"gal_front_form_0\"              class=\"bwg-hidden\"              method=\"post\"              action=\"#\"              data-current=\"0\"              data-shortcode-id=\"147\"              data-gallery-type=\"slideshow\"              data-gallery-id=\"50\"              data-tag=\"0\"              data-album-id=\"0\"              data-theme-id=\"1\"              data-ajax-url=\"https:\/\/arteeluoghi.it\/wp-admin\/admin-ajax.php?action=bwg_frontend_data\">          <div id=\"bwg_container3_0\" class=\"bwg-background bwg-background-0\">              <div class=\"bwg_slideshow_image_wrap_0 bwg-slideshow-images-wrapper bwg-container\"       data-bwg=\"0\"       data-lightbox-url=\"https:\/\/arteeluoghi.it\/wp-admin\/admin-ajax.php?action=GalleryBox&#038;current_view=0&#038;gallery_id=50&#038;tag=0&#038;theme_id=1&#038;shortcode_id=147&#038;sort_by=order&#038;order_by=asc&#038;current_url=%2Findex.php%2Fwp-json%2Fwp%2Fv2%2Fposts%2F11867\">          <div class=\"bwg_slideshow_filmstrip_container_0\">        <div class=\"bwg_slideshow_filmstrip_left_0\">          <i class=\"bwg-icon-angle-left\"><\/i>        <\/div>        <div class=\"bwg_slideshow_filmstrip_left_disabled_0\">          <i class=\"bwg-icon-angle-left\"><\/i>        <\/div>        <div class=\"bwg_slideshow_filmstrip_0 bwg_slideshow_filmstrip\">          <div class=\"bwg_slideshow_filmstrip_thumbnails_0\">                          <div id=\"bwg_filmstrip_thumbnail_0_0\"                class=\"bwg_slideshow_filmstrip_thumbnail_0 bwg_slideshow_thumb_active_0\"                data-style=\"width:161px; height:90px;\">                <img class=\"bwg_filmstrip_thumbnail_img bwg_slideshow_filmstrip_thumbnail_img_0\"                  style=\"width:161px; height:214.66666666667px; margin-left: 0px; margin-top: -62.333333333333px;\"                  data-style=\"width:161px; height:214.66666666667px; margin-left: 0px; margin-top: -62.333333333333px;\"                  src=\"https:\/\/arteeluoghi.it\/wp-content\/uploads\/photo-gallery\/Presicce\/thumb\/1663964468298.jpg?bwg=1666451921\"                  data-src=\"https:\/\/arteeluoghi.it\/wp-content\/uploads\/photo-gallery\/Presicce\/thumb\/1663964468298.jpg?bwg=1666451921\"                  onclick=\"bwg_change_image(parseInt(jQuery('#bwg_current_image_key_0').val()), '0', '', '', '0')\"                  image_id=\"722\"                  image_key=\"0\"                  alt=\"Presicce, reportage fotografico Sara Foti Sciavaliere\"                  title=\"Presicce, reportage fotografico Sara Foti Sciavaliere\" \/>              <\/div>                            <div id=\"bwg_filmstrip_thumbnail_1_0\"                class=\"bwg_slideshow_filmstrip_thumbnail_0 bwg_slideshow_thumb_deactive_0\"                data-style=\"width:161px; height:90px;\">                <img class=\"bwg_filmstrip_thumbnail_img bwg_slideshow_filmstrip_thumbnail_img_0\"                  style=\"width:161px; height:214.66666666667px; margin-left: 0px; margin-top: -62.333333333333px;\"                  data-style=\"width:161px; height:214.66666666667px; margin-left: 0px; margin-top: -62.333333333333px;\"                  src=\"https:\/\/arteeluoghi.it\/wp-content\/uploads\/photo-gallery\/Presicce\/thumb\/1663964468552.jpg?bwg=1666451921\"                  data-src=\"https:\/\/arteeluoghi.it\/wp-content\/uploads\/photo-gallery\/Presicce\/thumb\/1663964468552.jpg?bwg=1666451921\"                  onclick=\"bwg_change_image(parseInt(jQuery('#bwg_current_image_key_0').val()), '1', '', '', '0')\"                  image_id=\"723\"                  image_key=\"1\"                  alt=\"Presicce, reportage fotografico Sara Foti Sciavaliere\"                  title=\"Presicce, reportage fotografico Sara Foti Sciavaliere\" \/>              <\/div>                            <div id=\"bwg_filmstrip_thumbnail_2_0\"                class=\"bwg_slideshow_filmstrip_thumbnail_0 bwg_slideshow_thumb_deactive_0\"                data-style=\"width:161px; height:90px;\">                <img class=\"bwg_filmstrip_thumbnail_img bwg_slideshow_filmstrip_thumbnail_img_0\"                  style=\"width:161px; height:214.66666666667px; margin-left: 0px; margin-top: -62.333333333333px;\"                  data-style=\"width:161px; height:214.66666666667px; margin-left: 0px; margin-top: -62.333333333333px;\"                  src=\"https:\/\/arteeluoghi.it\/wp-content\/uploads\/photo-gallery\/Presicce\/thumb\/1663964468495.jpg?bwg=1666451921\"                  data-src=\"https:\/\/arteeluoghi.it\/wp-content\/uploads\/photo-gallery\/Presicce\/thumb\/1663964468495.jpg?bwg=1666451921\"                  onclick=\"bwg_change_image(parseInt(jQuery('#bwg_current_image_key_0').val()), '2', '', '', '0')\"                  image_id=\"724\"                  image_key=\"2\"                  alt=\"Presicce, reportage fotografico Sara Foti Sciavaliere\"                  title=\"Presicce, reportage fotografico Sara Foti Sciavaliere\" \/>              <\/div>                            <div id=\"bwg_filmstrip_thumbnail_3_0\"                class=\"bwg_slideshow_filmstrip_thumbnail_0 bwg_slideshow_thumb_deactive_0\"                data-style=\"width:161px; height:90px;\">                <img class=\"bwg_filmstrip_thumbnail_img bwg_slideshow_filmstrip_thumbnail_img_0\"                  style=\"width:161px; height:214.66666666667px; margin-left: 0px; margin-top: -62.333333333333px;\"                  data-style=\"width:161px; height:214.66666666667px; margin-left: 0px; margin-top: -62.333333333333px;\"                  src=\"https:\/\/arteeluoghi.it\/wp-content\/uploads\/photo-gallery\/Presicce\/thumb\/1663964468367.jpg?bwg=1666451921\"                  data-src=\"https:\/\/arteeluoghi.it\/wp-content\/uploads\/photo-gallery\/Presicce\/thumb\/1663964468367.jpg?bwg=1666451921\"                  onclick=\"bwg_change_image(parseInt(jQuery('#bwg_current_image_key_0').val()), '3', '', '', '0')\"                  image_id=\"725\"                  image_key=\"3\"                  alt=\"Presicce, reportage fotografico Sara Foti Sciavaliere\"                  title=\"Presicce, reportage fotografico Sara Foti Sciavaliere\" \/>              <\/div>                            <div id=\"bwg_filmstrip_thumbnail_4_0\"                class=\"bwg_slideshow_filmstrip_thumbnail_0 bwg_slideshow_thumb_deactive_0\"                data-style=\"width:161px; height:90px;\">                <img class=\"bwg_filmstrip_thumbnail_img bwg_slideshow_filmstrip_thumbnail_img_0\"                  style=\"width:161px; height:120.75px; margin-left: 0px; margin-top: -15.375px;\"                  data-style=\"width:161px; height:120.75px; margin-left: 0px; margin-top: -15.375px;\"                  src=\"https:\/\/arteeluoghi.it\/wp-content\/uploads\/photo-gallery\/Presicce\/thumb\/1663964110573-1.jpg?bwg=1666451921\"                  data-src=\"https:\/\/arteeluoghi.it\/wp-content\/uploads\/photo-gallery\/Presicce\/thumb\/1663964110573-1.jpg?bwg=1666451921\"                  onclick=\"bwg_change_image(parseInt(jQuery('#bwg_current_image_key_0').val()), '4', '', '', '0')\"                  image_id=\"726\"                  image_key=\"4\"                  alt=\"Presicce, reportage fotografico Sara Foti Sciavaliere\"                  title=\"Presicce, reportage fotografico Sara Foti Sciavaliere\" \/>              <\/div>                            <div id=\"bwg_filmstrip_thumbnail_5_0\"                class=\"bwg_slideshow_filmstrip_thumbnail_0 bwg_slideshow_thumb_deactive_0\"                data-style=\"width:161px; height:90px;\">                <img class=\"bwg_filmstrip_thumbnail_img bwg_slideshow_filmstrip_thumbnail_img_0\"                  style=\"width:161px; height:214.66666666667px; margin-left: 0px; margin-top: -62.333333333333px;\"                  data-style=\"width:161px; height:214.66666666667px; margin-left: 0px; margin-top: -62.333333333333px;\"                  src=\"https:\/\/arteeluoghi.it\/wp-content\/uploads\/photo-gallery\/Presicce\/thumb\/1663964110608.jpg?bwg=1666451921\"                  data-src=\"https:\/\/arteeluoghi.it\/wp-content\/uploads\/photo-gallery\/Presicce\/thumb\/1663964110608.jpg?bwg=1666451921\"                  onclick=\"bwg_change_image(parseInt(jQuery('#bwg_current_image_key_0').val()), '5', '', '', '0')\"                  image_id=\"727\"                  image_key=\"5\"                  alt=\"Presicce, reportage fotografico Sara Foti Sciavaliere\"                  title=\"Presicce, reportage fotografico Sara Foti Sciavaliere\" \/>              <\/div>                            <div id=\"bwg_filmstrip_thumbnail_6_0\"                class=\"bwg_slideshow_filmstrip_thumbnail_0 bwg_slideshow_thumb_deactive_0\"                data-style=\"width:161px; height:90px;\">                <img class=\"bwg_filmstrip_thumbnail_img bwg_slideshow_filmstrip_thumbnail_img_0\"                  style=\"width:161px; height:214.66666666667px; margin-left: 0px; margin-top: -62.333333333333px;\"                  data-style=\"width:161px; height:214.66666666667px; margin-left: 0px; margin-top: -62.333333333333px;\"                  src=\"https:\/\/arteeluoghi.it\/wp-content\/uploads\/photo-gallery\/Presicce\/thumb\/IMG_20220920_094216-1.jpg?bwg=1666451921\"                  data-src=\"https:\/\/arteeluoghi.it\/wp-content\/uploads\/photo-gallery\/Presicce\/thumb\/IMG_20220920_094216-1.jpg?bwg=1666451921\"                  onclick=\"bwg_change_image(parseInt(jQuery('#bwg_current_image_key_0').val()), '6', '', '', '0')\"                  image_id=\"728\"                  image_key=\"6\"                  alt=\"Presicce, reportage fotografico Sara Foti Sciavaliere\"                  title=\"Presicce, reportage fotografico Sara Foti Sciavaliere\" \/>              <\/div>                            <div id=\"bwg_filmstrip_thumbnail_7_0\"                class=\"bwg_slideshow_filmstrip_thumbnail_0 bwg_slideshow_thumb_deactive_0\"                data-style=\"width:161px; height:90px;\">                <img class=\"bwg_filmstrip_thumbnail_img bwg_slideshow_filmstrip_thumbnail_img_0\"                  style=\"width:161px; height:214.66666666667px; margin-left: 0px; margin-top: -62.333333333333px;\"                  data-style=\"width:161px; height:214.66666666667px; margin-left: 0px; margin-top: -62.333333333333px;\"                  src=\"https:\/\/arteeluoghi.it\/wp-content\/uploads\/photo-gallery\/Presicce\/thumb\/IMG_20220920_093440.jpg?bwg=1666451921\"                  data-src=\"https:\/\/arteeluoghi.it\/wp-content\/uploads\/photo-gallery\/Presicce\/thumb\/IMG_20220920_093440.jpg?bwg=1666451921\"                  onclick=\"bwg_change_image(parseInt(jQuery('#bwg_current_image_key_0').val()), '7', '', '', '0')\"                  image_id=\"729\"                  image_key=\"7\"                  alt=\" Presicce, reportage fotografico Sara Foti Sciavaliere\"                  title=\" Presicce, reportage fotografico Sara Foti Sciavaliere\" \/>              <\/div>                            <div id=\"bwg_filmstrip_thumbnail_8_0\"                class=\"bwg_slideshow_filmstrip_thumbnail_0 bwg_slideshow_thumb_deactive_0\"                data-style=\"width:161px; height:90px;\">                <img class=\"bwg_filmstrip_thumbnail_img bwg_slideshow_filmstrip_thumbnail_img_0\"                  style=\"width:161px; height:214.66666666667px; margin-left: 0px; margin-top: -62.333333333333px;\"                  data-style=\"width:161px; height:214.66666666667px; margin-left: 0px; margin-top: -62.333333333333px;\"                  src=\"https:\/\/arteeluoghi.it\/wp-content\/uploads\/photo-gallery\/Presicce\/thumb\/Chiesa-e-colonna-S.Andrea.Presicce_IMG_20220920_092757.jpg?bwg=1666451921\"                  data-src=\"https:\/\/arteeluoghi.it\/wp-content\/uploads\/photo-gallery\/Presicce\/thumb\/Chiesa-e-colonna-S.Andrea.Presicce_IMG_20220920_092757.jpg?bwg=1666451921\"                  onclick=\"bwg_change_image(parseInt(jQuery('#bwg_current_image_key_0').val()), '8', '', '', '0')\"                  image_id=\"730\"                  image_key=\"8\"                  alt=\"Chiesa-e-colonna-S.Andrea.Presicce , reportage fotografico Sara Foti Sciavaliere\"                  title=\"Chiesa-e-colonna-S.Andrea.Presicce , reportage fotografico Sara Foti Sciavaliere\" \/>              <\/div>                            <div id=\"bwg_filmstrip_thumbnail_9_0\"                class=\"bwg_slideshow_filmstrip_thumbnail_0 bwg_slideshow_thumb_deactive_0\"                data-style=\"width:161px; height:90px;\">                <img class=\"bwg_filmstrip_thumbnail_img bwg_slideshow_filmstrip_thumbnail_img_0\"                  style=\"width:161px; height:120.75px; margin-left: 0px; margin-top: -15.375px;\"                  data-style=\"width:161px; height:120.75px; margin-left: 0px; margin-top: -15.375px;\"                  src=\"https:\/\/arteeluoghi.it\/wp-content\/uploads\/photo-gallery\/Presicce\/thumb\/1663964110498-1.jpg?bwg=1666451921\"                  data-src=\"https:\/\/arteeluoghi.it\/wp-content\/uploads\/photo-gallery\/Presicce\/thumb\/1663964110498-1.jpg?bwg=1666451921\"                  onclick=\"bwg_change_image(parseInt(jQuery('#bwg_current_image_key_0').val()), '9', '', '', '0')\"                  image_id=\"731\"                  image_key=\"9\"                  alt=\"Presicce, reportage fotografico Sara Foti Sciavaliere\"                  title=\"Presicce, reportage fotografico Sara Foti Sciavaliere\" \/>              <\/div>                        <\/div>        <\/div>        <div class=\"bwg_slideshow_filmstrip_right_0\">          <i class=\"bwg-icon-angle-right\"><\/i>        <\/div>        <div class=\"bwg_slideshow_filmstrip_right_disabled_0\">          <i class=\"bwg-icon-angle-right\"><\/i>        <\/div>      <\/div>          <div id=\"bwg_slideshow_image_container_0\"         class=\"bwg_slideshow_image_container_0\"         data-params='{&quot;bwg_source&quot;:&quot;slider&quot;,&quot;bwg_current_key&quot;:&quot;&quot;,&quot;bwg_transition_duration&quot;:100,&quot;bwg_trans_in_progress&quot;:false,&quot;data&quot;:[{&quot;id&quot;:&quot;722&quot;,&quot;alt&quot;:&quot;Presicce, reportage fotografico Sara Foti Sciavaliere&quot;,&quot;description&quot;:&quot; &quot;,&quot;filetype&quot;:&quot;jpg&quot;,&quot;filename&quot;:&quot;1663964468298&quot;,&quot;image_url&quot;:&quot;\\\/Presicce\\\/1663964468298.jpg?bwg=1666451921&quot;,&quot;thumb_url&quot;:&quot;\\\/Presicce\\\/thumb\\\/1663964468298.jpg?bwg=1666451921&quot;,&quot;redirect_url&quot;:&quot;&quot;,&quot;date&quot;:&quot;2022-10-22 15:00:30&quot;,&quot;is_embed&quot;:false,&quot;is_embed_video&quot;:false,&quot;thumb_width&quot;:&quot;375.00&quot;,&quot;thumb_height&quot;:&quot;500.00&quot;},{&quot;id&quot;:&quot;723&quot;,&quot;alt&quot;:&quot;Presicce, reportage fotografico Sara Foti Sciavaliere&quot;,&quot;description&quot;:&quot; &amp;lt;br \\\/&amp;gt;&quot;,&quot;filetype&quot;:&quot;jpg&quot;,&quot;filename&quot;:&quot;1663964468552&quot;,&quot;image_url&quot;:&quot;\\\/Presicce\\\/1663964468552.jpg?bwg=1666451921&quot;,&quot;thumb_url&quot;:&quot;\\\/Presicce\\\/thumb\\\/1663964468552.jpg?bwg=1666451921&quot;,&quot;redirect_url&quot;:&quot;&quot;,&quot;date&quot;:&quot;2022-10-22 15:00:26&quot;,&quot;is_embed&quot;:false,&quot;is_embed_video&quot;:false,&quot;thumb_width&quot;:&quot;375.00&quot;,&quot;thumb_height&quot;:&quot;500.00&quot;},{&quot;id&quot;:&quot;724&quot;,&quot;alt&quot;:&quot;Presicce, reportage fotografico Sara Foti Sciavaliere&quot;,&quot;description&quot;:&quot; &amp;lt;br \\\/&amp;gt;&quot;,&quot;filetype&quot;:&quot;jpg&quot;,&quot;filename&quot;:&quot;1663964468495&quot;,&quot;image_url&quot;:&quot;\\\/Presicce\\\/1663964468495.jpg?bwg=1666451921&quot;,&quot;thumb_url&quot;:&quot;\\\/Presicce\\\/thumb\\\/1663964468495.jpg?bwg=1666451921&quot;,&quot;redirect_url&quot;:&quot;&quot;,&quot;date&quot;:&quot;2022-10-22 14:59:46&quot;,&quot;is_embed&quot;:false,&quot;is_embed_video&quot;:false,&quot;thumb_width&quot;:&quot;375.00&quot;,&quot;thumb_height&quot;:&quot;500.00&quot;},{&quot;id&quot;:&quot;725&quot;,&quot;alt&quot;:&quot;Presicce, reportage fotografico Sara Foti Sciavaliere&quot;,&quot;description&quot;:&quot; &amp;lt;br \\\/&amp;gt;&quot;,&quot;filetype&quot;:&quot;jpg&quot;,&quot;filename&quot;:&quot;1663964468367&quot;,&quot;image_url&quot;:&quot;\\\/Presicce\\\/1663964468367.jpg?bwg=1666451921&quot;,&quot;thumb_url&quot;:&quot;\\\/Presicce\\\/thumb\\\/1663964468367.jpg?bwg=1666451921&quot;,&quot;redirect_url&quot;:&quot;&quot;,&quot;date&quot;:&quot;2022-10-22 14:59:08&quot;,&quot;is_embed&quot;:false,&quot;is_embed_video&quot;:false,&quot;thumb_width&quot;:&quot;375.00&quot;,&quot;thumb_height&quot;:&quot;500.00&quot;},{&quot;id&quot;:&quot;726&quot;,&quot;alt&quot;:&quot;Presicce, reportage fotografico Sara Foti Sciavaliere&quot;,&quot;description&quot;:&quot; 1&amp;lt;br \\\/&amp;gt;&quot;,&quot;filetype&quot;:&quot;jpg&quot;,&quot;filename&quot;:&quot;1663964110573-1&quot;,&quot;image_url&quot;:&quot;\\\/Presicce\\\/1663964110573-1.jpg?bwg=1666451921&quot;,&quot;thumb_url&quot;:&quot;\\\/Presicce\\\/thumb\\\/1663964110573-1.jpg?bwg=1666451921&quot;,&quot;redirect_url&quot;:&quot;&quot;,&quot;date&quot;:&quot;2022-10-22 14:56:22&quot;,&quot;is_embed&quot;:false,&quot;is_embed_video&quot;:false,&quot;thumb_width&quot;:&quot;500.00&quot;,&quot;thumb_height&quot;:&quot;375.00&quot;},{&quot;id&quot;:&quot;727&quot;,&quot;alt&quot;:&quot;Presicce, reportage fotografico Sara Foti Sciavaliere&quot;,&quot;description&quot;:&quot; &amp;lt;br \\\/&amp;gt;&quot;,&quot;filetype&quot;:&quot;jpg&quot;,&quot;filename&quot;:&quot;1663964110608&quot;,&quot;image_url&quot;:&quot;\\\/Presicce\\\/1663964110608.jpg?bwg=1666451921&quot;,&quot;thumb_url&quot;:&quot;\\\/Presicce\\\/thumb\\\/1663964110608.jpg?bwg=1666451921&quot;,&quot;redirect_url&quot;:&quot;&quot;,&quot;date&quot;:&quot;2022-10-22 14:05:28&quot;,&quot;is_embed&quot;:false,&quot;is_embed_video&quot;:false,&quot;thumb_width&quot;:&quot;375.00&quot;,&quot;thumb_height&quot;:&quot;500.00&quot;},{&quot;id&quot;:&quot;728&quot;,&quot;alt&quot;:&quot;Presicce, reportage fotografico Sara Foti Sciavaliere&quot;,&quot;description&quot;:&quot; &amp;lt;br \\\/&amp;gt;&quot;,&quot;filetype&quot;:&quot;jpg&quot;,&quot;filename&quot;:&quot;IMG_20220920_094216-1&quot;,&quot;image_url&quot;:&quot;\\\/Presicce\\\/IMG_20220920_094216-1.jpg?bwg=1666451921&quot;,&quot;thumb_url&quot;:&quot;\\\/Presicce\\\/thumb\\\/IMG_20220920_094216-1.jpg?bwg=1666451921&quot;,&quot;redirect_url&quot;:&quot;&quot;,&quot;date&quot;:&quot;2022-10-22 14:05:07&quot;,&quot;is_embed&quot;:false,&quot;is_embed_video&quot;:false,&quot;thumb_width&quot;:&quot;375.00&quot;,&quot;thumb_height&quot;:&quot;500.00&quot;},{&quot;id&quot;:&quot;729&quot;,&quot;alt&quot;:&quot; Presicce, reportage fotografico Sara Foti Sciavaliere&quot;,&quot;description&quot;:&quot; &amp;lt;br \\\/&amp;gt;&quot;,&quot;filetype&quot;:&quot;jpg&quot;,&quot;filename&quot;:&quot;IMG_20220920_093440&quot;,&quot;image_url&quot;:&quot;\\\/Presicce\\\/IMG_20220920_093440.jpg?bwg=1666451921&quot;,&quot;thumb_url&quot;:&quot;\\\/Presicce\\\/thumb\\\/IMG_20220920_093440.jpg?bwg=1666451921&quot;,&quot;redirect_url&quot;:&quot;&quot;,&quot;date&quot;:&quot;2022-10-22 14:04:47&quot;,&quot;is_embed&quot;:false,&quot;is_embed_video&quot;:false,&quot;thumb_width&quot;:&quot;375.00&quot;,&quot;thumb_height&quot;:&quot;500.00&quot;},{&quot;id&quot;:&quot;730&quot;,&quot;alt&quot;:&quot;Chiesa-e-colonna-S.Andrea.Presicce , reportage fotografico Sara Foti Sciavaliere&quot;,&quot;description&quot;:&quot;&amp;lt;br \\\/&amp;gt;&quot;,&quot;filetype&quot;:&quot;jpg&quot;,&quot;filename&quot;:&quot;Chiesa-e-colonna-S.Andrea.Presicce_IMG_20220920_092757&quot;,&quot;image_url&quot;:&quot;\\\/Presicce\\\/Chiesa-e-colonna-S.Andrea.Presicce_IMG_20220920_092757.jpg?bwg=1666451921&quot;,&quot;thumb_url&quot;:&quot;\\\/Presicce\\\/thumb\\\/Chiesa-e-colonna-S.Andrea.Presicce_IMG_20220920_092757.jpg?bwg=1666451921&quot;,&quot;redirect_url&quot;:&quot;&quot;,&quot;date&quot;:&quot;2022-10-22 14:04:15&quot;,&quot;is_embed&quot;:false,&quot;is_embed_video&quot;:false,&quot;thumb_width&quot;:&quot;375.00&quot;,&quot;thumb_height&quot;:&quot;500.00&quot;},{&quot;id&quot;:&quot;731&quot;,&quot;alt&quot;:&quot;Presicce, reportage fotografico Sara Foti Sciavaliere&quot;,&quot;description&quot;:&quot; &amp;lt;br \\\/&amp;gt;&quot;,&quot;filetype&quot;:&quot;jpg&quot;,&quot;filename&quot;:&quot;1663964110498-1&quot;,&quot;image_url&quot;:&quot;\\\/Presicce\\\/1663964110498-1.jpg?bwg=1666451921&quot;,&quot;thumb_url&quot;:&quot;\\\/Presicce\\\/thumb\\\/1663964110498-1.jpg?bwg=1666451921&quot;,&quot;redirect_url&quot;:&quot;&quot;,&quot;date&quot;:&quot;2022-10-22 14:02:34&quot;,&quot;is_embed&quot;:false,&quot;is_embed_video&quot;:false,&quot;thumb_width&quot;:&quot;500.00&quot;,&quot;thumb_height&quot;:&quot;375.00&quot;}],&quot;width_or_height&quot;:&quot;width&quot;,&quot;filmstrip_thumb_margin_hor&quot;:2,&quot;left_or_top&quot;:&quot;left&quot;,&quot;outerWidth_or_outerHeight&quot;:&quot;outerWidth&quot;,&quot;enable_slideshow_shuffle&quot;:&quot;0&quot;,&quot;lightbox_filmstrip_thumb_border_width&quot;:&quot;1&quot;,&quot;thumb_click_action&quot;:&quot;open_lightbox&quot;,&quot;thumb_link_target&quot;:&quot;1&quot;,&quot;upload_url&quot;:&quot;https:\\\/\\\/arteeluoghi.it\\\/wp-content\\\/uploads\\\/photo-gallery&quot;,&quot;preload_images&quot;:&quot;1&quot;,&quot;slideshow_effect&quot;:&quot;fade&quot;,&quot;event_stack&quot;:&quot;&quot;,&quot;preload_images_count&quot;:10,&quot;image_width&quot;:&quot;800&quot;,&quot;image_height&quot;:&quot;500&quot;,&quot;thumb_width&quot;:&quot;250&quot;,&quot;thumb_height&quot;:&quot;140&quot;,&quot;filmstrip_direction&quot;:&quot;horizontal&quot;,&quot;slideshow_filmstrip_type&quot;:1,&quot;slideshow_thumbnails_count&quot;:5,&quot;slideshow_filmstrip_width&quot;:161,&quot;slideshow_filmstrip_height&quot;:&quot;90&quot;,&quot;slideshow_filmstrip_rl_btn_size&quot;:&quot;20&quot;,&quot;slideshow_play_pause_btn_size&quot;:&quot;60&quot;,&quot;watermark_type&quot;:&quot;90&quot;,&quot;watermark_height&quot;:&quot;90&quot;,&quot;watermark_font_size&quot;:&quot;20&quot;,&quot;slideshow_title_font_size&quot;:&quot;16&quot;,&quot;slideshow_description_font_size&quot;:&quot;14&quot;,&quot;bwg_playInterval&quot;:&quot;&quot;,&quot;slideshow_interval&quot;:5,&quot;image_right_click&quot;:&quot;0&quot;,&quot;enable_slideshow_autoplay&quot;:&quot;0&quot;,&quot;enable_slideshow_music&quot;:&quot;0&quot;,&quot;bwg_current_filmstrip_pos&quot;:0}'         data-filmstrip-position=\"top\"         data-filmstrip-size=\"90\">      <div class=\"bwg_slide_container_0\">        <div class=\"bwg_slide_bg_0\">          <div class=\"bwg_slider_0\">                            <span class=\"bwg_slideshow_image_spun_0\" id=\"image_id_0_722\">                    <span class=\"bwg_slideshow_image_spun1_0\">                      <span class=\"bwg_slideshow_image_spun2_0\">                                                  <a  class=\"bwg-a bwg_lightbox\" href=\"https:\/\/arteeluoghi.it\/wp-content\/uploads\/photo-gallery\/Presicce\/1663964468298.jpg?bwg=1666451921\" data-image-id=\"722\" data-elementor-open-lightbox=\"no\">                          <img id=\"bwg_slideshow_image_0\"                               class=\"skip-lazy bwg_slide bwg_slideshow_image_0 \"                               src=\"https:\/\/arteeluoghi.it\/wp-content\/uploads\/photo-gallery\/Presicce\/1663964468298.jpg?bwg=1666451921\"                               data-src=\"https:\/\/arteeluoghi.it\/wp-content\/uploads\/photo-gallery\/Presicce\/1663964468298.jpg?bwg=1666451921\"                               image_id=\"722\"                               alt=\"Presicce, reportage fotografico Sara Foti Sciavaliere\" \/>                          <\/a>                                                <\/span>                    <\/span>                  <\/span>                <span class=\"bwg_slideshow_image_second_spun_0\">                  <\/span>                <input type=\"hidden\" id=\"bwg_current_image_key_0\" value=\"0\" \/>                          <\/div>        <\/div>      <\/div>              <a class=\"bwg-a\" id=\"spider_slideshow_left_0\" onclick=\"bwg_change_image(parseInt(jQuery('#bwg_current_image_key_0').val()), (parseInt(jQuery('#bwg_current_image_key_0').val()) + 10 - bwg_iterator(0)) % 10, '', '', 0); return false;\"><span id=\"spider_slideshow_left-ico_0\"><span><i class=\"bwg-icon-chevron-left bwg_slideshow_prev_btn_0\"><\/i><\/span><\/span><\/a>        <span id=\"bwg_slideshow_play_pause_0\" class=\"bwg_slideshow_play_pause\" style=\"display: ;\"><span><span id=\"bwg_slideshow_play_pause-ico_0\"><i class=\"bwg-icon-play bwg_ctrl_btn_0 bwg_slideshow_play_pause_0\"><\/i><\/span><\/span><\/span>        <a class=\"bwg-a\" id=\"spider_slideshow_right_0\" onclick=\"bwg_change_image(parseInt(jQuery('#bwg_current_image_key_0').val()), (parseInt(jQuery('#bwg_current_image_key_0').val()) + bwg_iterator(0)) % 10, '', '', 0); return false;\"><span id=\"spider_slideshow_right-ico_0\"><span><i class=\"bwg-icon-chevron-right bwg_slideshow_next_btn_0\"><\/i><\/span><\/span><\/a>            <\/div>      <\/div>            <\/div>        <\/form>        <style>          #bwg_container1_0 #bwg_container2_0 #spider_popup_overlay_0 {          background-color: #000000;          opacity: 0.70;          }          <\/style>        <div id=\"bwg_spider_popup_loading_0\" class=\"bwg_spider_popup_loading\"><\/div>        <div id=\"spider_popup_overlay_0\" class=\"spider_popup_overlay\" onclick=\"spider_destroypopup(1000)\"><\/div>        <input type=\"hidden\" id=\"bwg_random_seed_0\" value=\"131307201\">                <\/div>    <\/div>    <script>      if (document.readyState === 'complete') {        if( typeof bwg_main_ready == 'function' ) {          if ( jQuery(\"#bwg_container1_0\").height() ) {            bwg_main_ready(jQuery(\"#bwg_container1_0\"));          }        }      } else {        document.addEventListener('DOMContentLoaded', function() {          if( typeof bwg_main_ready == 'function' ) {            if ( jQuery(\"#bwg_container1_0\").height() ) {             bwg_main_ready(jQuery(\"#bwg_container1_0\"));            }          }        });      }    <\/script>    \n\n\n\n<p>Un percorso a Presicce potrebbe iniziare da Piazza Villani, dove si erge la colonna di Sant\u2019Andrea, alla quale fa da sfondo il prospetto barocco della Chiesa Matrice intitolata al medesimo Apostolo e a Maria SS. Assunta in Cielo. Quest\u2019ultima fu costruita a partire dal 1778, sullo stesso sito della precedente chiesa del Cinquecento ritenuta non pi\u00f9 adeguata per la popolazione crescente e riedificata piuttosto in fretta, in circa diciotto mesi. \u00c8 un esempio di architettura tardo-barocca, che al suo interno conserva tele attribuite a noti autori locali quali il Catalano e Oronzo Tiso. L\u2019altare maggiore insieme alla balaustra e il fonte battesimale sono in marmi policromi e di fattura napoletana; gli elementi figurativi &#8211; angeli, cherubini e il bassorilievo del Santo Patrono &#8211; rimandano probabilmente alla bottega del celebre scultore Giuseppe Sanmartino, autore del \u201cCristo Velato\u201d della Cappella Sansevero a Napoli. Adiacente al braccio destro del transetto si trova l\u2019accesso a una cappella denominata \u201cchiesa dei morti\u201d per i numerosi i sepolcri ipogei che qui si trovavano, in uso fino alla fine dell\u2019Ottocento. Sulla parete di fondo della cappella un altare settecentesco in stucco sul quale \u00e8 collocato un prezioso ciborio ligneo policromo del Seicento; sui fianchi dell\u2019altare si aprono due porte che collegano a un ambiente (prossimo al sopravvissuto campanile del \u2018500) rilevato dai recenti interventi di restauro, mettendo in luce sia gli antichi fornici che connettevano ciascuna cappella alla navata centrale della chiesa matrice del Cinquecento, sia porzioni di affreschi e decorazioni pittoriche databili tra il XV e il XVI secolo.<br>Ritornando sulla piazza, lo spazio \u00e8 in ampia parte assorbito dal grande basamento ornato da fregi e mascheroni, sormontato dalla balaustra scolpita e quattro statue femminili (tre delle quali acefale) raffiguranti le virt\u00f9 cardinali; dal centro si slancia l\u2019alto fusto sormontato da un capitello corinzio su cui \u00e8 collocata la statua del Santo Patrono. Il riferimento a Sant\u2019Andrea in realt\u00e0, secondo la tradizione, si deve a una disgrazia capitata ai locali feudatari nel XVII secolo: nel 1616,di fatto, moriva a soli quattro anni il piccolo Andrea, primogenito del principe di Castellaneta, Francesco Bartilotti, e della baronessa Maria Cyto Moles, che vivevano nel castello del barone di Presicce, e il principe Bartilotti fece erigere la colonna votiva a Sant\u2019Andrea Apostolo in memoria del figlio morto. La statua del santo guarda verso via Michele Arditi, forse perch\u00e9 in quella direzione, a circa un chilometro dal centro, sorge la cinquecentesca Chiesa di S.Maria degli Angeli insieme all\u2019ex convento dei Padri Riformati, ubicati ai piedi della serra di Pozzomauro, uno dei casali vicini, poi abbandonati e dai quali Presicce pare prenda origine.<br>E proprio via M.Arditi (un tempo via Sant\u2019Anna) \u00e8 una delle strade gentilizie del borgo, con i suoi nobili palazzi costruiti tra la fine del XVI secolo e quella del XIX secolo. Tra gli edifici che costeggiano la strada ricordiamo palazzo Arditi, casa natale del celebre Michele Arditi &#8211; giureconsulto, archeologo, scienziato, musicista, e soprattutto fondatore del Museo Archeologico di Napoli &#8211; (al quale non a caso \u00e8 intitolata la via) e la pertinente cappella settecentesca di gusto rococ\u00f2 dedicata a \u201cMaria SS. e S.Giuseppe della Fuga in Egitto\u201d.<br>Se ci spostiamo invece sul lato opposto di Piazza Villani, si raggiunge Piazza del Popolo, passando accanto a Palazzo Alberti riconoscibile per le decorazioni floreali sulle maioliche di Vietri lungo il fregio del piano superiore. Sulla grande piazza si apre la massiccia struttura del Palazzo Ducale, testimonianza di quasi mille anni di storia con il suo palinsesto stratificato, eredit\u00e0 dei vari casati di principi e baroni che si sono succeduti. La prima fase edificativa \u00e8 relativa al fortilizio medievale, al quale segu\u00ec uno sviluppo tra il XVI e il XVII secolo che ingentil\u00ec gli aspri volumi con un\u2019ampia loggia sul lato occidentale, con i giardini pensili sul fronte meridionale che guarda la Chiesa Matrice ed edificando una nuova cappella palatina che affaccia sulla pubblica piazza; una terza fase si registra nel XVIII secolo quando vengono avviati i lavori di ristrutturazione del cortile del palazzo, realizzando un\u2019elegante quinta barocca e uno scalone a doppia rampa da raccordo con il piano nobile, e in seguito il pregevole portale d\u2019accesso ai giardini pensili che danno su Piazza Villani. Infine al XX secolo risalgono gli interventi di gusto eclettico del prospetto e l\u2019aggiunta di nuovi corpi di fabbrica.<br>Il palazzo ducale e la prospiciente piazza sono al centro di una vicenda misteriosa a tinte noir che risale al Seicento, ai tempi dei principi Bartilotti. Per tradizione questa famiglia \u00e8 accusata di aver esercitato forme tiranniche di signoria su Presicce e particolarmente crudele doveva essere stato Carlo Francesco Bartilotti, taccagno e amante del piacere e delle belle donne: si racconta che mentre era affacciato alla loggia del suo palazzo e assisteva divertito a uno spettacolo in maschera &#8211; da qui la credenza che si trattasse di Carnevale &#8211; fu ucciso da un colpo di fucile. L\u2019assassinio \u00e8 rimasto sempre una storia dalle tinte fosche, senza un certo movente n\u00e9 il riconoscimento del sicario a sua volta mascherato e che ha portato agli abitanti di Presicce l\u2019appellativo di \u201cmascarani\u201d (mascherati, appunto).<br>Da Piazza del Popolo ci si pu\u00f2 letteralmente perdersi tra vicoletti, stretti passaggi e piccole corti, imbattendosi quasi per caso nella statua del Padreterno che si erge nell\u2019omonimo slargo, e introdursi poi nel rione Corciuli. Portiamoci su via Gramsci e qui si potr\u00e0 raggiungere Casa Turrita, facilmente riconoscibile per la decorazione di facciata in bugnato a punta di diamante ed esempio di casa-torre del Cinquecento.<br>Girare per Presicce \u00e8 un viaggio nella storia e nell\u2019arte, suggestioni adottate dall\u2019artista leccese Marina Mancuso che ha contribuito al recupero del centro storico con la sua pittura, riqualificando angoli abbandonati all\u2019incuria e in degrado. Porte, serrande, cabine elettriche diventano le sue tele con figure femminili e i puttini che sembrano staccarsi dalle decorazioni delle chiese per abbellire le brutture della modernit\u00e0 degradata.<br>Non si pu\u00f2 per\u00f2 fare un giro a Presicce senza scendere nelle sue profondit\u00e0 e non visitare un \u201ctrappeto a grotta\u201d. Il borgo \u00e8 ormai noto come citt\u00e0 degli ipogei e dell\u2019olio proprio per il gran numero di tali strutture di sottosuolo destinate alla lavorazione delle olive: nel 1816 si arrivano a contare 23 frantoi ipogei. Si tratta di un complesso di trappeti che si sviluppa come a creare una parallela citt\u00e0 sotterranea, ancora in parte sconosciuta.<\/p>\n","protected":false},"excerpt":{"rendered":"<p>Dal 2011 \u00e8 tra i borghi pi\u00f9 belli d\u2019Italia con le sue cantine ingrottate, i frantoi ipogei il Castello e<\/p>\n","protected":false},"author":1,"featured_media":11868,"comment_status":"open","ping_status":"open","sticky":true,"template":"","format":"standard","meta":[],"categories":[18,8,43],"tags":[4448,4449,4452,4451,4453,4450,4041,4454],"yoast_head":"<!-- This site is optimized with the Yoast SEO plugin v18.0 - https:\/\/yoast.com\/wordpress\/plugins\/seo\/ -->\n<title>Presicce, il borgo dei \u201cmascarani\u201d | Arte e Luoghi<\/title>\n<meta name=\"description\" content=\"Dal 2011 \u00e8 tra i borghi pi\u00f9 belli d\u2019Italia con le sue cantine ingrottate, i frantoi ipogei il Castello e i palazzi gentilizi\" \/>\n<meta name=\"robots\" content=\"index, follow, max-snippet:-1, max-image-preview:large, max-video-preview:-1\" \/>\n<link rel=\"canonical\" href=\"https:\/\/arteeluoghi.it\/index.php\/2022\/11\/01\/presicce-il-borgo-dei-mascarani\/\" \/>\n<meta property=\"og:locale\" content=\"it_IT\" \/>\n<meta property=\"og:type\" content=\"article\" \/>\n<meta property=\"og:title\" content=\"Presicce, il borgo dei \u201cmascarani\u201d | Arte e Luoghi\" \/>\n<meta property=\"og:description\" content=\"Dal 2011 \u00e8 tra i borghi pi\u00f9 belli d\u2019Italia con le sue cantine ingrottate, i frantoi ipogei il Castello e i palazzi gentilizi\" \/>\n<meta property=\"og:url\" content=\"https:\/\/arteeluoghi.it\/index.php\/2022\/11\/01\/presicce-il-borgo-dei-mascarani\/\" \/>\n<meta property=\"og:site_name\" content=\"Arte e Luoghi\" \/>\n<meta property=\"article:publisher\" content=\"https:\/\/www.facebook.com\/ArteELuoghi\/\" \/>\n<meta property=\"article:published_time\" content=\"2022-11-01T14:57:00+00:00\" \/>\n<meta property=\"article:modified_time\" content=\"2022-10-22T17:34:57+00:00\" \/>\n<meta property=\"og:image\" content=\"https:\/\/arteeluoghi.it\/wp-content\/uploads\/2022\/10\/1663964110573-1-scaled.jpg\" \/>\n\t<meta property=\"og:image:width\" content=\"2560\" \/>\n\t<meta property=\"og:image:height\" content=\"1920\" \/>\n\t<meta property=\"og:image:type\" content=\"image\/jpeg\" \/>\n<meta name=\"twitter:card\" content=\"summary\" \/>\n<meta name=\"twitter:creator\" content=\"@arteeluoghi\" \/>\n<meta name=\"twitter:site\" content=\"@arteeluoghi\" \/>\n<meta name=\"twitter:label1\" content=\"Scritto da\" \/>\n\t<meta name=\"twitter:data1\" content=\"Staff\" \/>\n\t<meta name=\"twitter:label2\" content=\"Tempo di lettura stimato\" \/>\n\t<meta name=\"twitter:data2\" content=\"7 minuti\" \/>\n<script type=\"application\/ld+json\" class=\"yoast-schema-graph\">{\"@context\":\"https:\/\/schema.org\",\"@graph\":[{\"@type\":\"Organization\",\"@id\":\"https:\/\/arteeluoghi.it\/#organization\",\"name\":\"Arte e Luoghi\",\"url\":\"https:\/\/arteeluoghi.it\/\",\"sameAs\":[\"https:\/\/www.facebook.com\/ArteELuoghi\/\",\"https:\/\/www.instagram.com\/arteeluoghi\/?hl=it\",\"https:\/\/www.youtube.com\/channel\/UCuRVc4JW4-C5sg9rQB-srkw?view_as=subscriber\",\"https:\/\/twitter.com\/arteeluoghi\"],\"logo\":{\"@type\":\"ImageObject\",\"@id\":\"https:\/\/arteeluoghi.it\/#logo\",\"inLanguage\":\"it-IT\",\"url\":\"https:\/\/arteeluoghi.it\/wp-content\/uploads\/2018\/08\/logoinstagramarte.jpg\",\"contentUrl\":\"https:\/\/arteeluoghi.it\/wp-content\/uploads\/2018\/08\/logoinstagramarte.jpg\",\"width\":150,\"height\":150,\"caption\":\"Arte e Luoghi\"},\"image\":{\"@id\":\"https:\/\/arteeluoghi.it\/#logo\"}},{\"@type\":\"WebSite\",\"@id\":\"https:\/\/arteeluoghi.it\/#website\",\"url\":\"https:\/\/arteeluoghi.it\/\",\"name\":\"Arte e Luoghi\",\"description\":\"Mensile di arte, cultura, turismo e curiosit\u00e0\",\"publisher\":{\"@id\":\"https:\/\/arteeluoghi.it\/#organization\"},\"potentialAction\":[{\"@type\":\"SearchAction\",\"target\":{\"@type\":\"EntryPoint\",\"urlTemplate\":\"https:\/\/arteeluoghi.it\/?s={search_term_string}\"},\"query-input\":\"required name=search_term_string\"}],\"inLanguage\":\"it-IT\"},{\"@type\":\"ImageObject\",\"@id\":\"https:\/\/arteeluoghi.it\/index.php\/2022\/11\/01\/presicce-il-borgo-dei-mascarani\/#primaryimage\",\"inLanguage\":\"it-IT\",\"url\":\"https:\/\/arteeluoghi.it\/wp-content\/uploads\/2022\/10\/1663964110573-1-scaled.jpg\",\"contentUrl\":\"https:\/\/arteeluoghi.it\/wp-content\/uploads\/2022\/10\/1663964110573-1-scaled.jpg\",\"width\":2560,\"height\":1920},{\"@type\":\"WebPage\",\"@id\":\"https:\/\/arteeluoghi.it\/index.php\/2022\/11\/01\/presicce-il-borgo-dei-mascarani\/#webpage\",\"url\":\"https:\/\/arteeluoghi.it\/index.php\/2022\/11\/01\/presicce-il-borgo-dei-mascarani\/\",\"name\":\"Presicce, il borgo dei \u201cmascarani\u201d | Arte e Luoghi\",\"isPartOf\":{\"@id\":\"https:\/\/arteeluoghi.it\/#website\"},\"primaryImageOfPage\":{\"@id\":\"https:\/\/arteeluoghi.it\/index.php\/2022\/11\/01\/presicce-il-borgo-dei-mascarani\/#primaryimage\"},\"datePublished\":\"2022-11-01T14:57:00+00:00\",\"dateModified\":\"2022-10-22T17:34:57+00:00\",\"description\":\"Dal 2011 \u00e8 tra i borghi pi\u00f9 belli d\u2019Italia con le sue cantine ingrottate, i frantoi ipogei il Castello e i palazzi gentilizi\",\"breadcrumb\":{\"@id\":\"https:\/\/arteeluoghi.it\/index.php\/2022\/11\/01\/presicce-il-borgo-dei-mascarani\/#breadcrumb\"},\"inLanguage\":\"it-IT\",\"potentialAction\":[{\"@type\":\"ReadAction\",\"target\":[\"https:\/\/arteeluoghi.it\/index.php\/2022\/11\/01\/presicce-il-borgo-dei-mascarani\/\"]}]},{\"@type\":\"BreadcrumbList\",\"@id\":\"https:\/\/arteeluoghi.it\/index.php\/2022\/11\/01\/presicce-il-borgo-dei-mascarani\/#breadcrumb\",\"itemListElement\":[{\"@type\":\"ListItem\",\"position\":1,\"name\":\"Home\",\"item\":\"https:\/\/arteeluoghi.it\/\"},{\"@type\":\"ListItem\",\"position\":2,\"name\":\"Presicce, il borgo dei \u201cmascarani\u201d\"}]},{\"@type\":\"Article\",\"@id\":\"https:\/\/arteeluoghi.it\/index.php\/2022\/11\/01\/presicce-il-borgo-dei-mascarani\/#article\",\"isPartOf\":{\"@id\":\"https:\/\/arteeluoghi.it\/index.php\/2022\/11\/01\/presicce-il-borgo-dei-mascarani\/#webpage\"},\"author\":{\"@id\":\"https:\/\/arteeluoghi.it\/#\/schema\/person\/f84e814e36e91e01448ee07eaadd41d4\"},\"headline\":\"Presicce, il borgo dei \u201cmascarani\u201d\",\"datePublished\":\"2022-11-01T14:57:00+00:00\",\"dateModified\":\"2022-10-22T17:34:57+00:00\",\"mainEntityOfPage\":{\"@id\":\"https:\/\/arteeluoghi.it\/index.php\/2022\/11\/01\/presicce-il-borgo-dei-mascarani\/#webpage\"},\"wordCount\":1333,\"commentCount\":0,\"publisher\":{\"@id\":\"https:\/\/arteeluoghi.it\/#organization\"},\"image\":{\"@id\":\"https:\/\/arteeluoghi.it\/index.php\/2022\/11\/01\/presicce-il-borgo-dei-mascarani\/#primaryimage\"},\"thumbnailUrl\":\"https:\/\/arteeluoghi.it\/wp-content\/uploads\/2022\/10\/1663964110573-1-scaled.jpg\",\"keywords\":[\"borghi pi\u00f9 belli d&#039;Italia\",\"frantoi\",\"frantoi ipogei\",\"mascarani\",\"olio\",\"palazzi gentilizi\",\"Presicce\",\"trappeto\"],\"articleSection\":[\"architettura\",\"LUOGHI\",\"Storie. L'uomo e il territorio\"],\"inLanguage\":\"it-IT\",\"potentialAction\":[{\"@type\":\"CommentAction\",\"name\":\"Comment\",\"target\":[\"https:\/\/arteeluoghi.it\/index.php\/2022\/11\/01\/presicce-il-borgo-dei-mascarani\/#respond\"]}]},{\"@type\":\"Person\",\"@id\":\"https:\/\/arteeluoghi.it\/#\/schema\/person\/f84e814e36e91e01448ee07eaadd41d4\",\"name\":\"Staff\",\"image\":{\"@type\":\"ImageObject\",\"@id\":\"https:\/\/arteeluoghi.it\/#personlogo\",\"inLanguage\":\"it-IT\",\"url\":\"https:\/\/secure.gravatar.com\/avatar\/49d2f9e46271bb04e19cebfaf141313a?s=96&d=blank&r=g\",\"contentUrl\":\"https:\/\/secure.gravatar.com\/avatar\/49d2f9e46271bb04e19cebfaf141313a?s=96&d=blank&r=g\",\"caption\":\"Staff\"}}]}<\/script>\n<!-- \/ Yoast SEO plugin. -->","yoast_head_json":{"title":"Presicce, il borgo dei \u201cmascarani\u201d | Arte e Luoghi","description":"Dal 2011 \u00e8 tra i borghi pi\u00f9 belli d\u2019Italia con le sue cantine ingrottate, i frantoi ipogei il Castello e i palazzi gentilizi","robots":{"index":"index","follow":"follow","max-snippet":"max-snippet:-1","max-image-preview":"max-image-preview:large","max-video-preview":"max-video-preview:-1"},"canonical":"https:\/\/arteeluoghi.it\/index.php\/2022\/11\/01\/presicce-il-borgo-dei-mascarani\/","og_locale":"it_IT","og_type":"article","og_title":"Presicce, il borgo dei \u201cmascarani\u201d | Arte e Luoghi","og_description":"Dal 2011 \u00e8 tra i borghi pi\u00f9 belli d\u2019Italia con le sue cantine ingrottate, i frantoi ipogei il Castello e i palazzi gentilizi","og_url":"https:\/\/arteeluoghi.it\/index.php\/2022\/11\/01\/presicce-il-borgo-dei-mascarani\/","og_site_name":"Arte e Luoghi","article_publisher":"https:\/\/www.facebook.com\/ArteELuoghi\/","article_published_time":"2022-11-01T14:57:00+00:00","article_modified_time":"2022-10-22T17:34:57+00:00","og_image":[{"width":2560,"height":1920,"url":"https:\/\/arteeluoghi.it\/wp-content\/uploads\/2022\/10\/1663964110573-1-scaled.jpg","type":"image\/jpeg"}],"twitter_card":"summary","twitter_creator":"@arteeluoghi","twitter_site":"@arteeluoghi","twitter_misc":{"Scritto da":"Staff","Tempo di lettura stimato":"7 minuti"},"schema":{"@context":"https:\/\/schema.org","@graph":[{"@type":"Organization","@id":"https:\/\/arteeluoghi.it\/#organization","name":"Arte e Luoghi","url":"https:\/\/arteeluoghi.it\/","sameAs":["https:\/\/www.facebook.com\/ArteELuoghi\/","https:\/\/www.instagram.com\/arteeluoghi\/?hl=it","https:\/\/www.youtube.com\/channel\/UCuRVc4JW4-C5sg9rQB-srkw?view_as=subscriber","https:\/\/twitter.com\/arteeluoghi"],"logo":{"@type":"ImageObject","@id":"https:\/\/arteeluoghi.it\/#logo","inLanguage":"it-IT","url":"https:\/\/arteeluoghi.it\/wp-content\/uploads\/2018\/08\/logoinstagramarte.jpg","contentUrl":"https:\/\/arteeluoghi.it\/wp-content\/uploads\/2018\/08\/logoinstagramarte.jpg","width":150,"height":150,"caption":"Arte e Luoghi"},"image":{"@id":"https:\/\/arteeluoghi.it\/#logo"}},{"@type":"WebSite","@id":"https:\/\/arteeluoghi.it\/#website","url":"https:\/\/arteeluoghi.it\/","name":"Arte e Luoghi","description":"Mensile di arte, cultura, turismo e curiosit\u00e0","publisher":{"@id":"https:\/\/arteeluoghi.it\/#organization"},"potentialAction":[{"@type":"SearchAction","target":{"@type":"EntryPoint","urlTemplate":"https:\/\/arteeluoghi.it\/?s={search_term_string}"},"query-input":"required name=search_term_string"}],"inLanguage":"it-IT"},{"@type":"ImageObject","@id":"https:\/\/arteeluoghi.it\/index.php\/2022\/11\/01\/presicce-il-borgo-dei-mascarani\/#primaryimage","inLanguage":"it-IT","url":"https:\/\/arteeluoghi.it\/wp-content\/uploads\/2022\/10\/1663964110573-1-scaled.jpg","contentUrl":"https:\/\/arteeluoghi.it\/wp-content\/uploads\/2022\/10\/1663964110573-1-scaled.jpg","width":2560,"height":1920},{"@type":"WebPage","@id":"https:\/\/arteeluoghi.it\/index.php\/2022\/11\/01\/presicce-il-borgo-dei-mascarani\/#webpage","url":"https:\/\/arteeluoghi.it\/index.php\/2022\/11\/01\/presicce-il-borgo-dei-mascarani\/","name":"Presicce, il borgo dei \u201cmascarani\u201d | Arte e Luoghi","isPartOf":{"@id":"https:\/\/arteeluoghi.it\/#website"},"primaryImageOfPage":{"@id":"https:\/\/arteeluoghi.it\/index.php\/2022\/11\/01\/presicce-il-borgo-dei-mascarani\/#primaryimage"},"datePublished":"2022-11-01T14:57:00+00:00","dateModified":"2022-10-22T17:34:57+00:00","description":"Dal 2011 \u00e8 tra i borghi pi\u00f9 belli d\u2019Italia con le sue cantine ingrottate, i frantoi ipogei il Castello e i palazzi gentilizi","breadcrumb":{"@id":"https:\/\/arteeluoghi.it\/index.php\/2022\/11\/01\/presicce-il-borgo-dei-mascarani\/#breadcrumb"},"inLanguage":"it-IT","potentialAction":[{"@type":"ReadAction","target":["https:\/\/arteeluoghi.it\/index.php\/2022\/11\/01\/presicce-il-borgo-dei-mascarani\/"]}]},{"@type":"BreadcrumbList","@id":"https:\/\/arteeluoghi.it\/index.php\/2022\/11\/01\/presicce-il-borgo-dei-mascarani\/#breadcrumb","itemListElement":[{"@type":"ListItem","position":1,"name":"Home","item":"https:\/\/arteeluoghi.it\/"},{"@type":"ListItem","position":2,"name":"Presicce, il borgo dei \u201cmascarani\u201d"}]},{"@type":"Article","@id":"https:\/\/arteeluoghi.it\/index.php\/2022\/11\/01\/presicce-il-borgo-dei-mascarani\/#article","isPartOf":{"@id":"https:\/\/arteeluoghi.it\/index.php\/2022\/11\/01\/presicce-il-borgo-dei-mascarani\/#webpage"},"author":{"@id":"https:\/\/arteeluoghi.it\/#\/schema\/person\/f84e814e36e91e01448ee07eaadd41d4"},"headline":"Presicce, il borgo dei \u201cmascarani\u201d","datePublished":"2022-11-01T14:57:00+00:00","dateModified":"2022-10-22T17:34:57+00:00","mainEntityOfPage":{"@id":"https:\/\/arteeluoghi.it\/index.php\/2022\/11\/01\/presicce-il-borgo-dei-mascarani\/#webpage"},"wordCount":1333,"commentCount":0,"publisher":{"@id":"https:\/\/arteeluoghi.it\/#organization"},"image":{"@id":"https:\/\/arteeluoghi.it\/index.php\/2022\/11\/01\/presicce-il-borgo-dei-mascarani\/#primaryimage"},"thumbnailUrl":"https:\/\/arteeluoghi.it\/wp-content\/uploads\/2022\/10\/1663964110573-1-scaled.jpg","keywords":["borghi pi\u00f9 belli d&#039;Italia","frantoi","frantoi ipogei","mascarani","olio","palazzi gentilizi","Presicce","trappeto"],"articleSection":["architettura","LUOGHI","Storie. L'uomo e il territorio"],"inLanguage":"it-IT","potentialAction":[{"@type":"CommentAction","name":"Comment","target":["https:\/\/arteeluoghi.it\/index.php\/2022\/11\/01\/presicce-il-borgo-dei-mascarani\/#respond"]}]},{"@type":"Person","@id":"https:\/\/arteeluoghi.it\/#\/schema\/person\/f84e814e36e91e01448ee07eaadd41d4","name":"Staff","image":{"@type":"ImageObject","@id":"https:\/\/arteeluoghi.it\/#personlogo","inLanguage":"it-IT","url":"https:\/\/secure.gravatar.com\/avatar\/49d2f9e46271bb04e19cebfaf141313a?s=96&d=blank&r=g","contentUrl":"https:\/\/secure.gravatar.com\/avatar\/49d2f9e46271bb04e19cebfaf141313a?s=96&d=blank&r=g","caption":"Staff"}}]}},"_links":{"self":[{"href":"https:\/\/arteeluoghi.it\/index.php\/wp-json\/wp\/v2\/posts\/11867"}],"collection":[{"href":"https:\/\/arteeluoghi.it\/index.php\/wp-json\/wp\/v2\/posts"}],"about":[{"href":"https:\/\/arteeluoghi.it\/index.php\/wp-json\/wp\/v2\/types\/post"}],"author":[{"embeddable":true,"href":"https:\/\/arteeluoghi.it\/index.php\/wp-json\/wp\/v2\/users\/1"}],"replies":[{"embeddable":true,"href":"https:\/\/arteeluoghi.it\/index.php\/wp-json\/wp\/v2\/comments?post=11867"}],"version-history":[{"count":2,"href":"https:\/\/arteeluoghi.it\/index.php\/wp-json\/wp\/v2\/posts\/11867\/revisions"}],"predecessor-version":[{"id":11871,"href":"https:\/\/arteeluoghi.it\/index.php\/wp-json\/wp\/v2\/posts\/11867\/revisions\/11871"}],"wp:featuredmedia":[{"embeddable":true,"href":"https:\/\/arteeluoghi.it\/index.php\/wp-json\/wp\/v2\/media\/11868"}],"wp:attachment":[{"href":"https:\/\/arteeluoghi.it\/index.php\/wp-json\/wp\/v2\/media?parent=11867"}],"wp:term":[{"taxonomy":"category","embeddable":true,"href":"https:\/\/arteeluoghi.it\/index.php\/wp-json\/wp\/v2\/categories?post=11867"},{"taxonomy":"post_tag","embeddable":true,"href":"https:\/\/arteeluoghi.it\/index.php\/wp-json\/wp\/v2\/tags?post=11867"}],"curies":[{"name":"wp","href":"https:\/\/api.w.org\/{rel}","templated":true}]}}