{"id":11903,"date":"2022-11-01T20:34:00","date_gmt":"2022-11-01T19:34:00","guid":{"rendered":"https:\/\/arteeluoghi.it\/?p=11903"},"modified":"2022-10-24T21:04:58","modified_gmt":"2022-10-24T19:04:58","slug":"agesilao-flora-lartista-di-latiano","status":"publish","type":"post","link":"https:\/\/arteeluoghi.it\/index.php\/2022\/11\/01\/agesilao-flora-lartista-di-latiano\/","title":{"rendered":"Agesilao Flora, l&#8217;artista di Latiano"},"content":{"rendered":"\n<p><\/p>\n\n\n\n<blockquote class=\"wp-block-quote\"><p>Quest\u2019anno ricorrono i 70 anni dalla scomparsa di Agesilao Flora (Latiano 1863-Lecce 1952), illustratore, pittore cartapestaio<\/p><cite>Raffaele Polo<\/cite><\/blockquote>\n\n\n\n<p>Settanta anni fa, terminava la sua vita terrena Agesilao Flora. Sicuramente l&#8217;artista pi\u00f9 presente nelle dimore del Salento, dove la sua firma, in gentili caratteri liberty, campeggia su soffitti, volute, pareti, volte e coperture che esibiscono fresche immagini legate alla mitologia ma che Flora e la sua attivissima bottega, hanno fatto diventare il simbolo delle dimore dei benestanti borghesi che adornano, con il suo acume pittorico, gli angoli pi\u00f9 in vista, di rappresentanza, della propria residenza. <\/p>\n\n\n\n<!--more-->\n\n\n\n<p>Flora, insomma, certifica, grazie alle sue ariose composizioni, tutto un periodo, a cavallo tra le due guerre mondiali, con le proprie velleit\u00e0 di eleganza e ricchezza figurativa, inserendo il carattere dell&#8217;epoca in un ricordo di classicismo che non guasta certo negli arredi e nelle stanze di ville, casini e abitazioni sovente pretenziose ma sempre protese verso quel &#8216;buon gusto&#8217; che non deve mancare, mai. Come tanti salentini che avevano la predisposizione per l&#8217;arte, anche Agesilao Flora si era trasferito, per qualche tempo, in una realt\u00e0 che potesse insegnargli qualcosa di pi\u00f9 approfondito. E, abbandonata temporaneamente la sua Latiano, \u00e8 approdato a Roma, dove ha affinato la sua naturale tendenza alle grandi composizioni ma anche agli ingegnosi giocattoli in cartapesta.<\/p>\n\n\n\n<figure class=\"wp-block-gallery columns-3 is-cropped\"><ul class=\"blocks-gallery-grid\"><li class=\"blocks-gallery-item\"><figure><img loading=\"lazy\" width=\"800\" height=\"600\" src=\"https:\/\/arteeluoghi.it\/wp-content\/uploads\/2022\/10\/saloneflora4.jpeg\" alt=\"\" data-id=\"11907\" data-full-url=\"https:\/\/arteeluoghi.it\/wp-content\/uploads\/2022\/10\/saloneflora4.jpeg\" data-link=\"https:\/\/arteeluoghi.it\/?attachment_id=11907\" class=\"wp-image-11907\" srcset=\"https:\/\/arteeluoghi.it\/wp-content\/uploads\/2022\/10\/saloneflora4.jpeg 800w, https:\/\/arteeluoghi.it\/wp-content\/uploads\/2022\/10\/saloneflora4-300x225.jpeg 300w, https:\/\/arteeluoghi.it\/wp-content\/uploads\/2022\/10\/saloneflora4-768x576.jpeg 768w\" sizes=\"(max-width: 800px) 100vw, 800px\" \/><\/figure><\/li><li class=\"blocks-gallery-item\"><figure><img loading=\"lazy\" width=\"600\" height=\"800\" src=\"https:\/\/arteeluoghi.it\/wp-content\/uploads\/2022\/10\/saloneflora3.jpeg\" alt=\"\" data-id=\"11906\" data-full-url=\"https:\/\/arteeluoghi.it\/wp-content\/uploads\/2022\/10\/saloneflora3.jpeg\" data-link=\"https:\/\/arteeluoghi.it\/?attachment_id=11906\" class=\"wp-image-11906\" srcset=\"https:\/\/arteeluoghi.it\/wp-content\/uploads\/2022\/10\/saloneflora3.jpeg 600w, https:\/\/arteeluoghi.it\/wp-content\/uploads\/2022\/10\/saloneflora3-225x300.jpeg 225w\" sizes=\"(max-width: 600px) 100vw, 600px\" \/><\/figure><\/li><li class=\"blocks-gallery-item\"><figure><img loading=\"lazy\" width=\"800\" height=\"600\" src=\"https:\/\/arteeluoghi.it\/wp-content\/uploads\/2022\/10\/salone_flora2.jpeg\" alt=\"\" data-id=\"11905\" data-full-url=\"https:\/\/arteeluoghi.it\/wp-content\/uploads\/2022\/10\/salone_flora2.jpeg\" data-link=\"https:\/\/arteeluoghi.it\/?attachment_id=11905\" class=\"wp-image-11905\" srcset=\"https:\/\/arteeluoghi.it\/wp-content\/uploads\/2022\/10\/salone_flora2.jpeg 800w, https:\/\/arteeluoghi.it\/wp-content\/uploads\/2022\/10\/salone_flora2-300x225.jpeg 300w, https:\/\/arteeluoghi.it\/wp-content\/uploads\/2022\/10\/salone_flora2-768x576.jpeg 768w\" sizes=\"(max-width: 800px) 100vw, 800px\" \/><\/figure><\/li><\/ul><figcaption class=\"blocks-gallery-caption\">Palazzo Imperiali, la Sala Flora decorata da affreschi del Maestro Agesilao Flora <br>(fonte: http:\/\/www.bibliotecalatiano.it\/<\/figcaption><\/figure>\n\n\n\n<div class=\"wp-block-image\"><figure class=\"alignleft size-large is-resized\"><img loading=\"lazy\" src=\"https:\/\/arteeluoghi.it\/wp-content\/uploads\/2022\/10\/salone_flora1.jpeg\" alt=\"\" class=\"wp-image-11904\" width=\"369\" height=\"492\" srcset=\"https:\/\/arteeluoghi.it\/wp-content\/uploads\/2022\/10\/salone_flora1.jpeg 600w, https:\/\/arteeluoghi.it\/wp-content\/uploads\/2022\/10\/salone_flora1-225x300.jpeg 225w\" sizes=\"(max-width: 369px) 100vw, 369px\" \/><figcaption>Palazzo Imperiali, la Sala Flora decorata da affreschi del Maestro Agesilao Flora<br>(fonte:http:\/\/www.bibliotecalatiano.it\/<\/figcaption><\/figure><\/div>\n\n\n\n<p><br>Difatti, nel giro di poco tempo (e siamo agli inizi del secolo scorso) la prestigiosa firma di &#8216;A.Flora&#8217; con l&#8217;anno della composizione a completare il sigillo, \u00e8 apparsa sempre pi\u00f9 frequentemente sui muri, sui soffitti, sulle pareti delle ville, delle case di campagna ma soprattutto dei palazzotti della buona borghesia salentina che da Gallipoli (sede scelta dal Flora per la sua prestigiosa &#8216;bottega&#8217;) a Nard\u00f2, fino al profondo Sud e al brindisino. Tutti, insomma, hanno fatto a gara per avere gli affreschi del bravo maestro che, inoltre, ha contribuito in maniera determinante alla diffusione di quelle bambole di cartapesta che poi il Guacci avr\u00e0 la capacit\u00e0 di pubblicizzare e rendere appetibili a livello nazionale.<br>Flora, con le sue immagini a met\u00e0 tra il mitologico e il gusto &#8216;liberty&#8217; cos\u00ec frequente nelle dimore della Capitale, impone una vera e propria moda nel Salento, lasciando il segno in quelle splendide strutture architettoniche con le volte alte e le stanze di grandi dimensioni che si susseguono quasi a seguire un filo conduttore che \u00e8 dato proprio dalle scelte pittoriche che Agesilao e i suoi collaboratori vanno scandendo in ogni dove.<br>Anche nella casa dei miei nonni paterni, ad Alezio, vi sono i soffitti affrescati da Flora; e, per tanto tempo, da bambino, sono stato a rimirare le pose classiche di quelle matrone, le volute affascinanti di quegli angeli rubicondi che adornavano gli stanzoni altrimenti troppo grandi, troppo vuoti della vetusta dimora.<br>Nei saloni destinati alle feste, soprattutto, quei ritrovi a base di rosolio e &#8216;bocche di dama&#8217;, di paste secche o profumo &#8216;Violetta di Parma&#8217;, il contorno, lo sfondo era immancabilmente quello realizzato da Agesilao Flora, con perizia e grande senso della gestione dello spazio.<br>Fu definito &#8216;cartapestaio socialista&#8217;: ed era un aggiunta prestigiosa alla sua principale scelta di arredatore di soffitti e pareti\u2026 Con lui la cartapesta fu utilizzata non solo per opere religiose ma fin\u00ec per diventare piacevole materiale destinato ad oggetti di compagnia\u2026<br>Per quel che riguarda il socialismo, poi, le tante iniziative che Flora ha gestito, a favore della societ\u00e0 in cui viveva, ne fanno un romantico precursore della idea socialista. Stemperata con la piacevole identit\u00e0 nella quale il maestro si incantava, nei quadri che, nei momenti di quiete, dipingeva e che rappresentavano la natura della sua terra, questa volta non filtrata da esigenze estetiche e di arredamento.<\/p>\n","protected":false},"excerpt":{"rendered":"<p>Quest\u2019anno ricorrono i 70 anni dalla scomparsa di Agesilao Flora (Latiano 1863-Lecce 1952), illustratore, pittore cartapestaio Raffaele Polo Settanta anni<\/p>\n","protected":false},"author":1,"featured_media":11907,"comment_status":"open","ping_status":"open","sticky":true,"template":"","format":"standard","meta":[],"categories":[27,3,6],"tags":[494,4465,3166,4340,133],"yoast_head":"<!-- This site is optimized with the Yoast SEO plugin v18.0 - https:\/\/yoast.com\/wordpress\/plugins\/seo\/ -->\n<title>Agesilao Flora, l&#039;artista di Latiano | Arte e Luoghi<\/title>\n<meta name=\"description\" content=\"Quest\u2019anno ricorrono i 70 anni dalla scomparsa di Agesilao Flora (Latiano 1863-Lecce 1952), illustratore, pittore cartapestaio\" \/>\n<meta name=\"robots\" content=\"index, follow, max-snippet:-1, max-image-preview:large, max-video-preview:-1\" \/>\n<link rel=\"canonical\" href=\"https:\/\/arteeluoghi.it\/index.php\/2022\/11\/01\/agesilao-flora-lartista-di-latiano\/\" \/>\n<meta property=\"og:locale\" content=\"it_IT\" \/>\n<meta property=\"og:type\" content=\"article\" \/>\n<meta property=\"og:title\" content=\"Agesilao Flora, l&#039;artista di Latiano | Arte e Luoghi\" \/>\n<meta property=\"og:description\" content=\"Quest\u2019anno ricorrono i 70 anni dalla scomparsa di Agesilao Flora (Latiano 1863-Lecce 1952), illustratore, pittore cartapestaio\" \/>\n<meta property=\"og:url\" content=\"https:\/\/arteeluoghi.it\/index.php\/2022\/11\/01\/agesilao-flora-lartista-di-latiano\/\" \/>\n<meta property=\"og:site_name\" content=\"Arte e Luoghi\" \/>\n<meta property=\"article:publisher\" content=\"https:\/\/www.facebook.com\/ArteELuoghi\/\" \/>\n<meta property=\"article:published_time\" content=\"2022-11-01T19:34:00+00:00\" \/>\n<meta property=\"article:modified_time\" content=\"2022-10-24T19:04:58+00:00\" \/>\n<meta property=\"og:image\" content=\"https:\/\/arteeluoghi.it\/wp-content\/uploads\/2022\/10\/saloneflora4.jpeg\" \/>\n\t<meta property=\"og:image:width\" content=\"800\" \/>\n\t<meta property=\"og:image:height\" content=\"600\" \/>\n\t<meta property=\"og:image:type\" content=\"image\/jpeg\" \/>\n<meta name=\"twitter:card\" content=\"summary\" \/>\n<meta name=\"twitter:creator\" content=\"@arteeluoghi\" \/>\n<meta name=\"twitter:site\" content=\"@arteeluoghi\" \/>\n<meta name=\"twitter:label1\" content=\"Scritto da\" \/>\n\t<meta name=\"twitter:data1\" content=\"Staff\" \/>\n\t<meta name=\"twitter:label2\" content=\"Tempo di lettura stimato\" \/>\n\t<meta name=\"twitter:data2\" content=\"5 minuti\" \/>\n<script type=\"application\/ld+json\" class=\"yoast-schema-graph\">{\"@context\":\"https:\/\/schema.org\",\"@graph\":[{\"@type\":\"Organization\",\"@id\":\"https:\/\/arteeluoghi.it\/#organization\",\"name\":\"Arte e Luoghi\",\"url\":\"https:\/\/arteeluoghi.it\/\",\"sameAs\":[\"https:\/\/www.facebook.com\/ArteELuoghi\/\",\"https:\/\/www.instagram.com\/arteeluoghi\/?hl=it\",\"https:\/\/www.youtube.com\/channel\/UCuRVc4JW4-C5sg9rQB-srkw?view_as=subscriber\",\"https:\/\/twitter.com\/arteeluoghi\"],\"logo\":{\"@type\":\"ImageObject\",\"@id\":\"https:\/\/arteeluoghi.it\/#logo\",\"inLanguage\":\"it-IT\",\"url\":\"https:\/\/arteeluoghi.it\/wp-content\/uploads\/2018\/08\/logoinstagramarte.jpg\",\"contentUrl\":\"https:\/\/arteeluoghi.it\/wp-content\/uploads\/2018\/08\/logoinstagramarte.jpg\",\"width\":150,\"height\":150,\"caption\":\"Arte e Luoghi\"},\"image\":{\"@id\":\"https:\/\/arteeluoghi.it\/#logo\"}},{\"@type\":\"WebSite\",\"@id\":\"https:\/\/arteeluoghi.it\/#website\",\"url\":\"https:\/\/arteeluoghi.it\/\",\"name\":\"Arte e Luoghi\",\"description\":\"Mensile di arte, cultura, turismo e curiosit\u00e0\",\"publisher\":{\"@id\":\"https:\/\/arteeluoghi.it\/#organization\"},\"potentialAction\":[{\"@type\":\"SearchAction\",\"target\":{\"@type\":\"EntryPoint\",\"urlTemplate\":\"https:\/\/arteeluoghi.it\/?s={search_term_string}\"},\"query-input\":\"required name=search_term_string\"}],\"inLanguage\":\"it-IT\"},{\"@type\":\"ImageObject\",\"@id\":\"https:\/\/arteeluoghi.it\/index.php\/2022\/11\/01\/agesilao-flora-lartista-di-latiano\/#primaryimage\",\"inLanguage\":\"it-IT\",\"url\":\"https:\/\/arteeluoghi.it\/wp-content\/uploads\/2022\/10\/saloneflora4.jpeg\",\"contentUrl\":\"https:\/\/arteeluoghi.it\/wp-content\/uploads\/2022\/10\/saloneflora4.jpeg\",\"width\":800,\"height\":600},{\"@type\":\"WebPage\",\"@id\":\"https:\/\/arteeluoghi.it\/index.php\/2022\/11\/01\/agesilao-flora-lartista-di-latiano\/#webpage\",\"url\":\"https:\/\/arteeluoghi.it\/index.php\/2022\/11\/01\/agesilao-flora-lartista-di-latiano\/\",\"name\":\"Agesilao Flora, l'artista di Latiano | Arte e Luoghi\",\"isPartOf\":{\"@id\":\"https:\/\/arteeluoghi.it\/#website\"},\"primaryImageOfPage\":{\"@id\":\"https:\/\/arteeluoghi.it\/index.php\/2022\/11\/01\/agesilao-flora-lartista-di-latiano\/#primaryimage\"},\"datePublished\":\"2022-11-01T19:34:00+00:00\",\"dateModified\":\"2022-10-24T19:04:58+00:00\",\"description\":\"Quest\u2019anno ricorrono i 70 anni dalla scomparsa di Agesilao Flora (Latiano 1863-Lecce 1952), illustratore, pittore cartapestaio\",\"breadcrumb\":{\"@id\":\"https:\/\/arteeluoghi.it\/index.php\/2022\/11\/01\/agesilao-flora-lartista-di-latiano\/#breadcrumb\"},\"inLanguage\":\"it-IT\",\"potentialAction\":[{\"@type\":\"ReadAction\",\"target\":[\"https:\/\/arteeluoghi.it\/index.php\/2022\/11\/01\/agesilao-flora-lartista-di-latiano\/\"]}]},{\"@type\":\"BreadcrumbList\",\"@id\":\"https:\/\/arteeluoghi.it\/index.php\/2022\/11\/01\/agesilao-flora-lartista-di-latiano\/#breadcrumb\",\"itemListElement\":[{\"@type\":\"ListItem\",\"position\":1,\"name\":\"Home\",\"item\":\"https:\/\/arteeluoghi.it\/\"},{\"@type\":\"ListItem\",\"position\":2,\"name\":\"Agesilao Flora, l&#8217;artista di Latiano\"}]},{\"@type\":\"Article\",\"@id\":\"https:\/\/arteeluoghi.it\/index.php\/2022\/11\/01\/agesilao-flora-lartista-di-latiano\/#article\",\"isPartOf\":{\"@id\":\"https:\/\/arteeluoghi.it\/index.php\/2022\/11\/01\/agesilao-flora-lartista-di-latiano\/#webpage\"},\"author\":{\"@id\":\"https:\/\/arteeluoghi.it\/#\/schema\/person\/f84e814e36e91e01448ee07eaadd41d4\"},\"headline\":\"Agesilao Flora, l&#8217;artista di Latiano\",\"datePublished\":\"2022-11-01T19:34:00+00:00\",\"dateModified\":\"2022-10-24T19:04:58+00:00\",\"mainEntityOfPage\":{\"@id\":\"https:\/\/arteeluoghi.it\/index.php\/2022\/11\/01\/agesilao-flora-lartista-di-latiano\/#webpage\"},\"wordCount\":637,\"commentCount\":0,\"publisher\":{\"@id\":\"https:\/\/arteeluoghi.it\/#organization\"},\"image\":{\"@id\":\"https:\/\/arteeluoghi.it\/index.php\/2022\/11\/01\/agesilao-flora-lartista-di-latiano\/#primaryimage\"},\"thumbnailUrl\":\"https:\/\/arteeluoghi.it\/wp-content\/uploads\/2022\/10\/saloneflora4.jpeg\",\"keywords\":[\"affreschi\",\"Agesilao Flora\",\"cartapesta\",\"Latiano\",\"pittura\"],\"articleSection\":[\"Arte\",\"Arti visive\",\"Scultura\"],\"inLanguage\":\"it-IT\",\"potentialAction\":[{\"@type\":\"CommentAction\",\"name\":\"Comment\",\"target\":[\"https:\/\/arteeluoghi.it\/index.php\/2022\/11\/01\/agesilao-flora-lartista-di-latiano\/#respond\"]}]},{\"@type\":\"Person\",\"@id\":\"https:\/\/arteeluoghi.it\/#\/schema\/person\/f84e814e36e91e01448ee07eaadd41d4\",\"name\":\"Staff\",\"image\":{\"@type\":\"ImageObject\",\"@id\":\"https:\/\/arteeluoghi.it\/#personlogo\",\"inLanguage\":\"it-IT\",\"url\":\"https:\/\/secure.gravatar.com\/avatar\/49d2f9e46271bb04e19cebfaf141313a?s=96&d=blank&r=g\",\"contentUrl\":\"https:\/\/secure.gravatar.com\/avatar\/49d2f9e46271bb04e19cebfaf141313a?s=96&d=blank&r=g\",\"caption\":\"Staff\"}}]}<\/script>\n<!-- \/ Yoast SEO plugin. -->","yoast_head_json":{"title":"Agesilao Flora, l'artista di Latiano | Arte e Luoghi","description":"Quest\u2019anno ricorrono i 70 anni dalla scomparsa di Agesilao Flora (Latiano 1863-Lecce 1952), illustratore, pittore cartapestaio","robots":{"index":"index","follow":"follow","max-snippet":"max-snippet:-1","max-image-preview":"max-image-preview:large","max-video-preview":"max-video-preview:-1"},"canonical":"https:\/\/arteeluoghi.it\/index.php\/2022\/11\/01\/agesilao-flora-lartista-di-latiano\/","og_locale":"it_IT","og_type":"article","og_title":"Agesilao Flora, l'artista di Latiano | Arte e Luoghi","og_description":"Quest\u2019anno ricorrono i 70 anni dalla scomparsa di Agesilao Flora (Latiano 1863-Lecce 1952), illustratore, pittore cartapestaio","og_url":"https:\/\/arteeluoghi.it\/index.php\/2022\/11\/01\/agesilao-flora-lartista-di-latiano\/","og_site_name":"Arte e Luoghi","article_publisher":"https:\/\/www.facebook.com\/ArteELuoghi\/","article_published_time":"2022-11-01T19:34:00+00:00","article_modified_time":"2022-10-24T19:04:58+00:00","og_image":[{"width":800,"height":600,"url":"https:\/\/arteeluoghi.it\/wp-content\/uploads\/2022\/10\/saloneflora4.jpeg","type":"image\/jpeg"}],"twitter_card":"summary","twitter_creator":"@arteeluoghi","twitter_site":"@arteeluoghi","twitter_misc":{"Scritto da":"Staff","Tempo di lettura stimato":"5 minuti"},"schema":{"@context":"https:\/\/schema.org","@graph":[{"@type":"Organization","@id":"https:\/\/arteeluoghi.it\/#organization","name":"Arte e Luoghi","url":"https:\/\/arteeluoghi.it\/","sameAs":["https:\/\/www.facebook.com\/ArteELuoghi\/","https:\/\/www.instagram.com\/arteeluoghi\/?hl=it","https:\/\/www.youtube.com\/channel\/UCuRVc4JW4-C5sg9rQB-srkw?view_as=subscriber","https:\/\/twitter.com\/arteeluoghi"],"logo":{"@type":"ImageObject","@id":"https:\/\/arteeluoghi.it\/#logo","inLanguage":"it-IT","url":"https:\/\/arteeluoghi.it\/wp-content\/uploads\/2018\/08\/logoinstagramarte.jpg","contentUrl":"https:\/\/arteeluoghi.it\/wp-content\/uploads\/2018\/08\/logoinstagramarte.jpg","width":150,"height":150,"caption":"Arte e Luoghi"},"image":{"@id":"https:\/\/arteeluoghi.it\/#logo"}},{"@type":"WebSite","@id":"https:\/\/arteeluoghi.it\/#website","url":"https:\/\/arteeluoghi.it\/","name":"Arte e Luoghi","description":"Mensile di arte, cultura, turismo e curiosit\u00e0","publisher":{"@id":"https:\/\/arteeluoghi.it\/#organization"},"potentialAction":[{"@type":"SearchAction","target":{"@type":"EntryPoint","urlTemplate":"https:\/\/arteeluoghi.it\/?s={search_term_string}"},"query-input":"required name=search_term_string"}],"inLanguage":"it-IT"},{"@type":"ImageObject","@id":"https:\/\/arteeluoghi.it\/index.php\/2022\/11\/01\/agesilao-flora-lartista-di-latiano\/#primaryimage","inLanguage":"it-IT","url":"https:\/\/arteeluoghi.it\/wp-content\/uploads\/2022\/10\/saloneflora4.jpeg","contentUrl":"https:\/\/arteeluoghi.it\/wp-content\/uploads\/2022\/10\/saloneflora4.jpeg","width":800,"height":600},{"@type":"WebPage","@id":"https:\/\/arteeluoghi.it\/index.php\/2022\/11\/01\/agesilao-flora-lartista-di-latiano\/#webpage","url":"https:\/\/arteeluoghi.it\/index.php\/2022\/11\/01\/agesilao-flora-lartista-di-latiano\/","name":"Agesilao Flora, l'artista di Latiano | Arte e Luoghi","isPartOf":{"@id":"https:\/\/arteeluoghi.it\/#website"},"primaryImageOfPage":{"@id":"https:\/\/arteeluoghi.it\/index.php\/2022\/11\/01\/agesilao-flora-lartista-di-latiano\/#primaryimage"},"datePublished":"2022-11-01T19:34:00+00:00","dateModified":"2022-10-24T19:04:58+00:00","description":"Quest\u2019anno ricorrono i 70 anni dalla scomparsa di Agesilao Flora (Latiano 1863-Lecce 1952), illustratore, pittore cartapestaio","breadcrumb":{"@id":"https:\/\/arteeluoghi.it\/index.php\/2022\/11\/01\/agesilao-flora-lartista-di-latiano\/#breadcrumb"},"inLanguage":"it-IT","potentialAction":[{"@type":"ReadAction","target":["https:\/\/arteeluoghi.it\/index.php\/2022\/11\/01\/agesilao-flora-lartista-di-latiano\/"]}]},{"@type":"BreadcrumbList","@id":"https:\/\/arteeluoghi.it\/index.php\/2022\/11\/01\/agesilao-flora-lartista-di-latiano\/#breadcrumb","itemListElement":[{"@type":"ListItem","position":1,"name":"Home","item":"https:\/\/arteeluoghi.it\/"},{"@type":"ListItem","position":2,"name":"Agesilao Flora, l&#8217;artista di Latiano"}]},{"@type":"Article","@id":"https:\/\/arteeluoghi.it\/index.php\/2022\/11\/01\/agesilao-flora-lartista-di-latiano\/#article","isPartOf":{"@id":"https:\/\/arteeluoghi.it\/index.php\/2022\/11\/01\/agesilao-flora-lartista-di-latiano\/#webpage"},"author":{"@id":"https:\/\/arteeluoghi.it\/#\/schema\/person\/f84e814e36e91e01448ee07eaadd41d4"},"headline":"Agesilao Flora, l&#8217;artista di Latiano","datePublished":"2022-11-01T19:34:00+00:00","dateModified":"2022-10-24T19:04:58+00:00","mainEntityOfPage":{"@id":"https:\/\/arteeluoghi.it\/index.php\/2022\/11\/01\/agesilao-flora-lartista-di-latiano\/#webpage"},"wordCount":637,"commentCount":0,"publisher":{"@id":"https:\/\/arteeluoghi.it\/#organization"},"image":{"@id":"https:\/\/arteeluoghi.it\/index.php\/2022\/11\/01\/agesilao-flora-lartista-di-latiano\/#primaryimage"},"thumbnailUrl":"https:\/\/arteeluoghi.it\/wp-content\/uploads\/2022\/10\/saloneflora4.jpeg","keywords":["affreschi","Agesilao Flora","cartapesta","Latiano","pittura"],"articleSection":["Arte","Arti visive","Scultura"],"inLanguage":"it-IT","potentialAction":[{"@type":"CommentAction","name":"Comment","target":["https:\/\/arteeluoghi.it\/index.php\/2022\/11\/01\/agesilao-flora-lartista-di-latiano\/#respond"]}]},{"@type":"Person","@id":"https:\/\/arteeluoghi.it\/#\/schema\/person\/f84e814e36e91e01448ee07eaadd41d4","name":"Staff","image":{"@type":"ImageObject","@id":"https:\/\/arteeluoghi.it\/#personlogo","inLanguage":"it-IT","url":"https:\/\/secure.gravatar.com\/avatar\/49d2f9e46271bb04e19cebfaf141313a?s=96&d=blank&r=g","contentUrl":"https:\/\/secure.gravatar.com\/avatar\/49d2f9e46271bb04e19cebfaf141313a?s=96&d=blank&r=g","caption":"Staff"}}]}},"_links":{"self":[{"href":"https:\/\/arteeluoghi.it\/index.php\/wp-json\/wp\/v2\/posts\/11903"}],"collection":[{"href":"https:\/\/arteeluoghi.it\/index.php\/wp-json\/wp\/v2\/posts"}],"about":[{"href":"https:\/\/arteeluoghi.it\/index.php\/wp-json\/wp\/v2\/types\/post"}],"author":[{"embeddable":true,"href":"https:\/\/arteeluoghi.it\/index.php\/wp-json\/wp\/v2\/users\/1"}],"replies":[{"embeddable":true,"href":"https:\/\/arteeluoghi.it\/index.php\/wp-json\/wp\/v2\/comments?post=11903"}],"version-history":[{"count":1,"href":"https:\/\/arteeluoghi.it\/index.php\/wp-json\/wp\/v2\/posts\/11903\/revisions"}],"predecessor-version":[{"id":11908,"href":"https:\/\/arteeluoghi.it\/index.php\/wp-json\/wp\/v2\/posts\/11903\/revisions\/11908"}],"wp:featuredmedia":[{"embeddable":true,"href":"https:\/\/arteeluoghi.it\/index.php\/wp-json\/wp\/v2\/media\/11907"}],"wp:attachment":[{"href":"https:\/\/arteeluoghi.it\/index.php\/wp-json\/wp\/v2\/media?parent=11903"}],"wp:term":[{"taxonomy":"category","embeddable":true,"href":"https:\/\/arteeluoghi.it\/index.php\/wp-json\/wp\/v2\/categories?post=11903"},{"taxonomy":"post_tag","embeddable":true,"href":"https:\/\/arteeluoghi.it\/index.php\/wp-json\/wp\/v2\/tags?post=11903"}],"curies":[{"name":"wp","href":"https:\/\/api.w.org\/{rel}","templated":true}]}}