{"id":11919,"date":"2022-10-01T21:49:00","date_gmt":"2022-10-01T19:49:00","guid":{"rendered":"https:\/\/arteeluoghi.it\/?p=11919"},"modified":"2022-10-29T21:52:32","modified_gmt":"2022-10-29T19:52:32","slug":"spoleto-jazz-festival","status":"publish","type":"post","link":"https:\/\/arteeluoghi.it\/index.php\/2022\/10\/01\/spoleto-jazz-festival\/","title":{"rendered":"Spoleto Jazz Festival"},"content":{"rendered":"\n<blockquote class=\"wp-block-quote\"><p>Al Teatro Caio Melisso &#8211; Spazio Carla Fendi, il 21 ottobre Matteo Mancuso, il 3 novembre Anthony Strong, il 18 novembre Jes\u00f9s Molina<\/p><\/blockquote>\n\n\n\n<p><\/p>\n\n\n\n<p>SPOLETO. Spoleto Jazz 2022\u201d punta sui giovani e per la terza edizione di concerto con Visioninmusica, con la direzione artistica di Silvia Alunni, programma tre imperdibili appuntamenti, tutti nel Teatro Caio Melisso &#8211; Spazio Carla Fendi, dal 21 ottobre al 18 novembre 2022.<\/p>\n\n\n\n<!--more-->\n\n\n\n<p><br>Si partir\u00e0 venerd\u00ec 21 ottobre (ore 21), con il fenomenale chitarrista palermitano Matteo Mancuso, con il suo Trio. Acclamato dalla critica e osannato da musicisti di fama mondiale quali Steve Vai, Al Di Meola, Joe Bonamassa e Stef Burns, Mancuso si \u00e8 rivelato un personaggio poliedrico che spazia dalla chitarra classica alla elettrica, sulla quale ha sviluppato una personale tecnica esecutiva interamente con le dita, che ne sottolinea l&#8217;originalit\u00e0. Con Riccardo Oliva al basso e Gianluca Pellerito alla batteria, Mancuso metter\u00e0 in mostra tutta la sua bravura, il suo talento e la sua abilit\u00e0 tecnica, muovendosi come sempre tra stili differenti: rock, fusion e blues elettrico. In repertorio presenter\u00e0 cover a lui vicine ma anche brani originali e inediti del prossimo disco d\u2019esordio in uscita entro la fine del 2022.<\/p>\n\n\n\n<figure class=\"wp-block-image size-large\"><img loading=\"lazy\" width=\"1024\" height=\"683\" src=\"https:\/\/arteeluoghi.it\/wp-content\/uploads\/2022\/10\/umbria-3686924_1920-1024x683.jpg\" alt=\"\" class=\"wp-image-11920\" srcset=\"https:\/\/arteeluoghi.it\/wp-content\/uploads\/2022\/10\/umbria-3686924_1920-1024x683.jpg 1024w, https:\/\/arteeluoghi.it\/wp-content\/uploads\/2022\/10\/umbria-3686924_1920-300x200.jpg 300w, https:\/\/arteeluoghi.it\/wp-content\/uploads\/2022\/10\/umbria-3686924_1920-768x512.jpg 768w, https:\/\/arteeluoghi.it\/wp-content\/uploads\/2022\/10\/umbria-3686924_1920-1536x1024.jpg 1536w, https:\/\/arteeluoghi.it\/wp-content\/uploads\/2022\/10\/umbria-3686924_1920.jpg 1920w\" sizes=\"(max-width: 1024px) 100vw, 1024px\" \/><figcaption>Il Teatro Caio Melisso  e il Duomo di Spoleto<\/figcaption><\/figure>\n\n\n\n<p><br>Gioved\u00ec 3 novembre (ore 21) sar\u00e0 la volta del Caio Melisso Anthony Strong, pianista e cantante londinese, un \u201cEnglish gentleman\u201d di altri tempi, dal fascino sobrio e dalla vocalit\u00e0 e stile inconfondibile. La passione degli inizi per Oscar Peterson, Bill Evans e Wynton Kelly lo ha condotto sulle orme di Frank Sinatra, Mel Torm\u00e9 e Nat King Cole. Artista dallo swinging style impeccabile, \u00e8 considerato la nuova superstar del mainstream jazz britannico. Anthony svolge dal 2012 un\u2019intensissima attivit\u00e0 live che lo ha portato a calcare i palchi pi\u00f9 prestigiosi d\u2019Europa. Si \u00e8 esibito in 26 paesi di 4 continenti, in prestigiosi contesti come il Centro Cultural de Bel\u00e9m di Lisbona, il festival francese Jazz in Marciac, il Marina Bay Sands di Singapore e il Litchfield Festival negli Stati Uniti e ha suonato con artisti come Michael Bolton, Marti Pellow, Beverley Knight e Kyle Eastwood e in ogni importante canale televisivo inglese.<br>Il Festival si concluder\u00e0 venerd\u00ec 18 novembre (ore 21), con il colombiano Jes\u00fas Molina con il suo quartetto interpreter\u00e0 un repertorio che spazia tra i brani di Chick Corea, John Coltrane e Dizzy Gillespie riproposti con suoi arrangiamenti insieme a pezzi in cui si potr\u00e0 apprezzare anche la sua voce da solista. Molina \u00e8 un artista di jazz contemporaneo, ma con sonorit\u00e0 Jazz moderne e gospel, che mescola sapientemente. Nel 2016 Molina ha ricevuto il prestigioso Latin Grammy Cultural Foundation Awards ed \u00e8, a oggi, una delle stelle nascenti della scena jazz internazionale. Seppur giovanissimo ha condiviso il palco con alcuni dei pi\u00f9 grandi musicisti del settore come Jordan Rudess, Noel Schajris, Marco Minnemann, Rudy Perez, Eric Marienthal, Gabriela Soto, Randy Brecker, Carlitos del puerto, Randy Waldman, Zedd, Jesus Adrian Romero, John Patitucci. A soli 26 anni l\u2019artista ha firmato cinque album e &#8216;Agape&#8217; \u00e8 l\u2019ultimo lavoro pubblicato.<br>I biglietti, al costo di 15 Euro intero e 12 Euro ridotto, con possibilit\u00e0 di abbonamento a 30 Euro, sono gi\u00e0 in vendita sul circuito Vivaticket.<\/p>\n","protected":false},"excerpt":{"rendered":"<p>Al Teatro Caio Melisso &#8211; Spazio Carla Fendi, il 21 ottobre Matteo Mancuso, il 3 novembre Anthony Strong, il 18<\/p>\n","protected":false},"author":1,"featured_media":0,"comment_status":"open","ping_status":"open","sticky":true,"template":"","format":"standard","meta":[],"categories":[12],"tags":[],"yoast_head":"<!-- This site is optimized with the Yoast SEO plugin v18.0 - https:\/\/yoast.com\/wordpress\/plugins\/seo\/ -->\n<title>Spoleto Jazz Festival | Arte e Luoghi<\/title>\n<meta name=\"description\" content=\"Al Teatro Caio Melisso - Spazio Carla Fendi, il 21 ottobre Matteo Mancuso, il 3 novembre Anthony Strong,il 18 novembre Jes\u00f9s Molina\" \/>\n<meta name=\"robots\" content=\"index, follow, max-snippet:-1, max-image-preview:large, max-video-preview:-1\" \/>\n<link rel=\"canonical\" href=\"https:\/\/arteeluoghi.it\/index.php\/2022\/10\/01\/spoleto-jazz-festival\/\" \/>\n<meta property=\"og:locale\" content=\"it_IT\" \/>\n<meta property=\"og:type\" content=\"article\" \/>\n<meta property=\"og:title\" content=\"Spoleto Jazz Festival | Arte e Luoghi\" \/>\n<meta property=\"og:description\" content=\"Al Teatro Caio Melisso - Spazio Carla Fendi, il 21 ottobre Matteo Mancuso, il 3 novembre Anthony Strong,il 18 novembre Jes\u00f9s Molina\" \/>\n<meta property=\"og:url\" content=\"https:\/\/arteeluoghi.it\/index.php\/2022\/10\/01\/spoleto-jazz-festival\/\" \/>\n<meta property=\"og:site_name\" content=\"Arte e Luoghi\" \/>\n<meta property=\"article:publisher\" content=\"https:\/\/www.facebook.com\/ArteELuoghi\/\" \/>\n<meta property=\"article:published_time\" content=\"2022-10-01T19:49:00+00:00\" \/>\n<meta property=\"article:modified_time\" content=\"2022-10-29T19:52:32+00:00\" \/>\n<meta property=\"og:image\" content=\"https:\/\/arteeluoghi.it\/wp-content\/uploads\/2022\/10\/umbria-3686924_1920-1024x683.jpg\" \/>\n<meta name=\"twitter:card\" content=\"summary\" \/>\n<meta name=\"twitter:creator\" content=\"@arteeluoghi\" \/>\n<meta name=\"twitter:site\" content=\"@arteeluoghi\" \/>\n<meta name=\"twitter:label1\" content=\"Scritto da\" \/>\n\t<meta name=\"twitter:data1\" content=\"Staff\" \/>\n\t<meta name=\"twitter:label2\" content=\"Tempo di lettura stimato\" \/>\n\t<meta name=\"twitter:data2\" content=\"4 minuti\" \/>\n<script type=\"application\/ld+json\" class=\"yoast-schema-graph\">{\"@context\":\"https:\/\/schema.org\",\"@graph\":[{\"@type\":\"Organization\",\"@id\":\"https:\/\/arteeluoghi.it\/#organization\",\"name\":\"Arte e Luoghi\",\"url\":\"https:\/\/arteeluoghi.it\/\",\"sameAs\":[\"https:\/\/www.facebook.com\/ArteELuoghi\/\",\"https:\/\/www.instagram.com\/arteeluoghi\/?hl=it\",\"https:\/\/www.youtube.com\/channel\/UCuRVc4JW4-C5sg9rQB-srkw?view_as=subscriber\",\"https:\/\/twitter.com\/arteeluoghi\"],\"logo\":{\"@type\":\"ImageObject\",\"@id\":\"https:\/\/arteeluoghi.it\/#logo\",\"inLanguage\":\"it-IT\",\"url\":\"https:\/\/arteeluoghi.it\/wp-content\/uploads\/2018\/08\/logoinstagramarte.jpg\",\"contentUrl\":\"https:\/\/arteeluoghi.it\/wp-content\/uploads\/2018\/08\/logoinstagramarte.jpg\",\"width\":150,\"height\":150,\"caption\":\"Arte e Luoghi\"},\"image\":{\"@id\":\"https:\/\/arteeluoghi.it\/#logo\"}},{\"@type\":\"WebSite\",\"@id\":\"https:\/\/arteeluoghi.it\/#website\",\"url\":\"https:\/\/arteeluoghi.it\/\",\"name\":\"Arte e Luoghi\",\"description\":\"Mensile di arte, cultura, turismo e curiosit\u00e0\",\"publisher\":{\"@id\":\"https:\/\/arteeluoghi.it\/#organization\"},\"potentialAction\":[{\"@type\":\"SearchAction\",\"target\":{\"@type\":\"EntryPoint\",\"urlTemplate\":\"https:\/\/arteeluoghi.it\/?s={search_term_string}\"},\"query-input\":\"required name=search_term_string\"}],\"inLanguage\":\"it-IT\"},{\"@type\":\"ImageObject\",\"@id\":\"https:\/\/arteeluoghi.it\/index.php\/2022\/10\/01\/spoleto-jazz-festival\/#primaryimage\",\"inLanguage\":\"it-IT\",\"url\":\"https:\/\/arteeluoghi.it\/wp-content\/uploads\/2022\/10\/umbria-3686924_1920.jpg\",\"contentUrl\":\"https:\/\/arteeluoghi.it\/wp-content\/uploads\/2022\/10\/umbria-3686924_1920.jpg\",\"width\":1920,\"height\":1280},{\"@type\":\"WebPage\",\"@id\":\"https:\/\/arteeluoghi.it\/index.php\/2022\/10\/01\/spoleto-jazz-festival\/#webpage\",\"url\":\"https:\/\/arteeluoghi.it\/index.php\/2022\/10\/01\/spoleto-jazz-festival\/\",\"name\":\"Spoleto Jazz Festival | Arte e Luoghi\",\"isPartOf\":{\"@id\":\"https:\/\/arteeluoghi.it\/#website\"},\"primaryImageOfPage\":{\"@id\":\"https:\/\/arteeluoghi.it\/index.php\/2022\/10\/01\/spoleto-jazz-festival\/#primaryimage\"},\"datePublished\":\"2022-10-01T19:49:00+00:00\",\"dateModified\":\"2022-10-29T19:52:32+00:00\",\"description\":\"Al Teatro Caio Melisso - Spazio Carla Fendi, il 21 ottobre Matteo Mancuso, il 3 novembre Anthony Strong,il 18 novembre Jes\u00f9s Molina\",\"breadcrumb\":{\"@id\":\"https:\/\/arteeluoghi.it\/index.php\/2022\/10\/01\/spoleto-jazz-festival\/#breadcrumb\"},\"inLanguage\":\"it-IT\",\"potentialAction\":[{\"@type\":\"ReadAction\",\"target\":[\"https:\/\/arteeluoghi.it\/index.php\/2022\/10\/01\/spoleto-jazz-festival\/\"]}]},{\"@type\":\"BreadcrumbList\",\"@id\":\"https:\/\/arteeluoghi.it\/index.php\/2022\/10\/01\/spoleto-jazz-festival\/#breadcrumb\",\"itemListElement\":[{\"@type\":\"ListItem\",\"position\":1,\"name\":\"Home\",\"item\":\"https:\/\/arteeluoghi.it\/\"},{\"@type\":\"ListItem\",\"position\":2,\"name\":\"Spoleto Jazz Festival\"}]},{\"@type\":\"Article\",\"@id\":\"https:\/\/arteeluoghi.it\/index.php\/2022\/10\/01\/spoleto-jazz-festival\/#article\",\"isPartOf\":{\"@id\":\"https:\/\/arteeluoghi.it\/index.php\/2022\/10\/01\/spoleto-jazz-festival\/#webpage\"},\"author\":{\"@id\":\"https:\/\/arteeluoghi.it\/#\/schema\/person\/f84e814e36e91e01448ee07eaadd41d4\"},\"headline\":\"Spoleto Jazz Festival\",\"datePublished\":\"2022-10-01T19:49:00+00:00\",\"dateModified\":\"2022-10-29T19:52:32+00:00\",\"mainEntityOfPage\":{\"@id\":\"https:\/\/arteeluoghi.it\/index.php\/2022\/10\/01\/spoleto-jazz-festival\/#webpage\"},\"wordCount\":513,\"commentCount\":0,\"publisher\":{\"@id\":\"https:\/\/arteeluoghi.it\/#organization\"},\"image\":{\"@id\":\"https:\/\/arteeluoghi.it\/index.php\/2022\/10\/01\/spoleto-jazz-festival\/#primaryimage\"},\"thumbnailUrl\":\"https:\/\/arteeluoghi.it\/wp-content\/uploads\/2022\/10\/umbria-3686924_1920-1024x683.jpg\",\"articleSection\":[\"MUSICA\"],\"inLanguage\":\"it-IT\",\"potentialAction\":[{\"@type\":\"CommentAction\",\"name\":\"Comment\",\"target\":[\"https:\/\/arteeluoghi.it\/index.php\/2022\/10\/01\/spoleto-jazz-festival\/#respond\"]}]},{\"@type\":\"Person\",\"@id\":\"https:\/\/arteeluoghi.it\/#\/schema\/person\/f84e814e36e91e01448ee07eaadd41d4\",\"name\":\"Staff\",\"image\":{\"@type\":\"ImageObject\",\"@id\":\"https:\/\/arteeluoghi.it\/#personlogo\",\"inLanguage\":\"it-IT\",\"url\":\"https:\/\/secure.gravatar.com\/avatar\/49d2f9e46271bb04e19cebfaf141313a?s=96&d=blank&r=g\",\"contentUrl\":\"https:\/\/secure.gravatar.com\/avatar\/49d2f9e46271bb04e19cebfaf141313a?s=96&d=blank&r=g\",\"caption\":\"Staff\"}}]}<\/script>\n<!-- \/ Yoast SEO plugin. -->","yoast_head_json":{"title":"Spoleto Jazz Festival | Arte e Luoghi","description":"Al Teatro Caio Melisso - Spazio Carla Fendi, il 21 ottobre Matteo Mancuso, il 3 novembre Anthony Strong,il 18 novembre Jes\u00f9s Molina","robots":{"index":"index","follow":"follow","max-snippet":"max-snippet:-1","max-image-preview":"max-image-preview:large","max-video-preview":"max-video-preview:-1"},"canonical":"https:\/\/arteeluoghi.it\/index.php\/2022\/10\/01\/spoleto-jazz-festival\/","og_locale":"it_IT","og_type":"article","og_title":"Spoleto Jazz Festival | Arte e Luoghi","og_description":"Al Teatro Caio Melisso - Spazio Carla Fendi, il 21 ottobre Matteo Mancuso, il 3 novembre Anthony Strong,il 18 novembre Jes\u00f9s Molina","og_url":"https:\/\/arteeluoghi.it\/index.php\/2022\/10\/01\/spoleto-jazz-festival\/","og_site_name":"Arte e Luoghi","article_publisher":"https:\/\/www.facebook.com\/ArteELuoghi\/","article_published_time":"2022-10-01T19:49:00+00:00","article_modified_time":"2022-10-29T19:52:32+00:00","og_image":[{"url":"https:\/\/arteeluoghi.it\/wp-content\/uploads\/2022\/10\/umbria-3686924_1920-1024x683.jpg"}],"twitter_card":"summary","twitter_creator":"@arteeluoghi","twitter_site":"@arteeluoghi","twitter_misc":{"Scritto da":"Staff","Tempo di lettura stimato":"4 minuti"},"schema":{"@context":"https:\/\/schema.org","@graph":[{"@type":"Organization","@id":"https:\/\/arteeluoghi.it\/#organization","name":"Arte e Luoghi","url":"https:\/\/arteeluoghi.it\/","sameAs":["https:\/\/www.facebook.com\/ArteELuoghi\/","https:\/\/www.instagram.com\/arteeluoghi\/?hl=it","https:\/\/www.youtube.com\/channel\/UCuRVc4JW4-C5sg9rQB-srkw?view_as=subscriber","https:\/\/twitter.com\/arteeluoghi"],"logo":{"@type":"ImageObject","@id":"https:\/\/arteeluoghi.it\/#logo","inLanguage":"it-IT","url":"https:\/\/arteeluoghi.it\/wp-content\/uploads\/2018\/08\/logoinstagramarte.jpg","contentUrl":"https:\/\/arteeluoghi.it\/wp-content\/uploads\/2018\/08\/logoinstagramarte.jpg","width":150,"height":150,"caption":"Arte e Luoghi"},"image":{"@id":"https:\/\/arteeluoghi.it\/#logo"}},{"@type":"WebSite","@id":"https:\/\/arteeluoghi.it\/#website","url":"https:\/\/arteeluoghi.it\/","name":"Arte e Luoghi","description":"Mensile di arte, cultura, turismo e curiosit\u00e0","publisher":{"@id":"https:\/\/arteeluoghi.it\/#organization"},"potentialAction":[{"@type":"SearchAction","target":{"@type":"EntryPoint","urlTemplate":"https:\/\/arteeluoghi.it\/?s={search_term_string}"},"query-input":"required name=search_term_string"}],"inLanguage":"it-IT"},{"@type":"ImageObject","@id":"https:\/\/arteeluoghi.it\/index.php\/2022\/10\/01\/spoleto-jazz-festival\/#primaryimage","inLanguage":"it-IT","url":"https:\/\/arteeluoghi.it\/wp-content\/uploads\/2022\/10\/umbria-3686924_1920.jpg","contentUrl":"https:\/\/arteeluoghi.it\/wp-content\/uploads\/2022\/10\/umbria-3686924_1920.jpg","width":1920,"height":1280},{"@type":"WebPage","@id":"https:\/\/arteeluoghi.it\/index.php\/2022\/10\/01\/spoleto-jazz-festival\/#webpage","url":"https:\/\/arteeluoghi.it\/index.php\/2022\/10\/01\/spoleto-jazz-festival\/","name":"Spoleto Jazz Festival | Arte e Luoghi","isPartOf":{"@id":"https:\/\/arteeluoghi.it\/#website"},"primaryImageOfPage":{"@id":"https:\/\/arteeluoghi.it\/index.php\/2022\/10\/01\/spoleto-jazz-festival\/#primaryimage"},"datePublished":"2022-10-01T19:49:00+00:00","dateModified":"2022-10-29T19:52:32+00:00","description":"Al Teatro Caio Melisso - Spazio Carla Fendi, il 21 ottobre Matteo Mancuso, il 3 novembre Anthony Strong,il 18 novembre Jes\u00f9s Molina","breadcrumb":{"@id":"https:\/\/arteeluoghi.it\/index.php\/2022\/10\/01\/spoleto-jazz-festival\/#breadcrumb"},"inLanguage":"it-IT","potentialAction":[{"@type":"ReadAction","target":["https:\/\/arteeluoghi.it\/index.php\/2022\/10\/01\/spoleto-jazz-festival\/"]}]},{"@type":"BreadcrumbList","@id":"https:\/\/arteeluoghi.it\/index.php\/2022\/10\/01\/spoleto-jazz-festival\/#breadcrumb","itemListElement":[{"@type":"ListItem","position":1,"name":"Home","item":"https:\/\/arteeluoghi.it\/"},{"@type":"ListItem","position":2,"name":"Spoleto Jazz Festival"}]},{"@type":"Article","@id":"https:\/\/arteeluoghi.it\/index.php\/2022\/10\/01\/spoleto-jazz-festival\/#article","isPartOf":{"@id":"https:\/\/arteeluoghi.it\/index.php\/2022\/10\/01\/spoleto-jazz-festival\/#webpage"},"author":{"@id":"https:\/\/arteeluoghi.it\/#\/schema\/person\/f84e814e36e91e01448ee07eaadd41d4"},"headline":"Spoleto Jazz Festival","datePublished":"2022-10-01T19:49:00+00:00","dateModified":"2022-10-29T19:52:32+00:00","mainEntityOfPage":{"@id":"https:\/\/arteeluoghi.it\/index.php\/2022\/10\/01\/spoleto-jazz-festival\/#webpage"},"wordCount":513,"commentCount":0,"publisher":{"@id":"https:\/\/arteeluoghi.it\/#organization"},"image":{"@id":"https:\/\/arteeluoghi.it\/index.php\/2022\/10\/01\/spoleto-jazz-festival\/#primaryimage"},"thumbnailUrl":"https:\/\/arteeluoghi.it\/wp-content\/uploads\/2022\/10\/umbria-3686924_1920-1024x683.jpg","articleSection":["MUSICA"],"inLanguage":"it-IT","potentialAction":[{"@type":"CommentAction","name":"Comment","target":["https:\/\/arteeluoghi.it\/index.php\/2022\/10\/01\/spoleto-jazz-festival\/#respond"]}]},{"@type":"Person","@id":"https:\/\/arteeluoghi.it\/#\/schema\/person\/f84e814e36e91e01448ee07eaadd41d4","name":"Staff","image":{"@type":"ImageObject","@id":"https:\/\/arteeluoghi.it\/#personlogo","inLanguage":"it-IT","url":"https:\/\/secure.gravatar.com\/avatar\/49d2f9e46271bb04e19cebfaf141313a?s=96&d=blank&r=g","contentUrl":"https:\/\/secure.gravatar.com\/avatar\/49d2f9e46271bb04e19cebfaf141313a?s=96&d=blank&r=g","caption":"Staff"}}]}},"_links":{"self":[{"href":"https:\/\/arteeluoghi.it\/index.php\/wp-json\/wp\/v2\/posts\/11919"}],"collection":[{"href":"https:\/\/arteeluoghi.it\/index.php\/wp-json\/wp\/v2\/posts"}],"about":[{"href":"https:\/\/arteeluoghi.it\/index.php\/wp-json\/wp\/v2\/types\/post"}],"author":[{"embeddable":true,"href":"https:\/\/arteeluoghi.it\/index.php\/wp-json\/wp\/v2\/users\/1"}],"replies":[{"embeddable":true,"href":"https:\/\/arteeluoghi.it\/index.php\/wp-json\/wp\/v2\/comments?post=11919"}],"version-history":[{"count":1,"href":"https:\/\/arteeluoghi.it\/index.php\/wp-json\/wp\/v2\/posts\/11919\/revisions"}],"predecessor-version":[{"id":11921,"href":"https:\/\/arteeluoghi.it\/index.php\/wp-json\/wp\/v2\/posts\/11919\/revisions\/11921"}],"wp:attachment":[{"href":"https:\/\/arteeluoghi.it\/index.php\/wp-json\/wp\/v2\/media?parent=11919"}],"wp:term":[{"taxonomy":"category","embeddable":true,"href":"https:\/\/arteeluoghi.it\/index.php\/wp-json\/wp\/v2\/categories?post=11919"},{"taxonomy":"post_tag","embeddable":true,"href":"https:\/\/arteeluoghi.it\/index.php\/wp-json\/wp\/v2\/tags?post=11919"}],"curies":[{"name":"wp","href":"https:\/\/api.w.org\/{rel}","templated":true}]}}