{"id":1192,"date":"2013-06-29T20:43:58","date_gmt":"2013-06-29T18:43:58","guid":{"rendered":"http:\/\/arteeluoghi.it\/index.php\/2013\/06\/29\/un-maschio-angioino-fatto-di-luci\/"},"modified":"2013-06-29T20:43:58","modified_gmt":"2013-06-29T18:43:58","slug":"un-maschio-angioino-fatto-di-luci","status":"publish","type":"post","link":"https:\/\/arteeluoghi.it\/index.php\/2013\/06\/29\/un-maschio-angioino-fatto-di-luci\/","title":{"rendered":"Un Maschio Angioino fatto di luci"},"content":{"rendered":"<p><img src=\"\/images\/ALLESTIMENTO%20DE%20CAGNA.jpg\" border=\"0\" title=\"il Maschio Angioino, allestimento firmato De Cagna\" width=\"350\" style=\"margin: 21px; float: left;\" \/>Anteprima mondiale venerd\u00ec 5 luglio 2013 a Scorrano la nuova opera firmata De Cagna<\/p>\n<p><span style=\"font-size: small;\"><strong>Quando l&#8217;Arte incontra la Luce<\/strong><\/span><\/p>\n<p>\u00a0<\/p>\n<p>Dopo la Tour Eiffel, la Torre di Pisa, il Tunnel Spazio Temporale (ideale riferimento al Ponte di Einstein-Rosen), la Cupola, il Tower Bridge i fratelli Giuseppe De Cagna con la loro azienda\u00a0<strong>L.C.D.C. Luminarie Cesario De Cagna<\/strong> aggiungono un&#8217;altra perla alle loro splendide creazioni. Questa volta in quel di Scorrano in occasione dei festeggiamenti patronali in onore di Santa Domenica hanno realizzato il <strong>Maschio Angioino<\/strong>. Dal\u00a0 5 al 9 luglio, a Scorrano si potr\u00e0 ammirare la singolare creazione che\u00a0 \u00e8 sintesi di ingegno, tecnologia e artigianalit\u00e0.<\/p>\n<p>Castel Nuovo, meglio noto come Maschio Angioino, storico castello medioevale e rinascimentale, tra le icone di Napoli e d&#8217;Italia, fu costruito per volere di carlo I D&#8217;Angi\u00f2 che nel 1266, sconfitti gli Svevi, sal\u00ec al trono di Sicilia e stabil\u00ec il trasferimento della capitale da Palermo alla citt\u00e0 partenopea. Quest&#8217;anno come da tradizione i festeggiamenti patronali rendereanno Scorrano la capitale delle luminarie e siamo sicuri che accorerranno in tantissimi nella cittadina salentina per ammirare questo maestoso castello di luci.<\/p>\n<p>  <!--more-->  <\/p>\n<p><img src=\"\/images\/ALLESTIMENTO%20DE%20CAGNA.jpg\" border=\"0\" title=\"il Maschio Angioino, allestimento firmato De Cagna\" width=\"550\" style=\"margin: 21px; float: right;\" \/><\/p>\n<p>\u00a0<\/p>\n<p>Un castello che ha una struttura senza precedenti &#8211; fanno sapere i De Cagna &#8211; che svelano alcuni dati significativi: 300 pali per sorreggere il progetto; 250.000 lampade a Led per un consumo energetico pari a 70 KW; sei torri centrali alte 24 metri e altre quattro alte 21 metri; 100 canali per l\u2019accensione musicale. Tra le novit\u00e0 assolute, invece, l\u2019utilizzo di 15.000 lampade a led per la realizzazione delle luminarie a basso rilievo mai utilizzate fino ad oggi; una galleria medioevale, montata in modo sospeso senza pali di scarico a terra; 600 metri quadrati di stoffa per la proiezione del video mapping.<\/p>\n<p>Una \u00a0nuova frontiera dell\u2019arte e della tecnologia, il video mapping consiste nel proiettare \u201cimmagini\u201d in computer grafica su superfici reali, ottenendo spettacolari effetti di proiezione 3D. Una tecnica di proiezione evoluta, che trasforma qualsiasi tipo di superficie in un display dinamico. Tramite appositi software si creano delle animazioni, delle immagini, video e giochi di luci talmente customizzati che \u201cgiocando\u201d con la superficie sulla quale vengono proiettati, sono in grado di stupire il pubblico lasciandolo, letteralmente a bocca aperta. Attraverso il videomapping, le proiezioni animate, riescono ad ingannare la percezione visiva dello spettatore a tal punto, da non fargli pi\u00f9 distinguere la realt\u00e0 dalla finzione.<\/p>\n<p>Anche quest\u2019anno, spiega Giuseppe De Cagna\u00a0 si potr\u00e0 ammirare l&#8217;intera struttura in tutta la sua bellezza percorrendolo da una torre all\u2019altra e passeggiando sulle luminarie nella parte centrale. Con questa nuova struttura, l\u2019azienda salentina, che esporta il \u201cMade in Italy\u201d in tutto il mondo, continua la sua strada tutta in ascesa, non finendo mai di stupire con le sue meravigliose strutture. I suoi allestimenti, non si ripetono mai e non cadono nella banalit\u00e0; anzi, tutt\u2019altro. E\u2019 proprio questa la forza che contraddistingue la famiglia De Cagna: maestria, professionalit\u00e0 e passione verso il proprio lavoro che \u00e8 arte. Un\u2019arte che diventa sempre pi\u00f9 ingegnosa e rivoluzionaria che passa dalla tradizione all\u2019innovazione, grazie anche all\u2019utilizzo di una luce pulita e moderna capace di risparmiare notevolmente, rispettando, quindi, l\u2019ambiente. E facendo realizzare sogni impossibili, come camminare sulle luminarie, e in ogni occasione riuscire a coniugare il senso antico della festa con le visioni del futuro.<\/p>\n<p>Un plauso, dunque, ai fratelli De Cagna che riescono a trasformare i sogni in reali e suggestive visioni. Appuntamento venerd\u00ec 5 luglio, tutti a Scorrano con lo sguardo verso il cielo.<\/p>\n<p>red. Arte e Luoghi<\/p>\n<p>\u00a0<\/p>\n<p style=\"text-align: left;\" align=\"center\"><strong>Anteprima Mondiale <\/strong><\/p>\n<p style=\"text-align: left;\" align=\"center\"><strong>venerd\u00ec 5 luglio 2013<\/strong><\/p>\n<p style=\"text-align: left;\" align=\"center\"><strong>ore 21.00<\/strong><\/p>\n<p style=\"text-align: left;\" align=\"center\"><strong>Scorrano (Le)<\/strong><\/p>\n","protected":false},"excerpt":{"rendered":"<p>Anteprima mondiale venerd\u00ec 5 luglio 2013 a Scorrano la nuova opera firmata De Cagna Quando l&#8217;Arte incontra la Luce \u00a0<\/p>\n","protected":false},"author":1,"featured_media":0,"comment_status":"open","ping_status":"open","sticky":false,"template":"","format":"standard","meta":[],"categories":[36],"tags":[],"yoast_head":"<!-- This site is optimized with the Yoast SEO plugin v18.0 - https:\/\/yoast.com\/wordpress\/plugins\/seo\/ -->\n<title>Un Maschio Angioino fatto di luci | Arte e Luoghi<\/title>\n<meta name=\"robots\" content=\"index, follow, max-snippet:-1, max-image-preview:large, max-video-preview:-1\" \/>\n<link rel=\"canonical\" href=\"https:\/\/arteeluoghi.it\/index.php\/2013\/06\/29\/un-maschio-angioino-fatto-di-luci\/\" \/>\n<meta property=\"og:locale\" content=\"it_IT\" \/>\n<meta property=\"og:type\" content=\"article\" \/>\n<meta property=\"og:title\" content=\"Un Maschio Angioino fatto di luci | Arte e Luoghi\" \/>\n<meta property=\"og:description\" content=\"Anteprima mondiale venerd\u00ec 5 luglio 2013 a Scorrano la nuova opera firmata De Cagna Quando l&#8217;Arte incontra la Luce \u00a0\" \/>\n<meta property=\"og:url\" content=\"https:\/\/arteeluoghi.it\/index.php\/2013\/06\/29\/un-maschio-angioino-fatto-di-luci\/\" \/>\n<meta property=\"og:site_name\" content=\"Arte e Luoghi\" \/>\n<meta property=\"article:publisher\" content=\"https:\/\/www.facebook.com\/ArteELuoghi\/\" \/>\n<meta property=\"article:published_time\" content=\"2013-06-29T18:43:58+00:00\" \/>\n<meta property=\"og:image\" content=\"https:\/\/arteeluoghi.it\/images\/ALLESTIMENTO%20DE%20CAGNA.jpg\" \/>\n<meta name=\"twitter:card\" content=\"summary\" \/>\n<meta name=\"twitter:creator\" content=\"@arteeluoghi\" \/>\n<meta name=\"twitter:site\" content=\"@arteeluoghi\" \/>\n<meta name=\"twitter:label1\" content=\"Scritto da\" \/>\n\t<meta name=\"twitter:data1\" content=\"Staff\" \/>\n\t<meta name=\"twitter:label2\" content=\"Tempo di lettura stimato\" \/>\n\t<meta name=\"twitter:data2\" content=\"3 minuti\" \/>\n<script type=\"application\/ld+json\" class=\"yoast-schema-graph\">{\"@context\":\"https:\/\/schema.org\",\"@graph\":[{\"@type\":\"Organization\",\"@id\":\"https:\/\/arteeluoghi.it\/#organization\",\"name\":\"Arte e Luoghi\",\"url\":\"https:\/\/arteeluoghi.it\/\",\"sameAs\":[\"https:\/\/www.facebook.com\/ArteELuoghi\/\",\"https:\/\/www.instagram.com\/arteeluoghi\/?hl=it\",\"https:\/\/www.youtube.com\/channel\/UCuRVc4JW4-C5sg9rQB-srkw?view_as=subscriber\",\"https:\/\/twitter.com\/arteeluoghi\"],\"logo\":{\"@type\":\"ImageObject\",\"@id\":\"https:\/\/arteeluoghi.it\/#logo\",\"inLanguage\":\"it-IT\",\"url\":\"https:\/\/arteeluoghi.it\/wp-content\/uploads\/2018\/08\/logoinstagramarte.jpg\",\"contentUrl\":\"https:\/\/arteeluoghi.it\/wp-content\/uploads\/2018\/08\/logoinstagramarte.jpg\",\"width\":150,\"height\":150,\"caption\":\"Arte e Luoghi\"},\"image\":{\"@id\":\"https:\/\/arteeluoghi.it\/#logo\"}},{\"@type\":\"WebSite\",\"@id\":\"https:\/\/arteeluoghi.it\/#website\",\"url\":\"https:\/\/arteeluoghi.it\/\",\"name\":\"Arte e Luoghi\",\"description\":\"Mensile di arte, cultura, turismo e curiosit\u00e0\",\"publisher\":{\"@id\":\"https:\/\/arteeluoghi.it\/#organization\"},\"potentialAction\":[{\"@type\":\"SearchAction\",\"target\":{\"@type\":\"EntryPoint\",\"urlTemplate\":\"https:\/\/arteeluoghi.it\/?s={search_term_string}\"},\"query-input\":\"required name=search_term_string\"}],\"inLanguage\":\"it-IT\"},{\"@type\":\"ImageObject\",\"@id\":\"https:\/\/arteeluoghi.it\/index.php\/2013\/06\/29\/un-maschio-angioino-fatto-di-luci\/#primaryimage\",\"inLanguage\":\"it-IT\",\"url\":\"\/images\/ALLESTIMENTO%20DE%20CAGNA.jpg\",\"contentUrl\":\"\/images\/ALLESTIMENTO%20DE%20CAGNA.jpg\"},{\"@type\":\"WebPage\",\"@id\":\"https:\/\/arteeluoghi.it\/index.php\/2013\/06\/29\/un-maschio-angioino-fatto-di-luci\/#webpage\",\"url\":\"https:\/\/arteeluoghi.it\/index.php\/2013\/06\/29\/un-maschio-angioino-fatto-di-luci\/\",\"name\":\"Un Maschio Angioino fatto di luci | Arte e Luoghi\",\"isPartOf\":{\"@id\":\"https:\/\/arteeluoghi.it\/#website\"},\"primaryImageOfPage\":{\"@id\":\"https:\/\/arteeluoghi.it\/index.php\/2013\/06\/29\/un-maschio-angioino-fatto-di-luci\/#primaryimage\"},\"datePublished\":\"2013-06-29T18:43:58+00:00\",\"dateModified\":\"2013-06-29T18:43:58+00:00\",\"breadcrumb\":{\"@id\":\"https:\/\/arteeluoghi.it\/index.php\/2013\/06\/29\/un-maschio-angioino-fatto-di-luci\/#breadcrumb\"},\"inLanguage\":\"it-IT\",\"potentialAction\":[{\"@type\":\"ReadAction\",\"target\":[\"https:\/\/arteeluoghi.it\/index.php\/2013\/06\/29\/un-maschio-angioino-fatto-di-luci\/\"]}]},{\"@type\":\"BreadcrumbList\",\"@id\":\"https:\/\/arteeluoghi.it\/index.php\/2013\/06\/29\/un-maschio-angioino-fatto-di-luci\/#breadcrumb\",\"itemListElement\":[{\"@type\":\"ListItem\",\"position\":1,\"name\":\"Home\",\"item\":\"https:\/\/arteeluoghi.it\/\"},{\"@type\":\"ListItem\",\"position\":2,\"name\":\"Un Maschio Angioino fatto di luci\"}]},{\"@type\":\"Article\",\"@id\":\"https:\/\/arteeluoghi.it\/index.php\/2013\/06\/29\/un-maschio-angioino-fatto-di-luci\/#article\",\"isPartOf\":{\"@id\":\"https:\/\/arteeluoghi.it\/index.php\/2013\/06\/29\/un-maschio-angioino-fatto-di-luci\/#webpage\"},\"author\":{\"@id\":\"https:\/\/arteeluoghi.it\/#\/schema\/person\/f84e814e36e91e01448ee07eaadd41d4\"},\"headline\":\"Un Maschio Angioino fatto di luci\",\"datePublished\":\"2013-06-29T18:43:58+00:00\",\"dateModified\":\"2013-06-29T18:43:58+00:00\",\"mainEntityOfPage\":{\"@id\":\"https:\/\/arteeluoghi.it\/index.php\/2013\/06\/29\/un-maschio-angioino-fatto-di-luci\/#webpage\"},\"wordCount\":589,\"commentCount\":0,\"publisher\":{\"@id\":\"https:\/\/arteeluoghi.it\/#organization\"},\"image\":{\"@id\":\"https:\/\/arteeluoghi.it\/index.php\/2013\/06\/29\/un-maschio-angioino-fatto-di-luci\/#primaryimage\"},\"thumbnailUrl\":\"\/images\/ALLESTIMENTO%20DE%20CAGNA.jpg\",\"articleSection\":[\"CuriosAr(t)e\"],\"inLanguage\":\"it-IT\",\"potentialAction\":[{\"@type\":\"CommentAction\",\"name\":\"Comment\",\"target\":[\"https:\/\/arteeluoghi.it\/index.php\/2013\/06\/29\/un-maschio-angioino-fatto-di-luci\/#respond\"]}]},{\"@type\":\"Person\",\"@id\":\"https:\/\/arteeluoghi.it\/#\/schema\/person\/f84e814e36e91e01448ee07eaadd41d4\",\"name\":\"Staff\",\"image\":{\"@type\":\"ImageObject\",\"@id\":\"https:\/\/arteeluoghi.it\/#personlogo\",\"inLanguage\":\"it-IT\",\"url\":\"https:\/\/secure.gravatar.com\/avatar\/49d2f9e46271bb04e19cebfaf141313a?s=96&d=blank&r=g\",\"contentUrl\":\"https:\/\/secure.gravatar.com\/avatar\/49d2f9e46271bb04e19cebfaf141313a?s=96&d=blank&r=g\",\"caption\":\"Staff\"}}]}<\/script>\n<!-- \/ Yoast SEO plugin. -->","yoast_head_json":{"title":"Un Maschio Angioino fatto di luci | Arte e Luoghi","robots":{"index":"index","follow":"follow","max-snippet":"max-snippet:-1","max-image-preview":"max-image-preview:large","max-video-preview":"max-video-preview:-1"},"canonical":"https:\/\/arteeluoghi.it\/index.php\/2013\/06\/29\/un-maschio-angioino-fatto-di-luci\/","og_locale":"it_IT","og_type":"article","og_title":"Un Maschio Angioino fatto di luci | Arte e Luoghi","og_description":"Anteprima mondiale venerd\u00ec 5 luglio 2013 a Scorrano la nuova opera firmata De Cagna Quando l&#8217;Arte incontra la Luce \u00a0","og_url":"https:\/\/arteeluoghi.it\/index.php\/2013\/06\/29\/un-maschio-angioino-fatto-di-luci\/","og_site_name":"Arte e Luoghi","article_publisher":"https:\/\/www.facebook.com\/ArteELuoghi\/","article_published_time":"2013-06-29T18:43:58+00:00","og_image":[{"url":"https:\/\/arteeluoghi.it\/images\/ALLESTIMENTO%20DE%20CAGNA.jpg"}],"twitter_card":"summary","twitter_creator":"@arteeluoghi","twitter_site":"@arteeluoghi","twitter_misc":{"Scritto da":"Staff","Tempo di lettura stimato":"3 minuti"},"schema":{"@context":"https:\/\/schema.org","@graph":[{"@type":"Organization","@id":"https:\/\/arteeluoghi.it\/#organization","name":"Arte e Luoghi","url":"https:\/\/arteeluoghi.it\/","sameAs":["https:\/\/www.facebook.com\/ArteELuoghi\/","https:\/\/www.instagram.com\/arteeluoghi\/?hl=it","https:\/\/www.youtube.com\/channel\/UCuRVc4JW4-C5sg9rQB-srkw?view_as=subscriber","https:\/\/twitter.com\/arteeluoghi"],"logo":{"@type":"ImageObject","@id":"https:\/\/arteeluoghi.it\/#logo","inLanguage":"it-IT","url":"https:\/\/arteeluoghi.it\/wp-content\/uploads\/2018\/08\/logoinstagramarte.jpg","contentUrl":"https:\/\/arteeluoghi.it\/wp-content\/uploads\/2018\/08\/logoinstagramarte.jpg","width":150,"height":150,"caption":"Arte e Luoghi"},"image":{"@id":"https:\/\/arteeluoghi.it\/#logo"}},{"@type":"WebSite","@id":"https:\/\/arteeluoghi.it\/#website","url":"https:\/\/arteeluoghi.it\/","name":"Arte e Luoghi","description":"Mensile di arte, cultura, turismo e curiosit\u00e0","publisher":{"@id":"https:\/\/arteeluoghi.it\/#organization"},"potentialAction":[{"@type":"SearchAction","target":{"@type":"EntryPoint","urlTemplate":"https:\/\/arteeluoghi.it\/?s={search_term_string}"},"query-input":"required name=search_term_string"}],"inLanguage":"it-IT"},{"@type":"ImageObject","@id":"https:\/\/arteeluoghi.it\/index.php\/2013\/06\/29\/un-maschio-angioino-fatto-di-luci\/#primaryimage","inLanguage":"it-IT","url":"\/images\/ALLESTIMENTO%20DE%20CAGNA.jpg","contentUrl":"\/images\/ALLESTIMENTO%20DE%20CAGNA.jpg"},{"@type":"WebPage","@id":"https:\/\/arteeluoghi.it\/index.php\/2013\/06\/29\/un-maschio-angioino-fatto-di-luci\/#webpage","url":"https:\/\/arteeluoghi.it\/index.php\/2013\/06\/29\/un-maschio-angioino-fatto-di-luci\/","name":"Un Maschio Angioino fatto di luci | Arte e Luoghi","isPartOf":{"@id":"https:\/\/arteeluoghi.it\/#website"},"primaryImageOfPage":{"@id":"https:\/\/arteeluoghi.it\/index.php\/2013\/06\/29\/un-maschio-angioino-fatto-di-luci\/#primaryimage"},"datePublished":"2013-06-29T18:43:58+00:00","dateModified":"2013-06-29T18:43:58+00:00","breadcrumb":{"@id":"https:\/\/arteeluoghi.it\/index.php\/2013\/06\/29\/un-maschio-angioino-fatto-di-luci\/#breadcrumb"},"inLanguage":"it-IT","potentialAction":[{"@type":"ReadAction","target":["https:\/\/arteeluoghi.it\/index.php\/2013\/06\/29\/un-maschio-angioino-fatto-di-luci\/"]}]},{"@type":"BreadcrumbList","@id":"https:\/\/arteeluoghi.it\/index.php\/2013\/06\/29\/un-maschio-angioino-fatto-di-luci\/#breadcrumb","itemListElement":[{"@type":"ListItem","position":1,"name":"Home","item":"https:\/\/arteeluoghi.it\/"},{"@type":"ListItem","position":2,"name":"Un Maschio Angioino fatto di luci"}]},{"@type":"Article","@id":"https:\/\/arteeluoghi.it\/index.php\/2013\/06\/29\/un-maschio-angioino-fatto-di-luci\/#article","isPartOf":{"@id":"https:\/\/arteeluoghi.it\/index.php\/2013\/06\/29\/un-maschio-angioino-fatto-di-luci\/#webpage"},"author":{"@id":"https:\/\/arteeluoghi.it\/#\/schema\/person\/f84e814e36e91e01448ee07eaadd41d4"},"headline":"Un Maschio Angioino fatto di luci","datePublished":"2013-06-29T18:43:58+00:00","dateModified":"2013-06-29T18:43:58+00:00","mainEntityOfPage":{"@id":"https:\/\/arteeluoghi.it\/index.php\/2013\/06\/29\/un-maschio-angioino-fatto-di-luci\/#webpage"},"wordCount":589,"commentCount":0,"publisher":{"@id":"https:\/\/arteeluoghi.it\/#organization"},"image":{"@id":"https:\/\/arteeluoghi.it\/index.php\/2013\/06\/29\/un-maschio-angioino-fatto-di-luci\/#primaryimage"},"thumbnailUrl":"\/images\/ALLESTIMENTO%20DE%20CAGNA.jpg","articleSection":["CuriosAr(t)e"],"inLanguage":"it-IT","potentialAction":[{"@type":"CommentAction","name":"Comment","target":["https:\/\/arteeluoghi.it\/index.php\/2013\/06\/29\/un-maschio-angioino-fatto-di-luci\/#respond"]}]},{"@type":"Person","@id":"https:\/\/arteeluoghi.it\/#\/schema\/person\/f84e814e36e91e01448ee07eaadd41d4","name":"Staff","image":{"@type":"ImageObject","@id":"https:\/\/arteeluoghi.it\/#personlogo","inLanguage":"it-IT","url":"https:\/\/secure.gravatar.com\/avatar\/49d2f9e46271bb04e19cebfaf141313a?s=96&d=blank&r=g","contentUrl":"https:\/\/secure.gravatar.com\/avatar\/49d2f9e46271bb04e19cebfaf141313a?s=96&d=blank&r=g","caption":"Staff"}}]}},"_links":{"self":[{"href":"https:\/\/arteeluoghi.it\/index.php\/wp-json\/wp\/v2\/posts\/1192"}],"collection":[{"href":"https:\/\/arteeluoghi.it\/index.php\/wp-json\/wp\/v2\/posts"}],"about":[{"href":"https:\/\/arteeluoghi.it\/index.php\/wp-json\/wp\/v2\/types\/post"}],"author":[{"embeddable":true,"href":"https:\/\/arteeluoghi.it\/index.php\/wp-json\/wp\/v2\/users\/1"}],"replies":[{"embeddable":true,"href":"https:\/\/arteeluoghi.it\/index.php\/wp-json\/wp\/v2\/comments?post=1192"}],"version-history":[{"count":0,"href":"https:\/\/arteeluoghi.it\/index.php\/wp-json\/wp\/v2\/posts\/1192\/revisions"}],"wp:attachment":[{"href":"https:\/\/arteeluoghi.it\/index.php\/wp-json\/wp\/v2\/media?parent=1192"}],"wp:term":[{"taxonomy":"category","embeddable":true,"href":"https:\/\/arteeluoghi.it\/index.php\/wp-json\/wp\/v2\/categories?post=1192"},{"taxonomy":"post_tag","embeddable":true,"href":"https:\/\/arteeluoghi.it\/index.php\/wp-json\/wp\/v2\/tags?post=1192"}],"curies":[{"name":"wp","href":"https:\/\/api.w.org\/{rel}","templated":true}]}}