{"id":11937,"date":"2022-10-29T23:04:16","date_gmt":"2022-10-29T21:04:16","guid":{"rendered":"https:\/\/arteeluoghi.it\/?p=11937"},"modified":"2022-10-29T23:04:19","modified_gmt":"2022-10-29T21:04:19","slug":"halloween-al-castello-carlo-v-di-lecce","status":"publish","type":"post","link":"https:\/\/arteeluoghi.it\/index.php\/2022\/10\/29\/halloween-al-castello-carlo-v-di-lecce\/","title":{"rendered":"Halloween al Castello Carlo V di Lecce"},"content":{"rendered":"\n<blockquote class=\"wp-block-quote\"><p>Domenica 30 e luned\u00ec 31 ottobre, con un percorso speciale teatralizzato sul camminamento di ronda, nella Cappella di San Francesco e di Santa Barbara oltre che nelle antiche prigioni<\/p><\/blockquote>\n\n\n\n<p><\/p>\n\n\n\n<p><strong>Domenica 30 e luned\u00ec 31 ottobre<\/strong>, con un percorso speciale teatralizzato dedicato alla festa di\u00a0<strong>Halloween<\/strong>, prosegue la rassegna \u201c<strong>Autunno al Castello<\/strong>\u201d che fino al\u00a0<strong>3 dicembre<\/strong>\u00a0proporr\u00e0 visite guidate (<em>dal gioved\u00ec alla domenica<\/em>) e una serie di appuntamenti per vivere gli spazi del\u00a0<strong>Castello Carlo V di Lecce<\/strong>\u00a0come luoghi di socialit\u00e0 e incontro, dove poter sviluppare interessi e passioni senza dimenticare il loro valore storico-culturale. In occasione di Halloween,\u00a0<strong>Attraverso il Castello<\/strong>\u00a0proporr\u00e0 infatti una visita speciale con attori e guide &#8220;in scena&#8221;: partendo dal racconto dell\u2019origine e diffusione della festa che, come non tutti sanno, non nasce negli Stati Uniti ma ha origini antichissime rintracciabili in Irlanda, ci si immerger\u00e0 in storie e racconti di paura ambientati nel Castello Carlo V di Lecce. <\/p>\n\n\n\n<!--more-->\n\n\n\n<p>Il percorso (<em>partenza alle 18, 19, 20 e 21<\/em>), condurr\u00e0 i partecipanti sul camminamento di ronda, nella Cappella di San Francesco e di Santa Barbara oltre che nelle antiche prigioni dove verranno sorpresi da racconti, stimolazioni e travestimenti in grado di evocare fantasmi, personaggi ed episodi leggendari legati alla storia dell\u2019antico maniero. Il governatore di Terra d&#8217;Otranto Ferrante Loffredo mentre si prepara al possibile attacco dei Turchi, il fantasma dell\u2019architetto del castello Gian Giacomo dell\u2019Acaya, lo spirito di una famosa contessa che si affaccia dalle finestre della sala del trono. Come ogni luogo centenario che si rispetti, anche il Castello Carlo V nasconde leggende e racconti non proprio adatti ai deboli di cuore. \u00c8 possibile e consigliato presentarsi in abiti paurosi adatti all\u2019occasione.\u00a0<em>Ingresso 15 euro, 6 euro ridotto under 18, gratuito under 7 &#8211; speciale pacchetto famiglia 2 adulti e due ragazzi 30 euro<\/em>.\u00a0<\/p>\n\n\n\n<p><strong>Domenica 30 ottobre<\/strong>\u00a0la giornata partir\u00e0\u00a0<strong>alle 10:30\u00a0<\/strong>(ingresso 10 euro) con\u00a0<strong>Morning Yoga<\/strong>, in collaborazione con Salento YOGA a cura dell\u2019insegnante Kamal Fanibanda, e proseguir\u00e0 con i tour guidati disponibili\u00a0<strong>dal gioved\u00ec alla domenica<\/strong>\u00a0(<em>ore 10:30, 11:30 e 12:30 e 16, 17 e 18 &#8211; senza obbligo di prenotazione, raduno in Piazza D&#8217;Armi<\/em>) che permetteranno ai visitatori di immergersi in totale sicurezza nella storia e negli ambienti del Castello. Costruito in et\u00e0 medievale a ridosso delle mura dell\u2019abitato, il\u00a0<strong>Castello<\/strong>\u00a0sub\u00ec numerose ristrutturazioni nel corso dei secoli successivi con interventi in et\u00e0 federiciana, angioina e aragonese. L\u2019edificio, che ospit\u00f2 Maria d\u2019Enghien e Giovanni Antonio Orsini del Balzo, era circondato sui quattro lati da un profondo fossato. L\u2019aspetto attuale \u00e8 dovuto agli interventi voluti da\u00a0<strong>Carlo V<\/strong>\u00a0nella prima met\u00e0 del Cinquecento e condotti dall\u2019architetto Gian Giacomo d\u2019Acaya. La rassegna \u00e8 organizzata e promossa da\u00a0<strong>Attraverso il Castello<\/strong>, progetto di valorizzazione della fortezza, nato dalla collaborazione tra la Soprintendenza Archeologica, Belle Arti e Paesaggio per le Province di Brindisi e Lecce e le associazioni di promozione sociale\u00a0<strong>34\u00b0 Fuso<\/strong>\u00a0e\u00a0<strong>The Monuments People<\/strong>, con il contributo di Marullo Costruzioni S.R.L., azienda che da anni collabora al restauro del patrimonio culturale e che al momento \u00e8 impegnata nel recupero del secondo lotto del maniero, e Cantina San Donaci. Gli appuntamenti di &#8220;Autunno al Castello&#8221; proseguiranno\u00a0<strong>gioved\u00ec 11 novembre<\/strong>\u00a0(<em>ore 19 e 21 &#8211; ingresso 10 euro<\/em>) nel giorno della festa di\u00a0<strong>San Martino<\/strong>,\u00a0 in collaborazione con Cantina San Donaci, con uno speciale tour tematico con gioco a squadre che allieter\u00e0 i partecipanti che, sottoposti a indovinelli e quiz, conquisteranno un bicchiere di vino ad ogni risposta esatta lasciando a secco la squadra che avr\u00e0 dato la risposta errata. Vincer\u00e0 la squadra che arriver\u00e0 alla fine del percorso brilla e felice.\u00a0<strong>Gioved\u00ec 24 novembre alle 19<\/strong>\u00a0la presentazione del libro \u201c<strong>Guida completa al mondo Tolkien<\/strong>\u201d di Oronzo Cilli, considerato tra i pi\u00f9 importanti collezionisti al mondo di libri di e su Tolkien, membro della Tolkien Society inglese e presidente dell\u2019associazione Collezionisti Tolkieniani Italiani.\u00a0<strong>Sabato 3 dicembre<\/strong>, infine, torna &#8220;<strong>Il castello di tutti<\/strong>&#8220;. In occasione della Giornata mondiale delle Persone con Disabilit\u00e0 saranno promossi i tour accessibili supportati dalla guida in LIS fruibile su tablet messi a disposizione.\u00a0<strong>Info e prenotazioni<\/strong>\u00a03278773894 &#8211;\u00a0<a href=\"mailto:attraversoilcastello@gmail.com\" target=\"_blank\" rel=\"noreferrer noopener\">attraversoilcastello@gmail.com<\/a><\/p>\n\n\n\n<p>(fonte: comunicato stampa)<\/p>\n","protected":false},"excerpt":{"rendered":"<p>Domenica 30 e luned\u00ec 31 ottobre, con un percorso speciale teatralizzato sul camminamento di ronda, nella Cappella di San Francesco<\/p>\n","protected":false},"author":1,"featured_media":11938,"comment_status":"open","ping_status":"open","sticky":true,"template":"","format":"standard","meta":[],"categories":[23,30],"tags":[674,4473,134,4479],"yoast_head":"<!-- This site is optimized with the Yoast SEO plugin v18.0 - https:\/\/yoast.com\/wordpress\/plugins\/seo\/ -->\n<title>Halloween al Castello Carlo V di Lecce | Arte e Luoghi<\/title>\n<meta name=\"description\" content=\"Domenica 30 e luned\u00ec 31 ottobre, con un percorso speciale teatralizzato dedicato alla festa di Halloween\" \/>\n<meta name=\"robots\" content=\"index, follow, max-snippet:-1, max-image-preview:large, max-video-preview:-1\" \/>\n<link rel=\"canonical\" href=\"https:\/\/arteeluoghi.it\/index.php\/2022\/10\/29\/halloween-al-castello-carlo-v-di-lecce\/\" \/>\n<meta property=\"og:locale\" content=\"it_IT\" \/>\n<meta property=\"og:type\" content=\"article\" \/>\n<meta property=\"og:title\" content=\"Halloween al Castello Carlo V di Lecce | Arte e Luoghi\" \/>\n<meta property=\"og:description\" content=\"Domenica 30 e luned\u00ec 31 ottobre, con un percorso speciale teatralizzato dedicato alla festa di Halloween\" \/>\n<meta property=\"og:url\" content=\"https:\/\/arteeluoghi.it\/index.php\/2022\/10\/29\/halloween-al-castello-carlo-v-di-lecce\/\" \/>\n<meta property=\"og:site_name\" content=\"Arte e Luoghi\" \/>\n<meta property=\"article:publisher\" content=\"https:\/\/www.facebook.com\/ArteELuoghi\/\" \/>\n<meta property=\"article:published_time\" content=\"2022-10-29T21:04:16+00:00\" \/>\n<meta property=\"article:modified_time\" content=\"2022-10-29T21:04:19+00:00\" \/>\n<meta property=\"og:image\" content=\"https:\/\/arteeluoghi.it\/wp-content\/uploads\/2022\/10\/Halloween-al-Castello.jpeg\" \/>\n\t<meta property=\"og:image:width\" content=\"1280\" \/>\n\t<meta property=\"og:image:height\" content=\"853\" \/>\n\t<meta property=\"og:image:type\" content=\"image\/jpeg\" \/>\n<meta name=\"twitter:card\" content=\"summary\" \/>\n<meta name=\"twitter:creator\" content=\"@arteeluoghi\" \/>\n<meta name=\"twitter:site\" content=\"@arteeluoghi\" \/>\n<meta name=\"twitter:label1\" content=\"Scritto da\" \/>\n\t<meta name=\"twitter:data1\" content=\"Staff\" \/>\n\t<meta name=\"twitter:label2\" content=\"Tempo di lettura stimato\" \/>\n\t<meta name=\"twitter:data2\" content=\"4 minuti\" \/>\n<script type=\"application\/ld+json\" class=\"yoast-schema-graph\">{\"@context\":\"https:\/\/schema.org\",\"@graph\":[{\"@type\":\"Organization\",\"@id\":\"https:\/\/arteeluoghi.it\/#organization\",\"name\":\"Arte e Luoghi\",\"url\":\"https:\/\/arteeluoghi.it\/\",\"sameAs\":[\"https:\/\/www.facebook.com\/ArteELuoghi\/\",\"https:\/\/www.instagram.com\/arteeluoghi\/?hl=it\",\"https:\/\/www.youtube.com\/channel\/UCuRVc4JW4-C5sg9rQB-srkw?view_as=subscriber\",\"https:\/\/twitter.com\/arteeluoghi\"],\"logo\":{\"@type\":\"ImageObject\",\"@id\":\"https:\/\/arteeluoghi.it\/#logo\",\"inLanguage\":\"it-IT\",\"url\":\"https:\/\/arteeluoghi.it\/wp-content\/uploads\/2018\/08\/logoinstagramarte.jpg\",\"contentUrl\":\"https:\/\/arteeluoghi.it\/wp-content\/uploads\/2018\/08\/logoinstagramarte.jpg\",\"width\":150,\"height\":150,\"caption\":\"Arte e Luoghi\"},\"image\":{\"@id\":\"https:\/\/arteeluoghi.it\/#logo\"}},{\"@type\":\"WebSite\",\"@id\":\"https:\/\/arteeluoghi.it\/#website\",\"url\":\"https:\/\/arteeluoghi.it\/\",\"name\":\"Arte e Luoghi\",\"description\":\"Mensile di arte, cultura, turismo e curiosit\u00e0\",\"publisher\":{\"@id\":\"https:\/\/arteeluoghi.it\/#organization\"},\"potentialAction\":[{\"@type\":\"SearchAction\",\"target\":{\"@type\":\"EntryPoint\",\"urlTemplate\":\"https:\/\/arteeluoghi.it\/?s={search_term_string}\"},\"query-input\":\"required name=search_term_string\"}],\"inLanguage\":\"it-IT\"},{\"@type\":\"ImageObject\",\"@id\":\"https:\/\/arteeluoghi.it\/index.php\/2022\/10\/29\/halloween-al-castello-carlo-v-di-lecce\/#primaryimage\",\"inLanguage\":\"it-IT\",\"url\":\"https:\/\/arteeluoghi.it\/wp-content\/uploads\/2022\/10\/Halloween-al-Castello.jpeg\",\"contentUrl\":\"https:\/\/arteeluoghi.it\/wp-content\/uploads\/2022\/10\/Halloween-al-Castello.jpeg\",\"width\":1280,\"height\":853},{\"@type\":\"WebPage\",\"@id\":\"https:\/\/arteeluoghi.it\/index.php\/2022\/10\/29\/halloween-al-castello-carlo-v-di-lecce\/#webpage\",\"url\":\"https:\/\/arteeluoghi.it\/index.php\/2022\/10\/29\/halloween-al-castello-carlo-v-di-lecce\/\",\"name\":\"Halloween al Castello Carlo V di Lecce | Arte e Luoghi\",\"isPartOf\":{\"@id\":\"https:\/\/arteeluoghi.it\/#website\"},\"primaryImageOfPage\":{\"@id\":\"https:\/\/arteeluoghi.it\/index.php\/2022\/10\/29\/halloween-al-castello-carlo-v-di-lecce\/#primaryimage\"},\"datePublished\":\"2022-10-29T21:04:16+00:00\",\"dateModified\":\"2022-10-29T21:04:19+00:00\",\"description\":\"Domenica 30 e luned\u00ec 31 ottobre, con un percorso speciale teatralizzato dedicato alla festa di Halloween\",\"breadcrumb\":{\"@id\":\"https:\/\/arteeluoghi.it\/index.php\/2022\/10\/29\/halloween-al-castello-carlo-v-di-lecce\/#breadcrumb\"},\"inLanguage\":\"it-IT\",\"potentialAction\":[{\"@type\":\"ReadAction\",\"target\":[\"https:\/\/arteeluoghi.it\/index.php\/2022\/10\/29\/halloween-al-castello-carlo-v-di-lecce\/\"]}]},{\"@type\":\"BreadcrumbList\",\"@id\":\"https:\/\/arteeluoghi.it\/index.php\/2022\/10\/29\/halloween-al-castello-carlo-v-di-lecce\/#breadcrumb\",\"itemListElement\":[{\"@type\":\"ListItem\",\"position\":1,\"name\":\"Home\",\"item\":\"https:\/\/arteeluoghi.it\/\"},{\"@type\":\"ListItem\",\"position\":2,\"name\":\"Halloween al Castello Carlo V di Lecce\"}]},{\"@type\":\"Article\",\"@id\":\"https:\/\/arteeluoghi.it\/index.php\/2022\/10\/29\/halloween-al-castello-carlo-v-di-lecce\/#article\",\"isPartOf\":{\"@id\":\"https:\/\/arteeluoghi.it\/index.php\/2022\/10\/29\/halloween-al-castello-carlo-v-di-lecce\/#webpage\"},\"author\":{\"@id\":\"https:\/\/arteeluoghi.it\/#\/schema\/person\/f84e814e36e91e01448ee07eaadd41d4\"},\"headline\":\"Halloween al Castello Carlo V di Lecce\",\"datePublished\":\"2022-10-29T21:04:16+00:00\",\"dateModified\":\"2022-10-29T21:04:19+00:00\",\"mainEntityOfPage\":{\"@id\":\"https:\/\/arteeluoghi.it\/index.php\/2022\/10\/29\/halloween-al-castello-carlo-v-di-lecce\/#webpage\"},\"wordCount\":671,\"commentCount\":0,\"publisher\":{\"@id\":\"https:\/\/arteeluoghi.it\/#organization\"},\"image\":{\"@id\":\"https:\/\/arteeluoghi.it\/index.php\/2022\/10\/29\/halloween-al-castello-carlo-v-di-lecce\/#primaryimage\"},\"thumbnailUrl\":\"https:\/\/arteeluoghi.it\/wp-content\/uploads\/2022\/10\/Halloween-al-Castello.jpeg\",\"keywords\":[\"Castello Carlo V\",\"Halloween\",\"Lecce\",\"Yoga\"],\"articleSection\":[\"escursioni\",\"Turismo | geografica-mente\"],\"inLanguage\":\"it-IT\",\"potentialAction\":[{\"@type\":\"CommentAction\",\"name\":\"Comment\",\"target\":[\"https:\/\/arteeluoghi.it\/index.php\/2022\/10\/29\/halloween-al-castello-carlo-v-di-lecce\/#respond\"]}]},{\"@type\":\"Person\",\"@id\":\"https:\/\/arteeluoghi.it\/#\/schema\/person\/f84e814e36e91e01448ee07eaadd41d4\",\"name\":\"Staff\",\"image\":{\"@type\":\"ImageObject\",\"@id\":\"https:\/\/arteeluoghi.it\/#personlogo\",\"inLanguage\":\"it-IT\",\"url\":\"https:\/\/secure.gravatar.com\/avatar\/49d2f9e46271bb04e19cebfaf141313a?s=96&d=blank&r=g\",\"contentUrl\":\"https:\/\/secure.gravatar.com\/avatar\/49d2f9e46271bb04e19cebfaf141313a?s=96&d=blank&r=g\",\"caption\":\"Staff\"}}]}<\/script>\n<!-- \/ Yoast SEO plugin. -->","yoast_head_json":{"title":"Halloween al Castello Carlo V di Lecce | Arte e Luoghi","description":"Domenica 30 e luned\u00ec 31 ottobre, con un percorso speciale teatralizzato dedicato alla festa di Halloween","robots":{"index":"index","follow":"follow","max-snippet":"max-snippet:-1","max-image-preview":"max-image-preview:large","max-video-preview":"max-video-preview:-1"},"canonical":"https:\/\/arteeluoghi.it\/index.php\/2022\/10\/29\/halloween-al-castello-carlo-v-di-lecce\/","og_locale":"it_IT","og_type":"article","og_title":"Halloween al Castello Carlo V di Lecce | Arte e Luoghi","og_description":"Domenica 30 e luned\u00ec 31 ottobre, con un percorso speciale teatralizzato dedicato alla festa di Halloween","og_url":"https:\/\/arteeluoghi.it\/index.php\/2022\/10\/29\/halloween-al-castello-carlo-v-di-lecce\/","og_site_name":"Arte e Luoghi","article_publisher":"https:\/\/www.facebook.com\/ArteELuoghi\/","article_published_time":"2022-10-29T21:04:16+00:00","article_modified_time":"2022-10-29T21:04:19+00:00","og_image":[{"width":1280,"height":853,"url":"https:\/\/arteeluoghi.it\/wp-content\/uploads\/2022\/10\/Halloween-al-Castello.jpeg","type":"image\/jpeg"}],"twitter_card":"summary","twitter_creator":"@arteeluoghi","twitter_site":"@arteeluoghi","twitter_misc":{"Scritto da":"Staff","Tempo di lettura stimato":"4 minuti"},"schema":{"@context":"https:\/\/schema.org","@graph":[{"@type":"Organization","@id":"https:\/\/arteeluoghi.it\/#organization","name":"Arte e Luoghi","url":"https:\/\/arteeluoghi.it\/","sameAs":["https:\/\/www.facebook.com\/ArteELuoghi\/","https:\/\/www.instagram.com\/arteeluoghi\/?hl=it","https:\/\/www.youtube.com\/channel\/UCuRVc4JW4-C5sg9rQB-srkw?view_as=subscriber","https:\/\/twitter.com\/arteeluoghi"],"logo":{"@type":"ImageObject","@id":"https:\/\/arteeluoghi.it\/#logo","inLanguage":"it-IT","url":"https:\/\/arteeluoghi.it\/wp-content\/uploads\/2018\/08\/logoinstagramarte.jpg","contentUrl":"https:\/\/arteeluoghi.it\/wp-content\/uploads\/2018\/08\/logoinstagramarte.jpg","width":150,"height":150,"caption":"Arte e Luoghi"},"image":{"@id":"https:\/\/arteeluoghi.it\/#logo"}},{"@type":"WebSite","@id":"https:\/\/arteeluoghi.it\/#website","url":"https:\/\/arteeluoghi.it\/","name":"Arte e Luoghi","description":"Mensile di arte, cultura, turismo e curiosit\u00e0","publisher":{"@id":"https:\/\/arteeluoghi.it\/#organization"},"potentialAction":[{"@type":"SearchAction","target":{"@type":"EntryPoint","urlTemplate":"https:\/\/arteeluoghi.it\/?s={search_term_string}"},"query-input":"required name=search_term_string"}],"inLanguage":"it-IT"},{"@type":"ImageObject","@id":"https:\/\/arteeluoghi.it\/index.php\/2022\/10\/29\/halloween-al-castello-carlo-v-di-lecce\/#primaryimage","inLanguage":"it-IT","url":"https:\/\/arteeluoghi.it\/wp-content\/uploads\/2022\/10\/Halloween-al-Castello.jpeg","contentUrl":"https:\/\/arteeluoghi.it\/wp-content\/uploads\/2022\/10\/Halloween-al-Castello.jpeg","width":1280,"height":853},{"@type":"WebPage","@id":"https:\/\/arteeluoghi.it\/index.php\/2022\/10\/29\/halloween-al-castello-carlo-v-di-lecce\/#webpage","url":"https:\/\/arteeluoghi.it\/index.php\/2022\/10\/29\/halloween-al-castello-carlo-v-di-lecce\/","name":"Halloween al Castello Carlo V di Lecce | Arte e Luoghi","isPartOf":{"@id":"https:\/\/arteeluoghi.it\/#website"},"primaryImageOfPage":{"@id":"https:\/\/arteeluoghi.it\/index.php\/2022\/10\/29\/halloween-al-castello-carlo-v-di-lecce\/#primaryimage"},"datePublished":"2022-10-29T21:04:16+00:00","dateModified":"2022-10-29T21:04:19+00:00","description":"Domenica 30 e luned\u00ec 31 ottobre, con un percorso speciale teatralizzato dedicato alla festa di Halloween","breadcrumb":{"@id":"https:\/\/arteeluoghi.it\/index.php\/2022\/10\/29\/halloween-al-castello-carlo-v-di-lecce\/#breadcrumb"},"inLanguage":"it-IT","potentialAction":[{"@type":"ReadAction","target":["https:\/\/arteeluoghi.it\/index.php\/2022\/10\/29\/halloween-al-castello-carlo-v-di-lecce\/"]}]},{"@type":"BreadcrumbList","@id":"https:\/\/arteeluoghi.it\/index.php\/2022\/10\/29\/halloween-al-castello-carlo-v-di-lecce\/#breadcrumb","itemListElement":[{"@type":"ListItem","position":1,"name":"Home","item":"https:\/\/arteeluoghi.it\/"},{"@type":"ListItem","position":2,"name":"Halloween al Castello Carlo V di Lecce"}]},{"@type":"Article","@id":"https:\/\/arteeluoghi.it\/index.php\/2022\/10\/29\/halloween-al-castello-carlo-v-di-lecce\/#article","isPartOf":{"@id":"https:\/\/arteeluoghi.it\/index.php\/2022\/10\/29\/halloween-al-castello-carlo-v-di-lecce\/#webpage"},"author":{"@id":"https:\/\/arteeluoghi.it\/#\/schema\/person\/f84e814e36e91e01448ee07eaadd41d4"},"headline":"Halloween al Castello Carlo V di Lecce","datePublished":"2022-10-29T21:04:16+00:00","dateModified":"2022-10-29T21:04:19+00:00","mainEntityOfPage":{"@id":"https:\/\/arteeluoghi.it\/index.php\/2022\/10\/29\/halloween-al-castello-carlo-v-di-lecce\/#webpage"},"wordCount":671,"commentCount":0,"publisher":{"@id":"https:\/\/arteeluoghi.it\/#organization"},"image":{"@id":"https:\/\/arteeluoghi.it\/index.php\/2022\/10\/29\/halloween-al-castello-carlo-v-di-lecce\/#primaryimage"},"thumbnailUrl":"https:\/\/arteeluoghi.it\/wp-content\/uploads\/2022\/10\/Halloween-al-Castello.jpeg","keywords":["Castello Carlo V","Halloween","Lecce","Yoga"],"articleSection":["escursioni","Turismo | geografica-mente"],"inLanguage":"it-IT","potentialAction":[{"@type":"CommentAction","name":"Comment","target":["https:\/\/arteeluoghi.it\/index.php\/2022\/10\/29\/halloween-al-castello-carlo-v-di-lecce\/#respond"]}]},{"@type":"Person","@id":"https:\/\/arteeluoghi.it\/#\/schema\/person\/f84e814e36e91e01448ee07eaadd41d4","name":"Staff","image":{"@type":"ImageObject","@id":"https:\/\/arteeluoghi.it\/#personlogo","inLanguage":"it-IT","url":"https:\/\/secure.gravatar.com\/avatar\/49d2f9e46271bb04e19cebfaf141313a?s=96&d=blank&r=g","contentUrl":"https:\/\/secure.gravatar.com\/avatar\/49d2f9e46271bb04e19cebfaf141313a?s=96&d=blank&r=g","caption":"Staff"}}]}},"_links":{"self":[{"href":"https:\/\/arteeluoghi.it\/index.php\/wp-json\/wp\/v2\/posts\/11937"}],"collection":[{"href":"https:\/\/arteeluoghi.it\/index.php\/wp-json\/wp\/v2\/posts"}],"about":[{"href":"https:\/\/arteeluoghi.it\/index.php\/wp-json\/wp\/v2\/types\/post"}],"author":[{"embeddable":true,"href":"https:\/\/arteeluoghi.it\/index.php\/wp-json\/wp\/v2\/users\/1"}],"replies":[{"embeddable":true,"href":"https:\/\/arteeluoghi.it\/index.php\/wp-json\/wp\/v2\/comments?post=11937"}],"version-history":[{"count":1,"href":"https:\/\/arteeluoghi.it\/index.php\/wp-json\/wp\/v2\/posts\/11937\/revisions"}],"predecessor-version":[{"id":11939,"href":"https:\/\/arteeluoghi.it\/index.php\/wp-json\/wp\/v2\/posts\/11937\/revisions\/11939"}],"wp:featuredmedia":[{"embeddable":true,"href":"https:\/\/arteeluoghi.it\/index.php\/wp-json\/wp\/v2\/media\/11938"}],"wp:attachment":[{"href":"https:\/\/arteeluoghi.it\/index.php\/wp-json\/wp\/v2\/media?parent=11937"}],"wp:term":[{"taxonomy":"category","embeddable":true,"href":"https:\/\/arteeluoghi.it\/index.php\/wp-json\/wp\/v2\/categories?post=11937"},{"taxonomy":"post_tag","embeddable":true,"href":"https:\/\/arteeluoghi.it\/index.php\/wp-json\/wp\/v2\/tags?post=11937"}],"curies":[{"name":"wp","href":"https:\/\/api.w.org\/{rel}","templated":true}]}}