{"id":11963,"date":"2022-11-01T16:03:00","date_gmt":"2022-11-01T15:03:00","guid":{"rendered":"https:\/\/arteeluoghi.it\/?p=11963"},"modified":"2022-10-30T16:08:48","modified_gmt":"2022-10-30T15:08:48","slug":"a-napoli-la-nuova-stagione-del-teatro-cilea","status":"publish","type":"post","link":"https:\/\/arteeluoghi.it\/index.php\/2022\/11\/01\/a-napoli-la-nuova-stagione-del-teatro-cilea\/","title":{"rendered":"A Napoli la nuova stagione  del Teatro Cilea"},"content":{"rendered":"\n<blockquote class=\"wp-block-quote\"><p>Con la direzione artistica di Lello Arena, in arrivo Arturo Brachetti, Ornella Muti, Marco Bocci, Ficarra e Picone, ELIO, Peppe Iodice, Nino Frassica, Paolo Caiazzo, Maurizio Casagrande, Andrea Delogu, Eduardo De Crescenzo, Deborah Villa, Simone Schettino, i musical su Janis Joplin e Pino Daniele, Andrea Sannino, Peppe Barra e Maria Nazionale<\/p><\/blockquote>\n\n\n\n<p>Saranno due imperdibili eventi musicali ad aprire la nuova stagione del Teatro Cilea con la direzione artistica di Lello Arena che porter\u00e0 sul palco artisti di fama nazionale e internazionale. Si comincer\u00e0 il 3 novembre con Take another little piece of my heart, la straordinaria storia della rocker americana Janis Joplin, voce inconfondibile e tra le pi\u00f9 originali e inarrivabili del circo rock mondiale raccontata nello spettacolo diretto da. In occasione del 52mo anniversario della sua morte il regista Davide del Grosso presenta dal 3 al 6 novembre lo spettacolo ideato da Luca Cecchelli con in scena l\u2019attrice Marta Mungo in compagnia dello stesso Del Grosso che ha curato anche il testo e i video. Sulla scena l\u2019attrice e l\u2019attore evocano, in un dialogo metateatrale, il mondo della Joplin attraverso articoli, pagine intime di diario, lettere e ovviamente musica. Quella degli anni 70 come come un emblema dell\u2019adolescenza, capace di portarsi addosso tanto l\u2019incredibile potere di curiosit\u00e0 ed espansione dell\u2019et\u00e0 giovanile, quanto le domande, il disagio, la malinconia e i rischi inevitabilmente ad essa legate.<br>Marted\u00ec 8 novembre (in replica il 22 novembre e poi il 13 e 20 dicembre) sar\u00e0 la volta di \u201cAvvenne a Napoli\u201d passione per voce e piano\u201d il nuovo spettacolo di Eduardo De Crescenzo. Un disco, un libro, un concerto. Questi gli elementi che portano Eduardo De Crescenzo, nel pieno della sua maturit\u00e0 espressiva, ad omaggiare le sue radici culturali. Il cantautore rilegge la canzone classica napoletana dai suoi esordi, intorno al 1800, fino al 1950, quando con lo sbarco degli alleati americani arriver\u00e0 in Italia il jazz e la musica cambier\u00e0 per sempre. La sua voce iconica affronta magistralmente, per la prima volta, 20 grandi classici di \u201cun repertorio che gli appartiene per DNA\u201d, come dice Federico Vacalebre, giornalista e critico musicale, nel suo libro \u201cStorie del canzoniere napoletano\u201d che accompagna la pubblicazione dell\u2019album. Come in una macchina del tempo, alla ricerca del suono perduto, Eduardo e Julian Oliver Mazzariello, trasportano l\u2019ascoltatore nelle atmosfere di un mondo artistico incantato che raccont\u00f2 in versi e in musica, la bellezza della citt\u00e0 e il suo umano sentire. Su alcuni brani interviene, riconoscibile e suggestiva, la fisarmonica di Eduardo, strumento che divent\u00f2 popolarissimo in quel tempo, a suggello dell\u2019enorme successo di quella \u201cCanzone d\u2019Arte\u201d, esclusiva e colta, e che pure riusc\u00ec a penetrare nelle case di tutti, anche di chi non poteva permettersi di comprare un pianoforte. In scaletta brani classici che hanno scritto la storia della canzone napolteana, come &#8220;Fenesta vascia\u201d, &#8220;Era de maggio\u201d, \u201c \u2018A vucchella\u201d, &#8220;I\u2019 te vurria vasa\u2019 &#8220;Te voglio bene assaje\u201d, &#8220;Voce \u2018e notte\u201d, &#8220;Che t\u2019aggia di\u2019 \u201c, &#8220;Munasterio \u2018e Santa Chiara\u201d e &#8220;Luna rossa&#8221; solo per citarne alcuni. La stagione proseguir\u00e0 il 10 novembre con Maurizio Casagrande in \u201cAtu per tre\u201d con Ania Cecilia e Claudia Vietri, il 1\u00b0 dicembre con Elio in \u201cCi vuole orecchio\u201d spettacolo in cui Elio canta e recita Enzo Jannacci per la regia di Giorgio Gallione. Dall\u20198 dicembre il noto duo siciliano, Ficarra e Picone, in La smorgia con Lello Arena; dal 15 Andrea Delogu con \u201c40 e sto\u201d diretta da Enrico Zaccheo. Dal 12 gennaio la stagione riprende con Nino Frassica &amp; Los Plaggers Band nel Tour 2000\/3000 mentre il 26 gennaio sar\u00e0 la volta di Ornella Muti in \u201cIl pittore di cadaveri\u201d di Mark Borkowsky &#8211; Regia Enrico Maria Lamanna<br>Dal 2 marzo l\u2019ilarit\u00e0 pi\u00f9 sfrenata con Peppe Iodice in Peppytoriale con la regia Francesco Mastandrea mentre il 13 aprile imperdibile concerto di Peppe Barra<br>Dal 20 aprile sar\u00e0 in scena la comicit\u00e0 di Paolo Caiazzo in \u201cEHI\u2026PROF! Posso venire la prossima volta?. Ma il cartellone riserva anche tante sorprese negli speciali tra i quali vi anticipiamo lo spettacolo in programma il 14 febbraio, Musicanti, il musical con le canzoni di PIno Daniele di Alessandra Della Guardia e Urbano Lione e la direzione artistica Fabio Massimo Colasanti e dal 2 febbraio Lello Arena in Aspettando Godot con Massimo Andrei che firma anche la regia della pi\u00e8ce.<br>E per venire incontro alle esigenze di tutti gli spettatori, Componi il tuo abbonamento!\u201d una formula innovativa che consente di poter rateizzare l\u2019abbonamento (senza interessi a partire da euro 14,99 al mese)<br>Teatro Cilea<br>Napoli, Via S. Domenico, 11<br>Tel. 081 714 1801<br>https:\/\/teatrocilea.it\/<\/p>\n","protected":false},"excerpt":{"rendered":"<p>Con la direzione artistica di Lello Arena, in arrivo Arturo Brachetti, Ornella Muti, Marco Bocci, Ficarra e Picone, ELIO, Peppe<\/p>\n","protected":false},"author":1,"featured_media":11964,"comment_status":"open","ping_status":"open","sticky":true,"template":"","format":"standard","meta":[],"categories":[12,13],"tags":[4502,4506,4497,4492,4505,4494,4499,4495,4491,4500,4507,4493,4503,235,160,3134,4496,4501,681,4498,4504,377,4490],"yoast_head":"<!-- This site is optimized with the Yoast SEO plugin v18.0 - https:\/\/yoast.com\/wordpress\/plugins\/seo\/ -->\n<title>A Napoli la nuova stagione del Teatro Cilea | Arte e Luoghi<\/title>\n<meta name=\"description\" content=\"Con la direzione artistica di Lello Arena, in arrivo Arturo Brachetti, Ornella Muti, Marco Bocci, Ficarra e Picone, ELIO, Peppe Iodice,\" \/>\n<meta name=\"robots\" content=\"index, follow, max-snippet:-1, max-image-preview:large, max-video-preview:-1\" \/>\n<link rel=\"canonical\" href=\"https:\/\/arteeluoghi.it\/index.php\/2022\/11\/01\/a-napoli-la-nuova-stagione-del-teatro-cilea\/\" \/>\n<meta property=\"og:locale\" content=\"it_IT\" \/>\n<meta property=\"og:type\" content=\"article\" \/>\n<meta property=\"og:title\" content=\"A Napoli la nuova stagione del Teatro Cilea | Arte e Luoghi\" \/>\n<meta property=\"og:description\" content=\"Con la direzione artistica di Lello Arena, in arrivo Arturo Brachetti, Ornella Muti, Marco Bocci, Ficarra e Picone, ELIO, Peppe Iodice,\" \/>\n<meta property=\"og:url\" content=\"https:\/\/arteeluoghi.it\/index.php\/2022\/11\/01\/a-napoli-la-nuova-stagione-del-teatro-cilea\/\" \/>\n<meta property=\"og:site_name\" content=\"Arte e Luoghi\" \/>\n<meta property=\"article:publisher\" content=\"https:\/\/www.facebook.com\/ArteELuoghi\/\" \/>\n<meta property=\"article:published_time\" content=\"2022-11-01T15:03:00+00:00\" \/>\n<meta property=\"article:modified_time\" content=\"2022-10-30T15:08:48+00:00\" \/>\n<meta property=\"og:image\" content=\"https:\/\/arteeluoghi.it\/wp-content\/uploads\/2022\/10\/LelloArena.jpg\" \/>\n\t<meta property=\"og:image:width\" content=\"600\" \/>\n\t<meta property=\"og:image:height\" content=\"904\" \/>\n\t<meta property=\"og:image:type\" content=\"image\/jpeg\" \/>\n<meta name=\"twitter:card\" content=\"summary\" \/>\n<meta name=\"twitter:creator\" content=\"@arteeluoghi\" \/>\n<meta name=\"twitter:site\" content=\"@arteeluoghi\" \/>\n<meta name=\"twitter:label1\" content=\"Scritto da\" \/>\n\t<meta name=\"twitter:data1\" content=\"Staff\" \/>\n\t<meta name=\"twitter:label2\" content=\"Tempo di lettura stimato\" \/>\n\t<meta name=\"twitter:data2\" content=\"5 minuti\" \/>\n<script type=\"application\/ld+json\" class=\"yoast-schema-graph\">{\"@context\":\"https:\/\/schema.org\",\"@graph\":[{\"@type\":\"Organization\",\"@id\":\"https:\/\/arteeluoghi.it\/#organization\",\"name\":\"Arte e Luoghi\",\"url\":\"https:\/\/arteeluoghi.it\/\",\"sameAs\":[\"https:\/\/www.facebook.com\/ArteELuoghi\/\",\"https:\/\/www.instagram.com\/arteeluoghi\/?hl=it\",\"https:\/\/www.youtube.com\/channel\/UCuRVc4JW4-C5sg9rQB-srkw?view_as=subscriber\",\"https:\/\/twitter.com\/arteeluoghi\"],\"logo\":{\"@type\":\"ImageObject\",\"@id\":\"https:\/\/arteeluoghi.it\/#logo\",\"inLanguage\":\"it-IT\",\"url\":\"https:\/\/arteeluoghi.it\/wp-content\/uploads\/2018\/08\/logoinstagramarte.jpg\",\"contentUrl\":\"https:\/\/arteeluoghi.it\/wp-content\/uploads\/2018\/08\/logoinstagramarte.jpg\",\"width\":150,\"height\":150,\"caption\":\"Arte e Luoghi\"},\"image\":{\"@id\":\"https:\/\/arteeluoghi.it\/#logo\"}},{\"@type\":\"WebSite\",\"@id\":\"https:\/\/arteeluoghi.it\/#website\",\"url\":\"https:\/\/arteeluoghi.it\/\",\"name\":\"Arte e Luoghi\",\"description\":\"Mensile di arte, cultura, turismo e curiosit\u00e0\",\"publisher\":{\"@id\":\"https:\/\/arteeluoghi.it\/#organization\"},\"potentialAction\":[{\"@type\":\"SearchAction\",\"target\":{\"@type\":\"EntryPoint\",\"urlTemplate\":\"https:\/\/arteeluoghi.it\/?s={search_term_string}\"},\"query-input\":\"required name=search_term_string\"}],\"inLanguage\":\"it-IT\"},{\"@type\":\"ImageObject\",\"@id\":\"https:\/\/arteeluoghi.it\/index.php\/2022\/11\/01\/a-napoli-la-nuova-stagione-del-teatro-cilea\/#primaryimage\",\"inLanguage\":\"it-IT\",\"url\":\"https:\/\/arteeluoghi.it\/wp-content\/uploads\/2022\/10\/LelloArena.jpg\",\"contentUrl\":\"https:\/\/arteeluoghi.it\/wp-content\/uploads\/2022\/10\/LelloArena.jpg\",\"width\":600,\"height\":904},{\"@type\":\"WebPage\",\"@id\":\"https:\/\/arteeluoghi.it\/index.php\/2022\/11\/01\/a-napoli-la-nuova-stagione-del-teatro-cilea\/#webpage\",\"url\":\"https:\/\/arteeluoghi.it\/index.php\/2022\/11\/01\/a-napoli-la-nuova-stagione-del-teatro-cilea\/\",\"name\":\"A Napoli la nuova stagione del Teatro Cilea | Arte e Luoghi\",\"isPartOf\":{\"@id\":\"https:\/\/arteeluoghi.it\/#website\"},\"primaryImageOfPage\":{\"@id\":\"https:\/\/arteeluoghi.it\/index.php\/2022\/11\/01\/a-napoli-la-nuova-stagione-del-teatro-cilea\/#primaryimage\"},\"datePublished\":\"2022-11-01T15:03:00+00:00\",\"dateModified\":\"2022-10-30T15:08:48+00:00\",\"description\":\"Con la direzione artistica di Lello Arena, in arrivo Arturo Brachetti, Ornella Muti, Marco Bocci, Ficarra e Picone, ELIO, Peppe Iodice,\",\"breadcrumb\":{\"@id\":\"https:\/\/arteeluoghi.it\/index.php\/2022\/11\/01\/a-napoli-la-nuova-stagione-del-teatro-cilea\/#breadcrumb\"},\"inLanguage\":\"it-IT\",\"potentialAction\":[{\"@type\":\"ReadAction\",\"target\":[\"https:\/\/arteeluoghi.it\/index.php\/2022\/11\/01\/a-napoli-la-nuova-stagione-del-teatro-cilea\/\"]}]},{\"@type\":\"BreadcrumbList\",\"@id\":\"https:\/\/arteeluoghi.it\/index.php\/2022\/11\/01\/a-napoli-la-nuova-stagione-del-teatro-cilea\/#breadcrumb\",\"itemListElement\":[{\"@type\":\"ListItem\",\"position\":1,\"name\":\"Home\",\"item\":\"https:\/\/arteeluoghi.it\/\"},{\"@type\":\"ListItem\",\"position\":2,\"name\":\"A Napoli la nuova stagione del Teatro Cilea\"}]},{\"@type\":\"Article\",\"@id\":\"https:\/\/arteeluoghi.it\/index.php\/2022\/11\/01\/a-napoli-la-nuova-stagione-del-teatro-cilea\/#article\",\"isPartOf\":{\"@id\":\"https:\/\/arteeluoghi.it\/index.php\/2022\/11\/01\/a-napoli-la-nuova-stagione-del-teatro-cilea\/#webpage\"},\"author\":{\"@id\":\"https:\/\/arteeluoghi.it\/#\/schema\/person\/f84e814e36e91e01448ee07eaadd41d4\"},\"headline\":\"A Napoli la nuova stagione del Teatro Cilea\",\"datePublished\":\"2022-11-01T15:03:00+00:00\",\"dateModified\":\"2022-10-30T15:08:48+00:00\",\"mainEntityOfPage\":{\"@id\":\"https:\/\/arteeluoghi.it\/index.php\/2022\/11\/01\/a-napoli-la-nuova-stagione-del-teatro-cilea\/#webpage\"},\"wordCount\":749,\"commentCount\":0,\"publisher\":{\"@id\":\"https:\/\/arteeluoghi.it\/#organization\"},\"image\":{\"@id\":\"https:\/\/arteeluoghi.it\/index.php\/2022\/11\/01\/a-napoli-la-nuova-stagione-del-teatro-cilea\/#primaryimage\"},\"thumbnailUrl\":\"https:\/\/arteeluoghi.it\/wp-content\/uploads\/2022\/10\/LelloArena.jpg\",\"keywords\":[\"Andrea Delogu\",\"Andrea Sannino\",\"Arturo Brachetti\",\"Davide del Grosso\",\"Deborah Villa\",\"Eduardo De Crescenzo\",\"ELIO\",\"Ficarra e Picone\",\"Lello Arena\",\"Marco Bocci\",\"Maria Nazionale\",\"Marta mUngo\",\"Maurizio Casagrande\",\"musica\",\"Napoli\",\"Nino Frassica\",\"Ornella Muti\",\"Paolo Caiazzo\",\"Peppe Barra\",\"Peppe Iodice\",\"Simone Schettino\",\"teatro\",\"Teatro Cilea\"],\"articleSection\":[\"MUSICA\",\"teatro\"],\"inLanguage\":\"it-IT\",\"potentialAction\":[{\"@type\":\"CommentAction\",\"name\":\"Comment\",\"target\":[\"https:\/\/arteeluoghi.it\/index.php\/2022\/11\/01\/a-napoli-la-nuova-stagione-del-teatro-cilea\/#respond\"]}]},{\"@type\":\"Person\",\"@id\":\"https:\/\/arteeluoghi.it\/#\/schema\/person\/f84e814e36e91e01448ee07eaadd41d4\",\"name\":\"Staff\",\"image\":{\"@type\":\"ImageObject\",\"@id\":\"https:\/\/arteeluoghi.it\/#personlogo\",\"inLanguage\":\"it-IT\",\"url\":\"https:\/\/secure.gravatar.com\/avatar\/49d2f9e46271bb04e19cebfaf141313a?s=96&d=blank&r=g\",\"contentUrl\":\"https:\/\/secure.gravatar.com\/avatar\/49d2f9e46271bb04e19cebfaf141313a?s=96&d=blank&r=g\",\"caption\":\"Staff\"}}]}<\/script>\n<!-- \/ Yoast SEO plugin. -->","yoast_head_json":{"title":"A Napoli la nuova stagione del Teatro Cilea | Arte e Luoghi","description":"Con la direzione artistica di Lello Arena, in arrivo Arturo Brachetti, Ornella Muti, Marco Bocci, Ficarra e Picone, ELIO, Peppe Iodice,","robots":{"index":"index","follow":"follow","max-snippet":"max-snippet:-1","max-image-preview":"max-image-preview:large","max-video-preview":"max-video-preview:-1"},"canonical":"https:\/\/arteeluoghi.it\/index.php\/2022\/11\/01\/a-napoli-la-nuova-stagione-del-teatro-cilea\/","og_locale":"it_IT","og_type":"article","og_title":"A Napoli la nuova stagione del Teatro Cilea | Arte e Luoghi","og_description":"Con la direzione artistica di Lello Arena, in arrivo Arturo Brachetti, Ornella Muti, Marco Bocci, Ficarra e Picone, ELIO, Peppe Iodice,","og_url":"https:\/\/arteeluoghi.it\/index.php\/2022\/11\/01\/a-napoli-la-nuova-stagione-del-teatro-cilea\/","og_site_name":"Arte e Luoghi","article_publisher":"https:\/\/www.facebook.com\/ArteELuoghi\/","article_published_time":"2022-11-01T15:03:00+00:00","article_modified_time":"2022-10-30T15:08:48+00:00","og_image":[{"width":600,"height":904,"url":"https:\/\/arteeluoghi.it\/wp-content\/uploads\/2022\/10\/LelloArena.jpg","type":"image\/jpeg"}],"twitter_card":"summary","twitter_creator":"@arteeluoghi","twitter_site":"@arteeluoghi","twitter_misc":{"Scritto da":"Staff","Tempo di lettura stimato":"5 minuti"},"schema":{"@context":"https:\/\/schema.org","@graph":[{"@type":"Organization","@id":"https:\/\/arteeluoghi.it\/#organization","name":"Arte e Luoghi","url":"https:\/\/arteeluoghi.it\/","sameAs":["https:\/\/www.facebook.com\/ArteELuoghi\/","https:\/\/www.instagram.com\/arteeluoghi\/?hl=it","https:\/\/www.youtube.com\/channel\/UCuRVc4JW4-C5sg9rQB-srkw?view_as=subscriber","https:\/\/twitter.com\/arteeluoghi"],"logo":{"@type":"ImageObject","@id":"https:\/\/arteeluoghi.it\/#logo","inLanguage":"it-IT","url":"https:\/\/arteeluoghi.it\/wp-content\/uploads\/2018\/08\/logoinstagramarte.jpg","contentUrl":"https:\/\/arteeluoghi.it\/wp-content\/uploads\/2018\/08\/logoinstagramarte.jpg","width":150,"height":150,"caption":"Arte e Luoghi"},"image":{"@id":"https:\/\/arteeluoghi.it\/#logo"}},{"@type":"WebSite","@id":"https:\/\/arteeluoghi.it\/#website","url":"https:\/\/arteeluoghi.it\/","name":"Arte e Luoghi","description":"Mensile di arte, cultura, turismo e curiosit\u00e0","publisher":{"@id":"https:\/\/arteeluoghi.it\/#organization"},"potentialAction":[{"@type":"SearchAction","target":{"@type":"EntryPoint","urlTemplate":"https:\/\/arteeluoghi.it\/?s={search_term_string}"},"query-input":"required name=search_term_string"}],"inLanguage":"it-IT"},{"@type":"ImageObject","@id":"https:\/\/arteeluoghi.it\/index.php\/2022\/11\/01\/a-napoli-la-nuova-stagione-del-teatro-cilea\/#primaryimage","inLanguage":"it-IT","url":"https:\/\/arteeluoghi.it\/wp-content\/uploads\/2022\/10\/LelloArena.jpg","contentUrl":"https:\/\/arteeluoghi.it\/wp-content\/uploads\/2022\/10\/LelloArena.jpg","width":600,"height":904},{"@type":"WebPage","@id":"https:\/\/arteeluoghi.it\/index.php\/2022\/11\/01\/a-napoli-la-nuova-stagione-del-teatro-cilea\/#webpage","url":"https:\/\/arteeluoghi.it\/index.php\/2022\/11\/01\/a-napoli-la-nuova-stagione-del-teatro-cilea\/","name":"A Napoli la nuova stagione del Teatro Cilea | Arte e Luoghi","isPartOf":{"@id":"https:\/\/arteeluoghi.it\/#website"},"primaryImageOfPage":{"@id":"https:\/\/arteeluoghi.it\/index.php\/2022\/11\/01\/a-napoli-la-nuova-stagione-del-teatro-cilea\/#primaryimage"},"datePublished":"2022-11-01T15:03:00+00:00","dateModified":"2022-10-30T15:08:48+00:00","description":"Con la direzione artistica di Lello Arena, in arrivo Arturo Brachetti, Ornella Muti, Marco Bocci, Ficarra e Picone, ELIO, Peppe Iodice,","breadcrumb":{"@id":"https:\/\/arteeluoghi.it\/index.php\/2022\/11\/01\/a-napoli-la-nuova-stagione-del-teatro-cilea\/#breadcrumb"},"inLanguage":"it-IT","potentialAction":[{"@type":"ReadAction","target":["https:\/\/arteeluoghi.it\/index.php\/2022\/11\/01\/a-napoli-la-nuova-stagione-del-teatro-cilea\/"]}]},{"@type":"BreadcrumbList","@id":"https:\/\/arteeluoghi.it\/index.php\/2022\/11\/01\/a-napoli-la-nuova-stagione-del-teatro-cilea\/#breadcrumb","itemListElement":[{"@type":"ListItem","position":1,"name":"Home","item":"https:\/\/arteeluoghi.it\/"},{"@type":"ListItem","position":2,"name":"A Napoli la nuova stagione del Teatro Cilea"}]},{"@type":"Article","@id":"https:\/\/arteeluoghi.it\/index.php\/2022\/11\/01\/a-napoli-la-nuova-stagione-del-teatro-cilea\/#article","isPartOf":{"@id":"https:\/\/arteeluoghi.it\/index.php\/2022\/11\/01\/a-napoli-la-nuova-stagione-del-teatro-cilea\/#webpage"},"author":{"@id":"https:\/\/arteeluoghi.it\/#\/schema\/person\/f84e814e36e91e01448ee07eaadd41d4"},"headline":"A Napoli la nuova stagione del Teatro Cilea","datePublished":"2022-11-01T15:03:00+00:00","dateModified":"2022-10-30T15:08:48+00:00","mainEntityOfPage":{"@id":"https:\/\/arteeluoghi.it\/index.php\/2022\/11\/01\/a-napoli-la-nuova-stagione-del-teatro-cilea\/#webpage"},"wordCount":749,"commentCount":0,"publisher":{"@id":"https:\/\/arteeluoghi.it\/#organization"},"image":{"@id":"https:\/\/arteeluoghi.it\/index.php\/2022\/11\/01\/a-napoli-la-nuova-stagione-del-teatro-cilea\/#primaryimage"},"thumbnailUrl":"https:\/\/arteeluoghi.it\/wp-content\/uploads\/2022\/10\/LelloArena.jpg","keywords":["Andrea Delogu","Andrea Sannino","Arturo Brachetti","Davide del Grosso","Deborah Villa","Eduardo De Crescenzo","ELIO","Ficarra e Picone","Lello Arena","Marco Bocci","Maria Nazionale","Marta mUngo","Maurizio Casagrande","musica","Napoli","Nino Frassica","Ornella Muti","Paolo Caiazzo","Peppe Barra","Peppe Iodice","Simone Schettino","teatro","Teatro Cilea"],"articleSection":["MUSICA","teatro"],"inLanguage":"it-IT","potentialAction":[{"@type":"CommentAction","name":"Comment","target":["https:\/\/arteeluoghi.it\/index.php\/2022\/11\/01\/a-napoli-la-nuova-stagione-del-teatro-cilea\/#respond"]}]},{"@type":"Person","@id":"https:\/\/arteeluoghi.it\/#\/schema\/person\/f84e814e36e91e01448ee07eaadd41d4","name":"Staff","image":{"@type":"ImageObject","@id":"https:\/\/arteeluoghi.it\/#personlogo","inLanguage":"it-IT","url":"https:\/\/secure.gravatar.com\/avatar\/49d2f9e46271bb04e19cebfaf141313a?s=96&d=blank&r=g","contentUrl":"https:\/\/secure.gravatar.com\/avatar\/49d2f9e46271bb04e19cebfaf141313a?s=96&d=blank&r=g","caption":"Staff"}}]}},"_links":{"self":[{"href":"https:\/\/arteeluoghi.it\/index.php\/wp-json\/wp\/v2\/posts\/11963"}],"collection":[{"href":"https:\/\/arteeluoghi.it\/index.php\/wp-json\/wp\/v2\/posts"}],"about":[{"href":"https:\/\/arteeluoghi.it\/index.php\/wp-json\/wp\/v2\/types\/post"}],"author":[{"embeddable":true,"href":"https:\/\/arteeluoghi.it\/index.php\/wp-json\/wp\/v2\/users\/1"}],"replies":[{"embeddable":true,"href":"https:\/\/arteeluoghi.it\/index.php\/wp-json\/wp\/v2\/comments?post=11963"}],"version-history":[{"count":1,"href":"https:\/\/arteeluoghi.it\/index.php\/wp-json\/wp\/v2\/posts\/11963\/revisions"}],"predecessor-version":[{"id":11965,"href":"https:\/\/arteeluoghi.it\/index.php\/wp-json\/wp\/v2\/posts\/11963\/revisions\/11965"}],"wp:featuredmedia":[{"embeddable":true,"href":"https:\/\/arteeluoghi.it\/index.php\/wp-json\/wp\/v2\/media\/11964"}],"wp:attachment":[{"href":"https:\/\/arteeluoghi.it\/index.php\/wp-json\/wp\/v2\/media?parent=11963"}],"wp:term":[{"taxonomy":"category","embeddable":true,"href":"https:\/\/arteeluoghi.it\/index.php\/wp-json\/wp\/v2\/categories?post=11963"},{"taxonomy":"post_tag","embeddable":true,"href":"https:\/\/arteeluoghi.it\/index.php\/wp-json\/wp\/v2\/tags?post=11963"}],"curies":[{"name":"wp","href":"https:\/\/api.w.org\/{rel}","templated":true}]}}