{"id":1208,"date":"2013-07-04T22:34:38","date_gmt":"2013-07-04T20:34:38","guid":{"rendered":"http:\/\/arteeluoghi.it\/index.php\/2013\/07\/04\/i-visionari-assemblaggi-di-giuseppe-ciraci\/"},"modified":"2013-07-04T22:34:38","modified_gmt":"2013-07-04T20:34:38","slug":"i-visionari-assemblaggi-di-giuseppe-ciraci","status":"publish","type":"post","link":"https:\/\/arteeluoghi.it\/index.php\/2013\/07\/04\/i-visionari-assemblaggi-di-giuseppe-ciraci\/","title":{"rendered":"I visionari assemblaggi di Giuseppe Cirac\u00ec"},"content":{"rendered":"<p><img src=\"\/images\/Locandinaciraci.jpg\" border=\"0\" title=\"la locandina dell'evento\" width=\"300\" style=\"margin: 21px; border: 1px solid black; float: left;\" \/>Dal 5 luglio a Lecce, nelle sale di Palazzo Vernazza Castromediano, la personale dell&#8217;artista<strong><br \/><\/strong><\/p>\n<p style=\"text-align: left;\" align=\"center\"><span style=\"font-size: small;\"><strong>A WINDSOR<\/strong><\/span><\/p>\n<p><strong>Venerd\u00ec 5 luglio, alle ore 20, a Palazzo Vernazza Castromediano<\/strong> di Lecce, verr\u00e0 inaugurata A Windsor, la\u00a0 personale di <strong>Giuseppe Cirac\u00ec<\/strong>, a cura di <strong>Martina Cavallarin<\/strong> e <strong>Massimo Guastella<\/strong>. Si tratta di una grande raccolta di opere a ciclo aperto incentrate sullo studio del tema anatomico. Le carte leonardesche di Windsor sono infatti, le fondamenta su cui Cirac\u00ec costruisce opere di sorprendenti intensit\u00e0 e novit\u00e0.<\/p>\n<p>L\u2019evento \u00e8 organizzato da CO61 Arte Contemporanea di <strong>Gianmichele Arrivo<\/strong> e ROSSOCONTEMPORANEO di <strong>Angelo Raffaele Villani. <\/strong>In mostra il catalogo di <strong>Giuseppe Cirac\u00ec<\/strong>, Opere, edito da Mario Congedo di Galatina, il n.4 della Collana Tasc Territorio, Arti Visive e Storia dell\u2019Arte Contemporanea dell\u2019Universit\u00e0 del Salento, con i testi di Massimo Guastella e Martina Cavallarin, che prenderanno parte alla serata.<\/p>\n<p>Le carte leonardesche di Windsor sono infatti, le fondamenta su cui Cirac\u00ec costruisce opere di sorprendenti intensit\u00e0 e novit\u00e0. Secondo Massimo Guastella, docente presso l&#8217;Universit\u00e0 del Salento e critico d&#8217;arte, <em>\u201cQueste \u201cpagine\u201d attraggono per il denso viluppo visivo e concettuale che costituisce il percorso semantico e mentale verso cui \u00e8 condotto lo sguardo del fruitore\u201d<\/em>. Cos\u00ec Giuseppe Cirac\u00ec sceglie Leonardo da Vinci, il massimo artefice di progetti che guardano al futuro, e <em>\u201csentendosi epigono della tradizione, la prosegue e la modifica perpetuando la testimonianza del proprio tempo, consapevole che il confine \u00e8 sempre pi\u00f9 sottile\u201d.<\/em><\/p>\n<p>\u00a0<\/p>\n<p>  <!--more-->  <\/p>\n<p><img src=\"\/images\/attesaciraci.jpg\" border=\"0\" title=\" Giuseppe Ciraci, Attesa\" width=\"300\" style=\"float: right; margin: 21px; border: 1px solid black;\" \/><\/p>\n<p>L\u2019analisi di Martina Cavallarin critica e curatrice, che segue da diversi anni l\u2019evoluzione artistica di Cirac\u00ec, parte da un assunto: <em>\u201cl\u2019arte possiede l\u2019arma dell\u2019Impertinenza: sfuggente, endemica e fisiologica, difficile e incatalogabile. l\u2019Impertinenza \u00e8 l\u2019Opera d\u2019Arte, e questa fa la differenza. Se la necessit\u00e0 di Cirac\u00ec &#8211; necessit\u00e0 in bilico tra iper-realismo e un concettualismo colto e ricercato &#8211; risiede nel riuscire a spostare l\u2019inerzia della pittura tradizionale, la pratica sta godendo di evoluzione mentale e formale traducendosi in una condizione di partecipazione e di relazione oggettuale nella proposta di un impiego alternativo dello sguardo che deve funzionare, come in questo ciclo A Windsor, secondo una diversa autonomia e reinventata sotto-realt\u00e0\u201d.<\/em> Il metodo di Cirac\u00ec \u00e8 rigoroso e minuzioso. Fatto di sovrapposizioni e sapienti assemblaggi, giochi di raffinati chiaroscuri in cui matita e pennello imprimono sulla carta potenti effetti tridimensionali. Al centro delle sue rappresentazioni abitano volti o squarci di corpi e tuttavia <em>\u201cl\u2019immagine adoperata resta fuori da ogni memoria celebrativa, bench\u00e9 appartenente al suo mondo reale, alla sfera degli affetti e della partecipazione emotiva o quotidiana, e non si riduce mai a puro involucro\u201d.<\/em><\/p>\n<p>\u00a0<\/p>\n<p>Diversi linguaggi sensoriali si mescoleranno per dare corpo ad un evento che \u00e8 arte e vita insieme. L\u2019exhibition infatti sar\u00e0 accompagnata ed impreziosita dalla degustazione dei pregiati vini delle Cantine Menhir Salento, nati dal connubio tra passione e progresso e dalle note flautate del quartetto Mediterraneo composto da Marco Delisi, Carmela Rita Guarino, Marilisa Maselli e Gabriele Guerrieri, un gruppo di recente formazione che armonizza al suo interno elementi di grande energia e talento.<\/p>\n<p><img src=\"\/images\/mar.jpg\" border=\"0\" title=\"Giuseppe Ciraci\" width=\"300\" style=\"float: left; margin: 21px; border: 1px solid black;\" \/>In mostra il catalogo di Giuseppe Cirac\u00ec, <em>Opere<\/em>, edito da Mario Congedo di Galatina, il n.4 della Collana Tasc Territorio, Arti Visive e Storia dell&#8217;Arte Contemporanea dell&#8217;Universit\u00e0 del Salento, con i testi di Massimo Guastella e Martina Cavallarin, che prenderanno parte alla serata.<\/p>\n<p>Con il patrocinio del Comune di Lecce, Provincia e Regione Puglia, l\u2019evento concorre alla candidatura di Lecce citt\u00e0 della Cultura 2019. In collaborazione con Laboratorio TASC dipartimento di Beni Culturali Universit\u00e0 del Salento, CRACC Srl spin-offf Universit\u00e0 del Salento e Scatolabianca Milano, media partner della serata InOnda Webtv.<\/p>\n<p>L\u2019evento \u00e8 stato reso possibile grazie al supporto di ProMedicare, azienda impegnata da anni nella ricerca in ambito anatomico, che ha creduto nell\u2019importanza culturale ed artistica dell\u2019iniziativa<\/p>\n<p>(fonte: comunicato stampa)<\/p>\n","protected":false},"excerpt":{"rendered":"<p>Dal 5 luglio a Lecce, nelle sale di Palazzo Vernazza Castromediano, la personale dell&#8217;artista A WINDSOR Venerd\u00ec 5 luglio, alle<\/p>\n","protected":false},"author":1,"featured_media":0,"comment_status":"open","ping_status":"open","sticky":false,"template":"","format":"standard","meta":[],"categories":[27],"tags":[],"yoast_head":"<!-- This site is optimized with the Yoast SEO plugin v18.0 - https:\/\/yoast.com\/wordpress\/plugins\/seo\/ -->\n<title>I visionari assemblaggi di Giuseppe Cirac\u00ec | Arte e Luoghi<\/title>\n<meta name=\"robots\" content=\"index, follow, max-snippet:-1, max-image-preview:large, max-video-preview:-1\" \/>\n<link rel=\"canonical\" href=\"https:\/\/arteeluoghi.it\/index.php\/2013\/07\/04\/i-visionari-assemblaggi-di-giuseppe-ciraci\/\" \/>\n<meta property=\"og:locale\" content=\"it_IT\" \/>\n<meta property=\"og:type\" content=\"article\" \/>\n<meta property=\"og:title\" content=\"I visionari assemblaggi di Giuseppe Cirac\u00ec | Arte e Luoghi\" \/>\n<meta property=\"og:description\" content=\"Dal 5 luglio a Lecce, nelle sale di Palazzo Vernazza Castromediano, la personale dell&#8217;artista A WINDSOR Venerd\u00ec 5 luglio, alle\" \/>\n<meta property=\"og:url\" content=\"https:\/\/arteeluoghi.it\/index.php\/2013\/07\/04\/i-visionari-assemblaggi-di-giuseppe-ciraci\/\" \/>\n<meta property=\"og:site_name\" content=\"Arte e Luoghi\" \/>\n<meta property=\"article:publisher\" content=\"https:\/\/www.facebook.com\/ArteELuoghi\/\" \/>\n<meta property=\"article:published_time\" content=\"2013-07-04T20:34:38+00:00\" \/>\n<meta property=\"og:image\" content=\"https:\/\/arteeluoghi.it\/images\/Locandinaciraci.jpg\" \/>\n<meta name=\"twitter:card\" content=\"summary\" \/>\n<meta name=\"twitter:creator\" content=\"@arteeluoghi\" \/>\n<meta name=\"twitter:site\" content=\"@arteeluoghi\" \/>\n<meta name=\"twitter:label1\" content=\"Scritto da\" \/>\n\t<meta name=\"twitter:data1\" content=\"Staff\" \/>\n\t<meta name=\"twitter:label2\" content=\"Tempo di lettura stimato\" \/>\n\t<meta name=\"twitter:data2\" content=\"3 minuti\" \/>\n<script type=\"application\/ld+json\" class=\"yoast-schema-graph\">{\"@context\":\"https:\/\/schema.org\",\"@graph\":[{\"@type\":\"Organization\",\"@id\":\"https:\/\/arteeluoghi.it\/#organization\",\"name\":\"Arte e Luoghi\",\"url\":\"https:\/\/arteeluoghi.it\/\",\"sameAs\":[\"https:\/\/www.facebook.com\/ArteELuoghi\/\",\"https:\/\/www.instagram.com\/arteeluoghi\/?hl=it\",\"https:\/\/www.youtube.com\/channel\/UCuRVc4JW4-C5sg9rQB-srkw?view_as=subscriber\",\"https:\/\/twitter.com\/arteeluoghi\"],\"logo\":{\"@type\":\"ImageObject\",\"@id\":\"https:\/\/arteeluoghi.it\/#logo\",\"inLanguage\":\"it-IT\",\"url\":\"https:\/\/arteeluoghi.it\/wp-content\/uploads\/2018\/08\/logoinstagramarte.jpg\",\"contentUrl\":\"https:\/\/arteeluoghi.it\/wp-content\/uploads\/2018\/08\/logoinstagramarte.jpg\",\"width\":150,\"height\":150,\"caption\":\"Arte e Luoghi\"},\"image\":{\"@id\":\"https:\/\/arteeluoghi.it\/#logo\"}},{\"@type\":\"WebSite\",\"@id\":\"https:\/\/arteeluoghi.it\/#website\",\"url\":\"https:\/\/arteeluoghi.it\/\",\"name\":\"Arte e Luoghi\",\"description\":\"Mensile di arte, cultura, turismo e curiosit\u00e0\",\"publisher\":{\"@id\":\"https:\/\/arteeluoghi.it\/#organization\"},\"potentialAction\":[{\"@type\":\"SearchAction\",\"target\":{\"@type\":\"EntryPoint\",\"urlTemplate\":\"https:\/\/arteeluoghi.it\/?s={search_term_string}\"},\"query-input\":\"required name=search_term_string\"}],\"inLanguage\":\"it-IT\"},{\"@type\":\"ImageObject\",\"@id\":\"https:\/\/arteeluoghi.it\/index.php\/2013\/07\/04\/i-visionari-assemblaggi-di-giuseppe-ciraci\/#primaryimage\",\"inLanguage\":\"it-IT\",\"url\":\"\/images\/Locandinaciraci.jpg\",\"contentUrl\":\"\/images\/Locandinaciraci.jpg\"},{\"@type\":\"WebPage\",\"@id\":\"https:\/\/arteeluoghi.it\/index.php\/2013\/07\/04\/i-visionari-assemblaggi-di-giuseppe-ciraci\/#webpage\",\"url\":\"https:\/\/arteeluoghi.it\/index.php\/2013\/07\/04\/i-visionari-assemblaggi-di-giuseppe-ciraci\/\",\"name\":\"I visionari assemblaggi di Giuseppe Cirac\u00ec | Arte e Luoghi\",\"isPartOf\":{\"@id\":\"https:\/\/arteeluoghi.it\/#website\"},\"primaryImageOfPage\":{\"@id\":\"https:\/\/arteeluoghi.it\/index.php\/2013\/07\/04\/i-visionari-assemblaggi-di-giuseppe-ciraci\/#primaryimage\"},\"datePublished\":\"2013-07-04T20:34:38+00:00\",\"dateModified\":\"2013-07-04T20:34:38+00:00\",\"breadcrumb\":{\"@id\":\"https:\/\/arteeluoghi.it\/index.php\/2013\/07\/04\/i-visionari-assemblaggi-di-giuseppe-ciraci\/#breadcrumb\"},\"inLanguage\":\"it-IT\",\"potentialAction\":[{\"@type\":\"ReadAction\",\"target\":[\"https:\/\/arteeluoghi.it\/index.php\/2013\/07\/04\/i-visionari-assemblaggi-di-giuseppe-ciraci\/\"]}]},{\"@type\":\"BreadcrumbList\",\"@id\":\"https:\/\/arteeluoghi.it\/index.php\/2013\/07\/04\/i-visionari-assemblaggi-di-giuseppe-ciraci\/#breadcrumb\",\"itemListElement\":[{\"@type\":\"ListItem\",\"position\":1,\"name\":\"Home\",\"item\":\"https:\/\/arteeluoghi.it\/\"},{\"@type\":\"ListItem\",\"position\":2,\"name\":\"I visionari assemblaggi di Giuseppe Cirac\u00ec\"}]},{\"@type\":\"Article\",\"@id\":\"https:\/\/arteeluoghi.it\/index.php\/2013\/07\/04\/i-visionari-assemblaggi-di-giuseppe-ciraci\/#article\",\"isPartOf\":{\"@id\":\"https:\/\/arteeluoghi.it\/index.php\/2013\/07\/04\/i-visionari-assemblaggi-di-giuseppe-ciraci\/#webpage\"},\"author\":{\"@id\":\"https:\/\/arteeluoghi.it\/#\/schema\/person\/f84e814e36e91e01448ee07eaadd41d4\"},\"headline\":\"I visionari assemblaggi di Giuseppe Cirac\u00ec\",\"datePublished\":\"2013-07-04T20:34:38+00:00\",\"dateModified\":\"2013-07-04T20:34:38+00:00\",\"mainEntityOfPage\":{\"@id\":\"https:\/\/arteeluoghi.it\/index.php\/2013\/07\/04\/i-visionari-assemblaggi-di-giuseppe-ciraci\/#webpage\"},\"wordCount\":627,\"commentCount\":0,\"publisher\":{\"@id\":\"https:\/\/arteeluoghi.it\/#organization\"},\"image\":{\"@id\":\"https:\/\/arteeluoghi.it\/index.php\/2013\/07\/04\/i-visionari-assemblaggi-di-giuseppe-ciraci\/#primaryimage\"},\"thumbnailUrl\":\"\/images\/Locandinaciraci.jpg\",\"articleSection\":[\"Arte\"],\"inLanguage\":\"it-IT\",\"potentialAction\":[{\"@type\":\"CommentAction\",\"name\":\"Comment\",\"target\":[\"https:\/\/arteeluoghi.it\/index.php\/2013\/07\/04\/i-visionari-assemblaggi-di-giuseppe-ciraci\/#respond\"]}]},{\"@type\":\"Person\",\"@id\":\"https:\/\/arteeluoghi.it\/#\/schema\/person\/f84e814e36e91e01448ee07eaadd41d4\",\"name\":\"Staff\",\"image\":{\"@type\":\"ImageObject\",\"@id\":\"https:\/\/arteeluoghi.it\/#personlogo\",\"inLanguage\":\"it-IT\",\"url\":\"https:\/\/secure.gravatar.com\/avatar\/49d2f9e46271bb04e19cebfaf141313a?s=96&d=blank&r=g\",\"contentUrl\":\"https:\/\/secure.gravatar.com\/avatar\/49d2f9e46271bb04e19cebfaf141313a?s=96&d=blank&r=g\",\"caption\":\"Staff\"}}]}<\/script>\n<!-- \/ Yoast SEO plugin. -->","yoast_head_json":{"title":"I visionari assemblaggi di Giuseppe Cirac\u00ec | Arte e Luoghi","robots":{"index":"index","follow":"follow","max-snippet":"max-snippet:-1","max-image-preview":"max-image-preview:large","max-video-preview":"max-video-preview:-1"},"canonical":"https:\/\/arteeluoghi.it\/index.php\/2013\/07\/04\/i-visionari-assemblaggi-di-giuseppe-ciraci\/","og_locale":"it_IT","og_type":"article","og_title":"I visionari assemblaggi di Giuseppe Cirac\u00ec | Arte e Luoghi","og_description":"Dal 5 luglio a Lecce, nelle sale di Palazzo Vernazza Castromediano, la personale dell&#8217;artista A WINDSOR Venerd\u00ec 5 luglio, alle","og_url":"https:\/\/arteeluoghi.it\/index.php\/2013\/07\/04\/i-visionari-assemblaggi-di-giuseppe-ciraci\/","og_site_name":"Arte e Luoghi","article_publisher":"https:\/\/www.facebook.com\/ArteELuoghi\/","article_published_time":"2013-07-04T20:34:38+00:00","og_image":[{"url":"https:\/\/arteeluoghi.it\/images\/Locandinaciraci.jpg"}],"twitter_card":"summary","twitter_creator":"@arteeluoghi","twitter_site":"@arteeluoghi","twitter_misc":{"Scritto da":"Staff","Tempo di lettura stimato":"3 minuti"},"schema":{"@context":"https:\/\/schema.org","@graph":[{"@type":"Organization","@id":"https:\/\/arteeluoghi.it\/#organization","name":"Arte e Luoghi","url":"https:\/\/arteeluoghi.it\/","sameAs":["https:\/\/www.facebook.com\/ArteELuoghi\/","https:\/\/www.instagram.com\/arteeluoghi\/?hl=it","https:\/\/www.youtube.com\/channel\/UCuRVc4JW4-C5sg9rQB-srkw?view_as=subscriber","https:\/\/twitter.com\/arteeluoghi"],"logo":{"@type":"ImageObject","@id":"https:\/\/arteeluoghi.it\/#logo","inLanguage":"it-IT","url":"https:\/\/arteeluoghi.it\/wp-content\/uploads\/2018\/08\/logoinstagramarte.jpg","contentUrl":"https:\/\/arteeluoghi.it\/wp-content\/uploads\/2018\/08\/logoinstagramarte.jpg","width":150,"height":150,"caption":"Arte e Luoghi"},"image":{"@id":"https:\/\/arteeluoghi.it\/#logo"}},{"@type":"WebSite","@id":"https:\/\/arteeluoghi.it\/#website","url":"https:\/\/arteeluoghi.it\/","name":"Arte e Luoghi","description":"Mensile di arte, cultura, turismo e curiosit\u00e0","publisher":{"@id":"https:\/\/arteeluoghi.it\/#organization"},"potentialAction":[{"@type":"SearchAction","target":{"@type":"EntryPoint","urlTemplate":"https:\/\/arteeluoghi.it\/?s={search_term_string}"},"query-input":"required name=search_term_string"}],"inLanguage":"it-IT"},{"@type":"ImageObject","@id":"https:\/\/arteeluoghi.it\/index.php\/2013\/07\/04\/i-visionari-assemblaggi-di-giuseppe-ciraci\/#primaryimage","inLanguage":"it-IT","url":"\/images\/Locandinaciraci.jpg","contentUrl":"\/images\/Locandinaciraci.jpg"},{"@type":"WebPage","@id":"https:\/\/arteeluoghi.it\/index.php\/2013\/07\/04\/i-visionari-assemblaggi-di-giuseppe-ciraci\/#webpage","url":"https:\/\/arteeluoghi.it\/index.php\/2013\/07\/04\/i-visionari-assemblaggi-di-giuseppe-ciraci\/","name":"I visionari assemblaggi di Giuseppe Cirac\u00ec | Arte e Luoghi","isPartOf":{"@id":"https:\/\/arteeluoghi.it\/#website"},"primaryImageOfPage":{"@id":"https:\/\/arteeluoghi.it\/index.php\/2013\/07\/04\/i-visionari-assemblaggi-di-giuseppe-ciraci\/#primaryimage"},"datePublished":"2013-07-04T20:34:38+00:00","dateModified":"2013-07-04T20:34:38+00:00","breadcrumb":{"@id":"https:\/\/arteeluoghi.it\/index.php\/2013\/07\/04\/i-visionari-assemblaggi-di-giuseppe-ciraci\/#breadcrumb"},"inLanguage":"it-IT","potentialAction":[{"@type":"ReadAction","target":["https:\/\/arteeluoghi.it\/index.php\/2013\/07\/04\/i-visionari-assemblaggi-di-giuseppe-ciraci\/"]}]},{"@type":"BreadcrumbList","@id":"https:\/\/arteeluoghi.it\/index.php\/2013\/07\/04\/i-visionari-assemblaggi-di-giuseppe-ciraci\/#breadcrumb","itemListElement":[{"@type":"ListItem","position":1,"name":"Home","item":"https:\/\/arteeluoghi.it\/"},{"@type":"ListItem","position":2,"name":"I visionari assemblaggi di Giuseppe Cirac\u00ec"}]},{"@type":"Article","@id":"https:\/\/arteeluoghi.it\/index.php\/2013\/07\/04\/i-visionari-assemblaggi-di-giuseppe-ciraci\/#article","isPartOf":{"@id":"https:\/\/arteeluoghi.it\/index.php\/2013\/07\/04\/i-visionari-assemblaggi-di-giuseppe-ciraci\/#webpage"},"author":{"@id":"https:\/\/arteeluoghi.it\/#\/schema\/person\/f84e814e36e91e01448ee07eaadd41d4"},"headline":"I visionari assemblaggi di Giuseppe Cirac\u00ec","datePublished":"2013-07-04T20:34:38+00:00","dateModified":"2013-07-04T20:34:38+00:00","mainEntityOfPage":{"@id":"https:\/\/arteeluoghi.it\/index.php\/2013\/07\/04\/i-visionari-assemblaggi-di-giuseppe-ciraci\/#webpage"},"wordCount":627,"commentCount":0,"publisher":{"@id":"https:\/\/arteeluoghi.it\/#organization"},"image":{"@id":"https:\/\/arteeluoghi.it\/index.php\/2013\/07\/04\/i-visionari-assemblaggi-di-giuseppe-ciraci\/#primaryimage"},"thumbnailUrl":"\/images\/Locandinaciraci.jpg","articleSection":["Arte"],"inLanguage":"it-IT","potentialAction":[{"@type":"CommentAction","name":"Comment","target":["https:\/\/arteeluoghi.it\/index.php\/2013\/07\/04\/i-visionari-assemblaggi-di-giuseppe-ciraci\/#respond"]}]},{"@type":"Person","@id":"https:\/\/arteeluoghi.it\/#\/schema\/person\/f84e814e36e91e01448ee07eaadd41d4","name":"Staff","image":{"@type":"ImageObject","@id":"https:\/\/arteeluoghi.it\/#personlogo","inLanguage":"it-IT","url":"https:\/\/secure.gravatar.com\/avatar\/49d2f9e46271bb04e19cebfaf141313a?s=96&d=blank&r=g","contentUrl":"https:\/\/secure.gravatar.com\/avatar\/49d2f9e46271bb04e19cebfaf141313a?s=96&d=blank&r=g","caption":"Staff"}}]}},"_links":{"self":[{"href":"https:\/\/arteeluoghi.it\/index.php\/wp-json\/wp\/v2\/posts\/1208"}],"collection":[{"href":"https:\/\/arteeluoghi.it\/index.php\/wp-json\/wp\/v2\/posts"}],"about":[{"href":"https:\/\/arteeluoghi.it\/index.php\/wp-json\/wp\/v2\/types\/post"}],"author":[{"embeddable":true,"href":"https:\/\/arteeluoghi.it\/index.php\/wp-json\/wp\/v2\/users\/1"}],"replies":[{"embeddable":true,"href":"https:\/\/arteeluoghi.it\/index.php\/wp-json\/wp\/v2\/comments?post=1208"}],"version-history":[{"count":0,"href":"https:\/\/arteeluoghi.it\/index.php\/wp-json\/wp\/v2\/posts\/1208\/revisions"}],"wp:attachment":[{"href":"https:\/\/arteeluoghi.it\/index.php\/wp-json\/wp\/v2\/media?parent=1208"}],"wp:term":[{"taxonomy":"category","embeddable":true,"href":"https:\/\/arteeluoghi.it\/index.php\/wp-json\/wp\/v2\/categories?post=1208"},{"taxonomy":"post_tag","embeddable":true,"href":"https:\/\/arteeluoghi.it\/index.php\/wp-json\/wp\/v2\/tags?post=1208"}],"curies":[{"name":"wp","href":"https:\/\/api.w.org\/{rel}","templated":true}]}}