{"id":12114,"date":"2022-11-19T20:20:00","date_gmt":"2022-11-19T19:20:00","guid":{"rendered":"https:\/\/arteeluoghi.it\/?p=12114"},"modified":"2022-11-20T20:25:21","modified_gmt":"2022-11-20T19:25:21","slug":"valorizzare-il-patrimonio-arboreo","status":"publish","type":"post","link":"https:\/\/arteeluoghi.it\/index.php\/2022\/11\/19\/valorizzare-il-patrimonio-arboreo\/","title":{"rendered":"Valorizzare il patrimonio arboreo"},"content":{"rendered":"\n<blockquote class=\"wp-block-quote\"><p>A Lecce la giornata nazionale degli alberi vede moltiplicarsi le iniziative in collaborazione con le associazioni del territorio<\/p><\/blockquote>\n\n\n\n<p>Il 21 novembre si celebra la\u00a0<strong>Giornata nazionale degli alberi<\/strong>, istituita come ricorrenza nazionale con una legge del 14 gennaio 2013, n. 10 della Repubblica Italiana (Norme per lo sviluppo degli spazi verdi urbani) per valorizzare l\u2019importanza del patrimonio arboreo e ricordare il ruolo ricoperto da boschi e foreste. Sono diverse le iniziative in programma in citt\u00e0, organizzate da realt\u00e0 associative in collaborazione con l\u2019amministrazione comunale tese a ribadire il valore del patrimonio arboreo e del suo incremento per innalzare la qualit\u00e0 urbana.\u00a0<\/p>\n\n\n\n<!--more-->\n\n\n\n<p>Il 21 novembre si celebra la\u00a0<strong>Giornata nazionale degli alberi<\/strong>, istituita come ricorrenza nazionale con una legge del 14 gennaio 2013, n. 10 della Repubblica Italiana (Norme per lo sviluppo degli spazi verdi urbani) per valorizzare l\u2019importanza del patrimonio arboreo e ricordare il ruolo ricoperto da boschi e foreste. Sono diverse le iniziative in programma in citt\u00e0, organizzate da realt\u00e0 associative in collaborazione con l\u2019amministrazione comunale tese a ribadire il valore del patrimonio arboreo e del suo incremento per innalzare la qualit\u00e0 urbana.\u00a0<\/p>\n\n\n\n<p>Nella giornata di oggi al\u00a0<strong>Parco Melissa Bassi<\/strong>, dove l\u2019associazione Fucina Salentina ha realizzato una Food forest su terreni messi a disposizione dal Comune, sono stati\u00a0<strong>messi a dimora nuovi alberi<\/strong>, donati da Arif, tra cui Corbezzolo, Pittosporo, Ginepro coccolone, e si \u00e8 tenuto un laboratorio di falegnameria per la realizzazione di arredi urbani. Presente, inoltre, Adipa con il banchetto per lo scambio di semi e talee.<br>Al\u00a0<strong>Parco Lavinia<\/strong>\u00a0in via Vecchia Carmiano, il circolo\u00a0<strong>Laudato S\u00ec\u00a0<\/strong>ha messo a dimora diverse piante di lentisco nell\u2019area verde e doner\u00e0 alla comunit\u00e0 un albero ornamentale, nello spirito proprio del movimento.<br><strong>Luned\u00ec 21 novembre<\/strong>\u00a0alle 11, alla presenza del sindaco\u00a0<strong>Carlo Salvemini<\/strong>, presso l\u2019anfiteatro nel Parco del Galateo il dottore agronomo\u00a0<strong>Fabio Ippolito<\/strong>\u00a0incontrer\u00e0 un gruppo di studenti\u00a0<strong>dell\u2019Istituto Tecnico Agrario e Professionale Alberghiero Presta Columella<\/strong>. Tema dell\u2019incontro la conservazione del patrimonio arboreo storico e l\u2019intervento effettuato recentemente nel parco.\u00a0<\/p>\n\n\n\n<div class=\"wp-block-image\"><figure class=\"alignleft size-large is-resized\"><img loading=\"lazy\" src=\"https:\/\/arteeluoghi.it\/wp-content\/uploads\/2022\/11\/festa-dellalbero-2022-3-768x1024.jpg\" alt=\"\" class=\"wp-image-12116\" width=\"516\" height=\"688\" srcset=\"https:\/\/arteeluoghi.it\/wp-content\/uploads\/2022\/11\/festa-dellalbero-2022-3-768x1024.jpg 768w, https:\/\/arteeluoghi.it\/wp-content\/uploads\/2022\/11\/festa-dellalbero-2022-3-225x300.jpg 225w, https:\/\/arteeluoghi.it\/wp-content\/uploads\/2022\/11\/festa-dellalbero-2022-3.jpg 960w\" sizes=\"(max-width: 516px) 100vw, 516px\" \/><\/figure><\/div>\n\n\n\n<p><br>Nella giornata di luned\u00ec il Comune di Lecce dar\u00e0 inizio alla\u00a0<strong>messa a dimora di 86 nuovi alberi nel quartiere San Lazzaro<\/strong>\u00a0\u2013 via Capitano Ritucci e limitrofe \u2013 andando a colmare i vuoti presenti nelle aiuole del quartiere e a sostituire gli oleandri disseccati a seguito della xylella\u00a0<br>Sempre luned\u00ec, dalle 10.30 saranno piantate siepi di lentisco e pittosporo lungo\u00a0<strong>Viale indipendenza<\/strong>, dove le aiuole sono totalmente prive di specie vegetali. Saranno presenti l&#8217;assessora\u00a0<strong>Rita Miglietta<\/strong>, il dirigente scolastico\u00a0<strong>Raffaele Lattante<\/strong>, il presidente dell&#8217;associazione Rione Santa Rosa APS\u00a0<strong>Pierluigi Caiulo<\/strong>\u00a0e una rappresentanza degli studenti della\u00a0<strong>Scuola secondaria di primo grado ad indirizzo musicale A. Galateo<\/strong>.<br>Dichiara l\u2019assessora alla Pianificazione Urbanistica e Piano del Verde\u00a0<strong>Rita Miglietta<\/strong>: &#8220;<em>Grazie alle associazioni che contribuiscono a celebrare questa giornata donando alla citt\u00e0 alberi e siepi, partecipando attivamente all&#8217;arricchimento del nostro patrimonio comune del verde pubblico, con un impegno che si estende in sempre pi\u00f9 quartieri esprimendoci un bisogno sempre pi\u00f9 chiaro e forte di verde e spazi di benessere, \u00e8 un bisogno verso il quale ci sentiamo sempre pi\u00f9 impegnati con la programmazione comunale<\/em>&#8220;<br>\u201c<em>Con il supporto di Lupiae servizi, l\u2019amministrazione comunale e le associazioni andranno ad arricchire in questa giornata il patrimonio del verde pubblico in citt\u00e0, colmando i vuoti e piantando nuovi alberi ed essenze, impegnandosi a fare sempre meglio per tutelare e manutenere al meglio quanto \u00e8 gi\u00e0 presente \u2013\u00a0<\/em>dichiara l\u2019assessora all\u2019Ambiente\u00a0<strong>Angela Valli<\/strong><em>\u00a0\u2013 Il futuro ci richiede sempre maggiore impegno per la forestazione urbana e per la corretta cura delle alberature e del verde pubblico presente in citt\u00e0, della quale il settore Ambiente si occupa quotidianamente<\/em>\u201d.\u00a0<\/p>\n\n\n\n<p>(fonte: comunicato stampa)<\/p>\n","protected":false},"excerpt":{"rendered":"<p>A Lecce la giornata nazionale degli alberi vede moltiplicarsi le iniziative in collaborazione con le associazioni del territorio Il 21<\/p>\n","protected":false},"author":1,"featured_media":12115,"comment_status":"open","ping_status":"open","sticky":true,"template":"","format":"standard","meta":[],"categories":[28],"tags":[1988,4608,134,4610,4609,4612,4611],"yoast_head":"<!-- This site is optimized with the Yoast SEO plugin v18.0 - https:\/\/yoast.com\/wordpress\/plugins\/seo\/ -->\n<title>Valorizzare il patrimonio arboreo | Arte e Luoghi<\/title>\n<meta name=\"description\" content=\"A Lecce la giornata nazionale degli alberi vede moltiplicarsi le iniziative in collaborazione con le associazioni del territorio\" \/>\n<meta name=\"robots\" content=\"index, follow, max-snippet:-1, max-image-preview:large, max-video-preview:-1\" \/>\n<link rel=\"canonical\" href=\"https:\/\/arteeluoghi.it\/index.php\/2022\/11\/19\/valorizzare-il-patrimonio-arboreo\/\" \/>\n<meta property=\"og:locale\" content=\"it_IT\" \/>\n<meta property=\"og:type\" content=\"article\" \/>\n<meta property=\"og:title\" content=\"Valorizzare il patrimonio arboreo | Arte e Luoghi\" \/>\n<meta property=\"og:description\" content=\"A Lecce la giornata nazionale degli alberi vede moltiplicarsi le iniziative in collaborazione con le associazioni del territorio\" \/>\n<meta property=\"og:url\" content=\"https:\/\/arteeluoghi.it\/index.php\/2022\/11\/19\/valorizzare-il-patrimonio-arboreo\/\" \/>\n<meta property=\"og:site_name\" content=\"Arte e Luoghi\" \/>\n<meta property=\"article:publisher\" content=\"https:\/\/www.facebook.com\/ArteELuoghi\/\" \/>\n<meta property=\"article:published_time\" content=\"2022-11-19T19:20:00+00:00\" \/>\n<meta property=\"article:modified_time\" content=\"2022-11-20T19:25:21+00:00\" \/>\n<meta property=\"og:image\" content=\"https:\/\/arteeluoghi.it\/wp-content\/uploads\/2022\/11\/festa-dellalbero-2022-2.jpg\" \/>\n\t<meta property=\"og:image:width\" content=\"960\" \/>\n\t<meta property=\"og:image:height\" content=\"1280\" \/>\n\t<meta property=\"og:image:type\" content=\"image\/jpeg\" \/>\n<meta name=\"twitter:card\" content=\"summary\" \/>\n<meta name=\"twitter:creator\" content=\"@arteeluoghi\" \/>\n<meta name=\"twitter:site\" content=\"@arteeluoghi\" \/>\n<meta name=\"twitter:label1\" content=\"Scritto da\" \/>\n\t<meta name=\"twitter:data1\" content=\"Staff\" \/>\n\t<meta name=\"twitter:label2\" content=\"Tempo di lettura stimato\" \/>\n\t<meta name=\"twitter:data2\" content=\"4 minuti\" \/>\n<script type=\"application\/ld+json\" class=\"yoast-schema-graph\">{\"@context\":\"https:\/\/schema.org\",\"@graph\":[{\"@type\":\"Organization\",\"@id\":\"https:\/\/arteeluoghi.it\/#organization\",\"name\":\"Arte e Luoghi\",\"url\":\"https:\/\/arteeluoghi.it\/\",\"sameAs\":[\"https:\/\/www.facebook.com\/ArteELuoghi\/\",\"https:\/\/www.instagram.com\/arteeluoghi\/?hl=it\",\"https:\/\/www.youtube.com\/channel\/UCuRVc4JW4-C5sg9rQB-srkw?view_as=subscriber\",\"https:\/\/twitter.com\/arteeluoghi\"],\"logo\":{\"@type\":\"ImageObject\",\"@id\":\"https:\/\/arteeluoghi.it\/#logo\",\"inLanguage\":\"it-IT\",\"url\":\"https:\/\/arteeluoghi.it\/wp-content\/uploads\/2018\/08\/logoinstagramarte.jpg\",\"contentUrl\":\"https:\/\/arteeluoghi.it\/wp-content\/uploads\/2018\/08\/logoinstagramarte.jpg\",\"width\":150,\"height\":150,\"caption\":\"Arte e Luoghi\"},\"image\":{\"@id\":\"https:\/\/arteeluoghi.it\/#logo\"}},{\"@type\":\"WebSite\",\"@id\":\"https:\/\/arteeluoghi.it\/#website\",\"url\":\"https:\/\/arteeluoghi.it\/\",\"name\":\"Arte e Luoghi\",\"description\":\"Mensile di arte, cultura, turismo e curiosit\u00e0\",\"publisher\":{\"@id\":\"https:\/\/arteeluoghi.it\/#organization\"},\"potentialAction\":[{\"@type\":\"SearchAction\",\"target\":{\"@type\":\"EntryPoint\",\"urlTemplate\":\"https:\/\/arteeluoghi.it\/?s={search_term_string}\"},\"query-input\":\"required name=search_term_string\"}],\"inLanguage\":\"it-IT\"},{\"@type\":\"ImageObject\",\"@id\":\"https:\/\/arteeluoghi.it\/index.php\/2022\/11\/19\/valorizzare-il-patrimonio-arboreo\/#primaryimage\",\"inLanguage\":\"it-IT\",\"url\":\"https:\/\/arteeluoghi.it\/wp-content\/uploads\/2022\/11\/festa-dellalbero-2022-2.jpg\",\"contentUrl\":\"https:\/\/arteeluoghi.it\/wp-content\/uploads\/2022\/11\/festa-dellalbero-2022-2.jpg\",\"width\":960,\"height\":1280},{\"@type\":\"WebPage\",\"@id\":\"https:\/\/arteeluoghi.it\/index.php\/2022\/11\/19\/valorizzare-il-patrimonio-arboreo\/#webpage\",\"url\":\"https:\/\/arteeluoghi.it\/index.php\/2022\/11\/19\/valorizzare-il-patrimonio-arboreo\/\",\"name\":\"Valorizzare il patrimonio arboreo | Arte e Luoghi\",\"isPartOf\":{\"@id\":\"https:\/\/arteeluoghi.it\/#website\"},\"primaryImageOfPage\":{\"@id\":\"https:\/\/arteeluoghi.it\/index.php\/2022\/11\/19\/valorizzare-il-patrimonio-arboreo\/#primaryimage\"},\"datePublished\":\"2022-11-19T19:20:00+00:00\",\"dateModified\":\"2022-11-20T19:25:21+00:00\",\"description\":\"A Lecce la giornata nazionale degli alberi vede moltiplicarsi le iniziative in collaborazione con le associazioni del territorio\",\"breadcrumb\":{\"@id\":\"https:\/\/arteeluoghi.it\/index.php\/2022\/11\/19\/valorizzare-il-patrimonio-arboreo\/#breadcrumb\"},\"inLanguage\":\"it-IT\",\"potentialAction\":[{\"@type\":\"ReadAction\",\"target\":[\"https:\/\/arteeluoghi.it\/index.php\/2022\/11\/19\/valorizzare-il-patrimonio-arboreo\/\"]}]},{\"@type\":\"BreadcrumbList\",\"@id\":\"https:\/\/arteeluoghi.it\/index.php\/2022\/11\/19\/valorizzare-il-patrimonio-arboreo\/#breadcrumb\",\"itemListElement\":[{\"@type\":\"ListItem\",\"position\":1,\"name\":\"Home\",\"item\":\"https:\/\/arteeluoghi.it\/\"},{\"@type\":\"ListItem\",\"position\":2,\"name\":\"Valorizzare il patrimonio arboreo\"}]},{\"@type\":\"Article\",\"@id\":\"https:\/\/arteeluoghi.it\/index.php\/2022\/11\/19\/valorizzare-il-patrimonio-arboreo\/#article\",\"isPartOf\":{\"@id\":\"https:\/\/arteeluoghi.it\/index.php\/2022\/11\/19\/valorizzare-il-patrimonio-arboreo\/#webpage\"},\"author\":{\"@id\":\"https:\/\/arteeluoghi.it\/#\/schema\/person\/f84e814e36e91e01448ee07eaadd41d4\"},\"headline\":\"Valorizzare il patrimonio arboreo\",\"datePublished\":\"2022-11-19T19:20:00+00:00\",\"dateModified\":\"2022-11-20T19:25:21+00:00\",\"mainEntityOfPage\":{\"@id\":\"https:\/\/arteeluoghi.it\/index.php\/2022\/11\/19\/valorizzare-il-patrimonio-arboreo\/#webpage\"},\"wordCount\":605,\"commentCount\":0,\"publisher\":{\"@id\":\"https:\/\/arteeluoghi.it\/#organization\"},\"image\":{\"@id\":\"https:\/\/arteeluoghi.it\/index.php\/2022\/11\/19\/valorizzare-il-patrimonio-arboreo\/#primaryimage\"},\"thumbnailUrl\":\"https:\/\/arteeluoghi.it\/wp-content\/uploads\/2022\/11\/festa-dellalbero-2022-2.jpg\",\"keywords\":[\"Carlo Salvemini\",\"Giornata nazionale degli alberi\",\"Lecce\",\"Parco Lavinia\",\"Parco Melissa Bassi\",\"Rita Miglietta\",\"Viale indipendenza\"],\"articleSection\":[\"Notizie\"],\"inLanguage\":\"it-IT\",\"potentialAction\":[{\"@type\":\"CommentAction\",\"name\":\"Comment\",\"target\":[\"https:\/\/arteeluoghi.it\/index.php\/2022\/11\/19\/valorizzare-il-patrimonio-arboreo\/#respond\"]}]},{\"@type\":\"Person\",\"@id\":\"https:\/\/arteeluoghi.it\/#\/schema\/person\/f84e814e36e91e01448ee07eaadd41d4\",\"name\":\"Staff\",\"image\":{\"@type\":\"ImageObject\",\"@id\":\"https:\/\/arteeluoghi.it\/#personlogo\",\"inLanguage\":\"it-IT\",\"url\":\"https:\/\/secure.gravatar.com\/avatar\/49d2f9e46271bb04e19cebfaf141313a?s=96&d=blank&r=g\",\"contentUrl\":\"https:\/\/secure.gravatar.com\/avatar\/49d2f9e46271bb04e19cebfaf141313a?s=96&d=blank&r=g\",\"caption\":\"Staff\"}}]}<\/script>\n<!-- \/ Yoast SEO plugin. -->","yoast_head_json":{"title":"Valorizzare il patrimonio arboreo | Arte e Luoghi","description":"A Lecce la giornata nazionale degli alberi vede moltiplicarsi le iniziative in collaborazione con le associazioni del territorio","robots":{"index":"index","follow":"follow","max-snippet":"max-snippet:-1","max-image-preview":"max-image-preview:large","max-video-preview":"max-video-preview:-1"},"canonical":"https:\/\/arteeluoghi.it\/index.php\/2022\/11\/19\/valorizzare-il-patrimonio-arboreo\/","og_locale":"it_IT","og_type":"article","og_title":"Valorizzare il patrimonio arboreo | Arte e Luoghi","og_description":"A Lecce la giornata nazionale degli alberi vede moltiplicarsi le iniziative in collaborazione con le associazioni del territorio","og_url":"https:\/\/arteeluoghi.it\/index.php\/2022\/11\/19\/valorizzare-il-patrimonio-arboreo\/","og_site_name":"Arte e Luoghi","article_publisher":"https:\/\/www.facebook.com\/ArteELuoghi\/","article_published_time":"2022-11-19T19:20:00+00:00","article_modified_time":"2022-11-20T19:25:21+00:00","og_image":[{"width":960,"height":1280,"url":"https:\/\/arteeluoghi.it\/wp-content\/uploads\/2022\/11\/festa-dellalbero-2022-2.jpg","type":"image\/jpeg"}],"twitter_card":"summary","twitter_creator":"@arteeluoghi","twitter_site":"@arteeluoghi","twitter_misc":{"Scritto da":"Staff","Tempo di lettura stimato":"4 minuti"},"schema":{"@context":"https:\/\/schema.org","@graph":[{"@type":"Organization","@id":"https:\/\/arteeluoghi.it\/#organization","name":"Arte e Luoghi","url":"https:\/\/arteeluoghi.it\/","sameAs":["https:\/\/www.facebook.com\/ArteELuoghi\/","https:\/\/www.instagram.com\/arteeluoghi\/?hl=it","https:\/\/www.youtube.com\/channel\/UCuRVc4JW4-C5sg9rQB-srkw?view_as=subscriber","https:\/\/twitter.com\/arteeluoghi"],"logo":{"@type":"ImageObject","@id":"https:\/\/arteeluoghi.it\/#logo","inLanguage":"it-IT","url":"https:\/\/arteeluoghi.it\/wp-content\/uploads\/2018\/08\/logoinstagramarte.jpg","contentUrl":"https:\/\/arteeluoghi.it\/wp-content\/uploads\/2018\/08\/logoinstagramarte.jpg","width":150,"height":150,"caption":"Arte e Luoghi"},"image":{"@id":"https:\/\/arteeluoghi.it\/#logo"}},{"@type":"WebSite","@id":"https:\/\/arteeluoghi.it\/#website","url":"https:\/\/arteeluoghi.it\/","name":"Arte e Luoghi","description":"Mensile di arte, cultura, turismo e curiosit\u00e0","publisher":{"@id":"https:\/\/arteeluoghi.it\/#organization"},"potentialAction":[{"@type":"SearchAction","target":{"@type":"EntryPoint","urlTemplate":"https:\/\/arteeluoghi.it\/?s={search_term_string}"},"query-input":"required name=search_term_string"}],"inLanguage":"it-IT"},{"@type":"ImageObject","@id":"https:\/\/arteeluoghi.it\/index.php\/2022\/11\/19\/valorizzare-il-patrimonio-arboreo\/#primaryimage","inLanguage":"it-IT","url":"https:\/\/arteeluoghi.it\/wp-content\/uploads\/2022\/11\/festa-dellalbero-2022-2.jpg","contentUrl":"https:\/\/arteeluoghi.it\/wp-content\/uploads\/2022\/11\/festa-dellalbero-2022-2.jpg","width":960,"height":1280},{"@type":"WebPage","@id":"https:\/\/arteeluoghi.it\/index.php\/2022\/11\/19\/valorizzare-il-patrimonio-arboreo\/#webpage","url":"https:\/\/arteeluoghi.it\/index.php\/2022\/11\/19\/valorizzare-il-patrimonio-arboreo\/","name":"Valorizzare il patrimonio arboreo | Arte e Luoghi","isPartOf":{"@id":"https:\/\/arteeluoghi.it\/#website"},"primaryImageOfPage":{"@id":"https:\/\/arteeluoghi.it\/index.php\/2022\/11\/19\/valorizzare-il-patrimonio-arboreo\/#primaryimage"},"datePublished":"2022-11-19T19:20:00+00:00","dateModified":"2022-11-20T19:25:21+00:00","description":"A Lecce la giornata nazionale degli alberi vede moltiplicarsi le iniziative in collaborazione con le associazioni del territorio","breadcrumb":{"@id":"https:\/\/arteeluoghi.it\/index.php\/2022\/11\/19\/valorizzare-il-patrimonio-arboreo\/#breadcrumb"},"inLanguage":"it-IT","potentialAction":[{"@type":"ReadAction","target":["https:\/\/arteeluoghi.it\/index.php\/2022\/11\/19\/valorizzare-il-patrimonio-arboreo\/"]}]},{"@type":"BreadcrumbList","@id":"https:\/\/arteeluoghi.it\/index.php\/2022\/11\/19\/valorizzare-il-patrimonio-arboreo\/#breadcrumb","itemListElement":[{"@type":"ListItem","position":1,"name":"Home","item":"https:\/\/arteeluoghi.it\/"},{"@type":"ListItem","position":2,"name":"Valorizzare il patrimonio arboreo"}]},{"@type":"Article","@id":"https:\/\/arteeluoghi.it\/index.php\/2022\/11\/19\/valorizzare-il-patrimonio-arboreo\/#article","isPartOf":{"@id":"https:\/\/arteeluoghi.it\/index.php\/2022\/11\/19\/valorizzare-il-patrimonio-arboreo\/#webpage"},"author":{"@id":"https:\/\/arteeluoghi.it\/#\/schema\/person\/f84e814e36e91e01448ee07eaadd41d4"},"headline":"Valorizzare il patrimonio arboreo","datePublished":"2022-11-19T19:20:00+00:00","dateModified":"2022-11-20T19:25:21+00:00","mainEntityOfPage":{"@id":"https:\/\/arteeluoghi.it\/index.php\/2022\/11\/19\/valorizzare-il-patrimonio-arboreo\/#webpage"},"wordCount":605,"commentCount":0,"publisher":{"@id":"https:\/\/arteeluoghi.it\/#organization"},"image":{"@id":"https:\/\/arteeluoghi.it\/index.php\/2022\/11\/19\/valorizzare-il-patrimonio-arboreo\/#primaryimage"},"thumbnailUrl":"https:\/\/arteeluoghi.it\/wp-content\/uploads\/2022\/11\/festa-dellalbero-2022-2.jpg","keywords":["Carlo Salvemini","Giornata nazionale degli alberi","Lecce","Parco Lavinia","Parco Melissa Bassi","Rita Miglietta","Viale indipendenza"],"articleSection":["Notizie"],"inLanguage":"it-IT","potentialAction":[{"@type":"CommentAction","name":"Comment","target":["https:\/\/arteeluoghi.it\/index.php\/2022\/11\/19\/valorizzare-il-patrimonio-arboreo\/#respond"]}]},{"@type":"Person","@id":"https:\/\/arteeluoghi.it\/#\/schema\/person\/f84e814e36e91e01448ee07eaadd41d4","name":"Staff","image":{"@type":"ImageObject","@id":"https:\/\/arteeluoghi.it\/#personlogo","inLanguage":"it-IT","url":"https:\/\/secure.gravatar.com\/avatar\/49d2f9e46271bb04e19cebfaf141313a?s=96&d=blank&r=g","contentUrl":"https:\/\/secure.gravatar.com\/avatar\/49d2f9e46271bb04e19cebfaf141313a?s=96&d=blank&r=g","caption":"Staff"}}]}},"_links":{"self":[{"href":"https:\/\/arteeluoghi.it\/index.php\/wp-json\/wp\/v2\/posts\/12114"}],"collection":[{"href":"https:\/\/arteeluoghi.it\/index.php\/wp-json\/wp\/v2\/posts"}],"about":[{"href":"https:\/\/arteeluoghi.it\/index.php\/wp-json\/wp\/v2\/types\/post"}],"author":[{"embeddable":true,"href":"https:\/\/arteeluoghi.it\/index.php\/wp-json\/wp\/v2\/users\/1"}],"replies":[{"embeddable":true,"href":"https:\/\/arteeluoghi.it\/index.php\/wp-json\/wp\/v2\/comments?post=12114"}],"version-history":[{"count":1,"href":"https:\/\/arteeluoghi.it\/index.php\/wp-json\/wp\/v2\/posts\/12114\/revisions"}],"predecessor-version":[{"id":12117,"href":"https:\/\/arteeluoghi.it\/index.php\/wp-json\/wp\/v2\/posts\/12114\/revisions\/12117"}],"wp:featuredmedia":[{"embeddable":true,"href":"https:\/\/arteeluoghi.it\/index.php\/wp-json\/wp\/v2\/media\/12115"}],"wp:attachment":[{"href":"https:\/\/arteeluoghi.it\/index.php\/wp-json\/wp\/v2\/media?parent=12114"}],"wp:term":[{"taxonomy":"category","embeddable":true,"href":"https:\/\/arteeluoghi.it\/index.php\/wp-json\/wp\/v2\/categories?post=12114"},{"taxonomy":"post_tag","embeddable":true,"href":"https:\/\/arteeluoghi.it\/index.php\/wp-json\/wp\/v2\/tags?post=12114"}],"curies":[{"name":"wp","href":"https:\/\/api.w.org\/{rel}","templated":true}]}}