{"id":1213,"date":"2013-07-05T20:23:44","date_gmt":"2013-07-05T18:23:44","guid":{"rendered":"http:\/\/arteeluoghi.it\/index.php\/2013\/07\/05\/al-palariviera-di-san-benedetto-del-tronto\/"},"modified":"2013-07-05T20:23:44","modified_gmt":"2013-07-05T18:23:44","slug":"al-palariviera-di-san-benedetto-del-tronto","status":"publish","type":"post","link":"https:\/\/arteeluoghi.it\/index.php\/2013\/07\/05\/al-palariviera-di-san-benedetto-del-tronto\/","title":{"rendered":"Al PalaRiviera di San Benedetto del Tronto"},"content":{"rendered":"<p><img src=\"\/images\/marchecentroarte.jpg\" border=\"0\" title=\"la locandina dell'evento\" width=\"300\" style=\"margin: 21px; border: 1px solid black; float: left;\" \/>Dal 7 luglio al 30 agosto al PalaRiviera di San Benedetto del Tronto la terza edizione della rassegna<strong><br \/><\/strong><\/p>\n<p><span style=\"font-size: small;\"><strong>Expo di Arte Contemporanea<\/strong><\/span><\/p>\n<p>L\u2019Associazione <strong>Marche Centro d\u2019Arte<\/strong> presenta la III edizione dell\u2019<strong>Expo di Arte Contemporanea<\/strong>. A partire da domenica 7 luglio 2013, dalle ore 18, gli spazi del <strong>PalaRiviera<\/strong> di San Benedetto del Tronto si apriranno per ospitare una delle manifestazioni pi\u00f9 interessanti e innovative che il territorio ha prodotto e fatto crescere.<br \/> Il PalaRiviera si trova in Piazzale Aldo Moro a San Benedetto del Tronto.<br \/> \u00a0<\/p>\n<p>  <!--more-->  <\/p>\n<p> L\u2019Expo \u00e8 nato dalla volont\u00e0 di <strong>Cocalo\u2019s Club, Galleria Marconi<\/strong> e <strong>PalaRiviera<\/strong> di mettersi in rete, affermando l\u2019importanza dell\u2019arte come fattore di aggregazione e crescita e coinvolgendo nel progetto imprenditori, enti, associazioni culturali, premi artistici e operatori culturali a vari livelli che sono diventati gli Adottanti\/Mecenati dell\u2019iniziativa.<br \/> Per Marche Centro d\u2019Arte l\u2019Expo rappresenta il punto d\u2019arrivo di un anno di iniziative legate all\u2019arte, attraverso mostre e incontri con artisti e critici. Per la realizzazione della terza edizione dell\u2019Expo sono stati invitati come curatori <strong>Sonia Borsato<\/strong> e l\u2019Associazione culturale <strong>Verticale d\u2019Arte<\/strong> (<strong>Silvia Bartolini, Giorgia Berardinelli, Elisa Mori<\/strong>), che hanno realizzato due sezioni che offrono differenti spaccati dell\u2019arte contemporanea in Italia.<br \/> \u00a0<br \/> L\u2019arte genera ponti, crea collegamenti, muove idee e riflette sul contemporaneo, sui problemi e sulle ricchezze del proprio tempo, collegandosi con il passato e proiettandosi verso il futuro. Marche Centro d\u2019Arte \u00e8 un\u2019idea: mostrare tutte le potenzialit\u00e0 che un territorio pu\u00f2 avere ed offrire, se i vari soggetti che vi operano si mettono in sinergia tra di loro. Promuovere, offrire e produrre cultura sono il motore per uscire dalla crisi e far ripartire l\u2019economia. Le Marche allora non sono solo un territorio che sa coniugare i suoi molteplici aspetti ma assorbe idee e le restituisce all\u2019esterno insieme a intuizioni e creativit\u00e0. Un centro che riceve e propaga mettendosi in contatto con i molteplici aspetti del mondo esterno. Mondi distanti possono e debbono mettersi insieme per ricostruire un futuro per il nostro paese. Marche Centro d\u2019arte, convinta che l\u2019arte sar\u00e0 uno dei motori che faranno ripartire l\u2019Italia, intende mettere in rete tra loro artisti, visitatori, imprenditori e critici, per usare quale motore di sviluppo una ricchezza che nessuno pu\u00f2 portare via: la cultura.<br \/> \u00a0<br \/> <strong>Sonia Borsato<\/strong> propone un ponte ideale tra le Marche e la Sardegna allestendo una sezione, intitolata <strong>ME, MYSELF AND I<\/strong>, che offre uno spaccato dell\u2019arte che partendo dall\u2019isola si proietta verso l\u2019esterno. Gli artisti sono: <strong>Silvia Idili, Fabiola Ledda, Giovanni Manunta Pastorello, Stefania Mattu, Narcisa Monni, Chiara Porcheddu, Josephine Sassu, Chiara Seghene, Luca Spano, Gianluca Vassallo.<\/strong><br \/> \u00a0<br \/> \u00a0<br \/> L\u2019Associazione culturale <strong>Verticale d\u2019Arte<\/strong> propone invece <strong>CROSSWAYS<\/strong>, la sezione nata dal bando di selezione nazionale per valorizzare e promuovere l\u2019arte contemporanea e per individuare nuovi talenti e tendenze espressive. Gli artisti sono: <strong>Federica Amichetti, Attinia, Alessandra Baldoni, Giuseppe Biguzzi, Karmil Cardone, Hernan Chavar, M\u0103d\u0103lin Ciuc\u0103, Tiziana Contino, Giorgio Dursi, Elena Giustozzi, Alice Grassi, Giuseppe Lana, Ping Li, Silvia Mariotti, Barbara Nati, Niba, Catia Panciera, Giovanni Presutti, Serena Scopini, Giovanni Scotti, Francesca Tilio, Lidia Tropea<\/strong><br \/> \u00a0<br \/> Marche Centro d&#8217;Arte si basa sul principio dell&#8217;adozione artistica. Gli <strong>Adottanti\/Mecenati <\/strong>che hanno deciso di sostenere L&#8217;Expo nella sua terza edizione sono: <strong>Luca Aliprandi <\/strong><strong>&#8211; Premio ORA<\/strong><strong>, Alta Fedelt\u00e0, ArteContemporaneaPicena, Massimiliano Bartolomei <\/strong>\u2013 Ci\u00f9 Ci\u00f9<strong>, Angelo Bianco <\/strong><strong>&#8211; <\/strong>Fondazione SoutHeritage<strong>, Fausto Calabresi <\/strong>\u2013 Hotel Calabresi<strong>, Daniele De Angelis <\/strong><strong>&#8211; <\/strong>Spazio NovaDea<strong>, Meri De Carolis <\/strong>\u2013 Verde Cupra<strong>, Giuseppe Compare <\/strong>\u2013 Il ritrovo di Rob Shazar,<strong> Bruno Di Luzio, Fratelli Rosati <\/strong>\u2013 Pitture Chic<strong>, I.I.E. di Martorelli &amp; C. Snc, Laboratorio di Estetica Moderna L.E.M., Sergio Lenhardy, Francesco Liberati, Gaetano Lofrano <\/strong>\u2013 Arte Pollino<strong>, Grafiche Martintype, IS-gallery, Marte, Fausto Massi <\/strong><strong>&#8211; SAXA<\/strong><strong>, Vittorio Massi <\/strong>&#8211; SAXA<strong>, Mimmo Minuto <\/strong>&#8211; Bibliofila<strong>, Gino Monti <\/strong>\u2013 Per mare e monti<strong>, <\/strong><strong>Steven Music <\/strong>&#8211; Premio Celeste<strong>, New Tech srl, Lorenzo Paci <\/strong>&#8211; Equilibriarte<strong>, Cristina Perotti <\/strong>&#8211; Rivieraoggi<strong>, Sabatino Polce e Catia Gambetta <\/strong>\u2013 La gatta Carillon<strong>, Silvio Pulcini, Anteo Radovan <\/strong>&#8211; Casabianca<strong>, Guido Ranalli <\/strong><strong>&#8211; <\/strong>Aquile Millenarie \u2013 Guzzi Club<strong>, Roberto Ratti<\/strong>\u2013 Traffic Gallery<strong>, Massimo Rebecchi, Lino Rosetti<\/strong><strong> &#8211; <\/strong>Modatrading<strong>, Tania e Maurizio Sartarelli <\/strong><strong>&#8211; <\/strong>Centro Degrad\u00e8 Joelle<strong>, SEROXCULT, Lucia Spadano <\/strong>\u2013 Segno<strong>, Sponge Artecontemporanea, Asterio Tubaldi<\/strong>\u2013 Radio R<strong>, Roberto Vidali <\/strong>&#8211; JULIET ART MAGAZINE<strong>, Angelo Raffaele Villani<\/strong>&#8211; ROSSOCONTEMPORANEO<strong>, Visual Container, Lucia Zappacosta<\/strong>\u2013 Galleria Alviani<strong>.<\/strong><br \/> \u00a0<br \/> \u00a0<br \/> Scheda tecnica<br \/> Curatori: <strong>Sonia Borsato, <\/strong>Associazione culturale <strong>Verticale d\u2019Arte<\/strong><br \/> \u00a0<br \/> ufficio stampa: Dario Ciferri &#8211; Cocalo&#8217;s Club<br \/> relazioni esterne e promozione delle attivit\u00e0: Nikla Cingolani<br \/> fotografia: Stefano Capocasa<br \/> \u00a0<br \/> web: <a href=\"http:\/\/blogspot.us7.list-manage1.com\/track\/click?u=f978cb0c9a2d73fb9f055014b&amp;id=ce50ed5794&amp;e=c434ba2a99\" target=\"_blank\" style=\"color: #336699; font-weight: normal; text-decoration: underline;\">http:\/\/mcda.cocalosclub.it\/<\/a><br \/> Facebook: <a href=\"http:\/\/blogspot.us7.list-manage.com\/track\/click?u=f978cb0c9a2d73fb9f055014b&amp;id=fea36b58b9&amp;e=c434ba2a99\" target=\"_blank\" style=\"color: #336699; font-weight: normal; text-decoration: underline;\">https:\/\/www.facebook.com\/pages\/Marche-Centro-DArte\/270845876329613<\/a><\/p>\n<p>\u00a0<\/p>\n<p> Periodo: dal 7 luglio al 30 agosto<br \/> orari: 19.00 \u2013 23.00<br \/> \u00a0<br \/> spazi:<br \/> Pala Riviera<br \/> Piazzale Aldo Moro, 1<br \/> San Benedetto del Tronto (AP)<br \/> 0735.395153<br \/> mail: <a target=\"_self\" style=\"color: #336699; font-weight: normal; text-decoration: underline;\">info@palariviera.it<\/a><\/p>\n<p>\u00a0<\/p>\n<p>(fonte: comunicato stampa)<br \/>\u00a0<\/p>\n","protected":false},"excerpt":{"rendered":"<p>Dal 7 luglio al 30 agosto al PalaRiviera di San Benedetto del Tronto la terza edizione della rassegna Expo di<\/p>\n","protected":false},"author":1,"featured_media":0,"comment_status":"open","ping_status":"open","sticky":false,"template":"","format":"standard","meta":[],"categories":[27],"tags":[],"yoast_head":"<!-- This site is optimized with the Yoast SEO plugin v18.0 - https:\/\/yoast.com\/wordpress\/plugins\/seo\/ -->\n<title>Al PalaRiviera di San Benedetto del Tronto | Arte e Luoghi<\/title>\n<meta name=\"robots\" content=\"index, follow, max-snippet:-1, max-image-preview:large, max-video-preview:-1\" \/>\n<link rel=\"canonical\" href=\"https:\/\/arteeluoghi.it\/index.php\/2013\/07\/05\/al-palariviera-di-san-benedetto-del-tronto\/\" \/>\n<meta property=\"og:locale\" content=\"it_IT\" \/>\n<meta property=\"og:type\" content=\"article\" \/>\n<meta property=\"og:title\" content=\"Al PalaRiviera di San Benedetto del Tronto | Arte e Luoghi\" \/>\n<meta property=\"og:description\" content=\"Dal 7 luglio al 30 agosto al PalaRiviera di San Benedetto del Tronto la terza edizione della rassegna Expo di\" \/>\n<meta property=\"og:url\" content=\"https:\/\/arteeluoghi.it\/index.php\/2013\/07\/05\/al-palariviera-di-san-benedetto-del-tronto\/\" \/>\n<meta property=\"og:site_name\" content=\"Arte e Luoghi\" \/>\n<meta property=\"article:publisher\" content=\"https:\/\/www.facebook.com\/ArteELuoghi\/\" \/>\n<meta property=\"article:published_time\" content=\"2013-07-05T18:23:44+00:00\" \/>\n<meta property=\"og:image\" content=\"https:\/\/arteeluoghi.it\/images\/marchecentroarte.jpg\" \/>\n<meta name=\"twitter:card\" content=\"summary\" \/>\n<meta name=\"twitter:creator\" content=\"@arteeluoghi\" \/>\n<meta name=\"twitter:site\" content=\"@arteeluoghi\" \/>\n<meta name=\"twitter:label1\" content=\"Scritto da\" \/>\n\t<meta name=\"twitter:data1\" content=\"Staff\" \/>\n\t<meta name=\"twitter:label2\" content=\"Tempo di lettura stimato\" \/>\n\t<meta name=\"twitter:data2\" content=\"4 minuti\" \/>\n<script type=\"application\/ld+json\" class=\"yoast-schema-graph\">{\"@context\":\"https:\/\/schema.org\",\"@graph\":[{\"@type\":\"Organization\",\"@id\":\"https:\/\/arteeluoghi.it\/#organization\",\"name\":\"Arte e Luoghi\",\"url\":\"https:\/\/arteeluoghi.it\/\",\"sameAs\":[\"https:\/\/www.facebook.com\/ArteELuoghi\/\",\"https:\/\/www.instagram.com\/arteeluoghi\/?hl=it\",\"https:\/\/www.youtube.com\/channel\/UCuRVc4JW4-C5sg9rQB-srkw?view_as=subscriber\",\"https:\/\/twitter.com\/arteeluoghi\"],\"logo\":{\"@type\":\"ImageObject\",\"@id\":\"https:\/\/arteeluoghi.it\/#logo\",\"inLanguage\":\"it-IT\",\"url\":\"https:\/\/arteeluoghi.it\/wp-content\/uploads\/2018\/08\/logoinstagramarte.jpg\",\"contentUrl\":\"https:\/\/arteeluoghi.it\/wp-content\/uploads\/2018\/08\/logoinstagramarte.jpg\",\"width\":150,\"height\":150,\"caption\":\"Arte e Luoghi\"},\"image\":{\"@id\":\"https:\/\/arteeluoghi.it\/#logo\"}},{\"@type\":\"WebSite\",\"@id\":\"https:\/\/arteeluoghi.it\/#website\",\"url\":\"https:\/\/arteeluoghi.it\/\",\"name\":\"Arte e Luoghi\",\"description\":\"Mensile di arte, cultura, turismo e curiosit\u00e0\",\"publisher\":{\"@id\":\"https:\/\/arteeluoghi.it\/#organization\"},\"potentialAction\":[{\"@type\":\"SearchAction\",\"target\":{\"@type\":\"EntryPoint\",\"urlTemplate\":\"https:\/\/arteeluoghi.it\/?s={search_term_string}\"},\"query-input\":\"required name=search_term_string\"}],\"inLanguage\":\"it-IT\"},{\"@type\":\"ImageObject\",\"@id\":\"https:\/\/arteeluoghi.it\/index.php\/2013\/07\/05\/al-palariviera-di-san-benedetto-del-tronto\/#primaryimage\",\"inLanguage\":\"it-IT\",\"url\":\"\/images\/marchecentroarte.jpg\",\"contentUrl\":\"\/images\/marchecentroarte.jpg\"},{\"@type\":\"WebPage\",\"@id\":\"https:\/\/arteeluoghi.it\/index.php\/2013\/07\/05\/al-palariviera-di-san-benedetto-del-tronto\/#webpage\",\"url\":\"https:\/\/arteeluoghi.it\/index.php\/2013\/07\/05\/al-palariviera-di-san-benedetto-del-tronto\/\",\"name\":\"Al PalaRiviera di San Benedetto del Tronto | Arte e Luoghi\",\"isPartOf\":{\"@id\":\"https:\/\/arteeluoghi.it\/#website\"},\"primaryImageOfPage\":{\"@id\":\"https:\/\/arteeluoghi.it\/index.php\/2013\/07\/05\/al-palariviera-di-san-benedetto-del-tronto\/#primaryimage\"},\"datePublished\":\"2013-07-05T18:23:44+00:00\",\"dateModified\":\"2013-07-05T18:23:44+00:00\",\"breadcrumb\":{\"@id\":\"https:\/\/arteeluoghi.it\/index.php\/2013\/07\/05\/al-palariviera-di-san-benedetto-del-tronto\/#breadcrumb\"},\"inLanguage\":\"it-IT\",\"potentialAction\":[{\"@type\":\"ReadAction\",\"target\":[\"https:\/\/arteeluoghi.it\/index.php\/2013\/07\/05\/al-palariviera-di-san-benedetto-del-tronto\/\"]}]},{\"@type\":\"BreadcrumbList\",\"@id\":\"https:\/\/arteeluoghi.it\/index.php\/2013\/07\/05\/al-palariviera-di-san-benedetto-del-tronto\/#breadcrumb\",\"itemListElement\":[{\"@type\":\"ListItem\",\"position\":1,\"name\":\"Home\",\"item\":\"https:\/\/arteeluoghi.it\/\"},{\"@type\":\"ListItem\",\"position\":2,\"name\":\"Al PalaRiviera di San Benedetto del Tronto\"}]},{\"@type\":\"Article\",\"@id\":\"https:\/\/arteeluoghi.it\/index.php\/2013\/07\/05\/al-palariviera-di-san-benedetto-del-tronto\/#article\",\"isPartOf\":{\"@id\":\"https:\/\/arteeluoghi.it\/index.php\/2013\/07\/05\/al-palariviera-di-san-benedetto-del-tronto\/#webpage\"},\"author\":{\"@id\":\"https:\/\/arteeluoghi.it\/#\/schema\/person\/f84e814e36e91e01448ee07eaadd41d4\"},\"headline\":\"Al PalaRiviera di San Benedetto del Tronto\",\"datePublished\":\"2013-07-05T18:23:44+00:00\",\"dateModified\":\"2013-07-05T18:23:44+00:00\",\"mainEntityOfPage\":{\"@id\":\"https:\/\/arteeluoghi.it\/index.php\/2013\/07\/05\/al-palariviera-di-san-benedetto-del-tronto\/#webpage\"},\"wordCount\":788,\"commentCount\":0,\"publisher\":{\"@id\":\"https:\/\/arteeluoghi.it\/#organization\"},\"image\":{\"@id\":\"https:\/\/arteeluoghi.it\/index.php\/2013\/07\/05\/al-palariviera-di-san-benedetto-del-tronto\/#primaryimage\"},\"thumbnailUrl\":\"\/images\/marchecentroarte.jpg\",\"articleSection\":[\"Arte\"],\"inLanguage\":\"it-IT\",\"potentialAction\":[{\"@type\":\"CommentAction\",\"name\":\"Comment\",\"target\":[\"https:\/\/arteeluoghi.it\/index.php\/2013\/07\/05\/al-palariviera-di-san-benedetto-del-tronto\/#respond\"]}]},{\"@type\":\"Person\",\"@id\":\"https:\/\/arteeluoghi.it\/#\/schema\/person\/f84e814e36e91e01448ee07eaadd41d4\",\"name\":\"Staff\",\"image\":{\"@type\":\"ImageObject\",\"@id\":\"https:\/\/arteeluoghi.it\/#personlogo\",\"inLanguage\":\"it-IT\",\"url\":\"https:\/\/secure.gravatar.com\/avatar\/49d2f9e46271bb04e19cebfaf141313a?s=96&d=blank&r=g\",\"contentUrl\":\"https:\/\/secure.gravatar.com\/avatar\/49d2f9e46271bb04e19cebfaf141313a?s=96&d=blank&r=g\",\"caption\":\"Staff\"}}]}<\/script>\n<!-- \/ Yoast SEO plugin. -->","yoast_head_json":{"title":"Al PalaRiviera di San Benedetto del Tronto | Arte e Luoghi","robots":{"index":"index","follow":"follow","max-snippet":"max-snippet:-1","max-image-preview":"max-image-preview:large","max-video-preview":"max-video-preview:-1"},"canonical":"https:\/\/arteeluoghi.it\/index.php\/2013\/07\/05\/al-palariviera-di-san-benedetto-del-tronto\/","og_locale":"it_IT","og_type":"article","og_title":"Al PalaRiviera di San Benedetto del Tronto | Arte e Luoghi","og_description":"Dal 7 luglio al 30 agosto al PalaRiviera di San Benedetto del Tronto la terza edizione della rassegna Expo di","og_url":"https:\/\/arteeluoghi.it\/index.php\/2013\/07\/05\/al-palariviera-di-san-benedetto-del-tronto\/","og_site_name":"Arte e Luoghi","article_publisher":"https:\/\/www.facebook.com\/ArteELuoghi\/","article_published_time":"2013-07-05T18:23:44+00:00","og_image":[{"url":"https:\/\/arteeluoghi.it\/images\/marchecentroarte.jpg"}],"twitter_card":"summary","twitter_creator":"@arteeluoghi","twitter_site":"@arteeluoghi","twitter_misc":{"Scritto da":"Staff","Tempo di lettura stimato":"4 minuti"},"schema":{"@context":"https:\/\/schema.org","@graph":[{"@type":"Organization","@id":"https:\/\/arteeluoghi.it\/#organization","name":"Arte e Luoghi","url":"https:\/\/arteeluoghi.it\/","sameAs":["https:\/\/www.facebook.com\/ArteELuoghi\/","https:\/\/www.instagram.com\/arteeluoghi\/?hl=it","https:\/\/www.youtube.com\/channel\/UCuRVc4JW4-C5sg9rQB-srkw?view_as=subscriber","https:\/\/twitter.com\/arteeluoghi"],"logo":{"@type":"ImageObject","@id":"https:\/\/arteeluoghi.it\/#logo","inLanguage":"it-IT","url":"https:\/\/arteeluoghi.it\/wp-content\/uploads\/2018\/08\/logoinstagramarte.jpg","contentUrl":"https:\/\/arteeluoghi.it\/wp-content\/uploads\/2018\/08\/logoinstagramarte.jpg","width":150,"height":150,"caption":"Arte e Luoghi"},"image":{"@id":"https:\/\/arteeluoghi.it\/#logo"}},{"@type":"WebSite","@id":"https:\/\/arteeluoghi.it\/#website","url":"https:\/\/arteeluoghi.it\/","name":"Arte e Luoghi","description":"Mensile di arte, cultura, turismo e curiosit\u00e0","publisher":{"@id":"https:\/\/arteeluoghi.it\/#organization"},"potentialAction":[{"@type":"SearchAction","target":{"@type":"EntryPoint","urlTemplate":"https:\/\/arteeluoghi.it\/?s={search_term_string}"},"query-input":"required name=search_term_string"}],"inLanguage":"it-IT"},{"@type":"ImageObject","@id":"https:\/\/arteeluoghi.it\/index.php\/2013\/07\/05\/al-palariviera-di-san-benedetto-del-tronto\/#primaryimage","inLanguage":"it-IT","url":"\/images\/marchecentroarte.jpg","contentUrl":"\/images\/marchecentroarte.jpg"},{"@type":"WebPage","@id":"https:\/\/arteeluoghi.it\/index.php\/2013\/07\/05\/al-palariviera-di-san-benedetto-del-tronto\/#webpage","url":"https:\/\/arteeluoghi.it\/index.php\/2013\/07\/05\/al-palariviera-di-san-benedetto-del-tronto\/","name":"Al PalaRiviera di San Benedetto del Tronto | Arte e Luoghi","isPartOf":{"@id":"https:\/\/arteeluoghi.it\/#website"},"primaryImageOfPage":{"@id":"https:\/\/arteeluoghi.it\/index.php\/2013\/07\/05\/al-palariviera-di-san-benedetto-del-tronto\/#primaryimage"},"datePublished":"2013-07-05T18:23:44+00:00","dateModified":"2013-07-05T18:23:44+00:00","breadcrumb":{"@id":"https:\/\/arteeluoghi.it\/index.php\/2013\/07\/05\/al-palariviera-di-san-benedetto-del-tronto\/#breadcrumb"},"inLanguage":"it-IT","potentialAction":[{"@type":"ReadAction","target":["https:\/\/arteeluoghi.it\/index.php\/2013\/07\/05\/al-palariviera-di-san-benedetto-del-tronto\/"]}]},{"@type":"BreadcrumbList","@id":"https:\/\/arteeluoghi.it\/index.php\/2013\/07\/05\/al-palariviera-di-san-benedetto-del-tronto\/#breadcrumb","itemListElement":[{"@type":"ListItem","position":1,"name":"Home","item":"https:\/\/arteeluoghi.it\/"},{"@type":"ListItem","position":2,"name":"Al PalaRiviera di San Benedetto del Tronto"}]},{"@type":"Article","@id":"https:\/\/arteeluoghi.it\/index.php\/2013\/07\/05\/al-palariviera-di-san-benedetto-del-tronto\/#article","isPartOf":{"@id":"https:\/\/arteeluoghi.it\/index.php\/2013\/07\/05\/al-palariviera-di-san-benedetto-del-tronto\/#webpage"},"author":{"@id":"https:\/\/arteeluoghi.it\/#\/schema\/person\/f84e814e36e91e01448ee07eaadd41d4"},"headline":"Al PalaRiviera di San Benedetto del Tronto","datePublished":"2013-07-05T18:23:44+00:00","dateModified":"2013-07-05T18:23:44+00:00","mainEntityOfPage":{"@id":"https:\/\/arteeluoghi.it\/index.php\/2013\/07\/05\/al-palariviera-di-san-benedetto-del-tronto\/#webpage"},"wordCount":788,"commentCount":0,"publisher":{"@id":"https:\/\/arteeluoghi.it\/#organization"},"image":{"@id":"https:\/\/arteeluoghi.it\/index.php\/2013\/07\/05\/al-palariviera-di-san-benedetto-del-tronto\/#primaryimage"},"thumbnailUrl":"\/images\/marchecentroarte.jpg","articleSection":["Arte"],"inLanguage":"it-IT","potentialAction":[{"@type":"CommentAction","name":"Comment","target":["https:\/\/arteeluoghi.it\/index.php\/2013\/07\/05\/al-palariviera-di-san-benedetto-del-tronto\/#respond"]}]},{"@type":"Person","@id":"https:\/\/arteeluoghi.it\/#\/schema\/person\/f84e814e36e91e01448ee07eaadd41d4","name":"Staff","image":{"@type":"ImageObject","@id":"https:\/\/arteeluoghi.it\/#personlogo","inLanguage":"it-IT","url":"https:\/\/secure.gravatar.com\/avatar\/49d2f9e46271bb04e19cebfaf141313a?s=96&d=blank&r=g","contentUrl":"https:\/\/secure.gravatar.com\/avatar\/49d2f9e46271bb04e19cebfaf141313a?s=96&d=blank&r=g","caption":"Staff"}}]}},"_links":{"self":[{"href":"https:\/\/arteeluoghi.it\/index.php\/wp-json\/wp\/v2\/posts\/1213"}],"collection":[{"href":"https:\/\/arteeluoghi.it\/index.php\/wp-json\/wp\/v2\/posts"}],"about":[{"href":"https:\/\/arteeluoghi.it\/index.php\/wp-json\/wp\/v2\/types\/post"}],"author":[{"embeddable":true,"href":"https:\/\/arteeluoghi.it\/index.php\/wp-json\/wp\/v2\/users\/1"}],"replies":[{"embeddable":true,"href":"https:\/\/arteeluoghi.it\/index.php\/wp-json\/wp\/v2\/comments?post=1213"}],"version-history":[{"count":0,"href":"https:\/\/arteeluoghi.it\/index.php\/wp-json\/wp\/v2\/posts\/1213\/revisions"}],"wp:attachment":[{"href":"https:\/\/arteeluoghi.it\/index.php\/wp-json\/wp\/v2\/media?parent=1213"}],"wp:term":[{"taxonomy":"category","embeddable":true,"href":"https:\/\/arteeluoghi.it\/index.php\/wp-json\/wp\/v2\/categories?post=1213"},{"taxonomy":"post_tag","embeddable":true,"href":"https:\/\/arteeluoghi.it\/index.php\/wp-json\/wp\/v2\/tags?post=1213"}],"curies":[{"name":"wp","href":"https:\/\/api.w.org\/{rel}","templated":true}]}}