{"id":1217,"date":"2013-07-08T13:01:38","date_gmt":"2013-07-08T11:01:38","guid":{"rendered":"http:\/\/arteeluoghi.it\/index.php\/2013\/07\/08\/l-arte-per-la-vita\/"},"modified":"2013-07-08T13:01:38","modified_gmt":"2013-07-08T11:01:38","slug":"l-arte-per-la-vita","status":"publish","type":"post","link":"https:\/\/arteeluoghi.it\/index.php\/2013\/07\/08\/l-arte-per-la-vita\/","title":{"rendered":"L&#8217;Arte per la Vita"},"content":{"rendered":"<p style=\"text-align: left;\" align=\"center\"><img src=\"\/images\/lilt10%20luglio_web.jpg\" border=\"0\" title=\"la locandina della manfestazione\" width=\"300\" style=\"margin: 21px; border: 1px solid black; float: right;\" \/>Dal 10 al 20 luglio 2013 nella sede dell&#8217;associazione Le ali di Pandora di Lecce<strong><em><br \/><\/em><\/strong><\/p>\n<p style=\"text-align: left;\" align=\"center\"><span style=\"font-size: small;\"><strong>60 artisti per la LILT un&#8217; opera d&#8217;arte per la vita<\/strong><\/span><\/p>\n<p style=\"text-align: left;\" align=\"center\"><em><span style=\"font-size: small;\">raccolta fondi per il Centro ILMA<\/span><\/em><\/p>\n<p><strong>\u00a0<\/strong><\/p>\n<p><span style=\"font-size: x-small;\">Paivi Aala, Umberto Albanese, Eliab\u00f2, Filippo Altomare, Vittorio Balsebre, Roberto Bergamo, Uccio Biondi, Ogu, Lucio Calogiuri, Maddalena Castegnaro Guidorizzi, Mina D\u2019Elia, Michela Del Tinto, Federico Gismondi, Sandro Greco, Piera Ingrosso, Andrea Laudisa, Ezechiele Leandro, Monica Lisi, Sandro Marasco, Luigi Marzo, Antonio Massari, Angelo Monte, Orod\u00e8, Cristiano Pallara, Adriano Pasquali, Maria Grazia Presicce, Tina Saletnich, Enza Santoro, Elio Scarciglia, Carlo Solidoro, Fernando Spano, Francesca Speranza, Walter Spennato, Romina Tafuro, Giuseppe Zilli<\/span><\/p>\n<p>Mercoled\u00ec 10 luglio alle ore 20,00 in via Pistoia a Lecce, si apre la mostra d\u2019arte \u201c60 artisti per la LILT\u201d promossa dall\u2019associazione \u201cLe Ali di Pandora\u201d in collaborazione con la LILT pro.le di Lecce.\u00a0<\/p>\n<p>Il 30 maggio 2009\u00a0 presso la Societ\u00e0 Operaia di Mutuo Soccorso di Lecce, si apr\u00ec l\u2019Asta di beneficenza \u201c60artisti per la Lilt\u201d, a sostegno del Progetto Ilma.<\/p>\n<p>  <!--more-->  <\/p>\n<p>Bench\u00e9 il progetto Ilma riguardi il Salento, la generosit\u00e0 degli artisti ne ha varcati i confini, divenendo un segno visibile della forza dell\u2019arte. Intorno a questo evento si coagularono pi\u00f9 forze dominate da un forte spirito di collaborazione permettendo che 60artisti per la LILT si realizzasse. A tutti loro dobbiamo la riuscita di questa prima Asta di Beneficenza in favore del Progetto Ilma perch\u00e9 il tumore non chiede il permesso di soggiorno prima di entrare in un corpo.<\/p>\n<p>Le opere furono in parte vendute e quelle rimaste sono oggetto della mostra del 10 luglio che auspichiamo siano adottate da buoni samaritani, il ricavato della vendita andr\u00e0 a sostegno del Progetto Ilma.<\/p>\n<p>La mostra vede le opere di <strong>Paivi Aala, Umberto Albanese, Eliab\u00f2, Filippo Altomare, Vittorio Balsebre, Roberto Bergamo, Uccio Biondi, Ogu, Lucio Calogiuri, Maddalena Castegnaro Guidorizzi, Mina D\u2019Elia, Michela Del Tinto, Federico Gismondi, Sandro Greco, Piera Ingrosso, Andrea Laudisa, Ezechiele Leandro, Monica Lisi, Sandro Marasco, Luigi Marzo, Antonio Massari, Angelo Monte, Orod\u00e8, Cristiano Pallara, Adriano Pasquali, Maria Grazia Presicce, Tina Saletnich, Enza Santoro, Elio Scarciglia, Carlo Solidoro, Fernando Spano, Francesca Speranza, Walter Spennato, Romina Tafuro, Giuseppe Zilli.<\/strong><\/p>\n<p>Scrive Marianna Burlando (psicologa e psicoterapeuta presso l&#8217;oncologico di Casarano): \u201cBen vengano allora tutte le iniziative di fund raising per dare impulso e testimoniare il valore del Centro ILMA: come l\u2019Arte e le opere donate alla LILT da 60 artisti per contribuire a finanziare il progetto.<\/p>\n<p>La sezione provinciale di Lecce della LEGA ITALIANA PER LA LOTTA CONTRO I TUMORI (LILT) \u00e8 impegnata da tempo nella realizzazione del Centro ILMA, una grande struttura polivalente in costruzione alle porte di Gallipoli e dedicata alla lotta al cancro. L\u2019opera \u2013 \u00e8 bene sottolinearlo \u2013 si finanzia grazie alla raccolta fondi dei volontari e delle volontarie che da anni si prodigano a promuovere la bont\u00e0 del progetto e a ricercare sostegni e aiuti economici sotto ogni forma (5X1000, maratone, concorsi, donazioni, bomboniere della solidariet\u00e0, eventi culturali, ecc.).<\/p>\n<p>In un periodo di grande emergenza ambientale e di conseguente crescita dell\u2019incidenza delle patologie tumorali, il Centro ILMA \u00e8 la risposta al vuoto istituzionale di conoscenza e di tutela per contrastare il degrado territoriale e la qualit\u00e0 della vita. Una risposta che proviene dalla societ\u00e0 civile avvertita e non mediata da organismi, poteri e interessi se non quelli di alzare i livelli di sicurezza, protezione, cura e sostenibilit\u00e0 delle persone e dell\u2019ecosistema in toto.<\/p>\n<p>Fiore all\u2019occhiello del progetto \u00e8 il Centro Ricerche per lo studio dei fattori di rischio ambientale correlati con le neoplasie per diffondere la cultura della prevenzione primaria e sensibilizzare circa gli stili di vita dei singoli, le scelte e i modelli economico-politici e collettivi ispirati al principio della precauzione, al rispetto del patrimonio naturale e vocazionale.<\/p>\n<p>Per queste finalit\u00e0 il Centro ILMA prevede strutture dedicate e azioni educative, informative e di studio mediante la Biblioteca, l\u2019Auditorium e i Laboratori didattici per promuovere convegni, seminari, apprendimento attivo rivolto ai giovani, il tutto nell\u2019ottica di una formazione permanente e di alto livello, per metodi e contenuti (scambi internazionali, documentazione da fonti di studio indipendenti, propria attivit\u00e0 di ricerca, rivista scientifica, ecc.).<\/p>\n<p>A questi servizi di Prevenzione Primaria vanno aggiunti quelli dell\u2019Assistenza nel post malattia per i bisogni riabilitativi fisici, psicologici e sociali (piscina, palestra, gruppi di auto-aiuto, psicoterapia individuale\/familiare, consulenza per i benefici e i diritti di legge).<\/p>\n<p>Il Centro ILMA sar\u00e0 anche il luogo per le cure palliative mediante l\u2019istituzione di una casa hospice.<\/p>\n<p>La vasta area sulla quale l\u2019opera \u00e8 in costruzione (strada provinciale Alezio-Gallipoli) \u00e8 di particolare pregio paesaggistico (macchia mediterranea con specialit\u00e0 botaniche protette) e storico (cava dismessa per l\u2019estrazione della pietra locale).<\/p>\n<p>Per rendere la struttura fruibile oltre le precipue finalit\u00e0 socio-sanitarie, il Centro ILMA prevede la creazione di percorsi naturalistici atti a favorire passeggiate ed escursioni (cartelli didattici per flora e fauna, per la pietra un tempo estratta,\u00a0 per il bacino d\u2019acque sorgive che verr\u00e0 preservato).<\/p>\n<p>Il Centro ILMA \u00e8 patrimonio del Salento e della popolazione salentina e ha bisogno del sostegno civile e fattivo dell\u2019intera comunit\u00e0 per giungere alla sua completa realizzazione.<\/p>\n<p>(fonte: comunicato stampa)<\/p>\n<p style=\"text-align: left;\" align=\"center\"><strong><em>Centro Polifunzionale \u2013 V.le Giovanni Paolo II angolo Via Pistoia, 9 \u2013 Lecce<\/em><\/strong><\/p>\n<p style=\"text-align: left;\"><strong><em>10\/20 luglio<\/em><\/strong><\/p>\n<p class=\"Contenutotabella\">Contatti: 0832391862 &#8211;\u00a0 3395607242\/<\/p>\n<p class=\"Contenutotabella\"><a href=\"mailto:lealidipandora@libero.it\">lealidipandora@libero.<\/a><a href=\"mailto:it\/info@ilraggioverdesrl.it\">it\/<\/a><\/p>\n<p style=\"text-align: left;\"><strong><em>www.lealidipandora.com<br \/><\/em><\/strong><\/p>\n","protected":false},"excerpt":{"rendered":"<p>Dal 10 al 20 luglio 2013 nella sede dell&#8217;associazione Le ali di Pandora di Lecce 60 artisti per la LILT<\/p>\n","protected":false},"author":1,"featured_media":0,"comment_status":"open","ping_status":"open","sticky":false,"template":"","format":"standard","meta":[],"categories":[3],"tags":[],"yoast_head":"<!-- This site is optimized with the Yoast SEO plugin v18.0 - https:\/\/yoast.com\/wordpress\/plugins\/seo\/ -->\n<title>L&#039;Arte per la Vita | Arte e Luoghi<\/title>\n<meta name=\"robots\" content=\"index, follow, max-snippet:-1, max-image-preview:large, max-video-preview:-1\" \/>\n<link rel=\"canonical\" href=\"https:\/\/arteeluoghi.it\/index.php\/2013\/07\/08\/l-arte-per-la-vita\/\" \/>\n<meta property=\"og:locale\" content=\"it_IT\" \/>\n<meta property=\"og:type\" content=\"article\" \/>\n<meta property=\"og:title\" content=\"L&#039;Arte per la Vita | Arte e Luoghi\" \/>\n<meta property=\"og:description\" content=\"Dal 10 al 20 luglio 2013 nella sede dell&#8217;associazione Le ali di Pandora di Lecce 60 artisti per la LILT\" \/>\n<meta property=\"og:url\" content=\"https:\/\/arteeluoghi.it\/index.php\/2013\/07\/08\/l-arte-per-la-vita\/\" \/>\n<meta property=\"og:site_name\" content=\"Arte e Luoghi\" \/>\n<meta property=\"article:publisher\" content=\"https:\/\/www.facebook.com\/ArteELuoghi\/\" \/>\n<meta property=\"article:published_time\" content=\"2013-07-08T11:01:38+00:00\" \/>\n<meta property=\"og:image\" content=\"https:\/\/arteeluoghi.it\/images\/lilt10%20luglio_web.jpg\" \/>\n<meta name=\"twitter:card\" content=\"summary\" \/>\n<meta name=\"twitter:creator\" content=\"@arteeluoghi\" \/>\n<meta name=\"twitter:site\" content=\"@arteeluoghi\" \/>\n<meta name=\"twitter:label1\" content=\"Scritto da\" \/>\n\t<meta name=\"twitter:data1\" content=\"Staff\" \/>\n\t<meta name=\"twitter:label2\" content=\"Tempo di lettura stimato\" \/>\n\t<meta name=\"twitter:data2\" content=\"4 minuti\" \/>\n<script type=\"application\/ld+json\" class=\"yoast-schema-graph\">{\"@context\":\"https:\/\/schema.org\",\"@graph\":[{\"@type\":\"Organization\",\"@id\":\"https:\/\/arteeluoghi.it\/#organization\",\"name\":\"Arte e Luoghi\",\"url\":\"https:\/\/arteeluoghi.it\/\",\"sameAs\":[\"https:\/\/www.facebook.com\/ArteELuoghi\/\",\"https:\/\/www.instagram.com\/arteeluoghi\/?hl=it\",\"https:\/\/www.youtube.com\/channel\/UCuRVc4JW4-C5sg9rQB-srkw?view_as=subscriber\",\"https:\/\/twitter.com\/arteeluoghi\"],\"logo\":{\"@type\":\"ImageObject\",\"@id\":\"https:\/\/arteeluoghi.it\/#logo\",\"inLanguage\":\"it-IT\",\"url\":\"https:\/\/arteeluoghi.it\/wp-content\/uploads\/2018\/08\/logoinstagramarte.jpg\",\"contentUrl\":\"https:\/\/arteeluoghi.it\/wp-content\/uploads\/2018\/08\/logoinstagramarte.jpg\",\"width\":150,\"height\":150,\"caption\":\"Arte e Luoghi\"},\"image\":{\"@id\":\"https:\/\/arteeluoghi.it\/#logo\"}},{\"@type\":\"WebSite\",\"@id\":\"https:\/\/arteeluoghi.it\/#website\",\"url\":\"https:\/\/arteeluoghi.it\/\",\"name\":\"Arte e Luoghi\",\"description\":\"Mensile di arte, cultura, turismo e curiosit\u00e0\",\"publisher\":{\"@id\":\"https:\/\/arteeluoghi.it\/#organization\"},\"potentialAction\":[{\"@type\":\"SearchAction\",\"target\":{\"@type\":\"EntryPoint\",\"urlTemplate\":\"https:\/\/arteeluoghi.it\/?s={search_term_string}\"},\"query-input\":\"required name=search_term_string\"}],\"inLanguage\":\"it-IT\"},{\"@type\":\"ImageObject\",\"@id\":\"https:\/\/arteeluoghi.it\/index.php\/2013\/07\/08\/l-arte-per-la-vita\/#primaryimage\",\"inLanguage\":\"it-IT\",\"url\":\"\/images\/lilt10%20luglio_web.jpg\",\"contentUrl\":\"\/images\/lilt10%20luglio_web.jpg\"},{\"@type\":\"WebPage\",\"@id\":\"https:\/\/arteeluoghi.it\/index.php\/2013\/07\/08\/l-arte-per-la-vita\/#webpage\",\"url\":\"https:\/\/arteeluoghi.it\/index.php\/2013\/07\/08\/l-arte-per-la-vita\/\",\"name\":\"L'Arte per la Vita | Arte e Luoghi\",\"isPartOf\":{\"@id\":\"https:\/\/arteeluoghi.it\/#website\"},\"primaryImageOfPage\":{\"@id\":\"https:\/\/arteeluoghi.it\/index.php\/2013\/07\/08\/l-arte-per-la-vita\/#primaryimage\"},\"datePublished\":\"2013-07-08T11:01:38+00:00\",\"dateModified\":\"2013-07-08T11:01:38+00:00\",\"breadcrumb\":{\"@id\":\"https:\/\/arteeluoghi.it\/index.php\/2013\/07\/08\/l-arte-per-la-vita\/#breadcrumb\"},\"inLanguage\":\"it-IT\",\"potentialAction\":[{\"@type\":\"ReadAction\",\"target\":[\"https:\/\/arteeluoghi.it\/index.php\/2013\/07\/08\/l-arte-per-la-vita\/\"]}]},{\"@type\":\"BreadcrumbList\",\"@id\":\"https:\/\/arteeluoghi.it\/index.php\/2013\/07\/08\/l-arte-per-la-vita\/#breadcrumb\",\"itemListElement\":[{\"@type\":\"ListItem\",\"position\":1,\"name\":\"Home\",\"item\":\"https:\/\/arteeluoghi.it\/\"},{\"@type\":\"ListItem\",\"position\":2,\"name\":\"L&#8217;Arte per la Vita\"}]},{\"@type\":\"Article\",\"@id\":\"https:\/\/arteeluoghi.it\/index.php\/2013\/07\/08\/l-arte-per-la-vita\/#article\",\"isPartOf\":{\"@id\":\"https:\/\/arteeluoghi.it\/index.php\/2013\/07\/08\/l-arte-per-la-vita\/#webpage\"},\"author\":{\"@id\":\"https:\/\/arteeluoghi.it\/#\/schema\/person\/f84e814e36e91e01448ee07eaadd41d4\"},\"headline\":\"L&#8217;Arte per la Vita\",\"datePublished\":\"2013-07-08T11:01:38+00:00\",\"dateModified\":\"2013-07-08T11:01:38+00:00\",\"mainEntityOfPage\":{\"@id\":\"https:\/\/arteeluoghi.it\/index.php\/2013\/07\/08\/l-arte-per-la-vita\/#webpage\"},\"wordCount\":864,\"commentCount\":0,\"publisher\":{\"@id\":\"https:\/\/arteeluoghi.it\/#organization\"},\"image\":{\"@id\":\"https:\/\/arteeluoghi.it\/index.php\/2013\/07\/08\/l-arte-per-la-vita\/#primaryimage\"},\"thumbnailUrl\":\"\/images\/lilt10%20luglio_web.jpg\",\"articleSection\":[\"Arti visive\"],\"inLanguage\":\"it-IT\",\"potentialAction\":[{\"@type\":\"CommentAction\",\"name\":\"Comment\",\"target\":[\"https:\/\/arteeluoghi.it\/index.php\/2013\/07\/08\/l-arte-per-la-vita\/#respond\"]}]},{\"@type\":\"Person\",\"@id\":\"https:\/\/arteeluoghi.it\/#\/schema\/person\/f84e814e36e91e01448ee07eaadd41d4\",\"name\":\"Staff\",\"image\":{\"@type\":\"ImageObject\",\"@id\":\"https:\/\/arteeluoghi.it\/#personlogo\",\"inLanguage\":\"it-IT\",\"url\":\"https:\/\/secure.gravatar.com\/avatar\/49d2f9e46271bb04e19cebfaf141313a?s=96&d=blank&r=g\",\"contentUrl\":\"https:\/\/secure.gravatar.com\/avatar\/49d2f9e46271bb04e19cebfaf141313a?s=96&d=blank&r=g\",\"caption\":\"Staff\"}}]}<\/script>\n<!-- \/ Yoast SEO plugin. -->","yoast_head_json":{"title":"L'Arte per la Vita | Arte e Luoghi","robots":{"index":"index","follow":"follow","max-snippet":"max-snippet:-1","max-image-preview":"max-image-preview:large","max-video-preview":"max-video-preview:-1"},"canonical":"https:\/\/arteeluoghi.it\/index.php\/2013\/07\/08\/l-arte-per-la-vita\/","og_locale":"it_IT","og_type":"article","og_title":"L'Arte per la Vita | Arte e Luoghi","og_description":"Dal 10 al 20 luglio 2013 nella sede dell&#8217;associazione Le ali di Pandora di Lecce 60 artisti per la LILT","og_url":"https:\/\/arteeluoghi.it\/index.php\/2013\/07\/08\/l-arte-per-la-vita\/","og_site_name":"Arte e Luoghi","article_publisher":"https:\/\/www.facebook.com\/ArteELuoghi\/","article_published_time":"2013-07-08T11:01:38+00:00","og_image":[{"url":"https:\/\/arteeluoghi.it\/images\/lilt10%20luglio_web.jpg"}],"twitter_card":"summary","twitter_creator":"@arteeluoghi","twitter_site":"@arteeluoghi","twitter_misc":{"Scritto da":"Staff","Tempo di lettura stimato":"4 minuti"},"schema":{"@context":"https:\/\/schema.org","@graph":[{"@type":"Organization","@id":"https:\/\/arteeluoghi.it\/#organization","name":"Arte e Luoghi","url":"https:\/\/arteeluoghi.it\/","sameAs":["https:\/\/www.facebook.com\/ArteELuoghi\/","https:\/\/www.instagram.com\/arteeluoghi\/?hl=it","https:\/\/www.youtube.com\/channel\/UCuRVc4JW4-C5sg9rQB-srkw?view_as=subscriber","https:\/\/twitter.com\/arteeluoghi"],"logo":{"@type":"ImageObject","@id":"https:\/\/arteeluoghi.it\/#logo","inLanguage":"it-IT","url":"https:\/\/arteeluoghi.it\/wp-content\/uploads\/2018\/08\/logoinstagramarte.jpg","contentUrl":"https:\/\/arteeluoghi.it\/wp-content\/uploads\/2018\/08\/logoinstagramarte.jpg","width":150,"height":150,"caption":"Arte e Luoghi"},"image":{"@id":"https:\/\/arteeluoghi.it\/#logo"}},{"@type":"WebSite","@id":"https:\/\/arteeluoghi.it\/#website","url":"https:\/\/arteeluoghi.it\/","name":"Arte e Luoghi","description":"Mensile di arte, cultura, turismo e curiosit\u00e0","publisher":{"@id":"https:\/\/arteeluoghi.it\/#organization"},"potentialAction":[{"@type":"SearchAction","target":{"@type":"EntryPoint","urlTemplate":"https:\/\/arteeluoghi.it\/?s={search_term_string}"},"query-input":"required name=search_term_string"}],"inLanguage":"it-IT"},{"@type":"ImageObject","@id":"https:\/\/arteeluoghi.it\/index.php\/2013\/07\/08\/l-arte-per-la-vita\/#primaryimage","inLanguage":"it-IT","url":"\/images\/lilt10%20luglio_web.jpg","contentUrl":"\/images\/lilt10%20luglio_web.jpg"},{"@type":"WebPage","@id":"https:\/\/arteeluoghi.it\/index.php\/2013\/07\/08\/l-arte-per-la-vita\/#webpage","url":"https:\/\/arteeluoghi.it\/index.php\/2013\/07\/08\/l-arte-per-la-vita\/","name":"L'Arte per la Vita | Arte e Luoghi","isPartOf":{"@id":"https:\/\/arteeluoghi.it\/#website"},"primaryImageOfPage":{"@id":"https:\/\/arteeluoghi.it\/index.php\/2013\/07\/08\/l-arte-per-la-vita\/#primaryimage"},"datePublished":"2013-07-08T11:01:38+00:00","dateModified":"2013-07-08T11:01:38+00:00","breadcrumb":{"@id":"https:\/\/arteeluoghi.it\/index.php\/2013\/07\/08\/l-arte-per-la-vita\/#breadcrumb"},"inLanguage":"it-IT","potentialAction":[{"@type":"ReadAction","target":["https:\/\/arteeluoghi.it\/index.php\/2013\/07\/08\/l-arte-per-la-vita\/"]}]},{"@type":"BreadcrumbList","@id":"https:\/\/arteeluoghi.it\/index.php\/2013\/07\/08\/l-arte-per-la-vita\/#breadcrumb","itemListElement":[{"@type":"ListItem","position":1,"name":"Home","item":"https:\/\/arteeluoghi.it\/"},{"@type":"ListItem","position":2,"name":"L&#8217;Arte per la Vita"}]},{"@type":"Article","@id":"https:\/\/arteeluoghi.it\/index.php\/2013\/07\/08\/l-arte-per-la-vita\/#article","isPartOf":{"@id":"https:\/\/arteeluoghi.it\/index.php\/2013\/07\/08\/l-arte-per-la-vita\/#webpage"},"author":{"@id":"https:\/\/arteeluoghi.it\/#\/schema\/person\/f84e814e36e91e01448ee07eaadd41d4"},"headline":"L&#8217;Arte per la Vita","datePublished":"2013-07-08T11:01:38+00:00","dateModified":"2013-07-08T11:01:38+00:00","mainEntityOfPage":{"@id":"https:\/\/arteeluoghi.it\/index.php\/2013\/07\/08\/l-arte-per-la-vita\/#webpage"},"wordCount":864,"commentCount":0,"publisher":{"@id":"https:\/\/arteeluoghi.it\/#organization"},"image":{"@id":"https:\/\/arteeluoghi.it\/index.php\/2013\/07\/08\/l-arte-per-la-vita\/#primaryimage"},"thumbnailUrl":"\/images\/lilt10%20luglio_web.jpg","articleSection":["Arti visive"],"inLanguage":"it-IT","potentialAction":[{"@type":"CommentAction","name":"Comment","target":["https:\/\/arteeluoghi.it\/index.php\/2013\/07\/08\/l-arte-per-la-vita\/#respond"]}]},{"@type":"Person","@id":"https:\/\/arteeluoghi.it\/#\/schema\/person\/f84e814e36e91e01448ee07eaadd41d4","name":"Staff","image":{"@type":"ImageObject","@id":"https:\/\/arteeluoghi.it\/#personlogo","inLanguage":"it-IT","url":"https:\/\/secure.gravatar.com\/avatar\/49d2f9e46271bb04e19cebfaf141313a?s=96&d=blank&r=g","contentUrl":"https:\/\/secure.gravatar.com\/avatar\/49d2f9e46271bb04e19cebfaf141313a?s=96&d=blank&r=g","caption":"Staff"}}]}},"_links":{"self":[{"href":"https:\/\/arteeluoghi.it\/index.php\/wp-json\/wp\/v2\/posts\/1217"}],"collection":[{"href":"https:\/\/arteeluoghi.it\/index.php\/wp-json\/wp\/v2\/posts"}],"about":[{"href":"https:\/\/arteeluoghi.it\/index.php\/wp-json\/wp\/v2\/types\/post"}],"author":[{"embeddable":true,"href":"https:\/\/arteeluoghi.it\/index.php\/wp-json\/wp\/v2\/users\/1"}],"replies":[{"embeddable":true,"href":"https:\/\/arteeluoghi.it\/index.php\/wp-json\/wp\/v2\/comments?post=1217"}],"version-history":[{"count":0,"href":"https:\/\/arteeluoghi.it\/index.php\/wp-json\/wp\/v2\/posts\/1217\/revisions"}],"wp:attachment":[{"href":"https:\/\/arteeluoghi.it\/index.php\/wp-json\/wp\/v2\/media?parent=1217"}],"wp:term":[{"taxonomy":"category","embeddable":true,"href":"https:\/\/arteeluoghi.it\/index.php\/wp-json\/wp\/v2\/categories?post=1217"},{"taxonomy":"post_tag","embeddable":true,"href":"https:\/\/arteeluoghi.it\/index.php\/wp-json\/wp\/v2\/tags?post=1217"}],"curies":[{"name":"wp","href":"https:\/\/api.w.org\/{rel}","templated":true}]}}