{"id":1228,"date":"2013-07-22T22:03:37","date_gmt":"2013-07-22T20:03:37","guid":{"rendered":"http:\/\/arteeluoghi.it\/index.php\/2013\/07\/22\/una-grande-festa-di-sguardi\/"},"modified":"2017-08-06T03:02:03","modified_gmt":"2017-08-06T01:02:03","slug":"una-grande-festa-di-sguardi","status":"publish","type":"post","link":"https:\/\/arteeluoghi.it\/index.php\/2013\/07\/22\/una-grande-festa-di-sguardi\/","title":{"rendered":"Una grande festa di sguardi"},"content":{"rendered":"<p>\u00a0<\/p>\n<h2><span style=\"font-size: small;\"><a href=\"http:\/\/vimeo.com\/70204560\"><img loading=\"lazy\" src=\"\/images\/cinemadelreale2013.jpg\" border=\"0\" title=\"la locandina della manifestazione\" width=\"300\" height=\"148\" style=\"margin: 21px; float: left;\" \/><\/a>Torna a Specchia, dal 24 al 27 luglio 2013 nella corte di Palazzo Risolo, la\u00a0 decima edizione<strong><br \/><\/strong><\/span><\/h2>\n<h2><span style=\"font-size: small;\"><strong> Cinema del Reale. Il ritorno di una Festa<\/strong><\/span><\/h2>\n<h2>Sogni, Musiche, Citt\u00e0<\/h2>\n<p>Omaggi a <strong>Giuseppe Taffarel<\/strong> e <strong>Giuseppe Bertolucci<\/strong><\/p>\n<p>\u00a0<\/p>\n<p><strong>Dal 24 al 27 luglio<\/strong> torna a <strong>Specchia<\/strong> ( <strong>Lecce<\/strong>) la\u00a0<strong>\u00a0<\/strong><\/p>\n<p><strong>Quattro giorni, dal 24 al 27 luglio a Palazzo Risolo a Specchia all&#8217;insegna del cinema pi\u00f9 spericolato, curioso e inventivo<\/strong> <strong>che si possa vedere a ascoltare<\/strong>. Pi\u00f9 che una rassegna &#8211; un&#8217;originale &#8220;<strong>festa di sguardi<\/strong>&#8221; che promuove attraverso\u00a0 differenti linguaggi le narrazioni del reale e il cinema documentario. Questo in sintesi la <strong>Festa di Cinema del reale<\/strong>, <strong>Festival del Cinema Documentario che quest&#8217;anno festeggia la decima edizione.<\/strong><\/p>\n<p>\u00ab<em>Questa \u00e8 un&#8217;edizione importante <\/em>&#8211; spiega il direttore artistico<strong> Paolo Pisanelli<\/strong> &#8211;<em> perch\u00e9 la Festa di Cinema del reale festeggia dieci anni di visioni spericolate: \u00e8 un traguardo per una manifestazione che ha diffuso la conoscenza di un modo di fare cinema originale e &#8220;necessario&#8221;, un traguardo che ci spinge a perseverare nel nostro lavoro di &#8220;salvataggio dalla dis-memoria&#8221; di veri capolavori cinematografici che rischiavano di cadere nell&#8217;oblio e, al tempo stesso, a continuare a puntare alle nuove leve del cinema del reale e agli sperimentatori di visioni<\/em>\u00bb.<\/p>\n<p>  <!--more-->  <\/p>\n<p>\u00a0<\/p>\n<p><img src=\"\/images\/cinemareale1.jpg\" border=\"0\" width=\"300\" style=\"margin: 21px; float: right;\" \/>Un&#8217;edizione speciale per festeggiare 10 anni di visioni spericolate. Uno straordinario traguardo per una manifestazione che ha diffuso la conoscenza di un modo di fare cinema originale e &#8220;necessario&#8221;, che persevera nel lavoro di &#8220;salvataggio dalla dis-memoria&#8221; di veri capolavori cinematografici che rischierebbero di cadere nell&#8217;oblio e che, al tempo stesso, continua a puntare alle nuove leve del cinema del reale e agli sperimentatori di visioni.<\/p>\n<p>\u00c8 una Festa che fa dialogare film e musica, fotografia e scrittura, cibo e arti visive, e trasforma uno dei borghi pi\u00f9 suggestivi d&#8217;Italia, con la &#8220;sala en plein air&#8221; allestita nella corte del Castello Risolo, in una vera e propria Cittadella di Cinema del reale abitata da autori, produttori, studenti, turisti e appassionati.<\/p>\n<p>Un grande laboratorio ideato e realizzato da Big Sur, Associazione Cinema del reale e OfficinaVisioni. All&#8217;interno della Festa di Cinema del reale si svolge il Festival del Cinema documentario, iniziativa cofinanziata da Unione Europea, Regione Puglia e Fondazione Apulia Film Commission.<\/p>\n<p>Tra gli autori, gli attori e i musicisti invitati: <strong>Matteo Garrone<\/strong>, <strong>Daniele Vicari<\/strong>, <strong>Costanza Quatriglio<\/strong>, <strong>Andrea Segre<\/strong>, <strong>Cecilia Mangini<\/strong>, <strong>Edoardo Winspeare<\/strong>, <strong>Pippo Mezzapesa<\/strong>, <strong>Enrico Ghezzi<\/strong>, <strong>Hermes Mangialardo, Vinicio Capossela<\/strong>, <strong>Michele Riondino<\/strong>, <strong>Andrea Rivera, Carolina Bubbico<\/strong>, <strong>Go Dugong, Dondestan<\/strong> e <strong>Andrea &#8220;Populous&#8221; Mangia<\/strong>.<\/p>\n<p>\u00a0<\/p>\n<p><img src=\"\/images\/cinemareale2.jpg\" border=\"0\" width=\"350\" style=\"margin: 21px; float: left;\" \/>Il <strong>Premio Cinema del reale<\/strong> \u00e8 conferito ad autori, produttori, distributori, e operatori culturali che danno impulso alla creazione, realizzazione e diffusione del cinema del reale in Italia. Al riconoscimento, realizzato quest&#8217;anno da <strong>Parisi Luminarie<\/strong>, si aggiunge anche il premio promosso dal circuito <strong>Culturanze<\/strong>.<\/p>\n<p>Cinema del reale \u00e8 un cinema &#8220;ambulante&#8221;, senza botteghino (tutte le proiezioni sono a ingresso libero) e senza effetti speciali. \u00c8 il cinema che attraversa periferie, fabbriche, deserti, mari, isole, metropoli, fiumi, terremoti, televisioni; che &#8220;si fa fuori&#8221;, per strada e ovunque, e invita le persone ad incontrarsi, a guardare i luoghi dove viviamo, le cose che succedono, raccogliendo memorie e amnesie per attraversare luci e ombre del presente, del passato, del futuro. Un &#8220;Cinema del reale&#8221; che pur disponendo di sempre pi\u00f9 limitate risorse economiche, \u00e8 dotato di grandi capacit\u00e0 inventive.<\/p>\n<p><strong>Programma<\/strong><\/p>\n<p>Ad aprire la Festa, un&#8217;autentica &#8220;pioniera&#8221; del documentario europeo, l&#8217;italiana <strong>Cecilia Mangini<\/strong>, amica e grande promotrice di Cinema del reale, che quest&#8217;anno presenter\u00e0 <strong><em>Divino Amore<\/em><\/strong>, un documentario anti-etnologico e anti-antropologico che &#8211; esattamente 50 anni fa &#8211; rifiutava la presa diretta, aboliva il commento off e affidava alla musica d&#8217;avanguardia di <strong>Egisto Macchi<\/strong> di contestualizzare il culto dell&#8217;immagine della Madonna conservata nel Santuario alle porte di Roma. <strong>Un film invisibile, a lungo creduto perduto,<\/strong> <strong>offerto in prima visione assoluta<\/strong> <strong>al pubblico della Festa<\/strong>: un capolavoro duramente osteggiato &#8211; la Commissione dei Premi di Qualit\u00e0 dell&#8217;epoca lo bocci\u00f2, compromettendone di fatto la distribuzione &#8211; che finalmente pu\u00f2 tornare a dialogare con le opere di altri grandi autori che si sono avvicinati al Divino Amore, dal Gadda del <em>Pasticciaccio<\/em> al Fellini de <em>Le notti di Cabiria<\/em>.<\/p>\n<p>\u00a0<\/p>\n<p>Sempre in tema di maestri, da segnalare anche l&#8217;omaggio a <strong>Giuseppe Taffarel<\/strong> (1922\/2012), figura tra le pi\u00f9 originali del cinema italiano del secondo dopoguerra. Partigiano in Veneto, con gli amici Emilio Vedova e Roberto Sonego, poi allievo dell&#8217;Accademia d&#8217;Arte Drammatica e sceneggiatore, coprotagonista di <em>Achtung! Banditi!<\/em> di Carlo Lizzani all&#8217;inizio degli anni Cinquanta (quando divide le spese di una casa in affitto con la giovanissima Sophia Loren e diventa amico di Gina Lollobrigida), teorizzatore con Michelangelo Antonioni e Vittorio De Seta del &#8220;nuovo cinema documentario&#8221;, nel 1960 dirige il suo primo film, <strong><em>La croce<\/em><\/strong>, cui seguiranno oltre trecento titoli dai temi pi\u00f9 diversi.<\/p>\n<p>\u00a0<\/p>\n<p>A Specchia si vedranno <strong><em>Fazzoletti di terra<\/em><\/strong>, un piccolo capolavoro che racconta la realt\u00e0 contadina di una famiglia della Valbrenta, e <strong><em>La croce<\/em><\/strong>, un vero gioiello che indaga la vita intima e segreta dei montanari che &#8211; spiega la voce narrante &#8211; vivono &#8220;<em>come ombre che si confondono con il terreno<\/em>&#8220;, e sono noti per portare sulle spalle la slitta, chiamata la croce, dalla frazione di Fais, Vittorio Veneto (TV), fino alla cima del monte Visentin. Una marcia estenuante, lunga sette ore, con lo scopo di raccogliere, prima che sopraggiunga la neve, il fieno lasciato a essiccare durante l&#8217;estate, per poi portarlo a valle con la slitta, percorrendo con enorme fatica i sentieri pietrosi.<\/p>\n<p>\u00a0<\/p>\n<p>Di Gianfranco Mingozzi sar\u00e0 mostrato <strong><em>Tarantate<\/em><\/strong> un estratto da <strong><em>Sulla terra del rimorso<\/em><\/strong>, il documentario che, a vent&#8217;anni dalla ricerca di Ernesto De Martino, ripercorreva le tappe pi\u00f9 significative dello sguardo etnografico sul mondo dei tarantati: sui testi di Claudio Barbati e Annabella Rossi scorrono le immagini girate nel 1961 da Mingozzi e le sequenze tratte da <em>Sud e magia<\/em> (1977), oltre alle nuove riprese, con il ritorno di Mingozzi a Galatina nel 1982. Il film \u00e8 musicato da <strong>Egisto Macchi<\/strong>, a cui Cinema del reale dedica un omaggio.<\/p>\n<p>\u00a0<\/p>\n<p>Con <strong><em>Bologna<\/em><\/strong>, uno degli &#8220;episodi&#8221; del progetto collettivo <em>12 registi per 12 citt\u00e0<\/em> realizzato in occasione dei Mondiali di calcio di Italia 90, la Festa di Cinema del reale vuole infine ricordare <strong>Giuseppe Bertolucci<\/strong>: e lo fa con un piccolo film, girato a quattro mani con Bernardo Bertolucci, che merita una riscoperta. Una corsa a perdifiato che trascina la macchina da presa da Piazza Maggiore per tutta la Bologna monumentale, passando come una vertigine dal gran teatro dei Carracci ai cieli di Guido Reni, dai corridoi dell&#8217;antica Universit\u00e0 alle strade del centro storico.<\/p>\n<h4>VISIONI DOC<\/h4>\n<p>Accanto a questi grandi, una selezione del meglio della produzione italiana dell&#8217;ultima stagione: dall&#8217;emergenza ambientale di Brindisi, raccontata attraverso le vite di quattro militanti del movimento &#8220;No al Carbone&#8221; ne <strong><em>Il giorno che verr\u00e0<\/em><\/strong> di <strong>Simone Salvemini<\/strong>, al mosaico di storie che in <strong><em>God Save the Green<\/em><\/strong> di <strong>Alessandro Rossi<\/strong> e <strong>Michele Mellara<\/strong> fotografa la &#8220;controrivoluzione&#8221; antropologica che ovunque sta riportando uomini e donne a cercare un rapporto diretto con la terra e i suoi prodotti; da <strong><em>Terramatta<\/em><\/strong> di <strong>Costanza Quatriglio<\/strong> (premiato con il Nastro d&#8217;Argento 2013 come miglior documentario)sul Novecento di Vincenzo Rabito, che in una lingua inventata &#8211; n\u00e9 italiano n\u00e9 dialetto &#8211; ha raccontato da &#8220;semi-analfabeta&#8221; un secolo di povert\u00e0 e boom economico, guerra e lavoro, a <strong><em>Teorema Venezia <\/em><\/strong>di <strong>Andreas Pichler<\/strong>, requiem ad una citt\u00e0 unica e irripetibile, che continua a essere il sogno di tutti i romantici del mondo ma sta diventando un luogo fantasma; non \u00e8 di produzione italiana, infine, ma diretto da una regista italiana, <strong>Alessandra Celesia,<\/strong> che vive a Parigi, <strong><em>Il libraio di Belfast<\/em><\/strong>, vincitore del Festival dei Popoli 2012, che con tocco poetico racconta una citt\u00e0 dal passato drammatico e violento attraverso gli affetti e le aspirazioni di chi la vive.<\/p>\n<p>ROCK&#8217;N DOC<\/p>\n<p>\u00a0Un <em>fil rouge<\/em> musicale percorre poi tutto il programma, partendo da quello che \u00e8 forse il pi\u00f9 bel documentario dell&#8217;anno, il vincitore dell&#8217;Oscar 2013 <strong><em>Searching for Sugar Man<\/em><\/strong> di <strong>Malik Bendjelloul<\/strong>, sul &#8220;caso&#8221; di Sixto Rodriguez, il pi\u00f9 insolito successo nella storia della musica: scoperto in un bar di Detroit, autore di un primo disco capolavoro &#8220;rifiutato&#8221; dal pubblico americano, che a sua insaputa diventa la colonna sonora delle lotte anti-Apartheid in Sudafrica; e poi <strong><em>Fedele alla linea<\/em><\/strong> di <strong>Germano Maccioni<\/strong>, un ritratto intimo di Giovanni Lindo Ferretti, persona pubblica e uomo privato, capace negli anni di disorientare fan e opinione pubblica con un pensiero libero e forte, senza sottrarsi a critiche e fraintendimenti. Un dialogo che ripercorre un intero arco esistenziale: dall&#8217;Appennino alla Mongolia, attraversando il successo, la malattia e lo sgretolarsi di un&#8217;ideologia, e infine il ritorno a casa, tra i suoi monti, per riprendere le fila di una tradizione secolare; e ancora, il trentacinquenne Alex ossessionato dal punk, protagonista di <strong><em>Vive le rock<\/em><\/strong> di <strong>Alessandro Valenti<\/strong>, la dimostrazione di come il rock &#8220;can save your life&#8221;.<\/p>\n<h4>CINE-PILLOLE<\/h4>\n<p>La Festa di Cinema del reale sperimenta nuovi linguaggi e allarga i suoi orizzonti abbracciando videoclip musicali, corti d&#8217;animazione, esperienze, incontri e performance di cine-teatro. Per la sezione videoclip, in programma quest&#8217;anno <strong>A me piacerebbe ridere<\/strong> di Gianni De Blasi che accompagna l&#8217;omonimo pezzo di Carolina Bubbico, <strong>Working man blues<\/strong> di Hermes Mangialardo sulle note di Mauro Ottolini &amp; the Sousaphonic e <strong>Nu te fermare<\/strong> realizzato da Edoardo Winspeare per il Canzoniere Grecanico Salentino. Sempre di Hermes Mangialardo <strong>Frontiers<\/strong>, un corto di animazione sul tema dei diritti vincitore del Festival Frammenti 2012 e poi <strong>Aquilane<\/strong>, un estratto dalla performance di cine-teatro con la regia di PatriziaBernardi e Paolo Pisanelli. Nell&#8217;insolito palcoscenico di Palazzo Risolo sar\u00e0 proiettato anche <strong>Incontri del terzo luogo<\/strong>, un&#8217;intervista a Gilles Cl\u00e9ment, paesaggista francese, autore del <em>Manifesto del terzo paesaggio<\/em>, che racconta la sua esperienza nell&#8217;ambito del workshop realizzato dalle Manifatture Knos e <strong>Luci di Parigi<\/strong>, film di un autore anonimo musicato dal vivo da Dondestan. Tra gli ospiti d&#8217;onore di quest&#8217;anno, Enrico Ghezzi: durante la Festa spazio al suo <strong>Blob<\/strong>, programma di Rai3 che descrive in chiave satirica tutto ci\u00f2 che \u00e8 passato in tv<em>.<\/em><\/p>\n<p><em>\u00a0<\/em><\/p>\n<h4>PASSATO E FUTURO<\/h4>\n<p>Fin qui il presente, ma per festeggiare il suo decennale la Festa di Cinema del reale ha voluto ritrovare quest&#8217;anno alcuni amici e &#8220;compagni di strada&#8221;: <strong>Daniele Vicari<\/strong> col suo <strong><em>Morto che parla<\/em><\/strong>, in cui ritrova il protagonista de &#8220;La ricotta&#8221; di Pasolini, il mitico Stracci, al secolo Mario Cipriani. <strong>Matteo Garrone<\/strong>, che allora poco noto al grande pubblico, fu ospite della prima edizione della Festa e ritorna con il suo ultimo <strong><em>Reality<\/em><\/strong>; e <strong>Pippo Mezzapesa<\/strong>, che dopo l&#8217;exploit di <em>Sogno di una morte di mezza estate <\/em>torna a raccontarci le avventure del becchino precario Pinuccio Lovero, stavolta alle prese con la politica, in <strong><em>Pinuccio Lovero &#8211; Yes I Can<\/em><\/strong>. Tra i <strong>Prossimamente<\/strong> la presentazione del progetto <strong><em>Rebetika Crisi<\/em><\/strong>, con <strong>Andrea Segre<\/strong> e <strong>Vinicio Capossela<\/strong> sulla musica rebetika e la crisi in Grecia, appunti di un viaggio insieme che diventeranno un documentario; e <strong><em>Storie di Taranto<\/em><\/strong> di <strong>Paolo Pisanelli<\/strong>, incursione tra crisi, amori e follie del quotidiano all&#8217;ombra dell&#8217;Ilva (con la partecipazione di <strong>Michele Riondino<\/strong>, ospite d&#8217;eccezione della Festa). Inoltre saranno presentati i progetti di <strong><em>Corpi e Memorie<\/em><\/strong> di <strong>Claudia Mollese, <\/strong>un&#8217;indagine etnografica sotto forma di racconto polifonico della citt\u00e0 di Lecce (al centro, la figura di Antonio Lanzalonga, noto transessuale, conosciuto come Mara e il processo di cambiamento sociale e culturale del centro storico, a partire degli anni &#8217;70); <strong><em>Verit\u00e0 e riconciliazione<\/em><\/strong> di <strong>Corrado Punzi<\/strong>, che affronter\u00e0 il tema dell&#8217;impunit\u00e0 nei paesi latinoamericani che hanno vissuto l&#8217;esperienza traumatica di una dittatura e che hanno preferito istituire Commissioni &#8211; appunto &#8211; di &#8220;verit\u00e0 e riconciliazione&#8221; invece diavviare processi e punire i responsabili; e <strong><em>Alla ricerca di musica e onde<\/em><\/strong> di <strong>Tobia Lamare<\/strong>, <strong>Simone Manfreda <\/strong>e <strong>Carlo Morelli<\/strong>, che porter\u00e0 alla scoperta di un&#8217;affinit\u00e0 tra culture diverse, dal bacino del mediterraneo ai paesi nordici e anglosassoni, ma anche oltre oceano<strong>.<\/strong><\/p>\n<h4>POETICHE\/PRATICHE<\/h4>\n<p>Da dieci anni a questa parte, la Festa di Cinema del reale ospita <strong>Poetiche\/Pratiche<\/strong>, seminari tenuti dai grandi protagonisti del cinema documentario ospiti del festival. Nel tempo, questi cicli di incontri sono diventati appuntamenti attesi da studenti, studiosi, operatori culturali ed appassionati di cinema, che gi\u00e0 dal mattino affollano le sale di Castello Risolo per prendere parte ai dibattiti in un clima disteso e informale. Rispetto alle edizioni precedenti, le <strong>Poetiche\/Pratiche<\/strong> di quest&#8217;anno diventano delle <em>lezioni\/colazioni<\/em> e hanno i &#8220;minuti contati&#8221;: sono previsti infatti interventi di 12 minuti per autore e la collaudata formula della lezione frontale lascia il posto all&#8217;immagine di una colazione vera e propria da trascorrere in compagnia di registi, autori e operatori culturali, come <strong>Cecilia Mangini<\/strong>, <strong>Cristina Torelli,<\/strong> <strong>Daniele Vicari<\/strong>, <strong>Andrea Segre<\/strong>, <strong>Costanza Quatriglio<\/strong>, <strong>Michele Mellara<\/strong>, <strong>Enrico Ghezzi<\/strong>, <strong>Michele Riondino<\/strong>, <strong>Matteo Garrone<\/strong>, <strong>Marco Spoletini<\/strong>, <strong>Alessandra Celesia<\/strong>, <strong>Pinangelo Marino<\/strong> di Linea 8, <strong>Vincenzo Susca <\/strong>(Universit\u00e9 Paul Valery, Montpellier \/ Ceaq Sorbonne) e <strong>Claudia Attimonelli <\/strong>(Mediateca Regionale Pugliese \/ Universit\u00e0 degli Studi di Bari Aldo Moro), nell&#8217;intento di favorire il confronto tra il pubblico e gli autori invitati.<\/p>\n<p>\u00a0<\/p>\n<h4>TARANTO ROOMS<\/h4>\n<p>C&#8217;\u00e8 modo e modo per raccontare una citt\u00e0. Basta lasciarsi alle spalle lo schermo e le visioni doc nel cortile e salire al piano nobile di Castello Risolo per averne la prova. Qui, infatti, si dipanano le <strong>Taranto Rooms<\/strong>, un progetto espositivo che abbraccia una pluralit\u00e0 di approcci, linguaggi e ricerche di autori che hanno scelto la Citt\u00e0 dei due mari come soggetto e oggetto d&#8217;indagine. Pi\u00f9 che una collettiva <em>tout court<\/em>, <strong>Taranto Rooms<\/strong> cerca di costruire relazioni e di intrecciare i percorsi di sette artisti che, in tempi e modi diversi tra loro, hanno lavorato sul paesaggio visivo e sonoro della citt\u00e0, sulla storia e la materia viva che sottende un tessuto urbano complesso e sfaccettato. Si tratta per lo pi\u00f9 di segni e presenze, da cui emergono storie e testimonianze che in alcuni casi toccano il nervo scoperto di emergenze tristemente note ai pi\u00f9 per i fatti di cronaca, in altri invece le sorvolano per aprire squarci di conoscenza su aspetti e circostanze ignote. Impegno civile, dunque, ma anche un forte senso dell&#8217;ironia, poesia, disagio, <em>nonsense<\/em>, oblio, anarchia e visionariet\u00e0 legano le opere di <strong>Nico Angiuli<\/strong>, <strong>Alessandra Guttagliere<\/strong>, <strong>Patrizia Emma Scialpi<\/strong>, <strong>Ezia Mitolo<\/strong>, <strong>Francesco Giannico<\/strong>, <strong>Isabella Mongelli<\/strong> e <strong>Gianluca Marinelli<\/strong> invitati a dar vita ad installazioni audiovideo, fotografiche e live performance in questo lavoro site specific a cura di DamageGood e Big Sur Lab, dove i rimandi a luoghi e figure tracciano strade dense di significazioni molteplici.<\/p>\n<p>\u00a0<\/p>\n<h4>SGUARDI E VISIONI<\/h4>\n<p>Pluralit\u00e0 di espressioni ed esperienze: la Festa di Cinema del reale \u00e8 prima di tutto una palestra per <strong>Sguardi e Visioni<\/strong>, come recita il titolo di questa sezione dedicata alle arti visive che da ben dieci primavere tiene il passo al festival. Definirla un satellite rispetto alla programmazione cinematografica sarebbe riduttivo. Sguardi e Visioni \u00e8, prima di tutto, un laboratorio creativo che vive di luce propria, in grado di attrarre interventi installativi diversi, accomunati dalla capacit\u00e0 di entrare in relazione con i luoghi. Non un punto di partenza ma una conquista: il concept \u00e8 infatti il frutto di un lungo processo, che ha permesso a questa sezione iniziata un po&#8217; in sordina di trasformarsi in un invito allo &#8220;sconfinamento&#8221;, anche fisico, nei tesori architettonici di Specchia. Dai palazzi ai conventi, dai cortili alle piazze, dalla maestosit\u00e0 delle sale nobiliari sino alla terrazza panoramica del Castello: l&#8217;intento di Sguardi e Visioni \u00e8 mettere in connessione spazi e immagini, persone e storie sedimentate nel tempo o <em>work in progress<\/em>, come <strong>Ubu Re Postcard<\/strong>, la mostra di mail art realizzata dai detenuti della casa circondariale di Borgo San Nicola di Lecce, <strong>Ubu Re Sogni<\/strong> e <strong>In-fondo<\/strong>, intervento <em>in itinere<\/em> a cura di <strong>Mauro Marino<\/strong>, <strong>Maira Marzioni<\/strong> e <strong>Gianluca Costantini<\/strong> sull&#8217;archivio del Fondo Verri di Lecce. Ovviamente in un festival dedicato al cinema documentario, resta alta l&#8217;attenzione verso il video e le sue declinazioni: lo dimostrano <strong>Natura morta in giallo<\/strong> di <strong>Carlo Michele Schirinzi<\/strong>, la selezione di corti di animazione a cura di <strong>Scratch! Animation Film Festival<\/strong>, e le <strong>Diariovisioni<\/strong> firmate da <strong>Enrico Carpinello<\/strong>, autore quest&#8217;anno del fotoracconto su La Festa di Cinema del reale, &#8220;condivise&#8221; in contemporanea nella piazza di Specchia e sui social.<\/p>\n<p>Dimenticate l&#8217;orologio e mettetevi comodi nell&#8217;ex convento dei Francescani Neri, dove per ben 12 ore di fila si proietta <strong>Rushes de l&#8217;Enfer<\/strong>, opera visionaria e incompiuta di <strong>Henry George Clouzot<\/strong>. Non capita certo tutti i giorni di vedere scorrere su un maxi schermo le immagini di questo mitico film, il cui archivio \u00e8 stato interamente acquisito da Fuori Orario di Enrico Ghezzi, tra gli ospiti del festival. Dopo il buio delle cine-stanze, \u00e8 invece il caso di dire &#8220;E luce fu&#8221; grazie alle installazioni luminose realizzate dal designer <strong>Gianfranco Conte<\/strong> che reinterpreta il tema della luminaria classica dando vita a nuovi usi ed utilizzi ai piani alti del Castello. Sempre in tema di luce <strong>Madon<\/strong>, di <strong>Maurizio Buttazzo<\/strong>.<\/p>\n<p>Anche quest&#8217;anno tra le mostre un&#8217;installazione che testimonia l&#8217;attivit\u00e0 dei Laboratori espressivi del Centro per la Cura e la Ricerca sui Disturbi del Comportamento Alimentare (DSM &#8211; ASL LE), <strong>Le case dei sogni<\/strong> dove abitarsi \u00e8, nel tempo della cura, atto dovuto. Prendere contatto con s\u00e9. Inoltre, ogni sera, <strong>Dreamsyndacate<\/strong>, scritture quotidiane dal Cinema del reale, a cura di <strong>Mauro Marino<\/strong>.<\/p>\n<p>\u00a0<\/p>\n<h4>EXTRA (<em>inContemporanea)<\/em><\/h4>\n<p>Video arte, fotografia, installazioni audio, pittura: i linguaggi dell&#8217;arte contemporanea accomunano anche gli interventi della sezione <strong>Extra <\/strong>della Festa di Cinema del reale, che accoglie per il terzo anno consecutivo il gruppo <strong>Starter<\/strong>, attivo nel campo della public art e della ricerca artistica, intesa come motore di trasformazione sociale. Il collettivo, formato da Ingrid Simon, Fernando Schiavano e Antonio De Luca, presenta un&#8217;anteprima del progetto <strong>Murga. I canti delle vie<\/strong>, un lavoro audio sulla memoria comune e sul patrimonio orale custodito dai venditori ambulanti, che sino a un decennio fa, percorrevano in lungo e in largo le strade del Salento. Affronta un tema caro a Cinema del reale l&#8217;installazione <strong>Democratic big switch<\/strong>, un&#8217;opera nata dalla collaborazione tra <strong>Luca Coclite<\/strong> e <strong>Giuseppe De Mattia<\/strong>, video artist il primo, fotografo il secondo di stanza a Bologna. Nell&#8217;installazione video, gli autori riflettono sull&#8217;uso degli archivi digitali collettivi, come Ebay e Youtube, e sulle reazioni comportamentali che questi strumenti innescano nella fruizione. Fedele al tema delle citt\u00e0, <strong>Michele Cera<\/strong> presenta invece <strong>Bari costa sud<\/strong>, un lavoro fotografico di ricerca sul paesaggio e sulla dimensione pubblica e privata degli spazi per la curatela di <strong>Valentina Isceri<\/strong>. Occorre invece raggiungere il civico 41 di via Matteotti per visitare <strong>Rifugio<\/strong>, mostra di pittura di <strong>Agnese Skujina<\/strong>. In anteprima, <strong>La quadratura del cerchio<\/strong>, retrospettiva su <strong>Elena Guaccero<\/strong> che nel mese di agosto si terr\u00e0 presso palazzo Comi a Gagliano del Capo (Lecce). In questa sezione, anche <strong>Les Troublamours<\/strong> che si esibiscono dal vivo venerd\u00ec 26 luglio presso le Macinate Cantine 1931.<\/p>\n<p>\u00a0<\/p>\n<h4>DAL TRAMONTO ALL&#8217;ALBA<\/h4>\n<p>Non di solo cinema vive Cinema del reale. Nella sua ricca programmazione di documentari, mostre e incontri con gli autori non mancano happening e piccoli eventi collaterali, disseminati tra il centro storico della Cittadella e la terrazza di Castello Risolo, dove una vista mozzafiato e sognante incanta gli ospiti gi\u00e0 dal crepuscolo. Con la campagna e una corona di citt\u00e0 a far da quinta, vale la pena raggiungere i piani alti del palazzo per un cocktail panoramico preparato da <strong>Antonello<\/strong> <strong>Cotardo<\/strong> o assaporare l&#8217;aperitivo di <strong>Cucina Meridiana<\/strong>, un progetto di <strong>Simone Biso<\/strong> che mixa parole e sapori per un viaggio all&#8217;insegna della multisensorialit\u00e0. Sulla piazza in quota di Specchia, ogni sera il <em>pre dinner<\/em> \u00e8 accompagnato da una live performance diversa: si esibiscono <strong>Carolina Bubbico<\/strong>, i <strong>Dondestan<\/strong> con Donatello Pisanello, Angelo Urso e Lamberto Probo, e ancora l&#8217;attore-musicista <strong>Andrea Rivera<\/strong> e <strong>Go Dugong<\/strong>, nome inglese dietro cui si cela l&#8217;italianissimo Giulio Fonseca. A lui il compito di scaldare a suon di echi e delay l&#8217;atmosfera nella serata che anticipa la <strong>Festa della Festa di Cinema del reale<\/strong>, il party in terrazza ormai diventato celebre per il suo saluto all&#8217;alba, quasi un &#8220;rito collettivo&#8221; per gli habitu\u00e8 e gli irriducibili del festival, che quest&#8217;anno possono scatenarsi con le selezioni musicali di <strong>Andrea<\/strong> &#8220;<strong>Populous<\/strong>&#8221; <strong>Mangia<\/strong>, dj resident nella <em>all night long<\/em> di Cinema del reale, che ospita <strong>Stefano Libertini Protopapa <\/strong>e lo special live di <strong>Go Dugong<\/strong>.<\/p>\n<p><strong>\u00a0<\/strong><\/p>\n<p><strong>\u00a0<\/strong><\/p>\n<p><strong>CREDITS<\/strong><\/p>\n<p><strong>La Festa di Cinema del reale \/ Festival del cinema documentario \u00e8 ideata e organizzata da<\/strong><\/p>\n<p><em>Big Sur, Associazione Cinema del reale e OfficinaVisioni, con la direzione artistica di Paolo Pisanelli<\/em><\/p>\n<p><strong>\u00c8 cofinanziata da<\/strong><\/p>\n<p><em>Unione Europea (Iniziativa cofinanziata con fondi P.O. FESR Puglia 2007-2013 Asse IV &#8211; Linea d&#8217;intervento 4.3), Regione Puglia (Assessorato al Mediterraneo Settore Attivit\u00e0 Culturali) e Fondazione Apulia Film Commission, <\/em>con il sostegnodel Comune di Specchia e <strong><em>con il patrocinio <\/em><\/strong>della Provincia di Lecce.<\/p>\n<p>\u00a0<\/p>\n<p><strong>Sponsor<\/strong><\/p>\n<p><em>Del Duca &#8211; Pasta Artigianale <\/em><\/p>\n<p><em>Azienda Vitivinicola Merica <\/em><\/p>\n<p><em>Societ\u00e0 Agricola Merico Maria Rosa<\/em><\/p>\n<p><em>Meltin&#8217; Pot.<\/em><\/p>\n<p><em>(fonte: comunicato stampa)<br \/><\/em><\/p>\n<p>Approfondimenti<\/p>\n<p><a href=\"http:\/\/www.cinemadelreale.it\">www.cinemadelreale.it<\/a><em><br \/><\/em><\/p>\n<p><strong>\u00a0<\/strong><\/p>\n<p><em>\u00a0<\/em><\/p>\n","protected":false},"excerpt":{"rendered":"<p>\u00a0 Torna a Specchia, dal 24 al 27 luglio 2013 nella corte di Palazzo Risolo, la\u00a0 decima edizione Cinema del<\/p>\n","protected":false},"author":1,"featured_media":0,"comment_status":"open","ping_status":"open","sticky":false,"template":"","format":"standard","meta":[],"categories":[29],"tags":[],"yoast_head":"<!-- This site is optimized with the Yoast SEO plugin v18.0 - https:\/\/yoast.com\/wordpress\/plugins\/seo\/ -->\n<title>Una grande festa di sguardi | Arte e Luoghi<\/title>\n<meta name=\"robots\" content=\"index, follow, max-snippet:-1, max-image-preview:large, max-video-preview:-1\" \/>\n<link rel=\"canonical\" href=\"https:\/\/arteeluoghi.it\/index.php\/2013\/07\/22\/una-grande-festa-di-sguardi\/\" \/>\n<meta property=\"og:locale\" content=\"it_IT\" \/>\n<meta property=\"og:type\" content=\"article\" \/>\n<meta property=\"og:title\" content=\"Una grande festa di sguardi | Arte e Luoghi\" \/>\n<meta property=\"og:description\" content=\"\u00a0 Torna a Specchia, dal 24 al 27 luglio 2013 nella corte di Palazzo Risolo, la\u00a0 decima edizione Cinema del\" \/>\n<meta property=\"og:url\" content=\"https:\/\/arteeluoghi.it\/index.php\/2013\/07\/22\/una-grande-festa-di-sguardi\/\" \/>\n<meta property=\"og:site_name\" content=\"Arte e Luoghi\" \/>\n<meta property=\"article:publisher\" content=\"https:\/\/www.facebook.com\/ArteELuoghi\/\" \/>\n<meta property=\"article:published_time\" content=\"2013-07-22T20:03:37+00:00\" \/>\n<meta property=\"article:modified_time\" content=\"2017-08-06T01:02:03+00:00\" \/>\n<meta property=\"og:image\" content=\"https:\/\/arteeluoghi.it\/images\/cinemadelreale2013.jpg\" \/>\n<meta name=\"twitter:card\" content=\"summary\" \/>\n<meta name=\"twitter:creator\" content=\"@arteeluoghi\" \/>\n<meta name=\"twitter:site\" content=\"@arteeluoghi\" \/>\n<meta name=\"twitter:label1\" content=\"Scritto da\" \/>\n\t<meta name=\"twitter:data1\" content=\"Staff\" \/>\n\t<meta name=\"twitter:label2\" content=\"Tempo di lettura stimato\" \/>\n\t<meta name=\"twitter:data2\" content=\"17 minuti\" \/>\n<script type=\"application\/ld+json\" class=\"yoast-schema-graph\">{\"@context\":\"https:\/\/schema.org\",\"@graph\":[{\"@type\":\"Organization\",\"@id\":\"https:\/\/arteeluoghi.it\/#organization\",\"name\":\"Arte e Luoghi\",\"url\":\"https:\/\/arteeluoghi.it\/\",\"sameAs\":[\"https:\/\/www.facebook.com\/ArteELuoghi\/\",\"https:\/\/www.instagram.com\/arteeluoghi\/?hl=it\",\"https:\/\/www.youtube.com\/channel\/UCuRVc4JW4-C5sg9rQB-srkw?view_as=subscriber\",\"https:\/\/twitter.com\/arteeluoghi\"],\"logo\":{\"@type\":\"ImageObject\",\"@id\":\"https:\/\/arteeluoghi.it\/#logo\",\"inLanguage\":\"it-IT\",\"url\":\"https:\/\/arteeluoghi.it\/wp-content\/uploads\/2018\/08\/logoinstagramarte.jpg\",\"contentUrl\":\"https:\/\/arteeluoghi.it\/wp-content\/uploads\/2018\/08\/logoinstagramarte.jpg\",\"width\":150,\"height\":150,\"caption\":\"Arte e Luoghi\"},\"image\":{\"@id\":\"https:\/\/arteeluoghi.it\/#logo\"}},{\"@type\":\"WebSite\",\"@id\":\"https:\/\/arteeluoghi.it\/#website\",\"url\":\"https:\/\/arteeluoghi.it\/\",\"name\":\"Arte e Luoghi\",\"description\":\"Mensile di arte, cultura, turismo e curiosit\u00e0\",\"publisher\":{\"@id\":\"https:\/\/arteeluoghi.it\/#organization\"},\"potentialAction\":[{\"@type\":\"SearchAction\",\"target\":{\"@type\":\"EntryPoint\",\"urlTemplate\":\"https:\/\/arteeluoghi.it\/?s={search_term_string}\"},\"query-input\":\"required name=search_term_string\"}],\"inLanguage\":\"it-IT\"},{\"@type\":\"ImageObject\",\"@id\":\"https:\/\/arteeluoghi.it\/index.php\/2013\/07\/22\/una-grande-festa-di-sguardi\/#primaryimage\",\"inLanguage\":\"it-IT\",\"url\":\"\/images\/cinemadelreale2013.jpg\",\"contentUrl\":\"\/images\/cinemadelreale2013.jpg\"},{\"@type\":\"WebPage\",\"@id\":\"https:\/\/arteeluoghi.it\/index.php\/2013\/07\/22\/una-grande-festa-di-sguardi\/#webpage\",\"url\":\"https:\/\/arteeluoghi.it\/index.php\/2013\/07\/22\/una-grande-festa-di-sguardi\/\",\"name\":\"Una grande festa di sguardi | Arte e Luoghi\",\"isPartOf\":{\"@id\":\"https:\/\/arteeluoghi.it\/#website\"},\"primaryImageOfPage\":{\"@id\":\"https:\/\/arteeluoghi.it\/index.php\/2013\/07\/22\/una-grande-festa-di-sguardi\/#primaryimage\"},\"datePublished\":\"2013-07-22T20:03:37+00:00\",\"dateModified\":\"2017-08-06T01:02:03+00:00\",\"breadcrumb\":{\"@id\":\"https:\/\/arteeluoghi.it\/index.php\/2013\/07\/22\/una-grande-festa-di-sguardi\/#breadcrumb\"},\"inLanguage\":\"it-IT\",\"potentialAction\":[{\"@type\":\"ReadAction\",\"target\":[\"https:\/\/arteeluoghi.it\/index.php\/2013\/07\/22\/una-grande-festa-di-sguardi\/\"]}]},{\"@type\":\"BreadcrumbList\",\"@id\":\"https:\/\/arteeluoghi.it\/index.php\/2013\/07\/22\/una-grande-festa-di-sguardi\/#breadcrumb\",\"itemListElement\":[{\"@type\":\"ListItem\",\"position\":1,\"name\":\"Home\",\"item\":\"https:\/\/arteeluoghi.it\/\"},{\"@type\":\"ListItem\",\"position\":2,\"name\":\"Una grande festa di sguardi\"}]},{\"@type\":\"Article\",\"@id\":\"https:\/\/arteeluoghi.it\/index.php\/2013\/07\/22\/una-grande-festa-di-sguardi\/#article\",\"isPartOf\":{\"@id\":\"https:\/\/arteeluoghi.it\/index.php\/2013\/07\/22\/una-grande-festa-di-sguardi\/#webpage\"},\"author\":{\"@id\":\"https:\/\/arteeluoghi.it\/#\/schema\/person\/f84e814e36e91e01448ee07eaadd41d4\"},\"headline\":\"Una grande festa di sguardi\",\"datePublished\":\"2013-07-22T20:03:37+00:00\",\"dateModified\":\"2017-08-06T01:02:03+00:00\",\"mainEntityOfPage\":{\"@id\":\"https:\/\/arteeluoghi.it\/index.php\/2013\/07\/22\/una-grande-festa-di-sguardi\/#webpage\"},\"wordCount\":3387,\"commentCount\":0,\"publisher\":{\"@id\":\"https:\/\/arteeluoghi.it\/#organization\"},\"image\":{\"@id\":\"https:\/\/arteeluoghi.it\/index.php\/2013\/07\/22\/una-grande-festa-di-sguardi\/#primaryimage\"},\"thumbnailUrl\":\"\/images\/cinemadelreale2013.jpg\",\"articleSection\":[\"Cinema\"],\"inLanguage\":\"it-IT\",\"potentialAction\":[{\"@type\":\"CommentAction\",\"name\":\"Comment\",\"target\":[\"https:\/\/arteeluoghi.it\/index.php\/2013\/07\/22\/una-grande-festa-di-sguardi\/#respond\"]}]},{\"@type\":\"Person\",\"@id\":\"https:\/\/arteeluoghi.it\/#\/schema\/person\/f84e814e36e91e01448ee07eaadd41d4\",\"name\":\"Staff\",\"image\":{\"@type\":\"ImageObject\",\"@id\":\"https:\/\/arteeluoghi.it\/#personlogo\",\"inLanguage\":\"it-IT\",\"url\":\"https:\/\/secure.gravatar.com\/avatar\/49d2f9e46271bb04e19cebfaf141313a?s=96&d=blank&r=g\",\"contentUrl\":\"https:\/\/secure.gravatar.com\/avatar\/49d2f9e46271bb04e19cebfaf141313a?s=96&d=blank&r=g\",\"caption\":\"Staff\"}}]}<\/script>\n<!-- \/ Yoast SEO plugin. -->","yoast_head_json":{"title":"Una grande festa di sguardi | Arte e Luoghi","robots":{"index":"index","follow":"follow","max-snippet":"max-snippet:-1","max-image-preview":"max-image-preview:large","max-video-preview":"max-video-preview:-1"},"canonical":"https:\/\/arteeluoghi.it\/index.php\/2013\/07\/22\/una-grande-festa-di-sguardi\/","og_locale":"it_IT","og_type":"article","og_title":"Una grande festa di sguardi | Arte e Luoghi","og_description":"\u00a0 Torna a Specchia, dal 24 al 27 luglio 2013 nella corte di Palazzo Risolo, la\u00a0 decima edizione Cinema del","og_url":"https:\/\/arteeluoghi.it\/index.php\/2013\/07\/22\/una-grande-festa-di-sguardi\/","og_site_name":"Arte e Luoghi","article_publisher":"https:\/\/www.facebook.com\/ArteELuoghi\/","article_published_time":"2013-07-22T20:03:37+00:00","article_modified_time":"2017-08-06T01:02:03+00:00","og_image":[{"url":"https:\/\/arteeluoghi.it\/images\/cinemadelreale2013.jpg"}],"twitter_card":"summary","twitter_creator":"@arteeluoghi","twitter_site":"@arteeluoghi","twitter_misc":{"Scritto da":"Staff","Tempo di lettura stimato":"17 minuti"},"schema":{"@context":"https:\/\/schema.org","@graph":[{"@type":"Organization","@id":"https:\/\/arteeluoghi.it\/#organization","name":"Arte e Luoghi","url":"https:\/\/arteeluoghi.it\/","sameAs":["https:\/\/www.facebook.com\/ArteELuoghi\/","https:\/\/www.instagram.com\/arteeluoghi\/?hl=it","https:\/\/www.youtube.com\/channel\/UCuRVc4JW4-C5sg9rQB-srkw?view_as=subscriber","https:\/\/twitter.com\/arteeluoghi"],"logo":{"@type":"ImageObject","@id":"https:\/\/arteeluoghi.it\/#logo","inLanguage":"it-IT","url":"https:\/\/arteeluoghi.it\/wp-content\/uploads\/2018\/08\/logoinstagramarte.jpg","contentUrl":"https:\/\/arteeluoghi.it\/wp-content\/uploads\/2018\/08\/logoinstagramarte.jpg","width":150,"height":150,"caption":"Arte e Luoghi"},"image":{"@id":"https:\/\/arteeluoghi.it\/#logo"}},{"@type":"WebSite","@id":"https:\/\/arteeluoghi.it\/#website","url":"https:\/\/arteeluoghi.it\/","name":"Arte e Luoghi","description":"Mensile di arte, cultura, turismo e curiosit\u00e0","publisher":{"@id":"https:\/\/arteeluoghi.it\/#organization"},"potentialAction":[{"@type":"SearchAction","target":{"@type":"EntryPoint","urlTemplate":"https:\/\/arteeluoghi.it\/?s={search_term_string}"},"query-input":"required name=search_term_string"}],"inLanguage":"it-IT"},{"@type":"ImageObject","@id":"https:\/\/arteeluoghi.it\/index.php\/2013\/07\/22\/una-grande-festa-di-sguardi\/#primaryimage","inLanguage":"it-IT","url":"\/images\/cinemadelreale2013.jpg","contentUrl":"\/images\/cinemadelreale2013.jpg"},{"@type":"WebPage","@id":"https:\/\/arteeluoghi.it\/index.php\/2013\/07\/22\/una-grande-festa-di-sguardi\/#webpage","url":"https:\/\/arteeluoghi.it\/index.php\/2013\/07\/22\/una-grande-festa-di-sguardi\/","name":"Una grande festa di sguardi | Arte e Luoghi","isPartOf":{"@id":"https:\/\/arteeluoghi.it\/#website"},"primaryImageOfPage":{"@id":"https:\/\/arteeluoghi.it\/index.php\/2013\/07\/22\/una-grande-festa-di-sguardi\/#primaryimage"},"datePublished":"2013-07-22T20:03:37+00:00","dateModified":"2017-08-06T01:02:03+00:00","breadcrumb":{"@id":"https:\/\/arteeluoghi.it\/index.php\/2013\/07\/22\/una-grande-festa-di-sguardi\/#breadcrumb"},"inLanguage":"it-IT","potentialAction":[{"@type":"ReadAction","target":["https:\/\/arteeluoghi.it\/index.php\/2013\/07\/22\/una-grande-festa-di-sguardi\/"]}]},{"@type":"BreadcrumbList","@id":"https:\/\/arteeluoghi.it\/index.php\/2013\/07\/22\/una-grande-festa-di-sguardi\/#breadcrumb","itemListElement":[{"@type":"ListItem","position":1,"name":"Home","item":"https:\/\/arteeluoghi.it\/"},{"@type":"ListItem","position":2,"name":"Una grande festa di sguardi"}]},{"@type":"Article","@id":"https:\/\/arteeluoghi.it\/index.php\/2013\/07\/22\/una-grande-festa-di-sguardi\/#article","isPartOf":{"@id":"https:\/\/arteeluoghi.it\/index.php\/2013\/07\/22\/una-grande-festa-di-sguardi\/#webpage"},"author":{"@id":"https:\/\/arteeluoghi.it\/#\/schema\/person\/f84e814e36e91e01448ee07eaadd41d4"},"headline":"Una grande festa di sguardi","datePublished":"2013-07-22T20:03:37+00:00","dateModified":"2017-08-06T01:02:03+00:00","mainEntityOfPage":{"@id":"https:\/\/arteeluoghi.it\/index.php\/2013\/07\/22\/una-grande-festa-di-sguardi\/#webpage"},"wordCount":3387,"commentCount":0,"publisher":{"@id":"https:\/\/arteeluoghi.it\/#organization"},"image":{"@id":"https:\/\/arteeluoghi.it\/index.php\/2013\/07\/22\/una-grande-festa-di-sguardi\/#primaryimage"},"thumbnailUrl":"\/images\/cinemadelreale2013.jpg","articleSection":["Cinema"],"inLanguage":"it-IT","potentialAction":[{"@type":"CommentAction","name":"Comment","target":["https:\/\/arteeluoghi.it\/index.php\/2013\/07\/22\/una-grande-festa-di-sguardi\/#respond"]}]},{"@type":"Person","@id":"https:\/\/arteeluoghi.it\/#\/schema\/person\/f84e814e36e91e01448ee07eaadd41d4","name":"Staff","image":{"@type":"ImageObject","@id":"https:\/\/arteeluoghi.it\/#personlogo","inLanguage":"it-IT","url":"https:\/\/secure.gravatar.com\/avatar\/49d2f9e46271bb04e19cebfaf141313a?s=96&d=blank&r=g","contentUrl":"https:\/\/secure.gravatar.com\/avatar\/49d2f9e46271bb04e19cebfaf141313a?s=96&d=blank&r=g","caption":"Staff"}}]}},"_links":{"self":[{"href":"https:\/\/arteeluoghi.it\/index.php\/wp-json\/wp\/v2\/posts\/1228"}],"collection":[{"href":"https:\/\/arteeluoghi.it\/index.php\/wp-json\/wp\/v2\/posts"}],"about":[{"href":"https:\/\/arteeluoghi.it\/index.php\/wp-json\/wp\/v2\/types\/post"}],"author":[{"embeddable":true,"href":"https:\/\/arteeluoghi.it\/index.php\/wp-json\/wp\/v2\/users\/1"}],"replies":[{"embeddable":true,"href":"https:\/\/arteeluoghi.it\/index.php\/wp-json\/wp\/v2\/comments?post=1228"}],"version-history":[{"count":1,"href":"https:\/\/arteeluoghi.it\/index.php\/wp-json\/wp\/v2\/posts\/1228\/revisions"}],"predecessor-version":[{"id":2835,"href":"https:\/\/arteeluoghi.it\/index.php\/wp-json\/wp\/v2\/posts\/1228\/revisions\/2835"}],"wp:attachment":[{"href":"https:\/\/arteeluoghi.it\/index.php\/wp-json\/wp\/v2\/media?parent=1228"}],"wp:term":[{"taxonomy":"category","embeddable":true,"href":"https:\/\/arteeluoghi.it\/index.php\/wp-json\/wp\/v2\/categories?post=1228"},{"taxonomy":"post_tag","embeddable":true,"href":"https:\/\/arteeluoghi.it\/index.php\/wp-json\/wp\/v2\/tags?post=1228"}],"curies":[{"name":"wp","href":"https:\/\/api.w.org\/{rel}","templated":true}]}}