{"id":12298,"date":"2022-12-06T16:07:00","date_gmt":"2022-12-06T15:07:00","guid":{"rendered":"https:\/\/arteeluoghi.it\/?p=12298"},"modified":"2022-12-11T16:11:21","modified_gmt":"2022-12-11T15:11:21","slug":"incontriamoci-al-bosco-di-anna","status":"publish","type":"post","link":"https:\/\/arteeluoghi.it\/index.php\/2022\/12\/06\/incontriamoci-al-bosco-di-anna\/","title":{"rendered":"Incontriamoci al bosco di Anna"},"content":{"rendered":"\n<blockquote class=\"wp-block-quote\"><p>I<strong>ncontri per bambini in un bosco a Maglie<\/strong>. <strong>\u00a0Ultimo appuntamento mercoled\u00ec 7 dicembre<\/strong><\/p><\/blockquote>\n\n\n\n<p>Si chiude il ciclo di incontri per bambini al bosco di lecci di Anna Di Nanni, a Maglie, organizzati da Elisa Mele, ingegnere e operatore culturale, fondatrice di Salento Faber e Apulia Stories.<\/p>\n\n\n\n<p>Letture intorno alla grande quercia, pitture all\u2019aria aperta, cucina nell\u2019antica riserva, passeggiate tra ghiande, foglie e funghi: sembra una magia ma \u00e8 tutto reale.<\/p>\n\n\n\n<!--more-->\n\n\n\n<p>Tra passeggiate e approfondimenti sul mondo dei funghi e animali del bosco, si faranno lavoretti e si prepareranno deliziosi biscotti. Tutte le attivit\u00e0 saranno accompagnate dalle musiche di Mozart, Bach, Vivaldi e altri celebri nomi della musica classica.<\/p>\n\n\n\n<p>Il fine \u00e8 apprendere che il bosco insegna a superare gli ostacoli, \u00e8 un luogo di bellezza assoluta. Se si incontra un ramo lo si salta, se non si trova una strada diretta si pu\u00f2 disegnare un sentiero e arrivare comunque al traguardo. Rimanendo in silenzio si pu\u00f2 assistere allo spiegarsi del suono del vento tra le foglie, degli uccelli e degli animali che abitano lo spazio selvaggio.<\/p>\n\n\n\n<p>Incontri in cui esercitare la meraviglia ed educare gli occhi alla bellezza, nel contatto diretto con la natura e gli alberi. Coltivare il cuore dei bambini \u00e8 seminare in esso sentimenti buoni ed \u00e8 il miglior modo di amarli e prendersi cura del futuro.<\/p>\n\n\n\n<p>Gli incontri sono destinati a bambini dai 4 agli 8 anni e si svolgono dalle 15 alle 18.<\/p>\n\n\n\n<p>Il bosco di daini si trova a Maglie sulla via vecchia comunale Corigliano Maglie, 35. I posti sono limitati, prenotazione obbligatoria al 328.8310000<\/p>\n\n\n\n<p>(fonte: comunicato stampa)<\/p>\n","protected":false},"excerpt":{"rendered":"<p>Incontri per bambini in un bosco a Maglie. \u00a0Ultimo appuntamento mercoled\u00ec 7 dicembre Si chiude il ciclo di incontri per<\/p>\n","protected":false},"author":1,"featured_media":12299,"comment_status":"open","ping_status":"open","sticky":true,"template":"","format":"standard","meta":[],"categories":[598],"tags":[4726,4730,4724,4725,4727,1651,4729],"yoast_head":"<!-- This site is optimized with the Yoast SEO plugin v18.0 - https:\/\/yoast.com\/wordpress\/plugins\/seo\/ -->\n<title>Incontriamoci al bosco di Anna | Arte e Luoghi<\/title>\n<meta name=\"description\" content=\"Incontri per bambini nel bosco di Anna a Maglie sulla via vecchia Corigliano. Ultimo appuntamento mercoled\u00ec 7 dicembre 2022\" \/>\n<meta name=\"robots\" content=\"index, follow, max-snippet:-1, max-image-preview:large, max-video-preview:-1\" \/>\n<link rel=\"canonical\" href=\"https:\/\/arteeluoghi.it\/index.php\/2022\/12\/06\/incontriamoci-al-bosco-di-anna\/\" \/>\n<meta property=\"og:locale\" content=\"it_IT\" \/>\n<meta property=\"og:type\" content=\"article\" \/>\n<meta property=\"og:title\" content=\"Incontriamoci al bosco di Anna | Arte e Luoghi\" \/>\n<meta property=\"og:description\" content=\"Incontri per bambini nel bosco di Anna a Maglie sulla via vecchia Corigliano. Ultimo appuntamento mercoled\u00ec 7 dicembre 2022\" \/>\n<meta property=\"og:url\" content=\"https:\/\/arteeluoghi.it\/index.php\/2022\/12\/06\/incontriamoci-al-bosco-di-anna\/\" \/>\n<meta property=\"og:site_name\" content=\"Arte e Luoghi\" \/>\n<meta property=\"article:publisher\" content=\"https:\/\/www.facebook.com\/ArteELuoghi\/\" \/>\n<meta property=\"article:published_time\" content=\"2022-12-06T15:07:00+00:00\" \/>\n<meta property=\"article:modified_time\" content=\"2022-12-11T15:11:21+00:00\" \/>\n<meta property=\"og:image\" content=\"https:\/\/arteeluoghi.it\/wp-content\/uploads\/2022\/12\/bimbi-nel-bosco.jpg\" \/>\n\t<meta property=\"og:image:width\" content=\"1200\" \/>\n\t<meta property=\"og:image:height\" content=\"1600\" \/>\n\t<meta property=\"og:image:type\" content=\"image\/jpeg\" \/>\n<meta name=\"twitter:card\" content=\"summary\" \/>\n<meta name=\"twitter:creator\" content=\"@arteeluoghi\" \/>\n<meta name=\"twitter:site\" content=\"@arteeluoghi\" \/>\n<meta name=\"twitter:label1\" content=\"Scritto da\" \/>\n\t<meta name=\"twitter:data1\" content=\"Staff\" \/>\n\t<meta name=\"twitter:label2\" content=\"Tempo di lettura stimato\" \/>\n\t<meta name=\"twitter:data2\" content=\"2 minuti\" \/>\n<script type=\"application\/ld+json\" class=\"yoast-schema-graph\">{\"@context\":\"https:\/\/schema.org\",\"@graph\":[{\"@type\":\"Organization\",\"@id\":\"https:\/\/arteeluoghi.it\/#organization\",\"name\":\"Arte e Luoghi\",\"url\":\"https:\/\/arteeluoghi.it\/\",\"sameAs\":[\"https:\/\/www.facebook.com\/ArteELuoghi\/\",\"https:\/\/www.instagram.com\/arteeluoghi\/?hl=it\",\"https:\/\/www.youtube.com\/channel\/UCuRVc4JW4-C5sg9rQB-srkw?view_as=subscriber\",\"https:\/\/twitter.com\/arteeluoghi\"],\"logo\":{\"@type\":\"ImageObject\",\"@id\":\"https:\/\/arteeluoghi.it\/#logo\",\"inLanguage\":\"it-IT\",\"url\":\"https:\/\/arteeluoghi.it\/wp-content\/uploads\/2018\/08\/logoinstagramarte.jpg\",\"contentUrl\":\"https:\/\/arteeluoghi.it\/wp-content\/uploads\/2018\/08\/logoinstagramarte.jpg\",\"width\":150,\"height\":150,\"caption\":\"Arte e Luoghi\"},\"image\":{\"@id\":\"https:\/\/arteeluoghi.it\/#logo\"}},{\"@type\":\"WebSite\",\"@id\":\"https:\/\/arteeluoghi.it\/#website\",\"url\":\"https:\/\/arteeluoghi.it\/\",\"name\":\"Arte e Luoghi\",\"description\":\"Mensile di arte, cultura, turismo e curiosit\u00e0\",\"publisher\":{\"@id\":\"https:\/\/arteeluoghi.it\/#organization\"},\"potentialAction\":[{\"@type\":\"SearchAction\",\"target\":{\"@type\":\"EntryPoint\",\"urlTemplate\":\"https:\/\/arteeluoghi.it\/?s={search_term_string}\"},\"query-input\":\"required name=search_term_string\"}],\"inLanguage\":\"it-IT\"},{\"@type\":\"ImageObject\",\"@id\":\"https:\/\/arteeluoghi.it\/index.php\/2022\/12\/06\/incontriamoci-al-bosco-di-anna\/#primaryimage\",\"inLanguage\":\"it-IT\",\"url\":\"https:\/\/arteeluoghi.it\/wp-content\/uploads\/2022\/12\/bimbi-nel-bosco.jpg\",\"contentUrl\":\"https:\/\/arteeluoghi.it\/wp-content\/uploads\/2022\/12\/bimbi-nel-bosco.jpg\",\"width\":1200,\"height\":1600},{\"@type\":\"WebPage\",\"@id\":\"https:\/\/arteeluoghi.it\/index.php\/2022\/12\/06\/incontriamoci-al-bosco-di-anna\/#webpage\",\"url\":\"https:\/\/arteeluoghi.it\/index.php\/2022\/12\/06\/incontriamoci-al-bosco-di-anna\/\",\"name\":\"Incontriamoci al bosco di Anna | Arte e Luoghi\",\"isPartOf\":{\"@id\":\"https:\/\/arteeluoghi.it\/#website\"},\"primaryImageOfPage\":{\"@id\":\"https:\/\/arteeluoghi.it\/index.php\/2022\/12\/06\/incontriamoci-al-bosco-di-anna\/#primaryimage\"},\"datePublished\":\"2022-12-06T15:07:00+00:00\",\"dateModified\":\"2022-12-11T15:11:21+00:00\",\"description\":\"Incontri per bambini nel bosco di Anna a Maglie sulla via vecchia Corigliano. Ultimo appuntamento mercoled\u00ec 7 dicembre 2022\",\"breadcrumb\":{\"@id\":\"https:\/\/arteeluoghi.it\/index.php\/2022\/12\/06\/incontriamoci-al-bosco-di-anna\/#breadcrumb\"},\"inLanguage\":\"it-IT\",\"potentialAction\":[{\"@type\":\"ReadAction\",\"target\":[\"https:\/\/arteeluoghi.it\/index.php\/2022\/12\/06\/incontriamoci-al-bosco-di-anna\/\"]}]},{\"@type\":\"BreadcrumbList\",\"@id\":\"https:\/\/arteeluoghi.it\/index.php\/2022\/12\/06\/incontriamoci-al-bosco-di-anna\/#breadcrumb\",\"itemListElement\":[{\"@type\":\"ListItem\",\"position\":1,\"name\":\"Home\",\"item\":\"https:\/\/arteeluoghi.it\/\"},{\"@type\":\"ListItem\",\"position\":2,\"name\":\"Incontriamoci al bosco di Anna\"}]},{\"@type\":\"Article\",\"@id\":\"https:\/\/arteeluoghi.it\/index.php\/2022\/12\/06\/incontriamoci-al-bosco-di-anna\/#article\",\"isPartOf\":{\"@id\":\"https:\/\/arteeluoghi.it\/index.php\/2022\/12\/06\/incontriamoci-al-bosco-di-anna\/#webpage\"},\"author\":{\"@id\":\"https:\/\/arteeluoghi.it\/#\/schema\/person\/f84e814e36e91e01448ee07eaadd41d4\"},\"headline\":\"Incontriamoci al bosco di Anna\",\"datePublished\":\"2022-12-06T15:07:00+00:00\",\"dateModified\":\"2022-12-11T15:11:21+00:00\",\"mainEntityOfPage\":{\"@id\":\"https:\/\/arteeluoghi.it\/index.php\/2022\/12\/06\/incontriamoci-al-bosco-di-anna\/#webpage\"},\"wordCount\":259,\"commentCount\":0,\"publisher\":{\"@id\":\"https:\/\/arteeluoghi.it\/#organization\"},\"image\":{\"@id\":\"https:\/\/arteeluoghi.it\/index.php\/2022\/12\/06\/incontriamoci-al-bosco-di-anna\/#primaryimage\"},\"thumbnailUrl\":\"https:\/\/arteeluoghi.it\/wp-content\/uploads\/2022\/12\/bimbi-nel-bosco.jpg\",\"keywords\":[\"Anna Di Nanni\",\"Apulia Stories\",\"Bosco\",\"Corigliano\",\"Elisa Mele\",\"Maglie\",\"Salento Faber\"],\"articleSection\":[\"girovagando\"],\"inLanguage\":\"it-IT\",\"potentialAction\":[{\"@type\":\"CommentAction\",\"name\":\"Comment\",\"target\":[\"https:\/\/arteeluoghi.it\/index.php\/2022\/12\/06\/incontriamoci-al-bosco-di-anna\/#respond\"]}]},{\"@type\":\"Person\",\"@id\":\"https:\/\/arteeluoghi.it\/#\/schema\/person\/f84e814e36e91e01448ee07eaadd41d4\",\"name\":\"Staff\",\"image\":{\"@type\":\"ImageObject\",\"@id\":\"https:\/\/arteeluoghi.it\/#personlogo\",\"inLanguage\":\"it-IT\",\"url\":\"https:\/\/secure.gravatar.com\/avatar\/49d2f9e46271bb04e19cebfaf141313a?s=96&d=blank&r=g\",\"contentUrl\":\"https:\/\/secure.gravatar.com\/avatar\/49d2f9e46271bb04e19cebfaf141313a?s=96&d=blank&r=g\",\"caption\":\"Staff\"}}]}<\/script>\n<!-- \/ Yoast SEO plugin. -->","yoast_head_json":{"title":"Incontriamoci al bosco di Anna | Arte e Luoghi","description":"Incontri per bambini nel bosco di Anna a Maglie sulla via vecchia Corigliano. Ultimo appuntamento mercoled\u00ec 7 dicembre 2022","robots":{"index":"index","follow":"follow","max-snippet":"max-snippet:-1","max-image-preview":"max-image-preview:large","max-video-preview":"max-video-preview:-1"},"canonical":"https:\/\/arteeluoghi.it\/index.php\/2022\/12\/06\/incontriamoci-al-bosco-di-anna\/","og_locale":"it_IT","og_type":"article","og_title":"Incontriamoci al bosco di Anna | Arte e Luoghi","og_description":"Incontri per bambini nel bosco di Anna a Maglie sulla via vecchia Corigliano. Ultimo appuntamento mercoled\u00ec 7 dicembre 2022","og_url":"https:\/\/arteeluoghi.it\/index.php\/2022\/12\/06\/incontriamoci-al-bosco-di-anna\/","og_site_name":"Arte e Luoghi","article_publisher":"https:\/\/www.facebook.com\/ArteELuoghi\/","article_published_time":"2022-12-06T15:07:00+00:00","article_modified_time":"2022-12-11T15:11:21+00:00","og_image":[{"width":1200,"height":1600,"url":"https:\/\/arteeluoghi.it\/wp-content\/uploads\/2022\/12\/bimbi-nel-bosco.jpg","type":"image\/jpeg"}],"twitter_card":"summary","twitter_creator":"@arteeluoghi","twitter_site":"@arteeluoghi","twitter_misc":{"Scritto da":"Staff","Tempo di lettura stimato":"2 minuti"},"schema":{"@context":"https:\/\/schema.org","@graph":[{"@type":"Organization","@id":"https:\/\/arteeluoghi.it\/#organization","name":"Arte e Luoghi","url":"https:\/\/arteeluoghi.it\/","sameAs":["https:\/\/www.facebook.com\/ArteELuoghi\/","https:\/\/www.instagram.com\/arteeluoghi\/?hl=it","https:\/\/www.youtube.com\/channel\/UCuRVc4JW4-C5sg9rQB-srkw?view_as=subscriber","https:\/\/twitter.com\/arteeluoghi"],"logo":{"@type":"ImageObject","@id":"https:\/\/arteeluoghi.it\/#logo","inLanguage":"it-IT","url":"https:\/\/arteeluoghi.it\/wp-content\/uploads\/2018\/08\/logoinstagramarte.jpg","contentUrl":"https:\/\/arteeluoghi.it\/wp-content\/uploads\/2018\/08\/logoinstagramarte.jpg","width":150,"height":150,"caption":"Arte e Luoghi"},"image":{"@id":"https:\/\/arteeluoghi.it\/#logo"}},{"@type":"WebSite","@id":"https:\/\/arteeluoghi.it\/#website","url":"https:\/\/arteeluoghi.it\/","name":"Arte e Luoghi","description":"Mensile di arte, cultura, turismo e curiosit\u00e0","publisher":{"@id":"https:\/\/arteeluoghi.it\/#organization"},"potentialAction":[{"@type":"SearchAction","target":{"@type":"EntryPoint","urlTemplate":"https:\/\/arteeluoghi.it\/?s={search_term_string}"},"query-input":"required name=search_term_string"}],"inLanguage":"it-IT"},{"@type":"ImageObject","@id":"https:\/\/arteeluoghi.it\/index.php\/2022\/12\/06\/incontriamoci-al-bosco-di-anna\/#primaryimage","inLanguage":"it-IT","url":"https:\/\/arteeluoghi.it\/wp-content\/uploads\/2022\/12\/bimbi-nel-bosco.jpg","contentUrl":"https:\/\/arteeluoghi.it\/wp-content\/uploads\/2022\/12\/bimbi-nel-bosco.jpg","width":1200,"height":1600},{"@type":"WebPage","@id":"https:\/\/arteeluoghi.it\/index.php\/2022\/12\/06\/incontriamoci-al-bosco-di-anna\/#webpage","url":"https:\/\/arteeluoghi.it\/index.php\/2022\/12\/06\/incontriamoci-al-bosco-di-anna\/","name":"Incontriamoci al bosco di Anna | Arte e Luoghi","isPartOf":{"@id":"https:\/\/arteeluoghi.it\/#website"},"primaryImageOfPage":{"@id":"https:\/\/arteeluoghi.it\/index.php\/2022\/12\/06\/incontriamoci-al-bosco-di-anna\/#primaryimage"},"datePublished":"2022-12-06T15:07:00+00:00","dateModified":"2022-12-11T15:11:21+00:00","description":"Incontri per bambini nel bosco di Anna a Maglie sulla via vecchia Corigliano. Ultimo appuntamento mercoled\u00ec 7 dicembre 2022","breadcrumb":{"@id":"https:\/\/arteeluoghi.it\/index.php\/2022\/12\/06\/incontriamoci-al-bosco-di-anna\/#breadcrumb"},"inLanguage":"it-IT","potentialAction":[{"@type":"ReadAction","target":["https:\/\/arteeluoghi.it\/index.php\/2022\/12\/06\/incontriamoci-al-bosco-di-anna\/"]}]},{"@type":"BreadcrumbList","@id":"https:\/\/arteeluoghi.it\/index.php\/2022\/12\/06\/incontriamoci-al-bosco-di-anna\/#breadcrumb","itemListElement":[{"@type":"ListItem","position":1,"name":"Home","item":"https:\/\/arteeluoghi.it\/"},{"@type":"ListItem","position":2,"name":"Incontriamoci al bosco di Anna"}]},{"@type":"Article","@id":"https:\/\/arteeluoghi.it\/index.php\/2022\/12\/06\/incontriamoci-al-bosco-di-anna\/#article","isPartOf":{"@id":"https:\/\/arteeluoghi.it\/index.php\/2022\/12\/06\/incontriamoci-al-bosco-di-anna\/#webpage"},"author":{"@id":"https:\/\/arteeluoghi.it\/#\/schema\/person\/f84e814e36e91e01448ee07eaadd41d4"},"headline":"Incontriamoci al bosco di Anna","datePublished":"2022-12-06T15:07:00+00:00","dateModified":"2022-12-11T15:11:21+00:00","mainEntityOfPage":{"@id":"https:\/\/arteeluoghi.it\/index.php\/2022\/12\/06\/incontriamoci-al-bosco-di-anna\/#webpage"},"wordCount":259,"commentCount":0,"publisher":{"@id":"https:\/\/arteeluoghi.it\/#organization"},"image":{"@id":"https:\/\/arteeluoghi.it\/index.php\/2022\/12\/06\/incontriamoci-al-bosco-di-anna\/#primaryimage"},"thumbnailUrl":"https:\/\/arteeluoghi.it\/wp-content\/uploads\/2022\/12\/bimbi-nel-bosco.jpg","keywords":["Anna Di Nanni","Apulia Stories","Bosco","Corigliano","Elisa Mele","Maglie","Salento Faber"],"articleSection":["girovagando"],"inLanguage":"it-IT","potentialAction":[{"@type":"CommentAction","name":"Comment","target":["https:\/\/arteeluoghi.it\/index.php\/2022\/12\/06\/incontriamoci-al-bosco-di-anna\/#respond"]}]},{"@type":"Person","@id":"https:\/\/arteeluoghi.it\/#\/schema\/person\/f84e814e36e91e01448ee07eaadd41d4","name":"Staff","image":{"@type":"ImageObject","@id":"https:\/\/arteeluoghi.it\/#personlogo","inLanguage":"it-IT","url":"https:\/\/secure.gravatar.com\/avatar\/49d2f9e46271bb04e19cebfaf141313a?s=96&d=blank&r=g","contentUrl":"https:\/\/secure.gravatar.com\/avatar\/49d2f9e46271bb04e19cebfaf141313a?s=96&d=blank&r=g","caption":"Staff"}}]}},"_links":{"self":[{"href":"https:\/\/arteeluoghi.it\/index.php\/wp-json\/wp\/v2\/posts\/12298"}],"collection":[{"href":"https:\/\/arteeluoghi.it\/index.php\/wp-json\/wp\/v2\/posts"}],"about":[{"href":"https:\/\/arteeluoghi.it\/index.php\/wp-json\/wp\/v2\/types\/post"}],"author":[{"embeddable":true,"href":"https:\/\/arteeluoghi.it\/index.php\/wp-json\/wp\/v2\/users\/1"}],"replies":[{"embeddable":true,"href":"https:\/\/arteeluoghi.it\/index.php\/wp-json\/wp\/v2\/comments?post=12298"}],"version-history":[{"count":1,"href":"https:\/\/arteeluoghi.it\/index.php\/wp-json\/wp\/v2\/posts\/12298\/revisions"}],"predecessor-version":[{"id":12300,"href":"https:\/\/arteeluoghi.it\/index.php\/wp-json\/wp\/v2\/posts\/12298\/revisions\/12300"}],"wp:featuredmedia":[{"embeddable":true,"href":"https:\/\/arteeluoghi.it\/index.php\/wp-json\/wp\/v2\/media\/12299"}],"wp:attachment":[{"href":"https:\/\/arteeluoghi.it\/index.php\/wp-json\/wp\/v2\/media?parent=12298"}],"wp:term":[{"taxonomy":"category","embeddable":true,"href":"https:\/\/arteeluoghi.it\/index.php\/wp-json\/wp\/v2\/categories?post=12298"},{"taxonomy":"post_tag","embeddable":true,"href":"https:\/\/arteeluoghi.it\/index.php\/wp-json\/wp\/v2\/tags?post=12298"}],"curies":[{"name":"wp","href":"https:\/\/api.w.org\/{rel}","templated":true}]}}