{"id":12415,"date":"2023-01-01T14:04:00","date_gmt":"2023-01-01T13:04:00","guid":{"rendered":"https:\/\/arteeluoghi.it\/?p=12415"},"modified":"2022-12-31T14:09:24","modified_gmt":"2022-12-31T13:09:24","slug":"antonio-bueno-il-catalogo-delle-opere","status":"publish","type":"post","link":"https:\/\/arteeluoghi.it\/index.php\/2023\/01\/01\/antonio-bueno-il-catalogo-delle-opere\/","title":{"rendered":"Antonio Bueno, il catalogo delle opere"},"content":{"rendered":"\n<blockquote class=\"wp-block-quote\"><p>Luoghi del sapere | spazio recensioni<\/p><cite>La pubblicazione del terzo volume del catalogo generale a cura dello storico dell&#8217;arte Giovanni Faccenda e la figlia dell&#8217;artista Maria Isabella Bueno, editoriale Giorgio Mondadori<\/cite><\/blockquote>\n\n\n\n<p>Tra le pubblicazioni della Editoriale Giorgio Mondadori segnaliamo il terzo volume del Catalogo Generale delle Opere di Antonio Bueno, tra i protagonisti dell\u2019arte italiana del Novecento.<br>Con una veste grafica di pregio, il catalogo \u00e8 frutto di due anni di ricerche, verifiche e approfondimenti ed \u00e8 curato dallo storico dell\u2019arte Giovanni Faccenda insieme alla figlia dell\u2019artista Maria Isabella Bueno.<br>Si tratta di un volume davvero prezioso, proseguimento del lavoro iniziato con la prima (1994) e la seconda edizione (2006), che vede pubblicate 280 opere, alcune inedite e altre poco note, realizzate da Antonio Bueno tra il 1939 e il 1984, anno della sua scomparsa. Come spiega nell\u2019introduzione la stessa Maria Isabella Bueno, l\u2019approfondimento riguarda i primi venti anni di attivit\u00e0 del Maestro: si scopre cos\u00ec una vasta produzione realizzata sul finire degli anni \u201950 che testimonia il passaggio dal periodo delle \u2018Pipe di gesso\u2019 a quello del ritorno della figura femminile, tema che non verr\u00e0 pi\u00f9 abbandonato da Bueno, ma che subir\u00e0 negli anni a venire una evoluzione stilistica molto evidente. Il catalogo \u00e8 uno strumento indispensabile per chi si accosta o vuole approfondire la figura di Bueno \u201csperimentatore ineguagliabile\u201d come lo definisce il curatore sottolineando come l\u2019artista passa dall\u2019essere parte \u00abprima dei Pittori Moderni della Realt\u00e0, poi dei Poeti Visivi finanche talune, suggestive escursioni, durante i primi anni Sessanta nei variegati contesti della Pop Art inglese e americana.\u00bb Un artista geniale che seppe spaziare nei territori pi\u00f9 disparati di un\u2019arte mai rinnegatrice del disegno e della pittura, anticipatore e innovatore come documentato dal corpus delle opere anticipato dalla nota biografica dell\u2019artista.<br>Nato il 21 luglio 1918, figlio dello scrittore e giornalista Javier Bueno, allora corrispondente a Berlino del quotidiano &#8216;ABC&#8217; di Madrid, e di Hannah Rosjanska, Antonio Bueno trascorsa l\u2019infanzia in Spagna, si trasferisce con la famiglia a Ginevra e qui, in seguito, si iscrive all\u2019Accademia di Belle Arti. Nel 1938 esordisce a Parigi esponendo al Salon des Jeunes e nel 1940 arriva in Italia, dove si stabilir\u00e0 per sempre. Nel 1941- 1942 le prime mostre a Milano e a Firenze insieme al fratello Xavier, nel 1947 la formazione del gruppo dei \u2018Pittori Moderni della Realt\u00e0\u2019 e la prima mostra alla Galleria \u2018Illustrazione Italiana\u2019 a Milano, con un vero e proprio manifesto programmatico, firmato dai due fratelli, da Pietro Annigoni e da Gregorio Sciltian. Gli anni Sessanta lo vedono protagonista e animatore di numerose iniziative artistiche tra cui la nel 1964 alla prima mostra di arte visiva allestita dal Gruppo 63 a Reggio Emilia, e il ritorno (dopo la mostra del 1956) alla Biennale di Venezia nel 1968, nel Padiglione spagnolo presentato in catalogo da Edoardo Sanguineti. Ottiene la cittadinanza italiana nel 1970 e si trasferisce con la moglie e le figlie a Fiesole e nel 1973, a distanza di quindici anni, torna ad esporre a New York presentato da Carlo Ludovico Ragghianti ottenendo un notevole successo di critica e di pubblico Nel 1977 fonda e dirige la rivista Visual con l\u2019aiuto di Eugenio Miccini e molti ex appartenenti al Gruppo 70 L\u2019anno seguente si dedica al tema dei d\u2019apres che non abbandoner\u00e0 pi\u00f9 fino all\u2019ultima apparizione nel 1984 alla Biennale di Venezia.<br>A Firenze nel 1981 tiene una grande antologica a Palazzo Strozzi, inaugurando la nuova sede d\u2019esposizioni di arte contemporanea con la presenza del Presidente della Repubblica Sandro Pertini. Negli ultimi anni della sua vita, si dedica alla scrittura delle sue memorie rimaste incompiute a causa della prematura scomparsa a Fiesole nel 1984.<br>Completano il catalogo la bibliografia delle opere, l\u2019elenco delle mostre e la bibliografia. (an.fu.)<\/p>\n\n\n\n<p><\/p>\n\n\n\n<p>Antonio Bueno, Catalogo generale delle opere, vol. 3<br>Editoriale Giorgio Mondadori<br>2017<br>p. 176<br>\u20ac100,00<br>ISBN 978860528261<\/p>\n","protected":false},"excerpt":{"rendered":"<p>Luoghi del sapere | spazio recensioni La pubblicazione del terzo volume del catalogo generale a cura dello storico dell&#8217;arte Giovanni<\/p>\n","protected":false},"author":1,"featured_media":12416,"comment_status":"open","ping_status":"open","sticky":true,"template":"","format":"standard","meta":[],"categories":[17],"tags":[],"yoast_head":"<!-- This site is optimized with the Yoast SEO plugin v18.0 - https:\/\/yoast.com\/wordpress\/plugins\/seo\/ -->\n<title>Antonio Bueno, il catalogo delle opere | Arte e Luoghi<\/title>\n<meta name=\"description\" content=\"La pubblicazione del terzo volume del catalogo generale curata da Giovanni Faccenda e la figlia dell&#039;artista Maria Isabella Bueno\" \/>\n<meta name=\"robots\" content=\"index, follow, max-snippet:-1, max-image-preview:large, max-video-preview:-1\" \/>\n<link rel=\"canonical\" href=\"https:\/\/arteeluoghi.it\/index.php\/2023\/01\/01\/antonio-bueno-il-catalogo-delle-opere\/\" \/>\n<meta property=\"og:locale\" content=\"it_IT\" \/>\n<meta property=\"og:type\" content=\"article\" \/>\n<meta property=\"og:title\" content=\"Antonio Bueno, il catalogo delle opere | Arte e Luoghi\" \/>\n<meta property=\"og:description\" content=\"La pubblicazione del terzo volume del catalogo generale curata da Giovanni Faccenda e la figlia dell&#039;artista Maria Isabella Bueno\" \/>\n<meta property=\"og:url\" content=\"https:\/\/arteeluoghi.it\/index.php\/2023\/01\/01\/antonio-bueno-il-catalogo-delle-opere\/\" \/>\n<meta property=\"og:site_name\" content=\"Arte e Luoghi\" \/>\n<meta property=\"article:publisher\" content=\"https:\/\/www.facebook.com\/ArteELuoghi\/\" \/>\n<meta property=\"article:published_time\" content=\"2023-01-01T13:04:00+00:00\" \/>\n<meta property=\"article:modified_time\" content=\"2022-12-31T13:09:24+00:00\" \/>\n<meta property=\"og:image\" content=\"https:\/\/arteeluoghi.it\/wp-content\/uploads\/2022\/12\/Bueno-Antonio-catalogo-generale.jpeg\" \/>\n\t<meta property=\"og:image:width\" content=\"1118\" \/>\n\t<meta property=\"og:image:height\" content=\"1454\" \/>\n\t<meta property=\"og:image:type\" content=\"image\/jpeg\" \/>\n<meta name=\"twitter:card\" content=\"summary\" \/>\n<meta name=\"twitter:creator\" content=\"@arteeluoghi\" \/>\n<meta name=\"twitter:site\" content=\"@arteeluoghi\" \/>\n<meta name=\"twitter:label1\" content=\"Scritto da\" \/>\n\t<meta name=\"twitter:data1\" content=\"Staff\" \/>\n\t<meta name=\"twitter:label2\" content=\"Tempo di lettura stimato\" \/>\n\t<meta name=\"twitter:data2\" content=\"4 minuti\" \/>\n<script type=\"application\/ld+json\" class=\"yoast-schema-graph\">{\"@context\":\"https:\/\/schema.org\",\"@graph\":[{\"@type\":\"Organization\",\"@id\":\"https:\/\/arteeluoghi.it\/#organization\",\"name\":\"Arte e Luoghi\",\"url\":\"https:\/\/arteeluoghi.it\/\",\"sameAs\":[\"https:\/\/www.facebook.com\/ArteELuoghi\/\",\"https:\/\/www.instagram.com\/arteeluoghi\/?hl=it\",\"https:\/\/www.youtube.com\/channel\/UCuRVc4JW4-C5sg9rQB-srkw?view_as=subscriber\",\"https:\/\/twitter.com\/arteeluoghi\"],\"logo\":{\"@type\":\"ImageObject\",\"@id\":\"https:\/\/arteeluoghi.it\/#logo\",\"inLanguage\":\"it-IT\",\"url\":\"https:\/\/arteeluoghi.it\/wp-content\/uploads\/2018\/08\/logoinstagramarte.jpg\",\"contentUrl\":\"https:\/\/arteeluoghi.it\/wp-content\/uploads\/2018\/08\/logoinstagramarte.jpg\",\"width\":150,\"height\":150,\"caption\":\"Arte e Luoghi\"},\"image\":{\"@id\":\"https:\/\/arteeluoghi.it\/#logo\"}},{\"@type\":\"WebSite\",\"@id\":\"https:\/\/arteeluoghi.it\/#website\",\"url\":\"https:\/\/arteeluoghi.it\/\",\"name\":\"Arte e Luoghi\",\"description\":\"Mensile di arte, cultura, turismo e curiosit\u00e0\",\"publisher\":{\"@id\":\"https:\/\/arteeluoghi.it\/#organization\"},\"potentialAction\":[{\"@type\":\"SearchAction\",\"target\":{\"@type\":\"EntryPoint\",\"urlTemplate\":\"https:\/\/arteeluoghi.it\/?s={search_term_string}\"},\"query-input\":\"required name=search_term_string\"}],\"inLanguage\":\"it-IT\"},{\"@type\":\"ImageObject\",\"@id\":\"https:\/\/arteeluoghi.it\/index.php\/2023\/01\/01\/antonio-bueno-il-catalogo-delle-opere\/#primaryimage\",\"inLanguage\":\"it-IT\",\"url\":\"https:\/\/arteeluoghi.it\/wp-content\/uploads\/2022\/12\/Bueno-Antonio-catalogo-generale.jpeg\",\"contentUrl\":\"https:\/\/arteeluoghi.it\/wp-content\/uploads\/2022\/12\/Bueno-Antonio-catalogo-generale.jpeg\",\"width\":1118,\"height\":1454},{\"@type\":\"WebPage\",\"@id\":\"https:\/\/arteeluoghi.it\/index.php\/2023\/01\/01\/antonio-bueno-il-catalogo-delle-opere\/#webpage\",\"url\":\"https:\/\/arteeluoghi.it\/index.php\/2023\/01\/01\/antonio-bueno-il-catalogo-delle-opere\/\",\"name\":\"Antonio Bueno, il catalogo delle opere | Arte e Luoghi\",\"isPartOf\":{\"@id\":\"https:\/\/arteeluoghi.it\/#website\"},\"primaryImageOfPage\":{\"@id\":\"https:\/\/arteeluoghi.it\/index.php\/2023\/01\/01\/antonio-bueno-il-catalogo-delle-opere\/#primaryimage\"},\"datePublished\":\"2023-01-01T13:04:00+00:00\",\"dateModified\":\"2022-12-31T13:09:24+00:00\",\"description\":\"La pubblicazione del terzo volume del catalogo generale curata da Giovanni Faccenda e la figlia dell'artista Maria Isabella Bueno\",\"breadcrumb\":{\"@id\":\"https:\/\/arteeluoghi.it\/index.php\/2023\/01\/01\/antonio-bueno-il-catalogo-delle-opere\/#breadcrumb\"},\"inLanguage\":\"it-IT\",\"potentialAction\":[{\"@type\":\"ReadAction\",\"target\":[\"https:\/\/arteeluoghi.it\/index.php\/2023\/01\/01\/antonio-bueno-il-catalogo-delle-opere\/\"]}]},{\"@type\":\"BreadcrumbList\",\"@id\":\"https:\/\/arteeluoghi.it\/index.php\/2023\/01\/01\/antonio-bueno-il-catalogo-delle-opere\/#breadcrumb\",\"itemListElement\":[{\"@type\":\"ListItem\",\"position\":1,\"name\":\"Home\",\"item\":\"https:\/\/arteeluoghi.it\/\"},{\"@type\":\"ListItem\",\"position\":2,\"name\":\"Antonio Bueno, il catalogo delle opere\"}]},{\"@type\":\"Article\",\"@id\":\"https:\/\/arteeluoghi.it\/index.php\/2023\/01\/01\/antonio-bueno-il-catalogo-delle-opere\/#article\",\"isPartOf\":{\"@id\":\"https:\/\/arteeluoghi.it\/index.php\/2023\/01\/01\/antonio-bueno-il-catalogo-delle-opere\/#webpage\"},\"author\":{\"@id\":\"https:\/\/arteeluoghi.it\/#\/schema\/person\/f84e814e36e91e01448ee07eaadd41d4\"},\"headline\":\"Antonio Bueno, il catalogo delle opere\",\"datePublished\":\"2023-01-01T13:04:00+00:00\",\"dateModified\":\"2022-12-31T13:09:24+00:00\",\"mainEntityOfPage\":{\"@id\":\"https:\/\/arteeluoghi.it\/index.php\/2023\/01\/01\/antonio-bueno-il-catalogo-delle-opere\/#webpage\"},\"wordCount\":629,\"commentCount\":0,\"publisher\":{\"@id\":\"https:\/\/arteeluoghi.it\/#organization\"},\"image\":{\"@id\":\"https:\/\/arteeluoghi.it\/index.php\/2023\/01\/01\/antonio-bueno-il-catalogo-delle-opere\/#primaryimage\"},\"thumbnailUrl\":\"https:\/\/arteeluoghi.it\/wp-content\/uploads\/2022\/12\/Bueno-Antonio-catalogo-generale.jpeg\",\"articleSection\":[\"LIBRI\"],\"inLanguage\":\"it-IT\",\"potentialAction\":[{\"@type\":\"CommentAction\",\"name\":\"Comment\",\"target\":[\"https:\/\/arteeluoghi.it\/index.php\/2023\/01\/01\/antonio-bueno-il-catalogo-delle-opere\/#respond\"]}]},{\"@type\":\"Person\",\"@id\":\"https:\/\/arteeluoghi.it\/#\/schema\/person\/f84e814e36e91e01448ee07eaadd41d4\",\"name\":\"Staff\",\"image\":{\"@type\":\"ImageObject\",\"@id\":\"https:\/\/arteeluoghi.it\/#personlogo\",\"inLanguage\":\"it-IT\",\"url\":\"https:\/\/secure.gravatar.com\/avatar\/49d2f9e46271bb04e19cebfaf141313a?s=96&d=blank&r=g\",\"contentUrl\":\"https:\/\/secure.gravatar.com\/avatar\/49d2f9e46271bb04e19cebfaf141313a?s=96&d=blank&r=g\",\"caption\":\"Staff\"}}]}<\/script>\n<!-- \/ Yoast SEO plugin. -->","yoast_head_json":{"title":"Antonio Bueno, il catalogo delle opere | Arte e Luoghi","description":"La pubblicazione del terzo volume del catalogo generale curata da Giovanni Faccenda e la figlia dell'artista Maria Isabella Bueno","robots":{"index":"index","follow":"follow","max-snippet":"max-snippet:-1","max-image-preview":"max-image-preview:large","max-video-preview":"max-video-preview:-1"},"canonical":"https:\/\/arteeluoghi.it\/index.php\/2023\/01\/01\/antonio-bueno-il-catalogo-delle-opere\/","og_locale":"it_IT","og_type":"article","og_title":"Antonio Bueno, il catalogo delle opere | Arte e Luoghi","og_description":"La pubblicazione del terzo volume del catalogo generale curata da Giovanni Faccenda e la figlia dell'artista Maria Isabella Bueno","og_url":"https:\/\/arteeluoghi.it\/index.php\/2023\/01\/01\/antonio-bueno-il-catalogo-delle-opere\/","og_site_name":"Arte e Luoghi","article_publisher":"https:\/\/www.facebook.com\/ArteELuoghi\/","article_published_time":"2023-01-01T13:04:00+00:00","article_modified_time":"2022-12-31T13:09:24+00:00","og_image":[{"width":1118,"height":1454,"url":"https:\/\/arteeluoghi.it\/wp-content\/uploads\/2022\/12\/Bueno-Antonio-catalogo-generale.jpeg","type":"image\/jpeg"}],"twitter_card":"summary","twitter_creator":"@arteeluoghi","twitter_site":"@arteeluoghi","twitter_misc":{"Scritto da":"Staff","Tempo di lettura stimato":"4 minuti"},"schema":{"@context":"https:\/\/schema.org","@graph":[{"@type":"Organization","@id":"https:\/\/arteeluoghi.it\/#organization","name":"Arte e Luoghi","url":"https:\/\/arteeluoghi.it\/","sameAs":["https:\/\/www.facebook.com\/ArteELuoghi\/","https:\/\/www.instagram.com\/arteeluoghi\/?hl=it","https:\/\/www.youtube.com\/channel\/UCuRVc4JW4-C5sg9rQB-srkw?view_as=subscriber","https:\/\/twitter.com\/arteeluoghi"],"logo":{"@type":"ImageObject","@id":"https:\/\/arteeluoghi.it\/#logo","inLanguage":"it-IT","url":"https:\/\/arteeluoghi.it\/wp-content\/uploads\/2018\/08\/logoinstagramarte.jpg","contentUrl":"https:\/\/arteeluoghi.it\/wp-content\/uploads\/2018\/08\/logoinstagramarte.jpg","width":150,"height":150,"caption":"Arte e Luoghi"},"image":{"@id":"https:\/\/arteeluoghi.it\/#logo"}},{"@type":"WebSite","@id":"https:\/\/arteeluoghi.it\/#website","url":"https:\/\/arteeluoghi.it\/","name":"Arte e Luoghi","description":"Mensile di arte, cultura, turismo e curiosit\u00e0","publisher":{"@id":"https:\/\/arteeluoghi.it\/#organization"},"potentialAction":[{"@type":"SearchAction","target":{"@type":"EntryPoint","urlTemplate":"https:\/\/arteeluoghi.it\/?s={search_term_string}"},"query-input":"required name=search_term_string"}],"inLanguage":"it-IT"},{"@type":"ImageObject","@id":"https:\/\/arteeluoghi.it\/index.php\/2023\/01\/01\/antonio-bueno-il-catalogo-delle-opere\/#primaryimage","inLanguage":"it-IT","url":"https:\/\/arteeluoghi.it\/wp-content\/uploads\/2022\/12\/Bueno-Antonio-catalogo-generale.jpeg","contentUrl":"https:\/\/arteeluoghi.it\/wp-content\/uploads\/2022\/12\/Bueno-Antonio-catalogo-generale.jpeg","width":1118,"height":1454},{"@type":"WebPage","@id":"https:\/\/arteeluoghi.it\/index.php\/2023\/01\/01\/antonio-bueno-il-catalogo-delle-opere\/#webpage","url":"https:\/\/arteeluoghi.it\/index.php\/2023\/01\/01\/antonio-bueno-il-catalogo-delle-opere\/","name":"Antonio Bueno, il catalogo delle opere | Arte e Luoghi","isPartOf":{"@id":"https:\/\/arteeluoghi.it\/#website"},"primaryImageOfPage":{"@id":"https:\/\/arteeluoghi.it\/index.php\/2023\/01\/01\/antonio-bueno-il-catalogo-delle-opere\/#primaryimage"},"datePublished":"2023-01-01T13:04:00+00:00","dateModified":"2022-12-31T13:09:24+00:00","description":"La pubblicazione del terzo volume del catalogo generale curata da Giovanni Faccenda e la figlia dell'artista Maria Isabella Bueno","breadcrumb":{"@id":"https:\/\/arteeluoghi.it\/index.php\/2023\/01\/01\/antonio-bueno-il-catalogo-delle-opere\/#breadcrumb"},"inLanguage":"it-IT","potentialAction":[{"@type":"ReadAction","target":["https:\/\/arteeluoghi.it\/index.php\/2023\/01\/01\/antonio-bueno-il-catalogo-delle-opere\/"]}]},{"@type":"BreadcrumbList","@id":"https:\/\/arteeluoghi.it\/index.php\/2023\/01\/01\/antonio-bueno-il-catalogo-delle-opere\/#breadcrumb","itemListElement":[{"@type":"ListItem","position":1,"name":"Home","item":"https:\/\/arteeluoghi.it\/"},{"@type":"ListItem","position":2,"name":"Antonio Bueno, il catalogo delle opere"}]},{"@type":"Article","@id":"https:\/\/arteeluoghi.it\/index.php\/2023\/01\/01\/antonio-bueno-il-catalogo-delle-opere\/#article","isPartOf":{"@id":"https:\/\/arteeluoghi.it\/index.php\/2023\/01\/01\/antonio-bueno-il-catalogo-delle-opere\/#webpage"},"author":{"@id":"https:\/\/arteeluoghi.it\/#\/schema\/person\/f84e814e36e91e01448ee07eaadd41d4"},"headline":"Antonio Bueno, il catalogo delle opere","datePublished":"2023-01-01T13:04:00+00:00","dateModified":"2022-12-31T13:09:24+00:00","mainEntityOfPage":{"@id":"https:\/\/arteeluoghi.it\/index.php\/2023\/01\/01\/antonio-bueno-il-catalogo-delle-opere\/#webpage"},"wordCount":629,"commentCount":0,"publisher":{"@id":"https:\/\/arteeluoghi.it\/#organization"},"image":{"@id":"https:\/\/arteeluoghi.it\/index.php\/2023\/01\/01\/antonio-bueno-il-catalogo-delle-opere\/#primaryimage"},"thumbnailUrl":"https:\/\/arteeluoghi.it\/wp-content\/uploads\/2022\/12\/Bueno-Antonio-catalogo-generale.jpeg","articleSection":["LIBRI"],"inLanguage":"it-IT","potentialAction":[{"@type":"CommentAction","name":"Comment","target":["https:\/\/arteeluoghi.it\/index.php\/2023\/01\/01\/antonio-bueno-il-catalogo-delle-opere\/#respond"]}]},{"@type":"Person","@id":"https:\/\/arteeluoghi.it\/#\/schema\/person\/f84e814e36e91e01448ee07eaadd41d4","name":"Staff","image":{"@type":"ImageObject","@id":"https:\/\/arteeluoghi.it\/#personlogo","inLanguage":"it-IT","url":"https:\/\/secure.gravatar.com\/avatar\/49d2f9e46271bb04e19cebfaf141313a?s=96&d=blank&r=g","contentUrl":"https:\/\/secure.gravatar.com\/avatar\/49d2f9e46271bb04e19cebfaf141313a?s=96&d=blank&r=g","caption":"Staff"}}]}},"_links":{"self":[{"href":"https:\/\/arteeluoghi.it\/index.php\/wp-json\/wp\/v2\/posts\/12415"}],"collection":[{"href":"https:\/\/arteeluoghi.it\/index.php\/wp-json\/wp\/v2\/posts"}],"about":[{"href":"https:\/\/arteeluoghi.it\/index.php\/wp-json\/wp\/v2\/types\/post"}],"author":[{"embeddable":true,"href":"https:\/\/arteeluoghi.it\/index.php\/wp-json\/wp\/v2\/users\/1"}],"replies":[{"embeddable":true,"href":"https:\/\/arteeluoghi.it\/index.php\/wp-json\/wp\/v2\/comments?post=12415"}],"version-history":[{"count":1,"href":"https:\/\/arteeluoghi.it\/index.php\/wp-json\/wp\/v2\/posts\/12415\/revisions"}],"predecessor-version":[{"id":12417,"href":"https:\/\/arteeluoghi.it\/index.php\/wp-json\/wp\/v2\/posts\/12415\/revisions\/12417"}],"wp:featuredmedia":[{"embeddable":true,"href":"https:\/\/arteeluoghi.it\/index.php\/wp-json\/wp\/v2\/media\/12416"}],"wp:attachment":[{"href":"https:\/\/arteeluoghi.it\/index.php\/wp-json\/wp\/v2\/media?parent=12415"}],"wp:term":[{"taxonomy":"category","embeddable":true,"href":"https:\/\/arteeluoghi.it\/index.php\/wp-json\/wp\/v2\/categories?post=12415"},{"taxonomy":"post_tag","embeddable":true,"href":"https:\/\/arteeluoghi.it\/index.php\/wp-json\/wp\/v2\/tags?post=12415"}],"curies":[{"name":"wp","href":"https:\/\/api.w.org\/{rel}","templated":true}]}}