{"id":12467,"date":"2023-02-01T14:58:00","date_gmt":"2023-02-01T13:58:00","guid":{"rendered":"https:\/\/arteeluoghi.it\/?p=12467"},"modified":"2023-01-25T17:10:59","modified_gmt":"2023-01-25T16:10:59","slug":"lasciare-il-segno-biic-omaggio-a-carlo-carra","status":"publish","type":"post","link":"https:\/\/arteeluoghi.it\/index.php\/2023\/02\/01\/lasciare-il-segno-biic-omaggio-a-carlo-carra\/","title":{"rendered":"Lasciare il segno. BIIC, omaggio a Carlo Carr\u00e0"},"content":{"rendered":"\n<blockquote class=\"wp-block-quote\"><p>Fino al 26 febbraio in mostra a Palazzo GIL tutte le opere della XI edizione della Biennale dell\u2019incisione italiana contemporanea \u201cDomenico Fratianni\u201d. Tra le novit\u00e0, gli eventi del B-Side con ospiti d\u2019eccezione tra i quali Antonino Talamo, Erri De Luca, Giovanni Mucciaccia, Paolo Miorandi<\/p><cite>Sara Di Caprio<\/cite><\/blockquote>\n\n\n\n<p>CAMPOBASSO. Sulla fine degli anni Novanta dall\u2019incontro tra Fratianni e Giorgio Trentin &#8211; anima dell\u2019Associazione Nazionale degli Incisori Veneti &#8211; nacque la Biennale dell\u2019Incisione Italiana Contemporanea di Campobasso che quest\u2019anno taglia il traguardo della XI edizione con una serie di eventi con un un unico denominatore: far conoscere e declinare la tecnica dell&#8217;incisione e il suo utilizzo in ogni sua sfumatura, reale e immaginifica.<br>In esposizione fino al 26 febbraio 2023 tutte le 111 incisioni realizzate da Carlo Carr\u00e0 in dotazione al Fondo Carr\u00e0. Carlo Carr\u00e0 ( 1881 &#8211; 1966) \u00e8 stato uno dei pi\u00f9 importanti ed autorevoli pittori italiani del Novecento che ha attraversato da protagonista numerose correnti pittoriche dagli anni \u201810 agli anni \u201860.<br>La BIIC gli rende omaggio presentando al grande pubblico la produzione grafica molto meno nota di quella su tela ma capace di svelare la grande sensibilit\u00e0 di questo artista. In linea con quanto asseriva il maestro Domenico Fratianni, \u201cLeggere una pagina incisa significa entrare in profondit\u00e0 nel cuore dell\u2019artista\u201d e quasi toccare il suo sangue e il suo fuoco interiore.<\/p>\n\n\n\n<!--more-->\n\n\n\n<p><br>E nel solco dello spirito della BIIC, capace di mettere in dialogo gli artisti viventi con i grandi artisti del passato, insieme a Carr\u00e0, si potranno ammirare le 116 opere di 58 artisti invitati. La Commissione scientifica ha selezionato alcuni tra i maggiori esponenti dell\u2019incisione italiana contemporanea, tra i quali sette giovani incisori individuati nelle diverse Accademie di Belle Arti nazionali dando la possibilit\u00e0 a ciascun allievo di esporre due opere. Per il suo fondatore, il Maestro Domenico Fratianni, la Biennale doveva essere infatti parte di \u201cun\u2019operazione culturale capace di coinvolgere tutti coloro che amano il richiamo dell\u2019Arte\u201d portandoli in Molise. Domenico Fratianni, che in giovent\u00f9 era stato anche docente, ha sempre pensato alla Biennale come ad un elemento di stimolo per il mondo studentesco, in relazione con l\u2019Universit\u00e0 del Molise, i Licei artistici e l\u2019Istituto d\u2019Arte. Anche questa edizione vede imprescindibile la figura del curatore Floriano De Santi critico e storico dell\u2019arte, \u201ctra gli studiosi europei piu\u0300 impegnati e rigorosi della sua generazione\u201d come disse di lui Giulio Carlo Argan.<\/p>\n\n\n\n<style id=\"bwg-style-0\">  #bwg_container1_0 {    display: table;\t\/*visibility: hidden;*\/  }  #bwg_container1_0 * {\t  -moz-user-select: none;\t  -khtml-user-select: none;\t  -webkit-user-select: none;\t  -ms-user-select: none;\t  user-select: none;  }  #bwg_container1_0 #bwg_container2_0 .bwg_slideshow_image_wrap_0 {\t  background-color: #000000;\t  width: 800px;\t  height: 500px;  }  #bwg_container1_0 #bwg_container2_0 .bwg_slideshow_image_0 {\t  max-width: 800px;\t  max-height: 410px;  }  #bwg_container1_0 #bwg_container2_0 .bwg_slideshow_embed_0 {    width: 800px;    height: 410px;  }  #bwg_container1_0 #bwg_container2_0 #bwg_slideshow_play_pause_0 {\t  background: transparent url(\"https:\/\/arteeluoghi.it\/wp-content\/plugins\/photo-gallery\/images\/blank.gif\") repeat scroll 0 0;  }  #bwg_container1_0 #bwg_container2_0 #bwg_slideshow_play_pause-ico_0 {    color: #FFFFFF;    font-size: 60px;  }  #bwg_container1_0 #bwg_container2_0 #bwg_slideshow_play_pause-ico_0:hover {\t  color: #CCCCCC;  }  #bwg_container1_0 #bwg_container2_0 #spider_slideshow_left_0,  #bwg_container1_0 #bwg_container2_0 #spider_slideshow_right_0 {\t  background: transparent url(\"https:\/\/arteeluoghi.it\/wp-content\/plugins\/photo-gallery\/images\/blank.gif\") repeat scroll 0 0;  }  #bwg_container1_0 #bwg_container2_0 #spider_slideshow_left-ico_0,  #bwg_container1_0 #bwg_container2_0 #spider_slideshow_right-ico_0 {\t  background-color: #000000;\t  border-radius: 20px;\t  border: 0px none #FFFFFF;\t  box-shadow: 0px 0px 0px #000000;\t  color: #FFFFFF;\t  height: 40px;\t  font-size: 20px;\t  width: 40px;\t  opacity: 1.00;  }  #bwg_container1_0 #bwg_container2_0 #spider_slideshow_left-ico_0:hover,  #bwg_container1_0 #bwg_container2_0 #spider_slideshow_right-ico_0:hover {\t  color: #CCCCCC;  }      #spider_slideshow_left-ico_0{      left: -9999px;    }    #spider_slideshow_right-ico_0{      left: -9999px;    }      #bwg_container1_0 #bwg_container2_0 .bwg_slideshow_image_container_0 {\t  top: 90px;\t  width: 800px;\t  height: 500px;\t}\t#bwg_container1_0 #bwg_container2_0 .bwg_slideshow_filmstrip_container_0 {\t  display: table;\t  height: 90px;\t  width: 800px;\t  top: 0;  }  \/* Filmstrip dimension *\/  #bwg_container1_0 #bwg_container2_0 .bwg_slideshow_filmstrip_0 {\t  left: 20px;\t  width: 760px;\t  \/*z-index: 10106;*\/  }  #bwg_container1_0 #bwg_container2_0 .bwg_slideshow_filmstrip_thumbnails_0 {    left: 0px;    width: 978px;    height: 90px;  }  #bwg_container1_0 #bwg_container2_0 .bwg_slideshow_filmstrip_thumbnail_0 {    width: 161px;    height: 90px;    margin: 0 1px;    border: 1px solid #000000;    border-radius: 0;  }  #bwg_container1_0 #bwg_container2_0 .bwg_slideshow_thumb_active_0 {\t  border: 0px solid #FFFFFF;  }  #bwg_container1_0 #bwg_container2_0 .bwg_slideshow_thumb_deactive_0 {    opacity: 0.80;  }  #bwg_container1_0 #bwg_container2_0 .bwg_slideshow_filmstrip_left_0,  #bwg_container1_0 #bwg_container2_0 .bwg_slideshow_filmstrip_left_disabled_0 {\t  background-color: #3B3B3B;\t  display: table-cell;\t  width: 20px;\t  left: 0;\t  \t    }  #bwg_container1_0 #bwg_container2_0 .bwg_slideshow_filmstrip_right_0,  #bwg_container1_0 #bwg_container2_0 .bwg_slideshow_filmstrip_right_disabled_0 {\t  background-color: #3B3B3B;    display: table-cell;    right: 0;\t  width: 20px;\t  \t    }  #bwg_container1_0 #bwg_container2_0 .bwg_slideshow_filmstrip_left_0 i,  #bwg_container1_0 #bwg_container2_0 .bwg_slideshow_filmstrip_right_0 i,  #bwg_container1_0 #bwg_container2_0 .bwg_slideshow_filmstrip_left_disabled_0 i,  #bwg_container1_0 #bwg_container2_0 .bwg_slideshow_filmstrip_right_disabled_0 i {\t  color: #FFFFFF;\t  font-size: 20px;  }  #bwg_container1_0 #bwg_container2_0 .bwg_slideshow_filmstrip_left_0 {    display: none;  }  #bwg_container1_0 #bwg_container2_0 .bwg_slideshow_filmstrip_left_disabled_0,  #bwg_container1_0 #bwg_container2_0 .bwg_slideshow_filmstrip_right_disabled_0 {    display: none;    opacity: 0.3;  }  #bwg_container1_0 #bwg_container2_0 .bwg_slideshow_filmstrip_left_disabled_0 {    display: table-cell;  }  #bwg_container1_0 #bwg_container2_0 .bwg_slideshow_watermark_spun_0 {\t  text-align: left;\t  vertical-align: bottom;  }  #bwg_container1_0 #bwg_container2_0 .bwg_slideshow_title_spun_0 {\t  text-align: right;\t  vertical-align: top;  }  #bwg_container1_0 #bwg_container2_0 .bwg_slideshow_description_spun_0 {\t  text-align: right;\t  vertical-align: bottom;  }  #bwg_container1_0 #bwg_container2_0 .bwg_slideshow_watermark_image_0 {\t  max-height: 90px;\t  max-width: 90px;\t  opacity: 0.30;  }  #bwg_container1_0 #bwg_container2_0 .bwg_slideshow_watermark_text_0,  #bwg_container1_0 #bwg_container2_0 .bwg_slideshow_watermark_text_0:hover {\t  text-decoration: none;\t  margin: 4px;\t  position: relative;\t  z-index: 15;  }  #bwg_container1_0 #bwg_container2_0 .bwg_slideshow_title_text_0 {\t  font-size: 16px;\t  font-family: segoe ui;\t  color: #FFFFFF !important;\t  opacity: 0.70;    border-radius: 5px;\t  background-color: #000000;\t  padding: 0 0 0 0;\t  \t\tmargin: 5px;\t  \t    }  #bwg_container1_0 #bwg_container2_0 .bwg_slideshow_description_text_0 {\t  font-size: 14px;\t  font-family: segoe ui;\t  color: #FFFFFF !important;\t  opacity: 0.70;    border-radius: 0;\t  background-color: #000000;\t  padding: 5px 10px 5px 10px;\t    }  #bwg_container1_0 #bwg_container2_0 .bwg_slideshow_description_text_0 * {\ttext-decoration: none;\tcolor: #FFFFFF !important;  }  #bwg_container1_0 #bwg_container2_0 .bwg_slideshow_dots_0 {\t  width: 12px;\t  height: 12px;\t  border-radius: 5px;\t  background: #F2D22E;\t  margin: 3px;  }  #bwg_container1_0 #bwg_container2_0 .bwg_slideshow_dots_container_0 {\t  width: 800px;\t  top: 0;  }  #bwg_container1_0 #bwg_container2_0 .bwg_slideshow_dots_thumbnails_0 {\t  height: 18px;\t  width: 108px;  }  #bwg_container1_0 #bwg_container2_0 .bwg_slideshow_dots_active_0 {\t  background: #FFFFFF;\t  border: 1px solid #000000;  }  <\/style>    <div id=\"bwg_container1_0\"         class=\"bwg_container bwg_thumbnail bwg_slideshow \"         data-right-click-protection=\"0\"         data-bwg=\"0\"         data-scroll=\"0\"         data-gallery-type=\"slideshow\"         data-gallery-view-type=\"slideshow\"         data-current-url=\"\/index.php\/wp-json\/wp\/v2\/posts\/12467\"         data-lightbox-url=\"https:\/\/arteeluoghi.it\/wp-admin\/admin-ajax.php?action=GalleryBox&#038;current_view=0&#038;gallery_id=56&#038;tag=0&#038;theme_id=1&#038;shortcode_id=159&#038;sort_by=order&#038;order_by=asc&#038;current_url=%2Findex.php%2Fwp-json%2Fwp%2Fv2%2Fposts%2F12467\"         data-gallery-id=\"56\"         data-popup-width=\"800\"         data-popup-height=\"500\"         data-is-album=\"gallery\"         data-buttons-position=\"bottom\">      <div id=\"bwg_container2_0\">             <div id=\"ajax_loading_0\" class=\"bwg_loading_div_1\">      <div class=\"bwg_loading_div_2\">        <div class=\"bwg_loading_div_3\">          <div id=\"loading_div_0\" class=\"bwg_spider_ajax_loading\">          <\/div>        <\/div>      <\/div>    <\/div>            <form id=\"gal_front_form_0\"              class=\"bwg-hidden\"              method=\"post\"              action=\"#\"              data-current=\"0\"              data-shortcode-id=\"159\"              data-gallery-type=\"slideshow\"              data-gallery-id=\"56\"              data-tag=\"0\"              data-album-id=\"0\"              data-theme-id=\"1\"              data-ajax-url=\"https:\/\/arteeluoghi.it\/wp-admin\/admin-ajax.php?action=bwg_frontend_data\">          <div id=\"bwg_container3_0\" class=\"bwg-background bwg-background-0\">              <div class=\"bwg_slideshow_image_wrap_0 bwg-slideshow-images-wrapper bwg-container\"       data-bwg=\"0\"       data-lightbox-url=\"https:\/\/arteeluoghi.it\/wp-admin\/admin-ajax.php?action=GalleryBox&#038;current_view=0&#038;gallery_id=56&#038;tag=0&#038;theme_id=1&#038;shortcode_id=159&#038;sort_by=order&#038;order_by=asc&#038;current_url=%2Findex.php%2Fwp-json%2Fwp%2Fv2%2Fposts%2F12467\">          <div class=\"bwg_slideshow_filmstrip_container_0\">        <div class=\"bwg_slideshow_filmstrip_left_0\">          <i class=\"bwg-icon-angle-left\"><\/i>        <\/div>        <div class=\"bwg_slideshow_filmstrip_left_disabled_0\">          <i class=\"bwg-icon-angle-left\"><\/i>        <\/div>        <div class=\"bwg_slideshow_filmstrip_0 bwg_slideshow_filmstrip\">          <div class=\"bwg_slideshow_filmstrip_thumbnails_0\">                          <div id=\"bwg_filmstrip_thumbnail_0_0\"                class=\"bwg_slideshow_filmstrip_thumbnail_0 bwg_slideshow_thumb_active_0\"                data-style=\"width:161px; height:90px;\">                <img class=\"bwg_filmstrip_thumbnail_img bwg_slideshow_filmstrip_thumbnail_img_0\"                  style=\"width:161px; height:120.75px; margin-left: 0px; margin-top: -15.375px;\"                  data-style=\"width:161px; height:120.75px; margin-left: 0px; margin-top: -15.375px;\"                  src=\"https:\/\/arteeluoghi.it\/wp-content\/uploads\/photo-gallery\/BIIC_Biennale_dellIncisione_Italiana_Contemporanea__Domenico_Fratianni_XI_Edizione_foto_di_Francesco_Panzetti\/thumb\/BIIC-Biennale-dellIncisione-Italiana-Contemporanea-Domenico-Fratianni_-XI-Edizione_foto-di-Francesco-Panzetti.jpg?bwg=1674656142\"                  data-src=\"https:\/\/arteeluoghi.it\/wp-content\/uploads\/photo-gallery\/BIIC_Biennale_dellIncisione_Italiana_Contemporanea__Domenico_Fratianni_XI_Edizione_foto_di_Francesco_Panzetti\/thumb\/BIIC-Biennale-dellIncisione-Italiana-Contemporanea-Domenico-Fratianni_-XI-Edizione_foto-di-Francesco-Panzetti.jpg?bwg=1674656142\"                  onclick=\"bwg_change_image(parseInt(jQuery('#bwg_current_image_key_0').val()), '0', '', '', '0')\"                  image_id=\"786\"                  image_key=\"0\"                  alt=\"BIIC-Biennale-dellIncisione-Italiana-Contemporanea-Domenico-Fratianni -XI-Edizione foto-di-Francesco-Panzetti\"                  title=\"BIIC-Biennale-dellIncisione-Italiana-Contemporanea-Domenico-Fratianni -XI-Edizione foto-di-Francesco-Panzetti\" \/>              <\/div>                            <div id=\"bwg_filmstrip_thumbnail_1_0\"                class=\"bwg_slideshow_filmstrip_thumbnail_0 bwg_slideshow_thumb_deactive_0\"                data-style=\"width:161px; height:90px;\">                <img class=\"bwg_filmstrip_thumbnail_img bwg_slideshow_filmstrip_thumbnail_img_0\"                  style=\"width:161px; height:120.75px; margin-left: 0px; margin-top: -15.375px;\"                  data-style=\"width:161px; height:120.75px; margin-left: 0px; margin-top: -15.375px;\"                  src=\"https:\/\/arteeluoghi.it\/wp-content\/uploads\/photo-gallery\/BIIC_Biennale_dellIncisione_Italiana_Contemporanea__Domenico_Fratianni_XI_Edizione_foto_di_Francesco_Panzetti\/thumb\/BIIC-Biennale-dellIncisione-Italiana-Contemporanea-Domenico-Fratianni_-XI-Edizione_foto-di-Francesco-Panzetti_2.jpg?bwg=1674656142\"                  data-src=\"https:\/\/arteeluoghi.it\/wp-content\/uploads\/photo-gallery\/BIIC_Biennale_dellIncisione_Italiana_Contemporanea__Domenico_Fratianni_XI_Edizione_foto_di_Francesco_Panzetti\/thumb\/BIIC-Biennale-dellIncisione-Italiana-Contemporanea-Domenico-Fratianni_-XI-Edizione_foto-di-Francesco-Panzetti_2.jpg?bwg=1674656142\"                  onclick=\"bwg_change_image(parseInt(jQuery('#bwg_current_image_key_0').val()), '1', '', '', '0')\"                  image_id=\"787\"                  image_key=\"1\"                  alt=\"BIIC-Biennale-dellIncisione-Italiana-Contemporanea-Domenico-Fratianni -XI-Edizione foto-di-Francesco-Panzetti 2\"                  title=\"BIIC-Biennale-dellIncisione-Italiana-Contemporanea-Domenico-Fratianni -XI-Edizione foto-di-Francesco-Panzetti 2\" \/>              <\/div>                            <div id=\"bwg_filmstrip_thumbnail_2_0\"                class=\"bwg_slideshow_filmstrip_thumbnail_0 bwg_slideshow_thumb_deactive_0\"                data-style=\"width:161px; height:90px;\">                <img class=\"bwg_filmstrip_thumbnail_img bwg_slideshow_filmstrip_thumbnail_img_0\"                  style=\"width:161px; height:120.75px; margin-left: 0px; margin-top: -15.375px;\"                  data-style=\"width:161px; height:120.75px; margin-left: 0px; margin-top: -15.375px;\"                  src=\"https:\/\/arteeluoghi.it\/wp-content\/uploads\/photo-gallery\/BIIC_Biennale_dellIncisione_Italiana_Contemporanea__Domenico_Fratianni_XI_Edizione_foto_di_Francesco_Panzetti\/thumb\/BIIC-Biennale-dellIncisione-Italiana-Contemporanea-Domenico-Fratianni_-XI-Edizione_foto-di-Francesco-Panzetti_4.jpg?bwg=1674656142\"                  data-src=\"https:\/\/arteeluoghi.it\/wp-content\/uploads\/photo-gallery\/BIIC_Biennale_dellIncisione_Italiana_Contemporanea__Domenico_Fratianni_XI_Edizione_foto_di_Francesco_Panzetti\/thumb\/BIIC-Biennale-dellIncisione-Italiana-Contemporanea-Domenico-Fratianni_-XI-Edizione_foto-di-Francesco-Panzetti_4.jpg?bwg=1674656142\"                  onclick=\"bwg_change_image(parseInt(jQuery('#bwg_current_image_key_0').val()), '2', '', '', '0')\"                  image_id=\"788\"                  image_key=\"2\"                  alt=\"BIIC-Biennale-dellIncisione-Italiana-Contemporanea-Domenico-Fratianni -XI-Edizione foto-di-Francesco-Panzetti 4\"                  title=\"BIIC-Biennale-dellIncisione-Italiana-Contemporanea-Domenico-Fratianni -XI-Edizione foto-di-Francesco-Panzetti 4\" \/>              <\/div>                            <div id=\"bwg_filmstrip_thumbnail_3_0\"                class=\"bwg_slideshow_filmstrip_thumbnail_0 bwg_slideshow_thumb_deactive_0\"                data-style=\"width:161px; height:90px;\">                <img class=\"bwg_filmstrip_thumbnail_img bwg_slideshow_filmstrip_thumbnail_img_0\"                  style=\"width:161px; height:120.75px; margin-left: 0px; margin-top: -15.375px;\"                  data-style=\"width:161px; height:120.75px; margin-left: 0px; margin-top: -15.375px;\"                  src=\"https:\/\/arteeluoghi.it\/wp-content\/uploads\/photo-gallery\/BIIC_Biennale_dellIncisione_Italiana_Contemporanea__Domenico_Fratianni_XI_Edizione_foto_di_Francesco_Panzetti\/thumb\/BIIC-Biennale-dellIncisione-Italiana-Contemporanea-Domenico-Fratianni_-XI-Edizione_foto-di-Francesco-Panzetti_3.jpg?bwg=1674656142\"                  data-src=\"https:\/\/arteeluoghi.it\/wp-content\/uploads\/photo-gallery\/BIIC_Biennale_dellIncisione_Italiana_Contemporanea__Domenico_Fratianni_XI_Edizione_foto_di_Francesco_Panzetti\/thumb\/BIIC-Biennale-dellIncisione-Italiana-Contemporanea-Domenico-Fratianni_-XI-Edizione_foto-di-Francesco-Panzetti_3.jpg?bwg=1674656142\"                  onclick=\"bwg_change_image(parseInt(jQuery('#bwg_current_image_key_0').val()), '3', '', '', '0')\"                  image_id=\"789\"                  image_key=\"3\"                  alt=\"BIIC-Biennale-dellIncisione-Italiana-Contemporanea-Domenico-Fratianni -XI-Edizione foto-di-Francesco-Panzetti 3\"                  title=\"BIIC-Biennale-dellIncisione-Italiana-Contemporanea-Domenico-Fratianni -XI-Edizione foto-di-Francesco-Panzetti 3\" \/>              <\/div>                            <div id=\"bwg_filmstrip_thumbnail_4_0\"                class=\"bwg_slideshow_filmstrip_thumbnail_0 bwg_slideshow_thumb_deactive_0\"                data-style=\"width:161px; height:90px;\">                <img class=\"bwg_filmstrip_thumbnail_img bwg_slideshow_filmstrip_thumbnail_img_0\"                  style=\"width:161px; height:120.75px; margin-left: 0px; margin-top: -15.375px;\"                  data-style=\"width:161px; height:120.75px; margin-left: 0px; margin-top: -15.375px;\"                  src=\"https:\/\/arteeluoghi.it\/wp-content\/uploads\/photo-gallery\/BIIC_Biennale_dellIncisione_Italiana_Contemporanea__Domenico_Fratianni_XI_Edizione_foto_di_Francesco_Panzetti\/thumb\/BIIC-Biennale-dellIncisione-Italiana-Contemporanea-Domenico-Fratianni_-XI-Edizione_foto-di-Francesco-Panzetti_5.jpg?bwg=1674656142\"                  data-src=\"https:\/\/arteeluoghi.it\/wp-content\/uploads\/photo-gallery\/BIIC_Biennale_dellIncisione_Italiana_Contemporanea__Domenico_Fratianni_XI_Edizione_foto_di_Francesco_Panzetti\/thumb\/BIIC-Biennale-dellIncisione-Italiana-Contemporanea-Domenico-Fratianni_-XI-Edizione_foto-di-Francesco-Panzetti_5.jpg?bwg=1674656142\"                  onclick=\"bwg_change_image(parseInt(jQuery('#bwg_current_image_key_0').val()), '4', '', '', '0')\"                  image_id=\"790\"                  image_key=\"4\"                  alt=\"BIIC-Biennale-dellIncisione-Italiana-Contemporanea-Domenico-Fratianni -XI-Edizione foto-di-Francesco-Panzetti 5\"                  title=\"BIIC-Biennale-dellIncisione-Italiana-Contemporanea-Domenico-Fratianni -XI-Edizione foto-di-Francesco-Panzetti 5\" \/>              <\/div>                            <div id=\"bwg_filmstrip_thumbnail_5_0\"                class=\"bwg_slideshow_filmstrip_thumbnail_0 bwg_slideshow_thumb_deactive_0\"                data-style=\"width:161px; height:90px;\">                <img class=\"bwg_filmstrip_thumbnail_img bwg_slideshow_filmstrip_thumbnail_img_0\"                  style=\"width:161px; height:120.75px; margin-left: 0px; margin-top: -15.375px;\"                  data-style=\"width:161px; height:120.75px; margin-left: 0px; margin-top: -15.375px;\"                  src=\"https:\/\/arteeluoghi.it\/wp-content\/uploads\/photo-gallery\/BIIC_Biennale_dellIncisione_Italiana_Contemporanea__Domenico_Fratianni_XI_Edizione_foto_di_Francesco_Panzetti\/thumb\/BIIC-Biennale-dellIncisione-Italiana-Contemporanea-Domenico-Fratianni_-XI-Edizione_foto-di-Francesco-Panzetti_1.jpg?bwg=1674656142\"                  data-src=\"https:\/\/arteeluoghi.it\/wp-content\/uploads\/photo-gallery\/BIIC_Biennale_dellIncisione_Italiana_Contemporanea__Domenico_Fratianni_XI_Edizione_foto_di_Francesco_Panzetti\/thumb\/BIIC-Biennale-dellIncisione-Italiana-Contemporanea-Domenico-Fratianni_-XI-Edizione_foto-di-Francesco-Panzetti_1.jpg?bwg=1674656142\"                  onclick=\"bwg_change_image(parseInt(jQuery('#bwg_current_image_key_0').val()), '5', '', '', '0')\"                  image_id=\"791\"                  image_key=\"5\"                  alt=\"BIIC-Biennale-dellIncisione-Italiana-Contemporanea-Domenico-Fratianni -XI-Edizione foto-di-Francesco-Panzetti 1\"                  title=\"BIIC-Biennale-dellIncisione-Italiana-Contemporanea-Domenico-Fratianni -XI-Edizione foto-di-Francesco-Panzetti 1\" \/>              <\/div>                        <\/div>        <\/div>        <div class=\"bwg_slideshow_filmstrip_right_0\">          <i class=\"bwg-icon-angle-right\"><\/i>        <\/div>        <div class=\"bwg_slideshow_filmstrip_right_disabled_0\">          <i class=\"bwg-icon-angle-right\"><\/i>        <\/div>      <\/div>          <div id=\"bwg_slideshow_image_container_0\"         class=\"bwg_slideshow_image_container_0\"         data-params='{&quot;bwg_source&quot;:&quot;slider&quot;,&quot;bwg_current_key&quot;:&quot;&quot;,&quot;bwg_transition_duration&quot;:100,&quot;bwg_trans_in_progress&quot;:false,&quot;data&quot;:[{&quot;id&quot;:&quot;786&quot;,&quot;alt&quot;:&quot;BIIC-Biennale-dellIncisione-Italiana-Contemporanea-Domenico-Fratianni -XI-Edizione foto-di-Francesco-Panzetti&quot;,&quot;description&quot;:&quot; &amp;lt;br \\\/&amp;gt;&quot;,&quot;filetype&quot;:&quot;jpg&quot;,&quot;filename&quot;:&quot;BIIC-Biennale-dellIncisione-Italiana-Contemporanea-Domenico-Fratianni_-XI-Edizione_foto-di-Francesco-Panzetti&quot;,&quot;image_url&quot;:&quot;\\\/BIIC_Biennale_dellIncisione_Italiana_Contemporanea__Domenico_Fratianni_XI_Edizione_foto_di_Francesco_Panzetti\\\/BIIC-Biennale-dellIncisione-Italiana-Contemporanea-Domenico-Fratianni_-XI-Edizione_foto-di-Francesco-Panzetti.jpg?bwg=1674656142&quot;,&quot;thumb_url&quot;:&quot;\\\/BIIC_Biennale_dellIncisione_Italiana_Contemporanea__Domenico_Fratianni_XI_Edizione_foto_di_Francesco_Panzetti\\\/thumb\\\/BIIC-Biennale-dellIncisione-Italiana-Contemporanea-Domenico-Fratianni_-XI-Edizione_foto-di-Francesco-Panzetti.jpg?bwg=1674656142&quot;,&quot;redirect_url&quot;:&quot;&quot;,&quot;date&quot;:&quot;2023-01-25 14:15:13&quot;,&quot;is_embed&quot;:false,&quot;is_embed_video&quot;:false,&quot;thumb_width&quot;:&quot;500.00&quot;,&quot;thumb_height&quot;:&quot;375.00&quot;},{&quot;id&quot;:&quot;787&quot;,&quot;alt&quot;:&quot;BIIC-Biennale-dellIncisione-Italiana-Contemporanea-Domenico-Fratianni -XI-Edizione foto-di-Francesco-Panzetti 2&quot;,&quot;description&quot;:&quot; &amp;lt;br \\\/&amp;gt;&quot;,&quot;filetype&quot;:&quot;jpg&quot;,&quot;filename&quot;:&quot;BIIC-Biennale-dellIncisione-Italiana-Contemporanea-Domenico-Fratianni_-XI-Edizione_foto-di-Francesco-Panzetti_2&quot;,&quot;image_url&quot;:&quot;\\\/BIIC_Biennale_dellIncisione_Italiana_Contemporanea__Domenico_Fratianni_XI_Edizione_foto_di_Francesco_Panzetti\\\/BIIC-Biennale-dellIncisione-Italiana-Contemporanea-Domenico-Fratianni_-XI-Edizione_foto-di-Francesco-Panzetti_2.jpg?bwg=1674656142&quot;,&quot;thumb_url&quot;:&quot;\\\/BIIC_Biennale_dellIncisione_Italiana_Contemporanea__Domenico_Fratianni_XI_Edizione_foto_di_Francesco_Panzetti\\\/thumb\\\/BIIC-Biennale-dellIncisione-Italiana-Contemporanea-Domenico-Fratianni_-XI-Edizione_foto-di-Francesco-Panzetti_2.jpg?bwg=1674656142&quot;,&quot;redirect_url&quot;:&quot;&quot;,&quot;date&quot;:&quot;2023-01-25 14:15:12&quot;,&quot;is_embed&quot;:false,&quot;is_embed_video&quot;:false,&quot;thumb_width&quot;:&quot;500.00&quot;,&quot;thumb_height&quot;:&quot;375.00&quot;},{&quot;id&quot;:&quot;788&quot;,&quot;alt&quot;:&quot;BIIC-Biennale-dellIncisione-Italiana-Contemporanea-Domenico-Fratianni -XI-Edizione foto-di-Francesco-Panzetti 4&quot;,&quot;description&quot;:&quot; &amp;lt;br \\\/&amp;gt;&quot;,&quot;filetype&quot;:&quot;jpg&quot;,&quot;filename&quot;:&quot;BIIC-Biennale-dellIncisione-Italiana-Contemporanea-Domenico-Fratianni_-XI-Edizione_foto-di-Francesco-Panzetti_4&quot;,&quot;image_url&quot;:&quot;\\\/BIIC_Biennale_dellIncisione_Italiana_Contemporanea__Domenico_Fratianni_XI_Edizione_foto_di_Francesco_Panzetti\\\/BIIC-Biennale-dellIncisione-Italiana-Contemporanea-Domenico-Fratianni_-XI-Edizione_foto-di-Francesco-Panzetti_4.jpg?bwg=1674656142&quot;,&quot;thumb_url&quot;:&quot;\\\/BIIC_Biennale_dellIncisione_Italiana_Contemporanea__Domenico_Fratianni_XI_Edizione_foto_di_Francesco_Panzetti\\\/thumb\\\/BIIC-Biennale-dellIncisione-Italiana-Contemporanea-Domenico-Fratianni_-XI-Edizione_foto-di-Francesco-Panzetti_4.jpg?bwg=1674656142&quot;,&quot;redirect_url&quot;:&quot;&quot;,&quot;date&quot;:&quot;2023-01-25 14:15:10&quot;,&quot;is_embed&quot;:false,&quot;is_embed_video&quot;:false,&quot;thumb_width&quot;:&quot;500.00&quot;,&quot;thumb_height&quot;:&quot;375.00&quot;},{&quot;id&quot;:&quot;789&quot;,&quot;alt&quot;:&quot;BIIC-Biennale-dellIncisione-Italiana-Contemporanea-Domenico-Fratianni -XI-Edizione foto-di-Francesco-Panzetti 3&quot;,&quot;description&quot;:&quot; &quot;,&quot;filetype&quot;:&quot;jpg&quot;,&quot;filename&quot;:&quot;BIIC-Biennale-dellIncisione-Italiana-Contemporanea-Domenico-Fratianni_-XI-Edizione_foto-di-Francesco-Panzetti_3&quot;,&quot;image_url&quot;:&quot;\\\/BIIC_Biennale_dellIncisione_Italiana_Contemporanea__Domenico_Fratianni_XI_Edizione_foto_di_Francesco_Panzetti\\\/BIIC-Biennale-dellIncisione-Italiana-Contemporanea-Domenico-Fratianni_-XI-Edizione_foto-di-Francesco-Panzetti_3.jpg?bwg=1674656142&quot;,&quot;thumb_url&quot;:&quot;\\\/BIIC_Biennale_dellIncisione_Italiana_Contemporanea__Domenico_Fratianni_XI_Edizione_foto_di_Francesco_Panzetti\\\/thumb\\\/BIIC-Biennale-dellIncisione-Italiana-Contemporanea-Domenico-Fratianni_-XI-Edizione_foto-di-Francesco-Panzetti_3.jpg?bwg=1674656142&quot;,&quot;redirect_url&quot;:&quot;&quot;,&quot;date&quot;:&quot;2023-01-25 14:15:08&quot;,&quot;is_embed&quot;:false,&quot;is_embed_video&quot;:false,&quot;thumb_width&quot;:&quot;500.00&quot;,&quot;thumb_height&quot;:&quot;375.00&quot;},{&quot;id&quot;:&quot;790&quot;,&quot;alt&quot;:&quot;BIIC-Biennale-dellIncisione-Italiana-Contemporanea-Domenico-Fratianni -XI-Edizione foto-di-Francesco-Panzetti 5&quot;,&quot;description&quot;:&quot; &amp;lt;br \\\/&amp;gt;&quot;,&quot;filetype&quot;:&quot;jpg&quot;,&quot;filename&quot;:&quot;BIIC-Biennale-dellIncisione-Italiana-Contemporanea-Domenico-Fratianni_-XI-Edizione_foto-di-Francesco-Panzetti_5&quot;,&quot;image_url&quot;:&quot;\\\/BIIC_Biennale_dellIncisione_Italiana_Contemporanea__Domenico_Fratianni_XI_Edizione_foto_di_Francesco_Panzetti\\\/BIIC-Biennale-dellIncisione-Italiana-Contemporanea-Domenico-Fratianni_-XI-Edizione_foto-di-Francesco-Panzetti_5.jpg?bwg=1674656142&quot;,&quot;thumb_url&quot;:&quot;\\\/BIIC_Biennale_dellIncisione_Italiana_Contemporanea__Domenico_Fratianni_XI_Edizione_foto_di_Francesco_Panzetti\\\/thumb\\\/BIIC-Biennale-dellIncisione-Italiana-Contemporanea-Domenico-Fratianni_-XI-Edizione_foto-di-Francesco-Panzetti_5.jpg?bwg=1674656142&quot;,&quot;redirect_url&quot;:&quot;&quot;,&quot;date&quot;:&quot;2023-01-25 14:15:08&quot;,&quot;is_embed&quot;:false,&quot;is_embed_video&quot;:false,&quot;thumb_width&quot;:&quot;500.00&quot;,&quot;thumb_height&quot;:&quot;375.00&quot;},{&quot;id&quot;:&quot;791&quot;,&quot;alt&quot;:&quot;BIIC-Biennale-dellIncisione-Italiana-Contemporanea-Domenico-Fratianni -XI-Edizione foto-di-Francesco-Panzetti 1&quot;,&quot;description&quot;:&quot; &amp;lt;br \\\/&amp;gt;&quot;,&quot;filetype&quot;:&quot;jpg&quot;,&quot;filename&quot;:&quot;BIIC-Biennale-dellIncisione-Italiana-Contemporanea-Domenico-Fratianni_-XI-Edizione_foto-di-Francesco-Panzetti_1&quot;,&quot;image_url&quot;:&quot;\\\/BIIC_Biennale_dellIncisione_Italiana_Contemporanea__Domenico_Fratianni_XI_Edizione_foto_di_Francesco_Panzetti\\\/BIIC-Biennale-dellIncisione-Italiana-Contemporanea-Domenico-Fratianni_-XI-Edizione_foto-di-Francesco-Panzetti_1.jpg?bwg=1674656142&quot;,&quot;thumb_url&quot;:&quot;\\\/BIIC_Biennale_dellIncisione_Italiana_Contemporanea__Domenico_Fratianni_XI_Edizione_foto_di_Francesco_Panzetti\\\/thumb\\\/BIIC-Biennale-dellIncisione-Italiana-Contemporanea-Domenico-Fratianni_-XI-Edizione_foto-di-Francesco-Panzetti_1.jpg?bwg=1674656142&quot;,&quot;redirect_url&quot;:&quot;&quot;,&quot;date&quot;:&quot;2023-01-25 14:15:06&quot;,&quot;is_embed&quot;:false,&quot;is_embed_video&quot;:false,&quot;thumb_width&quot;:&quot;500.00&quot;,&quot;thumb_height&quot;:&quot;375.00&quot;}],&quot;width_or_height&quot;:&quot;width&quot;,&quot;filmstrip_thumb_margin_hor&quot;:2,&quot;left_or_top&quot;:&quot;left&quot;,&quot;outerWidth_or_outerHeight&quot;:&quot;outerWidth&quot;,&quot;enable_slideshow_shuffle&quot;:&quot;0&quot;,&quot;lightbox_filmstrip_thumb_border_width&quot;:&quot;1&quot;,&quot;thumb_click_action&quot;:&quot;open_lightbox&quot;,&quot;thumb_link_target&quot;:&quot;1&quot;,&quot;upload_url&quot;:&quot;https:\\\/\\\/arteeluoghi.it\\\/wp-content\\\/uploads\\\/photo-gallery&quot;,&quot;preload_images&quot;:&quot;1&quot;,&quot;slideshow_effect&quot;:&quot;fade&quot;,&quot;event_stack&quot;:&quot;&quot;,&quot;preload_images_count&quot;:10,&quot;image_width&quot;:&quot;800&quot;,&quot;image_height&quot;:&quot;500&quot;,&quot;thumb_width&quot;:&quot;250&quot;,&quot;thumb_height&quot;:&quot;140&quot;,&quot;filmstrip_direction&quot;:&quot;horizontal&quot;,&quot;slideshow_filmstrip_type&quot;:1,&quot;slideshow_thumbnails_count&quot;:5,&quot;slideshow_filmstrip_width&quot;:161,&quot;slideshow_filmstrip_height&quot;:&quot;90&quot;,&quot;slideshow_filmstrip_rl_btn_size&quot;:&quot;20&quot;,&quot;slideshow_play_pause_btn_size&quot;:&quot;60&quot;,&quot;watermark_type&quot;:&quot;90&quot;,&quot;watermark_height&quot;:&quot;90&quot;,&quot;watermark_font_size&quot;:&quot;20&quot;,&quot;slideshow_title_font_size&quot;:&quot;16&quot;,&quot;slideshow_description_font_size&quot;:&quot;14&quot;,&quot;bwg_playInterval&quot;:&quot;&quot;,&quot;slideshow_interval&quot;:5,&quot;image_right_click&quot;:&quot;0&quot;,&quot;enable_slideshow_autoplay&quot;:&quot;0&quot;,&quot;enable_slideshow_music&quot;:&quot;0&quot;,&quot;bwg_current_filmstrip_pos&quot;:0}'         data-filmstrip-position=\"top\"         data-filmstrip-size=\"90\">      <div class=\"bwg_slide_container_0\">        <div class=\"bwg_slide_bg_0\">          <div class=\"bwg_slider_0\">                            <span class=\"bwg_slideshow_image_spun_0\" id=\"image_id_0_786\">                    <span class=\"bwg_slideshow_image_spun1_0\">                      <span class=\"bwg_slideshow_image_spun2_0\">                                                  <a  class=\"bwg-a bwg_lightbox\" href=\"https:\/\/arteeluoghi.it\/wp-content\/uploads\/photo-gallery\/BIIC_Biennale_dellIncisione_Italiana_Contemporanea__Domenico_Fratianni_XI_Edizione_foto_di_Francesco_Panzetti\/BIIC-Biennale-dellIncisione-Italiana-Contemporanea-Domenico-Fratianni_-XI-Edizione_foto-di-Francesco-Panzetti.jpg?bwg=1674656142\" data-image-id=\"786\" data-elementor-open-lightbox=\"no\">                          <img id=\"bwg_slideshow_image_0\"                               class=\"skip-lazy bwg_slide bwg_slideshow_image_0 \"                               src=\"https:\/\/arteeluoghi.it\/wp-content\/uploads\/photo-gallery\/BIIC_Biennale_dellIncisione_Italiana_Contemporanea__Domenico_Fratianni_XI_Edizione_foto_di_Francesco_Panzetti\/BIIC-Biennale-dellIncisione-Italiana-Contemporanea-Domenico-Fratianni_-XI-Edizione_foto-di-Francesco-Panzetti.jpg?bwg=1674656142\"                               data-src=\"https:\/\/arteeluoghi.it\/wp-content\/uploads\/photo-gallery\/BIIC_Biennale_dellIncisione_Italiana_Contemporanea__Domenico_Fratianni_XI_Edizione_foto_di_Francesco_Panzetti\/BIIC-Biennale-dellIncisione-Italiana-Contemporanea-Domenico-Fratianni_-XI-Edizione_foto-di-Francesco-Panzetti.jpg?bwg=1674656142\"                               image_id=\"786\"                               alt=\"BIIC-Biennale-dellIncisione-Italiana-Contemporanea-Domenico-Fratianni -XI-Edizione foto-di-Francesco-Panzetti\" \/>                          <\/a>                                                <\/span>                    <\/span>                  <\/span>                <span class=\"bwg_slideshow_image_second_spun_0\">                  <\/span>                <input type=\"hidden\" id=\"bwg_current_image_key_0\" value=\"0\" \/>                          <\/div>        <\/div>      <\/div>              <a class=\"bwg-a\" id=\"spider_slideshow_left_0\" onclick=\"bwg_change_image(parseInt(jQuery('#bwg_current_image_key_0').val()), (parseInt(jQuery('#bwg_current_image_key_0').val()) + 6 - bwg_iterator(0)) % 6, '', '', 0); return false;\"><span id=\"spider_slideshow_left-ico_0\"><span><i class=\"bwg-icon-chevron-left bwg_slideshow_prev_btn_0\"><\/i><\/span><\/span><\/a>        <span id=\"bwg_slideshow_play_pause_0\" class=\"bwg_slideshow_play_pause\" style=\"display: ;\"><span><span id=\"bwg_slideshow_play_pause-ico_0\"><i class=\"bwg-icon-play bwg_ctrl_btn_0 bwg_slideshow_play_pause_0\"><\/i><\/span><\/span><\/span>        <a class=\"bwg-a\" id=\"spider_slideshow_right_0\" onclick=\"bwg_change_image(parseInt(jQuery('#bwg_current_image_key_0').val()), (parseInt(jQuery('#bwg_current_image_key_0').val()) + bwg_iterator(0)) % 6, '', '', 0); return false;\"><span id=\"spider_slideshow_right-ico_0\"><span><i class=\"bwg-icon-chevron-right bwg_slideshow_next_btn_0\"><\/i><\/span><\/span><\/a>            <\/div>      <\/div>            <\/div>        <\/form>        <style>          #bwg_container1_0 #bwg_container2_0 #spider_popup_overlay_0 {          background-color: #000000;          opacity: 0.70;          }          <\/style>        <div id=\"bwg_spider_popup_loading_0\" class=\"bwg_spider_popup_loading\"><\/div>        <div id=\"spider_popup_overlay_0\" class=\"spider_popup_overlay\" onclick=\"spider_destroypopup(1000)\"><\/div>        <input type=\"hidden\" id=\"bwg_random_seed_0\" value=\"1363907529\">                <\/div>    <\/div>    <script>      if (document.readyState === 'complete') {        if( typeof bwg_main_ready == 'function' ) {          if ( jQuery(\"#bwg_container1_0\").height() ) {            bwg_main_ready(jQuery(\"#bwg_container1_0\"));          }        }      } else {        document.addEventListener('DOMContentLoaded', function() {          if( typeof bwg_main_ready == 'function' ) {            if ( jQuery(\"#bwg_container1_0\").height() ) {             bwg_main_ready(jQuery(\"#bwg_container1_0\"));            }          }        });      }    <\/script>    \n\n\n\n<p><br>Tra le novit\u00e0 il cartellone B-Side che comprende una serie di eventi a carattere divulgativo e poetico nel segno dell&#8217;incisione perch\u00e9 l&#8217;incisione si deve guardare ma se ne deve anche parlare. Ogni anno dunque si affronter\u00e0 un tema diverso, il focus di questa edizione \u00e8 &#8220;lasciare il segno&#8221; e sar\u00e0 declinato grazie ai linguaggi artistici degli ospiti invitati il Duo Fugata il percussionista Antonino Talamo, la poesia incisa di Miorandi e Bonifanti, lo scrittore Erri De Luca, a giocosa divulgazione di Giovanni Mucciaccia, per il mese di febbraio da non perdere gli appuntamenti con Loretta Secchi storica dell\u2019arte e curatrice del Museo Tattile \u201cAnteros\u201d di Bologna (4 febbraio) e con il giornalista ed esperto di vinili Maurizio Oriunno (11 febbraio) e il suo excursus tra \u201ccent\u2019anni di solchi e incisioni che hanno influenzato la nostra vita\u201d.<br>Con B-side l&#8217;Associazione Domenico Fratianni vuole creare una infrastruttura culturale a supporto della citt\u00e0 di Campobasso e del Molise, di cui facciano parte pubbliche istituzioni locali, realt\u00e0 del terzo settore, scuole, imprese, famiglie e media. Attraverso B-side l&#8217;incisione si confronta con le altre arti, dalla fotografia al fumetto e dalla musica al teatro e alla letteratura, per contaminare i linguaggi e favorire la crescita culturale di artisti, intellettuali e pi\u00f9 importante ancora, del pubblico.<br>Altra novit\u00e0 nata dall\u2019Associazione Domenico Fratianni e in linea con il Manifesto della Biennale del Maestro Fratianni, e\u0300 l&#8217;inaugurazione di uno spazio didattico: la Bottega BIIC, un laboratorio di sperimentazione giocosa sulle arti incisorie dedicato a bambini e adulti nella cui suggestiva atmosfera, che rievoca una bottega da incisore del Settecento, sono a disposizione diverse attivit\u00e0\u0300 ludiche che educano all\u2019osservazione, alla lettura e alla comprensione delle opere d\u2019arte in esposizione. La Bottega BIIC e\u0300 stata progettata secondo criteri scientifici che garantiscono inclusivit\u00e0 anche per soggetti con disabilit\u00e0 cognitive ed alcune delle attivit\u00e0 sono fruibili anche da non vedenti e non udenti. La Bottega BIIC e\u0300 completamente gratuita per tutti.<br>Due parole sulla sede degli eventi, Palazzo Gil. Inaugurato nel 1939 come sede delle attivit\u00e0 della Giovent\u00f9 del Littorio,il Palazzo ha sempre assolto a funzioni di carattere pubblico di notevole rilevanza sino al 1975, quando le competenze di questo edificio furono trasferite dallo Stato alla Regione Molise. Nel settembre 1989 l\u2019edificio viene riconosciuto di interesse storico artistico e sottoposto a vincolo della Soprintendenza ma il MInistero dei Beni culturali e ambientali lo revoca su richiesta della Regione Molise che intendeva demolire la struttura. Dopo alterne vicende, e un periodo di incuria e abbandono e l\u2019abbattimento dei due corpi laterali, l\u2019edificio solo nel 2003 fu messo in sicurezza e nel 2005 la Regione Molise pubblic\u00f2 il bando per restaurare e recuperare un\u2019architettura \u201csegno e testimonianza\u201d di un periodo storico. Oggi l\u2019edificio ha uno spazio espositivo, 1300 metri quadri, organizzato con la massima flessibilit\u00e0, e un auditorium (258 posti), una sala progettata con il massimo rispetto della struttura disegnata negli anni \u201830 dall\u2019architetto Filippone.<br>BIIC: Biennale dell&#8217;Incisione Italiana Contemporanea \u201c Domenico Fratianni\u201d XI Edizione<br>Omaggio a Carlo Carr\u00e0<br>acqueforti e litografie<br>Palazzo Gil<br>Campobasso<br>fino al 26 febbraio 2023<\/p>\n","protected":false},"excerpt":{"rendered":"<p>Fino al 26 febbraio in mostra a Palazzo GIL tutte le opere della XI edizione della Biennale dell\u2019incisione italiana contemporanea<\/p>\n","protected":false},"author":1,"featured_media":12472,"comment_status":"open","ping_status":"open","sticky":true,"template":"","format":"standard","meta":[],"categories":[27,3],"tags":[4838,4840,4839,4836,1071,4841,2211,2151,4837],"yoast_head":"<!-- This site is optimized with the Yoast SEO plugin v18.0 - https:\/\/yoast.com\/wordpress\/plugins\/seo\/ -->\n<title>Lasciare il segno. BIIC, omaggio a Carlo Carr\u00e0 | Arte e Luoghi<\/title>\n<meta name=\"description\" content=\"Fino al 26 febbraio in mostra a Palazzo GIL tutte le opere della XI edizione della Biennale dell\u2019incisione italiana contemporanea\" \/>\n<meta name=\"robots\" content=\"index, follow, max-snippet:-1, max-image-preview:large, max-video-preview:-1\" \/>\n<link rel=\"canonical\" href=\"https:\/\/arteeluoghi.it\/index.php\/2023\/02\/01\/lasciare-il-segno-biic-omaggio-a-carlo-carra\/\" \/>\n<meta property=\"og:locale\" content=\"it_IT\" \/>\n<meta property=\"og:type\" content=\"article\" \/>\n<meta property=\"og:title\" content=\"Lasciare il segno. BIIC, omaggio a Carlo Carr\u00e0 | Arte e Luoghi\" \/>\n<meta property=\"og:description\" content=\"Fino al 26 febbraio in mostra a Palazzo GIL tutte le opere della XI edizione della Biennale dell\u2019incisione italiana contemporanea\" \/>\n<meta property=\"og:url\" content=\"https:\/\/arteeluoghi.it\/index.php\/2023\/02\/01\/lasciare-il-segno-biic-omaggio-a-carlo-carra\/\" \/>\n<meta property=\"og:site_name\" content=\"Arte e Luoghi\" \/>\n<meta property=\"article:publisher\" content=\"https:\/\/www.facebook.com\/ArteELuoghi\/\" \/>\n<meta property=\"article:published_time\" content=\"2023-02-01T13:58:00+00:00\" \/>\n<meta property=\"article:modified_time\" content=\"2023-01-25T16:10:59+00:00\" \/>\n<meta property=\"og:image\" content=\"https:\/\/arteeluoghi.it\/wp-content\/uploads\/2023\/02\/BIIC-Biennale-dellIncisione-Italiana-Contemporanea-Domenico-Fratianni_-XI-Edizione_foto-di-Francesco-Panzetti.jpg\" \/>\n\t<meta property=\"og:image:width\" content=\"1417\" \/>\n\t<meta property=\"og:image:height\" content=\"1063\" \/>\n\t<meta property=\"og:image:type\" content=\"image\/jpeg\" \/>\n<meta name=\"twitter:card\" content=\"summary\" \/>\n<meta name=\"twitter:creator\" content=\"@arteeluoghi\" \/>\n<meta name=\"twitter:site\" content=\"@arteeluoghi\" \/>\n<meta name=\"twitter:label1\" content=\"Scritto da\" \/>\n\t<meta name=\"twitter:data1\" content=\"Staff\" \/>\n\t<meta name=\"twitter:label2\" content=\"Tempo di lettura stimato\" \/>\n\t<meta name=\"twitter:data2\" content=\"5 minuti\" \/>\n<script type=\"application\/ld+json\" class=\"yoast-schema-graph\">{\"@context\":\"https:\/\/schema.org\",\"@graph\":[{\"@type\":\"Organization\",\"@id\":\"https:\/\/arteeluoghi.it\/#organization\",\"name\":\"Arte e Luoghi\",\"url\":\"https:\/\/arteeluoghi.it\/\",\"sameAs\":[\"https:\/\/www.facebook.com\/ArteELuoghi\/\",\"https:\/\/www.instagram.com\/arteeluoghi\/?hl=it\",\"https:\/\/www.youtube.com\/channel\/UCuRVc4JW4-C5sg9rQB-srkw?view_as=subscriber\",\"https:\/\/twitter.com\/arteeluoghi\"],\"logo\":{\"@type\":\"ImageObject\",\"@id\":\"https:\/\/arteeluoghi.it\/#logo\",\"inLanguage\":\"it-IT\",\"url\":\"https:\/\/arteeluoghi.it\/wp-content\/uploads\/2018\/08\/logoinstagramarte.jpg\",\"contentUrl\":\"https:\/\/arteeluoghi.it\/wp-content\/uploads\/2018\/08\/logoinstagramarte.jpg\",\"width\":150,\"height\":150,\"caption\":\"Arte e Luoghi\"},\"image\":{\"@id\":\"https:\/\/arteeluoghi.it\/#logo\"}},{\"@type\":\"WebSite\",\"@id\":\"https:\/\/arteeluoghi.it\/#website\",\"url\":\"https:\/\/arteeluoghi.it\/\",\"name\":\"Arte e Luoghi\",\"description\":\"Mensile di arte, cultura, turismo e curiosit\u00e0\",\"publisher\":{\"@id\":\"https:\/\/arteeluoghi.it\/#organization\"},\"potentialAction\":[{\"@type\":\"SearchAction\",\"target\":{\"@type\":\"EntryPoint\",\"urlTemplate\":\"https:\/\/arteeluoghi.it\/?s={search_term_string}\"},\"query-input\":\"required name=search_term_string\"}],\"inLanguage\":\"it-IT\"},{\"@type\":\"ImageObject\",\"@id\":\"https:\/\/arteeluoghi.it\/index.php\/2023\/02\/01\/lasciare-il-segno-biic-omaggio-a-carlo-carra\/#primaryimage\",\"inLanguage\":\"it-IT\",\"url\":\"https:\/\/arteeluoghi.it\/wp-content\/uploads\/2023\/02\/BIIC-Biennale-dellIncisione-Italiana-Contemporanea-Domenico-Fratianni_-XI-Edizione_foto-di-Francesco-Panzetti.jpg\",\"contentUrl\":\"https:\/\/arteeluoghi.it\/wp-content\/uploads\/2023\/02\/BIIC-Biennale-dellIncisione-Italiana-Contemporanea-Domenico-Fratianni_-XI-Edizione_foto-di-Francesco-Panzetti.jpg\",\"width\":1417,\"height\":1063},{\"@type\":\"WebPage\",\"@id\":\"https:\/\/arteeluoghi.it\/index.php\/2023\/02\/01\/lasciare-il-segno-biic-omaggio-a-carlo-carra\/#webpage\",\"url\":\"https:\/\/arteeluoghi.it\/index.php\/2023\/02\/01\/lasciare-il-segno-biic-omaggio-a-carlo-carra\/\",\"name\":\"Lasciare il segno. BIIC, omaggio a Carlo Carr\u00e0 | Arte e Luoghi\",\"isPartOf\":{\"@id\":\"https:\/\/arteeluoghi.it\/#website\"},\"primaryImageOfPage\":{\"@id\":\"https:\/\/arteeluoghi.it\/index.php\/2023\/02\/01\/lasciare-il-segno-biic-omaggio-a-carlo-carra\/#primaryimage\"},\"datePublished\":\"2023-02-01T13:58:00+00:00\",\"dateModified\":\"2023-01-25T16:10:59+00:00\",\"description\":\"Fino al 26 febbraio in mostra a Palazzo GIL tutte le opere della XI edizione della Biennale dell\u2019incisione italiana contemporanea\",\"breadcrumb\":{\"@id\":\"https:\/\/arteeluoghi.it\/index.php\/2023\/02\/01\/lasciare-il-segno-biic-omaggio-a-carlo-carra\/#breadcrumb\"},\"inLanguage\":\"it-IT\",\"potentialAction\":[{\"@type\":\"ReadAction\",\"target\":[\"https:\/\/arteeluoghi.it\/index.php\/2023\/02\/01\/lasciare-il-segno-biic-omaggio-a-carlo-carra\/\"]}]},{\"@type\":\"BreadcrumbList\",\"@id\":\"https:\/\/arteeluoghi.it\/index.php\/2023\/02\/01\/lasciare-il-segno-biic-omaggio-a-carlo-carra\/#breadcrumb\",\"itemListElement\":[{\"@type\":\"ListItem\",\"position\":1,\"name\":\"Home\",\"item\":\"https:\/\/arteeluoghi.it\/\"},{\"@type\":\"ListItem\",\"position\":2,\"name\":\"Lasciare il segno. BIIC, omaggio a Carlo Carr\u00e0\"}]},{\"@type\":\"Article\",\"@id\":\"https:\/\/arteeluoghi.it\/index.php\/2023\/02\/01\/lasciare-il-segno-biic-omaggio-a-carlo-carra\/#article\",\"isPartOf\":{\"@id\":\"https:\/\/arteeluoghi.it\/index.php\/2023\/02\/01\/lasciare-il-segno-biic-omaggio-a-carlo-carra\/#webpage\"},\"author\":{\"@id\":\"https:\/\/arteeluoghi.it\/#\/schema\/person\/f84e814e36e91e01448ee07eaadd41d4\"},\"headline\":\"Lasciare il segno. BIIC, omaggio a Carlo Carr\u00e0\",\"datePublished\":\"2023-02-01T13:58:00+00:00\",\"dateModified\":\"2023-01-25T16:10:59+00:00\",\"mainEntityOfPage\":{\"@id\":\"https:\/\/arteeluoghi.it\/index.php\/2023\/02\/01\/lasciare-il-segno-biic-omaggio-a-carlo-carra\/#webpage\"},\"wordCount\":913,\"commentCount\":0,\"publisher\":{\"@id\":\"https:\/\/arteeluoghi.it\/#organization\"},\"image\":{\"@id\":\"https:\/\/arteeluoghi.it\/index.php\/2023\/02\/01\/lasciare-il-segno-biic-omaggio-a-carlo-carra\/#primaryimage\"},\"thumbnailUrl\":\"https:\/\/arteeluoghi.it\/wp-content\/uploads\/2023\/02\/BIIC-Biennale-dellIncisione-Italiana-Contemporanea-Domenico-Fratianni_-XI-Edizione_foto-di-Francesco-Panzetti.jpg\",\"keywords\":[\"Associazione Domenico Fratianni\",\"Biennale dell\u2019Incisione Italiana Contemporanea di Campobasso\",\"BIIC\",\"Campobasso\",\"Carlo Carr\u00e0\",\"Fondo Carr\u00e0. Carlo Carr\u00e0\",\"incisione\",\"Molise\",\"Palazzo GIL\"],\"articleSection\":[\"Arte\",\"Arti visive\"],\"inLanguage\":\"it-IT\",\"potentialAction\":[{\"@type\":\"CommentAction\",\"name\":\"Comment\",\"target\":[\"https:\/\/arteeluoghi.it\/index.php\/2023\/02\/01\/lasciare-il-segno-biic-omaggio-a-carlo-carra\/#respond\"]}]},{\"@type\":\"Person\",\"@id\":\"https:\/\/arteeluoghi.it\/#\/schema\/person\/f84e814e36e91e01448ee07eaadd41d4\",\"name\":\"Staff\",\"image\":{\"@type\":\"ImageObject\",\"@id\":\"https:\/\/arteeluoghi.it\/#personlogo\",\"inLanguage\":\"it-IT\",\"url\":\"https:\/\/secure.gravatar.com\/avatar\/49d2f9e46271bb04e19cebfaf141313a?s=96&d=blank&r=g\",\"contentUrl\":\"https:\/\/secure.gravatar.com\/avatar\/49d2f9e46271bb04e19cebfaf141313a?s=96&d=blank&r=g\",\"caption\":\"Staff\"}}]}<\/script>\n<!-- \/ Yoast SEO plugin. -->","yoast_head_json":{"title":"Lasciare il segno. BIIC, omaggio a Carlo Carr\u00e0 | Arte e Luoghi","description":"Fino al 26 febbraio in mostra a Palazzo GIL tutte le opere della XI edizione della Biennale dell\u2019incisione italiana contemporanea","robots":{"index":"index","follow":"follow","max-snippet":"max-snippet:-1","max-image-preview":"max-image-preview:large","max-video-preview":"max-video-preview:-1"},"canonical":"https:\/\/arteeluoghi.it\/index.php\/2023\/02\/01\/lasciare-il-segno-biic-omaggio-a-carlo-carra\/","og_locale":"it_IT","og_type":"article","og_title":"Lasciare il segno. BIIC, omaggio a Carlo Carr\u00e0 | Arte e Luoghi","og_description":"Fino al 26 febbraio in mostra a Palazzo GIL tutte le opere della XI edizione della Biennale dell\u2019incisione italiana contemporanea","og_url":"https:\/\/arteeluoghi.it\/index.php\/2023\/02\/01\/lasciare-il-segno-biic-omaggio-a-carlo-carra\/","og_site_name":"Arte e Luoghi","article_publisher":"https:\/\/www.facebook.com\/ArteELuoghi\/","article_published_time":"2023-02-01T13:58:00+00:00","article_modified_time":"2023-01-25T16:10:59+00:00","og_image":[{"width":1417,"height":1063,"url":"https:\/\/arteeluoghi.it\/wp-content\/uploads\/2023\/02\/BIIC-Biennale-dellIncisione-Italiana-Contemporanea-Domenico-Fratianni_-XI-Edizione_foto-di-Francesco-Panzetti.jpg","type":"image\/jpeg"}],"twitter_card":"summary","twitter_creator":"@arteeluoghi","twitter_site":"@arteeluoghi","twitter_misc":{"Scritto da":"Staff","Tempo di lettura stimato":"5 minuti"},"schema":{"@context":"https:\/\/schema.org","@graph":[{"@type":"Organization","@id":"https:\/\/arteeluoghi.it\/#organization","name":"Arte e Luoghi","url":"https:\/\/arteeluoghi.it\/","sameAs":["https:\/\/www.facebook.com\/ArteELuoghi\/","https:\/\/www.instagram.com\/arteeluoghi\/?hl=it","https:\/\/www.youtube.com\/channel\/UCuRVc4JW4-C5sg9rQB-srkw?view_as=subscriber","https:\/\/twitter.com\/arteeluoghi"],"logo":{"@type":"ImageObject","@id":"https:\/\/arteeluoghi.it\/#logo","inLanguage":"it-IT","url":"https:\/\/arteeluoghi.it\/wp-content\/uploads\/2018\/08\/logoinstagramarte.jpg","contentUrl":"https:\/\/arteeluoghi.it\/wp-content\/uploads\/2018\/08\/logoinstagramarte.jpg","width":150,"height":150,"caption":"Arte e Luoghi"},"image":{"@id":"https:\/\/arteeluoghi.it\/#logo"}},{"@type":"WebSite","@id":"https:\/\/arteeluoghi.it\/#website","url":"https:\/\/arteeluoghi.it\/","name":"Arte e Luoghi","description":"Mensile di arte, cultura, turismo e curiosit\u00e0","publisher":{"@id":"https:\/\/arteeluoghi.it\/#organization"},"potentialAction":[{"@type":"SearchAction","target":{"@type":"EntryPoint","urlTemplate":"https:\/\/arteeluoghi.it\/?s={search_term_string}"},"query-input":"required name=search_term_string"}],"inLanguage":"it-IT"},{"@type":"ImageObject","@id":"https:\/\/arteeluoghi.it\/index.php\/2023\/02\/01\/lasciare-il-segno-biic-omaggio-a-carlo-carra\/#primaryimage","inLanguage":"it-IT","url":"https:\/\/arteeluoghi.it\/wp-content\/uploads\/2023\/02\/BIIC-Biennale-dellIncisione-Italiana-Contemporanea-Domenico-Fratianni_-XI-Edizione_foto-di-Francesco-Panzetti.jpg","contentUrl":"https:\/\/arteeluoghi.it\/wp-content\/uploads\/2023\/02\/BIIC-Biennale-dellIncisione-Italiana-Contemporanea-Domenico-Fratianni_-XI-Edizione_foto-di-Francesco-Panzetti.jpg","width":1417,"height":1063},{"@type":"WebPage","@id":"https:\/\/arteeluoghi.it\/index.php\/2023\/02\/01\/lasciare-il-segno-biic-omaggio-a-carlo-carra\/#webpage","url":"https:\/\/arteeluoghi.it\/index.php\/2023\/02\/01\/lasciare-il-segno-biic-omaggio-a-carlo-carra\/","name":"Lasciare il segno. BIIC, omaggio a Carlo Carr\u00e0 | Arte e Luoghi","isPartOf":{"@id":"https:\/\/arteeluoghi.it\/#website"},"primaryImageOfPage":{"@id":"https:\/\/arteeluoghi.it\/index.php\/2023\/02\/01\/lasciare-il-segno-biic-omaggio-a-carlo-carra\/#primaryimage"},"datePublished":"2023-02-01T13:58:00+00:00","dateModified":"2023-01-25T16:10:59+00:00","description":"Fino al 26 febbraio in mostra a Palazzo GIL tutte le opere della XI edizione della Biennale dell\u2019incisione italiana contemporanea","breadcrumb":{"@id":"https:\/\/arteeluoghi.it\/index.php\/2023\/02\/01\/lasciare-il-segno-biic-omaggio-a-carlo-carra\/#breadcrumb"},"inLanguage":"it-IT","potentialAction":[{"@type":"ReadAction","target":["https:\/\/arteeluoghi.it\/index.php\/2023\/02\/01\/lasciare-il-segno-biic-omaggio-a-carlo-carra\/"]}]},{"@type":"BreadcrumbList","@id":"https:\/\/arteeluoghi.it\/index.php\/2023\/02\/01\/lasciare-il-segno-biic-omaggio-a-carlo-carra\/#breadcrumb","itemListElement":[{"@type":"ListItem","position":1,"name":"Home","item":"https:\/\/arteeluoghi.it\/"},{"@type":"ListItem","position":2,"name":"Lasciare il segno. BIIC, omaggio a Carlo Carr\u00e0"}]},{"@type":"Article","@id":"https:\/\/arteeluoghi.it\/index.php\/2023\/02\/01\/lasciare-il-segno-biic-omaggio-a-carlo-carra\/#article","isPartOf":{"@id":"https:\/\/arteeluoghi.it\/index.php\/2023\/02\/01\/lasciare-il-segno-biic-omaggio-a-carlo-carra\/#webpage"},"author":{"@id":"https:\/\/arteeluoghi.it\/#\/schema\/person\/f84e814e36e91e01448ee07eaadd41d4"},"headline":"Lasciare il segno. BIIC, omaggio a Carlo Carr\u00e0","datePublished":"2023-02-01T13:58:00+00:00","dateModified":"2023-01-25T16:10:59+00:00","mainEntityOfPage":{"@id":"https:\/\/arteeluoghi.it\/index.php\/2023\/02\/01\/lasciare-il-segno-biic-omaggio-a-carlo-carra\/#webpage"},"wordCount":913,"commentCount":0,"publisher":{"@id":"https:\/\/arteeluoghi.it\/#organization"},"image":{"@id":"https:\/\/arteeluoghi.it\/index.php\/2023\/02\/01\/lasciare-il-segno-biic-omaggio-a-carlo-carra\/#primaryimage"},"thumbnailUrl":"https:\/\/arteeluoghi.it\/wp-content\/uploads\/2023\/02\/BIIC-Biennale-dellIncisione-Italiana-Contemporanea-Domenico-Fratianni_-XI-Edizione_foto-di-Francesco-Panzetti.jpg","keywords":["Associazione Domenico Fratianni","Biennale dell\u2019Incisione Italiana Contemporanea di Campobasso","BIIC","Campobasso","Carlo Carr\u00e0","Fondo Carr\u00e0. Carlo Carr\u00e0","incisione","Molise","Palazzo GIL"],"articleSection":["Arte","Arti visive"],"inLanguage":"it-IT","potentialAction":[{"@type":"CommentAction","name":"Comment","target":["https:\/\/arteeluoghi.it\/index.php\/2023\/02\/01\/lasciare-il-segno-biic-omaggio-a-carlo-carra\/#respond"]}]},{"@type":"Person","@id":"https:\/\/arteeluoghi.it\/#\/schema\/person\/f84e814e36e91e01448ee07eaadd41d4","name":"Staff","image":{"@type":"ImageObject","@id":"https:\/\/arteeluoghi.it\/#personlogo","inLanguage":"it-IT","url":"https:\/\/secure.gravatar.com\/avatar\/49d2f9e46271bb04e19cebfaf141313a?s=96&d=blank&r=g","contentUrl":"https:\/\/secure.gravatar.com\/avatar\/49d2f9e46271bb04e19cebfaf141313a?s=96&d=blank&r=g","caption":"Staff"}}]}},"_links":{"self":[{"href":"https:\/\/arteeluoghi.it\/index.php\/wp-json\/wp\/v2\/posts\/12467"}],"collection":[{"href":"https:\/\/arteeluoghi.it\/index.php\/wp-json\/wp\/v2\/posts"}],"about":[{"href":"https:\/\/arteeluoghi.it\/index.php\/wp-json\/wp\/v2\/types\/post"}],"author":[{"embeddable":true,"href":"https:\/\/arteeluoghi.it\/index.php\/wp-json\/wp\/v2\/users\/1"}],"replies":[{"embeddable":true,"href":"https:\/\/arteeluoghi.it\/index.php\/wp-json\/wp\/v2\/comments?post=12467"}],"version-history":[{"count":3,"href":"https:\/\/arteeluoghi.it\/index.php\/wp-json\/wp\/v2\/posts\/12467\/revisions"}],"predecessor-version":[{"id":12473,"href":"https:\/\/arteeluoghi.it\/index.php\/wp-json\/wp\/v2\/posts\/12467\/revisions\/12473"}],"wp:featuredmedia":[{"embeddable":true,"href":"https:\/\/arteeluoghi.it\/index.php\/wp-json\/wp\/v2\/media\/12472"}],"wp:attachment":[{"href":"https:\/\/arteeluoghi.it\/index.php\/wp-json\/wp\/v2\/media?parent=12467"}],"wp:term":[{"taxonomy":"category","embeddable":true,"href":"https:\/\/arteeluoghi.it\/index.php\/wp-json\/wp\/v2\/categories?post=12467"},{"taxonomy":"post_tag","embeddable":true,"href":"https:\/\/arteeluoghi.it\/index.php\/wp-json\/wp\/v2\/tags?post=12467"}],"curies":[{"name":"wp","href":"https:\/\/api.w.org\/{rel}","templated":true}]}}