{"id":1248,"date":"2013-08-01T11:00:34","date_gmt":"2013-08-01T09:00:34","guid":{"rendered":"http:\/\/arteeluoghi.it\/index.php\/2013\/08\/01\/al-rossocinabro-di-roma\/"},"modified":"2013-08-01T11:00:34","modified_gmt":"2013-08-01T09:00:34","slug":"al-rossocinabro-di-roma","status":"publish","type":"post","link":"https:\/\/arteeluoghi.it\/index.php\/2013\/08\/01\/al-rossocinabro-di-roma\/","title":{"rendered":"Al RossoCinabro di Roma"},"content":{"rendered":"<p><img src=\"\/images\/carletti_la_via_dell_elfo.jpg\" border=\"0\" title=\"Daniela Carletti - L'ultima foglia di autunno sulla via dell'Elfo (carte giapponesi su tela libera 195x160)\" width=\"300\" style=\"margin: 21px; float: left;\" \/>Dall&#8217;8 al 30 agosto 2013 a Roma nella galleria RossoCinabro<\/p>\n<p><span style=\"font-size: small;\"><strong>IN ORDINE SPARSO<\/strong><\/span><\/p>\n<p>Si inaugura il prossimo 8 agosto, nelle sale espositive della galleria romana <strong>RossoCinabro,<\/strong>\u00a0 la collettiva d&#8217;arte intitolata <strong><em>In Ordine Sparso<\/em>\u00a0 <\/strong>e curata da <strong>Cristina Madini.\u00a0<\/strong>L&#8217;immagine guida della mostra \u00e8 firmata da <strong>Daniela Carletti<\/strong> &#8211; L&#8217;ultima foglia di autunno sulla via dell&#8217;Elfo (carte giapponesi su tela libera 195&#215;160).<\/p>\n<p>Fino al 30 agosto 2013 saranno visibili le opere di ventuno artisti e scoprire la poetica di ciascuno: <strong>Anna Argento, Arkirka, Sergio Armaroli, Baran, Carolina Barbolla, Francesco Bonizzoni, Daniela Carletti, Andrea Cimatti, Mirta De Simoni Lasta,\u00a0 Sara Fabi Cannella,\u00a0 Valentina Lingria, Donatella Masciarri, Miriweh, Maria Rita Onofri,\u00a0\u00a0 Simona Ponz\u00f9 Donato, Elisa Ranalli, Daniela Rebecchi, Kamilla Redamar,\u00a0 Maria Rita Ridolfi, Filippo Staniscia, Chiara Sorrenti.<\/strong><\/p>\n<p><strong>\u00a0<\/strong><\/p>\n<p>  <!--more-->  <\/p>\n<p><img src=\"\/images\/de_simoni_lasta_zafferano.jpg\" border=\"0\" title=\"de_simoni_lasta_zafferano\" width=\"300\" style=\"margin: 21px; float: right;\" \/><\/p>\n<p>Circa trenta lavori collocati nel suggestivo spazio espositivo \u00a0dove, tra pittura, fotografia, manipolazione digitale e scultura si restituisce, con l\u2019assenza di soluzioni definite, quella libert\u00e0 espressiva, attraverso l&#8217;accettazione stessa della diversit\u00e0 di ognuno, che superi le alterit\u00e0 e opposizioni di pensiero, nonch\u00e9 di cultura, fede o qualsivoglia espressione.<\/p>\n<p><img src=\"\/images\/rebecchi_scherzi_tolemaici.jpg\" border=\"0\" title=\"rebecchi_scherzi_tolemaici\" width=\"300\" style=\"float: left; margin: 21px;\" \/>L\u2019arte dialoga in modo disordinato e con la libert\u00e0 dialettica che gli \u00e8 propria fonde idee, \u00a0confonde e comprende armonie e contraddizioni &#8211; spiega la curatrice. Le opere\u00a0 cos\u00ec epurate dal loro contesto sociale o biografico e situate in un insieme che ha una propria struttura indipendente, prendono\u00a0 confidenza con il dubbio e la possibilit\u00e0, \u00a0aperta da un lato alla realt\u00e0 ignota, dall\u2019altro all\u2019identit\u00e0 inafferrabile rispetto alla quale nessuno pu\u00f2 considerarsi esente.<\/p>\n<p>red. Arte e Luoghi<\/p>\n<hr \/>\n<p>Scheda tecnica<\/p>\n<p>A cura di Cristina Madini<\/p>\n<p>8\u00a0 &#8211;\u00a0 30 agosto 2013<\/p>\n<p>Opening 8 agosto ore 12:00<\/p>\n<p>RossoCinabro, Via Raffaele Cadorna 28, 00187 Roma<\/p>\n<p>tel. 06 60658125 email <a href=\"mailto:rossocinabro@gmail.com\">rossocinabro@gmail.com<\/a><\/p>\n<p>website rossocinabro.com<\/p>\n<p>visitabile da luned\u00ec a venerd\u00ec dalle 11 alle 19:30 ingresso libero<\/p>\n","protected":false},"excerpt":{"rendered":"<p>Dall&#8217;8 al 30 agosto 2013 a Roma nella galleria RossoCinabro IN ORDINE SPARSO Si inaugura il prossimo 8 agosto, nelle<\/p>\n","protected":false},"author":1,"featured_media":0,"comment_status":"open","ping_status":"open","sticky":false,"template":"","format":"standard","meta":[],"categories":[27],"tags":[],"yoast_head":"<!-- This site is optimized with the Yoast SEO plugin v18.0 - https:\/\/yoast.com\/wordpress\/plugins\/seo\/ -->\n<title>Al RossoCinabro di Roma | Arte e Luoghi<\/title>\n<meta name=\"robots\" content=\"index, follow, max-snippet:-1, max-image-preview:large, max-video-preview:-1\" \/>\n<link rel=\"canonical\" href=\"https:\/\/arteeluoghi.it\/index.php\/2013\/08\/01\/al-rossocinabro-di-roma\/\" \/>\n<meta property=\"og:locale\" content=\"it_IT\" \/>\n<meta property=\"og:type\" content=\"article\" \/>\n<meta property=\"og:title\" content=\"Al RossoCinabro di Roma | Arte e Luoghi\" \/>\n<meta property=\"og:description\" content=\"Dall&#8217;8 al 30 agosto 2013 a Roma nella galleria RossoCinabro IN ORDINE SPARSO Si inaugura il prossimo 8 agosto, nelle\" \/>\n<meta property=\"og:url\" content=\"https:\/\/arteeluoghi.it\/index.php\/2013\/08\/01\/al-rossocinabro-di-roma\/\" \/>\n<meta property=\"og:site_name\" content=\"Arte e Luoghi\" \/>\n<meta property=\"article:publisher\" content=\"https:\/\/www.facebook.com\/ArteELuoghi\/\" \/>\n<meta property=\"article:published_time\" content=\"2013-08-01T09:00:34+00:00\" \/>\n<meta property=\"og:image\" content=\"https:\/\/arteeluoghi.it\/images\/carletti_la_via_dell_elfo.jpg\" \/>\n<meta name=\"twitter:card\" content=\"summary\" \/>\n<meta name=\"twitter:creator\" content=\"@arteeluoghi\" \/>\n<meta name=\"twitter:site\" content=\"@arteeluoghi\" \/>\n<meta name=\"twitter:label1\" content=\"Scritto da\" \/>\n\t<meta name=\"twitter:data1\" content=\"Staff\" \/>\n\t<meta name=\"twitter:label2\" content=\"Tempo di lettura stimato\" \/>\n\t<meta name=\"twitter:data2\" content=\"1 minuto\" \/>\n<script type=\"application\/ld+json\" class=\"yoast-schema-graph\">{\"@context\":\"https:\/\/schema.org\",\"@graph\":[{\"@type\":\"Organization\",\"@id\":\"https:\/\/arteeluoghi.it\/#organization\",\"name\":\"Arte e Luoghi\",\"url\":\"https:\/\/arteeluoghi.it\/\",\"sameAs\":[\"https:\/\/www.facebook.com\/ArteELuoghi\/\",\"https:\/\/www.instagram.com\/arteeluoghi\/?hl=it\",\"https:\/\/www.youtube.com\/channel\/UCuRVc4JW4-C5sg9rQB-srkw?view_as=subscriber\",\"https:\/\/twitter.com\/arteeluoghi\"],\"logo\":{\"@type\":\"ImageObject\",\"@id\":\"https:\/\/arteeluoghi.it\/#logo\",\"inLanguage\":\"it-IT\",\"url\":\"https:\/\/arteeluoghi.it\/wp-content\/uploads\/2018\/08\/logoinstagramarte.jpg\",\"contentUrl\":\"https:\/\/arteeluoghi.it\/wp-content\/uploads\/2018\/08\/logoinstagramarte.jpg\",\"width\":150,\"height\":150,\"caption\":\"Arte e Luoghi\"},\"image\":{\"@id\":\"https:\/\/arteeluoghi.it\/#logo\"}},{\"@type\":\"WebSite\",\"@id\":\"https:\/\/arteeluoghi.it\/#website\",\"url\":\"https:\/\/arteeluoghi.it\/\",\"name\":\"Arte e Luoghi\",\"description\":\"Mensile di arte, cultura, turismo e curiosit\u00e0\",\"publisher\":{\"@id\":\"https:\/\/arteeluoghi.it\/#organization\"},\"potentialAction\":[{\"@type\":\"SearchAction\",\"target\":{\"@type\":\"EntryPoint\",\"urlTemplate\":\"https:\/\/arteeluoghi.it\/?s={search_term_string}\"},\"query-input\":\"required name=search_term_string\"}],\"inLanguage\":\"it-IT\"},{\"@type\":\"ImageObject\",\"@id\":\"https:\/\/arteeluoghi.it\/index.php\/2013\/08\/01\/al-rossocinabro-di-roma\/#primaryimage\",\"inLanguage\":\"it-IT\",\"url\":\"\/images\/carletti_la_via_dell_elfo.jpg\",\"contentUrl\":\"\/images\/carletti_la_via_dell_elfo.jpg\"},{\"@type\":\"WebPage\",\"@id\":\"https:\/\/arteeluoghi.it\/index.php\/2013\/08\/01\/al-rossocinabro-di-roma\/#webpage\",\"url\":\"https:\/\/arteeluoghi.it\/index.php\/2013\/08\/01\/al-rossocinabro-di-roma\/\",\"name\":\"Al RossoCinabro di Roma | Arte e Luoghi\",\"isPartOf\":{\"@id\":\"https:\/\/arteeluoghi.it\/#website\"},\"primaryImageOfPage\":{\"@id\":\"https:\/\/arteeluoghi.it\/index.php\/2013\/08\/01\/al-rossocinabro-di-roma\/#primaryimage\"},\"datePublished\":\"2013-08-01T09:00:34+00:00\",\"dateModified\":\"2013-08-01T09:00:34+00:00\",\"breadcrumb\":{\"@id\":\"https:\/\/arteeluoghi.it\/index.php\/2013\/08\/01\/al-rossocinabro-di-roma\/#breadcrumb\"},\"inLanguage\":\"it-IT\",\"potentialAction\":[{\"@type\":\"ReadAction\",\"target\":[\"https:\/\/arteeluoghi.it\/index.php\/2013\/08\/01\/al-rossocinabro-di-roma\/\"]}]},{\"@type\":\"BreadcrumbList\",\"@id\":\"https:\/\/arteeluoghi.it\/index.php\/2013\/08\/01\/al-rossocinabro-di-roma\/#breadcrumb\",\"itemListElement\":[{\"@type\":\"ListItem\",\"position\":1,\"name\":\"Home\",\"item\":\"https:\/\/arteeluoghi.it\/\"},{\"@type\":\"ListItem\",\"position\":2,\"name\":\"Al RossoCinabro di Roma\"}]},{\"@type\":\"Article\",\"@id\":\"https:\/\/arteeluoghi.it\/index.php\/2013\/08\/01\/al-rossocinabro-di-roma\/#article\",\"isPartOf\":{\"@id\":\"https:\/\/arteeluoghi.it\/index.php\/2013\/08\/01\/al-rossocinabro-di-roma\/#webpage\"},\"author\":{\"@id\":\"https:\/\/arteeluoghi.it\/#\/schema\/person\/f84e814e36e91e01448ee07eaadd41d4\"},\"headline\":\"Al RossoCinabro di Roma\",\"datePublished\":\"2013-08-01T09:00:34+00:00\",\"dateModified\":\"2013-08-01T09:00:34+00:00\",\"mainEntityOfPage\":{\"@id\":\"https:\/\/arteeluoghi.it\/index.php\/2013\/08\/01\/al-rossocinabro-di-roma\/#webpage\"},\"wordCount\":283,\"commentCount\":0,\"publisher\":{\"@id\":\"https:\/\/arteeluoghi.it\/#organization\"},\"image\":{\"@id\":\"https:\/\/arteeluoghi.it\/index.php\/2013\/08\/01\/al-rossocinabro-di-roma\/#primaryimage\"},\"thumbnailUrl\":\"\/images\/carletti_la_via_dell_elfo.jpg\",\"articleSection\":[\"Arte\"],\"inLanguage\":\"it-IT\",\"potentialAction\":[{\"@type\":\"CommentAction\",\"name\":\"Comment\",\"target\":[\"https:\/\/arteeluoghi.it\/index.php\/2013\/08\/01\/al-rossocinabro-di-roma\/#respond\"]}]},{\"@type\":\"Person\",\"@id\":\"https:\/\/arteeluoghi.it\/#\/schema\/person\/f84e814e36e91e01448ee07eaadd41d4\",\"name\":\"Staff\",\"image\":{\"@type\":\"ImageObject\",\"@id\":\"https:\/\/arteeluoghi.it\/#personlogo\",\"inLanguage\":\"it-IT\",\"url\":\"https:\/\/secure.gravatar.com\/avatar\/49d2f9e46271bb04e19cebfaf141313a?s=96&d=blank&r=g\",\"contentUrl\":\"https:\/\/secure.gravatar.com\/avatar\/49d2f9e46271bb04e19cebfaf141313a?s=96&d=blank&r=g\",\"caption\":\"Staff\"}}]}<\/script>\n<!-- \/ Yoast SEO plugin. -->","yoast_head_json":{"title":"Al RossoCinabro di Roma | Arte e Luoghi","robots":{"index":"index","follow":"follow","max-snippet":"max-snippet:-1","max-image-preview":"max-image-preview:large","max-video-preview":"max-video-preview:-1"},"canonical":"https:\/\/arteeluoghi.it\/index.php\/2013\/08\/01\/al-rossocinabro-di-roma\/","og_locale":"it_IT","og_type":"article","og_title":"Al RossoCinabro di Roma | Arte e Luoghi","og_description":"Dall&#8217;8 al 30 agosto 2013 a Roma nella galleria RossoCinabro IN ORDINE SPARSO Si inaugura il prossimo 8 agosto, nelle","og_url":"https:\/\/arteeluoghi.it\/index.php\/2013\/08\/01\/al-rossocinabro-di-roma\/","og_site_name":"Arte e Luoghi","article_publisher":"https:\/\/www.facebook.com\/ArteELuoghi\/","article_published_time":"2013-08-01T09:00:34+00:00","og_image":[{"url":"https:\/\/arteeluoghi.it\/images\/carletti_la_via_dell_elfo.jpg"}],"twitter_card":"summary","twitter_creator":"@arteeluoghi","twitter_site":"@arteeluoghi","twitter_misc":{"Scritto da":"Staff","Tempo di lettura stimato":"1 minuto"},"schema":{"@context":"https:\/\/schema.org","@graph":[{"@type":"Organization","@id":"https:\/\/arteeluoghi.it\/#organization","name":"Arte e Luoghi","url":"https:\/\/arteeluoghi.it\/","sameAs":["https:\/\/www.facebook.com\/ArteELuoghi\/","https:\/\/www.instagram.com\/arteeluoghi\/?hl=it","https:\/\/www.youtube.com\/channel\/UCuRVc4JW4-C5sg9rQB-srkw?view_as=subscriber","https:\/\/twitter.com\/arteeluoghi"],"logo":{"@type":"ImageObject","@id":"https:\/\/arteeluoghi.it\/#logo","inLanguage":"it-IT","url":"https:\/\/arteeluoghi.it\/wp-content\/uploads\/2018\/08\/logoinstagramarte.jpg","contentUrl":"https:\/\/arteeluoghi.it\/wp-content\/uploads\/2018\/08\/logoinstagramarte.jpg","width":150,"height":150,"caption":"Arte e Luoghi"},"image":{"@id":"https:\/\/arteeluoghi.it\/#logo"}},{"@type":"WebSite","@id":"https:\/\/arteeluoghi.it\/#website","url":"https:\/\/arteeluoghi.it\/","name":"Arte e Luoghi","description":"Mensile di arte, cultura, turismo e curiosit\u00e0","publisher":{"@id":"https:\/\/arteeluoghi.it\/#organization"},"potentialAction":[{"@type":"SearchAction","target":{"@type":"EntryPoint","urlTemplate":"https:\/\/arteeluoghi.it\/?s={search_term_string}"},"query-input":"required name=search_term_string"}],"inLanguage":"it-IT"},{"@type":"ImageObject","@id":"https:\/\/arteeluoghi.it\/index.php\/2013\/08\/01\/al-rossocinabro-di-roma\/#primaryimage","inLanguage":"it-IT","url":"\/images\/carletti_la_via_dell_elfo.jpg","contentUrl":"\/images\/carletti_la_via_dell_elfo.jpg"},{"@type":"WebPage","@id":"https:\/\/arteeluoghi.it\/index.php\/2013\/08\/01\/al-rossocinabro-di-roma\/#webpage","url":"https:\/\/arteeluoghi.it\/index.php\/2013\/08\/01\/al-rossocinabro-di-roma\/","name":"Al RossoCinabro di Roma | Arte e Luoghi","isPartOf":{"@id":"https:\/\/arteeluoghi.it\/#website"},"primaryImageOfPage":{"@id":"https:\/\/arteeluoghi.it\/index.php\/2013\/08\/01\/al-rossocinabro-di-roma\/#primaryimage"},"datePublished":"2013-08-01T09:00:34+00:00","dateModified":"2013-08-01T09:00:34+00:00","breadcrumb":{"@id":"https:\/\/arteeluoghi.it\/index.php\/2013\/08\/01\/al-rossocinabro-di-roma\/#breadcrumb"},"inLanguage":"it-IT","potentialAction":[{"@type":"ReadAction","target":["https:\/\/arteeluoghi.it\/index.php\/2013\/08\/01\/al-rossocinabro-di-roma\/"]}]},{"@type":"BreadcrumbList","@id":"https:\/\/arteeluoghi.it\/index.php\/2013\/08\/01\/al-rossocinabro-di-roma\/#breadcrumb","itemListElement":[{"@type":"ListItem","position":1,"name":"Home","item":"https:\/\/arteeluoghi.it\/"},{"@type":"ListItem","position":2,"name":"Al RossoCinabro di Roma"}]},{"@type":"Article","@id":"https:\/\/arteeluoghi.it\/index.php\/2013\/08\/01\/al-rossocinabro-di-roma\/#article","isPartOf":{"@id":"https:\/\/arteeluoghi.it\/index.php\/2013\/08\/01\/al-rossocinabro-di-roma\/#webpage"},"author":{"@id":"https:\/\/arteeluoghi.it\/#\/schema\/person\/f84e814e36e91e01448ee07eaadd41d4"},"headline":"Al RossoCinabro di Roma","datePublished":"2013-08-01T09:00:34+00:00","dateModified":"2013-08-01T09:00:34+00:00","mainEntityOfPage":{"@id":"https:\/\/arteeluoghi.it\/index.php\/2013\/08\/01\/al-rossocinabro-di-roma\/#webpage"},"wordCount":283,"commentCount":0,"publisher":{"@id":"https:\/\/arteeluoghi.it\/#organization"},"image":{"@id":"https:\/\/arteeluoghi.it\/index.php\/2013\/08\/01\/al-rossocinabro-di-roma\/#primaryimage"},"thumbnailUrl":"\/images\/carletti_la_via_dell_elfo.jpg","articleSection":["Arte"],"inLanguage":"it-IT","potentialAction":[{"@type":"CommentAction","name":"Comment","target":["https:\/\/arteeluoghi.it\/index.php\/2013\/08\/01\/al-rossocinabro-di-roma\/#respond"]}]},{"@type":"Person","@id":"https:\/\/arteeluoghi.it\/#\/schema\/person\/f84e814e36e91e01448ee07eaadd41d4","name":"Staff","image":{"@type":"ImageObject","@id":"https:\/\/arteeluoghi.it\/#personlogo","inLanguage":"it-IT","url":"https:\/\/secure.gravatar.com\/avatar\/49d2f9e46271bb04e19cebfaf141313a?s=96&d=blank&r=g","contentUrl":"https:\/\/secure.gravatar.com\/avatar\/49d2f9e46271bb04e19cebfaf141313a?s=96&d=blank&r=g","caption":"Staff"}}]}},"_links":{"self":[{"href":"https:\/\/arteeluoghi.it\/index.php\/wp-json\/wp\/v2\/posts\/1248"}],"collection":[{"href":"https:\/\/arteeluoghi.it\/index.php\/wp-json\/wp\/v2\/posts"}],"about":[{"href":"https:\/\/arteeluoghi.it\/index.php\/wp-json\/wp\/v2\/types\/post"}],"author":[{"embeddable":true,"href":"https:\/\/arteeluoghi.it\/index.php\/wp-json\/wp\/v2\/users\/1"}],"replies":[{"embeddable":true,"href":"https:\/\/arteeluoghi.it\/index.php\/wp-json\/wp\/v2\/comments?post=1248"}],"version-history":[{"count":0,"href":"https:\/\/arteeluoghi.it\/index.php\/wp-json\/wp\/v2\/posts\/1248\/revisions"}],"wp:attachment":[{"href":"https:\/\/arteeluoghi.it\/index.php\/wp-json\/wp\/v2\/media?parent=1248"}],"wp:term":[{"taxonomy":"category","embeddable":true,"href":"https:\/\/arteeluoghi.it\/index.php\/wp-json\/wp\/v2\/categories?post=1248"},{"taxonomy":"post_tag","embeddable":true,"href":"https:\/\/arteeluoghi.it\/index.php\/wp-json\/wp\/v2\/tags?post=1248"}],"curies":[{"name":"wp","href":"https:\/\/api.w.org\/{rel}","templated":true}]}}