{"id":1261,"date":"2013-08-05T22:09:48","date_gmt":"2013-08-05T20:09:48","guid":{"rendered":"http:\/\/arteeluoghi.it\/index.php\/2013\/08\/05\/il-carnevale-estivo-del-guiscardo\/"},"modified":"2013-08-05T22:09:48","modified_gmt":"2013-08-05T20:09:48","slug":"il-carnevale-estivo-del-guiscardo","status":"publish","type":"post","link":"https:\/\/arteeluoghi.it\/index.php\/2013\/08\/05\/il-carnevale-estivo-del-guiscardo\/","title":{"rendered":"Il Carnevale estivo del Guiscardo"},"content":{"rendered":"<p><img src=\"\/images\/Il%20Carnevale%20estivo%20del%20Guiscardo.jpg\" border=\"0\" title=\"la locandina della manfestazione\" width=\"300\" style=\"margin: 21px; border: 1px solid black; float: left;\" \/><\/p>\n<p>Gioved\u00ec 8 e venerd\u00ec 9 agosto 2013 nella cittadina normanna San Marco Argentano in provincia di Cosenza<\/p>\n<p><span style=\"font-size: small;\"><strong>Spettacoli, danze e sfilate per un insolito Carnevale<\/strong><\/span><\/p>\n<p>\u00a0<\/p>\n<p>\u00a0<\/p>\n<p>Una festa, fuori stagione, un luogo e un personaggio. Sono questi tre gli elementi chiave per svelare l&#8217;atteso evento che trasformer\u00e0 per due giorni, gioved\u00ec 8 e venerd\u00ec 9 agosto 2013, la cittadina normanna San Marco Argentano nella favolosa location del Carnevale estivo del Guiscardo che si prevede coloratissimo e all\u2019insegna del divertimento.<\/p>\n<p>Roberto d\u2019Altavilla, detto il Guiscardo \u00e8 indissolubilmente legato a questa cittadina poich\u00e9 fece erigere, nell\u2019XI secolo, la torre normanna, monumento simbolo che ne connota l\u2019antica e prestigiosa storia.<\/p>\n<p>Coreografie, costumi, balli e suoni davvero ricchissimo il programma della due giorni che vedr\u00e0 per la gioia dei pi\u00f9 piccini in piazza San Marco e in Piazza Selvaggi due castelli gonfiabili e un invitante parco giochi. Ad allietare l&#8217;atmosfera gli spettacoli degli artisti di strada che animeranno tutte le piazze del borgo normanno, e ancora il teatro di burattini e immancabile la grande sfilata con i gruppi mascherati e folcloristici.<\/p>\n<p>  <!--more-->  <\/p>\n<p><img src=\"\/images\/San%20Marco%20Argentano%20-%20Torre%20normanna%20-%20sec.%20XI.jpg\" border=\"0\" title=\"San Marco Argentano - Torre normanna - sec. XI (Cosenza)\" width=\"400\" style=\"margin: 21px; border: 1px solid black; float: right;\" \/>I profumi provenienti dagli stand enogastronomici con le degustazioni saranno il profumo della festa che avr\u00e0 inizio dalle\u00a0 18 di gioved\u00ec 8 agosto per poi concludersi alla mezzanotte di venerd\u00ec 9 agosto. naturalmente ad accogliere i gruppi ci sar\u00e0 un insolito padrone di casa: Roberto il Guiscardo. Arricchir\u00e0 la kermesse un concorso fotografico sul tema <em>Il Carnevale<\/em>aperto a tutti i fotoamatori, senza limite di et\u00e0.<\/p>\n<p>E nell&#8217;ambito del\u00a0<strong><em>Carnevale estivo del Guiscardo<\/em><\/strong> dell\u2019iniziativa sar\u00e0 data anticipazione dell\u2019evento <em>Il Trionfo del Mediterraneo<\/em>, una interessante vetrina enogastronomica di prodotti di eccellenza, provenienti e trasformati nell\u2019area del Mediterraneo.<\/p>\n<p>red. Arte e Luoghi<\/p>\n<hr \/>\n<p>\u00a0<\/p>\n<p>Programma<\/p>\n<p><strong>Gioved\u00ec 8 agosto 2013<\/strong>:<\/p>\n<p>Ore 18.00, su tutte le piazze si apriranno gli stand enogastronomici e di artigianato; ore 19.00, in piazza Selvaggi, castello gonfiabile \u2013 parco giochi; in piazza <em>santo Marco<\/em> castello gonfiabile \u2013 salta salta e contestualmente in tutte le piazze, trucchi, colori e fantasia con le truccabimbi;<\/p>\n<p>ore 20.00, in piazza Umberto I\u00b0, teatro dei burattini;<\/p>\n<p>ore 20.30, in tutte le piazze, spettacoli di artisti di strada;<\/p>\n<p>ore 21.30, in piazza Riforma, baby dance.<\/p>\n<p><strong>\u00a0<\/strong><\/p>\n<p><strong>Venerd\u00ec 9 agosto 2013:<\/strong><\/p>\n<p>ore 10.00 -13.00 e ore 17.00 &#8211; 24.00, stand enogastronomici e di artigianato su tutte le piazze;<\/p>\n<p>ore 20.30, in piazza duomo, accoglienza gruppi mascherati e folcloristici;<\/p>\n<p>ore 21.00, grande sfilata di carnevale su tutte le piazze\u00a0<\/p>\n<p>ore 24.00, piazza Selvaggi ospiter\u00e0 la cerimonia di chiusura.<\/p>\n<p>\u00a0<\/p>\n","protected":false},"excerpt":{"rendered":"<p>Gioved\u00ec 8 e venerd\u00ec 9 agosto 2013 nella cittadina normanna San Marco Argentano in provincia di Cosenza Spettacoli, danze e<\/p>\n","protected":false},"author":1,"featured_media":0,"comment_status":"open","ping_status":"open","sticky":false,"template":"","format":"standard","meta":[],"categories":[36],"tags":[],"yoast_head":"<!-- This site is optimized with the Yoast SEO plugin v18.0 - https:\/\/yoast.com\/wordpress\/plugins\/seo\/ -->\n<title>Il Carnevale estivo del Guiscardo | Arte e Luoghi<\/title>\n<meta name=\"robots\" content=\"index, follow, max-snippet:-1, max-image-preview:large, max-video-preview:-1\" \/>\n<link rel=\"canonical\" href=\"https:\/\/arteeluoghi.it\/index.php\/2013\/08\/05\/il-carnevale-estivo-del-guiscardo\/\" \/>\n<meta property=\"og:locale\" content=\"it_IT\" \/>\n<meta property=\"og:type\" content=\"article\" \/>\n<meta property=\"og:title\" content=\"Il Carnevale estivo del Guiscardo | Arte e Luoghi\" \/>\n<meta property=\"og:description\" content=\"Gioved\u00ec 8 e venerd\u00ec 9 agosto 2013 nella cittadina normanna San Marco Argentano in provincia di Cosenza Spettacoli, danze e\" \/>\n<meta property=\"og:url\" content=\"https:\/\/arteeluoghi.it\/index.php\/2013\/08\/05\/il-carnevale-estivo-del-guiscardo\/\" \/>\n<meta property=\"og:site_name\" content=\"Arte e Luoghi\" \/>\n<meta property=\"article:publisher\" content=\"https:\/\/www.facebook.com\/ArteELuoghi\/\" \/>\n<meta property=\"article:published_time\" content=\"2013-08-05T20:09:48+00:00\" \/>\n<meta property=\"og:image\" content=\"https:\/\/arteeluoghi.it\/images\/Il%20Carnevale%20estivo%20del%20Guiscardo.jpg\" \/>\n<meta name=\"twitter:card\" content=\"summary\" \/>\n<meta name=\"twitter:creator\" content=\"@arteeluoghi\" \/>\n<meta name=\"twitter:site\" content=\"@arteeluoghi\" \/>\n<meta name=\"twitter:label1\" content=\"Scritto da\" \/>\n\t<meta name=\"twitter:data1\" content=\"Staff\" \/>\n\t<meta name=\"twitter:label2\" content=\"Tempo di lettura stimato\" \/>\n\t<meta name=\"twitter:data2\" content=\"2 minuti\" \/>\n<script type=\"application\/ld+json\" class=\"yoast-schema-graph\">{\"@context\":\"https:\/\/schema.org\",\"@graph\":[{\"@type\":\"Organization\",\"@id\":\"https:\/\/arteeluoghi.it\/#organization\",\"name\":\"Arte e Luoghi\",\"url\":\"https:\/\/arteeluoghi.it\/\",\"sameAs\":[\"https:\/\/www.facebook.com\/ArteELuoghi\/\",\"https:\/\/www.instagram.com\/arteeluoghi\/?hl=it\",\"https:\/\/www.youtube.com\/channel\/UCuRVc4JW4-C5sg9rQB-srkw?view_as=subscriber\",\"https:\/\/twitter.com\/arteeluoghi\"],\"logo\":{\"@type\":\"ImageObject\",\"@id\":\"https:\/\/arteeluoghi.it\/#logo\",\"inLanguage\":\"it-IT\",\"url\":\"https:\/\/arteeluoghi.it\/wp-content\/uploads\/2018\/08\/logoinstagramarte.jpg\",\"contentUrl\":\"https:\/\/arteeluoghi.it\/wp-content\/uploads\/2018\/08\/logoinstagramarte.jpg\",\"width\":150,\"height\":150,\"caption\":\"Arte e Luoghi\"},\"image\":{\"@id\":\"https:\/\/arteeluoghi.it\/#logo\"}},{\"@type\":\"WebSite\",\"@id\":\"https:\/\/arteeluoghi.it\/#website\",\"url\":\"https:\/\/arteeluoghi.it\/\",\"name\":\"Arte e Luoghi\",\"description\":\"Mensile di arte, cultura, turismo e curiosit\u00e0\",\"publisher\":{\"@id\":\"https:\/\/arteeluoghi.it\/#organization\"},\"potentialAction\":[{\"@type\":\"SearchAction\",\"target\":{\"@type\":\"EntryPoint\",\"urlTemplate\":\"https:\/\/arteeluoghi.it\/?s={search_term_string}\"},\"query-input\":\"required name=search_term_string\"}],\"inLanguage\":\"it-IT\"},{\"@type\":\"ImageObject\",\"@id\":\"https:\/\/arteeluoghi.it\/index.php\/2013\/08\/05\/il-carnevale-estivo-del-guiscardo\/#primaryimage\",\"inLanguage\":\"it-IT\",\"url\":\"\/images\/Il%20Carnevale%20estivo%20del%20Guiscardo.jpg\",\"contentUrl\":\"\/images\/Il%20Carnevale%20estivo%20del%20Guiscardo.jpg\"},{\"@type\":\"WebPage\",\"@id\":\"https:\/\/arteeluoghi.it\/index.php\/2013\/08\/05\/il-carnevale-estivo-del-guiscardo\/#webpage\",\"url\":\"https:\/\/arteeluoghi.it\/index.php\/2013\/08\/05\/il-carnevale-estivo-del-guiscardo\/\",\"name\":\"Il Carnevale estivo del Guiscardo | Arte e Luoghi\",\"isPartOf\":{\"@id\":\"https:\/\/arteeluoghi.it\/#website\"},\"primaryImageOfPage\":{\"@id\":\"https:\/\/arteeluoghi.it\/index.php\/2013\/08\/05\/il-carnevale-estivo-del-guiscardo\/#primaryimage\"},\"datePublished\":\"2013-08-05T20:09:48+00:00\",\"dateModified\":\"2013-08-05T20:09:48+00:00\",\"breadcrumb\":{\"@id\":\"https:\/\/arteeluoghi.it\/index.php\/2013\/08\/05\/il-carnevale-estivo-del-guiscardo\/#breadcrumb\"},\"inLanguage\":\"it-IT\",\"potentialAction\":[{\"@type\":\"ReadAction\",\"target\":[\"https:\/\/arteeluoghi.it\/index.php\/2013\/08\/05\/il-carnevale-estivo-del-guiscardo\/\"]}]},{\"@type\":\"BreadcrumbList\",\"@id\":\"https:\/\/arteeluoghi.it\/index.php\/2013\/08\/05\/il-carnevale-estivo-del-guiscardo\/#breadcrumb\",\"itemListElement\":[{\"@type\":\"ListItem\",\"position\":1,\"name\":\"Home\",\"item\":\"https:\/\/arteeluoghi.it\/\"},{\"@type\":\"ListItem\",\"position\":2,\"name\":\"Il Carnevale estivo del Guiscardo\"}]},{\"@type\":\"Article\",\"@id\":\"https:\/\/arteeluoghi.it\/index.php\/2013\/08\/05\/il-carnevale-estivo-del-guiscardo\/#article\",\"isPartOf\":{\"@id\":\"https:\/\/arteeluoghi.it\/index.php\/2013\/08\/05\/il-carnevale-estivo-del-guiscardo\/#webpage\"},\"author\":{\"@id\":\"https:\/\/arteeluoghi.it\/#\/schema\/person\/f84e814e36e91e01448ee07eaadd41d4\"},\"headline\":\"Il Carnevale estivo del Guiscardo\",\"datePublished\":\"2013-08-05T20:09:48+00:00\",\"dateModified\":\"2013-08-05T20:09:48+00:00\",\"mainEntityOfPage\":{\"@id\":\"https:\/\/arteeluoghi.it\/index.php\/2013\/08\/05\/il-carnevale-estivo-del-guiscardo\/#webpage\"},\"wordCount\":388,\"commentCount\":0,\"publisher\":{\"@id\":\"https:\/\/arteeluoghi.it\/#organization\"},\"image\":{\"@id\":\"https:\/\/arteeluoghi.it\/index.php\/2013\/08\/05\/il-carnevale-estivo-del-guiscardo\/#primaryimage\"},\"thumbnailUrl\":\"\/images\/Il%20Carnevale%20estivo%20del%20Guiscardo.jpg\",\"articleSection\":[\"CuriosAr(t)e\"],\"inLanguage\":\"it-IT\",\"potentialAction\":[{\"@type\":\"CommentAction\",\"name\":\"Comment\",\"target\":[\"https:\/\/arteeluoghi.it\/index.php\/2013\/08\/05\/il-carnevale-estivo-del-guiscardo\/#respond\"]}]},{\"@type\":\"Person\",\"@id\":\"https:\/\/arteeluoghi.it\/#\/schema\/person\/f84e814e36e91e01448ee07eaadd41d4\",\"name\":\"Staff\",\"image\":{\"@type\":\"ImageObject\",\"@id\":\"https:\/\/arteeluoghi.it\/#personlogo\",\"inLanguage\":\"it-IT\",\"url\":\"https:\/\/secure.gravatar.com\/avatar\/49d2f9e46271bb04e19cebfaf141313a?s=96&d=blank&r=g\",\"contentUrl\":\"https:\/\/secure.gravatar.com\/avatar\/49d2f9e46271bb04e19cebfaf141313a?s=96&d=blank&r=g\",\"caption\":\"Staff\"}}]}<\/script>\n<!-- \/ Yoast SEO plugin. -->","yoast_head_json":{"title":"Il Carnevale estivo del Guiscardo | Arte e Luoghi","robots":{"index":"index","follow":"follow","max-snippet":"max-snippet:-1","max-image-preview":"max-image-preview:large","max-video-preview":"max-video-preview:-1"},"canonical":"https:\/\/arteeluoghi.it\/index.php\/2013\/08\/05\/il-carnevale-estivo-del-guiscardo\/","og_locale":"it_IT","og_type":"article","og_title":"Il Carnevale estivo del Guiscardo | Arte e Luoghi","og_description":"Gioved\u00ec 8 e venerd\u00ec 9 agosto 2013 nella cittadina normanna San Marco Argentano in provincia di Cosenza Spettacoli, danze e","og_url":"https:\/\/arteeluoghi.it\/index.php\/2013\/08\/05\/il-carnevale-estivo-del-guiscardo\/","og_site_name":"Arte e Luoghi","article_publisher":"https:\/\/www.facebook.com\/ArteELuoghi\/","article_published_time":"2013-08-05T20:09:48+00:00","og_image":[{"url":"https:\/\/arteeluoghi.it\/images\/Il%20Carnevale%20estivo%20del%20Guiscardo.jpg"}],"twitter_card":"summary","twitter_creator":"@arteeluoghi","twitter_site":"@arteeluoghi","twitter_misc":{"Scritto da":"Staff","Tempo di lettura stimato":"2 minuti"},"schema":{"@context":"https:\/\/schema.org","@graph":[{"@type":"Organization","@id":"https:\/\/arteeluoghi.it\/#organization","name":"Arte e Luoghi","url":"https:\/\/arteeluoghi.it\/","sameAs":["https:\/\/www.facebook.com\/ArteELuoghi\/","https:\/\/www.instagram.com\/arteeluoghi\/?hl=it","https:\/\/www.youtube.com\/channel\/UCuRVc4JW4-C5sg9rQB-srkw?view_as=subscriber","https:\/\/twitter.com\/arteeluoghi"],"logo":{"@type":"ImageObject","@id":"https:\/\/arteeluoghi.it\/#logo","inLanguage":"it-IT","url":"https:\/\/arteeluoghi.it\/wp-content\/uploads\/2018\/08\/logoinstagramarte.jpg","contentUrl":"https:\/\/arteeluoghi.it\/wp-content\/uploads\/2018\/08\/logoinstagramarte.jpg","width":150,"height":150,"caption":"Arte e Luoghi"},"image":{"@id":"https:\/\/arteeluoghi.it\/#logo"}},{"@type":"WebSite","@id":"https:\/\/arteeluoghi.it\/#website","url":"https:\/\/arteeluoghi.it\/","name":"Arte e Luoghi","description":"Mensile di arte, cultura, turismo e curiosit\u00e0","publisher":{"@id":"https:\/\/arteeluoghi.it\/#organization"},"potentialAction":[{"@type":"SearchAction","target":{"@type":"EntryPoint","urlTemplate":"https:\/\/arteeluoghi.it\/?s={search_term_string}"},"query-input":"required name=search_term_string"}],"inLanguage":"it-IT"},{"@type":"ImageObject","@id":"https:\/\/arteeluoghi.it\/index.php\/2013\/08\/05\/il-carnevale-estivo-del-guiscardo\/#primaryimage","inLanguage":"it-IT","url":"\/images\/Il%20Carnevale%20estivo%20del%20Guiscardo.jpg","contentUrl":"\/images\/Il%20Carnevale%20estivo%20del%20Guiscardo.jpg"},{"@type":"WebPage","@id":"https:\/\/arteeluoghi.it\/index.php\/2013\/08\/05\/il-carnevale-estivo-del-guiscardo\/#webpage","url":"https:\/\/arteeluoghi.it\/index.php\/2013\/08\/05\/il-carnevale-estivo-del-guiscardo\/","name":"Il Carnevale estivo del Guiscardo | Arte e Luoghi","isPartOf":{"@id":"https:\/\/arteeluoghi.it\/#website"},"primaryImageOfPage":{"@id":"https:\/\/arteeluoghi.it\/index.php\/2013\/08\/05\/il-carnevale-estivo-del-guiscardo\/#primaryimage"},"datePublished":"2013-08-05T20:09:48+00:00","dateModified":"2013-08-05T20:09:48+00:00","breadcrumb":{"@id":"https:\/\/arteeluoghi.it\/index.php\/2013\/08\/05\/il-carnevale-estivo-del-guiscardo\/#breadcrumb"},"inLanguage":"it-IT","potentialAction":[{"@type":"ReadAction","target":["https:\/\/arteeluoghi.it\/index.php\/2013\/08\/05\/il-carnevale-estivo-del-guiscardo\/"]}]},{"@type":"BreadcrumbList","@id":"https:\/\/arteeluoghi.it\/index.php\/2013\/08\/05\/il-carnevale-estivo-del-guiscardo\/#breadcrumb","itemListElement":[{"@type":"ListItem","position":1,"name":"Home","item":"https:\/\/arteeluoghi.it\/"},{"@type":"ListItem","position":2,"name":"Il Carnevale estivo del Guiscardo"}]},{"@type":"Article","@id":"https:\/\/arteeluoghi.it\/index.php\/2013\/08\/05\/il-carnevale-estivo-del-guiscardo\/#article","isPartOf":{"@id":"https:\/\/arteeluoghi.it\/index.php\/2013\/08\/05\/il-carnevale-estivo-del-guiscardo\/#webpage"},"author":{"@id":"https:\/\/arteeluoghi.it\/#\/schema\/person\/f84e814e36e91e01448ee07eaadd41d4"},"headline":"Il Carnevale estivo del Guiscardo","datePublished":"2013-08-05T20:09:48+00:00","dateModified":"2013-08-05T20:09:48+00:00","mainEntityOfPage":{"@id":"https:\/\/arteeluoghi.it\/index.php\/2013\/08\/05\/il-carnevale-estivo-del-guiscardo\/#webpage"},"wordCount":388,"commentCount":0,"publisher":{"@id":"https:\/\/arteeluoghi.it\/#organization"},"image":{"@id":"https:\/\/arteeluoghi.it\/index.php\/2013\/08\/05\/il-carnevale-estivo-del-guiscardo\/#primaryimage"},"thumbnailUrl":"\/images\/Il%20Carnevale%20estivo%20del%20Guiscardo.jpg","articleSection":["CuriosAr(t)e"],"inLanguage":"it-IT","potentialAction":[{"@type":"CommentAction","name":"Comment","target":["https:\/\/arteeluoghi.it\/index.php\/2013\/08\/05\/il-carnevale-estivo-del-guiscardo\/#respond"]}]},{"@type":"Person","@id":"https:\/\/arteeluoghi.it\/#\/schema\/person\/f84e814e36e91e01448ee07eaadd41d4","name":"Staff","image":{"@type":"ImageObject","@id":"https:\/\/arteeluoghi.it\/#personlogo","inLanguage":"it-IT","url":"https:\/\/secure.gravatar.com\/avatar\/49d2f9e46271bb04e19cebfaf141313a?s=96&d=blank&r=g","contentUrl":"https:\/\/secure.gravatar.com\/avatar\/49d2f9e46271bb04e19cebfaf141313a?s=96&d=blank&r=g","caption":"Staff"}}]}},"_links":{"self":[{"href":"https:\/\/arteeluoghi.it\/index.php\/wp-json\/wp\/v2\/posts\/1261"}],"collection":[{"href":"https:\/\/arteeluoghi.it\/index.php\/wp-json\/wp\/v2\/posts"}],"about":[{"href":"https:\/\/arteeluoghi.it\/index.php\/wp-json\/wp\/v2\/types\/post"}],"author":[{"embeddable":true,"href":"https:\/\/arteeluoghi.it\/index.php\/wp-json\/wp\/v2\/users\/1"}],"replies":[{"embeddable":true,"href":"https:\/\/arteeluoghi.it\/index.php\/wp-json\/wp\/v2\/comments?post=1261"}],"version-history":[{"count":0,"href":"https:\/\/arteeluoghi.it\/index.php\/wp-json\/wp\/v2\/posts\/1261\/revisions"}],"wp:attachment":[{"href":"https:\/\/arteeluoghi.it\/index.php\/wp-json\/wp\/v2\/media?parent=1261"}],"wp:term":[{"taxonomy":"category","embeddable":true,"href":"https:\/\/arteeluoghi.it\/index.php\/wp-json\/wp\/v2\/categories?post=1261"},{"taxonomy":"post_tag","embeddable":true,"href":"https:\/\/arteeluoghi.it\/index.php\/wp-json\/wp\/v2\/tags?post=1261"}],"curies":[{"name":"wp","href":"https:\/\/api.w.org\/{rel}","templated":true}]}}