{"id":12693,"date":"2023-04-02T15:13:06","date_gmt":"2023-04-02T13:13:06","guid":{"rendered":"https:\/\/arteeluoghi.it\/?p=12693"},"modified":"2023-04-02T15:13:07","modified_gmt":"2023-04-02T13:13:07","slug":"il-mesocosmo-al-museo-di-storia-naturale-di-calimera","status":"publish","type":"post","link":"https:\/\/arteeluoghi.it\/index.php\/2023\/04\/02\/il-mesocosmo-al-museo-di-storia-naturale-di-calimera\/","title":{"rendered":"Il Mesocosmo al Museo di Storia Naturale di Calimera"},"content":{"rendered":"\n<blockquote class=\"wp-block-quote\"><p>Riapre le sue porte da domenica 2 aprile con turni anche pomeridiani il Museo con la riproduzione di una foresta pluviale<\/p><\/blockquote>\n\n\n\n<p>La foresta pluviale a portata di mano, con le sue piante e i suoi animali, tra cui le farfalle. Riapre alle visite, da domenica 2 aprile alle 10 (turni anche nel pomeriggio), al Museo di Storia Naturale di Calimera il Mesocosmo, una riproduzione a media scala della foresta pluviale che garantisce la biodiversit\u00e0. Una serra tropicale in cui si snoda un percorso che fa vivere l\u2019emozione di vedere da vicino farfalle e uccelli esotici completamente liberi di volare attorno ai visitatori.<\/p>\n\n\n\n<!--more-->\n\n\n\n<p>Le farfalle che popolano il Mesocosmo sono di origine tropicale e vivono in luoghi con clima caldo-umido; provengono da fattorie specializzate nel loro allevamento, le quali ricorrono anche al prelievo in natura. Tale pratica consente a molte popolazioni delle aree tropicali ed equatoriali di intraprendere un\u2019attivit\u00e0 economica ecosostenibile, infatti grazie ai proventi dell\u2019allevamento e della raccolta delle larve e delle crisalidi di farfalle, si pu\u00f2 evitare di sottrarre alla foresta nuovi territori da impiegare in agricoltura, preservandone l\u2019integrit\u00e0.<\/p>\n\n\n\n<figure class=\"wp-block-gallery columns-3 is-cropped\"><ul class=\"blocks-gallery-grid\"><li class=\"blocks-gallery-item\"><figure><img loading=\"lazy\" width=\"768\" height=\"1024\" src=\"https:\/\/arteeluoghi.it\/wp-content\/uploads\/2023\/04\/mesocosmo3-768x1024.jpg\" alt=\"\" data-id=\"12697\" data-full-url=\"https:\/\/arteeluoghi.it\/wp-content\/uploads\/2023\/04\/mesocosmo3.jpg\" data-link=\"https:\/\/arteeluoghi.it\/?attachment_id=12697\" class=\"wp-image-12697\" srcset=\"https:\/\/arteeluoghi.it\/wp-content\/uploads\/2023\/04\/mesocosmo3-768x1024.jpg 768w, https:\/\/arteeluoghi.it\/wp-content\/uploads\/2023\/04\/mesocosmo3-225x300.jpg 225w, https:\/\/arteeluoghi.it\/wp-content\/uploads\/2023\/04\/mesocosmo3-1152x1536.jpg 1152w, https:\/\/arteeluoghi.it\/wp-content\/uploads\/2023\/04\/mesocosmo3.jpg 1200w\" sizes=\"(max-width: 768px) 100vw, 768px\" \/><\/figure><\/li><li class=\"blocks-gallery-item\"><figure><img loading=\"lazy\" width=\"768\" height=\"1024\" src=\"https:\/\/arteeluoghi.it\/wp-content\/uploads\/2023\/04\/mesocosmo1-768x1024.jpg\" alt=\"\" data-id=\"12695\" data-full-url=\"https:\/\/arteeluoghi.it\/wp-content\/uploads\/2023\/04\/mesocosmo1.jpg\" data-link=\"https:\/\/arteeluoghi.it\/?attachment_id=12695\" class=\"wp-image-12695\" srcset=\"https:\/\/arteeluoghi.it\/wp-content\/uploads\/2023\/04\/mesocosmo1-768x1024.jpg 768w, https:\/\/arteeluoghi.it\/wp-content\/uploads\/2023\/04\/mesocosmo1-225x300.jpg 225w, https:\/\/arteeluoghi.it\/wp-content\/uploads\/2023\/04\/mesocosmo1-1152x1536.jpg 1152w, https:\/\/arteeluoghi.it\/wp-content\/uploads\/2023\/04\/mesocosmo1.jpg 1200w\" sizes=\"(max-width: 768px) 100vw, 768px\" \/><\/figure><\/li><li class=\"blocks-gallery-item\"><figure><img loading=\"lazy\" width=\"768\" height=\"1024\" src=\"https:\/\/arteeluoghi.it\/wp-content\/uploads\/2023\/04\/mesocosmo-768x1024.jpg\" alt=\"\" data-id=\"12694\" data-full-url=\"https:\/\/arteeluoghi.it\/wp-content\/uploads\/2023\/04\/mesocosmo.jpg\" data-link=\"https:\/\/arteeluoghi.it\/?attachment_id=12694\" class=\"wp-image-12694\" srcset=\"https:\/\/arteeluoghi.it\/wp-content\/uploads\/2023\/04\/mesocosmo-768x1024.jpg 768w, https:\/\/arteeluoghi.it\/wp-content\/uploads\/2023\/04\/mesocosmo-225x300.jpg 225w, https:\/\/arteeluoghi.it\/wp-content\/uploads\/2023\/04\/mesocosmo-1152x1536.jpg 1152w, https:\/\/arteeluoghi.it\/wp-content\/uploads\/2023\/04\/mesocosmo.jpg 1200w\" sizes=\"(max-width: 768px) 100vw, 768px\" \/><\/figure><\/li><\/ul><\/figure>\n\n\n\n<p>La struttura \u00e8 unica nel suo genere in Italia meridionale ed \u00e8 una delle pi\u00f9 grandi in Europa con uno sviluppo di 630 mq. Nasce da un\u2019idea della Cooperativa NATURALIA, ente gestore del Museo di Storia naturale del Salento. Il clima all\u2019interno \u00e8 di tipo caldo-umido con temperature che oscillano tra i 27\u00b0 e i 30 \u00b0C e umidit\u00e0 relativa superiore all\u201980%, con impianto di irrigazione per simulare le piogge tropicali e impianto di raffrescamento per evitare un dannoso effetto serra. L\u2019impianto di raffrescamento \u00e8 stato progettato per utilizzare energie rinnovabili; infatti impiega la bassa temperatura dell\u2019acqua di falda freatica per raffreddare con induzione forzata le due ampie navate della serra.<\/p>\n\n\n\n<p>Non \u00e8 necessaria prenotazione. \u00c8 possibile visitare il Mesocosmo negli orari di apertura del Museo, dal marted\u00ec al venerd\u00ec dalle 9 alle 12 e dalle 15 alle 17, il sabato e la domenica dalle 10 alle 17. Info:\u00a0324\/8890790.<\/p>\n\n\n\n<p>(fonte: comunicato stampa)<\/p>\n","protected":false},"excerpt":{"rendered":"<p>Riapre le sue porte da domenica 2 aprile con turni anche pomeridiani il Museo con la riproduzione di una foresta<\/p>\n","protected":false},"author":1,"featured_media":12696,"comment_status":"open","ping_status":"open","sticky":true,"template":"","format":"standard","meta":[],"categories":[8,28],"tags":[2086,4965,4964,4963,4966],"yoast_head":"<!-- This site is optimized with the Yoast SEO plugin v18.0 - https:\/\/yoast.com\/wordpress\/plugins\/seo\/ -->\n<title>Il Mesocosmo al Museo di Storia Naturale di Calimera | Arte e Luoghi<\/title>\n<meta name=\"description\" content=\"Riapre le sue porte da domenica 2 aprile con turni anche pomeridiani il Museo con la riproduzione di una foresta pluviale\" \/>\n<meta name=\"robots\" content=\"index, follow, max-snippet:-1, max-image-preview:large, max-video-preview:-1\" \/>\n<link rel=\"canonical\" href=\"https:\/\/arteeluoghi.it\/index.php\/2023\/04\/02\/il-mesocosmo-al-museo-di-storia-naturale-di-calimera\/\" \/>\n<meta property=\"og:locale\" content=\"it_IT\" \/>\n<meta property=\"og:type\" content=\"article\" \/>\n<meta property=\"og:title\" content=\"Il Mesocosmo al Museo di Storia Naturale di Calimera | Arte e Luoghi\" \/>\n<meta property=\"og:description\" content=\"Riapre le sue porte da domenica 2 aprile con turni anche pomeridiani il Museo con la riproduzione di una foresta pluviale\" \/>\n<meta property=\"og:url\" content=\"https:\/\/arteeluoghi.it\/index.php\/2023\/04\/02\/il-mesocosmo-al-museo-di-storia-naturale-di-calimera\/\" \/>\n<meta property=\"og:site_name\" content=\"Arte e Luoghi\" \/>\n<meta property=\"article:publisher\" content=\"https:\/\/www.facebook.com\/ArteELuoghi\/\" \/>\n<meta property=\"article:published_time\" content=\"2023-04-02T13:13:06+00:00\" \/>\n<meta property=\"article:modified_time\" content=\"2023-04-02T13:13:07+00:00\" \/>\n<meta property=\"og:image\" content=\"https:\/\/arteeluoghi.it\/wp-content\/uploads\/2023\/04\/mesocosmo2.jpg\" \/>\n\t<meta property=\"og:image:width\" content=\"1536\" \/>\n\t<meta property=\"og:image:height\" content=\"2048\" \/>\n\t<meta property=\"og:image:type\" content=\"image\/jpeg\" \/>\n<meta name=\"twitter:card\" content=\"summary\" \/>\n<meta name=\"twitter:creator\" content=\"@arteeluoghi\" \/>\n<meta name=\"twitter:site\" content=\"@arteeluoghi\" \/>\n<meta name=\"twitter:label1\" content=\"Scritto da\" \/>\n\t<meta name=\"twitter:data1\" content=\"Staff\" \/>\n\t<meta name=\"twitter:label2\" content=\"Tempo di lettura stimato\" \/>\n\t<meta name=\"twitter:data2\" content=\"3 minuti\" \/>\n<script type=\"application\/ld+json\" class=\"yoast-schema-graph\">{\"@context\":\"https:\/\/schema.org\",\"@graph\":[{\"@type\":\"Organization\",\"@id\":\"https:\/\/arteeluoghi.it\/#organization\",\"name\":\"Arte e Luoghi\",\"url\":\"https:\/\/arteeluoghi.it\/\",\"sameAs\":[\"https:\/\/www.facebook.com\/ArteELuoghi\/\",\"https:\/\/www.instagram.com\/arteeluoghi\/?hl=it\",\"https:\/\/www.youtube.com\/channel\/UCuRVc4JW4-C5sg9rQB-srkw?view_as=subscriber\",\"https:\/\/twitter.com\/arteeluoghi\"],\"logo\":{\"@type\":\"ImageObject\",\"@id\":\"https:\/\/arteeluoghi.it\/#logo\",\"inLanguage\":\"it-IT\",\"url\":\"https:\/\/arteeluoghi.it\/wp-content\/uploads\/2018\/08\/logoinstagramarte.jpg\",\"contentUrl\":\"https:\/\/arteeluoghi.it\/wp-content\/uploads\/2018\/08\/logoinstagramarte.jpg\",\"width\":150,\"height\":150,\"caption\":\"Arte e Luoghi\"},\"image\":{\"@id\":\"https:\/\/arteeluoghi.it\/#logo\"}},{\"@type\":\"WebSite\",\"@id\":\"https:\/\/arteeluoghi.it\/#website\",\"url\":\"https:\/\/arteeluoghi.it\/\",\"name\":\"Arte e Luoghi\",\"description\":\"Mensile di arte, cultura, turismo e curiosit\u00e0\",\"publisher\":{\"@id\":\"https:\/\/arteeluoghi.it\/#organization\"},\"potentialAction\":[{\"@type\":\"SearchAction\",\"target\":{\"@type\":\"EntryPoint\",\"urlTemplate\":\"https:\/\/arteeluoghi.it\/?s={search_term_string}\"},\"query-input\":\"required name=search_term_string\"}],\"inLanguage\":\"it-IT\"},{\"@type\":\"ImageObject\",\"@id\":\"https:\/\/arteeluoghi.it\/index.php\/2023\/04\/02\/il-mesocosmo-al-museo-di-storia-naturale-di-calimera\/#primaryimage\",\"inLanguage\":\"it-IT\",\"url\":\"https:\/\/arteeluoghi.it\/wp-content\/uploads\/2023\/04\/mesocosmo2.jpg\",\"contentUrl\":\"https:\/\/arteeluoghi.it\/wp-content\/uploads\/2023\/04\/mesocosmo2.jpg\",\"width\":1536,\"height\":2048},{\"@type\":\"WebPage\",\"@id\":\"https:\/\/arteeluoghi.it\/index.php\/2023\/04\/02\/il-mesocosmo-al-museo-di-storia-naturale-di-calimera\/#webpage\",\"url\":\"https:\/\/arteeluoghi.it\/index.php\/2023\/04\/02\/il-mesocosmo-al-museo-di-storia-naturale-di-calimera\/\",\"name\":\"Il Mesocosmo al Museo di Storia Naturale di Calimera | Arte e Luoghi\",\"isPartOf\":{\"@id\":\"https:\/\/arteeluoghi.it\/#website\"},\"primaryImageOfPage\":{\"@id\":\"https:\/\/arteeluoghi.it\/index.php\/2023\/04\/02\/il-mesocosmo-al-museo-di-storia-naturale-di-calimera\/#primaryimage\"},\"datePublished\":\"2023-04-02T13:13:06+00:00\",\"dateModified\":\"2023-04-02T13:13:07+00:00\",\"description\":\"Riapre le sue porte da domenica 2 aprile con turni anche pomeridiani il Museo con la riproduzione di una foresta pluviale\",\"breadcrumb\":{\"@id\":\"https:\/\/arteeluoghi.it\/index.php\/2023\/04\/02\/il-mesocosmo-al-museo-di-storia-naturale-di-calimera\/#breadcrumb\"},\"inLanguage\":\"it-IT\",\"potentialAction\":[{\"@type\":\"ReadAction\",\"target\":[\"https:\/\/arteeluoghi.it\/index.php\/2023\/04\/02\/il-mesocosmo-al-museo-di-storia-naturale-di-calimera\/\"]}]},{\"@type\":\"BreadcrumbList\",\"@id\":\"https:\/\/arteeluoghi.it\/index.php\/2023\/04\/02\/il-mesocosmo-al-museo-di-storia-naturale-di-calimera\/#breadcrumb\",\"itemListElement\":[{\"@type\":\"ListItem\",\"position\":1,\"name\":\"Home\",\"item\":\"https:\/\/arteeluoghi.it\/\"},{\"@type\":\"ListItem\",\"position\":2,\"name\":\"Il Mesocosmo al Museo di Storia Naturale di Calimera\"}]},{\"@type\":\"Article\",\"@id\":\"https:\/\/arteeluoghi.it\/index.php\/2023\/04\/02\/il-mesocosmo-al-museo-di-storia-naturale-di-calimera\/#article\",\"isPartOf\":{\"@id\":\"https:\/\/arteeluoghi.it\/index.php\/2023\/04\/02\/il-mesocosmo-al-museo-di-storia-naturale-di-calimera\/#webpage\"},\"author\":{\"@id\":\"https:\/\/arteeluoghi.it\/#\/schema\/person\/f84e814e36e91e01448ee07eaadd41d4\"},\"headline\":\"Il Mesocosmo al Museo di Storia Naturale di Calimera\",\"datePublished\":\"2023-04-02T13:13:06+00:00\",\"dateModified\":\"2023-04-02T13:13:07+00:00\",\"mainEntityOfPage\":{\"@id\":\"https:\/\/arteeluoghi.it\/index.php\/2023\/04\/02\/il-mesocosmo-al-museo-di-storia-naturale-di-calimera\/#webpage\"},\"wordCount\":331,\"commentCount\":0,\"publisher\":{\"@id\":\"https:\/\/arteeluoghi.it\/#organization\"},\"image\":{\"@id\":\"https:\/\/arteeluoghi.it\/index.php\/2023\/04\/02\/il-mesocosmo-al-museo-di-storia-naturale-di-calimera\/#primaryimage\"},\"thumbnailUrl\":\"https:\/\/arteeluoghi.it\/wp-content\/uploads\/2023\/04\/mesocosmo2.jpg\",\"keywords\":[\"Calimera\",\"farfalle\",\"Mescosmo\",\"Museo di Storia Naturale\",\"uccelli tropicali\"],\"articleSection\":[\"LUOGHI\",\"Notizie\"],\"inLanguage\":\"it-IT\",\"potentialAction\":[{\"@type\":\"CommentAction\",\"name\":\"Comment\",\"target\":[\"https:\/\/arteeluoghi.it\/index.php\/2023\/04\/02\/il-mesocosmo-al-museo-di-storia-naturale-di-calimera\/#respond\"]}]},{\"@type\":\"Person\",\"@id\":\"https:\/\/arteeluoghi.it\/#\/schema\/person\/f84e814e36e91e01448ee07eaadd41d4\",\"name\":\"Staff\",\"image\":{\"@type\":\"ImageObject\",\"@id\":\"https:\/\/arteeluoghi.it\/#personlogo\",\"inLanguage\":\"it-IT\",\"url\":\"https:\/\/secure.gravatar.com\/avatar\/49d2f9e46271bb04e19cebfaf141313a?s=96&d=blank&r=g\",\"contentUrl\":\"https:\/\/secure.gravatar.com\/avatar\/49d2f9e46271bb04e19cebfaf141313a?s=96&d=blank&r=g\",\"caption\":\"Staff\"}}]}<\/script>\n<!-- \/ Yoast SEO plugin. -->","yoast_head_json":{"title":"Il Mesocosmo al Museo di Storia Naturale di Calimera | Arte e Luoghi","description":"Riapre le sue porte da domenica 2 aprile con turni anche pomeridiani il Museo con la riproduzione di una foresta pluviale","robots":{"index":"index","follow":"follow","max-snippet":"max-snippet:-1","max-image-preview":"max-image-preview:large","max-video-preview":"max-video-preview:-1"},"canonical":"https:\/\/arteeluoghi.it\/index.php\/2023\/04\/02\/il-mesocosmo-al-museo-di-storia-naturale-di-calimera\/","og_locale":"it_IT","og_type":"article","og_title":"Il Mesocosmo al Museo di Storia Naturale di Calimera | Arte e Luoghi","og_description":"Riapre le sue porte da domenica 2 aprile con turni anche pomeridiani il Museo con la riproduzione di una foresta pluviale","og_url":"https:\/\/arteeluoghi.it\/index.php\/2023\/04\/02\/il-mesocosmo-al-museo-di-storia-naturale-di-calimera\/","og_site_name":"Arte e Luoghi","article_publisher":"https:\/\/www.facebook.com\/ArteELuoghi\/","article_published_time":"2023-04-02T13:13:06+00:00","article_modified_time":"2023-04-02T13:13:07+00:00","og_image":[{"width":1536,"height":2048,"url":"https:\/\/arteeluoghi.it\/wp-content\/uploads\/2023\/04\/mesocosmo2.jpg","type":"image\/jpeg"}],"twitter_card":"summary","twitter_creator":"@arteeluoghi","twitter_site":"@arteeluoghi","twitter_misc":{"Scritto da":"Staff","Tempo di lettura stimato":"3 minuti"},"schema":{"@context":"https:\/\/schema.org","@graph":[{"@type":"Organization","@id":"https:\/\/arteeluoghi.it\/#organization","name":"Arte e Luoghi","url":"https:\/\/arteeluoghi.it\/","sameAs":["https:\/\/www.facebook.com\/ArteELuoghi\/","https:\/\/www.instagram.com\/arteeluoghi\/?hl=it","https:\/\/www.youtube.com\/channel\/UCuRVc4JW4-C5sg9rQB-srkw?view_as=subscriber","https:\/\/twitter.com\/arteeluoghi"],"logo":{"@type":"ImageObject","@id":"https:\/\/arteeluoghi.it\/#logo","inLanguage":"it-IT","url":"https:\/\/arteeluoghi.it\/wp-content\/uploads\/2018\/08\/logoinstagramarte.jpg","contentUrl":"https:\/\/arteeluoghi.it\/wp-content\/uploads\/2018\/08\/logoinstagramarte.jpg","width":150,"height":150,"caption":"Arte e Luoghi"},"image":{"@id":"https:\/\/arteeluoghi.it\/#logo"}},{"@type":"WebSite","@id":"https:\/\/arteeluoghi.it\/#website","url":"https:\/\/arteeluoghi.it\/","name":"Arte e Luoghi","description":"Mensile di arte, cultura, turismo e curiosit\u00e0","publisher":{"@id":"https:\/\/arteeluoghi.it\/#organization"},"potentialAction":[{"@type":"SearchAction","target":{"@type":"EntryPoint","urlTemplate":"https:\/\/arteeluoghi.it\/?s={search_term_string}"},"query-input":"required name=search_term_string"}],"inLanguage":"it-IT"},{"@type":"ImageObject","@id":"https:\/\/arteeluoghi.it\/index.php\/2023\/04\/02\/il-mesocosmo-al-museo-di-storia-naturale-di-calimera\/#primaryimage","inLanguage":"it-IT","url":"https:\/\/arteeluoghi.it\/wp-content\/uploads\/2023\/04\/mesocosmo2.jpg","contentUrl":"https:\/\/arteeluoghi.it\/wp-content\/uploads\/2023\/04\/mesocosmo2.jpg","width":1536,"height":2048},{"@type":"WebPage","@id":"https:\/\/arteeluoghi.it\/index.php\/2023\/04\/02\/il-mesocosmo-al-museo-di-storia-naturale-di-calimera\/#webpage","url":"https:\/\/arteeluoghi.it\/index.php\/2023\/04\/02\/il-mesocosmo-al-museo-di-storia-naturale-di-calimera\/","name":"Il Mesocosmo al Museo di Storia Naturale di Calimera | Arte e Luoghi","isPartOf":{"@id":"https:\/\/arteeluoghi.it\/#website"},"primaryImageOfPage":{"@id":"https:\/\/arteeluoghi.it\/index.php\/2023\/04\/02\/il-mesocosmo-al-museo-di-storia-naturale-di-calimera\/#primaryimage"},"datePublished":"2023-04-02T13:13:06+00:00","dateModified":"2023-04-02T13:13:07+00:00","description":"Riapre le sue porte da domenica 2 aprile con turni anche pomeridiani il Museo con la riproduzione di una foresta pluviale","breadcrumb":{"@id":"https:\/\/arteeluoghi.it\/index.php\/2023\/04\/02\/il-mesocosmo-al-museo-di-storia-naturale-di-calimera\/#breadcrumb"},"inLanguage":"it-IT","potentialAction":[{"@type":"ReadAction","target":["https:\/\/arteeluoghi.it\/index.php\/2023\/04\/02\/il-mesocosmo-al-museo-di-storia-naturale-di-calimera\/"]}]},{"@type":"BreadcrumbList","@id":"https:\/\/arteeluoghi.it\/index.php\/2023\/04\/02\/il-mesocosmo-al-museo-di-storia-naturale-di-calimera\/#breadcrumb","itemListElement":[{"@type":"ListItem","position":1,"name":"Home","item":"https:\/\/arteeluoghi.it\/"},{"@type":"ListItem","position":2,"name":"Il Mesocosmo al Museo di Storia Naturale di Calimera"}]},{"@type":"Article","@id":"https:\/\/arteeluoghi.it\/index.php\/2023\/04\/02\/il-mesocosmo-al-museo-di-storia-naturale-di-calimera\/#article","isPartOf":{"@id":"https:\/\/arteeluoghi.it\/index.php\/2023\/04\/02\/il-mesocosmo-al-museo-di-storia-naturale-di-calimera\/#webpage"},"author":{"@id":"https:\/\/arteeluoghi.it\/#\/schema\/person\/f84e814e36e91e01448ee07eaadd41d4"},"headline":"Il Mesocosmo al Museo di Storia Naturale di Calimera","datePublished":"2023-04-02T13:13:06+00:00","dateModified":"2023-04-02T13:13:07+00:00","mainEntityOfPage":{"@id":"https:\/\/arteeluoghi.it\/index.php\/2023\/04\/02\/il-mesocosmo-al-museo-di-storia-naturale-di-calimera\/#webpage"},"wordCount":331,"commentCount":0,"publisher":{"@id":"https:\/\/arteeluoghi.it\/#organization"},"image":{"@id":"https:\/\/arteeluoghi.it\/index.php\/2023\/04\/02\/il-mesocosmo-al-museo-di-storia-naturale-di-calimera\/#primaryimage"},"thumbnailUrl":"https:\/\/arteeluoghi.it\/wp-content\/uploads\/2023\/04\/mesocosmo2.jpg","keywords":["Calimera","farfalle","Mescosmo","Museo di Storia Naturale","uccelli tropicali"],"articleSection":["LUOGHI","Notizie"],"inLanguage":"it-IT","potentialAction":[{"@type":"CommentAction","name":"Comment","target":["https:\/\/arteeluoghi.it\/index.php\/2023\/04\/02\/il-mesocosmo-al-museo-di-storia-naturale-di-calimera\/#respond"]}]},{"@type":"Person","@id":"https:\/\/arteeluoghi.it\/#\/schema\/person\/f84e814e36e91e01448ee07eaadd41d4","name":"Staff","image":{"@type":"ImageObject","@id":"https:\/\/arteeluoghi.it\/#personlogo","inLanguage":"it-IT","url":"https:\/\/secure.gravatar.com\/avatar\/49d2f9e46271bb04e19cebfaf141313a?s=96&d=blank&r=g","contentUrl":"https:\/\/secure.gravatar.com\/avatar\/49d2f9e46271bb04e19cebfaf141313a?s=96&d=blank&r=g","caption":"Staff"}}]}},"_links":{"self":[{"href":"https:\/\/arteeluoghi.it\/index.php\/wp-json\/wp\/v2\/posts\/12693"}],"collection":[{"href":"https:\/\/arteeluoghi.it\/index.php\/wp-json\/wp\/v2\/posts"}],"about":[{"href":"https:\/\/arteeluoghi.it\/index.php\/wp-json\/wp\/v2\/types\/post"}],"author":[{"embeddable":true,"href":"https:\/\/arteeluoghi.it\/index.php\/wp-json\/wp\/v2\/users\/1"}],"replies":[{"embeddable":true,"href":"https:\/\/arteeluoghi.it\/index.php\/wp-json\/wp\/v2\/comments?post=12693"}],"version-history":[{"count":1,"href":"https:\/\/arteeluoghi.it\/index.php\/wp-json\/wp\/v2\/posts\/12693\/revisions"}],"predecessor-version":[{"id":12698,"href":"https:\/\/arteeluoghi.it\/index.php\/wp-json\/wp\/v2\/posts\/12693\/revisions\/12698"}],"wp:featuredmedia":[{"embeddable":true,"href":"https:\/\/arteeluoghi.it\/index.php\/wp-json\/wp\/v2\/media\/12696"}],"wp:attachment":[{"href":"https:\/\/arteeluoghi.it\/index.php\/wp-json\/wp\/v2\/media?parent=12693"}],"wp:term":[{"taxonomy":"category","embeddable":true,"href":"https:\/\/arteeluoghi.it\/index.php\/wp-json\/wp\/v2\/categories?post=12693"},{"taxonomy":"post_tag","embeddable":true,"href":"https:\/\/arteeluoghi.it\/index.php\/wp-json\/wp\/v2\/tags?post=12693"}],"curies":[{"name":"wp","href":"https:\/\/api.w.org\/{rel}","templated":true}]}}