{"id":1270,"date":"2013-08-09T12:14:30","date_gmt":"2013-08-09T10:14:30","guid":{"rendered":"http:\/\/arteeluoghi.it\/index.php\/2013\/08\/09\/estate\/"},"modified":"2017-08-06T23:57:51","modified_gmt":"2017-08-06T21:57:51","slug":"estate","status":"publish","type":"post","link":"https:\/\/arteeluoghi.it\/index.php\/2013\/08\/09\/estate\/","title":{"rendered":"Campagna per la  Sicurezza stradale. Estate 2013"},"content":{"rendered":"<p><img src=\"\/images\/sindaco%20delli%20noci%20e%20pasqualini%20sicurezza%20stradale.jpg\" border=\"0\" title=\"Il sindaco di Lecce Paolo Perrone (al centro) con gli assessori Alessandro Delli NOci e Luca Pasqualini\" width=\"300\" style=\"margin: 21px; float: left;\" \/><\/p>\n<p align=\"center\"><strong>\u00a0<\/strong><\/p>\n<p align=\"center\"><strong>\u201cLo sballo pi\u00f9 bello \u00e8 poterlo raccontare. Stay happy\u2026 Stay alive\u201d<\/strong><\/p>\n<p align=\"center\"><strong>Testimonial Mingo De Pasquale, attore e storico inviato di Striscia La Notizia<\/strong><\/p>\n<p>Continua &#8211; sulle plance 6&#215;3 della citt\u00e0 di Lecce, sulle magliette di centinaia di giovani leccesi e sulle cartoline distribuite nei lidi balneari e nelle principali localit\u00e0 di villeggiatura del Salento &#8211; \u00a0la campagna di sensibilizzazione per la sicurezza stradale,\u00a0 ideata da <strong>Mingo De Pasquale<\/strong>, attore e storico inviato di \u2018Striscia La Notizia\u2019, con la collaborazione delle <strong>Officine Cantelmo<\/strong> e <strong>dell\u2019Assessorato alle Politiche giovanili del Comune di Lecce.<\/strong><\/p>\n<p>  <!--more-->  <\/p>\n<p>\u00a0<\/p>\n<p>Quest\u2019anno, il Comune di Lecce ha accettato la proposta dello staff di comunicazione del celebre personaggio televisivo e si \u00e8 impegnato a farsene promotore e portavoce verso i cittadini, mettendo a disposizione gli spazi pubblicitari sulle plance 6&#215;3 disponibili in diversi punti della citt\u00e0 e garantendone una adeguata comunicazione attraverso i suoi canali ufficiali.<\/p>\n<p>Cos\u00ec il Sindaco <strong>Paolo Perrone<\/strong>: \u201c<em>E\u2019 un impegno che abbiamo voluto prendere in virt\u00f9 degli ultimi dati, sempre pi\u00f9 allarmanti, che provengono dalle strade. Ringrazio lo staff di Mingo che, per il terzo anno consecutivo e gratuitamente, porta avanti questo lodevole progetto, e lo ringrazio per aver scelto il Salento, importante meta di villeggiatura e di turismo, per dare avvio alla sua campagna. Come Comune di Lecce saremo sempre ben lieti di appoggiare simili iniziative, e se alla fine del periodo estivo avremmo contribuito a salvare anche solo una vita umana, l\u2019obiettivo di questa campagna sar\u00e0 stato raggiunto con successo<\/em>\u201d.<\/p>\n<p>\u201c<em>La delega che ho l\u2019onore di rappresentare \u00a0\u2013 gli fa eco <strong>Alessandro Delli Noci<\/strong>, assessore alle Politiche Giovanili del Comune di Lecce &#8211; mi porta a sentire sulle spalle il peso di una responsabilit\u00e0 importante nei confronti dei giovani, che, troppo spesso<\/em>, con maggiore incidenza nel periodo estivo, <em>\u00a0perdono la loro vita sulle strade. Consapevole, quindi, di non poter rimanere impassibile di fronte a questo dato cos\u00ec allarmante, ho accettato con entusiasmo questa sfida, che non intende \u00a0demonizzare il divertimento o inneggiare all\u2019astinenza, quanto diffondere un messaggio di prudenza e di consapevolezza.<\/em> <em>E\u2019 fondamentale, infatti, che i giovani prendano coscienza dei rischi, non si mettano sulla strada dopo una sbronza o lascino la guida ad un amico sobrio. La cosa importante, come recita lo slogan che \u00e8 stato scelto, \u00e8 che ci si possa ritrovare il giorno dopo per raccontarlo e riderci su\u201d. <\/em><\/p>\n<p>L\u2019Assessore alla Polizia Municipale e al Traffico del Comune di Lecce <strong>Luca Pasqualini <\/strong>ricorda poi come il Comune di Lecce sia gi\u00e0 impegnato in un percorso di sensibilizzazione per la sicurezza stradale: <em>\u201cSiamo consapevoli dell\u2019importanza dell\u2019argomento e, come assessorato, siamo impegnati a svolgere attivit\u00e0 di sensibilizzazione nelle scuole, certi che la consapevolezza dei pericoli e delle conseguenze drammatiche di una guida spericolata o non sicura si acquisisce sin dall\u2019infanzia. Questa campagna di comunicazione \u00e8 un valore aggiunto rispetto ad un percorso che deve essere duraturo e ininterrotto<\/em>\u201d.<\/p>\n<p style=\"text-align: left;\">La campagna di sensibilizzazione per la sicurezza stradale del Comune di Lecce rientra in un piano di iniziative per la candidatura di Lecce a Capitale della Cultura 2019. A tal proposito, l\u2019Ass. <strong>Delli Noci <\/strong>sottolinea come<em> \u201cin una citt\u00e0 che aspira a diventare Capitale della Cultura, la cultura della vita deve diventare una priorit\u00e0. Siamo certi che il raggiungimento di un risultato cos\u00ec importante, quale la attribuzione di questo importante titolo, debba passare anche da una mentalit\u00e0 e uno stile di vita rispettosi di se stessi e degli altri <\/em>\u201d.<\/p>\n<p>(fonte: comunicato stampa)<\/p>\n","protected":false},"excerpt":{"rendered":"<p>\u00a0 \u201cLo sballo pi\u00f9 bello \u00e8 poterlo raccontare. Stay happy\u2026 Stay alive\u201d Testimonial Mingo De Pasquale, attore e storico inviato<\/p>\n","protected":false},"author":1,"featured_media":0,"comment_status":"open","ping_status":"open","sticky":false,"template":"","format":"standard","meta":[],"categories":[28],"tags":[],"yoast_head":"<!-- This site is optimized with the Yoast SEO plugin v18.0 - https:\/\/yoast.com\/wordpress\/plugins\/seo\/ -->\n<title>Campagna per la Sicurezza stradale. Estate 2013 | Arte e Luoghi<\/title>\n<meta name=\"robots\" content=\"index, follow, max-snippet:-1, max-image-preview:large, max-video-preview:-1\" \/>\n<link rel=\"canonical\" href=\"https:\/\/arteeluoghi.it\/index.php\/2013\/08\/09\/estate\/\" \/>\n<meta property=\"og:locale\" content=\"it_IT\" \/>\n<meta property=\"og:type\" content=\"article\" \/>\n<meta property=\"og:title\" content=\"Campagna per la Sicurezza stradale. Estate 2013 | Arte e Luoghi\" \/>\n<meta property=\"og:description\" content=\"\u00a0 \u201cLo sballo pi\u00f9 bello \u00e8 poterlo raccontare. Stay happy\u2026 Stay alive\u201d Testimonial Mingo De Pasquale, attore e storico inviato\" \/>\n<meta property=\"og:url\" content=\"https:\/\/arteeluoghi.it\/index.php\/2013\/08\/09\/estate\/\" \/>\n<meta property=\"og:site_name\" content=\"Arte e Luoghi\" \/>\n<meta property=\"article:publisher\" content=\"https:\/\/www.facebook.com\/ArteELuoghi\/\" \/>\n<meta property=\"article:published_time\" content=\"2013-08-09T10:14:30+00:00\" \/>\n<meta property=\"article:modified_time\" content=\"2017-08-06T21:57:51+00:00\" \/>\n<meta property=\"og:image\" content=\"https:\/\/arteeluoghi.it\/images\/sindaco%20delli%20noci%20e%20pasqualini%20sicurezza%20stradale.jpg\" \/>\n<meta name=\"twitter:card\" content=\"summary\" \/>\n<meta name=\"twitter:creator\" content=\"@arteeluoghi\" \/>\n<meta name=\"twitter:site\" content=\"@arteeluoghi\" \/>\n<meta name=\"twitter:label1\" content=\"Scritto da\" \/>\n\t<meta name=\"twitter:data1\" content=\"Staff\" \/>\n\t<meta name=\"twitter:label2\" content=\"Tempo di lettura stimato\" \/>\n\t<meta name=\"twitter:data2\" content=\"3 minuti\" \/>\n<script type=\"application\/ld+json\" class=\"yoast-schema-graph\">{\"@context\":\"https:\/\/schema.org\",\"@graph\":[{\"@type\":\"Organization\",\"@id\":\"https:\/\/arteeluoghi.it\/#organization\",\"name\":\"Arte e Luoghi\",\"url\":\"https:\/\/arteeluoghi.it\/\",\"sameAs\":[\"https:\/\/www.facebook.com\/ArteELuoghi\/\",\"https:\/\/www.instagram.com\/arteeluoghi\/?hl=it\",\"https:\/\/www.youtube.com\/channel\/UCuRVc4JW4-C5sg9rQB-srkw?view_as=subscriber\",\"https:\/\/twitter.com\/arteeluoghi\"],\"logo\":{\"@type\":\"ImageObject\",\"@id\":\"https:\/\/arteeluoghi.it\/#logo\",\"inLanguage\":\"it-IT\",\"url\":\"https:\/\/arteeluoghi.it\/wp-content\/uploads\/2018\/08\/logoinstagramarte.jpg\",\"contentUrl\":\"https:\/\/arteeluoghi.it\/wp-content\/uploads\/2018\/08\/logoinstagramarte.jpg\",\"width\":150,\"height\":150,\"caption\":\"Arte e Luoghi\"},\"image\":{\"@id\":\"https:\/\/arteeluoghi.it\/#logo\"}},{\"@type\":\"WebSite\",\"@id\":\"https:\/\/arteeluoghi.it\/#website\",\"url\":\"https:\/\/arteeluoghi.it\/\",\"name\":\"Arte e Luoghi\",\"description\":\"Mensile di arte, cultura, turismo e curiosit\u00e0\",\"publisher\":{\"@id\":\"https:\/\/arteeluoghi.it\/#organization\"},\"potentialAction\":[{\"@type\":\"SearchAction\",\"target\":{\"@type\":\"EntryPoint\",\"urlTemplate\":\"https:\/\/arteeluoghi.it\/?s={search_term_string}\"},\"query-input\":\"required name=search_term_string\"}],\"inLanguage\":\"it-IT\"},{\"@type\":\"ImageObject\",\"@id\":\"https:\/\/arteeluoghi.it\/index.php\/2013\/08\/09\/estate\/#primaryimage\",\"inLanguage\":\"it-IT\",\"url\":\"\/images\/sindaco%20delli%20noci%20e%20pasqualini%20sicurezza%20stradale.jpg\",\"contentUrl\":\"\/images\/sindaco%20delli%20noci%20e%20pasqualini%20sicurezza%20stradale.jpg\"},{\"@type\":\"WebPage\",\"@id\":\"https:\/\/arteeluoghi.it\/index.php\/2013\/08\/09\/estate\/#webpage\",\"url\":\"https:\/\/arteeluoghi.it\/index.php\/2013\/08\/09\/estate\/\",\"name\":\"Campagna per la Sicurezza stradale. Estate 2013 | Arte e Luoghi\",\"isPartOf\":{\"@id\":\"https:\/\/arteeluoghi.it\/#website\"},\"primaryImageOfPage\":{\"@id\":\"https:\/\/arteeluoghi.it\/index.php\/2013\/08\/09\/estate\/#primaryimage\"},\"datePublished\":\"2013-08-09T10:14:30+00:00\",\"dateModified\":\"2017-08-06T21:57:51+00:00\",\"breadcrumb\":{\"@id\":\"https:\/\/arteeluoghi.it\/index.php\/2013\/08\/09\/estate\/#breadcrumb\"},\"inLanguage\":\"it-IT\",\"potentialAction\":[{\"@type\":\"ReadAction\",\"target\":[\"https:\/\/arteeluoghi.it\/index.php\/2013\/08\/09\/estate\/\"]}]},{\"@type\":\"BreadcrumbList\",\"@id\":\"https:\/\/arteeluoghi.it\/index.php\/2013\/08\/09\/estate\/#breadcrumb\",\"itemListElement\":[{\"@type\":\"ListItem\",\"position\":1,\"name\":\"Home\",\"item\":\"https:\/\/arteeluoghi.it\/\"},{\"@type\":\"ListItem\",\"position\":2,\"name\":\"Campagna per la Sicurezza stradale. Estate 2013\"}]},{\"@type\":\"Article\",\"@id\":\"https:\/\/arteeluoghi.it\/index.php\/2013\/08\/09\/estate\/#article\",\"isPartOf\":{\"@id\":\"https:\/\/arteeluoghi.it\/index.php\/2013\/08\/09\/estate\/#webpage\"},\"author\":{\"@id\":\"https:\/\/arteeluoghi.it\/#\/schema\/person\/f84e814e36e91e01448ee07eaadd41d4\"},\"headline\":\"Campagna per la Sicurezza stradale. Estate 2013\",\"datePublished\":\"2013-08-09T10:14:30+00:00\",\"dateModified\":\"2017-08-06T21:57:51+00:00\",\"mainEntityOfPage\":{\"@id\":\"https:\/\/arteeluoghi.it\/index.php\/2013\/08\/09\/estate\/#webpage\"},\"wordCount\":576,\"commentCount\":0,\"publisher\":{\"@id\":\"https:\/\/arteeluoghi.it\/#organization\"},\"image\":{\"@id\":\"https:\/\/arteeluoghi.it\/index.php\/2013\/08\/09\/estate\/#primaryimage\"},\"thumbnailUrl\":\"\/images\/sindaco%20delli%20noci%20e%20pasqualini%20sicurezza%20stradale.jpg\",\"articleSection\":[\"Notizie\"],\"inLanguage\":\"it-IT\",\"potentialAction\":[{\"@type\":\"CommentAction\",\"name\":\"Comment\",\"target\":[\"https:\/\/arteeluoghi.it\/index.php\/2013\/08\/09\/estate\/#respond\"]}]},{\"@type\":\"Person\",\"@id\":\"https:\/\/arteeluoghi.it\/#\/schema\/person\/f84e814e36e91e01448ee07eaadd41d4\",\"name\":\"Staff\",\"image\":{\"@type\":\"ImageObject\",\"@id\":\"https:\/\/arteeluoghi.it\/#personlogo\",\"inLanguage\":\"it-IT\",\"url\":\"https:\/\/secure.gravatar.com\/avatar\/49d2f9e46271bb04e19cebfaf141313a?s=96&d=blank&r=g\",\"contentUrl\":\"https:\/\/secure.gravatar.com\/avatar\/49d2f9e46271bb04e19cebfaf141313a?s=96&d=blank&r=g\",\"caption\":\"Staff\"}}]}<\/script>\n<!-- \/ Yoast SEO plugin. -->","yoast_head_json":{"title":"Campagna per la Sicurezza stradale. Estate 2013 | Arte e Luoghi","robots":{"index":"index","follow":"follow","max-snippet":"max-snippet:-1","max-image-preview":"max-image-preview:large","max-video-preview":"max-video-preview:-1"},"canonical":"https:\/\/arteeluoghi.it\/index.php\/2013\/08\/09\/estate\/","og_locale":"it_IT","og_type":"article","og_title":"Campagna per la Sicurezza stradale. Estate 2013 | Arte e Luoghi","og_description":"\u00a0 \u201cLo sballo pi\u00f9 bello \u00e8 poterlo raccontare. Stay happy\u2026 Stay alive\u201d Testimonial Mingo De Pasquale, attore e storico inviato","og_url":"https:\/\/arteeluoghi.it\/index.php\/2013\/08\/09\/estate\/","og_site_name":"Arte e Luoghi","article_publisher":"https:\/\/www.facebook.com\/ArteELuoghi\/","article_published_time":"2013-08-09T10:14:30+00:00","article_modified_time":"2017-08-06T21:57:51+00:00","og_image":[{"url":"https:\/\/arteeluoghi.it\/images\/sindaco%20delli%20noci%20e%20pasqualini%20sicurezza%20stradale.jpg"}],"twitter_card":"summary","twitter_creator":"@arteeluoghi","twitter_site":"@arteeluoghi","twitter_misc":{"Scritto da":"Staff","Tempo di lettura stimato":"3 minuti"},"schema":{"@context":"https:\/\/schema.org","@graph":[{"@type":"Organization","@id":"https:\/\/arteeluoghi.it\/#organization","name":"Arte e Luoghi","url":"https:\/\/arteeluoghi.it\/","sameAs":["https:\/\/www.facebook.com\/ArteELuoghi\/","https:\/\/www.instagram.com\/arteeluoghi\/?hl=it","https:\/\/www.youtube.com\/channel\/UCuRVc4JW4-C5sg9rQB-srkw?view_as=subscriber","https:\/\/twitter.com\/arteeluoghi"],"logo":{"@type":"ImageObject","@id":"https:\/\/arteeluoghi.it\/#logo","inLanguage":"it-IT","url":"https:\/\/arteeluoghi.it\/wp-content\/uploads\/2018\/08\/logoinstagramarte.jpg","contentUrl":"https:\/\/arteeluoghi.it\/wp-content\/uploads\/2018\/08\/logoinstagramarte.jpg","width":150,"height":150,"caption":"Arte e Luoghi"},"image":{"@id":"https:\/\/arteeluoghi.it\/#logo"}},{"@type":"WebSite","@id":"https:\/\/arteeluoghi.it\/#website","url":"https:\/\/arteeluoghi.it\/","name":"Arte e Luoghi","description":"Mensile di arte, cultura, turismo e curiosit\u00e0","publisher":{"@id":"https:\/\/arteeluoghi.it\/#organization"},"potentialAction":[{"@type":"SearchAction","target":{"@type":"EntryPoint","urlTemplate":"https:\/\/arteeluoghi.it\/?s={search_term_string}"},"query-input":"required name=search_term_string"}],"inLanguage":"it-IT"},{"@type":"ImageObject","@id":"https:\/\/arteeluoghi.it\/index.php\/2013\/08\/09\/estate\/#primaryimage","inLanguage":"it-IT","url":"\/images\/sindaco%20delli%20noci%20e%20pasqualini%20sicurezza%20stradale.jpg","contentUrl":"\/images\/sindaco%20delli%20noci%20e%20pasqualini%20sicurezza%20stradale.jpg"},{"@type":"WebPage","@id":"https:\/\/arteeluoghi.it\/index.php\/2013\/08\/09\/estate\/#webpage","url":"https:\/\/arteeluoghi.it\/index.php\/2013\/08\/09\/estate\/","name":"Campagna per la Sicurezza stradale. Estate 2013 | Arte e Luoghi","isPartOf":{"@id":"https:\/\/arteeluoghi.it\/#website"},"primaryImageOfPage":{"@id":"https:\/\/arteeluoghi.it\/index.php\/2013\/08\/09\/estate\/#primaryimage"},"datePublished":"2013-08-09T10:14:30+00:00","dateModified":"2017-08-06T21:57:51+00:00","breadcrumb":{"@id":"https:\/\/arteeluoghi.it\/index.php\/2013\/08\/09\/estate\/#breadcrumb"},"inLanguage":"it-IT","potentialAction":[{"@type":"ReadAction","target":["https:\/\/arteeluoghi.it\/index.php\/2013\/08\/09\/estate\/"]}]},{"@type":"BreadcrumbList","@id":"https:\/\/arteeluoghi.it\/index.php\/2013\/08\/09\/estate\/#breadcrumb","itemListElement":[{"@type":"ListItem","position":1,"name":"Home","item":"https:\/\/arteeluoghi.it\/"},{"@type":"ListItem","position":2,"name":"Campagna per la Sicurezza stradale. Estate 2013"}]},{"@type":"Article","@id":"https:\/\/arteeluoghi.it\/index.php\/2013\/08\/09\/estate\/#article","isPartOf":{"@id":"https:\/\/arteeluoghi.it\/index.php\/2013\/08\/09\/estate\/#webpage"},"author":{"@id":"https:\/\/arteeluoghi.it\/#\/schema\/person\/f84e814e36e91e01448ee07eaadd41d4"},"headline":"Campagna per la Sicurezza stradale. Estate 2013","datePublished":"2013-08-09T10:14:30+00:00","dateModified":"2017-08-06T21:57:51+00:00","mainEntityOfPage":{"@id":"https:\/\/arteeluoghi.it\/index.php\/2013\/08\/09\/estate\/#webpage"},"wordCount":576,"commentCount":0,"publisher":{"@id":"https:\/\/arteeluoghi.it\/#organization"},"image":{"@id":"https:\/\/arteeluoghi.it\/index.php\/2013\/08\/09\/estate\/#primaryimage"},"thumbnailUrl":"\/images\/sindaco%20delli%20noci%20e%20pasqualini%20sicurezza%20stradale.jpg","articleSection":["Notizie"],"inLanguage":"it-IT","potentialAction":[{"@type":"CommentAction","name":"Comment","target":["https:\/\/arteeluoghi.it\/index.php\/2013\/08\/09\/estate\/#respond"]}]},{"@type":"Person","@id":"https:\/\/arteeluoghi.it\/#\/schema\/person\/f84e814e36e91e01448ee07eaadd41d4","name":"Staff","image":{"@type":"ImageObject","@id":"https:\/\/arteeluoghi.it\/#personlogo","inLanguage":"it-IT","url":"https:\/\/secure.gravatar.com\/avatar\/49d2f9e46271bb04e19cebfaf141313a?s=96&d=blank&r=g","contentUrl":"https:\/\/secure.gravatar.com\/avatar\/49d2f9e46271bb04e19cebfaf141313a?s=96&d=blank&r=g","caption":"Staff"}}]}},"_links":{"self":[{"href":"https:\/\/arteeluoghi.it\/index.php\/wp-json\/wp\/v2\/posts\/1270"}],"collection":[{"href":"https:\/\/arteeluoghi.it\/index.php\/wp-json\/wp\/v2\/posts"}],"about":[{"href":"https:\/\/arteeluoghi.it\/index.php\/wp-json\/wp\/v2\/types\/post"}],"author":[{"embeddable":true,"href":"https:\/\/arteeluoghi.it\/index.php\/wp-json\/wp\/v2\/users\/1"}],"replies":[{"embeddable":true,"href":"https:\/\/arteeluoghi.it\/index.php\/wp-json\/wp\/v2\/comments?post=1270"}],"version-history":[{"count":1,"href":"https:\/\/arteeluoghi.it\/index.php\/wp-json\/wp\/v2\/posts\/1270\/revisions"}],"predecessor-version":[{"id":3100,"href":"https:\/\/arteeluoghi.it\/index.php\/wp-json\/wp\/v2\/posts\/1270\/revisions\/3100"}],"wp:attachment":[{"href":"https:\/\/arteeluoghi.it\/index.php\/wp-json\/wp\/v2\/media?parent=1270"}],"wp:term":[{"taxonomy":"category","embeddable":true,"href":"https:\/\/arteeluoghi.it\/index.php\/wp-json\/wp\/v2\/categories?post=1270"},{"taxonomy":"post_tag","embeddable":true,"href":"https:\/\/arteeluoghi.it\/index.php\/wp-json\/wp\/v2\/tags?post=1270"}],"curies":[{"name":"wp","href":"https:\/\/api.w.org\/{rel}","templated":true}]}}