{"id":12784,"date":"2023-04-28T21:04:24","date_gmt":"2023-04-28T19:04:24","guid":{"rendered":"https:\/\/arteeluoghi.it\/?p=12784"},"modified":"2023-04-28T22:08:45","modified_gmt":"2023-04-28T20:08:45","slug":"leparolevalgono-festival-treccani-della-lingua-italiana","status":"publish","type":"post","link":"https:\/\/arteeluoghi.it\/index.php\/2023\/04\/28\/leparolevalgono-festival-treccani-della-lingua-italiana\/","title":{"rendered":"#leparolevalgono. Festival Treccani della lingua italiana"},"content":{"rendered":"\n<p><\/p>\n\n\n\n<blockquote class=\"wp-block-quote\"><p>Dal 5 al 7 maggio a Lecce fa tappa il festival Treccani per la prima volta in tre tappe. Dopo Lecce il festival approder\u00e0 a Roma e a Lecco<\/p><\/blockquote>\n\n\n\n<p>Ideato dalla\u00a0<strong>Fondazione Treccani Cultura<\/strong>,\u00a0<strong>da venerd\u00ec 5 a domenica 7 maggio<\/strong>\u00a0torna a\u00a0<strong>Lecce<\/strong>\u00a0\u201c<strong>#leparolevalgono. Festival Treccani della lingua italiana<\/strong>\u201d. Un appuntamento annuale pensato per presentare i temi pi\u00f9 rilevanti della costante ricerca di\u00a0<strong>Treccani sulla lingua italiana<\/strong>. Un ricco programma di laboratori didattici, lezioni magistrali, incontri tematici e spettacoli musicali, che stimoleranno la riflessione su tematiche (clima, letteratura, poesia, web, lingua, storia, arte, economia, filosofia, religione) in grado di coinvolgere il pubblico e gli esperti in un dialogo di sincero, rispettoso e costruttivo confronto tra diverse posizioni. Dedicata alla parola stupore, questa sesta edizione del Festival, si svolger\u00e0 per la prima volta in tre tappe. Dopo\u00a0<strong>Lecce<\/strong>, infatti, il festival approder\u00e0 a\u00a0<strong>Roma<\/strong>\u00a0(27\/28 maggio \u2013 9\/11 giugno) per poi concludersi a\u00a0<strong>Lecco<\/strong>\u00a0(21\/24 settembre).<\/p>\n\n\n\n<!--more-->\n\n\n\n<p>Stupore \u00e8 una parola ambigua, che indica un\u2019esperienza umana universale che, al contempo, \u00e8 in relazione con la mentalit\u00e0 e la sensibilit\u00e0 collettiva di un\u2019epoca. Stupore \u00e8 una sensazione che segue un evento inusuale, l\u2019effetto di meraviglia che pu\u00f2 condurci a un risveglio, ma anche lo stordimento che segue la rottura della quotidianit\u00e0, in seguito al quale trovare un nuovo orientamento risulta difficile. Nello stupore la grecit\u00e0 classica vide l\u2019origine della conoscenza filosofica, esso accompagna l\u2019esperienza artistica e religiosa, ma pu\u00f2 anche essere segno di passivit\u00e0, il risultato di un atteggiamento che non nota le costanti del mondo circostante, e perci\u00f2 si lascia sbalordire. Oggi avendo l\u2019essere umano ricondotto gran parte del mondo a spiegazione razionale, non ci si stupisce pi\u00f9 di ci\u00f2 che avrebbe colpito, disorientandoli o meravigliandoli, uomini e donne d&#8217;altri tempi. Eppure, ci diciamo e ci sentiamo di frequente smarriti e sorpresi, mentre, per lo pi\u00f9 con indifferenza, veniamo colpiti da una costante produzione di informazioni e impulsi audiovisivi. Vale forse la pena, allora, soffermarsi su cosa ci stupisce o ci dovrebbe stupire, e perch\u00e9. Lo stupore \u00e8 un\u2019esperienza fondamentale, che mette in discussione le nostre categorie abituali e fa fiorire la curiosit\u00e0.<\/p>\n\n\n\n<p>Nel capoluogo salentino interverranno tra gli altri&nbsp;la storica&nbsp;<strong>Chiara Mercuri<\/strong>, il docente di letteratura medievale e umanistica&nbsp;<strong>Fulvio Delle Donne<\/strong>, la giornalista ed esperta di cooperazione internazionale e diritti umani&nbsp;<strong>Nicoletta Dentico<\/strong>, il rettore dell\u2019Universit\u00e0 del Salento&nbsp;<strong>Fabio Pollice<\/strong>, la scienziata&nbsp;<strong>Monia Santini<\/strong>, il critico letterario&nbsp;<strong>Marco Gatto<\/strong>, i linguisti&nbsp;<strong>Giuseppe Patota<\/strong>,&nbsp;<strong>Massimo Palermo<\/strong>,&nbsp;<strong>Marcello Aprile&nbsp;<\/strong>e&nbsp;<strong>Rocco Luigi Nichil<\/strong>, l\u2019artista&nbsp;<strong>Elena Campa<\/strong>.&nbsp;Lo scrittore&nbsp;<strong>Paolo Di Paolo<\/strong>&nbsp;dialogher\u00e0 con le giovani cantautrici&nbsp;<strong>Erica Mou<\/strong>&nbsp;e&nbsp;<strong>Carolina Bubbico<\/strong>&nbsp;e condurr\u00e0 la registrazione di una puntata speciale della trasmissione \u201c<strong>La lingua batte<\/strong>\u201d di&nbsp;<strong>Rai Radio 3&nbsp;<\/strong>a cura di&nbsp;<strong>Cristina Faloci<\/strong>&nbsp;e della redattrice&nbsp;<strong>Ornella Bellucci<\/strong>&nbsp;con la regia di&nbsp;<strong>Manuel de Lucia<\/strong>. Le tre giornate si concluderanno con un omaggio a&nbsp;<strong>Giorgio Gaber<\/strong>&nbsp;di&nbsp;<strong>Federico Sirianni<\/strong>, uno degli eredi del cantautorato genovese (<em>venerd\u00ec 5<\/em>), la giovanissima&nbsp;<strong>Ayso Orchestra<\/strong>, composta da giovani musicisti selezionati da numerosi Conservatori di Musica (sabato 6) e&nbsp;<strong>Raiz &amp; Radicanto<\/strong>&nbsp;(domenica 7). Il cantante napoletano, voce e frontman degli&nbsp;<strong>Almamegretta<\/strong>, accompagnato alla chitarra da&nbsp;<strong>Giuseppe De Trizio<\/strong>&nbsp;e alla fisarmonica da&nbsp;<strong>Giovanni Chiapparino<\/strong>, proporr\u00e0 infatti&nbsp;<strong>Musica Immaginaria Mediterrane<\/strong><strong>a<\/strong>. I vari appuntamenti saranno ospitati dal&nbsp;<strong>Convitto Palmieri &#8211; Biblioteca Bernardini<\/strong>, dal&nbsp;<strong>Liceo Classico e Musicale &#8220;Giuseppe Palmieri&#8221;<\/strong>, dalla&nbsp;<strong>Libreria Liberrima e&nbsp;<\/strong>dai teatri&nbsp;<strong>Paisiello<\/strong>&nbsp;e<strong>&nbsp;Apollo<\/strong>.<\/p>\n\n\n\n<p>\u201c<strong>#leparolevalgono &#8211; Festival Treccani della lingua italiana<\/strong>\u201d \u00e8 organizzato a&nbsp;<strong>Lecce<\/strong>&nbsp;da&nbsp;<strong>Fondazione Treccani Cultura<\/strong>&nbsp;in collaborazione con&nbsp;<strong>Regione Puglia<\/strong>&nbsp;(Dipartimento Turismo, Economia della Cultura e Valorizzazione del Territorio) e&nbsp;<strong>Teatro Pubblico Pugliese<\/strong>&nbsp;grazie al&nbsp;<strong>Fondo speciale per Cultura e patrimonio culturale<\/strong>&nbsp;(L.R. 40\/2016),&nbsp;<strong>Polo Biblio-Museale di Lecce<\/strong>,&nbsp;<strong>SOI \u2013 Societ\u00e0 oftalmologica italiana<\/strong>&nbsp;e&nbsp;<strong>Fondazione Giancarlo Pallavicini<\/strong>, il contributo di&nbsp;<strong>Treccani Reti<\/strong>&nbsp;e con il patrocinio di&nbsp;<strong>Provincia di Lecce<\/strong>,&nbsp;<strong>Comune di Lecce<\/strong>,&nbsp;<strong>Universit\u00e0 del Salento<\/strong>. Media partner&nbsp;<strong>Rai Cultura<\/strong>&nbsp;e&nbsp;<strong>Rai Radio 3<\/strong>.<\/p>\n\n\n\n<p><strong>Info e programma<\/strong><br><a href=\"http:\/\/www.festivaltreccanidellalinguaitaliana.it\/\" target=\"_blank\" rel=\"noreferrer noopener\">www.festivaltreccanidellalinguaitaliana.it<\/a><br><a href=\"http:\/\/www.treccani.it\/cultura\" target=\"_blank\" rel=\"noreferrer noopener\">www.treccani.it\/cultura<\/a><\/p>\n\n\n\n<p>(fonte: comunicato stampa)<\/p>\n","protected":false},"excerpt":{"rendered":"<p>Dal 5 al 7 maggio a Lecce fa tappa il festival Treccani per la prima volta in tre tappe. Dopo<\/p>\n","protected":false},"author":1,"featured_media":11232,"comment_status":"open","ping_status":"open","sticky":true,"template":"","format":"standard","meta":[],"categories":[52,17,28],"tags":[5055,5045,5037,5047,5050,5038,5053,5039,5043,5049,1837,5046],"yoast_head":"<!-- This site is optimized with the Yoast SEO plugin v18.0 - https:\/\/yoast.com\/wordpress\/plugins\/seo\/ -->\n<title>#leparolevalgono. Festival Treccani della lingua italiana | Arte e Luoghi<\/title>\n<meta name=\"description\" content=\"Dal 5 al 7 maggio a Lecce fa tappa il festival Treccani per la prima volta in tre tappe. Dopo Lecce il festival approder\u00e0 a Roma e a Lecco\" \/>\n<meta name=\"robots\" content=\"index, follow, max-snippet:-1, max-image-preview:large, max-video-preview:-1\" \/>\n<link rel=\"canonical\" href=\"https:\/\/arteeluoghi.it\/index.php\/2023\/04\/28\/leparolevalgono-festival-treccani-della-lingua-italiana\/\" \/>\n<meta property=\"og:locale\" content=\"it_IT\" \/>\n<meta property=\"og:type\" content=\"article\" \/>\n<meta property=\"og:title\" content=\"#leparolevalgono. Festival Treccani della lingua italiana | Arte e Luoghi\" \/>\n<meta property=\"og:description\" content=\"Dal 5 al 7 maggio a Lecce fa tappa il festival Treccani per la prima volta in tre tappe. Dopo Lecce il festival approder\u00e0 a Roma e a Lecco\" \/>\n<meta property=\"og:url\" content=\"https:\/\/arteeluoghi.it\/index.php\/2023\/04\/28\/leparolevalgono-festival-treccani-della-lingua-italiana\/\" \/>\n<meta property=\"og:site_name\" content=\"Arte e Luoghi\" \/>\n<meta property=\"article:publisher\" content=\"https:\/\/www.facebook.com\/ArteELuoghi\/\" \/>\n<meta property=\"article:published_time\" content=\"2023-04-28T19:04:24+00:00\" \/>\n<meta property=\"article:modified_time\" content=\"2023-04-28T20:08:45+00:00\" \/>\n<meta property=\"og:image\" content=\"https:\/\/arteeluoghi.it\/wp-content\/uploads\/2022\/05\/Convento_degli_Agostiniani1.jpg\" \/>\n\t<meta property=\"og:image:width\" content=\"640\" \/>\n\t<meta property=\"og:image:height\" content=\"428\" \/>\n\t<meta property=\"og:image:type\" content=\"image\/jpeg\" \/>\n<meta name=\"twitter:card\" content=\"summary\" \/>\n<meta name=\"twitter:creator\" content=\"@arteeluoghi\" \/>\n<meta name=\"twitter:site\" content=\"@arteeluoghi\" \/>\n<meta name=\"twitter:label1\" content=\"Scritto da\" \/>\n\t<meta name=\"twitter:data1\" content=\"Staff\" \/>\n\t<meta name=\"twitter:label2\" content=\"Tempo di lettura stimato\" \/>\n\t<meta name=\"twitter:data2\" content=\"4 minuti\" \/>\n<script type=\"application\/ld+json\" class=\"yoast-schema-graph\">{\"@context\":\"https:\/\/schema.org\",\"@graph\":[{\"@type\":\"Organization\",\"@id\":\"https:\/\/arteeluoghi.it\/#organization\",\"name\":\"Arte e Luoghi\",\"url\":\"https:\/\/arteeluoghi.it\/\",\"sameAs\":[\"https:\/\/www.facebook.com\/ArteELuoghi\/\",\"https:\/\/www.instagram.com\/arteeluoghi\/?hl=it\",\"https:\/\/www.youtube.com\/channel\/UCuRVc4JW4-C5sg9rQB-srkw?view_as=subscriber\",\"https:\/\/twitter.com\/arteeluoghi\"],\"logo\":{\"@type\":\"ImageObject\",\"@id\":\"https:\/\/arteeluoghi.it\/#logo\",\"inLanguage\":\"it-IT\",\"url\":\"https:\/\/arteeluoghi.it\/wp-content\/uploads\/2018\/08\/logoinstagramarte.jpg\",\"contentUrl\":\"https:\/\/arteeluoghi.it\/wp-content\/uploads\/2018\/08\/logoinstagramarte.jpg\",\"width\":150,\"height\":150,\"caption\":\"Arte e Luoghi\"},\"image\":{\"@id\":\"https:\/\/arteeluoghi.it\/#logo\"}},{\"@type\":\"WebSite\",\"@id\":\"https:\/\/arteeluoghi.it\/#website\",\"url\":\"https:\/\/arteeluoghi.it\/\",\"name\":\"Arte e Luoghi\",\"description\":\"Mensile di arte, cultura, turismo e curiosit\u00e0\",\"publisher\":{\"@id\":\"https:\/\/arteeluoghi.it\/#organization\"},\"potentialAction\":[{\"@type\":\"SearchAction\",\"target\":{\"@type\":\"EntryPoint\",\"urlTemplate\":\"https:\/\/arteeluoghi.it\/?s={search_term_string}\"},\"query-input\":\"required name=search_term_string\"}],\"inLanguage\":\"it-IT\"},{\"@type\":\"ImageObject\",\"@id\":\"https:\/\/arteeluoghi.it\/index.php\/2023\/04\/28\/leparolevalgono-festival-treccani-della-lingua-italiana\/#primaryimage\",\"inLanguage\":\"it-IT\",\"url\":\"https:\/\/arteeluoghi.it\/wp-content\/uploads\/2022\/05\/Convento_degli_Agostiniani1.jpg\",\"contentUrl\":\"https:\/\/arteeluoghi.it\/wp-content\/uploads\/2022\/05\/Convento_degli_Agostiniani1.jpg\",\"width\":640,\"height\":428,\"caption\":\"Convento Agostiniani (fonte_ufficiostampa_comunediLecce)\"},{\"@type\":\"WebPage\",\"@id\":\"https:\/\/arteeluoghi.it\/index.php\/2023\/04\/28\/leparolevalgono-festival-treccani-della-lingua-italiana\/#webpage\",\"url\":\"https:\/\/arteeluoghi.it\/index.php\/2023\/04\/28\/leparolevalgono-festival-treccani-della-lingua-italiana\/\",\"name\":\"#leparolevalgono. Festival Treccani della lingua italiana | Arte e Luoghi\",\"isPartOf\":{\"@id\":\"https:\/\/arteeluoghi.it\/#website\"},\"primaryImageOfPage\":{\"@id\":\"https:\/\/arteeluoghi.it\/index.php\/2023\/04\/28\/leparolevalgono-festival-treccani-della-lingua-italiana\/#primaryimage\"},\"datePublished\":\"2023-04-28T19:04:24+00:00\",\"dateModified\":\"2023-04-28T20:08:45+00:00\",\"description\":\"Dal 5 al 7 maggio a Lecce fa tappa il festival Treccani per la prima volta in tre tappe. Dopo Lecce il festival approder\u00e0 a Roma e a Lecco\",\"breadcrumb\":{\"@id\":\"https:\/\/arteeluoghi.it\/index.php\/2023\/04\/28\/leparolevalgono-festival-treccani-della-lingua-italiana\/#breadcrumb\"},\"inLanguage\":\"it-IT\",\"potentialAction\":[{\"@type\":\"ReadAction\",\"target\":[\"https:\/\/arteeluoghi.it\/index.php\/2023\/04\/28\/leparolevalgono-festival-treccani-della-lingua-italiana\/\"]}]},{\"@type\":\"BreadcrumbList\",\"@id\":\"https:\/\/arteeluoghi.it\/index.php\/2023\/04\/28\/leparolevalgono-festival-treccani-della-lingua-italiana\/#breadcrumb\",\"itemListElement\":[{\"@type\":\"ListItem\",\"position\":1,\"name\":\"Home\",\"item\":\"https:\/\/arteeluoghi.it\/\"},{\"@type\":\"ListItem\",\"position\":2,\"name\":\"#leparolevalgono. Festival Treccani della lingua italiana\"}]},{\"@type\":\"Article\",\"@id\":\"https:\/\/arteeluoghi.it\/index.php\/2023\/04\/28\/leparolevalgono-festival-treccani-della-lingua-italiana\/#article\",\"isPartOf\":{\"@id\":\"https:\/\/arteeluoghi.it\/index.php\/2023\/04\/28\/leparolevalgono-festival-treccani-della-lingua-italiana\/#webpage\"},\"author\":{\"@id\":\"https:\/\/arteeluoghi.it\/#\/schema\/person\/f84e814e36e91e01448ee07eaadd41d4\"},\"headline\":\"#leparolevalgono. Festival Treccani della lingua italiana\",\"datePublished\":\"2023-04-28T19:04:24+00:00\",\"dateModified\":\"2023-04-28T20:08:45+00:00\",\"mainEntityOfPage\":{\"@id\":\"https:\/\/arteeluoghi.it\/index.php\/2023\/04\/28\/leparolevalgono-festival-treccani-della-lingua-italiana\/#webpage\"},\"wordCount\":720,\"commentCount\":0,\"publisher\":{\"@id\":\"https:\/\/arteeluoghi.it\/#organization\"},\"image\":{\"@id\":\"https:\/\/arteeluoghi.it\/index.php\/2023\/04\/28\/leparolevalgono-festival-treccani-della-lingua-italiana\/#primaryimage\"},\"thumbnailUrl\":\"https:\/\/arteeluoghi.it\/wp-content\/uploads\/2022\/05\/Convento_degli_Agostiniani1.jpg\",\"keywords\":[\"#leparolevalgono - Festival Treccani della lingua italiana\",\"Carolina Bubbico\",\"Chiara Mercuri\",\"Fabio Pollice\",\"Federico Sirianni\",\"Fulvio Delle Donne\",\"Giuseppe Patota.\",\"Monia Santini\",\"Nicoletta Dentico\",\"Ornella Bellucci\",\"Paolo Di Paolo\",\"Rocco Luigi Nichil\"],\"articleSection\":[\"I luoghi della parola\",\"LIBRI\",\"Notizie\"],\"inLanguage\":\"it-IT\",\"potentialAction\":[{\"@type\":\"CommentAction\",\"name\":\"Comment\",\"target\":[\"https:\/\/arteeluoghi.it\/index.php\/2023\/04\/28\/leparolevalgono-festival-treccani-della-lingua-italiana\/#respond\"]}]},{\"@type\":\"Person\",\"@id\":\"https:\/\/arteeluoghi.it\/#\/schema\/person\/f84e814e36e91e01448ee07eaadd41d4\",\"name\":\"Staff\",\"image\":{\"@type\":\"ImageObject\",\"@id\":\"https:\/\/arteeluoghi.it\/#personlogo\",\"inLanguage\":\"it-IT\",\"url\":\"https:\/\/secure.gravatar.com\/avatar\/49d2f9e46271bb04e19cebfaf141313a?s=96&d=blank&r=g\",\"contentUrl\":\"https:\/\/secure.gravatar.com\/avatar\/49d2f9e46271bb04e19cebfaf141313a?s=96&d=blank&r=g\",\"caption\":\"Staff\"}}]}<\/script>\n<!-- \/ Yoast SEO plugin. -->","yoast_head_json":{"title":"#leparolevalgono. Festival Treccani della lingua italiana | Arte e Luoghi","description":"Dal 5 al 7 maggio a Lecce fa tappa il festival Treccani per la prima volta in tre tappe. Dopo Lecce il festival approder\u00e0 a Roma e a Lecco","robots":{"index":"index","follow":"follow","max-snippet":"max-snippet:-1","max-image-preview":"max-image-preview:large","max-video-preview":"max-video-preview:-1"},"canonical":"https:\/\/arteeluoghi.it\/index.php\/2023\/04\/28\/leparolevalgono-festival-treccani-della-lingua-italiana\/","og_locale":"it_IT","og_type":"article","og_title":"#leparolevalgono. Festival Treccani della lingua italiana | Arte e Luoghi","og_description":"Dal 5 al 7 maggio a Lecce fa tappa il festival Treccani per la prima volta in tre tappe. Dopo Lecce il festival approder\u00e0 a Roma e a Lecco","og_url":"https:\/\/arteeluoghi.it\/index.php\/2023\/04\/28\/leparolevalgono-festival-treccani-della-lingua-italiana\/","og_site_name":"Arte e Luoghi","article_publisher":"https:\/\/www.facebook.com\/ArteELuoghi\/","article_published_time":"2023-04-28T19:04:24+00:00","article_modified_time":"2023-04-28T20:08:45+00:00","og_image":[{"width":640,"height":428,"url":"https:\/\/arteeluoghi.it\/wp-content\/uploads\/2022\/05\/Convento_degli_Agostiniani1.jpg","type":"image\/jpeg"}],"twitter_card":"summary","twitter_creator":"@arteeluoghi","twitter_site":"@arteeluoghi","twitter_misc":{"Scritto da":"Staff","Tempo di lettura stimato":"4 minuti"},"schema":{"@context":"https:\/\/schema.org","@graph":[{"@type":"Organization","@id":"https:\/\/arteeluoghi.it\/#organization","name":"Arte e Luoghi","url":"https:\/\/arteeluoghi.it\/","sameAs":["https:\/\/www.facebook.com\/ArteELuoghi\/","https:\/\/www.instagram.com\/arteeluoghi\/?hl=it","https:\/\/www.youtube.com\/channel\/UCuRVc4JW4-C5sg9rQB-srkw?view_as=subscriber","https:\/\/twitter.com\/arteeluoghi"],"logo":{"@type":"ImageObject","@id":"https:\/\/arteeluoghi.it\/#logo","inLanguage":"it-IT","url":"https:\/\/arteeluoghi.it\/wp-content\/uploads\/2018\/08\/logoinstagramarte.jpg","contentUrl":"https:\/\/arteeluoghi.it\/wp-content\/uploads\/2018\/08\/logoinstagramarte.jpg","width":150,"height":150,"caption":"Arte e Luoghi"},"image":{"@id":"https:\/\/arteeluoghi.it\/#logo"}},{"@type":"WebSite","@id":"https:\/\/arteeluoghi.it\/#website","url":"https:\/\/arteeluoghi.it\/","name":"Arte e Luoghi","description":"Mensile di arte, cultura, turismo e curiosit\u00e0","publisher":{"@id":"https:\/\/arteeluoghi.it\/#organization"},"potentialAction":[{"@type":"SearchAction","target":{"@type":"EntryPoint","urlTemplate":"https:\/\/arteeluoghi.it\/?s={search_term_string}"},"query-input":"required name=search_term_string"}],"inLanguage":"it-IT"},{"@type":"ImageObject","@id":"https:\/\/arteeluoghi.it\/index.php\/2023\/04\/28\/leparolevalgono-festival-treccani-della-lingua-italiana\/#primaryimage","inLanguage":"it-IT","url":"https:\/\/arteeluoghi.it\/wp-content\/uploads\/2022\/05\/Convento_degli_Agostiniani1.jpg","contentUrl":"https:\/\/arteeluoghi.it\/wp-content\/uploads\/2022\/05\/Convento_degli_Agostiniani1.jpg","width":640,"height":428,"caption":"Convento Agostiniani (fonte_ufficiostampa_comunediLecce)"},{"@type":"WebPage","@id":"https:\/\/arteeluoghi.it\/index.php\/2023\/04\/28\/leparolevalgono-festival-treccani-della-lingua-italiana\/#webpage","url":"https:\/\/arteeluoghi.it\/index.php\/2023\/04\/28\/leparolevalgono-festival-treccani-della-lingua-italiana\/","name":"#leparolevalgono. Festival Treccani della lingua italiana | Arte e Luoghi","isPartOf":{"@id":"https:\/\/arteeluoghi.it\/#website"},"primaryImageOfPage":{"@id":"https:\/\/arteeluoghi.it\/index.php\/2023\/04\/28\/leparolevalgono-festival-treccani-della-lingua-italiana\/#primaryimage"},"datePublished":"2023-04-28T19:04:24+00:00","dateModified":"2023-04-28T20:08:45+00:00","description":"Dal 5 al 7 maggio a Lecce fa tappa il festival Treccani per la prima volta in tre tappe. Dopo Lecce il festival approder\u00e0 a Roma e a Lecco","breadcrumb":{"@id":"https:\/\/arteeluoghi.it\/index.php\/2023\/04\/28\/leparolevalgono-festival-treccani-della-lingua-italiana\/#breadcrumb"},"inLanguage":"it-IT","potentialAction":[{"@type":"ReadAction","target":["https:\/\/arteeluoghi.it\/index.php\/2023\/04\/28\/leparolevalgono-festival-treccani-della-lingua-italiana\/"]}]},{"@type":"BreadcrumbList","@id":"https:\/\/arteeluoghi.it\/index.php\/2023\/04\/28\/leparolevalgono-festival-treccani-della-lingua-italiana\/#breadcrumb","itemListElement":[{"@type":"ListItem","position":1,"name":"Home","item":"https:\/\/arteeluoghi.it\/"},{"@type":"ListItem","position":2,"name":"#leparolevalgono. Festival Treccani della lingua italiana"}]},{"@type":"Article","@id":"https:\/\/arteeluoghi.it\/index.php\/2023\/04\/28\/leparolevalgono-festival-treccani-della-lingua-italiana\/#article","isPartOf":{"@id":"https:\/\/arteeluoghi.it\/index.php\/2023\/04\/28\/leparolevalgono-festival-treccani-della-lingua-italiana\/#webpage"},"author":{"@id":"https:\/\/arteeluoghi.it\/#\/schema\/person\/f84e814e36e91e01448ee07eaadd41d4"},"headline":"#leparolevalgono. Festival Treccani della lingua italiana","datePublished":"2023-04-28T19:04:24+00:00","dateModified":"2023-04-28T20:08:45+00:00","mainEntityOfPage":{"@id":"https:\/\/arteeluoghi.it\/index.php\/2023\/04\/28\/leparolevalgono-festival-treccani-della-lingua-italiana\/#webpage"},"wordCount":720,"commentCount":0,"publisher":{"@id":"https:\/\/arteeluoghi.it\/#organization"},"image":{"@id":"https:\/\/arteeluoghi.it\/index.php\/2023\/04\/28\/leparolevalgono-festival-treccani-della-lingua-italiana\/#primaryimage"},"thumbnailUrl":"https:\/\/arteeluoghi.it\/wp-content\/uploads\/2022\/05\/Convento_degli_Agostiniani1.jpg","keywords":["#leparolevalgono - Festival Treccani della lingua italiana","Carolina Bubbico","Chiara Mercuri","Fabio Pollice","Federico Sirianni","Fulvio Delle Donne","Giuseppe Patota.","Monia Santini","Nicoletta Dentico","Ornella Bellucci","Paolo Di Paolo","Rocco Luigi Nichil"],"articleSection":["I luoghi della parola","LIBRI","Notizie"],"inLanguage":"it-IT","potentialAction":[{"@type":"CommentAction","name":"Comment","target":["https:\/\/arteeluoghi.it\/index.php\/2023\/04\/28\/leparolevalgono-festival-treccani-della-lingua-italiana\/#respond"]}]},{"@type":"Person","@id":"https:\/\/arteeluoghi.it\/#\/schema\/person\/f84e814e36e91e01448ee07eaadd41d4","name":"Staff","image":{"@type":"ImageObject","@id":"https:\/\/arteeluoghi.it\/#personlogo","inLanguage":"it-IT","url":"https:\/\/secure.gravatar.com\/avatar\/49d2f9e46271bb04e19cebfaf141313a?s=96&d=blank&r=g","contentUrl":"https:\/\/secure.gravatar.com\/avatar\/49d2f9e46271bb04e19cebfaf141313a?s=96&d=blank&r=g","caption":"Staff"}}]}},"_links":{"self":[{"href":"https:\/\/arteeluoghi.it\/index.php\/wp-json\/wp\/v2\/posts\/12784"}],"collection":[{"href":"https:\/\/arteeluoghi.it\/index.php\/wp-json\/wp\/v2\/posts"}],"about":[{"href":"https:\/\/arteeluoghi.it\/index.php\/wp-json\/wp\/v2\/types\/post"}],"author":[{"embeddable":true,"href":"https:\/\/arteeluoghi.it\/index.php\/wp-json\/wp\/v2\/users\/1"}],"replies":[{"embeddable":true,"href":"https:\/\/arteeluoghi.it\/index.php\/wp-json\/wp\/v2\/comments?post=12784"}],"version-history":[{"count":1,"href":"https:\/\/arteeluoghi.it\/index.php\/wp-json\/wp\/v2\/posts\/12784\/revisions"}],"predecessor-version":[{"id":12785,"href":"https:\/\/arteeluoghi.it\/index.php\/wp-json\/wp\/v2\/posts\/12784\/revisions\/12785"}],"wp:featuredmedia":[{"embeddable":true,"href":"https:\/\/arteeluoghi.it\/index.php\/wp-json\/wp\/v2\/media\/11232"}],"wp:attachment":[{"href":"https:\/\/arteeluoghi.it\/index.php\/wp-json\/wp\/v2\/media?parent=12784"}],"wp:term":[{"taxonomy":"category","embeddable":true,"href":"https:\/\/arteeluoghi.it\/index.php\/wp-json\/wp\/v2\/categories?post=12784"},{"taxonomy":"post_tag","embeddable":true,"href":"https:\/\/arteeluoghi.it\/index.php\/wp-json\/wp\/v2\/tags?post=12784"}],"curies":[{"name":"wp","href":"https:\/\/api.w.org\/{rel}","templated":true}]}}