{"id":1285,"date":"2013-08-12T23:38:13","date_gmt":"2013-08-12T21:38:13","guid":{"rendered":"http:\/\/arteeluoghi.it\/index.php\/2013\/08\/12\/ferragosto-nei-musei-piu-belli-d-italia\/"},"modified":"2013-08-12T23:38:13","modified_gmt":"2013-08-12T21:38:13","slug":"ferragosto-nei-musei-piu-belli-d-italia","status":"publish","type":"post","link":"https:\/\/arteeluoghi.it\/index.php\/2013\/08\/12\/ferragosto-nei-musei-piu-belli-d-italia\/","title":{"rendered":"Ferragosto? Nei musei pi\u00f9 belli d&#8217;Italia"},"content":{"rendered":"<p><strong><img src=\"\/images\/aperitiviadarte.JPG\" border=\"0\" title=\"Apertivi ad Arte\" width=\"300\" style=\"margin: 21px; float: left;\" \/><\/strong><\/p>\n<p><strong>\u00a0<\/strong><\/p>\n<p>I luoghi dell&#8217;arte e\u00a0 le mostre da non perdere<strong><br \/><\/strong><\/p>\n<p><span style=\"font-size: small;\"><strong>Visitando il Polo Museale Fiorentino<\/strong><\/span><\/p>\n<p>\u00a0<\/p>\n<p>Per chi decidesse di passare un insolito Ferragosto in una citt\u00e0 d&#8217;arte come Firenze ecco le opportunit\u00e0 da non perdere per visitare musei, cenacoli, giardini, mostre temporanee e perfino brindare alla bella stagione sulla terrazza del primo museo d\u2019Italia con \u201cAperitivo Ad Arte\u201d.<br \/>Ed ecco i luoghi d\u2019arte e degli appuntamenti previsti per il prossimo 15 agosto.<\/p>\n<p>Dalle 8.15 alle 18.50 saranno visitabili la Galleria degli Uffizi, la Galleria dell\u2019Accademia, la Galleria Palatina (con gli Appartamenti reali e la Galleria d\u2019arte moderna) di Palazzo Pitti e il circuito museale comprendente Museo degli Argenti, Museo delle Porcellane, Galleria del Costume, Giardino di Boboli, Giardino Bardini.<\/p>\n<p>Dalle 8.15 alle 17 visitabile anche il Museo nazionale del Bargello, fino alle 16.50 il Museo delle Cappelle Medicee e fino alle 13.50 il Museo di San Marco e il Museo della Casa Fiorentina Antica di Palazzo Davanzati.<\/p>\n<p>  <!--more-->  <\/p>\n<p>Tra i cenacoli saranno aperti quello di Andrea Del Sarto (orario 8.15-13.50), di Sant\u2019Apollonia (orario 8.15-13.50) e del Fuligno (orario 9-13). In via Calzaioli sar\u00e0 aperta la Chiesa di Orsanmichele (ore 10- 17), mentre tra le ville medicee visitabili quelle di Cerreto Guidi (orario 8.15-19), della Petraia (orario 8.15-19.30), il Giardino della Villa di Castello (orario 8.15-19.30) appena eletta \u201cParco pubblico pi\u00f9 bello d\u2019Italia) e di Poggio a Caiano (orario 8.15-19.30).<br \/>Tra gli eventi espositivi si segnala\u00a0 la mostra \u201cDiafane passioni. Avori barocchi dalle corti europee\u201d dedicata alla nascita del collezionismo d\u2019avorio che origin\u00f2<br \/>in epoca medicea allestita al Museo degli Argenti di Palazzo Pitti. Sempre a Palazzo Pitti, ma alla Galleria Palatina, da non perdere la mostra \u201cIl sogno nel<br \/>Rinascimento\u201d che d\u00e0 la possibilit\u00e0 al visitatore di addentrarsi per la prima volta in un argomento cos\u00ec coinvolgente e affascinante, cercando di metterne in luce la ricchezza e variet\u00e0. Tutto ci\u00f2 senza dimenticare che la Sala delle Nicchie della Galleria Palatina \u00e8 sede della mostra Il Mito, il Sacro, il Ritratto, dipinti dai depositi della Galleria.<br \/><img src=\"\/images\/villacastello.jpg\" border=\"0\" title=\"Villa Castello\" width=\"450\" style=\"margin: 21px; float: right;\" \/>Agli Uffizi sono addirittura due le opportunit\u00e0 di ammirare esposizioni temporanee il giorno di Ferragosto. Salendo verso la Galleria, nella Sala Detti del Gabinetto Disegni e Stampe del Piano Nobile \u00e8 possibile visitare la mostra \u201cPietro Testa, artista filosofo del Seicento. L\u2019omaggio di Filippo Baldinucci\u201d dedicata all\u2019abile disegnatore che visse durante la prima met\u00e0 del XVII secolo. Sempre al Piano Nobile, ma nelle sale del lato di ponente, \u00e8 allestita la mostra \u201cIl Gran Principe. Ferdinando de&#8217; Medici (1663 &#8211; 1713) Collezionista e Mecenate\u201d che vede per protagonista il primogenito del granduca Cosimo III e il patrimonio che ci ha lasciato.<br \/>Lo stesso personaggio \u00e8 la figura di spicco cui \u00e8 dedicato il percorso \u201cPer il Gran Principe Ferdinando. Nature morte, paesi, bambocciate e caramogi dalle collezioni medicee\u201d allestito nelle sale della Villa medicea di Poggio a Caiano e nel locale Museo della natura morta.<br \/>Alla Galleria dell\u2019Accademia la mostra \u201cArte civica a Firenze fra Medioevo e Rinascimento\u201d propone opere d\u2019arte di epoca comunale e repubblicana, nate originariamente per arricchire i palazzi pubblici di Firenze, gli edifici che ospitavano le magistrature che amministravano la citt\u00e0, le sedi delle Arti &#8211; le antiche corporazioni dei mestieri &#8211; la cerchia di mura cittadine.<br \/>Alle Cappelle Medicee si pu\u00f2 ammirare la mostra \u201cNello splendore mediceo. Papa Leone X e Firenze\u201d dedicata ai 500 anni dalla salita al soglio pontificio di Giovanni de\u2019 Medici, figlio di Lorenzo il Magnifico.<br \/>Al Museo nazionale del Bargello, infine, sta ottenendo un gran successo la mostra \u201cPercorsi di meraviglia. Opere restaurate del Bargello\u201d che sar\u00e0 visibile anche a Ferragosto ed \u00e8 dedicata ad alcuni importanti restauri di opere del Museo, recentemente conclusi, che sono il frutto della generosa collaborazione nei confronti del Bargello da parte dell\u2019Opificio delle Pietre Dure e dei \u201cFriends of Florence\u201d.<br \/>Continuano i gioved\u00ec con l&#8217;Aperitivo ad Arte degli Uffizi anche nel giorno di Ferragosto. L\u2019appuntamento \u00e8 sulla terrazza sopra la Loggia dei Lanzi dalle ore 19 alle ore 22 (ultimo accesso alle 21.30), dove verr\u00e0 servito l\u2019aperitivo davanti al panorama che propone, in un solo colpo d\u2019occhio, Orsanmichele, il Cupolone e i campanili di Giotto, Badia Fiorentina e Bargello, e Palazzo Vecchio. Gli ambienti espositivi a cui il pubblico avr\u00e0 accesso sono le Sale del Cinquecento (dette Sale Rosse) comprendenti opere di Raffaello, Bronzino, Andrea Del Sarto, Rosso Fiorentino, Pontormo. L\u2019ingresso costa 15 euro ed \u00e8 consigliata la prenotazione chiamando Firenze Musei al numero 055-294883.<\/p>\n<p>red. Arte e Luoghi<\/p>\n","protected":false},"excerpt":{"rendered":"<p>\u00a0 I luoghi dell&#8217;arte e\u00a0 le mostre da non perdere Visitando il Polo Museale Fiorentino \u00a0 Per chi decidesse di<\/p>\n","protected":false},"author":1,"featured_media":0,"comment_status":"open","ping_status":"open","sticky":false,"template":"","format":"standard","meta":[],"categories":[4],"tags":[],"yoast_head":"<!-- This site is optimized with the Yoast SEO plugin v18.0 - https:\/\/yoast.com\/wordpress\/plugins\/seo\/ -->\n<title>Ferragosto? Nei musei pi\u00f9 belli d&#039;Italia | Arte e Luoghi<\/title>\n<meta name=\"robots\" content=\"index, follow, max-snippet:-1, max-image-preview:large, max-video-preview:-1\" \/>\n<link rel=\"canonical\" href=\"https:\/\/arteeluoghi.it\/index.php\/2013\/08\/12\/ferragosto-nei-musei-piu-belli-d-italia\/\" \/>\n<meta property=\"og:locale\" content=\"it_IT\" \/>\n<meta property=\"og:type\" content=\"article\" \/>\n<meta property=\"og:title\" content=\"Ferragosto? Nei musei pi\u00f9 belli d&#039;Italia | Arte e Luoghi\" \/>\n<meta property=\"og:description\" content=\"\u00a0 I luoghi dell&#8217;arte e\u00a0 le mostre da non perdere Visitando il Polo Museale Fiorentino \u00a0 Per chi decidesse di\" \/>\n<meta property=\"og:url\" content=\"https:\/\/arteeluoghi.it\/index.php\/2013\/08\/12\/ferragosto-nei-musei-piu-belli-d-italia\/\" \/>\n<meta property=\"og:site_name\" content=\"Arte e Luoghi\" \/>\n<meta property=\"article:publisher\" content=\"https:\/\/www.facebook.com\/ArteELuoghi\/\" \/>\n<meta property=\"article:published_time\" content=\"2013-08-12T21:38:13+00:00\" \/>\n<meta property=\"og:image\" content=\"https:\/\/arteeluoghi.it\/images\/aperitiviadarte.JPG\" \/>\n<meta name=\"twitter:card\" content=\"summary\" \/>\n<meta name=\"twitter:creator\" content=\"@arteeluoghi\" \/>\n<meta name=\"twitter:site\" content=\"@arteeluoghi\" \/>\n<meta name=\"twitter:label1\" content=\"Scritto da\" \/>\n\t<meta name=\"twitter:data1\" content=\"Staff\" \/>\n\t<meta name=\"twitter:label2\" content=\"Tempo di lettura stimato\" \/>\n\t<meta name=\"twitter:data2\" content=\"4 minuti\" \/>\n<script type=\"application\/ld+json\" class=\"yoast-schema-graph\">{\"@context\":\"https:\/\/schema.org\",\"@graph\":[{\"@type\":\"Organization\",\"@id\":\"https:\/\/arteeluoghi.it\/#organization\",\"name\":\"Arte e Luoghi\",\"url\":\"https:\/\/arteeluoghi.it\/\",\"sameAs\":[\"https:\/\/www.facebook.com\/ArteELuoghi\/\",\"https:\/\/www.instagram.com\/arteeluoghi\/?hl=it\",\"https:\/\/www.youtube.com\/channel\/UCuRVc4JW4-C5sg9rQB-srkw?view_as=subscriber\",\"https:\/\/twitter.com\/arteeluoghi\"],\"logo\":{\"@type\":\"ImageObject\",\"@id\":\"https:\/\/arteeluoghi.it\/#logo\",\"inLanguage\":\"it-IT\",\"url\":\"https:\/\/arteeluoghi.it\/wp-content\/uploads\/2018\/08\/logoinstagramarte.jpg\",\"contentUrl\":\"https:\/\/arteeluoghi.it\/wp-content\/uploads\/2018\/08\/logoinstagramarte.jpg\",\"width\":150,\"height\":150,\"caption\":\"Arte e Luoghi\"},\"image\":{\"@id\":\"https:\/\/arteeluoghi.it\/#logo\"}},{\"@type\":\"WebSite\",\"@id\":\"https:\/\/arteeluoghi.it\/#website\",\"url\":\"https:\/\/arteeluoghi.it\/\",\"name\":\"Arte e Luoghi\",\"description\":\"Mensile di arte, cultura, turismo e curiosit\u00e0\",\"publisher\":{\"@id\":\"https:\/\/arteeluoghi.it\/#organization\"},\"potentialAction\":[{\"@type\":\"SearchAction\",\"target\":{\"@type\":\"EntryPoint\",\"urlTemplate\":\"https:\/\/arteeluoghi.it\/?s={search_term_string}\"},\"query-input\":\"required name=search_term_string\"}],\"inLanguage\":\"it-IT\"},{\"@type\":\"ImageObject\",\"@id\":\"https:\/\/arteeluoghi.it\/index.php\/2013\/08\/12\/ferragosto-nei-musei-piu-belli-d-italia\/#primaryimage\",\"inLanguage\":\"it-IT\",\"url\":\"\/images\/aperitiviadarte.JPG\",\"contentUrl\":\"\/images\/aperitiviadarte.JPG\"},{\"@type\":\"WebPage\",\"@id\":\"https:\/\/arteeluoghi.it\/index.php\/2013\/08\/12\/ferragosto-nei-musei-piu-belli-d-italia\/#webpage\",\"url\":\"https:\/\/arteeluoghi.it\/index.php\/2013\/08\/12\/ferragosto-nei-musei-piu-belli-d-italia\/\",\"name\":\"Ferragosto? Nei musei pi\u00f9 belli d'Italia | Arte e Luoghi\",\"isPartOf\":{\"@id\":\"https:\/\/arteeluoghi.it\/#website\"},\"primaryImageOfPage\":{\"@id\":\"https:\/\/arteeluoghi.it\/index.php\/2013\/08\/12\/ferragosto-nei-musei-piu-belli-d-italia\/#primaryimage\"},\"datePublished\":\"2013-08-12T21:38:13+00:00\",\"dateModified\":\"2013-08-12T21:38:13+00:00\",\"breadcrumb\":{\"@id\":\"https:\/\/arteeluoghi.it\/index.php\/2013\/08\/12\/ferragosto-nei-musei-piu-belli-d-italia\/#breadcrumb\"},\"inLanguage\":\"it-IT\",\"potentialAction\":[{\"@type\":\"ReadAction\",\"target\":[\"https:\/\/arteeluoghi.it\/index.php\/2013\/08\/12\/ferragosto-nei-musei-piu-belli-d-italia\/\"]}]},{\"@type\":\"BreadcrumbList\",\"@id\":\"https:\/\/arteeluoghi.it\/index.php\/2013\/08\/12\/ferragosto-nei-musei-piu-belli-d-italia\/#breadcrumb\",\"itemListElement\":[{\"@type\":\"ListItem\",\"position\":1,\"name\":\"Home\",\"item\":\"https:\/\/arteeluoghi.it\/\"},{\"@type\":\"ListItem\",\"position\":2,\"name\":\"Ferragosto? Nei musei pi\u00f9 belli d&#8217;Italia\"}]},{\"@type\":\"Article\",\"@id\":\"https:\/\/arteeluoghi.it\/index.php\/2013\/08\/12\/ferragosto-nei-musei-piu-belli-d-italia\/#article\",\"isPartOf\":{\"@id\":\"https:\/\/arteeluoghi.it\/index.php\/2013\/08\/12\/ferragosto-nei-musei-piu-belli-d-italia\/#webpage\"},\"author\":{\"@id\":\"https:\/\/arteeluoghi.it\/#\/schema\/person\/f84e814e36e91e01448ee07eaadd41d4\"},\"headline\":\"Ferragosto? Nei musei pi\u00f9 belli d&#8217;Italia\",\"datePublished\":\"2013-08-12T21:38:13+00:00\",\"dateModified\":\"2013-08-12T21:38:13+00:00\",\"mainEntityOfPage\":{\"@id\":\"https:\/\/arteeluoghi.it\/index.php\/2013\/08\/12\/ferragosto-nei-musei-piu-belli-d-italia\/#webpage\"},\"wordCount\":736,\"commentCount\":0,\"publisher\":{\"@id\":\"https:\/\/arteeluoghi.it\/#organization\"},\"image\":{\"@id\":\"https:\/\/arteeluoghi.it\/index.php\/2013\/08\/12\/ferragosto-nei-musei-piu-belli-d-italia\/#primaryimage\"},\"thumbnailUrl\":\"\/images\/aperitiviadarte.JPG\",\"articleSection\":[\"I luoghi dell'Arte\"],\"inLanguage\":\"it-IT\",\"potentialAction\":[{\"@type\":\"CommentAction\",\"name\":\"Comment\",\"target\":[\"https:\/\/arteeluoghi.it\/index.php\/2013\/08\/12\/ferragosto-nei-musei-piu-belli-d-italia\/#respond\"]}]},{\"@type\":\"Person\",\"@id\":\"https:\/\/arteeluoghi.it\/#\/schema\/person\/f84e814e36e91e01448ee07eaadd41d4\",\"name\":\"Staff\",\"image\":{\"@type\":\"ImageObject\",\"@id\":\"https:\/\/arteeluoghi.it\/#personlogo\",\"inLanguage\":\"it-IT\",\"url\":\"https:\/\/secure.gravatar.com\/avatar\/49d2f9e46271bb04e19cebfaf141313a?s=96&d=blank&r=g\",\"contentUrl\":\"https:\/\/secure.gravatar.com\/avatar\/49d2f9e46271bb04e19cebfaf141313a?s=96&d=blank&r=g\",\"caption\":\"Staff\"}}]}<\/script>\n<!-- \/ Yoast SEO plugin. -->","yoast_head_json":{"title":"Ferragosto? Nei musei pi\u00f9 belli d'Italia | Arte e Luoghi","robots":{"index":"index","follow":"follow","max-snippet":"max-snippet:-1","max-image-preview":"max-image-preview:large","max-video-preview":"max-video-preview:-1"},"canonical":"https:\/\/arteeluoghi.it\/index.php\/2013\/08\/12\/ferragosto-nei-musei-piu-belli-d-italia\/","og_locale":"it_IT","og_type":"article","og_title":"Ferragosto? Nei musei pi\u00f9 belli d'Italia | Arte e Luoghi","og_description":"\u00a0 I luoghi dell&#8217;arte e\u00a0 le mostre da non perdere Visitando il Polo Museale Fiorentino \u00a0 Per chi decidesse di","og_url":"https:\/\/arteeluoghi.it\/index.php\/2013\/08\/12\/ferragosto-nei-musei-piu-belli-d-italia\/","og_site_name":"Arte e Luoghi","article_publisher":"https:\/\/www.facebook.com\/ArteELuoghi\/","article_published_time":"2013-08-12T21:38:13+00:00","og_image":[{"url":"https:\/\/arteeluoghi.it\/images\/aperitiviadarte.JPG"}],"twitter_card":"summary","twitter_creator":"@arteeluoghi","twitter_site":"@arteeluoghi","twitter_misc":{"Scritto da":"Staff","Tempo di lettura stimato":"4 minuti"},"schema":{"@context":"https:\/\/schema.org","@graph":[{"@type":"Organization","@id":"https:\/\/arteeluoghi.it\/#organization","name":"Arte e Luoghi","url":"https:\/\/arteeluoghi.it\/","sameAs":["https:\/\/www.facebook.com\/ArteELuoghi\/","https:\/\/www.instagram.com\/arteeluoghi\/?hl=it","https:\/\/www.youtube.com\/channel\/UCuRVc4JW4-C5sg9rQB-srkw?view_as=subscriber","https:\/\/twitter.com\/arteeluoghi"],"logo":{"@type":"ImageObject","@id":"https:\/\/arteeluoghi.it\/#logo","inLanguage":"it-IT","url":"https:\/\/arteeluoghi.it\/wp-content\/uploads\/2018\/08\/logoinstagramarte.jpg","contentUrl":"https:\/\/arteeluoghi.it\/wp-content\/uploads\/2018\/08\/logoinstagramarte.jpg","width":150,"height":150,"caption":"Arte e Luoghi"},"image":{"@id":"https:\/\/arteeluoghi.it\/#logo"}},{"@type":"WebSite","@id":"https:\/\/arteeluoghi.it\/#website","url":"https:\/\/arteeluoghi.it\/","name":"Arte e Luoghi","description":"Mensile di arte, cultura, turismo e curiosit\u00e0","publisher":{"@id":"https:\/\/arteeluoghi.it\/#organization"},"potentialAction":[{"@type":"SearchAction","target":{"@type":"EntryPoint","urlTemplate":"https:\/\/arteeluoghi.it\/?s={search_term_string}"},"query-input":"required name=search_term_string"}],"inLanguage":"it-IT"},{"@type":"ImageObject","@id":"https:\/\/arteeluoghi.it\/index.php\/2013\/08\/12\/ferragosto-nei-musei-piu-belli-d-italia\/#primaryimage","inLanguage":"it-IT","url":"\/images\/aperitiviadarte.JPG","contentUrl":"\/images\/aperitiviadarte.JPG"},{"@type":"WebPage","@id":"https:\/\/arteeluoghi.it\/index.php\/2013\/08\/12\/ferragosto-nei-musei-piu-belli-d-italia\/#webpage","url":"https:\/\/arteeluoghi.it\/index.php\/2013\/08\/12\/ferragosto-nei-musei-piu-belli-d-italia\/","name":"Ferragosto? Nei musei pi\u00f9 belli d'Italia | Arte e Luoghi","isPartOf":{"@id":"https:\/\/arteeluoghi.it\/#website"},"primaryImageOfPage":{"@id":"https:\/\/arteeluoghi.it\/index.php\/2013\/08\/12\/ferragosto-nei-musei-piu-belli-d-italia\/#primaryimage"},"datePublished":"2013-08-12T21:38:13+00:00","dateModified":"2013-08-12T21:38:13+00:00","breadcrumb":{"@id":"https:\/\/arteeluoghi.it\/index.php\/2013\/08\/12\/ferragosto-nei-musei-piu-belli-d-italia\/#breadcrumb"},"inLanguage":"it-IT","potentialAction":[{"@type":"ReadAction","target":["https:\/\/arteeluoghi.it\/index.php\/2013\/08\/12\/ferragosto-nei-musei-piu-belli-d-italia\/"]}]},{"@type":"BreadcrumbList","@id":"https:\/\/arteeluoghi.it\/index.php\/2013\/08\/12\/ferragosto-nei-musei-piu-belli-d-italia\/#breadcrumb","itemListElement":[{"@type":"ListItem","position":1,"name":"Home","item":"https:\/\/arteeluoghi.it\/"},{"@type":"ListItem","position":2,"name":"Ferragosto? Nei musei pi\u00f9 belli d&#8217;Italia"}]},{"@type":"Article","@id":"https:\/\/arteeluoghi.it\/index.php\/2013\/08\/12\/ferragosto-nei-musei-piu-belli-d-italia\/#article","isPartOf":{"@id":"https:\/\/arteeluoghi.it\/index.php\/2013\/08\/12\/ferragosto-nei-musei-piu-belli-d-italia\/#webpage"},"author":{"@id":"https:\/\/arteeluoghi.it\/#\/schema\/person\/f84e814e36e91e01448ee07eaadd41d4"},"headline":"Ferragosto? Nei musei pi\u00f9 belli d&#8217;Italia","datePublished":"2013-08-12T21:38:13+00:00","dateModified":"2013-08-12T21:38:13+00:00","mainEntityOfPage":{"@id":"https:\/\/arteeluoghi.it\/index.php\/2013\/08\/12\/ferragosto-nei-musei-piu-belli-d-italia\/#webpage"},"wordCount":736,"commentCount":0,"publisher":{"@id":"https:\/\/arteeluoghi.it\/#organization"},"image":{"@id":"https:\/\/arteeluoghi.it\/index.php\/2013\/08\/12\/ferragosto-nei-musei-piu-belli-d-italia\/#primaryimage"},"thumbnailUrl":"\/images\/aperitiviadarte.JPG","articleSection":["I luoghi dell'Arte"],"inLanguage":"it-IT","potentialAction":[{"@type":"CommentAction","name":"Comment","target":["https:\/\/arteeluoghi.it\/index.php\/2013\/08\/12\/ferragosto-nei-musei-piu-belli-d-italia\/#respond"]}]},{"@type":"Person","@id":"https:\/\/arteeluoghi.it\/#\/schema\/person\/f84e814e36e91e01448ee07eaadd41d4","name":"Staff","image":{"@type":"ImageObject","@id":"https:\/\/arteeluoghi.it\/#personlogo","inLanguage":"it-IT","url":"https:\/\/secure.gravatar.com\/avatar\/49d2f9e46271bb04e19cebfaf141313a?s=96&d=blank&r=g","contentUrl":"https:\/\/secure.gravatar.com\/avatar\/49d2f9e46271bb04e19cebfaf141313a?s=96&d=blank&r=g","caption":"Staff"}}]}},"_links":{"self":[{"href":"https:\/\/arteeluoghi.it\/index.php\/wp-json\/wp\/v2\/posts\/1285"}],"collection":[{"href":"https:\/\/arteeluoghi.it\/index.php\/wp-json\/wp\/v2\/posts"}],"about":[{"href":"https:\/\/arteeluoghi.it\/index.php\/wp-json\/wp\/v2\/types\/post"}],"author":[{"embeddable":true,"href":"https:\/\/arteeluoghi.it\/index.php\/wp-json\/wp\/v2\/users\/1"}],"replies":[{"embeddable":true,"href":"https:\/\/arteeluoghi.it\/index.php\/wp-json\/wp\/v2\/comments?post=1285"}],"version-history":[{"count":0,"href":"https:\/\/arteeluoghi.it\/index.php\/wp-json\/wp\/v2\/posts\/1285\/revisions"}],"wp:attachment":[{"href":"https:\/\/arteeluoghi.it\/index.php\/wp-json\/wp\/v2\/media?parent=1285"}],"wp:term":[{"taxonomy":"category","embeddable":true,"href":"https:\/\/arteeluoghi.it\/index.php\/wp-json\/wp\/v2\/categories?post=1285"},{"taxonomy":"post_tag","embeddable":true,"href":"https:\/\/arteeluoghi.it\/index.php\/wp-json\/wp\/v2\/tags?post=1285"}],"curies":[{"name":"wp","href":"https:\/\/api.w.org\/{rel}","templated":true}]}}