{"id":12855,"date":"2023-06-01T17:05:00","date_gmt":"2023-06-01T15:05:00","guid":{"rendered":"https:\/\/arteeluoghi.it\/?p=12855"},"modified":"2023-06-03T17:14:55","modified_gmt":"2023-06-03T15:14:55","slug":"leverano-in-fiore-2","status":"publish","type":"post","link":"https:\/\/arteeluoghi.it\/index.php\/2023\/06\/01\/leverano-in-fiore-2\/","title":{"rendered":"Leverano in fiore"},"content":{"rendered":"\n<blockquote class=\"wp-block-quote\"><p>40 anni per l&#8217;evento che vede a Leverano 300 florovivaisti locali. Tema di questa edizione &#8220;Ama&#8221; ovvero l&#8217;amore in tutte le sue forme<\/p><\/blockquote>\n\n\n\n<p>Taglio del nastro alle 19 del 2 giugno, e tanti gli appuntamenti tra arte e spettacolo per <strong>Leverano in Fiore<\/strong>, manifestazione storica organizzata dalla associazione omonima presieduta da Antonio Paglialunga con la super visione dell\u2019anima storica dell\u2019evento, Sandro Leone, e dal <strong>Comune di Leverano,<\/strong> in collaborazione con <strong>Gal Terra d\u2019Arneo<\/strong> e <strong>CCIAA di Lecce<\/strong>,&nbsp; <strong>Coldiretti<\/strong>, <strong>Regione Puglia <\/strong>che coinvolge i produttori, 300 florovivaisti locali e un comparto vivo e straordinario.<\/p>\n\n\n\n<p>L\u2019evento compie 40 anni e per l\u2019occasione filo conduttore dell\u2019edizione 2023 \u00e8 &nbsp;<strong>\u201cAma\u201d.<\/strong> L\u2019amore, in tutte le sue forme, raccontato attraverso i frutti della terra leveranese.<\/p>\n\n\n\n<!--more-->\n\n\n\n<p><strong>Al taglio partecipano le autorit\u00e0 e tutti i partner citati oltre alla squadra di artisti fioristi in arrivo da <\/strong><strong>Italia&nbsp;, Polonia, Estonia, Ukraina, Russia, Repubblica ceca, Slovenia, Olanda, Lettonia, Belgio, Ungheria, Finlandia<\/strong> che si sfidano in una gara a suon di fiori, con <strong>Arteflorando,<\/strong> organizzata dalla <strong>Ivan Bergh Floral School<\/strong> con Ivan Berghella, Annamaria Spedicato e Francesco Durante.<\/p>\n\n\n\n<figure class=\"wp-block-image size-large\"><img loading=\"lazy\" width=\"959\" height=\"720\" src=\"https:\/\/arteeluoghi.it\/wp-content\/uploads\/2023\/06\/leverano-in-fiore-1.jpeg\" alt=\"\" class=\"wp-image-12857\" srcset=\"https:\/\/arteeluoghi.it\/wp-content\/uploads\/2023\/06\/leverano-in-fiore-1.jpeg 959w, https:\/\/arteeluoghi.it\/wp-content\/uploads\/2023\/06\/leverano-in-fiore-1-300x225.jpeg 300w, https:\/\/arteeluoghi.it\/wp-content\/uploads\/2023\/06\/leverano-in-fiore-1-768x577.jpeg 768w\" sizes=\"(max-width: 959px) 100vw, 959px\" \/><\/figure>\n\n\n\n<p>Le aziende locali&nbsp; saranno invece come di consueto protagoniste del <strong>Premio Leverano in Fiore.<\/strong><\/p>\n\n\n\n<p><strong>Presente anche la <\/strong><strong>Capinaeria di Porto <\/strong><strong>che ha messo a&nbsp; disposizione il gozzo allestito in memoria <\/strong><strong>di Cutro e di tutte e tragedie del mare.<\/strong><\/p>\n\n\n\n<p><strong><u>SPETTACOLI ED EVENTI<\/u><\/strong><\/p>\n\n\n\n<p><strong>PALAZZO GORGONI<\/strong> \u2013 tutti i giorni dell\u2019evento<\/p>\n\n\n\n<p>Mostra \u201cPaesaggi e Orizzonti sommersi d\u2019Arneo\u201d, a cura del GAL Terra d\u2019Arneo<\/p>\n\n\n\n<p>3-4 giugno <strong>AUTO E MOTO D\u2019EPOCA IN FIORE<\/strong><\/p>\n\n\n\n<p>Iniziativa promossa dalla \u201c1^ Scuderia Femminile AutoMoto d\u2019Epoca\u201d-<\/p>\n\n\n\n<p>Aderente ASI di Leverano, in occasione dei 20 anni dalla fondazione ,in<\/p>\n\n\n\n<p>collaborazione con i Club \u201cScuderia IL TACCO\u201d di Porto Cesareo (Le), il\u201d<\/p>\n\n\n\n<p>Veteran Club Valle d\u2019Itria\u201d di Martina Franca (TA), entrambi federati<\/p>\n\n\n\n<p>A.S.I., l\u2019Universit\u00e0 della Terza Et\u00e0 \u201cSalento\u201d di Leverano (Le) e<\/p>\n\n\n\n<p>l\u2019Ass.\u201dGiovani al Timone\u201d di Leverano.<\/p>\n\n\n\n<p><strong>SABATO 03 Giugno 2023<\/strong><\/p>\n\n\n\n<p>Ore 18,00 Via Sindaco Caracciolo<\/p>\n\n\n\n<p>&#8211; Accoglienza e registrazione degli equipaggi<\/p>\n\n\n\n<p>Ore 20,00 Esibizione di SVING DANCE FOREVER del socio Antonio Liccardi<\/p>\n\n\n\n<p>&#8211; di Cavallino (Le)<\/p>\n\n\n\n<p>DOMENICA 04 Giugno 2023<\/p>\n\n\n\n<p>Ore 09,00 Via Sindaco Caracciolo<\/p>\n\n\n\n<p>&#8211; Registrazione equipaggi a cura degli studenti indirizzo S.S.A.S. (Servizi<\/p>\n\n\n\n<p>per la Sanit\u00e0 e l\u2019Assistenza Sociale) dell\u2019I. P. \u201dN. MOCCIA\u201d di Nard\u00f2 ,<\/p>\n\n\n\n<p>&#8211; Sistemazione ed Assistenza veicoli d\u2019epoca a cura dei futuri<\/p>\n\n\n\n<p>meccatronici dell\u2019indirizzo MAT (Manutenzione e Assistenza Tecnica)<\/p>\n\n\n\n<p>dell\u2019I. P. \u201cN. MOCCIA\u201d di Nard\u00f2<\/p>\n\n\n\n<p>&#8211; Benvenuto e degustazione di dolci a cura degli studenti dell\u2019indirizzo<\/p>\n\n\n\n<p>EOA (Enogastronomia e Ospitalit\u00e0 Alberghiera), dell\u2019 I. P. \u201cN. MOCCIA\u201d<\/p>\n\n\n\n<p>di Nard\u00f2.<\/p>\n\n\n\n<p>&#8211; Caff\u00e8 gentilmente offerto dalla ditta \u201cSPINELLI CAFFE\u2019\u201d.<\/p>\n\n\n\n<p>Ore 10,00 Passeggiata a piedi nel centro storico allestito da<\/p>\n\n\n\n<p>artisti locali e internazionali di composizioni floreali<\/p>\n\n\n\n<p>accompagnati da modelle con vestiti storici dell\u2019Associazione \u201cGiovani<\/p>\n\n\n\n<p>al Timone\u201d<\/p>\n\n\n\n<p>&#8211; Visita alla Torre di Federico II, alla Chiesa Matrice Collegiata del XVII<\/p>\n\n\n\n<p>sec. e ad altre bellezze artistiche esistenti nel centro storico.<\/p>\n\n\n\n<p>Ore 12,00 Saluto delle Autorit\u00e0 Civili e degli Organizzatori<\/p>\n\n\n\n<p>Ore 13,00 Trasferimento a Copertino (Le) per il pranzo conviviale<\/p>\n\n\n\n<p>presso il ristorante \u201cNuova Grottella \u201c<\/p>\n\n\n\n<p><strong>MUSICA LIVE NEL CENTRO STORICO DAL 3 AL 4 GIUGNO<\/strong><\/p>\n\n\n\n<p>3 giugno<\/p>\n\n\n\n<p>SOUL TRIP in piazza Roma<\/p>\n\n\n\n<p>UGO BUSATTO E MATTIA CARLUCCIO DUO nei pressi della chiesa madre<\/p>\n\n\n\n<p>SIKAL\u00ccNDI in vico Conti Zecca<\/p>\n\n\n\n<p>4 giugno<\/p>\n\n\n\n<p>WHIRLPOOL BAND in piazza Roma<\/p>\n\n\n\n<p>MILONGA NOIR vicino chiesa madre<\/p>\n\n\n\n<p>ALESSANDRO DELL&#8217;ANNA EANDREA ROSSETTI DUO in vico Conti Zecca<\/p>\n\n\n\n<p><em><u>In occasione della manifestazione, la Cooperativa Sociale La Ruota del Mulino effettuer\u00e0 il servizio trasporto in favore di persone con disabilit\u00e0, residenti a Leverano, che desiderano partecipare all&#8217;evento. Il servizio sar\u00e0 effettuato con un pulmino attrezzato di pedana che<\/u><\/em><\/p>\n\n\n\n<p><em><u>accompagner\u00e0 coloro ne facciano richiesta in prossimit\u00e0 del centro storico, cuore della manifestazione. Il servizio sar\u00e0 gratuito e si acceder\u00e0 tramite prenotazione che dovr\u00e0 pervenire entro la mattinata di venerd\u00ec 2 giugno al numero 339 521 1890<\/u><\/em><\/p>\n\n\n\n<p>(fonte: comunicato stampa)<\/p>\n","protected":false},"excerpt":{"rendered":"<p>40 anni per l&#8217;evento che vede a Leverano 300 florovivaisti locali. Tema di questa edizione &#8220;Ama&#8221; ovvero l&#8217;amore in tutte<\/p>\n","protected":false},"author":1,"featured_media":12856,"comment_status":"open","ping_status":"open","sticky":true,"template":"","format":"standard","meta":[],"categories":[8,28],"tags":[119,4123],"yoast_head":"<!-- This site is optimized with the Yoast SEO plugin v18.0 - https:\/\/yoast.com\/wordpress\/plugins\/seo\/ -->\n<title>Leverano in fiore | Arte e Luoghi<\/title>\n<meta name=\"description\" content=\"40 anni per l&#039;evento che vede a Leverano 300 florovivaisti locali. Tema di questa edizione &quot;Ama&quot; ovvero l&#039;amore in tutte le sue forme\" \/>\n<meta name=\"robots\" content=\"index, follow, max-snippet:-1, max-image-preview:large, max-video-preview:-1\" \/>\n<link rel=\"canonical\" href=\"https:\/\/arteeluoghi.it\/index.php\/2023\/06\/01\/leverano-in-fiore-2\/\" \/>\n<meta property=\"og:locale\" content=\"it_IT\" \/>\n<meta property=\"og:type\" content=\"article\" \/>\n<meta property=\"og:title\" content=\"Leverano in fiore | Arte e Luoghi\" \/>\n<meta property=\"og:description\" content=\"40 anni per l&#039;evento che vede a Leverano 300 florovivaisti locali. Tema di questa edizione &quot;Ama&quot; ovvero l&#039;amore in tutte le sue forme\" \/>\n<meta property=\"og:url\" content=\"https:\/\/arteeluoghi.it\/index.php\/2023\/06\/01\/leverano-in-fiore-2\/\" \/>\n<meta property=\"og:site_name\" content=\"Arte e Luoghi\" \/>\n<meta property=\"article:publisher\" content=\"https:\/\/www.facebook.com\/ArteELuoghi\/\" \/>\n<meta property=\"article:published_time\" content=\"2023-06-01T15:05:00+00:00\" \/>\n<meta property=\"article:modified_time\" content=\"2023-06-03T15:14:55+00:00\" \/>\n<meta property=\"og:image\" content=\"https:\/\/arteeluoghi.it\/wp-content\/uploads\/2023\/06\/leverano-2.jpeg\" \/>\n\t<meta property=\"og:image:width\" content=\"1440\" \/>\n\t<meta property=\"og:image:height\" content=\"1440\" \/>\n\t<meta property=\"og:image:type\" content=\"image\/jpeg\" \/>\n<meta name=\"twitter:card\" content=\"summary\" \/>\n<meta name=\"twitter:creator\" content=\"@arteeluoghi\" \/>\n<meta name=\"twitter:site\" content=\"@arteeluoghi\" \/>\n<meta name=\"twitter:label1\" content=\"Scritto da\" \/>\n\t<meta name=\"twitter:data1\" content=\"Staff\" \/>\n\t<meta name=\"twitter:label2\" content=\"Tempo di lettura stimato\" \/>\n\t<meta name=\"twitter:data2\" content=\"4 minuti\" \/>\n<script type=\"application\/ld+json\" class=\"yoast-schema-graph\">{\"@context\":\"https:\/\/schema.org\",\"@graph\":[{\"@type\":\"Organization\",\"@id\":\"https:\/\/arteeluoghi.it\/#organization\",\"name\":\"Arte e Luoghi\",\"url\":\"https:\/\/arteeluoghi.it\/\",\"sameAs\":[\"https:\/\/www.facebook.com\/ArteELuoghi\/\",\"https:\/\/www.instagram.com\/arteeluoghi\/?hl=it\",\"https:\/\/www.youtube.com\/channel\/UCuRVc4JW4-C5sg9rQB-srkw?view_as=subscriber\",\"https:\/\/twitter.com\/arteeluoghi\"],\"logo\":{\"@type\":\"ImageObject\",\"@id\":\"https:\/\/arteeluoghi.it\/#logo\",\"inLanguage\":\"it-IT\",\"url\":\"https:\/\/arteeluoghi.it\/wp-content\/uploads\/2018\/08\/logoinstagramarte.jpg\",\"contentUrl\":\"https:\/\/arteeluoghi.it\/wp-content\/uploads\/2018\/08\/logoinstagramarte.jpg\",\"width\":150,\"height\":150,\"caption\":\"Arte e Luoghi\"},\"image\":{\"@id\":\"https:\/\/arteeluoghi.it\/#logo\"}},{\"@type\":\"WebSite\",\"@id\":\"https:\/\/arteeluoghi.it\/#website\",\"url\":\"https:\/\/arteeluoghi.it\/\",\"name\":\"Arte e Luoghi\",\"description\":\"Mensile di arte, cultura, turismo e curiosit\u00e0\",\"publisher\":{\"@id\":\"https:\/\/arteeluoghi.it\/#organization\"},\"potentialAction\":[{\"@type\":\"SearchAction\",\"target\":{\"@type\":\"EntryPoint\",\"urlTemplate\":\"https:\/\/arteeluoghi.it\/?s={search_term_string}\"},\"query-input\":\"required name=search_term_string\"}],\"inLanguage\":\"it-IT\"},{\"@type\":\"ImageObject\",\"@id\":\"https:\/\/arteeluoghi.it\/index.php\/2023\/06\/01\/leverano-in-fiore-2\/#primaryimage\",\"inLanguage\":\"it-IT\",\"url\":\"https:\/\/arteeluoghi.it\/wp-content\/uploads\/2023\/06\/leverano-2.jpeg\",\"contentUrl\":\"https:\/\/arteeluoghi.it\/wp-content\/uploads\/2023\/06\/leverano-2.jpeg\",\"width\":1440,\"height\":1440},{\"@type\":\"WebPage\",\"@id\":\"https:\/\/arteeluoghi.it\/index.php\/2023\/06\/01\/leverano-in-fiore-2\/#webpage\",\"url\":\"https:\/\/arteeluoghi.it\/index.php\/2023\/06\/01\/leverano-in-fiore-2\/\",\"name\":\"Leverano in fiore | Arte e Luoghi\",\"isPartOf\":{\"@id\":\"https:\/\/arteeluoghi.it\/#website\"},\"primaryImageOfPage\":{\"@id\":\"https:\/\/arteeluoghi.it\/index.php\/2023\/06\/01\/leverano-in-fiore-2\/#primaryimage\"},\"datePublished\":\"2023-06-01T15:05:00+00:00\",\"dateModified\":\"2023-06-03T15:14:55+00:00\",\"description\":\"40 anni per l'evento che vede a Leverano 300 florovivaisti locali. Tema di questa edizione \\\"Ama\\\" ovvero l'amore in tutte le sue forme\",\"breadcrumb\":{\"@id\":\"https:\/\/arteeluoghi.it\/index.php\/2023\/06\/01\/leverano-in-fiore-2\/#breadcrumb\"},\"inLanguage\":\"it-IT\",\"potentialAction\":[{\"@type\":\"ReadAction\",\"target\":[\"https:\/\/arteeluoghi.it\/index.php\/2023\/06\/01\/leverano-in-fiore-2\/\"]}]},{\"@type\":\"BreadcrumbList\",\"@id\":\"https:\/\/arteeluoghi.it\/index.php\/2023\/06\/01\/leverano-in-fiore-2\/#breadcrumb\",\"itemListElement\":[{\"@type\":\"ListItem\",\"position\":1,\"name\":\"Home\",\"item\":\"https:\/\/arteeluoghi.it\/\"},{\"@type\":\"ListItem\",\"position\":2,\"name\":\"Leverano in fiore\"}]},{\"@type\":\"Article\",\"@id\":\"https:\/\/arteeluoghi.it\/index.php\/2023\/06\/01\/leverano-in-fiore-2\/#article\",\"isPartOf\":{\"@id\":\"https:\/\/arteeluoghi.it\/index.php\/2023\/06\/01\/leverano-in-fiore-2\/#webpage\"},\"author\":{\"@id\":\"https:\/\/arteeluoghi.it\/#\/schema\/person\/f84e814e36e91e01448ee07eaadd41d4\"},\"headline\":\"Leverano in fiore\",\"datePublished\":\"2023-06-01T15:05:00+00:00\",\"dateModified\":\"2023-06-03T15:14:55+00:00\",\"mainEntityOfPage\":{\"@id\":\"https:\/\/arteeluoghi.it\/index.php\/2023\/06\/01\/leverano-in-fiore-2\/#webpage\"},\"wordCount\":634,\"commentCount\":0,\"publisher\":{\"@id\":\"https:\/\/arteeluoghi.it\/#organization\"},\"image\":{\"@id\":\"https:\/\/arteeluoghi.it\/index.php\/2023\/06\/01\/leverano-in-fiore-2\/#primaryimage\"},\"thumbnailUrl\":\"https:\/\/arteeluoghi.it\/wp-content\/uploads\/2023\/06\/leverano-2.jpeg\",\"keywords\":[\"Leverano\",\"Leverano in fiore\"],\"articleSection\":[\"LUOGHI\",\"Notizie\"],\"inLanguage\":\"it-IT\",\"potentialAction\":[{\"@type\":\"CommentAction\",\"name\":\"Comment\",\"target\":[\"https:\/\/arteeluoghi.it\/index.php\/2023\/06\/01\/leverano-in-fiore-2\/#respond\"]}]},{\"@type\":\"Person\",\"@id\":\"https:\/\/arteeluoghi.it\/#\/schema\/person\/f84e814e36e91e01448ee07eaadd41d4\",\"name\":\"Staff\",\"image\":{\"@type\":\"ImageObject\",\"@id\":\"https:\/\/arteeluoghi.it\/#personlogo\",\"inLanguage\":\"it-IT\",\"url\":\"https:\/\/secure.gravatar.com\/avatar\/49d2f9e46271bb04e19cebfaf141313a?s=96&d=blank&r=g\",\"contentUrl\":\"https:\/\/secure.gravatar.com\/avatar\/49d2f9e46271bb04e19cebfaf141313a?s=96&d=blank&r=g\",\"caption\":\"Staff\"}}]}<\/script>\n<!-- \/ Yoast SEO plugin. -->","yoast_head_json":{"title":"Leverano in fiore | Arte e Luoghi","description":"40 anni per l'evento che vede a Leverano 300 florovivaisti locali. Tema di questa edizione \"Ama\" ovvero l'amore in tutte le sue forme","robots":{"index":"index","follow":"follow","max-snippet":"max-snippet:-1","max-image-preview":"max-image-preview:large","max-video-preview":"max-video-preview:-1"},"canonical":"https:\/\/arteeluoghi.it\/index.php\/2023\/06\/01\/leverano-in-fiore-2\/","og_locale":"it_IT","og_type":"article","og_title":"Leverano in fiore | Arte e Luoghi","og_description":"40 anni per l'evento che vede a Leverano 300 florovivaisti locali. Tema di questa edizione \"Ama\" ovvero l'amore in tutte le sue forme","og_url":"https:\/\/arteeluoghi.it\/index.php\/2023\/06\/01\/leverano-in-fiore-2\/","og_site_name":"Arte e Luoghi","article_publisher":"https:\/\/www.facebook.com\/ArteELuoghi\/","article_published_time":"2023-06-01T15:05:00+00:00","article_modified_time":"2023-06-03T15:14:55+00:00","og_image":[{"width":1440,"height":1440,"url":"https:\/\/arteeluoghi.it\/wp-content\/uploads\/2023\/06\/leverano-2.jpeg","type":"image\/jpeg"}],"twitter_card":"summary","twitter_creator":"@arteeluoghi","twitter_site":"@arteeluoghi","twitter_misc":{"Scritto da":"Staff","Tempo di lettura stimato":"4 minuti"},"schema":{"@context":"https:\/\/schema.org","@graph":[{"@type":"Organization","@id":"https:\/\/arteeluoghi.it\/#organization","name":"Arte e Luoghi","url":"https:\/\/arteeluoghi.it\/","sameAs":["https:\/\/www.facebook.com\/ArteELuoghi\/","https:\/\/www.instagram.com\/arteeluoghi\/?hl=it","https:\/\/www.youtube.com\/channel\/UCuRVc4JW4-C5sg9rQB-srkw?view_as=subscriber","https:\/\/twitter.com\/arteeluoghi"],"logo":{"@type":"ImageObject","@id":"https:\/\/arteeluoghi.it\/#logo","inLanguage":"it-IT","url":"https:\/\/arteeluoghi.it\/wp-content\/uploads\/2018\/08\/logoinstagramarte.jpg","contentUrl":"https:\/\/arteeluoghi.it\/wp-content\/uploads\/2018\/08\/logoinstagramarte.jpg","width":150,"height":150,"caption":"Arte e Luoghi"},"image":{"@id":"https:\/\/arteeluoghi.it\/#logo"}},{"@type":"WebSite","@id":"https:\/\/arteeluoghi.it\/#website","url":"https:\/\/arteeluoghi.it\/","name":"Arte e Luoghi","description":"Mensile di arte, cultura, turismo e curiosit\u00e0","publisher":{"@id":"https:\/\/arteeluoghi.it\/#organization"},"potentialAction":[{"@type":"SearchAction","target":{"@type":"EntryPoint","urlTemplate":"https:\/\/arteeluoghi.it\/?s={search_term_string}"},"query-input":"required name=search_term_string"}],"inLanguage":"it-IT"},{"@type":"ImageObject","@id":"https:\/\/arteeluoghi.it\/index.php\/2023\/06\/01\/leverano-in-fiore-2\/#primaryimage","inLanguage":"it-IT","url":"https:\/\/arteeluoghi.it\/wp-content\/uploads\/2023\/06\/leverano-2.jpeg","contentUrl":"https:\/\/arteeluoghi.it\/wp-content\/uploads\/2023\/06\/leverano-2.jpeg","width":1440,"height":1440},{"@type":"WebPage","@id":"https:\/\/arteeluoghi.it\/index.php\/2023\/06\/01\/leverano-in-fiore-2\/#webpage","url":"https:\/\/arteeluoghi.it\/index.php\/2023\/06\/01\/leverano-in-fiore-2\/","name":"Leverano in fiore | Arte e Luoghi","isPartOf":{"@id":"https:\/\/arteeluoghi.it\/#website"},"primaryImageOfPage":{"@id":"https:\/\/arteeluoghi.it\/index.php\/2023\/06\/01\/leverano-in-fiore-2\/#primaryimage"},"datePublished":"2023-06-01T15:05:00+00:00","dateModified":"2023-06-03T15:14:55+00:00","description":"40 anni per l'evento che vede a Leverano 300 florovivaisti locali. Tema di questa edizione \"Ama\" ovvero l'amore in tutte le sue forme","breadcrumb":{"@id":"https:\/\/arteeluoghi.it\/index.php\/2023\/06\/01\/leverano-in-fiore-2\/#breadcrumb"},"inLanguage":"it-IT","potentialAction":[{"@type":"ReadAction","target":["https:\/\/arteeluoghi.it\/index.php\/2023\/06\/01\/leverano-in-fiore-2\/"]}]},{"@type":"BreadcrumbList","@id":"https:\/\/arteeluoghi.it\/index.php\/2023\/06\/01\/leverano-in-fiore-2\/#breadcrumb","itemListElement":[{"@type":"ListItem","position":1,"name":"Home","item":"https:\/\/arteeluoghi.it\/"},{"@type":"ListItem","position":2,"name":"Leverano in fiore"}]},{"@type":"Article","@id":"https:\/\/arteeluoghi.it\/index.php\/2023\/06\/01\/leverano-in-fiore-2\/#article","isPartOf":{"@id":"https:\/\/arteeluoghi.it\/index.php\/2023\/06\/01\/leverano-in-fiore-2\/#webpage"},"author":{"@id":"https:\/\/arteeluoghi.it\/#\/schema\/person\/f84e814e36e91e01448ee07eaadd41d4"},"headline":"Leverano in fiore","datePublished":"2023-06-01T15:05:00+00:00","dateModified":"2023-06-03T15:14:55+00:00","mainEntityOfPage":{"@id":"https:\/\/arteeluoghi.it\/index.php\/2023\/06\/01\/leverano-in-fiore-2\/#webpage"},"wordCount":634,"commentCount":0,"publisher":{"@id":"https:\/\/arteeluoghi.it\/#organization"},"image":{"@id":"https:\/\/arteeluoghi.it\/index.php\/2023\/06\/01\/leverano-in-fiore-2\/#primaryimage"},"thumbnailUrl":"https:\/\/arteeluoghi.it\/wp-content\/uploads\/2023\/06\/leverano-2.jpeg","keywords":["Leverano","Leverano in fiore"],"articleSection":["LUOGHI","Notizie"],"inLanguage":"it-IT","potentialAction":[{"@type":"CommentAction","name":"Comment","target":["https:\/\/arteeluoghi.it\/index.php\/2023\/06\/01\/leverano-in-fiore-2\/#respond"]}]},{"@type":"Person","@id":"https:\/\/arteeluoghi.it\/#\/schema\/person\/f84e814e36e91e01448ee07eaadd41d4","name":"Staff","image":{"@type":"ImageObject","@id":"https:\/\/arteeluoghi.it\/#personlogo","inLanguage":"it-IT","url":"https:\/\/secure.gravatar.com\/avatar\/49d2f9e46271bb04e19cebfaf141313a?s=96&d=blank&r=g","contentUrl":"https:\/\/secure.gravatar.com\/avatar\/49d2f9e46271bb04e19cebfaf141313a?s=96&d=blank&r=g","caption":"Staff"}}]}},"_links":{"self":[{"href":"https:\/\/arteeluoghi.it\/index.php\/wp-json\/wp\/v2\/posts\/12855"}],"collection":[{"href":"https:\/\/arteeluoghi.it\/index.php\/wp-json\/wp\/v2\/posts"}],"about":[{"href":"https:\/\/arteeluoghi.it\/index.php\/wp-json\/wp\/v2\/types\/post"}],"author":[{"embeddable":true,"href":"https:\/\/arteeluoghi.it\/index.php\/wp-json\/wp\/v2\/users\/1"}],"replies":[{"embeddable":true,"href":"https:\/\/arteeluoghi.it\/index.php\/wp-json\/wp\/v2\/comments?post=12855"}],"version-history":[{"count":1,"href":"https:\/\/arteeluoghi.it\/index.php\/wp-json\/wp\/v2\/posts\/12855\/revisions"}],"predecessor-version":[{"id":12858,"href":"https:\/\/arteeluoghi.it\/index.php\/wp-json\/wp\/v2\/posts\/12855\/revisions\/12858"}],"wp:featuredmedia":[{"embeddable":true,"href":"https:\/\/arteeluoghi.it\/index.php\/wp-json\/wp\/v2\/media\/12856"}],"wp:attachment":[{"href":"https:\/\/arteeluoghi.it\/index.php\/wp-json\/wp\/v2\/media?parent=12855"}],"wp:term":[{"taxonomy":"category","embeddable":true,"href":"https:\/\/arteeluoghi.it\/index.php\/wp-json\/wp\/v2\/categories?post=12855"},{"taxonomy":"post_tag","embeddable":true,"href":"https:\/\/arteeluoghi.it\/index.php\/wp-json\/wp\/v2\/tags?post=12855"}],"curies":[{"name":"wp","href":"https:\/\/api.w.org\/{rel}","templated":true}]}}