{"id":129,"date":"2010-12-16T18:16:51","date_gmt":"2010-12-16T17:16:51","guid":{"rendered":"http:\/\/arteeluoghi.it\/index.php\/2010\/12\/16\/grande-attesa-per-bosh-a-palazzo-grimani\/"},"modified":"2010-12-16T18:16:51","modified_gmt":"2010-12-16T17:16:51","slug":"grande-attesa-per-bosh-a-palazzo-grimani","status":"publish","type":"post","link":"https:\/\/arteeluoghi.it\/index.php\/2010\/12\/16\/grande-attesa-per-bosh-a-palazzo-grimani\/","title":{"rendered":"Grande attesa per Bosh a Palazzo Grimani"},"content":{"rendered":"<p>Grande attesa per la mostra<img src=\"\/images\/stories\/bosh.jpg\" border=\"0\" style=\"margin: 6px; vertical-align: text-top; float: left;\" \/><\/p>\n<p>BOSCH A PALAZZO GRIMANI<br \/>Venezia, Palazzo Grimani a Santa Maria Formosa<br \/>19 dicembre 2010 &#8211; 20 marzo 2011<br \/>a cura di Vittorio Sgarbi<\/p>\n<p>Ieri la presentazione alla stampa a Palazzo Massimo<\/p>\n<p>\u00a0<\/p>\n<p style=\"text-align: left;\">Il curatore Vittorio Sgarbi ha presentato ieri la mostra a Roma &gt;<br \/>conferenza stampa a Palazzo Massimo<\/p>\n<p style=\"text-align: left;\">\u00a0<\/p>\n<p><img src=\"\/images\/stories\/bosh2.jpg\" border=\"0\" style=\"float: right;\" \/><\/p>\n<p style=\"text-align: left;\">Come ha spiegato Sgarbi la sede della sua dimora \u00e8 il palazzo pi\u00f9 importante del Rinascimento a Roma; vicino a Palazzo Farnese, \u00e8 un monumento e un simbolo della cultura. Luogo di sintesi tra la civilt\u00e0 romana e il Rinascimento, ricco di testimonianze archeologiche disseminate nei cortili, si pu\u00f2 dire che \u00e8 una sede museale, contenendo al suo interno un lapidario, sculture e sarcofagi straordinari.<\/p>\n<p>Importante sottolineare la singolare consonanza tra la magnifica architettura del Peruzzi, in Palazzo Massimo, e l\u2019ugualmente straordinaria costruzione di Palazzo Grimani a Venezia, di cui non si conosce l\u2019autore. Si ritrova in essi lo stesso spirito architettonico, furono realizzati infatti entrambi tra il terzo e il quarto decennio del Cinquecento, e la stessa concezione dello spazio come poetico contenitore di sculture antiche. Palazzo Grimani \u00e8 stato appunto museo archeologico, ma poi svuotato e rimasto chiuso per lungo tempo.<br \/>  <!--more-->  <br \/>Riconfermato Soprintendente il 22 novembre, Sgarbi ha voluto proseguire nell\u2019intento di riaprire la dimora dei Grimani con una nuova destinazione, nel contesto del Polo Museale veneziano. Ovvero intendere il palazzo come sede espositiva dell\u2019Accademia in restauro, per rendere accessibili al pubblico i gioelli nascosti durante i lavori. Nel cinquecentenario della morte Giorgione, sono quindi state esposte La Vecchia, La Tempesta e la Nuda, con un con gran successo e spostamento di visitatori verso Palazzo Grimani. Dopo Giorgione, dal 19 dicembre ci sar\u00e0 Hieronymus Bosch di cui a Venezia ci sono dieci dipinti che nessuno ha mai visto. Sono quattro tele e tre trittici eseguiti tra il 1500 e il 1510, nello stesso periodo delle tre opere di Giorgione, ma soprattutto tutti dipinti per Domenico Grimani, poi lasciati per testamento a Plazzo Ducale, e quindi sempre rimasti a Venezia. Le quattro tavole della Visione dell\u2019Aldil\u00e0 (1500 \u2013 1503), si trovavano gi\u00e0 nel palazzo, riportate qui prima della chiusura dell\u2019edificio, e ora si disvelano riuniti al Trittico di santa Liberata (1505) e al Trittico degli eremiti (1510), conservati in deposito.<\/p>\n<p>I dipinti di Bosh tornano a casa e saranno in mostra nella tribuna, nel camerino delle anticaglie, dove forse si trovavano anche in origine. Dieci assoluti capolavori che rappresentano l\u2019artista nella sua concezione visionaria e spettrale e che ora si possono ammirare riuniti a Palazzo Grimani, in un\u2019occasione imperdibile. La sorpresa continua perch\u00e9 a gennaio si aggiunger\u00e0 in mostra un altro capolavoro legato alla famiglia Grimani ovvero il Breviario che porta il loro nome e da loro commissionato; un codice con 200 miniature conservato alla Biblioteca Marciana che verr\u00e0 esposto nella sala principale del palazzo e sar\u00e0 dialogo con Bosch.<\/p>\n<p>Gli eventi continueranno con la mostra di Canaletto e successivamente dei Grandi pittori veneziani nel periodo dell\u2019influenza della scuola toscana dovuta all\u2019avvento di Vasari: Tiziano, Tintoretto, Veronese, Lotto. Un programma di mostre legate a Venezia che pu\u00f2 finalmente restituire Palazzo Grimani alla citt\u00e0.<\/p>\n<p style=\"text-align: left;\">(fonte: comunicato stampa)<\/p>\n","protected":false},"excerpt":{"rendered":"<p>Grande attesa per la mostra BOSCH A PALAZZO GRIMANIVenezia, Palazzo Grimani a Santa Maria Formosa19 dicembre 2010 &#8211; 20 marzo<\/p>\n","protected":false},"author":1,"featured_media":0,"comment_status":"open","ping_status":"open","sticky":false,"template":"","format":"standard","meta":[],"categories":[3],"tags":[],"yoast_head":"<!-- This site is optimized with the Yoast SEO plugin v18.0 - https:\/\/yoast.com\/wordpress\/plugins\/seo\/ -->\n<title>Grande attesa per Bosh a Palazzo Grimani | Arte e Luoghi<\/title>\n<meta name=\"robots\" content=\"index, follow, max-snippet:-1, max-image-preview:large, max-video-preview:-1\" \/>\n<link rel=\"canonical\" href=\"https:\/\/arteeluoghi.it\/index.php\/2010\/12\/16\/grande-attesa-per-bosh-a-palazzo-grimani\/\" \/>\n<meta property=\"og:locale\" content=\"it_IT\" \/>\n<meta property=\"og:type\" content=\"article\" \/>\n<meta property=\"og:title\" content=\"Grande attesa per Bosh a Palazzo Grimani | Arte e Luoghi\" \/>\n<meta property=\"og:description\" content=\"Grande attesa per la mostra BOSCH A PALAZZO GRIMANIVenezia, Palazzo Grimani a Santa Maria Formosa19 dicembre 2010 &#8211; 20 marzo\" \/>\n<meta property=\"og:url\" content=\"https:\/\/arteeluoghi.it\/index.php\/2010\/12\/16\/grande-attesa-per-bosh-a-palazzo-grimani\/\" \/>\n<meta property=\"og:site_name\" content=\"Arte e Luoghi\" \/>\n<meta property=\"article:publisher\" content=\"https:\/\/www.facebook.com\/ArteELuoghi\/\" \/>\n<meta property=\"article:published_time\" content=\"2010-12-16T17:16:51+00:00\" \/>\n<meta property=\"og:image\" content=\"https:\/\/arteeluoghi.it\/images\/stories\/bosh.jpg\" \/>\n<meta name=\"twitter:card\" content=\"summary\" \/>\n<meta name=\"twitter:creator\" content=\"@arteeluoghi\" \/>\n<meta name=\"twitter:site\" content=\"@arteeluoghi\" \/>\n<meta name=\"twitter:label1\" content=\"Scritto da\" \/>\n\t<meta name=\"twitter:data1\" content=\"Staff\" \/>\n\t<meta name=\"twitter:label2\" content=\"Tempo di lettura stimato\" \/>\n\t<meta name=\"twitter:data2\" content=\"3 minuti\" \/>\n<script type=\"application\/ld+json\" class=\"yoast-schema-graph\">{\"@context\":\"https:\/\/schema.org\",\"@graph\":[{\"@type\":\"Organization\",\"@id\":\"https:\/\/arteeluoghi.it\/#organization\",\"name\":\"Arte e Luoghi\",\"url\":\"https:\/\/arteeluoghi.it\/\",\"sameAs\":[\"https:\/\/www.facebook.com\/ArteELuoghi\/\",\"https:\/\/www.instagram.com\/arteeluoghi\/?hl=it\",\"https:\/\/www.youtube.com\/channel\/UCuRVc4JW4-C5sg9rQB-srkw?view_as=subscriber\",\"https:\/\/twitter.com\/arteeluoghi\"],\"logo\":{\"@type\":\"ImageObject\",\"@id\":\"https:\/\/arteeluoghi.it\/#logo\",\"inLanguage\":\"it-IT\",\"url\":\"https:\/\/arteeluoghi.it\/wp-content\/uploads\/2018\/08\/logoinstagramarte.jpg\",\"contentUrl\":\"https:\/\/arteeluoghi.it\/wp-content\/uploads\/2018\/08\/logoinstagramarte.jpg\",\"width\":150,\"height\":150,\"caption\":\"Arte e Luoghi\"},\"image\":{\"@id\":\"https:\/\/arteeluoghi.it\/#logo\"}},{\"@type\":\"WebSite\",\"@id\":\"https:\/\/arteeluoghi.it\/#website\",\"url\":\"https:\/\/arteeluoghi.it\/\",\"name\":\"Arte e Luoghi\",\"description\":\"Mensile di arte, cultura, turismo e curiosit\u00e0\",\"publisher\":{\"@id\":\"https:\/\/arteeluoghi.it\/#organization\"},\"potentialAction\":[{\"@type\":\"SearchAction\",\"target\":{\"@type\":\"EntryPoint\",\"urlTemplate\":\"https:\/\/arteeluoghi.it\/?s={search_term_string}\"},\"query-input\":\"required name=search_term_string\"}],\"inLanguage\":\"it-IT\"},{\"@type\":\"ImageObject\",\"@id\":\"https:\/\/arteeluoghi.it\/index.php\/2010\/12\/16\/grande-attesa-per-bosh-a-palazzo-grimani\/#primaryimage\",\"inLanguage\":\"it-IT\",\"url\":\"\/images\/stories\/bosh.jpg\",\"contentUrl\":\"\/images\/stories\/bosh.jpg\"},{\"@type\":\"WebPage\",\"@id\":\"https:\/\/arteeluoghi.it\/index.php\/2010\/12\/16\/grande-attesa-per-bosh-a-palazzo-grimani\/#webpage\",\"url\":\"https:\/\/arteeluoghi.it\/index.php\/2010\/12\/16\/grande-attesa-per-bosh-a-palazzo-grimani\/\",\"name\":\"Grande attesa per Bosh a Palazzo Grimani | Arte e Luoghi\",\"isPartOf\":{\"@id\":\"https:\/\/arteeluoghi.it\/#website\"},\"primaryImageOfPage\":{\"@id\":\"https:\/\/arteeluoghi.it\/index.php\/2010\/12\/16\/grande-attesa-per-bosh-a-palazzo-grimani\/#primaryimage\"},\"datePublished\":\"2010-12-16T17:16:51+00:00\",\"dateModified\":\"2010-12-16T17:16:51+00:00\",\"breadcrumb\":{\"@id\":\"https:\/\/arteeluoghi.it\/index.php\/2010\/12\/16\/grande-attesa-per-bosh-a-palazzo-grimani\/#breadcrumb\"},\"inLanguage\":\"it-IT\",\"potentialAction\":[{\"@type\":\"ReadAction\",\"target\":[\"https:\/\/arteeluoghi.it\/index.php\/2010\/12\/16\/grande-attesa-per-bosh-a-palazzo-grimani\/\"]}]},{\"@type\":\"BreadcrumbList\",\"@id\":\"https:\/\/arteeluoghi.it\/index.php\/2010\/12\/16\/grande-attesa-per-bosh-a-palazzo-grimani\/#breadcrumb\",\"itemListElement\":[{\"@type\":\"ListItem\",\"position\":1,\"name\":\"Home\",\"item\":\"https:\/\/arteeluoghi.it\/\"},{\"@type\":\"ListItem\",\"position\":2,\"name\":\"Grande attesa per Bosh a Palazzo Grimani\"}]},{\"@type\":\"Article\",\"@id\":\"https:\/\/arteeluoghi.it\/index.php\/2010\/12\/16\/grande-attesa-per-bosh-a-palazzo-grimani\/#article\",\"isPartOf\":{\"@id\":\"https:\/\/arteeluoghi.it\/index.php\/2010\/12\/16\/grande-attesa-per-bosh-a-palazzo-grimani\/#webpage\"},\"author\":{\"@id\":\"https:\/\/arteeluoghi.it\/#\/schema\/person\/f84e814e36e91e01448ee07eaadd41d4\"},\"headline\":\"Grande attesa per Bosh a Palazzo Grimani\",\"datePublished\":\"2010-12-16T17:16:51+00:00\",\"dateModified\":\"2010-12-16T17:16:51+00:00\",\"mainEntityOfPage\":{\"@id\":\"https:\/\/arteeluoghi.it\/index.php\/2010\/12\/16\/grande-attesa-per-bosh-a-palazzo-grimani\/#webpage\"},\"wordCount\":518,\"commentCount\":0,\"publisher\":{\"@id\":\"https:\/\/arteeluoghi.it\/#organization\"},\"image\":{\"@id\":\"https:\/\/arteeluoghi.it\/index.php\/2010\/12\/16\/grande-attesa-per-bosh-a-palazzo-grimani\/#primaryimage\"},\"thumbnailUrl\":\"\/images\/stories\/bosh.jpg\",\"articleSection\":[\"Arti visive\"],\"inLanguage\":\"it-IT\",\"potentialAction\":[{\"@type\":\"CommentAction\",\"name\":\"Comment\",\"target\":[\"https:\/\/arteeluoghi.it\/index.php\/2010\/12\/16\/grande-attesa-per-bosh-a-palazzo-grimani\/#respond\"]}]},{\"@type\":\"Person\",\"@id\":\"https:\/\/arteeluoghi.it\/#\/schema\/person\/f84e814e36e91e01448ee07eaadd41d4\",\"name\":\"Staff\",\"image\":{\"@type\":\"ImageObject\",\"@id\":\"https:\/\/arteeluoghi.it\/#personlogo\",\"inLanguage\":\"it-IT\",\"url\":\"https:\/\/secure.gravatar.com\/avatar\/49d2f9e46271bb04e19cebfaf141313a?s=96&d=blank&r=g\",\"contentUrl\":\"https:\/\/secure.gravatar.com\/avatar\/49d2f9e46271bb04e19cebfaf141313a?s=96&d=blank&r=g\",\"caption\":\"Staff\"}}]}<\/script>\n<!-- \/ Yoast SEO plugin. -->","yoast_head_json":{"title":"Grande attesa per Bosh a Palazzo Grimani | Arte e Luoghi","robots":{"index":"index","follow":"follow","max-snippet":"max-snippet:-1","max-image-preview":"max-image-preview:large","max-video-preview":"max-video-preview:-1"},"canonical":"https:\/\/arteeluoghi.it\/index.php\/2010\/12\/16\/grande-attesa-per-bosh-a-palazzo-grimani\/","og_locale":"it_IT","og_type":"article","og_title":"Grande attesa per Bosh a Palazzo Grimani | Arte e Luoghi","og_description":"Grande attesa per la mostra BOSCH A PALAZZO GRIMANIVenezia, Palazzo Grimani a Santa Maria Formosa19 dicembre 2010 &#8211; 20 marzo","og_url":"https:\/\/arteeluoghi.it\/index.php\/2010\/12\/16\/grande-attesa-per-bosh-a-palazzo-grimani\/","og_site_name":"Arte e Luoghi","article_publisher":"https:\/\/www.facebook.com\/ArteELuoghi\/","article_published_time":"2010-12-16T17:16:51+00:00","og_image":[{"url":"https:\/\/arteeluoghi.it\/images\/stories\/bosh.jpg"}],"twitter_card":"summary","twitter_creator":"@arteeluoghi","twitter_site":"@arteeluoghi","twitter_misc":{"Scritto da":"Staff","Tempo di lettura stimato":"3 minuti"},"schema":{"@context":"https:\/\/schema.org","@graph":[{"@type":"Organization","@id":"https:\/\/arteeluoghi.it\/#organization","name":"Arte e Luoghi","url":"https:\/\/arteeluoghi.it\/","sameAs":["https:\/\/www.facebook.com\/ArteELuoghi\/","https:\/\/www.instagram.com\/arteeluoghi\/?hl=it","https:\/\/www.youtube.com\/channel\/UCuRVc4JW4-C5sg9rQB-srkw?view_as=subscriber","https:\/\/twitter.com\/arteeluoghi"],"logo":{"@type":"ImageObject","@id":"https:\/\/arteeluoghi.it\/#logo","inLanguage":"it-IT","url":"https:\/\/arteeluoghi.it\/wp-content\/uploads\/2018\/08\/logoinstagramarte.jpg","contentUrl":"https:\/\/arteeluoghi.it\/wp-content\/uploads\/2018\/08\/logoinstagramarte.jpg","width":150,"height":150,"caption":"Arte e Luoghi"},"image":{"@id":"https:\/\/arteeluoghi.it\/#logo"}},{"@type":"WebSite","@id":"https:\/\/arteeluoghi.it\/#website","url":"https:\/\/arteeluoghi.it\/","name":"Arte e Luoghi","description":"Mensile di arte, cultura, turismo e curiosit\u00e0","publisher":{"@id":"https:\/\/arteeluoghi.it\/#organization"},"potentialAction":[{"@type":"SearchAction","target":{"@type":"EntryPoint","urlTemplate":"https:\/\/arteeluoghi.it\/?s={search_term_string}"},"query-input":"required name=search_term_string"}],"inLanguage":"it-IT"},{"@type":"ImageObject","@id":"https:\/\/arteeluoghi.it\/index.php\/2010\/12\/16\/grande-attesa-per-bosh-a-palazzo-grimani\/#primaryimage","inLanguage":"it-IT","url":"\/images\/stories\/bosh.jpg","contentUrl":"\/images\/stories\/bosh.jpg"},{"@type":"WebPage","@id":"https:\/\/arteeluoghi.it\/index.php\/2010\/12\/16\/grande-attesa-per-bosh-a-palazzo-grimani\/#webpage","url":"https:\/\/arteeluoghi.it\/index.php\/2010\/12\/16\/grande-attesa-per-bosh-a-palazzo-grimani\/","name":"Grande attesa per Bosh a Palazzo Grimani | Arte e Luoghi","isPartOf":{"@id":"https:\/\/arteeluoghi.it\/#website"},"primaryImageOfPage":{"@id":"https:\/\/arteeluoghi.it\/index.php\/2010\/12\/16\/grande-attesa-per-bosh-a-palazzo-grimani\/#primaryimage"},"datePublished":"2010-12-16T17:16:51+00:00","dateModified":"2010-12-16T17:16:51+00:00","breadcrumb":{"@id":"https:\/\/arteeluoghi.it\/index.php\/2010\/12\/16\/grande-attesa-per-bosh-a-palazzo-grimani\/#breadcrumb"},"inLanguage":"it-IT","potentialAction":[{"@type":"ReadAction","target":["https:\/\/arteeluoghi.it\/index.php\/2010\/12\/16\/grande-attesa-per-bosh-a-palazzo-grimani\/"]}]},{"@type":"BreadcrumbList","@id":"https:\/\/arteeluoghi.it\/index.php\/2010\/12\/16\/grande-attesa-per-bosh-a-palazzo-grimani\/#breadcrumb","itemListElement":[{"@type":"ListItem","position":1,"name":"Home","item":"https:\/\/arteeluoghi.it\/"},{"@type":"ListItem","position":2,"name":"Grande attesa per Bosh a Palazzo Grimani"}]},{"@type":"Article","@id":"https:\/\/arteeluoghi.it\/index.php\/2010\/12\/16\/grande-attesa-per-bosh-a-palazzo-grimani\/#article","isPartOf":{"@id":"https:\/\/arteeluoghi.it\/index.php\/2010\/12\/16\/grande-attesa-per-bosh-a-palazzo-grimani\/#webpage"},"author":{"@id":"https:\/\/arteeluoghi.it\/#\/schema\/person\/f84e814e36e91e01448ee07eaadd41d4"},"headline":"Grande attesa per Bosh a Palazzo Grimani","datePublished":"2010-12-16T17:16:51+00:00","dateModified":"2010-12-16T17:16:51+00:00","mainEntityOfPage":{"@id":"https:\/\/arteeluoghi.it\/index.php\/2010\/12\/16\/grande-attesa-per-bosh-a-palazzo-grimani\/#webpage"},"wordCount":518,"commentCount":0,"publisher":{"@id":"https:\/\/arteeluoghi.it\/#organization"},"image":{"@id":"https:\/\/arteeluoghi.it\/index.php\/2010\/12\/16\/grande-attesa-per-bosh-a-palazzo-grimani\/#primaryimage"},"thumbnailUrl":"\/images\/stories\/bosh.jpg","articleSection":["Arti visive"],"inLanguage":"it-IT","potentialAction":[{"@type":"CommentAction","name":"Comment","target":["https:\/\/arteeluoghi.it\/index.php\/2010\/12\/16\/grande-attesa-per-bosh-a-palazzo-grimani\/#respond"]}]},{"@type":"Person","@id":"https:\/\/arteeluoghi.it\/#\/schema\/person\/f84e814e36e91e01448ee07eaadd41d4","name":"Staff","image":{"@type":"ImageObject","@id":"https:\/\/arteeluoghi.it\/#personlogo","inLanguage":"it-IT","url":"https:\/\/secure.gravatar.com\/avatar\/49d2f9e46271bb04e19cebfaf141313a?s=96&d=blank&r=g","contentUrl":"https:\/\/secure.gravatar.com\/avatar\/49d2f9e46271bb04e19cebfaf141313a?s=96&d=blank&r=g","caption":"Staff"}}]}},"_links":{"self":[{"href":"https:\/\/arteeluoghi.it\/index.php\/wp-json\/wp\/v2\/posts\/129"}],"collection":[{"href":"https:\/\/arteeluoghi.it\/index.php\/wp-json\/wp\/v2\/posts"}],"about":[{"href":"https:\/\/arteeluoghi.it\/index.php\/wp-json\/wp\/v2\/types\/post"}],"author":[{"embeddable":true,"href":"https:\/\/arteeluoghi.it\/index.php\/wp-json\/wp\/v2\/users\/1"}],"replies":[{"embeddable":true,"href":"https:\/\/arteeluoghi.it\/index.php\/wp-json\/wp\/v2\/comments?post=129"}],"version-history":[{"count":0,"href":"https:\/\/arteeluoghi.it\/index.php\/wp-json\/wp\/v2\/posts\/129\/revisions"}],"wp:attachment":[{"href":"https:\/\/arteeluoghi.it\/index.php\/wp-json\/wp\/v2\/media?parent=129"}],"wp:term":[{"taxonomy":"category","embeddable":true,"href":"https:\/\/arteeluoghi.it\/index.php\/wp-json\/wp\/v2\/categories?post=129"},{"taxonomy":"post_tag","embeddable":true,"href":"https:\/\/arteeluoghi.it\/index.php\/wp-json\/wp\/v2\/tags?post=129"}],"curies":[{"name":"wp","href":"https:\/\/api.w.org\/{rel}","templated":true}]}}