{"id":12944,"date":"2023-07-13T16:35:00","date_gmt":"2023-07-13T14:35:00","guid":{"rendered":"https:\/\/arteeluoghi.it\/?p=12944"},"modified":"2023-07-14T16:42:25","modified_gmt":"2023-07-14T14:42:25","slug":"dedicato-a-santa-domenica","status":"publish","type":"post","link":"https:\/\/arteeluoghi.it\/index.php\/2023\/07\/13\/dedicato-a-santa-domenica\/","title":{"rendered":"Dedicato a Santa Domenica"},"content":{"rendered":"\n<blockquote class=\"wp-block-quote\"><p>Tra luoghi, storie e leggende la pubblicazione di Bruno Paolo Nicolardi sar\u00e0 presentata in anteprima a Scorrano venerd\u00ec 14 luglio 2023<\/p><\/blockquote>\n\n\n\n<p><strong><em>&nbsp;\u2018Il culto di Santa Domenica in Italia -Ricerche e riflessioni\u2019&nbsp;\u00e8 il titolo del volume <\/em><\/strong>di&nbsp;<strong>Bruno Paolo Nicolard<\/strong>i (Il Raggio Verde, 96 pagine, 20 euro) che sar\u00e0 presentato in anteprima nazionale a Scorrano venerd\u00ec 14 luglio, in piazza Municipio, a partire dalle ore 21.<\/p>\n\n\n\n<p>\u00c8 dedicata alla patrona di Scorrano la meticolosa ricerca storica di Bruno Paolo Nicolardi che esaminando fonti antiche individua cinque aspetti fondamentali nella diffusione del culto in Italia. Dopo aver percorso e raccontato i luoghi sulle tracce di Santa Domenica, lo storico delinea l\u2019area di sviluppo del culto e ci presenta le leggende e i miracoli&nbsp; riguardanti la Santa&nbsp; approfondendone l\u2019iconografia nella bellissima sezione con le immagini a colori.<\/p>\n\n\n\n<!--more-->\n\n\n\n<p>&nbsp;Particolarmente suggestiva e ricca di spunti di riflessione \u00e8 il capitolo Chi \u00e8 Santa Domenica. Completano il volume la ricca bibliografia, la sitografia e l\u2019indice dei luoghi.<\/p>\n\n\n\n<div class=\"wp-block-image\"><figure class=\"alignleft size-large is-resized\"><img loading=\"lazy\" src=\"https:\/\/arteeluoghi.it\/wp-content\/uploads\/2023\/07\/31eab042-79ff-45e1-b834-c1b36fb8724c-719x1024.jpg\" alt=\"\" class=\"wp-image-12942\" width=\"431\" height=\"614\" srcset=\"https:\/\/arteeluoghi.it\/wp-content\/uploads\/2023\/07\/31eab042-79ff-45e1-b834-c1b36fb8724c-719x1024.jpg 719w, https:\/\/arteeluoghi.it\/wp-content\/uploads\/2023\/07\/31eab042-79ff-45e1-b834-c1b36fb8724c-211x300.jpg 211w, https:\/\/arteeluoghi.it\/wp-content\/uploads\/2023\/07\/31eab042-79ff-45e1-b834-c1b36fb8724c-768x1093.jpg 768w, https:\/\/arteeluoghi.it\/wp-content\/uploads\/2023\/07\/31eab042-79ff-45e1-b834-c1b36fb8724c-1079x1536.jpg 1079w, https:\/\/arteeluoghi.it\/wp-content\/uploads\/2023\/07\/31eab042-79ff-45e1-b834-c1b36fb8724c.jpg 1124w\" sizes=\"(max-width: 431px) 100vw, 431px\" \/><\/figure><\/div>\n\n\n\n<p>Nella serata di presentazione, sono previsti gli interventi del Sindaco, Mario Pendinelli; dell\u2019Assessore alla Cultura Annalisa Mariano; del Presidente Pro Loco Scorrano, Piero Palumbo; del Parroco don Massimo De Donno e del presidente del Centro Studi Scorranesi, Giovanni Giangreco. Nel corso della manifestazione, moderata dalla giornalista\u00a0 editore Il Raggio Verde, Antonietta Fulvio, \u00e8 prevista una performance d\u2019arpa a cura di Chiara Rita Vittoria Gambino.<\/p>\n\n\n\n<p><\/p>\n\n\n\n<p>Nato a Scorrano (Le) Bruno Paolo Nicolardi ha compiuto gli studi liceali presso il liceo Capece di Maglie (Le). Si \u00e8 laureato in Lingue e Letterature straniere presso l\u2019Universit\u00e0 di Lecce. Ha cominciato la carriera di insegnante nella scuola secondaria di II grado ed \u00e8 diventato docente di ruolo in lingua francese, svolgendo la sua attivit\u00e0 nella scuola secondaria di 1\u00b0 grado di Arzignano (Vi), di Otranto, di San Cassiano, di Botrugno e di Cursi (Le). \u00c9 membro del Centro Studi Scorranesi. Ha scritto dei saggi sulla storia di Scorrano non ancora pubblicati\u00a0: <em>Sovrani, Principi e Feudatari di Scorrano dal XIII al XIX secolo <\/em>(2022), <em>La popolazione di Scorrano nel XIX secolo<\/em> (2022), <em>La tradizione orale a Scorrano<\/em> (2023)<\/p>\n\n\n\n<p> <\/p>\n","protected":false},"excerpt":{"rendered":"<p>Tra luoghi, storie e leggende la pubblicazione di Bruno Paolo Nicolardi sar\u00e0 presentata in anteprima a Scorrano venerd\u00ec 14 luglio<\/p>\n","protected":false},"author":1,"featured_media":12945,"comment_status":"open","ping_status":"open","sticky":true,"template":"","format":"standard","meta":[],"categories":[17],"tags":[5133,5131,86,268,5132,5134,5130,163],"yoast_head":"<!-- This site is optimized with the Yoast SEO plugin v18.0 - https:\/\/yoast.com\/wordpress\/plugins\/seo\/ -->\n<title>Dedicato a Santa Domenica | Arte e Luoghi<\/title>\n<meta name=\"description\" content=\"Tra luoghi, storie e leggende la pubblicazione di Bruno Paolo Nicolardi sar\u00e0 presentata in anteprima a Scorrano venerd\u00ec 14 luglio 2023\" \/>\n<meta name=\"robots\" content=\"index, follow, max-snippet:-1, max-image-preview:large, max-video-preview:-1\" \/>\n<link rel=\"canonical\" href=\"https:\/\/arteeluoghi.it\/index.php\/2023\/07\/13\/dedicato-a-santa-domenica\/\" \/>\n<meta property=\"og:locale\" content=\"it_IT\" \/>\n<meta property=\"og:type\" content=\"article\" \/>\n<meta property=\"og:title\" content=\"Dedicato a Santa Domenica | Arte e Luoghi\" \/>\n<meta property=\"og:description\" content=\"Tra luoghi, storie e leggende la pubblicazione di Bruno Paolo Nicolardi sar\u00e0 presentata in anteprima a Scorrano venerd\u00ec 14 luglio 2023\" \/>\n<meta property=\"og:url\" content=\"https:\/\/arteeluoghi.it\/index.php\/2023\/07\/13\/dedicato-a-santa-domenica\/\" \/>\n<meta property=\"og:site_name\" content=\"Arte e Luoghi\" \/>\n<meta property=\"article:publisher\" content=\"https:\/\/www.facebook.com\/ArteELuoghi\/\" \/>\n<meta property=\"article:published_time\" content=\"2023-07-13T14:35:00+00:00\" \/>\n<meta property=\"article:modified_time\" content=\"2023-07-14T14:42:25+00:00\" \/>\n<meta property=\"og:image\" content=\"https:\/\/arteeluoghi.it\/wp-content\/uploads\/2023\/07\/piattocop_santadomenicaSTAMPA-scaled.jpg\" \/>\n\t<meta property=\"og:image:width\" content=\"1879\" \/>\n\t<meta property=\"og:image:height\" content=\"2560\" \/>\n\t<meta property=\"og:image:type\" content=\"image\/jpeg\" \/>\n<meta name=\"twitter:card\" content=\"summary\" \/>\n<meta name=\"twitter:creator\" content=\"@arteeluoghi\" \/>\n<meta name=\"twitter:site\" content=\"@arteeluoghi\" \/>\n<meta name=\"twitter:label1\" content=\"Scritto da\" \/>\n\t<meta name=\"twitter:data1\" content=\"Staff\" \/>\n\t<meta name=\"twitter:label2\" content=\"Tempo di lettura stimato\" \/>\n\t<meta name=\"twitter:data2\" content=\"3 minuti\" \/>\n<script type=\"application\/ld+json\" class=\"yoast-schema-graph\">{\"@context\":\"https:\/\/schema.org\",\"@graph\":[{\"@type\":\"Organization\",\"@id\":\"https:\/\/arteeluoghi.it\/#organization\",\"name\":\"Arte e Luoghi\",\"url\":\"https:\/\/arteeluoghi.it\/\",\"sameAs\":[\"https:\/\/www.facebook.com\/ArteELuoghi\/\",\"https:\/\/www.instagram.com\/arteeluoghi\/?hl=it\",\"https:\/\/www.youtube.com\/channel\/UCuRVc4JW4-C5sg9rQB-srkw?view_as=subscriber\",\"https:\/\/twitter.com\/arteeluoghi\"],\"logo\":{\"@type\":\"ImageObject\",\"@id\":\"https:\/\/arteeluoghi.it\/#logo\",\"inLanguage\":\"it-IT\",\"url\":\"https:\/\/arteeluoghi.it\/wp-content\/uploads\/2018\/08\/logoinstagramarte.jpg\",\"contentUrl\":\"https:\/\/arteeluoghi.it\/wp-content\/uploads\/2018\/08\/logoinstagramarte.jpg\",\"width\":150,\"height\":150,\"caption\":\"Arte e Luoghi\"},\"image\":{\"@id\":\"https:\/\/arteeluoghi.it\/#logo\"}},{\"@type\":\"WebSite\",\"@id\":\"https:\/\/arteeluoghi.it\/#website\",\"url\":\"https:\/\/arteeluoghi.it\/\",\"name\":\"Arte e Luoghi\",\"description\":\"Mensile di arte, cultura, turismo e curiosit\u00e0\",\"publisher\":{\"@id\":\"https:\/\/arteeluoghi.it\/#organization\"},\"potentialAction\":[{\"@type\":\"SearchAction\",\"target\":{\"@type\":\"EntryPoint\",\"urlTemplate\":\"https:\/\/arteeluoghi.it\/?s={search_term_string}\"},\"query-input\":\"required name=search_term_string\"}],\"inLanguage\":\"it-IT\"},{\"@type\":\"ImageObject\",\"@id\":\"https:\/\/arteeluoghi.it\/index.php\/2023\/07\/13\/dedicato-a-santa-domenica\/#primaryimage\",\"inLanguage\":\"it-IT\",\"url\":\"https:\/\/arteeluoghi.it\/wp-content\/uploads\/2023\/07\/piattocop_santadomenicaSTAMPA-scaled.jpg\",\"contentUrl\":\"https:\/\/arteeluoghi.it\/wp-content\/uploads\/2023\/07\/piattocop_santadomenicaSTAMPA-scaled.jpg\",\"width\":1879,\"height\":2560},{\"@type\":\"WebPage\",\"@id\":\"https:\/\/arteeluoghi.it\/index.php\/2023\/07\/13\/dedicato-a-santa-domenica\/#webpage\",\"url\":\"https:\/\/arteeluoghi.it\/index.php\/2023\/07\/13\/dedicato-a-santa-domenica\/\",\"name\":\"Dedicato a Santa Domenica | Arte e Luoghi\",\"isPartOf\":{\"@id\":\"https:\/\/arteeluoghi.it\/#website\"},\"primaryImageOfPage\":{\"@id\":\"https:\/\/arteeluoghi.it\/index.php\/2023\/07\/13\/dedicato-a-santa-domenica\/#primaryimage\"},\"datePublished\":\"2023-07-13T14:35:00+00:00\",\"dateModified\":\"2023-07-14T14:42:25+00:00\",\"description\":\"Tra luoghi, storie e leggende la pubblicazione di Bruno Paolo Nicolardi sar\u00e0 presentata in anteprima a Scorrano venerd\u00ec 14 luglio 2023\",\"breadcrumb\":{\"@id\":\"https:\/\/arteeluoghi.it\/index.php\/2023\/07\/13\/dedicato-a-santa-domenica\/#breadcrumb\"},\"inLanguage\":\"it-IT\",\"potentialAction\":[{\"@type\":\"ReadAction\",\"target\":[\"https:\/\/arteeluoghi.it\/index.php\/2023\/07\/13\/dedicato-a-santa-domenica\/\"]}]},{\"@type\":\"BreadcrumbList\",\"@id\":\"https:\/\/arteeluoghi.it\/index.php\/2023\/07\/13\/dedicato-a-santa-domenica\/#breadcrumb\",\"itemListElement\":[{\"@type\":\"ListItem\",\"position\":1,\"name\":\"Home\",\"item\":\"https:\/\/arteeluoghi.it\/\"},{\"@type\":\"ListItem\",\"position\":2,\"name\":\"Dedicato a Santa Domenica\"}]},{\"@type\":\"Article\",\"@id\":\"https:\/\/arteeluoghi.it\/index.php\/2023\/07\/13\/dedicato-a-santa-domenica\/#article\",\"isPartOf\":{\"@id\":\"https:\/\/arteeluoghi.it\/index.php\/2023\/07\/13\/dedicato-a-santa-domenica\/#webpage\"},\"author\":{\"@id\":\"https:\/\/arteeluoghi.it\/#\/schema\/person\/f84e814e36e91e01448ee07eaadd41d4\"},\"headline\":\"Dedicato a Santa Domenica\",\"datePublished\":\"2023-07-13T14:35:00+00:00\",\"dateModified\":\"2023-07-14T14:42:25+00:00\",\"mainEntityOfPage\":{\"@id\":\"https:\/\/arteeluoghi.it\/index.php\/2023\/07\/13\/dedicato-a-santa-domenica\/#webpage\"},\"wordCount\":343,\"commentCount\":0,\"publisher\":{\"@id\":\"https:\/\/arteeluoghi.it\/#organization\"},\"image\":{\"@id\":\"https:\/\/arteeluoghi.it\/index.php\/2023\/07\/13\/dedicato-a-santa-domenica\/#primaryimage\"},\"thumbnailUrl\":\"https:\/\/arteeluoghi.it\/wp-content\/uploads\/2023\/07\/piattocop_santadomenicaSTAMPA-scaled.jpg\",\"keywords\":[\"Annalisa Mariano\",\"Bruno Paolo Nicolardi\",\"Giovanni Giangreco\",\"Il raggio verde edizioni\",\"Mario Pendinelli\",\"Piero Palumbo\",\"Santa Domenica\",\"Scorrano\"],\"articleSection\":[\"LIBRI\"],\"inLanguage\":\"it-IT\",\"potentialAction\":[{\"@type\":\"CommentAction\",\"name\":\"Comment\",\"target\":[\"https:\/\/arteeluoghi.it\/index.php\/2023\/07\/13\/dedicato-a-santa-domenica\/#respond\"]}]},{\"@type\":\"Person\",\"@id\":\"https:\/\/arteeluoghi.it\/#\/schema\/person\/f84e814e36e91e01448ee07eaadd41d4\",\"name\":\"Staff\",\"image\":{\"@type\":\"ImageObject\",\"@id\":\"https:\/\/arteeluoghi.it\/#personlogo\",\"inLanguage\":\"it-IT\",\"url\":\"https:\/\/secure.gravatar.com\/avatar\/49d2f9e46271bb04e19cebfaf141313a?s=96&d=blank&r=g\",\"contentUrl\":\"https:\/\/secure.gravatar.com\/avatar\/49d2f9e46271bb04e19cebfaf141313a?s=96&d=blank&r=g\",\"caption\":\"Staff\"}}]}<\/script>\n<!-- \/ Yoast SEO plugin. -->","yoast_head_json":{"title":"Dedicato a Santa Domenica | Arte e Luoghi","description":"Tra luoghi, storie e leggende la pubblicazione di Bruno Paolo Nicolardi sar\u00e0 presentata in anteprima a Scorrano venerd\u00ec 14 luglio 2023","robots":{"index":"index","follow":"follow","max-snippet":"max-snippet:-1","max-image-preview":"max-image-preview:large","max-video-preview":"max-video-preview:-1"},"canonical":"https:\/\/arteeluoghi.it\/index.php\/2023\/07\/13\/dedicato-a-santa-domenica\/","og_locale":"it_IT","og_type":"article","og_title":"Dedicato a Santa Domenica | Arte e Luoghi","og_description":"Tra luoghi, storie e leggende la pubblicazione di Bruno Paolo Nicolardi sar\u00e0 presentata in anteprima a Scorrano venerd\u00ec 14 luglio 2023","og_url":"https:\/\/arteeluoghi.it\/index.php\/2023\/07\/13\/dedicato-a-santa-domenica\/","og_site_name":"Arte e Luoghi","article_publisher":"https:\/\/www.facebook.com\/ArteELuoghi\/","article_published_time":"2023-07-13T14:35:00+00:00","article_modified_time":"2023-07-14T14:42:25+00:00","og_image":[{"width":1879,"height":2560,"url":"https:\/\/arteeluoghi.it\/wp-content\/uploads\/2023\/07\/piattocop_santadomenicaSTAMPA-scaled.jpg","type":"image\/jpeg"}],"twitter_card":"summary","twitter_creator":"@arteeluoghi","twitter_site":"@arteeluoghi","twitter_misc":{"Scritto da":"Staff","Tempo di lettura stimato":"3 minuti"},"schema":{"@context":"https:\/\/schema.org","@graph":[{"@type":"Organization","@id":"https:\/\/arteeluoghi.it\/#organization","name":"Arte e Luoghi","url":"https:\/\/arteeluoghi.it\/","sameAs":["https:\/\/www.facebook.com\/ArteELuoghi\/","https:\/\/www.instagram.com\/arteeluoghi\/?hl=it","https:\/\/www.youtube.com\/channel\/UCuRVc4JW4-C5sg9rQB-srkw?view_as=subscriber","https:\/\/twitter.com\/arteeluoghi"],"logo":{"@type":"ImageObject","@id":"https:\/\/arteeluoghi.it\/#logo","inLanguage":"it-IT","url":"https:\/\/arteeluoghi.it\/wp-content\/uploads\/2018\/08\/logoinstagramarte.jpg","contentUrl":"https:\/\/arteeluoghi.it\/wp-content\/uploads\/2018\/08\/logoinstagramarte.jpg","width":150,"height":150,"caption":"Arte e Luoghi"},"image":{"@id":"https:\/\/arteeluoghi.it\/#logo"}},{"@type":"WebSite","@id":"https:\/\/arteeluoghi.it\/#website","url":"https:\/\/arteeluoghi.it\/","name":"Arte e Luoghi","description":"Mensile di arte, cultura, turismo e curiosit\u00e0","publisher":{"@id":"https:\/\/arteeluoghi.it\/#organization"},"potentialAction":[{"@type":"SearchAction","target":{"@type":"EntryPoint","urlTemplate":"https:\/\/arteeluoghi.it\/?s={search_term_string}"},"query-input":"required name=search_term_string"}],"inLanguage":"it-IT"},{"@type":"ImageObject","@id":"https:\/\/arteeluoghi.it\/index.php\/2023\/07\/13\/dedicato-a-santa-domenica\/#primaryimage","inLanguage":"it-IT","url":"https:\/\/arteeluoghi.it\/wp-content\/uploads\/2023\/07\/piattocop_santadomenicaSTAMPA-scaled.jpg","contentUrl":"https:\/\/arteeluoghi.it\/wp-content\/uploads\/2023\/07\/piattocop_santadomenicaSTAMPA-scaled.jpg","width":1879,"height":2560},{"@type":"WebPage","@id":"https:\/\/arteeluoghi.it\/index.php\/2023\/07\/13\/dedicato-a-santa-domenica\/#webpage","url":"https:\/\/arteeluoghi.it\/index.php\/2023\/07\/13\/dedicato-a-santa-domenica\/","name":"Dedicato a Santa Domenica | Arte e Luoghi","isPartOf":{"@id":"https:\/\/arteeluoghi.it\/#website"},"primaryImageOfPage":{"@id":"https:\/\/arteeluoghi.it\/index.php\/2023\/07\/13\/dedicato-a-santa-domenica\/#primaryimage"},"datePublished":"2023-07-13T14:35:00+00:00","dateModified":"2023-07-14T14:42:25+00:00","description":"Tra luoghi, storie e leggende la pubblicazione di Bruno Paolo Nicolardi sar\u00e0 presentata in anteprima a Scorrano venerd\u00ec 14 luglio 2023","breadcrumb":{"@id":"https:\/\/arteeluoghi.it\/index.php\/2023\/07\/13\/dedicato-a-santa-domenica\/#breadcrumb"},"inLanguage":"it-IT","potentialAction":[{"@type":"ReadAction","target":["https:\/\/arteeluoghi.it\/index.php\/2023\/07\/13\/dedicato-a-santa-domenica\/"]}]},{"@type":"BreadcrumbList","@id":"https:\/\/arteeluoghi.it\/index.php\/2023\/07\/13\/dedicato-a-santa-domenica\/#breadcrumb","itemListElement":[{"@type":"ListItem","position":1,"name":"Home","item":"https:\/\/arteeluoghi.it\/"},{"@type":"ListItem","position":2,"name":"Dedicato a Santa Domenica"}]},{"@type":"Article","@id":"https:\/\/arteeluoghi.it\/index.php\/2023\/07\/13\/dedicato-a-santa-domenica\/#article","isPartOf":{"@id":"https:\/\/arteeluoghi.it\/index.php\/2023\/07\/13\/dedicato-a-santa-domenica\/#webpage"},"author":{"@id":"https:\/\/arteeluoghi.it\/#\/schema\/person\/f84e814e36e91e01448ee07eaadd41d4"},"headline":"Dedicato a Santa Domenica","datePublished":"2023-07-13T14:35:00+00:00","dateModified":"2023-07-14T14:42:25+00:00","mainEntityOfPage":{"@id":"https:\/\/arteeluoghi.it\/index.php\/2023\/07\/13\/dedicato-a-santa-domenica\/#webpage"},"wordCount":343,"commentCount":0,"publisher":{"@id":"https:\/\/arteeluoghi.it\/#organization"},"image":{"@id":"https:\/\/arteeluoghi.it\/index.php\/2023\/07\/13\/dedicato-a-santa-domenica\/#primaryimage"},"thumbnailUrl":"https:\/\/arteeluoghi.it\/wp-content\/uploads\/2023\/07\/piattocop_santadomenicaSTAMPA-scaled.jpg","keywords":["Annalisa Mariano","Bruno Paolo Nicolardi","Giovanni Giangreco","Il raggio verde edizioni","Mario Pendinelli","Piero Palumbo","Santa Domenica","Scorrano"],"articleSection":["LIBRI"],"inLanguage":"it-IT","potentialAction":[{"@type":"CommentAction","name":"Comment","target":["https:\/\/arteeluoghi.it\/index.php\/2023\/07\/13\/dedicato-a-santa-domenica\/#respond"]}]},{"@type":"Person","@id":"https:\/\/arteeluoghi.it\/#\/schema\/person\/f84e814e36e91e01448ee07eaadd41d4","name":"Staff","image":{"@type":"ImageObject","@id":"https:\/\/arteeluoghi.it\/#personlogo","inLanguage":"it-IT","url":"https:\/\/secure.gravatar.com\/avatar\/49d2f9e46271bb04e19cebfaf141313a?s=96&d=blank&r=g","contentUrl":"https:\/\/secure.gravatar.com\/avatar\/49d2f9e46271bb04e19cebfaf141313a?s=96&d=blank&r=g","caption":"Staff"}}]}},"_links":{"self":[{"href":"https:\/\/arteeluoghi.it\/index.php\/wp-json\/wp\/v2\/posts\/12944"}],"collection":[{"href":"https:\/\/arteeluoghi.it\/index.php\/wp-json\/wp\/v2\/posts"}],"about":[{"href":"https:\/\/arteeluoghi.it\/index.php\/wp-json\/wp\/v2\/types\/post"}],"author":[{"embeddable":true,"href":"https:\/\/arteeluoghi.it\/index.php\/wp-json\/wp\/v2\/users\/1"}],"replies":[{"embeddable":true,"href":"https:\/\/arteeluoghi.it\/index.php\/wp-json\/wp\/v2\/comments?post=12944"}],"version-history":[{"count":1,"href":"https:\/\/arteeluoghi.it\/index.php\/wp-json\/wp\/v2\/posts\/12944\/revisions"}],"predecessor-version":[{"id":12946,"href":"https:\/\/arteeluoghi.it\/index.php\/wp-json\/wp\/v2\/posts\/12944\/revisions\/12946"}],"wp:featuredmedia":[{"embeddable":true,"href":"https:\/\/arteeluoghi.it\/index.php\/wp-json\/wp\/v2\/media\/12945"}],"wp:attachment":[{"href":"https:\/\/arteeluoghi.it\/index.php\/wp-json\/wp\/v2\/media?parent=12944"}],"wp:term":[{"taxonomy":"category","embeddable":true,"href":"https:\/\/arteeluoghi.it\/index.php\/wp-json\/wp\/v2\/categories?post=12944"},{"taxonomy":"post_tag","embeddable":true,"href":"https:\/\/arteeluoghi.it\/index.php\/wp-json\/wp\/v2\/tags?post=12944"}],"curies":[{"name":"wp","href":"https:\/\/api.w.org\/{rel}","templated":true}]}}