{"id":12979,"date":"2023-07-13T12:14:00","date_gmt":"2023-07-13T10:14:00","guid":{"rendered":"https:\/\/arteeluoghi.it\/?p=12979"},"modified":"2023-07-29T12:18:19","modified_gmt":"2023-07-29T10:18:19","slug":"al-via-la-stagione-del-parco-gondar","status":"publish","type":"post","link":"https:\/\/arteeluoghi.it\/index.php\/2023\/07\/13\/al-via-la-stagione-del-parco-gondar\/","title":{"rendered":"Al via la stagione del Parco Gondar"},"content":{"rendered":"\n<blockquote class=\"wp-block-quote\"><p>Si parte il 15 luglio con Chris Liebing. Pronti poi i grandi show con Elrow, Sfera Ebbasta, Lazza, Tananai, Gu\u00e8, Fabri Fibra, Central Cee, Salmo, Luch\u00e8, Geolier, Coma Cose, Boomdabash, Daniele Silvestri, Carl Brave e\u00a0tanti altri artisti, protagonisti insieme a Torielli delle\u00a0due ore di diretta al giorno\u00a0<\/p><\/blockquote>\n\n\n\n<p><strong>Parte domani, sabato 15 luglio, la nuova stagione 2023 del Parco Gondar!<\/strong>&nbsp;Il&nbsp;talentuoso produttore&nbsp;tedesco&nbsp;<strong>Chris Liebing<\/strong>&nbsp;sar\u00e0 l\u2019headliner del grande opening del pi\u00f9 grande parco a tema del sud Italia, e si alterner\u00e0 sul palco con Andrea Maggino, Cristian Carpentieri, The Clan e Luca Dem.&nbsp;&nbsp;<\/p>\n\n\n\n<!--more-->\n\n\n\n<p>Sar\u00e0 inoltre inaugurata una nuova&nbsp;<strong>area artistica&nbsp;<\/strong>ideata, realizzata e gestita dallo staff di&nbsp;<strong>WorkHard \u2013 Barbershop &amp; Tattoo<\/strong>&nbsp;di Casarano. Un contenitore nel contenitore, uno spazio aperto per dare libert\u00e0 espressiva ad artisti e performer che \u00e8 gi\u00e0 una grande installazione a cielo aperto: una vera e propria invasione hippy \u2013 aliena inglober\u00e0 e far\u00e0 sua la zona dedicata alle nuove attivit\u00e0, per un\u2019esperienza immersiva che permetter\u00e0 un viaggio tridimensionale verso un mondo parallelo e futuristico.<strong>&nbsp;Uno spettacolo travolgente e una nuova \u201cdimensione mentale<\/strong>\u201d, che, in occasione della<strong>&nbsp;opening night del Parco Gondar<\/strong>&nbsp;con l\u2019iconico&nbsp;<strong>Chris Liebing<\/strong>,&nbsp;<strong>vedr\u00e0 anche la musica protagonista nella nuova area<\/strong>: si parte alle h. 22:22 con Trap In Zone e le&nbsp;&nbsp;Welo, Scaccia, Amin, Herm, Vuem, Khemi, Terzo, Auro, per passare poi alla Tech-House Players con Pierz, Vincenzo Mola, Alessio Gravante, Sdeen e Matteo Marrocco.<\/p>\n\n\n\n<p><strong>Dal 15 luglio al via pi\u00f9 di trenta giorni tra live, djset e i party pi\u00f9 in voga del momento<\/strong><strong>, i grandi live urban del Sottosopra Fest, techno ed elettronica con gli eventi Galactica e Soul Kitchen<\/strong>&nbsp;e&nbsp;che si alterneranno su sei palchi all\u2019interno di un\u2019area di 20.000 metri quadri, arricchita da area street food, mercatini e aree relax. Non solo musica infatti: in linea con la scelta di ampliare l&#8217;offerta del Parco Gondar, l&#8217;estate 2023 segue l&#8217;impronta dei grandi festival europei, ricchi non solo di grandi eventi dal vivo, ma di intrattenimento su pi\u00f9 livelli.&nbsp;<\/p>\n\n\n\n<p><strong>Questo il calendario della nuova edizione Parco Gondar 2023,<\/strong>&nbsp;che ospita al suo interno le date dei principali tour estivi nazionali&nbsp;e internazionali:&nbsp;<strong>Chris Liebing<\/strong>&nbsp;(15 luglio),&nbsp;<strong>Gu\u00e8, Shiva e Anna<\/strong>&nbsp;(19 luglio),&nbsp;<strong>Mi Sento Male Fest&nbsp;<\/strong>(20 luglio),&nbsp;<strong>Smack Party<\/strong>&nbsp;(21 luglio),&nbsp;<strong>Boomdabash<\/strong>&nbsp;(22 luglio),&nbsp;<strong>Capoplaza, Bresh e Clara<\/strong>&nbsp;(23 luglio),&nbsp;<strong>Kawabonga XXL<\/strong>&nbsp;(24 luglio),&nbsp;<strong>Mama Juana<\/strong>&nbsp;(26 luglio), Fish&amp;Gin Festival:&nbsp;<strong>Sud Sound System, Brusco, Villa Ada, Antonio Castrignan\u00f2<\/strong>&nbsp;(27 luglio), Fish&amp;Gin Festival:&nbsp;<strong>Rock &#8216;n Roll Party, 90 Per Una Notte con Ice Mc, Haiducii, Neja<\/strong>&nbsp;(28 luglio), Fish&amp;Gin Festival:&nbsp;<strong>Cristina D&#8217;Avena &amp; Gemboy, Dance Mania<\/strong>&nbsp;(29 luglio),&nbsp;<strong>Geolier, Kid Yugi e Nerissima Serpe<\/strong>&nbsp;(30 luglio),&nbsp;<strong>Teenage Dream, Kawabonga XXL<\/strong>&nbsp;(31 luglio),&nbsp;<strong>Carl Brave<\/strong>&nbsp;(1 agosto),&nbsp;<strong>Crime Fest<\/strong>&nbsp;(2 agosto),&nbsp;<strong>Coma_Cose<\/strong>&nbsp;(3 agosto),&nbsp;<strong>Fabri Fibra<\/strong>&nbsp;(4 agosto),&nbsp;&nbsp;<strong>Daniele Silvestri<\/strong>&nbsp;live \/ aftershow con&nbsp;<strong>Joseph Capriati e Skizzo<\/strong>&nbsp;(5 agosto),&nbsp;<strong>Lazza,&nbsp;Shari e Urban Legend<\/strong>&nbsp;(6 agosto),&nbsp;&nbsp;<strong>Kawabonga XXL<\/strong>&nbsp;(7 agosto),&nbsp;<strong>Tananai&nbsp;<\/strong>(8 agosto),&nbsp;<strong>Sfera Ebbasta<\/strong>&nbsp;(9 agosto),&nbsp;<strong>80\/90 Per Una Notte&nbsp;<\/strong>(10 agosto),&nbsp;<strong>Elrow&nbsp;<\/strong>(12 agosto),&nbsp;&nbsp;<strong>Central Cee, Rondodasosa, Neima Ezza e Arti 5ive<\/strong>&nbsp;(13 agosto),&nbsp;&nbsp;<strong>Nina Kraviz e Adiel<\/strong>&nbsp;(14 agosto),&nbsp;<strong>Loco Dice, Element e Sante Sansone<\/strong>&nbsp;(15 agosto),&nbsp;<strong>Salmo&nbsp;<\/strong>(16 agosto),&nbsp;&nbsp;<strong>Charlie Sparks, Luca Agnelli e Nico Moreno<\/strong>&nbsp;(17 agosto),&nbsp;&nbsp;Luch\u00e9, Muevelo (18 agosto),&nbsp;&nbsp;<strong>Metempsicosi<\/strong>&nbsp;con Mario Pi\u00f9, Ricky Le Roy, 00Zicky, Joy Kitikonti, Franchino e Luca Pechino (19 agosto), History 90 con&nbsp;<strong>Datura, Los Locos, Paps<\/strong>&nbsp;(20 agosto),&nbsp;&nbsp;<strong>Kawabonga XXL<\/strong>&nbsp;(21 agosto),&nbsp;&nbsp;<strong>Una Festa<\/strong>&nbsp;(23 agosto),&nbsp;&nbsp;<strong>Closing Party<\/strong>&nbsp;(25 agosto).&nbsp;&nbsp;<\/p>\n\n\n\n<p>Grandi spazi verdi in cui vivere un\u2019esperienza immersiva a 360\u00b0, che oltre alla musica dedica i suoi ampi spazi all&#8217;aperto alla musica, all&#8217;arte, al teatro, alla cultura, al sociale e allo sport.&nbsp;&nbsp;<\/p>\n\n\n\n<p><strong>Dal 27 al 29 luglio<\/strong>&nbsp;il Parco Gondar si trasforma&nbsp;in un grande agor\u00e0 all\u2019aperto ospitando&nbsp;il&nbsp;<strong>Fish And Gin Festival<\/strong>: il primo evento dedicato al Gin e alle sue tante declinazioni e allo street food di qualit\u00e0, con grandi ospiti della mixology come&nbsp;<strong>Bruno Vanzan<\/strong>, mixology show e signature cocktail dedicati con pi\u00f9 di 200 etichette di gin da tutto il mondo, e i pi\u00f9 ricercati brand di distillati e spirits.&nbsp;Il Parco Gondar in quei giorni si occuper\u00e0 della musica:&nbsp;<strong>il<\/strong><strong>&nbsp;27 luglio il palco sar\u00e0 tutto per un salto nella tradizione della musica reggae e popolare, con i Sud Sound System, Brusco, i Villa Ada con le celebrazioni del loro trentennale e Antonio Castrignan\u00f2<\/strong>. Il&nbsp;<strong>28&nbsp;luglio<\/strong>&nbsp;le diverse aree del Parco si divideranno tra il Rock&#8217;n Roll Party con esibizioni di scatenato swing e un tuffo negli anni 90&nbsp;<strong>con&nbsp;90 Per Una Notte e con&nbsp;Ice Mc, Haiducii, Neja e le loro super hits.<\/strong><strong>&nbsp;&nbsp;<\/strong><strong>Il 29 luglio il gran finale \u00e8 affidato all\u2019energia di Cristina D&#8217;Avena&nbsp;<\/strong>accompagnata dall&#8217;irriverenza dei&nbsp;<strong>Gem Boy&nbsp;<\/strong>e le note tutte da ballare della&nbsp;<strong>Dance Mania<\/strong>.&nbsp;<\/p>\n\n\n\n<p>Spazio anche allo sport, con la seconda edizione dell\u2019\u201c<strong>Apulia Sport Convention<\/strong>&#8220;, la prima grande Convention dello Sport e del Fitness del Sud Italia. Un evento di tre giorni,&nbsp;<strong>dall\u20191 al 3 settembre<\/strong>, fitto di appuntamenti: sin dalle prime ore del mattino, trainer, istruttori e palestre si alterneranno in una programmazione ricca di lezioni. Una manifestazione che raccoglier\u00e0 adesione di ogni et\u00e0 e livello, per regalare due giorni di energia e movimento.&nbsp;&nbsp;&nbsp;<\/p>\n\n\n\n<p><strong>Per il secondo anno si riconferma la collaborazione tra Parco Gondar e Radio 105<\/strong>, che dal 31 luglio al 27 agosto trasmetter\u00e0 ogni giorno in diretta all&#8217;interno del parco, da una postazione dedicata &#8220;<strong>105 Summer @ Parco Gondar<\/strong>&#8220;, condotto da&nbsp;<strong>Niccol\u00f2 Torielli<\/strong>&nbsp;e in onda dalle 18 alle 20.&nbsp;<\/p>\n\n\n\n<p>Oltre a Radio 105, partner della rassegna 2023 importanti festival e format: Apulia Sport Convention, Crime Fest, Fish And Gin Festival, Galactica Festival, History 90, Kawabonga Party, Mi Sento Male Fest, Oversound, Sottosopra Fest, The Soul Kitchen.&nbsp;<\/p>\n\n\n\n<p>Infine,&nbsp;ritorna&nbsp;<strong>BusForFun<\/strong>&nbsp;tra i partner del Festival: tutti gli eventi del Parco Gondar sono raggiungibili prenotando un post in bus e viaggiando in modo comodo, sicuro e sostenibile.&nbsp;&nbsp;<\/p>\n\n\n\n<p><strong>Info Parco Gondar:\u00a0<\/strong>327 821 5783\u00a0&#8211;\u00a0<a href=\"http:\/\/www.parcogondar.com\/\" target=\"_blank\" rel=\"noreferrer noopener\">http:\/\/www.parcogondar.com<\/a>\u2013\u00a0<a href=\"https:\/\/www.facebook.com\/ParcoGondar\" target=\"_blank\" rel=\"noreferrer noopener\">https:\/\/www.facebook.com\/ParcoGondar<\/a>\u00a0&#8211;\u00a0<a href=\"http:\/\/www.instagram.com\/parcogondar_official\" target=\"_blank\" rel=\"noreferrer noopener\">www.instagram.com\/parcogondar_official<\/a>\u00a0\u00a0<\/p>\n\n\n\n<p>(fonte: comunicato stampa)<\/p>\n","protected":false},"excerpt":{"rendered":"<p>Si parte il 15 luglio con Chris Liebing. Pronti poi i grandi show con Elrow, Sfera Ebbasta, Lazza, Tananai, Gu\u00e8,<\/p>\n","protected":false},"author":1,"featured_media":12980,"comment_status":"open","ping_status":"open","sticky":true,"template":"","format":"standard","meta":[],"categories":[55,12],"tags":[401,235,5033],"yoast_head":"<!-- This site is optimized with the Yoast SEO plugin v18.0 - https:\/\/yoast.com\/wordpress\/plugins\/seo\/ -->\n<title>Al via la stagione del Parco Gondar | Arte e Luoghi<\/title>\n<meta name=\"description\" content=\"Si parte il 15 luglio con Chris Liebing. Pronti poi i grandi show con Elrow, Sfera Ebbasta, Lazza, Tananai, Gu\u00e8, Fabri Fibra, Central Cee,\" \/>\n<meta name=\"robots\" content=\"index, follow, max-snippet:-1, max-image-preview:large, max-video-preview:-1\" \/>\n<link rel=\"canonical\" href=\"https:\/\/arteeluoghi.it\/index.php\/2023\/07\/13\/al-via-la-stagione-del-parco-gondar\/\" \/>\n<meta property=\"og:locale\" content=\"it_IT\" \/>\n<meta property=\"og:type\" content=\"article\" \/>\n<meta property=\"og:title\" content=\"Al via la stagione del Parco Gondar | Arte e Luoghi\" \/>\n<meta property=\"og:description\" content=\"Si parte il 15 luglio con Chris Liebing. Pronti poi i grandi show con Elrow, Sfera Ebbasta, Lazza, Tananai, Gu\u00e8, Fabri Fibra, Central Cee,\" \/>\n<meta property=\"og:url\" content=\"https:\/\/arteeluoghi.it\/index.php\/2023\/07\/13\/al-via-la-stagione-del-parco-gondar\/\" \/>\n<meta property=\"og:site_name\" content=\"Arte e Luoghi\" \/>\n<meta property=\"article:publisher\" content=\"https:\/\/www.facebook.com\/ArteELuoghi\/\" \/>\n<meta property=\"article:published_time\" content=\"2023-07-13T10:14:00+00:00\" \/>\n<meta property=\"article:modified_time\" content=\"2023-07-29T10:18:19+00:00\" \/>\n<meta property=\"og:image\" content=\"https:\/\/arteeluoghi.it\/wp-content\/uploads\/2023\/07\/download-3.jpg\" \/>\n\t<meta property=\"og:image:width\" content=\"375\" \/>\n\t<meta property=\"og:image:height\" content=\"250\" \/>\n\t<meta property=\"og:image:type\" content=\"image\/jpeg\" \/>\n<meta name=\"twitter:card\" content=\"summary\" \/>\n<meta name=\"twitter:creator\" content=\"@arteeluoghi\" \/>\n<meta name=\"twitter:site\" content=\"@arteeluoghi\" \/>\n<meta name=\"twitter:label1\" content=\"Scritto da\" \/>\n\t<meta name=\"twitter:data1\" content=\"Staff\" \/>\n\t<meta name=\"twitter:label2\" content=\"Tempo di lettura stimato\" \/>\n\t<meta name=\"twitter:data2\" content=\"6 minuti\" \/>\n<script type=\"application\/ld+json\" class=\"yoast-schema-graph\">{\"@context\":\"https:\/\/schema.org\",\"@graph\":[{\"@type\":\"Organization\",\"@id\":\"https:\/\/arteeluoghi.it\/#organization\",\"name\":\"Arte e Luoghi\",\"url\":\"https:\/\/arteeluoghi.it\/\",\"sameAs\":[\"https:\/\/www.facebook.com\/ArteELuoghi\/\",\"https:\/\/www.instagram.com\/arteeluoghi\/?hl=it\",\"https:\/\/www.youtube.com\/channel\/UCuRVc4JW4-C5sg9rQB-srkw?view_as=subscriber\",\"https:\/\/twitter.com\/arteeluoghi\"],\"logo\":{\"@type\":\"ImageObject\",\"@id\":\"https:\/\/arteeluoghi.it\/#logo\",\"inLanguage\":\"it-IT\",\"url\":\"https:\/\/arteeluoghi.it\/wp-content\/uploads\/2018\/08\/logoinstagramarte.jpg\",\"contentUrl\":\"https:\/\/arteeluoghi.it\/wp-content\/uploads\/2018\/08\/logoinstagramarte.jpg\",\"width\":150,\"height\":150,\"caption\":\"Arte e Luoghi\"},\"image\":{\"@id\":\"https:\/\/arteeluoghi.it\/#logo\"}},{\"@type\":\"WebSite\",\"@id\":\"https:\/\/arteeluoghi.it\/#website\",\"url\":\"https:\/\/arteeluoghi.it\/\",\"name\":\"Arte e Luoghi\",\"description\":\"Mensile di arte, cultura, turismo e curiosit\u00e0\",\"publisher\":{\"@id\":\"https:\/\/arteeluoghi.it\/#organization\"},\"potentialAction\":[{\"@type\":\"SearchAction\",\"target\":{\"@type\":\"EntryPoint\",\"urlTemplate\":\"https:\/\/arteeluoghi.it\/?s={search_term_string}\"},\"query-input\":\"required name=search_term_string\"}],\"inLanguage\":\"it-IT\"},{\"@type\":\"ImageObject\",\"@id\":\"https:\/\/arteeluoghi.it\/index.php\/2023\/07\/13\/al-via-la-stagione-del-parco-gondar\/#primaryimage\",\"inLanguage\":\"it-IT\",\"url\":\"https:\/\/arteeluoghi.it\/wp-content\/uploads\/2023\/07\/download-3.jpg\",\"contentUrl\":\"https:\/\/arteeluoghi.it\/wp-content\/uploads\/2023\/07\/download-3.jpg\",\"width\":375,\"height\":250},{\"@type\":\"WebPage\",\"@id\":\"https:\/\/arteeluoghi.it\/index.php\/2023\/07\/13\/al-via-la-stagione-del-parco-gondar\/#webpage\",\"url\":\"https:\/\/arteeluoghi.it\/index.php\/2023\/07\/13\/al-via-la-stagione-del-parco-gondar\/\",\"name\":\"Al via la stagione del Parco Gondar | Arte e Luoghi\",\"isPartOf\":{\"@id\":\"https:\/\/arteeluoghi.it\/#website\"},\"primaryImageOfPage\":{\"@id\":\"https:\/\/arteeluoghi.it\/index.php\/2023\/07\/13\/al-via-la-stagione-del-parco-gondar\/#primaryimage\"},\"datePublished\":\"2023-07-13T10:14:00+00:00\",\"dateModified\":\"2023-07-29T10:18:19+00:00\",\"description\":\"Si parte il 15 luglio con Chris Liebing. Pronti poi i grandi show con Elrow, Sfera Ebbasta, Lazza, Tananai, Gu\u00e8, Fabri Fibra, Central Cee,\",\"breadcrumb\":{\"@id\":\"https:\/\/arteeluoghi.it\/index.php\/2023\/07\/13\/al-via-la-stagione-del-parco-gondar\/#breadcrumb\"},\"inLanguage\":\"it-IT\",\"potentialAction\":[{\"@type\":\"ReadAction\",\"target\":[\"https:\/\/arteeluoghi.it\/index.php\/2023\/07\/13\/al-via-la-stagione-del-parco-gondar\/\"]}]},{\"@type\":\"BreadcrumbList\",\"@id\":\"https:\/\/arteeluoghi.it\/index.php\/2023\/07\/13\/al-via-la-stagione-del-parco-gondar\/#breadcrumb\",\"itemListElement\":[{\"@type\":\"ListItem\",\"position\":1,\"name\":\"Home\",\"item\":\"https:\/\/arteeluoghi.it\/\"},{\"@type\":\"ListItem\",\"position\":2,\"name\":\"Al via la stagione del Parco Gondar\"}]},{\"@type\":\"Article\",\"@id\":\"https:\/\/arteeluoghi.it\/index.php\/2023\/07\/13\/al-via-la-stagione-del-parco-gondar\/#article\",\"isPartOf\":{\"@id\":\"https:\/\/arteeluoghi.it\/index.php\/2023\/07\/13\/al-via-la-stagione-del-parco-gondar\/#webpage\"},\"author\":{\"@id\":\"https:\/\/arteeluoghi.it\/#\/schema\/person\/f84e814e36e91e01448ee07eaadd41d4\"},\"headline\":\"Al via la stagione del Parco Gondar\",\"datePublished\":\"2023-07-13T10:14:00+00:00\",\"dateModified\":\"2023-07-29T10:18:19+00:00\",\"mainEntityOfPage\":{\"@id\":\"https:\/\/arteeluoghi.it\/index.php\/2023\/07\/13\/al-via-la-stagione-del-parco-gondar\/#webpage\"},\"wordCount\":1098,\"commentCount\":0,\"publisher\":{\"@id\":\"https:\/\/arteeluoghi.it\/#organization\"},\"image\":{\"@id\":\"https:\/\/arteeluoghi.it\/index.php\/2023\/07\/13\/al-via-la-stagione-del-parco-gondar\/#primaryimage\"},\"thumbnailUrl\":\"https:\/\/arteeluoghi.it\/wp-content\/uploads\/2023\/07\/download-3.jpg\",\"keywords\":[\"live\",\"musica\",\"Parco Gondar\"],\"articleSection\":[\"dinotte\",\"MUSICA\"],\"inLanguage\":\"it-IT\",\"potentialAction\":[{\"@type\":\"CommentAction\",\"name\":\"Comment\",\"target\":[\"https:\/\/arteeluoghi.it\/index.php\/2023\/07\/13\/al-via-la-stagione-del-parco-gondar\/#respond\"]}]},{\"@type\":\"Person\",\"@id\":\"https:\/\/arteeluoghi.it\/#\/schema\/person\/f84e814e36e91e01448ee07eaadd41d4\",\"name\":\"Staff\",\"image\":{\"@type\":\"ImageObject\",\"@id\":\"https:\/\/arteeluoghi.it\/#personlogo\",\"inLanguage\":\"it-IT\",\"url\":\"https:\/\/secure.gravatar.com\/avatar\/49d2f9e46271bb04e19cebfaf141313a?s=96&d=blank&r=g\",\"contentUrl\":\"https:\/\/secure.gravatar.com\/avatar\/49d2f9e46271bb04e19cebfaf141313a?s=96&d=blank&r=g\",\"caption\":\"Staff\"}}]}<\/script>\n<!-- \/ Yoast SEO plugin. -->","yoast_head_json":{"title":"Al via la stagione del Parco Gondar | Arte e Luoghi","description":"Si parte il 15 luglio con Chris Liebing. Pronti poi i grandi show con Elrow, Sfera Ebbasta, Lazza, Tananai, Gu\u00e8, Fabri Fibra, Central Cee,","robots":{"index":"index","follow":"follow","max-snippet":"max-snippet:-1","max-image-preview":"max-image-preview:large","max-video-preview":"max-video-preview:-1"},"canonical":"https:\/\/arteeluoghi.it\/index.php\/2023\/07\/13\/al-via-la-stagione-del-parco-gondar\/","og_locale":"it_IT","og_type":"article","og_title":"Al via la stagione del Parco Gondar | Arte e Luoghi","og_description":"Si parte il 15 luglio con Chris Liebing. Pronti poi i grandi show con Elrow, Sfera Ebbasta, Lazza, Tananai, Gu\u00e8, Fabri Fibra, Central Cee,","og_url":"https:\/\/arteeluoghi.it\/index.php\/2023\/07\/13\/al-via-la-stagione-del-parco-gondar\/","og_site_name":"Arte e Luoghi","article_publisher":"https:\/\/www.facebook.com\/ArteELuoghi\/","article_published_time":"2023-07-13T10:14:00+00:00","article_modified_time":"2023-07-29T10:18:19+00:00","og_image":[{"width":375,"height":250,"url":"https:\/\/arteeluoghi.it\/wp-content\/uploads\/2023\/07\/download-3.jpg","type":"image\/jpeg"}],"twitter_card":"summary","twitter_creator":"@arteeluoghi","twitter_site":"@arteeluoghi","twitter_misc":{"Scritto da":"Staff","Tempo di lettura stimato":"6 minuti"},"schema":{"@context":"https:\/\/schema.org","@graph":[{"@type":"Organization","@id":"https:\/\/arteeluoghi.it\/#organization","name":"Arte e Luoghi","url":"https:\/\/arteeluoghi.it\/","sameAs":["https:\/\/www.facebook.com\/ArteELuoghi\/","https:\/\/www.instagram.com\/arteeluoghi\/?hl=it","https:\/\/www.youtube.com\/channel\/UCuRVc4JW4-C5sg9rQB-srkw?view_as=subscriber","https:\/\/twitter.com\/arteeluoghi"],"logo":{"@type":"ImageObject","@id":"https:\/\/arteeluoghi.it\/#logo","inLanguage":"it-IT","url":"https:\/\/arteeluoghi.it\/wp-content\/uploads\/2018\/08\/logoinstagramarte.jpg","contentUrl":"https:\/\/arteeluoghi.it\/wp-content\/uploads\/2018\/08\/logoinstagramarte.jpg","width":150,"height":150,"caption":"Arte e Luoghi"},"image":{"@id":"https:\/\/arteeluoghi.it\/#logo"}},{"@type":"WebSite","@id":"https:\/\/arteeluoghi.it\/#website","url":"https:\/\/arteeluoghi.it\/","name":"Arte e Luoghi","description":"Mensile di arte, cultura, turismo e curiosit\u00e0","publisher":{"@id":"https:\/\/arteeluoghi.it\/#organization"},"potentialAction":[{"@type":"SearchAction","target":{"@type":"EntryPoint","urlTemplate":"https:\/\/arteeluoghi.it\/?s={search_term_string}"},"query-input":"required name=search_term_string"}],"inLanguage":"it-IT"},{"@type":"ImageObject","@id":"https:\/\/arteeluoghi.it\/index.php\/2023\/07\/13\/al-via-la-stagione-del-parco-gondar\/#primaryimage","inLanguage":"it-IT","url":"https:\/\/arteeluoghi.it\/wp-content\/uploads\/2023\/07\/download-3.jpg","contentUrl":"https:\/\/arteeluoghi.it\/wp-content\/uploads\/2023\/07\/download-3.jpg","width":375,"height":250},{"@type":"WebPage","@id":"https:\/\/arteeluoghi.it\/index.php\/2023\/07\/13\/al-via-la-stagione-del-parco-gondar\/#webpage","url":"https:\/\/arteeluoghi.it\/index.php\/2023\/07\/13\/al-via-la-stagione-del-parco-gondar\/","name":"Al via la stagione del Parco Gondar | Arte e Luoghi","isPartOf":{"@id":"https:\/\/arteeluoghi.it\/#website"},"primaryImageOfPage":{"@id":"https:\/\/arteeluoghi.it\/index.php\/2023\/07\/13\/al-via-la-stagione-del-parco-gondar\/#primaryimage"},"datePublished":"2023-07-13T10:14:00+00:00","dateModified":"2023-07-29T10:18:19+00:00","description":"Si parte il 15 luglio con Chris Liebing. Pronti poi i grandi show con Elrow, Sfera Ebbasta, Lazza, Tananai, Gu\u00e8, Fabri Fibra, Central Cee,","breadcrumb":{"@id":"https:\/\/arteeluoghi.it\/index.php\/2023\/07\/13\/al-via-la-stagione-del-parco-gondar\/#breadcrumb"},"inLanguage":"it-IT","potentialAction":[{"@type":"ReadAction","target":["https:\/\/arteeluoghi.it\/index.php\/2023\/07\/13\/al-via-la-stagione-del-parco-gondar\/"]}]},{"@type":"BreadcrumbList","@id":"https:\/\/arteeluoghi.it\/index.php\/2023\/07\/13\/al-via-la-stagione-del-parco-gondar\/#breadcrumb","itemListElement":[{"@type":"ListItem","position":1,"name":"Home","item":"https:\/\/arteeluoghi.it\/"},{"@type":"ListItem","position":2,"name":"Al via la stagione del Parco Gondar"}]},{"@type":"Article","@id":"https:\/\/arteeluoghi.it\/index.php\/2023\/07\/13\/al-via-la-stagione-del-parco-gondar\/#article","isPartOf":{"@id":"https:\/\/arteeluoghi.it\/index.php\/2023\/07\/13\/al-via-la-stagione-del-parco-gondar\/#webpage"},"author":{"@id":"https:\/\/arteeluoghi.it\/#\/schema\/person\/f84e814e36e91e01448ee07eaadd41d4"},"headline":"Al via la stagione del Parco Gondar","datePublished":"2023-07-13T10:14:00+00:00","dateModified":"2023-07-29T10:18:19+00:00","mainEntityOfPage":{"@id":"https:\/\/arteeluoghi.it\/index.php\/2023\/07\/13\/al-via-la-stagione-del-parco-gondar\/#webpage"},"wordCount":1098,"commentCount":0,"publisher":{"@id":"https:\/\/arteeluoghi.it\/#organization"},"image":{"@id":"https:\/\/arteeluoghi.it\/index.php\/2023\/07\/13\/al-via-la-stagione-del-parco-gondar\/#primaryimage"},"thumbnailUrl":"https:\/\/arteeluoghi.it\/wp-content\/uploads\/2023\/07\/download-3.jpg","keywords":["live","musica","Parco Gondar"],"articleSection":["dinotte","MUSICA"],"inLanguage":"it-IT","potentialAction":[{"@type":"CommentAction","name":"Comment","target":["https:\/\/arteeluoghi.it\/index.php\/2023\/07\/13\/al-via-la-stagione-del-parco-gondar\/#respond"]}]},{"@type":"Person","@id":"https:\/\/arteeluoghi.it\/#\/schema\/person\/f84e814e36e91e01448ee07eaadd41d4","name":"Staff","image":{"@type":"ImageObject","@id":"https:\/\/arteeluoghi.it\/#personlogo","inLanguage":"it-IT","url":"https:\/\/secure.gravatar.com\/avatar\/49d2f9e46271bb04e19cebfaf141313a?s=96&d=blank&r=g","contentUrl":"https:\/\/secure.gravatar.com\/avatar\/49d2f9e46271bb04e19cebfaf141313a?s=96&d=blank&r=g","caption":"Staff"}}]}},"_links":{"self":[{"href":"https:\/\/arteeluoghi.it\/index.php\/wp-json\/wp\/v2\/posts\/12979"}],"collection":[{"href":"https:\/\/arteeluoghi.it\/index.php\/wp-json\/wp\/v2\/posts"}],"about":[{"href":"https:\/\/arteeluoghi.it\/index.php\/wp-json\/wp\/v2\/types\/post"}],"author":[{"embeddable":true,"href":"https:\/\/arteeluoghi.it\/index.php\/wp-json\/wp\/v2\/users\/1"}],"replies":[{"embeddable":true,"href":"https:\/\/arteeluoghi.it\/index.php\/wp-json\/wp\/v2\/comments?post=12979"}],"version-history":[{"count":1,"href":"https:\/\/arteeluoghi.it\/index.php\/wp-json\/wp\/v2\/posts\/12979\/revisions"}],"predecessor-version":[{"id":12981,"href":"https:\/\/arteeluoghi.it\/index.php\/wp-json\/wp\/v2\/posts\/12979\/revisions\/12981"}],"wp:featuredmedia":[{"embeddable":true,"href":"https:\/\/arteeluoghi.it\/index.php\/wp-json\/wp\/v2\/media\/12980"}],"wp:attachment":[{"href":"https:\/\/arteeluoghi.it\/index.php\/wp-json\/wp\/v2\/media?parent=12979"}],"wp:term":[{"taxonomy":"category","embeddable":true,"href":"https:\/\/arteeluoghi.it\/index.php\/wp-json\/wp\/v2\/categories?post=12979"},{"taxonomy":"post_tag","embeddable":true,"href":"https:\/\/arteeluoghi.it\/index.php\/wp-json\/wp\/v2\/tags?post=12979"}],"curies":[{"name":"wp","href":"https:\/\/api.w.org\/{rel}","templated":true}]}}