{"id":1301,"date":"2013-08-20T09:16:33","date_gmt":"2013-08-20T07:16:33","guid":{"rendered":"http:\/\/arteeluoghi.it\/index.php\/2013\/08\/20\/dalla-festa-scozzese-al-gran-ballo-ottocentesco\/"},"modified":"2013-08-20T09:16:33","modified_gmt":"2013-08-20T07:16:33","slug":"dalla-festa-scozzese-al-gran-ballo-ottocentesco","status":"publish","type":"post","link":"https:\/\/arteeluoghi.it\/index.php\/2013\/08\/20\/dalla-festa-scozzese-al-gran-ballo-ottocentesco\/","title":{"rendered":"Dalla Festa scozzese al Gran Ballo Ottocentesco"},"content":{"rendered":"<p style=\"text-align: left;\" align=\"center\"><img src=\"\/images\/DanzaVacanza2013.jpg\" border=\"0\" title=\"Danza Vacanza 2013\" width=\"400\" style=\"margin: 21px; float: right;\" \/>Marted\u00ec 27 e venerd\u00ec 30 agosto due appuntamenti con l&#8217;associazione culturale &#8220;Societ\u00e0 di Danza&#8221;<strong><br \/><\/strong><\/p>\n<p style=\"text-align: left;\" align=\"center\"><strong>AD AGOSTO NEL SALENTO si danza anche Ottocento<\/strong><\/p>\n<p>\u00a0\u00a0\u00a0\u00a0\u00a0\u00a0\u00a0\u00a0\u00a0\u00a0\u00a0\u00a0\u00a0\u00a0\u00a0\u00a0\u00a0\u00a0\u00a0\u00a0\u00a0\u00a0\u00a0\u00a0\u00a0\u00a0\u00a0\u00a0\u00a0\u00a0\u00a0\u00a0\u00a0\u00a0\u00a0\u00a0\u00a0\u00a0\u00a0\u00a0\u00a0\u00a0\u00a0\u00a0\u00a0\u00a0\u00a0\u00a0\u00a0\u00a0\u00a0<\/p>\n<p>Torna, nel Salento, la DanzaVacanza con due appuntamenti assolutamenti imperdibili. Per il quarto anno consecutivo, l\u2019associazione culturale <strong>\u201cSociet\u00e0 di Danza\u201d<\/strong> &#8211; presieduta a livello nazionale da <strong>Fabio M\u00f2llica<\/strong> e guidata in Puglia da <strong>Assunta Fanuli<\/strong> -ospita nel Salento per una settimana danzatori italiani ed europei che si esibiscono in eventi danzanti di grande interesse turistico culturale. Si comincer\u00e0 marted\u00ec 27 agosto (a partire dalle ore 21) con una <strong>Festa scozzese<\/strong> con musica dal vivo negli spazi all\u2019aperto della <strong>Fondazione \u201cLe Costantine\u201d. <\/strong>In Scozia le <strong><em>Scottish Country Dances<\/em><\/strong> si sono tramandate da generazioni, da secoli, da maestro a maestro, da musicista a musicista, all\u2019interno delle famiglie, dei clan, portandole oggi a essere, dopo tante generazioni, un vero e proprio elemento di \u201carte sociale\u201d. Nel Salento questa tradizione rivivr\u00e0 grazie a una serata completamente a tema. Un pianoforte a coda (maestra Pamela Pinto) e un violino (maestro\u00a0Marcello Baldassarre) accompagneranno i danzatori della Societ\u00e0 di Danza, che si esibiranno nelle danze di tradizione scozzese con il coinvolgimento del pubblico. Stand gastronomici e birra scozzese alla spina daranno la possibilit\u00e0 ai visitatori di gustare piatti tipici scozzesi realizzati dalla Fondazione Le Costantine e dalla Proloco di Uggiano e Casamassella, su indicazioni delle cuoche esperte della Societ\u00e0 di Danza Circolo Pugliese.<\/p>\n<p>  <!--more-->  <\/p>\n<p><img src=\"\/images\/DanzaVacanza2013_1.jpg\" border=\"0\" title=\"Danza vacanza 2013\" width=\"450\" style=\"margin: 21px; float: left;\" \/><\/p>\n<p>Il secondo appuntamento avr\u00e0 una location straordinariaPiazza San Giorgio a Melpignano. Gli echi della Taranta lasceranno il passo ad un <strong>Gran Ballo Ottocentesco<\/strong> venerd\u00ec 30 agosto \u201d: piazza San Giorgio coi suoi colori e i suoi spazi semplici e poetici sar\u00e0 il palcoscenico ideale per danzatori che indosseranno abiti riprodotti sullo stile dell\u2019epoca e, carnet alla mano, eseguiranno valzer, quadriglie, mazurke e contraddanze.<\/p>\n<p>La \u201cSociet\u00e0 di Danza\u201d &#8211; fondata da <strong>Fabio M\u00f2llica<\/strong> a Bologna nel 1991, \u00e8 una federazione di associazioni presenti in molte citt\u00e0 italiane ed europee. E\u2019 inoltre affiliata alla <strong><em>Royal Scottish Country Dance Society<\/em><\/strong> di <strong>Edinburgo<\/strong>. Scopo dell\u2019associazione \u00e8 lo <strong>studio<\/strong>, la <strong>diffusione<\/strong> e la <strong>pratica<\/strong> delle \u00a0danze storiche di corte con particolare riferimento alle <strong>danze di societ\u00e0 del XIX secolo.<\/strong><\/p>\n<p>Il <strong>Circolo pugliese<\/strong> della \u201cSociet\u00e0 di danza\u201d \u00e8 diretto da Assunta Fanuli. Allieva di Fabio M\u00f2llica fin dalla fondazione dell\u2019Associazione, Assunta Fanuli si occupa personalmente, oltre che di insegnare le danze d\u2019epoca, di curare ogni dettaglio di abiti e allestimenti. Il circolo pugliese propone durante l\u2019anno <strong>corsi di danza ottocentesca e scozzese a Lecce e Bari<\/strong>.<\/p>\n<p>Per informazioni 339 3331613<\/p>\n<p>rd. Arte e Luoghi<\/p>\n","protected":false},"excerpt":{"rendered":"<p>Marted\u00ec 27 e venerd\u00ec 30 agosto due appuntamenti con l&#8217;associazione culturale &#8220;Societ\u00e0 di Danza&#8221; AD AGOSTO NEL SALENTO si danza<\/p>\n","protected":false},"author":1,"featured_media":0,"comment_status":"open","ping_status":"open","sticky":false,"template":"","format":"standard","meta":[],"categories":[15],"tags":[],"yoast_head":"<!-- This site is optimized with the Yoast SEO plugin v18.0 - https:\/\/yoast.com\/wordpress\/plugins\/seo\/ -->\n<title>Dalla Festa scozzese al Gran Ballo Ottocentesco | Arte e Luoghi<\/title>\n<meta name=\"robots\" content=\"index, follow, max-snippet:-1, max-image-preview:large, max-video-preview:-1\" \/>\n<link rel=\"canonical\" href=\"https:\/\/arteeluoghi.it\/index.php\/2013\/08\/20\/dalla-festa-scozzese-al-gran-ballo-ottocentesco\/\" \/>\n<meta property=\"og:locale\" content=\"it_IT\" \/>\n<meta property=\"og:type\" content=\"article\" \/>\n<meta property=\"og:title\" content=\"Dalla Festa scozzese al Gran Ballo Ottocentesco | Arte e Luoghi\" \/>\n<meta property=\"og:description\" content=\"Marted\u00ec 27 e venerd\u00ec 30 agosto due appuntamenti con l&#8217;associazione culturale &#8220;Societ\u00e0 di Danza&#8221; AD AGOSTO NEL SALENTO si danza\" \/>\n<meta property=\"og:url\" content=\"https:\/\/arteeluoghi.it\/index.php\/2013\/08\/20\/dalla-festa-scozzese-al-gran-ballo-ottocentesco\/\" \/>\n<meta property=\"og:site_name\" content=\"Arte e Luoghi\" \/>\n<meta property=\"article:publisher\" content=\"https:\/\/www.facebook.com\/ArteELuoghi\/\" \/>\n<meta property=\"article:published_time\" content=\"2013-08-20T07:16:33+00:00\" \/>\n<meta property=\"og:image\" content=\"https:\/\/arteeluoghi.it\/images\/DanzaVacanza2013.jpg\" \/>\n<meta name=\"twitter:card\" content=\"summary\" \/>\n<meta name=\"twitter:creator\" content=\"@arteeluoghi\" \/>\n<meta name=\"twitter:site\" content=\"@arteeluoghi\" \/>\n<meta name=\"twitter:label1\" content=\"Scritto da\" \/>\n\t<meta name=\"twitter:data1\" content=\"Staff\" \/>\n\t<meta name=\"twitter:label2\" content=\"Tempo di lettura stimato\" \/>\n\t<meta name=\"twitter:data2\" content=\"2 minuti\" \/>\n<script type=\"application\/ld+json\" class=\"yoast-schema-graph\">{\"@context\":\"https:\/\/schema.org\",\"@graph\":[{\"@type\":\"Organization\",\"@id\":\"https:\/\/arteeluoghi.it\/#organization\",\"name\":\"Arte e Luoghi\",\"url\":\"https:\/\/arteeluoghi.it\/\",\"sameAs\":[\"https:\/\/www.facebook.com\/ArteELuoghi\/\",\"https:\/\/www.instagram.com\/arteeluoghi\/?hl=it\",\"https:\/\/www.youtube.com\/channel\/UCuRVc4JW4-C5sg9rQB-srkw?view_as=subscriber\",\"https:\/\/twitter.com\/arteeluoghi\"],\"logo\":{\"@type\":\"ImageObject\",\"@id\":\"https:\/\/arteeluoghi.it\/#logo\",\"inLanguage\":\"it-IT\",\"url\":\"https:\/\/arteeluoghi.it\/wp-content\/uploads\/2018\/08\/logoinstagramarte.jpg\",\"contentUrl\":\"https:\/\/arteeluoghi.it\/wp-content\/uploads\/2018\/08\/logoinstagramarte.jpg\",\"width\":150,\"height\":150,\"caption\":\"Arte e Luoghi\"},\"image\":{\"@id\":\"https:\/\/arteeluoghi.it\/#logo\"}},{\"@type\":\"WebSite\",\"@id\":\"https:\/\/arteeluoghi.it\/#website\",\"url\":\"https:\/\/arteeluoghi.it\/\",\"name\":\"Arte e Luoghi\",\"description\":\"Mensile di arte, cultura, turismo e curiosit\u00e0\",\"publisher\":{\"@id\":\"https:\/\/arteeluoghi.it\/#organization\"},\"potentialAction\":[{\"@type\":\"SearchAction\",\"target\":{\"@type\":\"EntryPoint\",\"urlTemplate\":\"https:\/\/arteeluoghi.it\/?s={search_term_string}\"},\"query-input\":\"required name=search_term_string\"}],\"inLanguage\":\"it-IT\"},{\"@type\":\"ImageObject\",\"@id\":\"https:\/\/arteeluoghi.it\/index.php\/2013\/08\/20\/dalla-festa-scozzese-al-gran-ballo-ottocentesco\/#primaryimage\",\"inLanguage\":\"it-IT\",\"url\":\"\/images\/DanzaVacanza2013.jpg\",\"contentUrl\":\"\/images\/DanzaVacanza2013.jpg\"},{\"@type\":\"WebPage\",\"@id\":\"https:\/\/arteeluoghi.it\/index.php\/2013\/08\/20\/dalla-festa-scozzese-al-gran-ballo-ottocentesco\/#webpage\",\"url\":\"https:\/\/arteeluoghi.it\/index.php\/2013\/08\/20\/dalla-festa-scozzese-al-gran-ballo-ottocentesco\/\",\"name\":\"Dalla Festa scozzese al Gran Ballo Ottocentesco | Arte e Luoghi\",\"isPartOf\":{\"@id\":\"https:\/\/arteeluoghi.it\/#website\"},\"primaryImageOfPage\":{\"@id\":\"https:\/\/arteeluoghi.it\/index.php\/2013\/08\/20\/dalla-festa-scozzese-al-gran-ballo-ottocentesco\/#primaryimage\"},\"datePublished\":\"2013-08-20T07:16:33+00:00\",\"dateModified\":\"2013-08-20T07:16:33+00:00\",\"breadcrumb\":{\"@id\":\"https:\/\/arteeluoghi.it\/index.php\/2013\/08\/20\/dalla-festa-scozzese-al-gran-ballo-ottocentesco\/#breadcrumb\"},\"inLanguage\":\"it-IT\",\"potentialAction\":[{\"@type\":\"ReadAction\",\"target\":[\"https:\/\/arteeluoghi.it\/index.php\/2013\/08\/20\/dalla-festa-scozzese-al-gran-ballo-ottocentesco\/\"]}]},{\"@type\":\"BreadcrumbList\",\"@id\":\"https:\/\/arteeluoghi.it\/index.php\/2013\/08\/20\/dalla-festa-scozzese-al-gran-ballo-ottocentesco\/#breadcrumb\",\"itemListElement\":[{\"@type\":\"ListItem\",\"position\":1,\"name\":\"Home\",\"item\":\"https:\/\/arteeluoghi.it\/\"},{\"@type\":\"ListItem\",\"position\":2,\"name\":\"Dalla Festa scozzese al Gran Ballo Ottocentesco\"}]},{\"@type\":\"Article\",\"@id\":\"https:\/\/arteeluoghi.it\/index.php\/2013\/08\/20\/dalla-festa-scozzese-al-gran-ballo-ottocentesco\/#article\",\"isPartOf\":{\"@id\":\"https:\/\/arteeluoghi.it\/index.php\/2013\/08\/20\/dalla-festa-scozzese-al-gran-ballo-ottocentesco\/#webpage\"},\"author\":{\"@id\":\"https:\/\/arteeluoghi.it\/#\/schema\/person\/f84e814e36e91e01448ee07eaadd41d4\"},\"headline\":\"Dalla Festa scozzese al Gran Ballo Ottocentesco\",\"datePublished\":\"2013-08-20T07:16:33+00:00\",\"dateModified\":\"2013-08-20T07:16:33+00:00\",\"mainEntityOfPage\":{\"@id\":\"https:\/\/arteeluoghi.it\/index.php\/2013\/08\/20\/dalla-festa-scozzese-al-gran-ballo-ottocentesco\/#webpage\"},\"wordCount\":423,\"commentCount\":0,\"publisher\":{\"@id\":\"https:\/\/arteeluoghi.it\/#organization\"},\"image\":{\"@id\":\"https:\/\/arteeluoghi.it\/index.php\/2013\/08\/20\/dalla-festa-scozzese-al-gran-ballo-ottocentesco\/#primaryimage\"},\"thumbnailUrl\":\"\/images\/DanzaVacanza2013.jpg\",\"articleSection\":[\"danza\"],\"inLanguage\":\"it-IT\",\"potentialAction\":[{\"@type\":\"CommentAction\",\"name\":\"Comment\",\"target\":[\"https:\/\/arteeluoghi.it\/index.php\/2013\/08\/20\/dalla-festa-scozzese-al-gran-ballo-ottocentesco\/#respond\"]}]},{\"@type\":\"Person\",\"@id\":\"https:\/\/arteeluoghi.it\/#\/schema\/person\/f84e814e36e91e01448ee07eaadd41d4\",\"name\":\"Staff\",\"image\":{\"@type\":\"ImageObject\",\"@id\":\"https:\/\/arteeluoghi.it\/#personlogo\",\"inLanguage\":\"it-IT\",\"url\":\"https:\/\/secure.gravatar.com\/avatar\/49d2f9e46271bb04e19cebfaf141313a?s=96&d=blank&r=g\",\"contentUrl\":\"https:\/\/secure.gravatar.com\/avatar\/49d2f9e46271bb04e19cebfaf141313a?s=96&d=blank&r=g\",\"caption\":\"Staff\"}}]}<\/script>\n<!-- \/ Yoast SEO plugin. -->","yoast_head_json":{"title":"Dalla Festa scozzese al Gran Ballo Ottocentesco | Arte e Luoghi","robots":{"index":"index","follow":"follow","max-snippet":"max-snippet:-1","max-image-preview":"max-image-preview:large","max-video-preview":"max-video-preview:-1"},"canonical":"https:\/\/arteeluoghi.it\/index.php\/2013\/08\/20\/dalla-festa-scozzese-al-gran-ballo-ottocentesco\/","og_locale":"it_IT","og_type":"article","og_title":"Dalla Festa scozzese al Gran Ballo Ottocentesco | Arte e Luoghi","og_description":"Marted\u00ec 27 e venerd\u00ec 30 agosto due appuntamenti con l&#8217;associazione culturale &#8220;Societ\u00e0 di Danza&#8221; AD AGOSTO NEL SALENTO si danza","og_url":"https:\/\/arteeluoghi.it\/index.php\/2013\/08\/20\/dalla-festa-scozzese-al-gran-ballo-ottocentesco\/","og_site_name":"Arte e Luoghi","article_publisher":"https:\/\/www.facebook.com\/ArteELuoghi\/","article_published_time":"2013-08-20T07:16:33+00:00","og_image":[{"url":"https:\/\/arteeluoghi.it\/images\/DanzaVacanza2013.jpg"}],"twitter_card":"summary","twitter_creator":"@arteeluoghi","twitter_site":"@arteeluoghi","twitter_misc":{"Scritto da":"Staff","Tempo di lettura stimato":"2 minuti"},"schema":{"@context":"https:\/\/schema.org","@graph":[{"@type":"Organization","@id":"https:\/\/arteeluoghi.it\/#organization","name":"Arte e Luoghi","url":"https:\/\/arteeluoghi.it\/","sameAs":["https:\/\/www.facebook.com\/ArteELuoghi\/","https:\/\/www.instagram.com\/arteeluoghi\/?hl=it","https:\/\/www.youtube.com\/channel\/UCuRVc4JW4-C5sg9rQB-srkw?view_as=subscriber","https:\/\/twitter.com\/arteeluoghi"],"logo":{"@type":"ImageObject","@id":"https:\/\/arteeluoghi.it\/#logo","inLanguage":"it-IT","url":"https:\/\/arteeluoghi.it\/wp-content\/uploads\/2018\/08\/logoinstagramarte.jpg","contentUrl":"https:\/\/arteeluoghi.it\/wp-content\/uploads\/2018\/08\/logoinstagramarte.jpg","width":150,"height":150,"caption":"Arte e Luoghi"},"image":{"@id":"https:\/\/arteeluoghi.it\/#logo"}},{"@type":"WebSite","@id":"https:\/\/arteeluoghi.it\/#website","url":"https:\/\/arteeluoghi.it\/","name":"Arte e Luoghi","description":"Mensile di arte, cultura, turismo e curiosit\u00e0","publisher":{"@id":"https:\/\/arteeluoghi.it\/#organization"},"potentialAction":[{"@type":"SearchAction","target":{"@type":"EntryPoint","urlTemplate":"https:\/\/arteeluoghi.it\/?s={search_term_string}"},"query-input":"required name=search_term_string"}],"inLanguage":"it-IT"},{"@type":"ImageObject","@id":"https:\/\/arteeluoghi.it\/index.php\/2013\/08\/20\/dalla-festa-scozzese-al-gran-ballo-ottocentesco\/#primaryimage","inLanguage":"it-IT","url":"\/images\/DanzaVacanza2013.jpg","contentUrl":"\/images\/DanzaVacanza2013.jpg"},{"@type":"WebPage","@id":"https:\/\/arteeluoghi.it\/index.php\/2013\/08\/20\/dalla-festa-scozzese-al-gran-ballo-ottocentesco\/#webpage","url":"https:\/\/arteeluoghi.it\/index.php\/2013\/08\/20\/dalla-festa-scozzese-al-gran-ballo-ottocentesco\/","name":"Dalla Festa scozzese al Gran Ballo Ottocentesco | Arte e Luoghi","isPartOf":{"@id":"https:\/\/arteeluoghi.it\/#website"},"primaryImageOfPage":{"@id":"https:\/\/arteeluoghi.it\/index.php\/2013\/08\/20\/dalla-festa-scozzese-al-gran-ballo-ottocentesco\/#primaryimage"},"datePublished":"2013-08-20T07:16:33+00:00","dateModified":"2013-08-20T07:16:33+00:00","breadcrumb":{"@id":"https:\/\/arteeluoghi.it\/index.php\/2013\/08\/20\/dalla-festa-scozzese-al-gran-ballo-ottocentesco\/#breadcrumb"},"inLanguage":"it-IT","potentialAction":[{"@type":"ReadAction","target":["https:\/\/arteeluoghi.it\/index.php\/2013\/08\/20\/dalla-festa-scozzese-al-gran-ballo-ottocentesco\/"]}]},{"@type":"BreadcrumbList","@id":"https:\/\/arteeluoghi.it\/index.php\/2013\/08\/20\/dalla-festa-scozzese-al-gran-ballo-ottocentesco\/#breadcrumb","itemListElement":[{"@type":"ListItem","position":1,"name":"Home","item":"https:\/\/arteeluoghi.it\/"},{"@type":"ListItem","position":2,"name":"Dalla Festa scozzese al Gran Ballo Ottocentesco"}]},{"@type":"Article","@id":"https:\/\/arteeluoghi.it\/index.php\/2013\/08\/20\/dalla-festa-scozzese-al-gran-ballo-ottocentesco\/#article","isPartOf":{"@id":"https:\/\/arteeluoghi.it\/index.php\/2013\/08\/20\/dalla-festa-scozzese-al-gran-ballo-ottocentesco\/#webpage"},"author":{"@id":"https:\/\/arteeluoghi.it\/#\/schema\/person\/f84e814e36e91e01448ee07eaadd41d4"},"headline":"Dalla Festa scozzese al Gran Ballo Ottocentesco","datePublished":"2013-08-20T07:16:33+00:00","dateModified":"2013-08-20T07:16:33+00:00","mainEntityOfPage":{"@id":"https:\/\/arteeluoghi.it\/index.php\/2013\/08\/20\/dalla-festa-scozzese-al-gran-ballo-ottocentesco\/#webpage"},"wordCount":423,"commentCount":0,"publisher":{"@id":"https:\/\/arteeluoghi.it\/#organization"},"image":{"@id":"https:\/\/arteeluoghi.it\/index.php\/2013\/08\/20\/dalla-festa-scozzese-al-gran-ballo-ottocentesco\/#primaryimage"},"thumbnailUrl":"\/images\/DanzaVacanza2013.jpg","articleSection":["danza"],"inLanguage":"it-IT","potentialAction":[{"@type":"CommentAction","name":"Comment","target":["https:\/\/arteeluoghi.it\/index.php\/2013\/08\/20\/dalla-festa-scozzese-al-gran-ballo-ottocentesco\/#respond"]}]},{"@type":"Person","@id":"https:\/\/arteeluoghi.it\/#\/schema\/person\/f84e814e36e91e01448ee07eaadd41d4","name":"Staff","image":{"@type":"ImageObject","@id":"https:\/\/arteeluoghi.it\/#personlogo","inLanguage":"it-IT","url":"https:\/\/secure.gravatar.com\/avatar\/49d2f9e46271bb04e19cebfaf141313a?s=96&d=blank&r=g","contentUrl":"https:\/\/secure.gravatar.com\/avatar\/49d2f9e46271bb04e19cebfaf141313a?s=96&d=blank&r=g","caption":"Staff"}}]}},"_links":{"self":[{"href":"https:\/\/arteeluoghi.it\/index.php\/wp-json\/wp\/v2\/posts\/1301"}],"collection":[{"href":"https:\/\/arteeluoghi.it\/index.php\/wp-json\/wp\/v2\/posts"}],"about":[{"href":"https:\/\/arteeluoghi.it\/index.php\/wp-json\/wp\/v2\/types\/post"}],"author":[{"embeddable":true,"href":"https:\/\/arteeluoghi.it\/index.php\/wp-json\/wp\/v2\/users\/1"}],"replies":[{"embeddable":true,"href":"https:\/\/arteeluoghi.it\/index.php\/wp-json\/wp\/v2\/comments?post=1301"}],"version-history":[{"count":0,"href":"https:\/\/arteeluoghi.it\/index.php\/wp-json\/wp\/v2\/posts\/1301\/revisions"}],"wp:attachment":[{"href":"https:\/\/arteeluoghi.it\/index.php\/wp-json\/wp\/v2\/media?parent=1301"}],"wp:term":[{"taxonomy":"category","embeddable":true,"href":"https:\/\/arteeluoghi.it\/index.php\/wp-json\/wp\/v2\/categories?post=1301"},{"taxonomy":"post_tag","embeddable":true,"href":"https:\/\/arteeluoghi.it\/index.php\/wp-json\/wp\/v2\/tags?post=1301"}],"curies":[{"name":"wp","href":"https:\/\/api.w.org\/{rel}","templated":true}]}}