{"id":13012,"date":"2023-07-29T22:39:46","date_gmt":"2023-07-29T20:39:46","guid":{"rendered":"https:\/\/arteeluoghi.it\/?p=13012"},"modified":"2023-07-29T23:06:20","modified_gmt":"2023-07-29T21:06:20","slug":"restate-a-napoli","status":"publish","type":"post","link":"https:\/\/arteeluoghi.it\/index.php\/2023\/07\/29\/restate-a-napoli\/","title":{"rendered":"REstate a Napoli"},"content":{"rendered":"\n<blockquote class=\"wp-block-quote\"><p>Dal 9 al 16 agosto in piazza del Plebiscito la rassegna teatrale e musicale diretta da Lello Arena. Spettacoli gratuiti dietro prenotazione dal sito del comune. In programma Nino Frassica, Maria Nazionale, Foja, Roberto Colella de La Maschera, Vincenzo Comunale, Paolo Caiazzo, La Ni\u00f1a con Clementino, Francesco Cicchella e otto spettacoli del progetto C.I.O.E.(&#8216;).<\/p><\/blockquote>\n\n\n\n<p><\/p>\n\n\n\n<p>Si svolger\u00e0 dal 9 al 16 agosto 2023, in Piazza del Plebiscito, la terza edizione della rassegna teatrale e musicale Restate a Napoli. La kermesse, promossa e finanziata dal Comune di Napoli, rientra nei progetti di Napoli Citt\u00e0 della Musica ed artisticamente \u00e8 diretta da Lello Arena.<\/p>\n\n\n\n<!--more-->\n\n\n\n<p><br>Il progetto Restate a Napoli vuole offrire al pubblico un\u2019occasione unica per fruire l\u2019esperienza del teatro e la bellezza dell\u2019arte e riparte da un successo importante ovvero le circa 100 mila presenze delle prime due edizioni e da alcuni milioni di contatti sul web. Cos\u00ec per il terzo anno consecutivo sar\u00e0 allestito un vero e proprio teatro, con 3mila posti a sedere, a Piazza del Plebiscito il luogo simbolo di Napoli, importante attrattore turistico e catalizzatore dei pi\u00f9 significativi eventi dal vivo confermandosi la piazza della condivisione, del divertimento, della storia, del popolo napoletano che torna in strada.<br>Per otto giorni consecutivi i turisti e i cittadini avranno la possibilit\u00e0 di assistere a 24 spettacoli (uno pomeridiano, uno crepuscolare ed uno serale) tutti ad ingresso libero prenotandosi al link presente sul sito ufficiale del Comune di Napoli.<\/p>\n\n\n\n<p>Tra gli spettacoli in programma, con inizio dalle ore 19:30, otto messe in scena nate dall&#8217;esperienza del progetto C.I.O.E.(&#8216;) &#8211; Centro Interdisciplinare Opportunit\u00e0 Espressive, il corso di formazione professionale per lo spettacolo voluto dal Comune di Napoli che ha visto allievi provenienti da tutta Italia fare un percorso artistico di tre mesi con artisti del calibro di Arturo Brachetti, Nino Frassica, Vincenzo Salemme, Nicola Piovani, Anna Pavignano e Francesco Cicchella. I cento partecipanti selezionati lo scorso febbraio concluderanno il corso mettendo in scena spettacoli con testi originali, curati da Lello Arena, ispirati agli sketch storici del trio La Smorfia.<\/p>\n\n\n\n<p><\/p>\n\n\n\n<figure class=\"wp-block-gallery columns-3 is-cropped\"><ul class=\"blocks-gallery-grid\"><li class=\"blocks-gallery-item\"><figure><img loading=\"lazy\" width=\"819\" height=\"1024\" src=\"https:\/\/arteeluoghi.it\/wp-content\/uploads\/2023\/07\/restate-a-napoli-819x1024.jpeg\" alt=\"\" data-id=\"13016\" data-full-url=\"https:\/\/arteeluoghi.it\/wp-content\/uploads\/2023\/07\/restate-a-napoli.jpeg\" data-link=\"https:\/\/arteeluoghi.it\/?attachment_id=13016\" class=\"wp-image-13016\" srcset=\"https:\/\/arteeluoghi.it\/wp-content\/uploads\/2023\/07\/restate-a-napoli-819x1024.jpeg 819w, https:\/\/arteeluoghi.it\/wp-content\/uploads\/2023\/07\/restate-a-napoli-240x300.jpeg 240w, https:\/\/arteeluoghi.it\/wp-content\/uploads\/2023\/07\/restate-a-napoli-768x960.jpeg 768w, https:\/\/arteeluoghi.it\/wp-content\/uploads\/2023\/07\/restate-a-napoli.jpeg 1080w\" sizes=\"(max-width: 819px) 100vw, 819px\" \/><\/figure><\/li><li class=\"blocks-gallery-item\"><figure><img loading=\"lazy\" width=\"819\" height=\"1024\" src=\"https:\/\/arteeluoghi.it\/wp-content\/uploads\/2023\/07\/restate-a-napoli-3-819x1024.jpeg\" alt=\"\" data-id=\"13015\" data-full-url=\"https:\/\/arteeluoghi.it\/wp-content\/uploads\/2023\/07\/restate-a-napoli-3.jpeg\" data-link=\"https:\/\/arteeluoghi.it\/?attachment_id=13015\" class=\"wp-image-13015\" srcset=\"https:\/\/arteeluoghi.it\/wp-content\/uploads\/2023\/07\/restate-a-napoli-3-819x1024.jpeg 819w, https:\/\/arteeluoghi.it\/wp-content\/uploads\/2023\/07\/restate-a-napoli-3-240x300.jpeg 240w, https:\/\/arteeluoghi.it\/wp-content\/uploads\/2023\/07\/restate-a-napoli-3-768x960.jpeg 768w, https:\/\/arteeluoghi.it\/wp-content\/uploads\/2023\/07\/restate-a-napoli-3.jpeg 1080w\" sizes=\"(max-width: 819px) 100vw, 819px\" \/><\/figure><\/li><li class=\"blocks-gallery-item\"><figure><img loading=\"lazy\" width=\"819\" height=\"1024\" src=\"https:\/\/arteeluoghi.it\/wp-content\/uploads\/2023\/07\/restate-a-napoli-2-819x1024.jpeg\" alt=\"\" data-id=\"13014\" data-full-url=\"https:\/\/arteeluoghi.it\/wp-content\/uploads\/2023\/07\/restate-a-napoli-2.jpeg\" data-link=\"https:\/\/arteeluoghi.it\/?attachment_id=13014\" class=\"wp-image-13014\" srcset=\"https:\/\/arteeluoghi.it\/wp-content\/uploads\/2023\/07\/restate-a-napoli-2-819x1024.jpeg 819w, https:\/\/arteeluoghi.it\/wp-content\/uploads\/2023\/07\/restate-a-napoli-2-240x300.jpeg 240w, https:\/\/arteeluoghi.it\/wp-content\/uploads\/2023\/07\/restate-a-napoli-2-768x960.jpeg 768w, https:\/\/arteeluoghi.it\/wp-content\/uploads\/2023\/07\/restate-a-napoli-2.jpeg 1080w\" sizes=\"(max-width: 819px) 100vw, 819px\" \/><\/figure><\/li><\/ul><\/figure>\n\n\n\n<p><\/p>\n\n\n\n<p>Il programma degli eventi di Restate a Napoli si sviluppa col seguente<br>calendario diviso in tre fasce:<br>Pomeriggio con inizio ore 19:30 (ingresso entro le 19:00) troviamo:<br>9 agosto in anteprima lo spettacolo di danza &#8220;Il mondo degli invisibili\u201d dedicato alla legalit\u00e0, con un omaggio alla vita dei due magistrati Falcone e Borsellino;<br>il 10 agosto il concerto del cantautore Giovanni Block &amp; Masnada mentre e<br>l&#8217;11 agosto andr\u00e0 in scena il concerto di rock progressivo dei Kiwi-Cave. Il giorno 12 agosto di scena il giovane cantautore Annibale. Il 13 agosto ci sar\u00e0<br>il live del crooner partenopeo Walter Ricci, oramai nome consolidato, anche su scala internazionale, della scena jazz. Il giorno 14 agosto Vesuviano ovvero Carmine Lauretta nuova promessa che propone un mix di canzone napoletana ed r&#8217;n&#8217;b, poi il 15 agosto il concerto del rapper Peppoh e il 16 agosto Nicola Caso in concerto, che conferma un attenta scelta artistica rivolta alla fervida<br>scena cantautorale napoletana.<\/p>\n\n\n\n<p><br>Al crepuscolo e la sera, con inizio dalle ore 21:00 (ingresso entro le 20:30) troviamo:<br>\u2022 il 9 agosto il gradito ritorno a Napoli di Nino Frassica e Los Plaggers Band con uno show comico-musicale intitolato \u201cTour 2000|3000\u201d. Prima dello spettacolo dell&#8217;iconico comico siciliano ci sar\u00e0 quello introduttivo dal titolo &#8220;Performers umili ma onesti&#8221; che nasce dall&#8217;esperienza del progetto C.I.O.E.\u2019<br>\u2022 Il 10 agosto di scena l&#8217;attore comico Paolo Caiazzo con lo spettacolo<br>\u201cTerroni si nasce\u201d e in apertura i partecipanti al progetto C.I.O.E.(&#8216;) presentano lo spettacolo dal titolo &#8220;Rostocchi e performers&#8221;.<br>\u2022 Spazio alla grande musica dal vivo con l&#8217;atteso concerto dell&#8217;11 agosto della folk-rock band Foja con special guest il cantante reggae Valerio Jovine.<br>Ancora una volta ci sar\u00e0 uno spettacolo introduttivo dal titolo &#8220;C&#8217;era una Smorfia\u201d targato C.I.O.E.\u2019.<br>\u2022 Torna ad esibirsi a Piazza Plebiscito la nuova star femminile della canzone napoletana, Carola Moccia in arte LA NI\u00d1A suoner\u00e0 dal vivo il 12 agosto<br>con special guest Clementino e Big Mama e l\u2019opening di Altea. Per questa data lo spettacolo introduttivo sar\u00e0 &#8220;CIOE&#8217; volevo dire\u2026&#8221;.<br>\u2022 Per la quinta serata si torna alla comicit\u00e0 e il 13 agosto si esibir\u00e0 Rosalia Porcaro accompagnata da una band d&#8217;eccezione che vede sul palco i musicisti Paolo Del Vecchio, Ivan Del Vecchio e Luna Di Domenico. In questa occasione i partecipanti al progetto C.I.O.E.&#8217; faranno un nuovo spettacolo introduttivo, sempre ispirato dai testi de La Smorfia dal titolo, &#8220;SAN GENNA&#8217;! C&#8217;\u00e8 bisogno di un teatro!&#8221;<br>\u2022 Grande musica d&#8217;autore napoletana con Maria Nazionale, la cantante, attrice, simbolo di Napoli in Italia e nel mondo, sar\u00e0 di scena con la sua band il<br>giorno 14 agosto. Osannata da grandi artisti internazionali, come Bocelli e<br>Michael Bolton, \u00e8 un&#8217;artista iconica grazie alla sua storica hit &#8220;Ragione e sentimento&#8221;. Mentre lo spettacolo introduttivo sar\u00e0 &#8220;E gli Attori? Gi\u00e0 ci<br>stanno\u201d.<br>\u2022 Il giorno 15 agosto uno spettacolo inedito di Roberto Colella avr\u00e0 il featuring a sorpresa di Lello Arena. Il frontman del gruppo La Maschera, oramai<br>punto di riferimento per il nuovo folk cantautorale partenopeo, proporr\u00e0 un evento ricco di sorprese, specie per i vecchi fans di Colella. Anche questo<br>appuntamento verr\u00e0 anticipato dallo spettacolo di teatro\/danza\/musica dal titolo &#8220;La fine del mondo in 80 accordi\u201d. La chiusura della rassegna \u00e8 affidata alla futura comicit\u00e0 napoletana di Vincenzo Comunale.<br>\u2022 Il 16 agosto, per la prima volta accompagnato da una band, che suoner\u00e0 dal vivo, si esibir\u00e0 il talento cristallino della stand up comedy italiana. Gi\u00e0 autore per varie trasmissioni tv e spettacoli teatrali Comunale \u00e8 salito alla ribalta nazionale grazie a diversi premi nazionali, come il \u201cPremio Massimo Troisi\u201d e il \u201cPremio Charlot\u201d, e per aver partecipato a programmi televisivi in onda su Rai 2 e Comedy Central. Un suo special comico \u00e8 disponibile su \u201cAmazon Prime Video\u201d e su \u201cRaiPlay\u201d. Inoltre \u00e8 nel cast fisso di \u201cZelig\u201d, condotto da Claudio Bisio e Vanessa Incontrada e quest\u2019anno ha partecipato a \u201cLe Iene\u201d, su Italia 1.<br>Lo spettacolo introduttivo targato C.I.O.E.\u2019 delle ore 21 ha come titolo &#8220;Se dobbiamo suonare, dateci un segno!\u201d<br>Special guest di una delle serate della rassegna il camaleontico attore Francesco Cicchella, previste incursioni a sorpresa ogni sera di Alessandro Bolide.<br>Mentre le madrine sono Maria Ida Romeo e Roberta Palma.<br> <\/p>\n\n\n\n<p>(fonte: comunicato stampa)<\/p>\n","protected":false},"excerpt":{"rendered":"<p>Dal 9 al 16 agosto in piazza del Plebiscito la rassegna teatrale e musicale diretta da Lello Arena. Spettacoli gratuiti<\/p>\n","protected":false},"author":1,"featured_media":13013,"comment_status":"open","ping_status":"open","sticky":true,"template":"","format":"standard","meta":[],"categories":[12,13],"tags":[4491,235,160,2345,377],"yoast_head":"<!-- This site is optimized with the Yoast SEO plugin v18.0 - https:\/\/yoast.com\/wordpress\/plugins\/seo\/ -->\n<title>REstate a Napoli | Arte e Luoghi<\/title>\n<meta name=\"description\" content=\"Dal 9 al 16 agosto in piazza del Plebiscito la rassegna teatrale e musicale diretta da Lello Arena. Spettacoli gratuiti dietro prenotazione\" \/>\n<meta name=\"robots\" content=\"index, follow, max-snippet:-1, max-image-preview:large, max-video-preview:-1\" \/>\n<link rel=\"canonical\" href=\"https:\/\/arteeluoghi.it\/index.php\/2023\/07\/29\/restate-a-napoli\/\" \/>\n<meta property=\"og:locale\" content=\"it_IT\" \/>\n<meta property=\"og:type\" content=\"article\" \/>\n<meta property=\"og:title\" content=\"REstate a Napoli | Arte e Luoghi\" \/>\n<meta property=\"og:description\" content=\"Dal 9 al 16 agosto in piazza del Plebiscito la rassegna teatrale e musicale diretta da Lello Arena. Spettacoli gratuiti dietro prenotazione\" \/>\n<meta property=\"og:url\" content=\"https:\/\/arteeluoghi.it\/index.php\/2023\/07\/29\/restate-a-napoli\/\" \/>\n<meta property=\"og:site_name\" content=\"Arte e Luoghi\" \/>\n<meta property=\"article:publisher\" content=\"https:\/\/www.facebook.com\/ArteELuoghi\/\" \/>\n<meta property=\"article:published_time\" content=\"2023-07-29T20:39:46+00:00\" \/>\n<meta property=\"article:modified_time\" content=\"2023-07-29T21:06:20+00:00\" \/>\n<meta property=\"og:image\" content=\"https:\/\/arteeluoghi.it\/wp-content\/uploads\/2023\/07\/lello-arena.jpeg\" \/>\n\t<meta property=\"og:image:width\" content=\"1080\" \/>\n\t<meta property=\"og:image:height\" content=\"1350\" \/>\n\t<meta property=\"og:image:type\" content=\"image\/jpeg\" \/>\n<meta name=\"twitter:card\" content=\"summary\" \/>\n<meta name=\"twitter:creator\" content=\"@arteeluoghi\" \/>\n<meta name=\"twitter:site\" content=\"@arteeluoghi\" \/>\n<meta name=\"twitter:label1\" content=\"Scritto da\" \/>\n\t<meta name=\"twitter:data1\" content=\"Staff\" \/>\n\t<meta name=\"twitter:label2\" content=\"Tempo di lettura stimato\" \/>\n\t<meta name=\"twitter:data2\" content=\"7 minuti\" \/>\n<script type=\"application\/ld+json\" class=\"yoast-schema-graph\">{\"@context\":\"https:\/\/schema.org\",\"@graph\":[{\"@type\":\"Organization\",\"@id\":\"https:\/\/arteeluoghi.it\/#organization\",\"name\":\"Arte e Luoghi\",\"url\":\"https:\/\/arteeluoghi.it\/\",\"sameAs\":[\"https:\/\/www.facebook.com\/ArteELuoghi\/\",\"https:\/\/www.instagram.com\/arteeluoghi\/?hl=it\",\"https:\/\/www.youtube.com\/channel\/UCuRVc4JW4-C5sg9rQB-srkw?view_as=subscriber\",\"https:\/\/twitter.com\/arteeluoghi\"],\"logo\":{\"@type\":\"ImageObject\",\"@id\":\"https:\/\/arteeluoghi.it\/#logo\",\"inLanguage\":\"it-IT\",\"url\":\"https:\/\/arteeluoghi.it\/wp-content\/uploads\/2018\/08\/logoinstagramarte.jpg\",\"contentUrl\":\"https:\/\/arteeluoghi.it\/wp-content\/uploads\/2018\/08\/logoinstagramarte.jpg\",\"width\":150,\"height\":150,\"caption\":\"Arte e Luoghi\"},\"image\":{\"@id\":\"https:\/\/arteeluoghi.it\/#logo\"}},{\"@type\":\"WebSite\",\"@id\":\"https:\/\/arteeluoghi.it\/#website\",\"url\":\"https:\/\/arteeluoghi.it\/\",\"name\":\"Arte e Luoghi\",\"description\":\"Mensile di arte, cultura, turismo e curiosit\u00e0\",\"publisher\":{\"@id\":\"https:\/\/arteeluoghi.it\/#organization\"},\"potentialAction\":[{\"@type\":\"SearchAction\",\"target\":{\"@type\":\"EntryPoint\",\"urlTemplate\":\"https:\/\/arteeluoghi.it\/?s={search_term_string}\"},\"query-input\":\"required name=search_term_string\"}],\"inLanguage\":\"it-IT\"},{\"@type\":\"ImageObject\",\"@id\":\"https:\/\/arteeluoghi.it\/index.php\/2023\/07\/29\/restate-a-napoli\/#primaryimage\",\"inLanguage\":\"it-IT\",\"url\":\"https:\/\/arteeluoghi.it\/wp-content\/uploads\/2023\/07\/lello-arena.jpeg\",\"contentUrl\":\"https:\/\/arteeluoghi.it\/wp-content\/uploads\/2023\/07\/lello-arena.jpeg\",\"width\":1080,\"height\":1350},{\"@type\":\"WebPage\",\"@id\":\"https:\/\/arteeluoghi.it\/index.php\/2023\/07\/29\/restate-a-napoli\/#webpage\",\"url\":\"https:\/\/arteeluoghi.it\/index.php\/2023\/07\/29\/restate-a-napoli\/\",\"name\":\"REstate a Napoli | Arte e Luoghi\",\"isPartOf\":{\"@id\":\"https:\/\/arteeluoghi.it\/#website\"},\"primaryImageOfPage\":{\"@id\":\"https:\/\/arteeluoghi.it\/index.php\/2023\/07\/29\/restate-a-napoli\/#primaryimage\"},\"datePublished\":\"2023-07-29T20:39:46+00:00\",\"dateModified\":\"2023-07-29T21:06:20+00:00\",\"description\":\"Dal 9 al 16 agosto in piazza del Plebiscito la rassegna teatrale e musicale diretta da Lello Arena. Spettacoli gratuiti dietro prenotazione\",\"breadcrumb\":{\"@id\":\"https:\/\/arteeluoghi.it\/index.php\/2023\/07\/29\/restate-a-napoli\/#breadcrumb\"},\"inLanguage\":\"it-IT\",\"potentialAction\":[{\"@type\":\"ReadAction\",\"target\":[\"https:\/\/arteeluoghi.it\/index.php\/2023\/07\/29\/restate-a-napoli\/\"]}]},{\"@type\":\"BreadcrumbList\",\"@id\":\"https:\/\/arteeluoghi.it\/index.php\/2023\/07\/29\/restate-a-napoli\/#breadcrumb\",\"itemListElement\":[{\"@type\":\"ListItem\",\"position\":1,\"name\":\"Home\",\"item\":\"https:\/\/arteeluoghi.it\/\"},{\"@type\":\"ListItem\",\"position\":2,\"name\":\"REstate a Napoli\"}]},{\"@type\":\"Article\",\"@id\":\"https:\/\/arteeluoghi.it\/index.php\/2023\/07\/29\/restate-a-napoli\/#article\",\"isPartOf\":{\"@id\":\"https:\/\/arteeluoghi.it\/index.php\/2023\/07\/29\/restate-a-napoli\/#webpage\"},\"author\":{\"@id\":\"https:\/\/arteeluoghi.it\/#\/schema\/person\/f84e814e36e91e01448ee07eaadd41d4\"},\"headline\":\"REstate a Napoli\",\"datePublished\":\"2023-07-29T20:39:46+00:00\",\"dateModified\":\"2023-07-29T21:06:20+00:00\",\"mainEntityOfPage\":{\"@id\":\"https:\/\/arteeluoghi.it\/index.php\/2023\/07\/29\/restate-a-napoli\/#webpage\"},\"wordCount\":1023,\"commentCount\":0,\"publisher\":{\"@id\":\"https:\/\/arteeluoghi.it\/#organization\"},\"image\":{\"@id\":\"https:\/\/arteeluoghi.it\/index.php\/2023\/07\/29\/restate-a-napoli\/#primaryimage\"},\"thumbnailUrl\":\"https:\/\/arteeluoghi.it\/wp-content\/uploads\/2023\/07\/lello-arena.jpeg\",\"keywords\":[\"Lello Arena\",\"musica\",\"Napoli\",\"Piazza del Plebiscito\",\"teatro\"],\"articleSection\":[\"MUSICA\",\"teatro\"],\"inLanguage\":\"it-IT\",\"potentialAction\":[{\"@type\":\"CommentAction\",\"name\":\"Comment\",\"target\":[\"https:\/\/arteeluoghi.it\/index.php\/2023\/07\/29\/restate-a-napoli\/#respond\"]}]},{\"@type\":\"Person\",\"@id\":\"https:\/\/arteeluoghi.it\/#\/schema\/person\/f84e814e36e91e01448ee07eaadd41d4\",\"name\":\"Staff\",\"image\":{\"@type\":\"ImageObject\",\"@id\":\"https:\/\/arteeluoghi.it\/#personlogo\",\"inLanguage\":\"it-IT\",\"url\":\"https:\/\/secure.gravatar.com\/avatar\/49d2f9e46271bb04e19cebfaf141313a?s=96&d=blank&r=g\",\"contentUrl\":\"https:\/\/secure.gravatar.com\/avatar\/49d2f9e46271bb04e19cebfaf141313a?s=96&d=blank&r=g\",\"caption\":\"Staff\"}}]}<\/script>\n<!-- \/ Yoast SEO plugin. -->","yoast_head_json":{"title":"REstate a Napoli | Arte e Luoghi","description":"Dal 9 al 16 agosto in piazza del Plebiscito la rassegna teatrale e musicale diretta da Lello Arena. Spettacoli gratuiti dietro prenotazione","robots":{"index":"index","follow":"follow","max-snippet":"max-snippet:-1","max-image-preview":"max-image-preview:large","max-video-preview":"max-video-preview:-1"},"canonical":"https:\/\/arteeluoghi.it\/index.php\/2023\/07\/29\/restate-a-napoli\/","og_locale":"it_IT","og_type":"article","og_title":"REstate a Napoli | Arte e Luoghi","og_description":"Dal 9 al 16 agosto in piazza del Plebiscito la rassegna teatrale e musicale diretta da Lello Arena. Spettacoli gratuiti dietro prenotazione","og_url":"https:\/\/arteeluoghi.it\/index.php\/2023\/07\/29\/restate-a-napoli\/","og_site_name":"Arte e Luoghi","article_publisher":"https:\/\/www.facebook.com\/ArteELuoghi\/","article_published_time":"2023-07-29T20:39:46+00:00","article_modified_time":"2023-07-29T21:06:20+00:00","og_image":[{"width":1080,"height":1350,"url":"https:\/\/arteeluoghi.it\/wp-content\/uploads\/2023\/07\/lello-arena.jpeg","type":"image\/jpeg"}],"twitter_card":"summary","twitter_creator":"@arteeluoghi","twitter_site":"@arteeluoghi","twitter_misc":{"Scritto da":"Staff","Tempo di lettura stimato":"7 minuti"},"schema":{"@context":"https:\/\/schema.org","@graph":[{"@type":"Organization","@id":"https:\/\/arteeluoghi.it\/#organization","name":"Arte e Luoghi","url":"https:\/\/arteeluoghi.it\/","sameAs":["https:\/\/www.facebook.com\/ArteELuoghi\/","https:\/\/www.instagram.com\/arteeluoghi\/?hl=it","https:\/\/www.youtube.com\/channel\/UCuRVc4JW4-C5sg9rQB-srkw?view_as=subscriber","https:\/\/twitter.com\/arteeluoghi"],"logo":{"@type":"ImageObject","@id":"https:\/\/arteeluoghi.it\/#logo","inLanguage":"it-IT","url":"https:\/\/arteeluoghi.it\/wp-content\/uploads\/2018\/08\/logoinstagramarte.jpg","contentUrl":"https:\/\/arteeluoghi.it\/wp-content\/uploads\/2018\/08\/logoinstagramarte.jpg","width":150,"height":150,"caption":"Arte e Luoghi"},"image":{"@id":"https:\/\/arteeluoghi.it\/#logo"}},{"@type":"WebSite","@id":"https:\/\/arteeluoghi.it\/#website","url":"https:\/\/arteeluoghi.it\/","name":"Arte e Luoghi","description":"Mensile di arte, cultura, turismo e curiosit\u00e0","publisher":{"@id":"https:\/\/arteeluoghi.it\/#organization"},"potentialAction":[{"@type":"SearchAction","target":{"@type":"EntryPoint","urlTemplate":"https:\/\/arteeluoghi.it\/?s={search_term_string}"},"query-input":"required name=search_term_string"}],"inLanguage":"it-IT"},{"@type":"ImageObject","@id":"https:\/\/arteeluoghi.it\/index.php\/2023\/07\/29\/restate-a-napoli\/#primaryimage","inLanguage":"it-IT","url":"https:\/\/arteeluoghi.it\/wp-content\/uploads\/2023\/07\/lello-arena.jpeg","contentUrl":"https:\/\/arteeluoghi.it\/wp-content\/uploads\/2023\/07\/lello-arena.jpeg","width":1080,"height":1350},{"@type":"WebPage","@id":"https:\/\/arteeluoghi.it\/index.php\/2023\/07\/29\/restate-a-napoli\/#webpage","url":"https:\/\/arteeluoghi.it\/index.php\/2023\/07\/29\/restate-a-napoli\/","name":"REstate a Napoli | Arte e Luoghi","isPartOf":{"@id":"https:\/\/arteeluoghi.it\/#website"},"primaryImageOfPage":{"@id":"https:\/\/arteeluoghi.it\/index.php\/2023\/07\/29\/restate-a-napoli\/#primaryimage"},"datePublished":"2023-07-29T20:39:46+00:00","dateModified":"2023-07-29T21:06:20+00:00","description":"Dal 9 al 16 agosto in piazza del Plebiscito la rassegna teatrale e musicale diretta da Lello Arena. Spettacoli gratuiti dietro prenotazione","breadcrumb":{"@id":"https:\/\/arteeluoghi.it\/index.php\/2023\/07\/29\/restate-a-napoli\/#breadcrumb"},"inLanguage":"it-IT","potentialAction":[{"@type":"ReadAction","target":["https:\/\/arteeluoghi.it\/index.php\/2023\/07\/29\/restate-a-napoli\/"]}]},{"@type":"BreadcrumbList","@id":"https:\/\/arteeluoghi.it\/index.php\/2023\/07\/29\/restate-a-napoli\/#breadcrumb","itemListElement":[{"@type":"ListItem","position":1,"name":"Home","item":"https:\/\/arteeluoghi.it\/"},{"@type":"ListItem","position":2,"name":"REstate a Napoli"}]},{"@type":"Article","@id":"https:\/\/arteeluoghi.it\/index.php\/2023\/07\/29\/restate-a-napoli\/#article","isPartOf":{"@id":"https:\/\/arteeluoghi.it\/index.php\/2023\/07\/29\/restate-a-napoli\/#webpage"},"author":{"@id":"https:\/\/arteeluoghi.it\/#\/schema\/person\/f84e814e36e91e01448ee07eaadd41d4"},"headline":"REstate a Napoli","datePublished":"2023-07-29T20:39:46+00:00","dateModified":"2023-07-29T21:06:20+00:00","mainEntityOfPage":{"@id":"https:\/\/arteeluoghi.it\/index.php\/2023\/07\/29\/restate-a-napoli\/#webpage"},"wordCount":1023,"commentCount":0,"publisher":{"@id":"https:\/\/arteeluoghi.it\/#organization"},"image":{"@id":"https:\/\/arteeluoghi.it\/index.php\/2023\/07\/29\/restate-a-napoli\/#primaryimage"},"thumbnailUrl":"https:\/\/arteeluoghi.it\/wp-content\/uploads\/2023\/07\/lello-arena.jpeg","keywords":["Lello Arena","musica","Napoli","Piazza del Plebiscito","teatro"],"articleSection":["MUSICA","teatro"],"inLanguage":"it-IT","potentialAction":[{"@type":"CommentAction","name":"Comment","target":["https:\/\/arteeluoghi.it\/index.php\/2023\/07\/29\/restate-a-napoli\/#respond"]}]},{"@type":"Person","@id":"https:\/\/arteeluoghi.it\/#\/schema\/person\/f84e814e36e91e01448ee07eaadd41d4","name":"Staff","image":{"@type":"ImageObject","@id":"https:\/\/arteeluoghi.it\/#personlogo","inLanguage":"it-IT","url":"https:\/\/secure.gravatar.com\/avatar\/49d2f9e46271bb04e19cebfaf141313a?s=96&d=blank&r=g","contentUrl":"https:\/\/secure.gravatar.com\/avatar\/49d2f9e46271bb04e19cebfaf141313a?s=96&d=blank&r=g","caption":"Staff"}}]}},"_links":{"self":[{"href":"https:\/\/arteeluoghi.it\/index.php\/wp-json\/wp\/v2\/posts\/13012"}],"collection":[{"href":"https:\/\/arteeluoghi.it\/index.php\/wp-json\/wp\/v2\/posts"}],"about":[{"href":"https:\/\/arteeluoghi.it\/index.php\/wp-json\/wp\/v2\/types\/post"}],"author":[{"embeddable":true,"href":"https:\/\/arteeluoghi.it\/index.php\/wp-json\/wp\/v2\/users\/1"}],"replies":[{"embeddable":true,"href":"https:\/\/arteeluoghi.it\/index.php\/wp-json\/wp\/v2\/comments?post=13012"}],"version-history":[{"count":2,"href":"https:\/\/arteeluoghi.it\/index.php\/wp-json\/wp\/v2\/posts\/13012\/revisions"}],"predecessor-version":[{"id":13019,"href":"https:\/\/arteeluoghi.it\/index.php\/wp-json\/wp\/v2\/posts\/13012\/revisions\/13019"}],"wp:featuredmedia":[{"embeddable":true,"href":"https:\/\/arteeluoghi.it\/index.php\/wp-json\/wp\/v2\/media\/13013"}],"wp:attachment":[{"href":"https:\/\/arteeluoghi.it\/index.php\/wp-json\/wp\/v2\/media?parent=13012"}],"wp:term":[{"taxonomy":"category","embeddable":true,"href":"https:\/\/arteeluoghi.it\/index.php\/wp-json\/wp\/v2\/categories?post=13012"},{"taxonomy":"post_tag","embeddable":true,"href":"https:\/\/arteeluoghi.it\/index.php\/wp-json\/wp\/v2\/tags?post=13012"}],"curies":[{"name":"wp","href":"https:\/\/api.w.org\/{rel}","templated":true}]}}