{"id":1308,"date":"2013-08-21T15:25:52","date_gmt":"2013-08-21T13:25:52","guid":{"rendered":"http:\/\/arteeluoghi.it\/index.php\/2013\/08\/21\/eugenio-be\/"},"modified":"2013-08-21T15:25:52","modified_gmt":"2013-08-21T13:25:52","slug":"eugenio-be","status":"publish","type":"post","link":"https:\/\/arteeluoghi.it\/index.php\/2013\/08\/21\/eugenio-be\/","title":{"rendered":"\u201cNotte del Sud ribelle\u201d. Bennato per la Notte di Melpignano"},"content":{"rendered":"<p><img src=\"\/images\/ritbennato%20029Grande.jpg\" border=\"0\" title=\"Il compositore e cantautore Eugenio Bennato (foto Adelaide De Nunzio)\" width=\"300\" style=\"margin: 21px; float: left;\" \/><\/p>\n<p>Intervista al musicista e cantautore Eugenio Bennato ospite del Concertone che il 24 agosto chiude a Melpignano il festival &#8220;La Notte della Taranta&#8221;<\/p>\n<p><span style=\"font-size: small;\"><strong>\u201cUsare il linguaggio delle nostre radici per dire cose nuove\u201d<\/strong><\/span><\/p>\n<p><strong>Eugenio Bennato, un grande e ribelle cantore del Sud<\/strong><\/p>\n<p>di Antonietta Fulvio<\/p>\n<p>\u00a0<\/p>\n<p>Con il suo <strong><em>Balla La Nuova Italia Tour 2013<\/em><\/strong> che lo porta stasera ad esibirsi a Rizziconi (RC), abbiamo raggiunto telefonicamente <strong>Eugenio Bennato<\/strong> attesissimo ospite del <strong><em>Festival La Notte della Taranta<\/em><\/strong> per la prima volta a <strong>Melpignano<\/strong> sabato 24 agosto 2013. Mentre era in viaggio verso Reggio Calabria, con estrema gentilezza e disponibilit\u00e0, ha parlato del repertorio che sceglier\u00e0 per il Preconcertone e ci ha anticipato una sorpresa\u2026ecco l\u2019intervista.<\/p>\n<p>Straordinario interprete dell\u2019anima musicale e ribelle del grande Sud, <strong>Eugenio Bennato<\/strong> con il suo <strong>Taranta Power <\/strong>per la prima volta a <strong>Melpignano<\/strong>\u2026una lunga attesa\u2026che brani eseguirai, puoi svelarci qualche titolo?<\/p>\n<p><strong><em>Mi sento a mio agio perch\u00e9 \u00e8 come se fossi stato l\u00ec da sempre, tutti i brani del mio repertorio potrebbero essere rappresentati da \u201cTaranta Power\u00a0 a \u201cChe Mediterraneo sia\u201d\u2026 Proprio l\u2019altro ieri\u00a0 per\u00f2 ho scritto una canzone da presentare in occasione della mia partecipazione, anche perch\u00e9 mi sento essenzialmente compositore, scrivo tutti i brani che eseguo nei concerti e ho sempre vissuto la musica popolare in termini creativi.\u00a0 Sono felice di intervenire a Melpignano, un festival importante perch\u00e9 ha sdogato all\u2019attenzione nazionale la magia della musica popolare ed \u00e8 una straordinaria macchina organizzativa\u00a0 di cui il Sud deve essere fiero. Ho composto per Melpignano una canzone, con tutte le paure di quando si scrive una nuova musica, mettendomi in discussione, come sempre e l\u2019ho intitolata \u201cLa notte del Sud ribelle\u201d.<\/em><\/strong><\/p>\n<p>  <!--more-->  <\/p>\n<p>\u00a0<\/p>\n<p><img src=\"\/images\/Bennato%203.JPG\" border=\"0\" title=\"Il compositore e cantautore Eugenio Bennato (foto Adelaide De Nunzio)\" width=\"350\" style=\"float: right; margin: 21px;\" \/>E tu certamente incarni l\u2019anima del Sud ribelle e creativo. Negli anni Settanta fondi la Nuova Compagnia di Canto Popolare, il primo e pi\u00f9 importante gruppo di ricerca etnica e revival della musica popolare dell&#8217;Italia del Sud\u2026il grande Eduardo cap\u00ec subito il valore di quel gruppo e di quella ricerca \u2026.quanto \u00e8 stato importante l\u2019incontro con Eduardo De Filippo?<\/p>\n<p><strong><em>Significativo e incoraggiante. Ricordo che venne a vedere il nostro concerto e ci sorprese che il grande Eduardo venisse ad assistere ad uno spettacolo di teatro sperimentale di un gruppo di ragazzi\u2026 non dimenticher\u00f2 mai quando si avvicin\u00f2 a fine concerto e mi disse \u201cquanno ce sta &#8216;o popolo areto nun se po sbagli\u00e0\u201d ( tradotto dal napoletano: quando c\u2019\u00e8 il popolo dietro non si pu\u00f2 sbagliare). <\/em><\/strong><\/p>\n<p><strong>\u00a0<\/strong><\/p>\n<p>E dopo l\u2019esordio al Festival dei due mondi (1972) con numerose tourn\u00e9e comincia il viaggio della tua musica popolare nel mondo; nel 1976 la nascita di Musicanova con Carlo D\u2019Angi\u00f2 e l\u2019avvio di una carriera compositiva senza sosta con felici incursioni anche nel mondo del cinema e della televisione con la composizione di colonne sonore quali la splendida <em>La Stanza dello Scirocco <\/em>per l\u2019omonimo film di Maurizio Sciarra che ti \u00e8 valso il Nastro d\u2019Argento (1998-1999), ma c\u2019\u00e8 un momento della tua carriera in cui incontri Peter Gabriel\u2026<\/p>\n<p><strong><em>S\u00ec, accadeva nel 2001 quando Peter Gabriel mi invit\u00f2 in Australia al \u201c Womad\u201d ed il brano \u201cTaranta Power\u201d fu inserito nella raccolta del festival. Era significativo che l\u2019invito arrivasse da chi rappresentava un altro genere musicale, era il segnale che il mondo e Peter Gabriel\u00a0 erano attratti dalle musiche popolari, da questo verbo musicale che partiva dal nostro Sud; una conferma entusiasmante che eravamo nella direzione giusta. E con entusiasmo ho partecipato poi anche alle edizioni successive in Inghilterra e Singapore.<\/em><\/strong><\/p>\n<p>\u00a0<\/p>\n<p>\u00a0<\/p>\n<p>\u00a0<\/p>\n<p><img src=\"\/images\/Bennato1.JPG\" border=\"0\" title=\"Il compositore e cantautore Eugenio Bennato (foto Adelaide De Nunzio)\" style=\"float: left; margin: 21px;\" \/>Ormai non si contano pi\u00f9 le partecipazioni ai pi\u00f9 prestigiosi festival per non parlare delle tourn\u00e9e internazionali\u2026<\/p>\n<p><strong><em>Ho appena terminato una tourn\u00e9e in Sudamerica portando la mia musica in Brasile, Cile, Venezuela e continuer\u00f2 le tappe del mio tour.<\/em><\/strong><\/p>\n<p>\u00a0<\/p>\n<p>Nel 2011 su richiesta dell\u2019amministrazione comunale la fondazione del <em>Napoli Taranta Festival<\/em> che si inaugur\u00f2 con il concerto \u201cSuite per orchestra e voci popolari\u201d scritto per\u00a0l\u2019orchestra e il coro del Teatro di San Carlo, sar\u00e0 ripreso quel progetto?<\/p>\n<p><strong>Questa domanda dovresti farla al Sindaco De Magistris\u2026 lui \u00e8 entusiasta del progetto che, purtroppo, si \u00e8 fermato per la crisi economica in cui versano istituzioni come quelle comunali\u2026 ma credo di s\u00ec quando sar\u00e0 possibile, si tratta di un progetto costoso.<\/strong><\/p>\n<p>\u00a0<\/p>\n<p><img src=\"\/images\/Bennato%204.JPG\" border=\"0\" title=\"Il compositore e cantautore Eugenio Bennato (foto Adelaide De Nunzio)\" style=\"float: right; margin: 21px;\" \/>E, spesso, purtroppo, i nostri amministratori continuano a considerare la cultura come una voce di bilancio da decurtare, o non hanno scelta, ahim\u00e9\u2026.Ma bisogna insistere anche se il territorio dell\u2019Arte \u00e8 sempre pi\u00f9 una corsa ad ostacoli e questo \u00e8 scoraggiante specie per le nuove generazioni. Cosa ti senti di dire ai tanti giovani che intendono avvicinarsi alla musica popolare, quale deve essere l\u2019approccio?<\/p>\n<p><strong><em>Suggerisco di partire dallo studio della tradizione, anche se \u00e8 un consiglio superfluo perch\u00e9 ho visto ragazzini che suonano con una tecnica perfetta e sono migliaia e questo vuol dire che il germe \u00e8 gi\u00e0 diffuso, ma consiglio a tutti di usare il linguaggio delle nostre radici per dire cose nuove.<\/em><\/strong><\/p>\n<p>\u00a0<\/p>\n<p>\u00a0<\/p>\n<p>\u00a0<\/p>\n<p>Parole in musica che sono poesie. Una (non) a caso: <em>Brigante se m<\/em>ore&#8221; (1979), scritto per lo sceneggiato rai <em>L\u2019eredit\u00e0 della priora<\/em> di Anton Giulio Mariano che rileggeva alcune pagine dolorose dell\u2019Italia postunitaria\u2026. <br \/> <em>Ommo se nasce, brigante se more \/ma fino all&#8217;ultimo avimma spar\u00e0 \/ e si murimmo, menate nu fiore \/ e na bestemmia pe&#8217; sta&#8217; libert\u00e0. <\/em>Sono versi che condensano la storia del brigantaggio ripresa anche nel tuo libro, edito da Rubettino, <em>Ninco Nanco deve morire.<\/em> Che come recita il sottotitolo \u00e8 un <em>Viaggio nella storia e nella musica del sud<\/em> perch\u00e9 la rinascita non pu\u00f2 partire se non si recuperano storia, cultura e tradizione\u2026<\/p>\n<p><strong><em>S\u00ec, la musica come recupero dell\u2019identit\u00e0 culturale e pensando al repertorio che eseguir\u00f2 per La notte della Taranta di sicuro eseguir\u00f2 anche qualcosa che riguarda la nostra storia come Ninco Nanco e poi <\/em><\/strong><strong><em>della musica di taranta che probabilmente facciamo con grande tecnica\u00a0 e penso anche a \u201cBalla la nuova Italia\u201d (<\/em><\/strong>dall&#8217;album Questione Meridionale, 2011, nda<strong><em>) in cui cito proprio la piazza di Melpignano.<\/em><\/strong><\/p>\n<p style=\"text-align: left;\"><strong>\u00a0<img src=\"\/images\/Bennato%202.jpg\" border=\"0\" title=\"Il compositore e cantautore Eugenio Bennato (foto Adelaide De Nunzio)\" width=\"300\" style=\"float: right; margin: 21px;\" \/><\/strong><\/p>\n<p>Una piazza che sa lasciarsi trascinare in un ballo vorticoso seguendo il ritmo delle percussioni\u2026 Con il movimento Taranta Power hai fondato nel 1998, con la coreografa Silvia Coarelli, la prima scuola di danza popolare in Italia che ha l\u2019intento recuperare, studiare e divulgare i balli popolari del Sud. Non solo musica, ma anche danza e cultura: \u00e8 questo il potere della taranta?<\/p>\n<p><strong><em>Esattamente e il collegamento tra musica e ballo \u00e8 la sua vita.<\/em><\/strong><\/p>\n<p>Quanto \u00e8 importante la sperimentazione e la contaminazione con altri generi musicali?<\/p>\n<p><strong><em>La contaminazione \u00e8 importante ma non deve penalizzare un elemento che in questo tipo di musica \u00e8 fondamentale: il feeling tra musica e spettatore cio\u00e8 deve essere proposta in modo da scatenare il ballo della taranta quindi contaminazione sia, ma a patto che faccia ballare. <\/em><\/strong><\/p>\n<p style=\"text-align: left;\">\u00a0<\/p>\n<p><img src=\"\/images\/bennato5.jpg\" border=\"0\" title=\"Il compositore e cantautore Eugenio Bennato (foto Adelaide De Nunzio)\" style=\"float: left; margin: 21px;\" \/>Conclusa la partecipazione al concerto di Melpignano, il 28 agosto salirai sul palco del <em>Kaulonia Tarantella festival<\/em> (di cui sei stato fondatore nel \u201898 e direttore artistico dal 2008 fino allo scorso anno) e poi\u00a0 il 22 settembre a Pieve\u00a0 Emanuele (Mi) per il festival <em>Colori sapori e musiche della Magna Grecia<\/em> inserito con il Kaulonia nel circuito di <em>Calabriasona<\/em>. Che influenza pu\u00f2 avere il coordinamento tra i vari festival anche nell\u2019ottica di un turismo culturale che pu\u00f2 far rimettere in moto l\u2019economia del paese?<\/p>\n<p><strong><em>Sicuramente positiva, per\u00f2 c\u2019\u00e8 sempre il pericolo che sia monopolizzata da meccanismi organizzativi, preferisco la libert\u00e0. <\/em><\/strong><\/p>\n<p>Della serie viva i vari Festival che sono espressione delle diverse identit\u00e0 locali, in questo Melpignano docet.<\/p>\n<p><strong><em>\u201cHo sempre seguito da lontano Melpignano quest\u2019anno ci sar\u00f2 anche <\/em><\/strong><strong><em>per rilanciare il messaggio che la musica tradizionale vive se ci sono artisti che su quella scia si muovono verso il pubblico per questo ho scritto questa nuova Taranta dedicata al fiume di gente di Melpignano\u201d.<\/em><\/strong><\/p>\n<p><strong>\u00a0<\/strong><\/p>\n<p>La musica popolare come affermazione dell\u2019identit\u00e0 culturale e storica coinvolge tutto il Sud ma con Taranta Power si allarga ai sud del mondo\u2026. Mi vengono in mente alcuni versi del brano <strong><em>Che il Mediterraneo sia<\/em><\/strong><\/p>\n<p>\u00a0<\/p>\n<p><strong><em>Andare, andare, simme tutt\u2019eguale<br \/> affacciati alle sponde dello stesso mare<br \/> e nisciuno \u00e8 pirata e nisciuno \u00e8 emigrante<br \/> simme tutte naviganti<\/em><\/strong><\/p>\n<p>S\u00ec, siamo tutti naviganti\u2026e ci ritroveremo, forse, nel mare di Melpignano pronti a lasciarci incantare dalle melodie e dalla voce di Eugenio Bennato, un grande e ribelle cantore del Sud.<\/p>\n<p>\u00a0<\/p>\n<p><strong>\u00a0<img src=\"\/images\/tamburello.JPG\" border=\"0\" alt=\"\" style=\"display: block; margin-left: auto; margin-right: auto;\" \/><\/strong><\/p>\n<p>\u00a0<\/p>\n","protected":false},"excerpt":{"rendered":"<p>Intervista al musicista e cantautore Eugenio Bennato ospite del Concertone che il 24 agosto chiude a Melpignano il festival &#8220;La<\/p>\n","protected":false},"author":1,"featured_media":0,"comment_status":"open","ping_status":"open","sticky":false,"template":"","format":"standard","meta":[],"categories":[22],"tags":[],"yoast_head":"<!-- This site is optimized with the Yoast SEO plugin v18.0 - https:\/\/yoast.com\/wordpress\/plugins\/seo\/ -->\n<title>\u201cNotte del Sud ribelle\u201d. Bennato per la Notte di Melpignano | Arte e Luoghi<\/title>\n<meta name=\"robots\" content=\"index, follow, max-snippet:-1, max-image-preview:large, max-video-preview:-1\" \/>\n<link rel=\"canonical\" href=\"https:\/\/arteeluoghi.it\/index.php\/2013\/08\/21\/eugenio-be\/\" \/>\n<meta property=\"og:locale\" content=\"it_IT\" \/>\n<meta property=\"og:type\" content=\"article\" \/>\n<meta property=\"og:title\" content=\"\u201cNotte del Sud ribelle\u201d. Bennato per la Notte di Melpignano | Arte e Luoghi\" \/>\n<meta property=\"og:description\" content=\"Intervista al musicista e cantautore Eugenio Bennato ospite del Concertone che il 24 agosto chiude a Melpignano il festival &#8220;La\" \/>\n<meta property=\"og:url\" content=\"https:\/\/arteeluoghi.it\/index.php\/2013\/08\/21\/eugenio-be\/\" \/>\n<meta property=\"og:site_name\" content=\"Arte e Luoghi\" \/>\n<meta property=\"article:publisher\" content=\"https:\/\/www.facebook.com\/ArteELuoghi\/\" \/>\n<meta property=\"article:published_time\" content=\"2013-08-21T13:25:52+00:00\" \/>\n<meta property=\"og:image\" content=\"https:\/\/arteeluoghi.it\/images\/ritbennato%20029Grande.jpg\" \/>\n<meta name=\"twitter:card\" content=\"summary\" \/>\n<meta name=\"twitter:creator\" content=\"@arteeluoghi\" \/>\n<meta name=\"twitter:site\" content=\"@arteeluoghi\" \/>\n<meta name=\"twitter:label1\" content=\"Scritto da\" \/>\n\t<meta name=\"twitter:data1\" content=\"Staff\" \/>\n\t<meta name=\"twitter:label2\" content=\"Tempo di lettura stimato\" \/>\n\t<meta name=\"twitter:data2\" content=\"7 minuti\" \/>\n<script type=\"application\/ld+json\" class=\"yoast-schema-graph\">{\"@context\":\"https:\/\/schema.org\",\"@graph\":[{\"@type\":\"Organization\",\"@id\":\"https:\/\/arteeluoghi.it\/#organization\",\"name\":\"Arte e Luoghi\",\"url\":\"https:\/\/arteeluoghi.it\/\",\"sameAs\":[\"https:\/\/www.facebook.com\/ArteELuoghi\/\",\"https:\/\/www.instagram.com\/arteeluoghi\/?hl=it\",\"https:\/\/www.youtube.com\/channel\/UCuRVc4JW4-C5sg9rQB-srkw?view_as=subscriber\",\"https:\/\/twitter.com\/arteeluoghi\"],\"logo\":{\"@type\":\"ImageObject\",\"@id\":\"https:\/\/arteeluoghi.it\/#logo\",\"inLanguage\":\"it-IT\",\"url\":\"https:\/\/arteeluoghi.it\/wp-content\/uploads\/2018\/08\/logoinstagramarte.jpg\",\"contentUrl\":\"https:\/\/arteeluoghi.it\/wp-content\/uploads\/2018\/08\/logoinstagramarte.jpg\",\"width\":150,\"height\":150,\"caption\":\"Arte e Luoghi\"},\"image\":{\"@id\":\"https:\/\/arteeluoghi.it\/#logo\"}},{\"@type\":\"WebSite\",\"@id\":\"https:\/\/arteeluoghi.it\/#website\",\"url\":\"https:\/\/arteeluoghi.it\/\",\"name\":\"Arte e Luoghi\",\"description\":\"Mensile di arte, cultura, turismo e curiosit\u00e0\",\"publisher\":{\"@id\":\"https:\/\/arteeluoghi.it\/#organization\"},\"potentialAction\":[{\"@type\":\"SearchAction\",\"target\":{\"@type\":\"EntryPoint\",\"urlTemplate\":\"https:\/\/arteeluoghi.it\/?s={search_term_string}\"},\"query-input\":\"required name=search_term_string\"}],\"inLanguage\":\"it-IT\"},{\"@type\":\"ImageObject\",\"@id\":\"https:\/\/arteeluoghi.it\/index.php\/2013\/08\/21\/eugenio-be\/#primaryimage\",\"inLanguage\":\"it-IT\",\"url\":\"\/images\/ritbennato%20029Grande.jpg\",\"contentUrl\":\"\/images\/ritbennato%20029Grande.jpg\"},{\"@type\":\"WebPage\",\"@id\":\"https:\/\/arteeluoghi.it\/index.php\/2013\/08\/21\/eugenio-be\/#webpage\",\"url\":\"https:\/\/arteeluoghi.it\/index.php\/2013\/08\/21\/eugenio-be\/\",\"name\":\"\u201cNotte del Sud ribelle\u201d. Bennato per la Notte di Melpignano | Arte e Luoghi\",\"isPartOf\":{\"@id\":\"https:\/\/arteeluoghi.it\/#website\"},\"primaryImageOfPage\":{\"@id\":\"https:\/\/arteeluoghi.it\/index.php\/2013\/08\/21\/eugenio-be\/#primaryimage\"},\"datePublished\":\"2013-08-21T13:25:52+00:00\",\"dateModified\":\"2013-08-21T13:25:52+00:00\",\"breadcrumb\":{\"@id\":\"https:\/\/arteeluoghi.it\/index.php\/2013\/08\/21\/eugenio-be\/#breadcrumb\"},\"inLanguage\":\"it-IT\",\"potentialAction\":[{\"@type\":\"ReadAction\",\"target\":[\"https:\/\/arteeluoghi.it\/index.php\/2013\/08\/21\/eugenio-be\/\"]}]},{\"@type\":\"BreadcrumbList\",\"@id\":\"https:\/\/arteeluoghi.it\/index.php\/2013\/08\/21\/eugenio-be\/#breadcrumb\",\"itemListElement\":[{\"@type\":\"ListItem\",\"position\":1,\"name\":\"Home\",\"item\":\"https:\/\/arteeluoghi.it\/\"},{\"@type\":\"ListItem\",\"position\":2,\"name\":\"\u201cNotte del Sud ribelle\u201d. Bennato per la Notte di Melpignano\"}]},{\"@type\":\"Article\",\"@id\":\"https:\/\/arteeluoghi.it\/index.php\/2013\/08\/21\/eugenio-be\/#article\",\"isPartOf\":{\"@id\":\"https:\/\/arteeluoghi.it\/index.php\/2013\/08\/21\/eugenio-be\/#webpage\"},\"author\":{\"@id\":\"https:\/\/arteeluoghi.it\/#\/schema\/person\/f84e814e36e91e01448ee07eaadd41d4\"},\"headline\":\"\u201cNotte del Sud ribelle\u201d. Bennato per la Notte di Melpignano\",\"datePublished\":\"2013-08-21T13:25:52+00:00\",\"dateModified\":\"2013-08-21T13:25:52+00:00\",\"mainEntityOfPage\":{\"@id\":\"https:\/\/arteeluoghi.it\/index.php\/2013\/08\/21\/eugenio-be\/#webpage\"},\"wordCount\":1367,\"commentCount\":0,\"publisher\":{\"@id\":\"https:\/\/arteeluoghi.it\/#organization\"},\"image\":{\"@id\":\"https:\/\/arteeluoghi.it\/index.php\/2013\/08\/21\/eugenio-be\/#primaryimage\"},\"thumbnailUrl\":\"\/images\/ritbennato%20029Grande.jpg\",\"articleSection\":[\"interviste\"],\"inLanguage\":\"it-IT\",\"potentialAction\":[{\"@type\":\"CommentAction\",\"name\":\"Comment\",\"target\":[\"https:\/\/arteeluoghi.it\/index.php\/2013\/08\/21\/eugenio-be\/#respond\"]}]},{\"@type\":\"Person\",\"@id\":\"https:\/\/arteeluoghi.it\/#\/schema\/person\/f84e814e36e91e01448ee07eaadd41d4\",\"name\":\"Staff\",\"image\":{\"@type\":\"ImageObject\",\"@id\":\"https:\/\/arteeluoghi.it\/#personlogo\",\"inLanguage\":\"it-IT\",\"url\":\"https:\/\/secure.gravatar.com\/avatar\/49d2f9e46271bb04e19cebfaf141313a?s=96&d=blank&r=g\",\"contentUrl\":\"https:\/\/secure.gravatar.com\/avatar\/49d2f9e46271bb04e19cebfaf141313a?s=96&d=blank&r=g\",\"caption\":\"Staff\"}}]}<\/script>\n<!-- \/ Yoast SEO plugin. -->","yoast_head_json":{"title":"\u201cNotte del Sud ribelle\u201d. Bennato per la Notte di Melpignano | Arte e Luoghi","robots":{"index":"index","follow":"follow","max-snippet":"max-snippet:-1","max-image-preview":"max-image-preview:large","max-video-preview":"max-video-preview:-1"},"canonical":"https:\/\/arteeluoghi.it\/index.php\/2013\/08\/21\/eugenio-be\/","og_locale":"it_IT","og_type":"article","og_title":"\u201cNotte del Sud ribelle\u201d. Bennato per la Notte di Melpignano | Arte e Luoghi","og_description":"Intervista al musicista e cantautore Eugenio Bennato ospite del Concertone che il 24 agosto chiude a Melpignano il festival &#8220;La","og_url":"https:\/\/arteeluoghi.it\/index.php\/2013\/08\/21\/eugenio-be\/","og_site_name":"Arte e Luoghi","article_publisher":"https:\/\/www.facebook.com\/ArteELuoghi\/","article_published_time":"2013-08-21T13:25:52+00:00","og_image":[{"url":"https:\/\/arteeluoghi.it\/images\/ritbennato%20029Grande.jpg"}],"twitter_card":"summary","twitter_creator":"@arteeluoghi","twitter_site":"@arteeluoghi","twitter_misc":{"Scritto da":"Staff","Tempo di lettura stimato":"7 minuti"},"schema":{"@context":"https:\/\/schema.org","@graph":[{"@type":"Organization","@id":"https:\/\/arteeluoghi.it\/#organization","name":"Arte e Luoghi","url":"https:\/\/arteeluoghi.it\/","sameAs":["https:\/\/www.facebook.com\/ArteELuoghi\/","https:\/\/www.instagram.com\/arteeluoghi\/?hl=it","https:\/\/www.youtube.com\/channel\/UCuRVc4JW4-C5sg9rQB-srkw?view_as=subscriber","https:\/\/twitter.com\/arteeluoghi"],"logo":{"@type":"ImageObject","@id":"https:\/\/arteeluoghi.it\/#logo","inLanguage":"it-IT","url":"https:\/\/arteeluoghi.it\/wp-content\/uploads\/2018\/08\/logoinstagramarte.jpg","contentUrl":"https:\/\/arteeluoghi.it\/wp-content\/uploads\/2018\/08\/logoinstagramarte.jpg","width":150,"height":150,"caption":"Arte e Luoghi"},"image":{"@id":"https:\/\/arteeluoghi.it\/#logo"}},{"@type":"WebSite","@id":"https:\/\/arteeluoghi.it\/#website","url":"https:\/\/arteeluoghi.it\/","name":"Arte e Luoghi","description":"Mensile di arte, cultura, turismo e curiosit\u00e0","publisher":{"@id":"https:\/\/arteeluoghi.it\/#organization"},"potentialAction":[{"@type":"SearchAction","target":{"@type":"EntryPoint","urlTemplate":"https:\/\/arteeluoghi.it\/?s={search_term_string}"},"query-input":"required name=search_term_string"}],"inLanguage":"it-IT"},{"@type":"ImageObject","@id":"https:\/\/arteeluoghi.it\/index.php\/2013\/08\/21\/eugenio-be\/#primaryimage","inLanguage":"it-IT","url":"\/images\/ritbennato%20029Grande.jpg","contentUrl":"\/images\/ritbennato%20029Grande.jpg"},{"@type":"WebPage","@id":"https:\/\/arteeluoghi.it\/index.php\/2013\/08\/21\/eugenio-be\/#webpage","url":"https:\/\/arteeluoghi.it\/index.php\/2013\/08\/21\/eugenio-be\/","name":"\u201cNotte del Sud ribelle\u201d. Bennato per la Notte di Melpignano | Arte e Luoghi","isPartOf":{"@id":"https:\/\/arteeluoghi.it\/#website"},"primaryImageOfPage":{"@id":"https:\/\/arteeluoghi.it\/index.php\/2013\/08\/21\/eugenio-be\/#primaryimage"},"datePublished":"2013-08-21T13:25:52+00:00","dateModified":"2013-08-21T13:25:52+00:00","breadcrumb":{"@id":"https:\/\/arteeluoghi.it\/index.php\/2013\/08\/21\/eugenio-be\/#breadcrumb"},"inLanguage":"it-IT","potentialAction":[{"@type":"ReadAction","target":["https:\/\/arteeluoghi.it\/index.php\/2013\/08\/21\/eugenio-be\/"]}]},{"@type":"BreadcrumbList","@id":"https:\/\/arteeluoghi.it\/index.php\/2013\/08\/21\/eugenio-be\/#breadcrumb","itemListElement":[{"@type":"ListItem","position":1,"name":"Home","item":"https:\/\/arteeluoghi.it\/"},{"@type":"ListItem","position":2,"name":"\u201cNotte del Sud ribelle\u201d. Bennato per la Notte di Melpignano"}]},{"@type":"Article","@id":"https:\/\/arteeluoghi.it\/index.php\/2013\/08\/21\/eugenio-be\/#article","isPartOf":{"@id":"https:\/\/arteeluoghi.it\/index.php\/2013\/08\/21\/eugenio-be\/#webpage"},"author":{"@id":"https:\/\/arteeluoghi.it\/#\/schema\/person\/f84e814e36e91e01448ee07eaadd41d4"},"headline":"\u201cNotte del Sud ribelle\u201d. Bennato per la Notte di Melpignano","datePublished":"2013-08-21T13:25:52+00:00","dateModified":"2013-08-21T13:25:52+00:00","mainEntityOfPage":{"@id":"https:\/\/arteeluoghi.it\/index.php\/2013\/08\/21\/eugenio-be\/#webpage"},"wordCount":1367,"commentCount":0,"publisher":{"@id":"https:\/\/arteeluoghi.it\/#organization"},"image":{"@id":"https:\/\/arteeluoghi.it\/index.php\/2013\/08\/21\/eugenio-be\/#primaryimage"},"thumbnailUrl":"\/images\/ritbennato%20029Grande.jpg","articleSection":["interviste"],"inLanguage":"it-IT","potentialAction":[{"@type":"CommentAction","name":"Comment","target":["https:\/\/arteeluoghi.it\/index.php\/2013\/08\/21\/eugenio-be\/#respond"]}]},{"@type":"Person","@id":"https:\/\/arteeluoghi.it\/#\/schema\/person\/f84e814e36e91e01448ee07eaadd41d4","name":"Staff","image":{"@type":"ImageObject","@id":"https:\/\/arteeluoghi.it\/#personlogo","inLanguage":"it-IT","url":"https:\/\/secure.gravatar.com\/avatar\/49d2f9e46271bb04e19cebfaf141313a?s=96&d=blank&r=g","contentUrl":"https:\/\/secure.gravatar.com\/avatar\/49d2f9e46271bb04e19cebfaf141313a?s=96&d=blank&r=g","caption":"Staff"}}]}},"_links":{"self":[{"href":"https:\/\/arteeluoghi.it\/index.php\/wp-json\/wp\/v2\/posts\/1308"}],"collection":[{"href":"https:\/\/arteeluoghi.it\/index.php\/wp-json\/wp\/v2\/posts"}],"about":[{"href":"https:\/\/arteeluoghi.it\/index.php\/wp-json\/wp\/v2\/types\/post"}],"author":[{"embeddable":true,"href":"https:\/\/arteeluoghi.it\/index.php\/wp-json\/wp\/v2\/users\/1"}],"replies":[{"embeddable":true,"href":"https:\/\/arteeluoghi.it\/index.php\/wp-json\/wp\/v2\/comments?post=1308"}],"version-history":[{"count":0,"href":"https:\/\/arteeluoghi.it\/index.php\/wp-json\/wp\/v2\/posts\/1308\/revisions"}],"wp:attachment":[{"href":"https:\/\/arteeluoghi.it\/index.php\/wp-json\/wp\/v2\/media?parent=1308"}],"wp:term":[{"taxonomy":"category","embeddable":true,"href":"https:\/\/arteeluoghi.it\/index.php\/wp-json\/wp\/v2\/categories?post=1308"},{"taxonomy":"post_tag","embeddable":true,"href":"https:\/\/arteeluoghi.it\/index.php\/wp-json\/wp\/v2\/tags?post=1308"}],"curies":[{"name":"wp","href":"https:\/\/api.w.org\/{rel}","templated":true}]}}