{"id":13093,"date":"2023-08-08T21:09:43","date_gmt":"2023-08-08T19:09:43","guid":{"rendered":"https:\/\/arteeluoghi.it\/?p=13093"},"modified":"2023-08-08T21:21:06","modified_gmt":"2023-08-08T19:21:06","slug":"annalisa-incanta-e-chiude-il-locomotive-jazz-festival-2023","status":"publish","type":"post","link":"https:\/\/arteeluoghi.it\/index.php\/2023\/08\/08\/annalisa-incanta-e-chiude-il-locomotive-jazz-festival-2023\/","title":{"rendered":"Annalisa incanta e chiude il Locomotive Jazz Festival 2023"},"content":{"rendered":"\n<blockquote class=\"wp-block-quote\"><p>Si \u00e8 chiuso con un concerto strepitoso sulla spiaggia libera di San Cataldo (Lecce) aspettando l&#8217;alba la diciottesima edizione del Festival ideato da Raffaele Casarano  con la direzione artistica di\u00a0Giuliano Sangiorgi<\/p><cite>Antonietta Fulvio<\/cite><\/blockquote>\n\n\n\n<p>Aspettando l&#8217;alba con le note in riva al mare del quartetto jazz \u2013 Mirko Signorile al piano, Giorgio Vendola al basso e contrabbasso, Maurizio dei Lazzaretti alla batteria e Alessandro Montenduro alle percussioni, il sax magico di Raffaele Casarano e la voce strepitosa di Annalisa.  <\/p>\n\n\n\n<!--more-->\n\n\n\n<p>Possiamo dire di aver vissuto una notte speciale grazie alla tappa conclusiva del Locomotive Jazz Festival che ha portato sulla spiaggia libera di San Cataldo una ventata di ossigeno, con la bellezza e l&#8217;armonia di suoni d&#8217;incanto. <\/p>\n\n\n\n<figure class=\"wp-block-embed is-type-video is-provider-youtube wp-block-embed-youtube wp-embed-aspect-16-9 wp-has-aspect-ratio\"><div class=\"wp-block-embed__wrapper\">\n<iframe loading=\"lazy\" title=\"8 agosto 2023 Alba a San Cataldo con Annalisa per il Locomotive Jazz Festival\" width=\"800\" height=\"450\" src=\"https:\/\/www.youtube.com\/embed\/cWhhFle9urk?feature=oembed\" frameborder=\"0\" allow=\"accelerometer; autoplay; clipboard-write; encrypted-media; gyroscope; picture-in-picture; web-share\" allowfullscreen><\/iframe>\n<\/div><\/figure>\n\n\n\n<p>Intorno un&#8217;atmosfera pacata, di attesa. Scene belle da vedere, la folla assiepata sulla sabbia in attesa dei primi accordi che puntuali alle 4:30 del mattino hanno riempito l&#8217;aria di note, pure, cristalline, dense di emozioni insieme alla salsedine portata dal vento di tramontana. <\/p>\n\n\n\n<p>Un&#8217;alba che ha fatto dimenticare, specie ai residenti, le scene apocalittiche dell&#8217;incendio che non meno di dieci giorni fa ha devastato la marina e sono ancora visibili, purtroppo, le cicatrici inferte da atti criminali&#8230; <\/p>\n\n\n\n<p>Ma questa notte il fuoco sacro dell&#8217;arte ha avvolto la marina leccese regalando due ore di pura poesia in un connubio perfetto l&#8217;improvvisazione jazz e la voce virtuosa di Annalisa che ha eseguito un repertorio di suoi brani, rinati con i nuovi arrangiamenti a partire da &#8220;Bellissima&#8221; in apertura  fino al conclusivo &#8220;Mon Amour&#8221;, attraversando i  classici della tradizione jazzistica da Ella Fitgzerald fino Bj\u00f6rk e Sting. <\/p>\n\n\n\n<p>Due ore intense di musica di altissima qualit\u00e0, quella con la M maiuscola, hanno scandito l&#8217;attesa di un&#8217;alba bellissima.<\/p>\n\n\n\n<figure class=\"wp-block-gallery columns-2 is-cropped\"><ul class=\"blocks-gallery-grid\"><li class=\"blocks-gallery-item\"><figure><img loading=\"lazy\" width=\"1024\" height=\"768\" src=\"https:\/\/arteeluoghi.it\/wp-content\/uploads\/2023\/08\/annalisa-1024x768.jpg\" alt=\"\" data-id=\"13094\" data-full-url=\"https:\/\/arteeluoghi.it\/wp-content\/uploads\/2023\/08\/annalisa.jpg\" data-link=\"https:\/\/arteeluoghi.it\/?attachment_id=13094\" class=\"wp-image-13094\" srcset=\"https:\/\/arteeluoghi.it\/wp-content\/uploads\/2023\/08\/annalisa-1024x768.jpg 1024w, https:\/\/arteeluoghi.it\/wp-content\/uploads\/2023\/08\/annalisa-300x225.jpg 300w, https:\/\/arteeluoghi.it\/wp-content\/uploads\/2023\/08\/annalisa-768x576.jpg 768w, https:\/\/arteeluoghi.it\/wp-content\/uploads\/2023\/08\/annalisa-1536x1152.jpg 1536w, https:\/\/arteeluoghi.it\/wp-content\/uploads\/2023\/08\/annalisa.jpg 1600w\" sizes=\"(max-width: 1024px) 100vw, 1024px\" \/><\/figure><\/li><li class=\"blocks-gallery-item\"><figure><img loading=\"lazy\" width=\"1024\" height=\"768\" src=\"https:\/\/arteeluoghi.it\/wp-content\/uploads\/2023\/08\/pubblico-concerto-1024x768.jpg\" alt=\"\" data-id=\"13101\" data-full-url=\"https:\/\/arteeluoghi.it\/wp-content\/uploads\/2023\/08\/pubblico-concerto.jpg\" data-link=\"https:\/\/arteeluoghi.it\/?attachment_id=13101\" class=\"wp-image-13101\" srcset=\"https:\/\/arteeluoghi.it\/wp-content\/uploads\/2023\/08\/pubblico-concerto-1024x768.jpg 1024w, https:\/\/arteeluoghi.it\/wp-content\/uploads\/2023\/08\/pubblico-concerto-300x225.jpg 300w, https:\/\/arteeluoghi.it\/wp-content\/uploads\/2023\/08\/pubblico-concerto-768x576.jpg 768w, https:\/\/arteeluoghi.it\/wp-content\/uploads\/2023\/08\/pubblico-concerto-1536x1152.jpg 1536w, https:\/\/arteeluoghi.it\/wp-content\/uploads\/2023\/08\/pubblico-concerto.jpg 2048w\" sizes=\"(max-width: 1024px) 100vw, 1024px\" \/><\/figure><\/li><\/ul><\/figure>\n\n\n\n<p>\u00ab\u00c8 una figata pazzesca, per me, esibirmi in questo luogo magico e ricco di energie buone e ringrazio Raffaele perch\u00e9 per me \u00e8 la prima volta in un location cos\u00ec unica e speciale\u00bb ha commentato la cantautrice ligure dal palco del LJF. <\/p>\n\n\n\n<p>Dodici dischi d&#8217;oro e venticinque di platino \u2013  tra cui l&#8217;ultimo \u201cDisco Paradise\u201d (con Fedez e Articolo 31) \u00e8 doppio platino mentre Mon Amour, colonna sonora dell&#8217;estate 2023  \u00e8 triplo platino  \u2013 Annalisa, nata a Savona, sotto il segno del Leone, il 5 agosto 1985, uscita dalla palestra di &#8220;Amici&#8221; nell&#8217;edizione 2010 vincendo il premio della critica, tanta gavetta, una laurea in fisica e un incredibile talento che le permette di passare magistralmente dalle ballate al rock, dal metal all\u2019elettropop, dalla musica leggera a quella d\u2019autore. <\/p>\n\n\n\n<p>Il concerto \u00e8 stato preceduto, dalla sera di luned\u00ec 7 agosto, da numerose iniziative musicali a cura dei locali serali di San Cataldo, che, in collaborazione con l\u2019amministrazione comunale, hanno promosso l\u2019iniziativa \u201cAspettando l\u2019Alba Locomotive \u2013 We love San Cataldo\u201d. Al lavoro per tutta la durata delle manifestazioni gli\u00a0eco-informatori\u00a0di Ecofesta\u00a0che, prima, durante e dopo il concerto, hanno informato e sensibilizzato gli spettatori sul rispetto della spiaggia e sul corretto conferimento dei rifiuti differenziati. L\u2019area concerto, poche ore dopo la conclusione del live, \u00e8 stata ripulita dagli operatori di Cento18Ambiente (la spiaggia) e di Monteco (svuotamento cestini gettacarte e spazzamento strade).\u00a0<\/p>\n\n\n\n<figure class=\"wp-block-gallery columns-3 is-cropped\"><ul class=\"blocks-gallery-grid\"><li class=\"blocks-gallery-item\"><figure><img loading=\"lazy\" width=\"1024\" height=\"768\" src=\"https:\/\/arteeluoghi.it\/wp-content\/uploads\/2023\/08\/preserata-nei-locali-di-san-cataldo-1024x768.jpg\" alt=\"\" data-id=\"13100\" data-full-url=\"https:\/\/arteeluoghi.it\/wp-content\/uploads\/2023\/08\/preserata-nei-locali-di-san-cataldo.jpg\" data-link=\"https:\/\/arteeluoghi.it\/?attachment_id=13100\" class=\"wp-image-13100\" srcset=\"https:\/\/arteeluoghi.it\/wp-content\/uploads\/2023\/08\/preserata-nei-locali-di-san-cataldo-1024x768.jpg 1024w, https:\/\/arteeluoghi.it\/wp-content\/uploads\/2023\/08\/preserata-nei-locali-di-san-cataldo-300x225.jpg 300w, https:\/\/arteeluoghi.it\/wp-content\/uploads\/2023\/08\/preserata-nei-locali-di-san-cataldo-768x576.jpg 768w, https:\/\/arteeluoghi.it\/wp-content\/uploads\/2023\/08\/preserata-nei-locali-di-san-cataldo-1536x1152.jpg 1536w, https:\/\/arteeluoghi.it\/wp-content\/uploads\/2023\/08\/preserata-nei-locali-di-san-cataldo.jpg 2048w\" sizes=\"(max-width: 1024px) 100vw, 1024px\" \/><\/figure><\/li><li class=\"blocks-gallery-item\"><figure><img loading=\"lazy\" width=\"1024\" height=\"768\" src=\"https:\/\/arteeluoghi.it\/wp-content\/uploads\/2023\/08\/preserata-nei-locali-di-san-cataldo-2-1024x768.jpg\" alt=\"\" data-id=\"13099\" data-full-url=\"https:\/\/arteeluoghi.it\/wp-content\/uploads\/2023\/08\/preserata-nei-locali-di-san-cataldo-2.jpg\" data-link=\"https:\/\/arteeluoghi.it\/?attachment_id=13099\" class=\"wp-image-13099\" srcset=\"https:\/\/arteeluoghi.it\/wp-content\/uploads\/2023\/08\/preserata-nei-locali-di-san-cataldo-2-1024x768.jpg 1024w, https:\/\/arteeluoghi.it\/wp-content\/uploads\/2023\/08\/preserata-nei-locali-di-san-cataldo-2-300x225.jpg 300w, https:\/\/arteeluoghi.it\/wp-content\/uploads\/2023\/08\/preserata-nei-locali-di-san-cataldo-2-768x576.jpg 768w, https:\/\/arteeluoghi.it\/wp-content\/uploads\/2023\/08\/preserata-nei-locali-di-san-cataldo-2-1536x1152.jpg 1536w, https:\/\/arteeluoghi.it\/wp-content\/uploads\/2023\/08\/preserata-nei-locali-di-san-cataldo-2.jpg 2048w\" sizes=\"(max-width: 1024px) 100vw, 1024px\" \/><\/figure><\/li><li class=\"blocks-gallery-item\"><figure><img loading=\"lazy\" width=\"1024\" height=\"574\" src=\"https:\/\/arteeluoghi.it\/wp-content\/uploads\/2023\/08\/navetta-sgm-piena-1024x574.jpg\" alt=\"\" data-id=\"13097\" data-full-url=\"https:\/\/arteeluoghi.it\/wp-content\/uploads\/2023\/08\/navetta-sgm-piena.jpg\" data-link=\"https:\/\/arteeluoghi.it\/?attachment_id=13097\" class=\"wp-image-13097\" srcset=\"https:\/\/arteeluoghi.it\/wp-content\/uploads\/2023\/08\/navetta-sgm-piena-1024x574.jpg 1024w, https:\/\/arteeluoghi.it\/wp-content\/uploads\/2023\/08\/navetta-sgm-piena-300x168.jpg 300w, https:\/\/arteeluoghi.it\/wp-content\/uploads\/2023\/08\/navetta-sgm-piena-768x431.jpg 768w, https:\/\/arteeluoghi.it\/wp-content\/uploads\/2023\/08\/navetta-sgm-piena-1536x861.jpg 1536w, https:\/\/arteeluoghi.it\/wp-content\/uploads\/2023\/08\/navetta-sgm-piena.jpg 2048w\" sizes=\"(max-width: 1024px) 100vw, 1024px\" \/><\/figure><\/li><li class=\"blocks-gallery-item\"><figure><img loading=\"lazy\" width=\"1024\" height=\"1024\" src=\"https:\/\/arteeluoghi.it\/wp-content\/uploads\/2023\/08\/operatori-puliscono-spiaggia.jpg\" alt=\"\" data-id=\"13098\" data-full-url=\"https:\/\/arteeluoghi.it\/wp-content\/uploads\/2023\/08\/operatori-puliscono-spiaggia.jpg\" data-link=\"https:\/\/arteeluoghi.it\/?attachment_id=13098\" class=\"wp-image-13098\" srcset=\"https:\/\/arteeluoghi.it\/wp-content\/uploads\/2023\/08\/operatori-puliscono-spiaggia.jpg 1024w, https:\/\/arteeluoghi.it\/wp-content\/uploads\/2023\/08\/operatori-puliscono-spiaggia-300x300.jpg 300w, https:\/\/arteeluoghi.it\/wp-content\/uploads\/2023\/08\/operatori-puliscono-spiaggia-150x150.jpg 150w, https:\/\/arteeluoghi.it\/wp-content\/uploads\/2023\/08\/operatori-puliscono-spiaggia-768x768.jpg 768w\" sizes=\"(max-width: 1024px) 100vw, 1024px\" \/><\/figure><\/li><li class=\"blocks-gallery-item\"><figure><img loading=\"lazy\" width=\"1024\" height=\"474\" src=\"https:\/\/arteeluoghi.it\/wp-content\/uploads\/2023\/08\/area-concerto-pulita-1024x474.jpeg\" alt=\"\" data-id=\"13096\" data-full-url=\"https:\/\/arteeluoghi.it\/wp-content\/uploads\/2023\/08\/area-concerto-pulita.jpeg\" data-link=\"https:\/\/arteeluoghi.it\/?attachment_id=13096\" class=\"wp-image-13096\" srcset=\"https:\/\/arteeluoghi.it\/wp-content\/uploads\/2023\/08\/area-concerto-pulita-1024x474.jpeg 1024w, https:\/\/arteeluoghi.it\/wp-content\/uploads\/2023\/08\/area-concerto-pulita-300x139.jpeg 300w, https:\/\/arteeluoghi.it\/wp-content\/uploads\/2023\/08\/area-concerto-pulita-768x355.jpeg 768w, https:\/\/arteeluoghi.it\/wp-content\/uploads\/2023\/08\/area-concerto-pulita-1536x710.jpeg 1536w, https:\/\/arteeluoghi.it\/wp-content\/uploads\/2023\/08\/area-concerto-pulita.jpeg 2048w\" sizes=\"(max-width: 1024px) 100vw, 1024px\" \/><\/figure><\/li><li class=\"blocks-gallery-item\"><figure><img loading=\"lazy\" width=\"1024\" height=\"576\" src=\"https:\/\/arteeluoghi.it\/wp-content\/uploads\/2023\/08\/area-concerto-pulita-2-1024x576.jpeg\" alt=\"\" data-id=\"13095\" data-full-url=\"https:\/\/arteeluoghi.it\/wp-content\/uploads\/2023\/08\/area-concerto-pulita-2.jpeg\" data-link=\"https:\/\/arteeluoghi.it\/?attachment_id=13095\" class=\"wp-image-13095\" srcset=\"https:\/\/arteeluoghi.it\/wp-content\/uploads\/2023\/08\/area-concerto-pulita-2-1024x576.jpeg 1024w, https:\/\/arteeluoghi.it\/wp-content\/uploads\/2023\/08\/area-concerto-pulita-2-300x169.jpeg 300w, https:\/\/arteeluoghi.it\/wp-content\/uploads\/2023\/08\/area-concerto-pulita-2-768x432.jpeg 768w, https:\/\/arteeluoghi.it\/wp-content\/uploads\/2023\/08\/area-concerto-pulita-2-1536x864.jpeg 1536w, https:\/\/arteeluoghi.it\/wp-content\/uploads\/2023\/08\/area-concerto-pulita-2.jpeg 1920w\" sizes=\"(max-width: 1024px) 100vw, 1024px\" \/><\/figure><\/li><\/ul><\/figure>\n\n\n\n<p>L\u2019esperienza positiva dello scorso anno in tema di mobilit\u00e0, con pi\u00f9 della met\u00e0 degli spettatori che raggiunsero il concerto con i mezzi pubblici, si \u00e8 replicata: la linea S16 Locomotive, che ha garantito il collegamento continuo con il centro citt\u00e0 e con i parcheggi di interscambio Settelacquare e Mercato Bisettimanale, \u00e8 stata utilizzata da migliaia di cittadini, visitatori, turisti.\u00a0<\/p>\n\n\n\n<p>Un live impeccabile e indimenticabile che a nostro avviso per\u00f2 avrebbe meritato un pubblico ancora di pi\u00f9 numeroso. <\/p>\n","protected":false},"excerpt":{"rendered":"<p>Si \u00e8 chiuso con un concerto strepitoso sulla spiaggia libera di San Cataldo (Lecce) aspettando l&#8217;alba la diciottesima edizione del<\/p>\n","protected":false},"author":1,"featured_media":13094,"comment_status":"open","ping_status":"open","sticky":false,"template":"","format":"standard","meta":[],"categories":[4,12],"tags":[5248,1846,134,5250,5249,1188],"yoast_head":"<!-- This site is optimized with the Yoast SEO plugin v18.0 - https:\/\/yoast.com\/wordpress\/plugins\/seo\/ -->\n<title>Annalisa incanta e chiude il Locomotive Jazz Festival 2023 | Arte e Luoghi<\/title>\n<meta name=\"description\" content=\"Si chiude con un concerto strepitoso sulla spiaggia libera di San Cataldo (Lecce) aspettando l&#039;alba la diciottesima edizione\" \/>\n<meta name=\"robots\" content=\"index, follow, max-snippet:-1, max-image-preview:large, max-video-preview:-1\" \/>\n<link rel=\"canonical\" href=\"https:\/\/arteeluoghi.it\/index.php\/2023\/08\/08\/annalisa-incanta-e-chiude-il-locomotive-jazz-festival-2023\/\" \/>\n<meta property=\"og:locale\" content=\"it_IT\" \/>\n<meta property=\"og:type\" content=\"article\" \/>\n<meta property=\"og:title\" content=\"Annalisa incanta e chiude il Locomotive Jazz Festival 2023 | Arte e Luoghi\" \/>\n<meta property=\"og:description\" content=\"Si chiude con un concerto strepitoso sulla spiaggia libera di San Cataldo (Lecce) aspettando l&#039;alba la diciottesima edizione\" \/>\n<meta property=\"og:url\" content=\"https:\/\/arteeluoghi.it\/index.php\/2023\/08\/08\/annalisa-incanta-e-chiude-il-locomotive-jazz-festival-2023\/\" \/>\n<meta property=\"og:site_name\" content=\"Arte e Luoghi\" \/>\n<meta property=\"article:publisher\" content=\"https:\/\/www.facebook.com\/ArteELuoghi\/\" \/>\n<meta property=\"article:published_time\" content=\"2023-08-08T19:09:43+00:00\" \/>\n<meta property=\"article:modified_time\" content=\"2023-08-08T19:21:06+00:00\" \/>\n<meta property=\"og:image\" content=\"https:\/\/arteeluoghi.it\/wp-content\/uploads\/2023\/08\/annalisa.jpg\" \/>\n\t<meta property=\"og:image:width\" content=\"1600\" \/>\n\t<meta property=\"og:image:height\" content=\"1200\" \/>\n\t<meta property=\"og:image:type\" content=\"image\/jpeg\" \/>\n<meta name=\"twitter:card\" content=\"summary\" \/>\n<meta name=\"twitter:creator\" content=\"@arteeluoghi\" \/>\n<meta name=\"twitter:site\" content=\"@arteeluoghi\" \/>\n<meta name=\"twitter:label1\" content=\"Scritto da\" \/>\n\t<meta name=\"twitter:data1\" content=\"Staff\" \/>\n\t<meta name=\"twitter:label2\" content=\"Tempo di lettura stimato\" \/>\n\t<meta name=\"twitter:data2\" content=\"5 minuti\" \/>\n<script type=\"application\/ld+json\" class=\"yoast-schema-graph\">{\"@context\":\"https:\/\/schema.org\",\"@graph\":[{\"@type\":\"Organization\",\"@id\":\"https:\/\/arteeluoghi.it\/#organization\",\"name\":\"Arte e Luoghi\",\"url\":\"https:\/\/arteeluoghi.it\/\",\"sameAs\":[\"https:\/\/www.facebook.com\/ArteELuoghi\/\",\"https:\/\/www.instagram.com\/arteeluoghi\/?hl=it\",\"https:\/\/www.youtube.com\/channel\/UCuRVc4JW4-C5sg9rQB-srkw?view_as=subscriber\",\"https:\/\/twitter.com\/arteeluoghi\"],\"logo\":{\"@type\":\"ImageObject\",\"@id\":\"https:\/\/arteeluoghi.it\/#logo\",\"inLanguage\":\"it-IT\",\"url\":\"https:\/\/arteeluoghi.it\/wp-content\/uploads\/2018\/08\/logoinstagramarte.jpg\",\"contentUrl\":\"https:\/\/arteeluoghi.it\/wp-content\/uploads\/2018\/08\/logoinstagramarte.jpg\",\"width\":150,\"height\":150,\"caption\":\"Arte e Luoghi\"},\"image\":{\"@id\":\"https:\/\/arteeluoghi.it\/#logo\"}},{\"@type\":\"WebSite\",\"@id\":\"https:\/\/arteeluoghi.it\/#website\",\"url\":\"https:\/\/arteeluoghi.it\/\",\"name\":\"Arte e Luoghi\",\"description\":\"Mensile di arte, cultura, turismo e curiosit\u00e0\",\"publisher\":{\"@id\":\"https:\/\/arteeluoghi.it\/#organization\"},\"potentialAction\":[{\"@type\":\"SearchAction\",\"target\":{\"@type\":\"EntryPoint\",\"urlTemplate\":\"https:\/\/arteeluoghi.it\/?s={search_term_string}\"},\"query-input\":\"required name=search_term_string\"}],\"inLanguage\":\"it-IT\"},{\"@type\":\"ImageObject\",\"@id\":\"https:\/\/arteeluoghi.it\/index.php\/2023\/08\/08\/annalisa-incanta-e-chiude-il-locomotive-jazz-festival-2023\/#primaryimage\",\"inLanguage\":\"it-IT\",\"url\":\"https:\/\/arteeluoghi.it\/wp-content\/uploads\/2023\/08\/annalisa.jpg\",\"contentUrl\":\"https:\/\/arteeluoghi.it\/wp-content\/uploads\/2023\/08\/annalisa.jpg\",\"width\":1600,\"height\":1200},{\"@type\":\"WebPage\",\"@id\":\"https:\/\/arteeluoghi.it\/index.php\/2023\/08\/08\/annalisa-incanta-e-chiude-il-locomotive-jazz-festival-2023\/#webpage\",\"url\":\"https:\/\/arteeluoghi.it\/index.php\/2023\/08\/08\/annalisa-incanta-e-chiude-il-locomotive-jazz-festival-2023\/\",\"name\":\"Annalisa incanta e chiude il Locomotive Jazz Festival 2023 | Arte e Luoghi\",\"isPartOf\":{\"@id\":\"https:\/\/arteeluoghi.it\/#website\"},\"primaryImageOfPage\":{\"@id\":\"https:\/\/arteeluoghi.it\/index.php\/2023\/08\/08\/annalisa-incanta-e-chiude-il-locomotive-jazz-festival-2023\/#primaryimage\"},\"datePublished\":\"2023-08-08T19:09:43+00:00\",\"dateModified\":\"2023-08-08T19:21:06+00:00\",\"description\":\"Si chiude con un concerto strepitoso sulla spiaggia libera di San Cataldo (Lecce) aspettando l'alba la diciottesima edizione\",\"breadcrumb\":{\"@id\":\"https:\/\/arteeluoghi.it\/index.php\/2023\/08\/08\/annalisa-incanta-e-chiude-il-locomotive-jazz-festival-2023\/#breadcrumb\"},\"inLanguage\":\"it-IT\",\"potentialAction\":[{\"@type\":\"ReadAction\",\"target\":[\"https:\/\/arteeluoghi.it\/index.php\/2023\/08\/08\/annalisa-incanta-e-chiude-il-locomotive-jazz-festival-2023\/\"]}]},{\"@type\":\"BreadcrumbList\",\"@id\":\"https:\/\/arteeluoghi.it\/index.php\/2023\/08\/08\/annalisa-incanta-e-chiude-il-locomotive-jazz-festival-2023\/#breadcrumb\",\"itemListElement\":[{\"@type\":\"ListItem\",\"position\":1,\"name\":\"Home\",\"item\":\"https:\/\/arteeluoghi.it\/\"},{\"@type\":\"ListItem\",\"position\":2,\"name\":\"Annalisa incanta e chiude il Locomotive Jazz Festival 2023\"}]},{\"@type\":\"Article\",\"@id\":\"https:\/\/arteeluoghi.it\/index.php\/2023\/08\/08\/annalisa-incanta-e-chiude-il-locomotive-jazz-festival-2023\/#article\",\"isPartOf\":{\"@id\":\"https:\/\/arteeluoghi.it\/index.php\/2023\/08\/08\/annalisa-incanta-e-chiude-il-locomotive-jazz-festival-2023\/#webpage\"},\"author\":{\"@id\":\"https:\/\/arteeluoghi.it\/#\/schema\/person\/f84e814e36e91e01448ee07eaadd41d4\"},\"headline\":\"Annalisa incanta e chiude il Locomotive Jazz Festival 2023\",\"datePublished\":\"2023-08-08T19:09:43+00:00\",\"dateModified\":\"2023-08-08T19:21:06+00:00\",\"mainEntityOfPage\":{\"@id\":\"https:\/\/arteeluoghi.it\/index.php\/2023\/08\/08\/annalisa-incanta-e-chiude-il-locomotive-jazz-festival-2023\/#webpage\"},\"wordCount\":588,\"commentCount\":0,\"publisher\":{\"@id\":\"https:\/\/arteeluoghi.it\/#organization\"},\"image\":{\"@id\":\"https:\/\/arteeluoghi.it\/index.php\/2023\/08\/08\/annalisa-incanta-e-chiude-il-locomotive-jazz-festival-2023\/#primaryimage\"},\"thumbnailUrl\":\"https:\/\/arteeluoghi.it\/wp-content\/uploads\/2023\/08\/annalisa.jpg\",\"keywords\":[\"Annalisa\",\"Giuliano Sangiorgi\",\"Lecce\",\"Locomotive Jazz Festival\",\"Raffaele Casarano\",\"San Cataldo\"],\"articleSection\":[\"I luoghi dell'Arte\",\"MUSICA\"],\"inLanguage\":\"it-IT\",\"potentialAction\":[{\"@type\":\"CommentAction\",\"name\":\"Comment\",\"target\":[\"https:\/\/arteeluoghi.it\/index.php\/2023\/08\/08\/annalisa-incanta-e-chiude-il-locomotive-jazz-festival-2023\/#respond\"]}]},{\"@type\":\"Person\",\"@id\":\"https:\/\/arteeluoghi.it\/#\/schema\/person\/f84e814e36e91e01448ee07eaadd41d4\",\"name\":\"Staff\",\"image\":{\"@type\":\"ImageObject\",\"@id\":\"https:\/\/arteeluoghi.it\/#personlogo\",\"inLanguage\":\"it-IT\",\"url\":\"https:\/\/secure.gravatar.com\/avatar\/49d2f9e46271bb04e19cebfaf141313a?s=96&d=blank&r=g\",\"contentUrl\":\"https:\/\/secure.gravatar.com\/avatar\/49d2f9e46271bb04e19cebfaf141313a?s=96&d=blank&r=g\",\"caption\":\"Staff\"}}]}<\/script>\n<!-- \/ Yoast SEO plugin. -->","yoast_head_json":{"title":"Annalisa incanta e chiude il Locomotive Jazz Festival 2023 | Arte e Luoghi","description":"Si chiude con un concerto strepitoso sulla spiaggia libera di San Cataldo (Lecce) aspettando l'alba la diciottesima edizione","robots":{"index":"index","follow":"follow","max-snippet":"max-snippet:-1","max-image-preview":"max-image-preview:large","max-video-preview":"max-video-preview:-1"},"canonical":"https:\/\/arteeluoghi.it\/index.php\/2023\/08\/08\/annalisa-incanta-e-chiude-il-locomotive-jazz-festival-2023\/","og_locale":"it_IT","og_type":"article","og_title":"Annalisa incanta e chiude il Locomotive Jazz Festival 2023 | Arte e Luoghi","og_description":"Si chiude con un concerto strepitoso sulla spiaggia libera di San Cataldo (Lecce) aspettando l'alba la diciottesima edizione","og_url":"https:\/\/arteeluoghi.it\/index.php\/2023\/08\/08\/annalisa-incanta-e-chiude-il-locomotive-jazz-festival-2023\/","og_site_name":"Arte e Luoghi","article_publisher":"https:\/\/www.facebook.com\/ArteELuoghi\/","article_published_time":"2023-08-08T19:09:43+00:00","article_modified_time":"2023-08-08T19:21:06+00:00","og_image":[{"width":1600,"height":1200,"url":"https:\/\/arteeluoghi.it\/wp-content\/uploads\/2023\/08\/annalisa.jpg","type":"image\/jpeg"}],"twitter_card":"summary","twitter_creator":"@arteeluoghi","twitter_site":"@arteeluoghi","twitter_misc":{"Scritto da":"Staff","Tempo di lettura stimato":"5 minuti"},"schema":{"@context":"https:\/\/schema.org","@graph":[{"@type":"Organization","@id":"https:\/\/arteeluoghi.it\/#organization","name":"Arte e Luoghi","url":"https:\/\/arteeluoghi.it\/","sameAs":["https:\/\/www.facebook.com\/ArteELuoghi\/","https:\/\/www.instagram.com\/arteeluoghi\/?hl=it","https:\/\/www.youtube.com\/channel\/UCuRVc4JW4-C5sg9rQB-srkw?view_as=subscriber","https:\/\/twitter.com\/arteeluoghi"],"logo":{"@type":"ImageObject","@id":"https:\/\/arteeluoghi.it\/#logo","inLanguage":"it-IT","url":"https:\/\/arteeluoghi.it\/wp-content\/uploads\/2018\/08\/logoinstagramarte.jpg","contentUrl":"https:\/\/arteeluoghi.it\/wp-content\/uploads\/2018\/08\/logoinstagramarte.jpg","width":150,"height":150,"caption":"Arte e Luoghi"},"image":{"@id":"https:\/\/arteeluoghi.it\/#logo"}},{"@type":"WebSite","@id":"https:\/\/arteeluoghi.it\/#website","url":"https:\/\/arteeluoghi.it\/","name":"Arte e Luoghi","description":"Mensile di arte, cultura, turismo e curiosit\u00e0","publisher":{"@id":"https:\/\/arteeluoghi.it\/#organization"},"potentialAction":[{"@type":"SearchAction","target":{"@type":"EntryPoint","urlTemplate":"https:\/\/arteeluoghi.it\/?s={search_term_string}"},"query-input":"required name=search_term_string"}],"inLanguage":"it-IT"},{"@type":"ImageObject","@id":"https:\/\/arteeluoghi.it\/index.php\/2023\/08\/08\/annalisa-incanta-e-chiude-il-locomotive-jazz-festival-2023\/#primaryimage","inLanguage":"it-IT","url":"https:\/\/arteeluoghi.it\/wp-content\/uploads\/2023\/08\/annalisa.jpg","contentUrl":"https:\/\/arteeluoghi.it\/wp-content\/uploads\/2023\/08\/annalisa.jpg","width":1600,"height":1200},{"@type":"WebPage","@id":"https:\/\/arteeluoghi.it\/index.php\/2023\/08\/08\/annalisa-incanta-e-chiude-il-locomotive-jazz-festival-2023\/#webpage","url":"https:\/\/arteeluoghi.it\/index.php\/2023\/08\/08\/annalisa-incanta-e-chiude-il-locomotive-jazz-festival-2023\/","name":"Annalisa incanta e chiude il Locomotive Jazz Festival 2023 | Arte e Luoghi","isPartOf":{"@id":"https:\/\/arteeluoghi.it\/#website"},"primaryImageOfPage":{"@id":"https:\/\/arteeluoghi.it\/index.php\/2023\/08\/08\/annalisa-incanta-e-chiude-il-locomotive-jazz-festival-2023\/#primaryimage"},"datePublished":"2023-08-08T19:09:43+00:00","dateModified":"2023-08-08T19:21:06+00:00","description":"Si chiude con un concerto strepitoso sulla spiaggia libera di San Cataldo (Lecce) aspettando l'alba la diciottesima edizione","breadcrumb":{"@id":"https:\/\/arteeluoghi.it\/index.php\/2023\/08\/08\/annalisa-incanta-e-chiude-il-locomotive-jazz-festival-2023\/#breadcrumb"},"inLanguage":"it-IT","potentialAction":[{"@type":"ReadAction","target":["https:\/\/arteeluoghi.it\/index.php\/2023\/08\/08\/annalisa-incanta-e-chiude-il-locomotive-jazz-festival-2023\/"]}]},{"@type":"BreadcrumbList","@id":"https:\/\/arteeluoghi.it\/index.php\/2023\/08\/08\/annalisa-incanta-e-chiude-il-locomotive-jazz-festival-2023\/#breadcrumb","itemListElement":[{"@type":"ListItem","position":1,"name":"Home","item":"https:\/\/arteeluoghi.it\/"},{"@type":"ListItem","position":2,"name":"Annalisa incanta e chiude il Locomotive Jazz Festival 2023"}]},{"@type":"Article","@id":"https:\/\/arteeluoghi.it\/index.php\/2023\/08\/08\/annalisa-incanta-e-chiude-il-locomotive-jazz-festival-2023\/#article","isPartOf":{"@id":"https:\/\/arteeluoghi.it\/index.php\/2023\/08\/08\/annalisa-incanta-e-chiude-il-locomotive-jazz-festival-2023\/#webpage"},"author":{"@id":"https:\/\/arteeluoghi.it\/#\/schema\/person\/f84e814e36e91e01448ee07eaadd41d4"},"headline":"Annalisa incanta e chiude il Locomotive Jazz Festival 2023","datePublished":"2023-08-08T19:09:43+00:00","dateModified":"2023-08-08T19:21:06+00:00","mainEntityOfPage":{"@id":"https:\/\/arteeluoghi.it\/index.php\/2023\/08\/08\/annalisa-incanta-e-chiude-il-locomotive-jazz-festival-2023\/#webpage"},"wordCount":588,"commentCount":0,"publisher":{"@id":"https:\/\/arteeluoghi.it\/#organization"},"image":{"@id":"https:\/\/arteeluoghi.it\/index.php\/2023\/08\/08\/annalisa-incanta-e-chiude-il-locomotive-jazz-festival-2023\/#primaryimage"},"thumbnailUrl":"https:\/\/arteeluoghi.it\/wp-content\/uploads\/2023\/08\/annalisa.jpg","keywords":["Annalisa","Giuliano Sangiorgi","Lecce","Locomotive Jazz Festival","Raffaele Casarano","San Cataldo"],"articleSection":["I luoghi dell'Arte","MUSICA"],"inLanguage":"it-IT","potentialAction":[{"@type":"CommentAction","name":"Comment","target":["https:\/\/arteeluoghi.it\/index.php\/2023\/08\/08\/annalisa-incanta-e-chiude-il-locomotive-jazz-festival-2023\/#respond"]}]},{"@type":"Person","@id":"https:\/\/arteeluoghi.it\/#\/schema\/person\/f84e814e36e91e01448ee07eaadd41d4","name":"Staff","image":{"@type":"ImageObject","@id":"https:\/\/arteeluoghi.it\/#personlogo","inLanguage":"it-IT","url":"https:\/\/secure.gravatar.com\/avatar\/49d2f9e46271bb04e19cebfaf141313a?s=96&d=blank&r=g","contentUrl":"https:\/\/secure.gravatar.com\/avatar\/49d2f9e46271bb04e19cebfaf141313a?s=96&d=blank&r=g","caption":"Staff"}}]}},"_links":{"self":[{"href":"https:\/\/arteeluoghi.it\/index.php\/wp-json\/wp\/v2\/posts\/13093"}],"collection":[{"href":"https:\/\/arteeluoghi.it\/index.php\/wp-json\/wp\/v2\/posts"}],"about":[{"href":"https:\/\/arteeluoghi.it\/index.php\/wp-json\/wp\/v2\/types\/post"}],"author":[{"embeddable":true,"href":"https:\/\/arteeluoghi.it\/index.php\/wp-json\/wp\/v2\/users\/1"}],"replies":[{"embeddable":true,"href":"https:\/\/arteeluoghi.it\/index.php\/wp-json\/wp\/v2\/comments?post=13093"}],"version-history":[{"count":2,"href":"https:\/\/arteeluoghi.it\/index.php\/wp-json\/wp\/v2\/posts\/13093\/revisions"}],"predecessor-version":[{"id":13103,"href":"https:\/\/arteeluoghi.it\/index.php\/wp-json\/wp\/v2\/posts\/13093\/revisions\/13103"}],"wp:featuredmedia":[{"embeddable":true,"href":"https:\/\/arteeluoghi.it\/index.php\/wp-json\/wp\/v2\/media\/13094"}],"wp:attachment":[{"href":"https:\/\/arteeluoghi.it\/index.php\/wp-json\/wp\/v2\/media?parent=13093"}],"wp:term":[{"taxonomy":"category","embeddable":true,"href":"https:\/\/arteeluoghi.it\/index.php\/wp-json\/wp\/v2\/categories?post=13093"},{"taxonomy":"post_tag","embeddable":true,"href":"https:\/\/arteeluoghi.it\/index.php\/wp-json\/wp\/v2\/tags?post=13093"}],"curies":[{"name":"wp","href":"https:\/\/api.w.org\/{rel}","templated":true}]}}