{"id":13136,"date":"2023-08-17T21:01:58","date_gmt":"2023-08-17T19:01:58","guid":{"rendered":"https:\/\/arteeluoghi.it\/?p=13136"},"modified":"2023-08-17T21:02:00","modified_gmt":"2023-08-17T19:02:00","slug":"lestate-sta-finendo","status":"publish","type":"post","link":"https:\/\/arteeluoghi.it\/index.php\/2023\/08\/17\/lestate-sta-finendo\/","title":{"rendered":"L&#8217;estate sta finendo"},"content":{"rendered":"\n<blockquote class=\"wp-block-quote\"><p>I live dalle &#8220;Nuvole&#8221; il cocktail bar e bistrot del Castello Volante di Corigliano d&#8217;Otranto promossi da Coolclub e Sei Festival<\/p><\/blockquote>\n\n\n\n<p><strong>Dal 20 agosto al 30 settembre<\/strong>\u00a0le terrazze di\u00a0<strong>Nuvole<\/strong>, cocktail bar e bistrot del\u00a0<strong>Castello Volante di Corigliano d&#8217;Otranto<\/strong>, ospitano &#8220;<strong>L&#8217;estate sta finendo<\/strong>&#8220;, una rassegna di live promossa da\u00a0<strong>Coolclub<\/strong>\u00a0e\u00a0<strong>Sei Festival<\/strong>\u00a0nella programmazione\u00a0<strong>Puglia Sounds Circuito dei Luoghi 2023\u00a0<\/strong>della\u00a0<strong>Regione Puglia<\/strong>\u00a0(operazione finanziata a valere su Por Puglia Fesr-Fse 2014\/2020 \u2013 Asse VI Azione 6.8 \u2013 \u201cPalinsesto PP-Tpp Puglia. Riscopri la meraviglia 2023&#8243;). Il via\u00a0<strong>domenica 20 agosto<\/strong>\u00a0(<em>ore 21 &#8211; ingresso 10 euro &#8211; prevendite attive su\u00a0<a href=\"https:\/\/www.vivaticket.com\/it\/ticket\/cesare-dell-anna-quartet\/214604\" target=\"_blank\" rel=\"noreferrer noopener\">Vivaticket<\/a><\/em>) con\u00a0<strong>Cesare Dell&#8217;Anna Quintet<\/strong>. <\/p>\n\n\n\n<!--more-->\n\n\n\n<p>Il concerto del trombettista salentino, affiancato da\u00a0<strong>Giovanni Chirico<\/strong>\u00a0(sax),\u00a0<strong>Ekland Hasa<\/strong>\u00a0(tastiere),\u00a0<strong>Stefano Valenzano\u00a0<\/strong>(basso) e\u00a0<strong>Andrea Doremi<\/strong>\u00a0(tuba), unisce le sonorit\u00e0 della world music con le melodie balcaniche ed il progressive jazz. Il quintetto conduce il pubblico dagli spazi infiniti del deserto fino alle pianure del Salento, dalle atmosfere metropolitane alle magie musicali che abbracciano le terre che si affacciano sul Mediterraneo creando nuove commistioni e sonorit\u00e0. La rassegna proseguir\u00e0 poi con i concerti (<em>ore 21 &#8211; ingresso gratuito<\/em>) di\u00a0<strong>Ninotchka<\/strong>\u00a0(<em>sabato 26 agosto<\/em>),\u00a0<strong>Giorgio Tuma &amp; We Love Gilberto<\/strong>\u00a0(<em>domenica 27 agosto<\/em>),\u00a0<strong>Dalila Spagnolo\u00a0<\/strong>(<em>domenica 3 settembre<\/em>),\u00a0<strong>Chiara Turco<\/strong>\u00a0(<em>domenica 10 settembre<\/em>) e\u00a0<strong>Mundial<\/strong>, progetto del cantautore<strong>Carmine Tundo<\/strong>, del chitarrista\u00a0<strong>Roberto Mangialardo<\/strong>\u00a0e del batterista\u00a0<strong>Alberto Manco<\/strong>\u00a0(<em>sabato 30 settembre<\/em>).\u00a0<strong>Dalle 19\u00a0<\/strong>(<em>info e prenotazioni tavoli 3343429268\u2063 \u2013\u00a0<a href=\"mailto:nuvole@ilcastellovolante.it\" target=\"_blank\" rel=\"noreferrer noopener\">nuvole@ilcastellovolante.it<\/a><\/em>) sar\u00e0 possibile accomodarsi per degustare un aperitivo e apprezzare il rinnovato men\u00f9 di\u00a0<strong>Nuvole<\/strong>\u00a0proposto dagli chef\u00a0<strong>Andrea Mazzola<\/strong>\u00a0e\u00a0<strong>Diletta Bagordo<\/strong>. Durante le serate si potr\u00e0 visitare il percorso espositivo di &#8220;Visioni del Sud&#8221; con, tra le altre, le mostre &#8220;La Candelora a Montevergine&#8221; di Alessandro Gattuso, &#8220;Queer \u00e8 Ora&#8221; di Alessia Rollo a cura di Transparent, 73100 Gaya e Big Sur e &#8220;RestartRestanze&#8221; di Maurizio Fiorino. Info concerti 3331803375 &#8211;\u00a0<a href=\"http:\/\/coolclub.it\/\" target=\"_blank\" rel=\"noreferrer noopener\">coolclub.it<\/a>.<\/p>\n\n\n\n<figure class=\"wp-block-image size-large\"><img loading=\"lazy\" width=\"724\" height=\"1024\" src=\"https:\/\/arteeluoghi.it\/wp-content\/uploads\/2023\/08\/Lestate-sta-finendo-724x1024.png\" alt=\"\" class=\"wp-image-13137\" srcset=\"https:\/\/arteeluoghi.it\/wp-content\/uploads\/2023\/08\/Lestate-sta-finendo-724x1024.png 724w, https:\/\/arteeluoghi.it\/wp-content\/uploads\/2023\/08\/Lestate-sta-finendo-212x300.png 212w, https:\/\/arteeluoghi.it\/wp-content\/uploads\/2023\/08\/Lestate-sta-finendo-768x1086.png 768w, https:\/\/arteeluoghi.it\/wp-content\/uploads\/2023\/08\/Lestate-sta-finendo-1086x1536.png 1086w, https:\/\/arteeluoghi.it\/wp-content\/uploads\/2023\/08\/Lestate-sta-finendo.png 1240w\" sizes=\"(max-width: 724px) 100vw, 724px\" \/><\/figure>\n\n\n\n<p>Primo ospite della rassegna, dunque, il musicista, compositore, produttore, organizzatore e direttore artistico di festival ed eventi&nbsp;<strong>Cesare Dell&#8217;Anna<\/strong>. A sette anni suona gi\u00e0 la tromba in vari complessi bandistici pugliesi, proseguendo la tradizione di famiglia. Dopo gli studi classici al Conservatorio di Musica Tito Schipa di Lecce e un percorso di perfezionamento in giro per l&#8217;Italia, si esibisce con la Fanfara dei Carabinieri e inizia a collaborare stabilmente con l\u2019Orchestra lirico-sinfonica della Provincia di Lecce e con altre orchestre di musica da camera, ensemble di musica barocca, rinascimentale, contemporanea e jazz. Il suo percorso musicale \u00e8 sempre stato caratterizzato da una costante e insaziabile voglia di confronto e arricchimento culturale con artisti di altre etnie. Alterna, a quello di musicista classico, un continuo lavoro di sperimentazione jazz e di ricerca tecnico &#8211; armonica nel campo della musica elettronica e popolare, con particolare attenzione all\u2019area Balcanica, praticando un\u2019intensa attivit\u00e0 concertistica in Italia e in Europa. Nel corso degli anni ha collaborato, tra gli altri, con Esma Redzepova, Miloud Oukjli, Mark Stewart, Bryce Dressner, Boban Markovic, Frank London, Yasko Argirof, Goran Bregovic, Admir Shkurtaj, Ekland e Redi Hasa, Caparezza, Negramaro, E&#8217;Zezi, l&#8217;inventore del minimalismo mondiale Terry Riley, Adam Holtzman (gi\u00e0 musicista di Miles Davis), Meridiana Jazz Orchestra, Roberto Ottaviano, Pino Minafra, Fabrice Martines e Ursula Knudson, Enzo Avitabile, Vittorino Curci, Mauro Tre, David Cossin, Nicola Conte, Rosalia De Souza, Sud Sound System, Enrico Rava, Paolo Fresu, Raffaele Casarano e tantissimi altri. Nel 2005 fonda la 11\/8 Records, che si occupa di promuovere e produrre progetti musicali di particolare pregio artistico e sempre in coerenza col principio di favorire la veicolazione della musica e dell\u2019arte in generale, aprendo spazi e abbattendone i confini. Tra i suoi progetti Opa Cupa, GiroDiBanda, Tax Free, Zina, Tarantavirus, Opa Cupa Remix, DN3, My Miles, solo per citarne alcuni.<\/p>\n\n\n\n<p><strong>Sabato 26 agosto<\/strong>&nbsp;(<em>ore 21 &#8211; ingresso libero<\/em>) spazio al live di&nbsp;<strong>Ninotchka<\/strong>, progetto musicale tra cantautorato, trip-hop e post-rock di&nbsp;<strong>Mimmo Pesare<\/strong>, autore, musicista e producer. Dopo oltre vent&#8217;anni di esperienze con varie band indipendenti (Art Nouveau, Cassandra Zeit, QCK, Tobia &amp; The Sellers, Zeman), ha inaugurato questo progetto solista, di cui \u00e8 autore e compositore di musiche e testi. Sul palco, insieme a lui (basso, campionatore, synth, drumming, loops) ci saranno il co-produttore&nbsp;<strong>Marco Ancona&nbsp;<\/strong>(chitarre),&nbsp;<strong>Maura Palumbo<\/strong>&nbsp;(voce, cori, violoncello, piano elettrico) e&nbsp;<strong>Giorgio Consoli<\/strong>&nbsp;(voce, cori). In scaletta i brani di &#8220;<strong>Temporalit\u00e0<\/strong>&#8221; (NOS Records), album d\u2019esordio del progetto che ospita i featuring vocali di artisti del calibro di Emidio Clementi (Massimo Volume), Georgeanne Kalweit (Delta V), Gianluca De Rubertis (Il Genio), Giorgio Consoli (Leitmotiv), Miss Michela Giannini (Insintesi). La musica di Ninotchka si muove su raffinate atmosfere elettroniche e trip-hop, con una grande attenzione e ricercatezza dedicate ai testi in italiano e soprattutto alle collaborazioni esterne. Il disco, pur all\u2019interno di una tradizione lirica propria del cantautorato alternative italiano, gioca con suoni tipici della pi\u00f9 attuale organic electro, strizzando l\u2019occhio a ritmiche che svelano l\u2019amore per una certa elettronica anni Novanta, caratterizzata da breakbeats morbidi, non senza un innesto costante di chitarre minimali di matrice new wave e post-rock e di arrangiamenti orchestrali.<\/p>\n\n\n\n<p><strong>Domenica 27 agosto<\/strong>&nbsp;(<em>ore 21 &#8211; ingresso libero<\/em>) la rassegna ospiter\u00e0&nbsp;<strong>Giorgio Tuma &amp; We Love Gilberto<\/strong>, un gruppo giovanissimo, nato da appena un paio di anni, con un unico grande intento: far rivivere quel mondo meraviglioso situato esattamente nei ricordi in bianco e nero e a tinte pastello delle trasmissioni Rai degli anni 60-70, dove spesso si aveva la fortuna di veder cantare una canzone di Jobim da Mina in prima serata, e Ornella Vanoni duettare con Toquino e Vinicius De Moraes. Ed \u00e8 proprio da qui che parte la ricerca sonora del gruppo formato da&nbsp;<strong>Clarissa Rustico&nbsp;<\/strong>(voce),&nbsp;<strong>Alberto Zac\u00e0<\/strong>&nbsp;(chitarra),&nbsp;<strong>Pierpaolo Polo<\/strong>&nbsp;(basso),&nbsp;<strong>Filippo Galbiati<\/strong>&nbsp;(Rhodes) e&nbsp;<strong>Giorgio Tuma<\/strong>&nbsp;(batteria): scavare nel profondo della memoria musicale storica del grande &#8220;canzoniere italo brasiliano&#8221;, per riportare a nuova luce canzoni di una bellezza infinita, cantate all&#8217;epoca da autentiche icone come Caterina Valente, Astrud Gilberto (il nome del gruppo \u00e8 un sentito omaggio a lei e a suo marito Joao Gilberto) e, appunto, Mina e Ornella Vanoni. Un repertorio con tantissima bossanova, che alterna ai classici brasiliani originali le rivisitazioni italianizzate dei pezzi di Marcos Valle, Edu Lobo, Chico Buarque, Jobim, cos\u00ec in voga in quegli anni magici e irripetibili. In scaletta anche i quattro brani originali dell&#8217;omonimo EP uscito per&nbsp;<strong>Elefant records<\/strong>&nbsp;(etichetta discografica indipendente spagnola che nel corso degli anni ha pubblicato vari progetti di Giorgio Tuma) caratterizzati da ricchi arrangiamenti, armonie esotiche, passione per il Brasile, samba e bossa nova.<\/p>\n\n\n\n<p><strong>Domenica 3 settembre<\/strong>&nbsp;(<em>ore 21 &#8211; ingresso libero<\/em>) appuntamento con la cantautrice&nbsp;<strong>Dalila Spagnolo<\/strong>. Accompagnata da&nbsp;<strong>Luigi Russo<\/strong>&nbsp;(tastiere) e&nbsp;<strong>Angelo De Grisantis<\/strong>&nbsp;(batteria e percussioni) proporr\u00e0, tra gli altri, i brani dei primi due album \u201c<strong>Fragile<\/strong>\u201d (2021) e &#8220;<strong>La fame nelle scarpe<\/strong>&#8221; (2023). Il suo progetto solista nasce nel 2020 con un sound che spazia dal pop alla world music e fonde generi e stili musicali diversi. Inizia da subito a proporre i suoi brani, aprendo il concerto di Toni Bungaro e ottenendo piazzamenti in numerosi premi e manifestazioni. Eclettica e sperimentatrice, Dalila Spagnolo scrive e canta in italiano, inglese e francese. I testi delle sue canzoni raccontano di fragilit\u00e0 e di sfide legate alla crescita personale. In questo nuovo lavoro il sound \u00e8 pi\u00f9 elettronico e la sperimentazione pi\u00f9 evidente, pur conservando l\u2019amore per i ritmi africani che contaminano alcuni dei brani presenti nell\u2019album. Il filo conduttore \u00e8 la storia dell\u2019evoluzione e della crescita personale che parte dai timori e arriva ad una fase pi\u00f9 matura e consapevole in cui \u00e8 consentito \u201ccrescere tenendo l\u2019io bambino per mano\u201d. Il titolo dell\u2019album si compone di due parole, ognuna delle quali esprime un concetto preciso: la \u201cfame\u201d \u00e8 lo scopo, la motivazione personale, il desiderio di migliorarsi e di riflettere sulle cose che accadono intorno e dentro di noi; le \u201cscarpe\u201d invece indicano la modalit\u00e0 con cui si procede. Le due parole si completano perch\u00e9 l\u2019una non pu\u00f2 esistere senza l\u2019altra. Un viaggio sicuramente lungo e impervio ma fatto con le proprie gambe.<\/p>\n\n\n\n<p><strong>Domenica 10 settembre<\/strong>&nbsp;(<em>ore 21 &#8211; ingresso libero<\/em>) al&nbsp;<strong>Castello Volante<\/strong>&nbsp;arriva l&#8217;elettro-pop di&nbsp;<strong>Chiara Turco<\/strong>. La cantautrice e polistrumentista salentina (voce, chitarra, loop station, synth), affiancata sul palco da&nbsp;<strong>Errico Carcagni Ruspa&nbsp;<\/strong>(tastiere, synth, programmazione), proporr\u00e0 la sua musica \u201cvisiva\u201d, come ama definirla. L\u2019uso di strumenti elettronici infatti la porta a muoversi sul palco creando sinergia tra suoni e gesti tutti da ascoltare e guardare. Come cantautrice esordisce nel 2016 con i cinque brani in lingua inglese di \u201c<strong>First<\/strong>\u201d, EP pubblicato dall\u2019etichetta indipendente Putsch Records di Alberto Dati. Nel 2017 inizia la collaborazione con&nbsp;<strong>Xo La Factory<\/strong>&nbsp;e con il singolo \u201c<strong>You Know<\/strong>\u201d arriva sui palchi di Cinzella Festival, Contronatura Festival, ClaXOn Fest, Awanda Indie Fest, Uno Maggio Taranto condividendo l&#8217;esperienza con artisti come Brunori Sas, Levante, Ghemon, Noemi, Irene Grandi, Vinicio Capossela, Frankie Hi-Nrg, The Zen Circus. Nel 2018 suona al&nbsp;<strong>Medimex<\/strong>&nbsp;di Puglia Sounds, nell&#8217;edizione che ospita anche Placebo e Kraftwerk. Nello stesso anno esce il cd &#8220;<strong>Via Roma<\/strong>&#8220;, undici brani in italiano che confermano la sua &#8220;elettronica pop-oriented e dinamicamente variegata&#8221;. Il tour di presentazione tocca oltre 40 citt\u00e0 italiane e i festival Keep On Live Fest, SEI &#8211; Sud Est Indipendente e Arezzo Wave. Nel 2020 avvia una collaborazione live con la band La Municip\u00e0l, con la quale partecipa anche al programma \u201cTonica\u201d su RAI 2 (2022), condotto da Andrea Delogu. \u00c8 finalista del contest 1MNext 2023 \u2013 Primo Maggio di Roma. Gli ultimi singoli &#8220;Isole Nuove&#8221; e &#8220;Non Smetti di Bruciare&#8221;, preannunciano il nuovo disco in uscita nei prossimi mesi.<\/p>\n\n\n\n<p><strong>Sabato 30 settembre<\/strong>\u00a0(<em>ore 21 &#8211; ingresso libero<\/em>), infine, la rassegna ospiter\u00e0\u00a0<strong>Mundial<\/strong>, progetto del cantautore\u00a0<strong>Carmine Tundo<\/strong>, del chitarrista\u00a0<strong>Roberto Mangialardo<\/strong>\u00a0e del batterista\u00a0<strong>Alberto Manco,\u00a0<\/strong>tre musicisti salentini sono da sempre attivi nel circuito indipendente musicale italiano che collaborano in diversi progetti, tra i quali La Municip\u00e0l e Diego Rivera. A due anni dall\u2019esordio discografico \u201c<strong>Scercule<\/strong>\u201d, a giugno \u00e8 uscito infatti \u201c<strong>Culacchi<\/strong>\u201d sempre per la label indipendente Discographia Clandestina. Questo progetto nasce dalla necessit\u00e0 di sperimentare un percorso sonoro che dalle radici della musica pugliese arriva fino alle nuove frontiere dell\u2019elettronica moderna, capace di destare subito curiosit\u00e0 raccogliendo consensi su consensi grazie a un\u2019attivit\u00e0 live serrata ed esplosiva. Mundial \u00e8 un laboratorio sonoro e visivo, un ponte tra passato e futuro, che recupera le storie e le filastrocche recitate dai nostri nonni e le inserisce in un contesto sperimentale, fondato su un sound creato partendo dai campionamenti dei suoni del paesaggio pugliese, editati e trasformati in pattern ritmici. \u201cCulacchi\u201d \u00e8 un antico termine dialettale salentino che indica le storielle che si tramandavano in antichit\u00e0 da padre a figlio, da adulto a bambino. Storielle che rappresentavano l\u2019unica forma di intrattenimento prima dell\u2019arrivo della TV e della modernit\u00e0. &#8220;In questo lavoro abbiamo recuperato alcune di queste brevi storie, dopo una lunga ricerca condotta tra le persone anziane del nostro territorio, le abbiamo registrate e le abbiamo inserire in un costrutto sonoro moderno, che si basa sul campionamento di suoni della natura e della tradizione, sposati con l\u2019elettronica moderna, strumenti percussivi e drum machine&#8221;, spiegano i tre musicisti.<\/p>\n\n\n\n<p>(fonte: comunicato stampa)<\/p>\n","protected":false},"excerpt":{"rendered":"<p>I live dalle &#8220;Nuvole&#8221; il cocktail bar e bistrot del Castello Volante di Corigliano d&#8217;Otranto promossi da Coolclub e Sei<\/p>\n","protected":false},"author":1,"featured_media":13138,"comment_status":"open","ping_status":"open","sticky":true,"template":"","format":"standard","meta":[],"categories":[12],"tags":[5255,5257,212,5298,5256],"yoast_head":"<!-- This site is optimized with the Yoast SEO plugin v18.0 - https:\/\/yoast.com\/wordpress\/plugins\/seo\/ -->\n<title>L&#039;estate sta finendo | Arte e Luoghi<\/title>\n<meta name=\"description\" content=\"I live dalle &quot;Nuvole&quot; il cocktail bar e bistrot del Castello Volante di Corigliano d&#039;Otranto promossi da Coolclub e Sei Festival\" \/>\n<meta name=\"robots\" content=\"index, follow, max-snippet:-1, max-image-preview:large, max-video-preview:-1\" \/>\n<link rel=\"canonical\" href=\"https:\/\/arteeluoghi.it\/index.php\/2023\/08\/17\/lestate-sta-finendo\/\" \/>\n<meta property=\"og:locale\" content=\"it_IT\" \/>\n<meta property=\"og:type\" content=\"article\" \/>\n<meta property=\"og:title\" content=\"L&#039;estate sta finendo | Arte e Luoghi\" \/>\n<meta property=\"og:description\" content=\"I live dalle &quot;Nuvole&quot; il cocktail bar e bistrot del Castello Volante di Corigliano d&#039;Otranto promossi da Coolclub e Sei Festival\" \/>\n<meta property=\"og:url\" content=\"https:\/\/arteeluoghi.it\/index.php\/2023\/08\/17\/lestate-sta-finendo\/\" \/>\n<meta property=\"og:site_name\" content=\"Arte e Luoghi\" \/>\n<meta property=\"article:publisher\" content=\"https:\/\/www.facebook.com\/ArteELuoghi\/\" \/>\n<meta property=\"article:published_time\" content=\"2023-08-17T19:01:58+00:00\" \/>\n<meta property=\"article:modified_time\" content=\"2023-08-17T19:02:00+00:00\" \/>\n<meta property=\"og:image\" content=\"https:\/\/arteeluoghi.it\/wp-content\/uploads\/2023\/08\/20-agosto-_-Cesare-DellAnna.jpg\" \/>\n\t<meta property=\"og:image:width\" content=\"2048\" \/>\n\t<meta property=\"og:image:height\" content=\"1365\" \/>\n\t<meta property=\"og:image:type\" content=\"image\/jpeg\" \/>\n<meta name=\"twitter:card\" content=\"summary\" \/>\n<meta name=\"twitter:creator\" content=\"@arteeluoghi\" \/>\n<meta name=\"twitter:site\" content=\"@arteeluoghi\" \/>\n<meta name=\"twitter:label1\" content=\"Scritto da\" \/>\n\t<meta name=\"twitter:data1\" content=\"Staff\" \/>\n\t<meta name=\"twitter:label2\" content=\"Tempo di lettura stimato\" \/>\n\t<meta name=\"twitter:data2\" content=\"10 minuti\" \/>\n<script type=\"application\/ld+json\" class=\"yoast-schema-graph\">{\"@context\":\"https:\/\/schema.org\",\"@graph\":[{\"@type\":\"Organization\",\"@id\":\"https:\/\/arteeluoghi.it\/#organization\",\"name\":\"Arte e Luoghi\",\"url\":\"https:\/\/arteeluoghi.it\/\",\"sameAs\":[\"https:\/\/www.facebook.com\/ArteELuoghi\/\",\"https:\/\/www.instagram.com\/arteeluoghi\/?hl=it\",\"https:\/\/www.youtube.com\/channel\/UCuRVc4JW4-C5sg9rQB-srkw?view_as=subscriber\",\"https:\/\/twitter.com\/arteeluoghi\"],\"logo\":{\"@type\":\"ImageObject\",\"@id\":\"https:\/\/arteeluoghi.it\/#logo\",\"inLanguage\":\"it-IT\",\"url\":\"https:\/\/arteeluoghi.it\/wp-content\/uploads\/2018\/08\/logoinstagramarte.jpg\",\"contentUrl\":\"https:\/\/arteeluoghi.it\/wp-content\/uploads\/2018\/08\/logoinstagramarte.jpg\",\"width\":150,\"height\":150,\"caption\":\"Arte e Luoghi\"},\"image\":{\"@id\":\"https:\/\/arteeluoghi.it\/#logo\"}},{\"@type\":\"WebSite\",\"@id\":\"https:\/\/arteeluoghi.it\/#website\",\"url\":\"https:\/\/arteeluoghi.it\/\",\"name\":\"Arte e Luoghi\",\"description\":\"Mensile di arte, cultura, turismo e curiosit\u00e0\",\"publisher\":{\"@id\":\"https:\/\/arteeluoghi.it\/#organization\"},\"potentialAction\":[{\"@type\":\"SearchAction\",\"target\":{\"@type\":\"EntryPoint\",\"urlTemplate\":\"https:\/\/arteeluoghi.it\/?s={search_term_string}\"},\"query-input\":\"required name=search_term_string\"}],\"inLanguage\":\"it-IT\"},{\"@type\":\"ImageObject\",\"@id\":\"https:\/\/arteeluoghi.it\/index.php\/2023\/08\/17\/lestate-sta-finendo\/#primaryimage\",\"inLanguage\":\"it-IT\",\"url\":\"https:\/\/arteeluoghi.it\/wp-content\/uploads\/2023\/08\/20-agosto-_-Cesare-DellAnna.jpg\",\"contentUrl\":\"https:\/\/arteeluoghi.it\/wp-content\/uploads\/2023\/08\/20-agosto-_-Cesare-DellAnna.jpg\",\"width\":2048,\"height\":1365},{\"@type\":\"WebPage\",\"@id\":\"https:\/\/arteeluoghi.it\/index.php\/2023\/08\/17\/lestate-sta-finendo\/#webpage\",\"url\":\"https:\/\/arteeluoghi.it\/index.php\/2023\/08\/17\/lestate-sta-finendo\/\",\"name\":\"L'estate sta finendo | Arte e Luoghi\",\"isPartOf\":{\"@id\":\"https:\/\/arteeluoghi.it\/#website\"},\"primaryImageOfPage\":{\"@id\":\"https:\/\/arteeluoghi.it\/index.php\/2023\/08\/17\/lestate-sta-finendo\/#primaryimage\"},\"datePublished\":\"2023-08-17T19:01:58+00:00\",\"dateModified\":\"2023-08-17T19:02:00+00:00\",\"description\":\"I live dalle \\\"Nuvole\\\" il cocktail bar e bistrot del Castello Volante di Corigliano d'Otranto promossi da Coolclub e Sei Festival\",\"breadcrumb\":{\"@id\":\"https:\/\/arteeluoghi.it\/index.php\/2023\/08\/17\/lestate-sta-finendo\/#breadcrumb\"},\"inLanguage\":\"it-IT\",\"potentialAction\":[{\"@type\":\"ReadAction\",\"target\":[\"https:\/\/arteeluoghi.it\/index.php\/2023\/08\/17\/lestate-sta-finendo\/\"]}]},{\"@type\":\"BreadcrumbList\",\"@id\":\"https:\/\/arteeluoghi.it\/index.php\/2023\/08\/17\/lestate-sta-finendo\/#breadcrumb\",\"itemListElement\":[{\"@type\":\"ListItem\",\"position\":1,\"name\":\"Home\",\"item\":\"https:\/\/arteeluoghi.it\/\"},{\"@type\":\"ListItem\",\"position\":2,\"name\":\"L&#8217;estate sta finendo\"}]},{\"@type\":\"Article\",\"@id\":\"https:\/\/arteeluoghi.it\/index.php\/2023\/08\/17\/lestate-sta-finendo\/#article\",\"isPartOf\":{\"@id\":\"https:\/\/arteeluoghi.it\/index.php\/2023\/08\/17\/lestate-sta-finendo\/#webpage\"},\"author\":{\"@id\":\"https:\/\/arteeluoghi.it\/#\/schema\/person\/f84e814e36e91e01448ee07eaadd41d4\"},\"headline\":\"L&#8217;estate sta finendo\",\"datePublished\":\"2023-08-17T19:01:58+00:00\",\"dateModified\":\"2023-08-17T19:02:00+00:00\",\"mainEntityOfPage\":{\"@id\":\"https:\/\/arteeluoghi.it\/index.php\/2023\/08\/17\/lestate-sta-finendo\/#webpage\"},\"wordCount\":1856,\"commentCount\":0,\"publisher\":{\"@id\":\"https:\/\/arteeluoghi.it\/#organization\"},\"image\":{\"@id\":\"https:\/\/arteeluoghi.it\/index.php\/2023\/08\/17\/lestate-sta-finendo\/#primaryimage\"},\"thumbnailUrl\":\"https:\/\/arteeluoghi.it\/wp-content\/uploads\/2023\/08\/20-agosto-_-Cesare-DellAnna.jpg\",\"keywords\":[\"Castello di Corigliano d&#039;Otranto\",\"CoolClub\",\"Corigliano D'Otranto\",\"Nuvole\",\"Sei Festival\"],\"articleSection\":[\"MUSICA\"],\"inLanguage\":\"it-IT\",\"potentialAction\":[{\"@type\":\"CommentAction\",\"name\":\"Comment\",\"target\":[\"https:\/\/arteeluoghi.it\/index.php\/2023\/08\/17\/lestate-sta-finendo\/#respond\"]}]},{\"@type\":\"Person\",\"@id\":\"https:\/\/arteeluoghi.it\/#\/schema\/person\/f84e814e36e91e01448ee07eaadd41d4\",\"name\":\"Staff\",\"image\":{\"@type\":\"ImageObject\",\"@id\":\"https:\/\/arteeluoghi.it\/#personlogo\",\"inLanguage\":\"it-IT\",\"url\":\"https:\/\/secure.gravatar.com\/avatar\/49d2f9e46271bb04e19cebfaf141313a?s=96&d=blank&r=g\",\"contentUrl\":\"https:\/\/secure.gravatar.com\/avatar\/49d2f9e46271bb04e19cebfaf141313a?s=96&d=blank&r=g\",\"caption\":\"Staff\"}}]}<\/script>\n<!-- \/ Yoast SEO plugin. -->","yoast_head_json":{"title":"L'estate sta finendo | Arte e Luoghi","description":"I live dalle \"Nuvole\" il cocktail bar e bistrot del Castello Volante di Corigliano d'Otranto promossi da Coolclub e Sei Festival","robots":{"index":"index","follow":"follow","max-snippet":"max-snippet:-1","max-image-preview":"max-image-preview:large","max-video-preview":"max-video-preview:-1"},"canonical":"https:\/\/arteeluoghi.it\/index.php\/2023\/08\/17\/lestate-sta-finendo\/","og_locale":"it_IT","og_type":"article","og_title":"L'estate sta finendo | Arte e Luoghi","og_description":"I live dalle \"Nuvole\" il cocktail bar e bistrot del Castello Volante di Corigliano d'Otranto promossi da Coolclub e Sei Festival","og_url":"https:\/\/arteeluoghi.it\/index.php\/2023\/08\/17\/lestate-sta-finendo\/","og_site_name":"Arte e Luoghi","article_publisher":"https:\/\/www.facebook.com\/ArteELuoghi\/","article_published_time":"2023-08-17T19:01:58+00:00","article_modified_time":"2023-08-17T19:02:00+00:00","og_image":[{"width":2048,"height":1365,"url":"https:\/\/arteeluoghi.it\/wp-content\/uploads\/2023\/08\/20-agosto-_-Cesare-DellAnna.jpg","type":"image\/jpeg"}],"twitter_card":"summary","twitter_creator":"@arteeluoghi","twitter_site":"@arteeluoghi","twitter_misc":{"Scritto da":"Staff","Tempo di lettura stimato":"10 minuti"},"schema":{"@context":"https:\/\/schema.org","@graph":[{"@type":"Organization","@id":"https:\/\/arteeluoghi.it\/#organization","name":"Arte e Luoghi","url":"https:\/\/arteeluoghi.it\/","sameAs":["https:\/\/www.facebook.com\/ArteELuoghi\/","https:\/\/www.instagram.com\/arteeluoghi\/?hl=it","https:\/\/www.youtube.com\/channel\/UCuRVc4JW4-C5sg9rQB-srkw?view_as=subscriber","https:\/\/twitter.com\/arteeluoghi"],"logo":{"@type":"ImageObject","@id":"https:\/\/arteeluoghi.it\/#logo","inLanguage":"it-IT","url":"https:\/\/arteeluoghi.it\/wp-content\/uploads\/2018\/08\/logoinstagramarte.jpg","contentUrl":"https:\/\/arteeluoghi.it\/wp-content\/uploads\/2018\/08\/logoinstagramarte.jpg","width":150,"height":150,"caption":"Arte e Luoghi"},"image":{"@id":"https:\/\/arteeluoghi.it\/#logo"}},{"@type":"WebSite","@id":"https:\/\/arteeluoghi.it\/#website","url":"https:\/\/arteeluoghi.it\/","name":"Arte e Luoghi","description":"Mensile di arte, cultura, turismo e curiosit\u00e0","publisher":{"@id":"https:\/\/arteeluoghi.it\/#organization"},"potentialAction":[{"@type":"SearchAction","target":{"@type":"EntryPoint","urlTemplate":"https:\/\/arteeluoghi.it\/?s={search_term_string}"},"query-input":"required name=search_term_string"}],"inLanguage":"it-IT"},{"@type":"ImageObject","@id":"https:\/\/arteeluoghi.it\/index.php\/2023\/08\/17\/lestate-sta-finendo\/#primaryimage","inLanguage":"it-IT","url":"https:\/\/arteeluoghi.it\/wp-content\/uploads\/2023\/08\/20-agosto-_-Cesare-DellAnna.jpg","contentUrl":"https:\/\/arteeluoghi.it\/wp-content\/uploads\/2023\/08\/20-agosto-_-Cesare-DellAnna.jpg","width":2048,"height":1365},{"@type":"WebPage","@id":"https:\/\/arteeluoghi.it\/index.php\/2023\/08\/17\/lestate-sta-finendo\/#webpage","url":"https:\/\/arteeluoghi.it\/index.php\/2023\/08\/17\/lestate-sta-finendo\/","name":"L'estate sta finendo | Arte e Luoghi","isPartOf":{"@id":"https:\/\/arteeluoghi.it\/#website"},"primaryImageOfPage":{"@id":"https:\/\/arteeluoghi.it\/index.php\/2023\/08\/17\/lestate-sta-finendo\/#primaryimage"},"datePublished":"2023-08-17T19:01:58+00:00","dateModified":"2023-08-17T19:02:00+00:00","description":"I live dalle \"Nuvole\" il cocktail bar e bistrot del Castello Volante di Corigliano d'Otranto promossi da Coolclub e Sei Festival","breadcrumb":{"@id":"https:\/\/arteeluoghi.it\/index.php\/2023\/08\/17\/lestate-sta-finendo\/#breadcrumb"},"inLanguage":"it-IT","potentialAction":[{"@type":"ReadAction","target":["https:\/\/arteeluoghi.it\/index.php\/2023\/08\/17\/lestate-sta-finendo\/"]}]},{"@type":"BreadcrumbList","@id":"https:\/\/arteeluoghi.it\/index.php\/2023\/08\/17\/lestate-sta-finendo\/#breadcrumb","itemListElement":[{"@type":"ListItem","position":1,"name":"Home","item":"https:\/\/arteeluoghi.it\/"},{"@type":"ListItem","position":2,"name":"L&#8217;estate sta finendo"}]},{"@type":"Article","@id":"https:\/\/arteeluoghi.it\/index.php\/2023\/08\/17\/lestate-sta-finendo\/#article","isPartOf":{"@id":"https:\/\/arteeluoghi.it\/index.php\/2023\/08\/17\/lestate-sta-finendo\/#webpage"},"author":{"@id":"https:\/\/arteeluoghi.it\/#\/schema\/person\/f84e814e36e91e01448ee07eaadd41d4"},"headline":"L&#8217;estate sta finendo","datePublished":"2023-08-17T19:01:58+00:00","dateModified":"2023-08-17T19:02:00+00:00","mainEntityOfPage":{"@id":"https:\/\/arteeluoghi.it\/index.php\/2023\/08\/17\/lestate-sta-finendo\/#webpage"},"wordCount":1856,"commentCount":0,"publisher":{"@id":"https:\/\/arteeluoghi.it\/#organization"},"image":{"@id":"https:\/\/arteeluoghi.it\/index.php\/2023\/08\/17\/lestate-sta-finendo\/#primaryimage"},"thumbnailUrl":"https:\/\/arteeluoghi.it\/wp-content\/uploads\/2023\/08\/20-agosto-_-Cesare-DellAnna.jpg","keywords":["Castello di Corigliano d&#039;Otranto","CoolClub","Corigliano D'Otranto","Nuvole","Sei Festival"],"articleSection":["MUSICA"],"inLanguage":"it-IT","potentialAction":[{"@type":"CommentAction","name":"Comment","target":["https:\/\/arteeluoghi.it\/index.php\/2023\/08\/17\/lestate-sta-finendo\/#respond"]}]},{"@type":"Person","@id":"https:\/\/arteeluoghi.it\/#\/schema\/person\/f84e814e36e91e01448ee07eaadd41d4","name":"Staff","image":{"@type":"ImageObject","@id":"https:\/\/arteeluoghi.it\/#personlogo","inLanguage":"it-IT","url":"https:\/\/secure.gravatar.com\/avatar\/49d2f9e46271bb04e19cebfaf141313a?s=96&d=blank&r=g","contentUrl":"https:\/\/secure.gravatar.com\/avatar\/49d2f9e46271bb04e19cebfaf141313a?s=96&d=blank&r=g","caption":"Staff"}}]}},"_links":{"self":[{"href":"https:\/\/arteeluoghi.it\/index.php\/wp-json\/wp\/v2\/posts\/13136"}],"collection":[{"href":"https:\/\/arteeluoghi.it\/index.php\/wp-json\/wp\/v2\/posts"}],"about":[{"href":"https:\/\/arteeluoghi.it\/index.php\/wp-json\/wp\/v2\/types\/post"}],"author":[{"embeddable":true,"href":"https:\/\/arteeluoghi.it\/index.php\/wp-json\/wp\/v2\/users\/1"}],"replies":[{"embeddable":true,"href":"https:\/\/arteeluoghi.it\/index.php\/wp-json\/wp\/v2\/comments?post=13136"}],"version-history":[{"count":1,"href":"https:\/\/arteeluoghi.it\/index.php\/wp-json\/wp\/v2\/posts\/13136\/revisions"}],"predecessor-version":[{"id":13139,"href":"https:\/\/arteeluoghi.it\/index.php\/wp-json\/wp\/v2\/posts\/13136\/revisions\/13139"}],"wp:featuredmedia":[{"embeddable":true,"href":"https:\/\/arteeluoghi.it\/index.php\/wp-json\/wp\/v2\/media\/13138"}],"wp:attachment":[{"href":"https:\/\/arteeluoghi.it\/index.php\/wp-json\/wp\/v2\/media?parent=13136"}],"wp:term":[{"taxonomy":"category","embeddable":true,"href":"https:\/\/arteeluoghi.it\/index.php\/wp-json\/wp\/v2\/categories?post=13136"},{"taxonomy":"post_tag","embeddable":true,"href":"https:\/\/arteeluoghi.it\/index.php\/wp-json\/wp\/v2\/tags?post=13136"}],"curies":[{"name":"wp","href":"https:\/\/api.w.org\/{rel}","templated":true}]}}