{"id":13159,"date":"2023-07-23T13:05:00","date_gmt":"2023-07-23T11:05:00","guid":{"rendered":"https:\/\/arteeluoghi.it\/?p=13159"},"modified":"2023-08-18T13:09:54","modified_gmt":"2023-08-18T11:09:54","slug":"siciliambiente-film-festival-tutti-i-premiati","status":"publish","type":"post","link":"https:\/\/arteeluoghi.it\/index.php\/2023\/07\/23\/siciliambiente-film-festival-tutti-i-premiati\/","title":{"rendered":"SiciliAmbiente Film Festival. Tutti i premiati"},"content":{"rendered":"\n<blockquote class=\"wp-block-quote\"><p>Il festival diretto da Antonio Bellia promuove attraverso il linguaggio cinematografico la tutela dell&#8217;ambiente e dei diritti umani<\/p><p><\/p><\/blockquote>\n\n\n\n<p>Annunciati i vincitori della&nbsp;<strong>XV edizione<\/strong>&nbsp;di&nbsp;<strong>SiciliAmbiente<\/strong>&nbsp;(17-22 luglio) nella suggestiva cornice di San Vito Lo Capo. Il festival diretto da<strong>&nbsp;Antonio Bellia<\/strong>, con la direzione organizzativa di<strong>&nbsp;Sheila Melosu<\/strong>, da sempre importante punto di riferimentoa livellonazionale e internazionaleper il cinema legato alle tematiche ambientali, ai diritti umani, allo sviluppo sostenibile e alla biodiversit\u00e0, annovera 4 sezioni competitive fedeli alla linea della manifestazione. Oltre al&nbsp;<strong>Concorso internazionale documentari<\/strong>: un&nbsp;<strong>Concorso internazionale lungometraggi di finzione,<\/strong>&nbsp;un&nbsp;<strong>Concorso internazionale cortometraggi&nbsp;<\/strong>(di finzione e documentari) e un<strong>&nbsp;Concorso internazionale&nbsp;<\/strong>dedicato all\u2019<strong>animazione<\/strong>.<\/p>\n\n\n\n<!--more-->\n\n\n\n<p>Come ogni anno, oltre ai premi in denaro per ogni sezione competitiva, offerti dall\u2019<strong>ARPA Sicilia,<\/strong>&nbsp;vengono assegnati il&nbsp;<strong>Premio AAMOD<\/strong>, il&nbsp;<strong>Premio \u201cDiritti Umani\u201d conferito da Amnesty International Italia<\/strong>&nbsp;e il&nbsp;<strong>Premio \u201cAmbiente\u201d conferito da Greenpeace Italia<\/strong>, il<strong>&nbsp;Premio della Giuria Giovani.<\/strong><\/p>\n\n\n\n<p>La&nbsp;<strong>giuria documentari<\/strong>&nbsp;composta dall\u2019attrice&nbsp;<strong>Sara Serraiocco<\/strong>, dal regista&nbsp;<strong>Marco Antonio Pani<\/strong>, dal giornalista&nbsp;<strong>Stefano Amadio<\/strong>&nbsp;e dal produttore&nbsp;<strong>Luca Ricciardi<\/strong>&nbsp;ha assegnato il&nbsp;<strong>Premio SiciliAmbiente \u201cIl Faro\u201d Miglior documentario<\/strong>&nbsp;a&nbsp;<strong>\u201c<em>All of Our Heartbeats are connected through exploding stars<\/em>\u201d&nbsp;<\/strong>di&nbsp;<strong>Jennifer Rainsford.&nbsp;<\/strong>Perch\u00e9 \u00e8<em>&nbsp;\u201cun potente film documentario, difficile da sintetizzare per la sua ricchezza e visionariet\u00e0. La regista svedese, Jennifer R., ci accompagna in un percorso che parte dallo Tsunami giapponese del 2011, attraversa l\u2019elaborazione della perdita proiettandoci in una riflessione esistenziale e poetica tra scienza, filosofia e miti popolari. Da sottolineare il montaggio suggestivo e l\u2019efficacia mai didascalica delle musiche di Teo Teardo\u201d.<\/em><\/p>\n\n\n\n<p>La giuria documentari ha assegnato anche una&nbsp;<strong>menzione speciale<\/strong>&nbsp;a&nbsp;<strong><em>Il Tempo dei Giganti<\/em><\/strong>&nbsp;di&nbsp;<strong>Davide Barletti<\/strong>&nbsp;e&nbsp;<strong>Lorenzo Conte<\/strong>, presentato in&nbsp;<strong>anteprima siciliana<\/strong>, perch\u00e9 \u201c<em>Il documentario di Lorenzo Conte e Davide Barletti non \u00e8 solo un viaggio personale e utile intorno alla vicenda \u201cXylella\u201d ma \u00e8 anche una riflessione interessante su come trattiamo il nostro territorio tra l\u2019idealizzazione della cultura millenaria e i condizionamenti dei flussi di informazione sempre meno attendibili e pi\u00f9 pericolosi\u201d.&nbsp;<\/em><\/p>\n\n\n\n<p>La&nbsp;<strong>giuria cortometraggi<\/strong>&nbsp;<strong>e animazioni<\/strong>&nbsp;composta dall\u2019attrice&nbsp;<strong>Simona Malato<\/strong>, da&nbsp;<strong>Alessandro Metz<\/strong>&nbsp;fondatore di Mediterranea e dal CEO di Interfilm Berlin&nbsp;<strong>Heinz Hermanns<\/strong>&nbsp;ha assegnato il premio al&nbsp;<strong>Miglior Cortometraggio<\/strong>&nbsp;a \u201c<strong><em>I am Kanaka<\/em><\/strong>\u201ddi<strong>&nbsp;Genevieve Sulway<\/strong>&nbsp;perch\u00e9 \u201c<em>I am Kanaka \u00e8 il modo in cui i nativi delle Hawaii si presentano nella loro lingua. Questo documentario in un racconto per immagini evidenzia il contrasto tra la bellezza di natura e paesaggi e la povert\u00e0 economica sociale e culturale prodotta dal colonialismo. La lingua madre, la madre terra, genera identit\u00e0 cultura e appartenenza. Perdere questo significa perdere la possibilit\u00e0 di espressione di s\u00e9 e della propria storia. Questo lavoro ci racconta anche di chi a tutto questo non si arrende e costruisce progetti a partire dai pi\u00f9 giovani, pi\u00f9 marginali, quelli che maggiormente vivono l&#8217;esclusione. Per questo il documentario rappresenta un particolare che parla al generale, al globale. I am Kanaka \u00e8 storia di resistenza e ripresa di identit\u00e0 e origine a partire proprio dalla propria lingua madre. I am Kanaka, con forza e orgoglio\u201d.&nbsp;<\/em><\/p>\n\n\n\n<p>Per le&nbsp;<strong>Animazioni il primo premio&nbsp;<\/strong>va a&nbsp;\u201c<strong><em>Ice marchants<\/em><\/strong>\u201d di&nbsp;<strong>Jo\u00e3o Gonzales<\/strong>&nbsp;per \u201c<em>raccontare l&#8217;amore, raccontare l&#8217;assenza, raccontare la routine quotidiana. Il potente utilizzo dei soli colori primari per disegnare una storia piccola ma straordinaria di antichi mestieri e saperi vissuti in armonia con l&#8217;ambiente che ci circonda. Ha saputo raccontare il cambiamento climatico e lo scioglimento dei ghiacciai senza retorica ma usando un linguaggio poetico. Un film che innamora. Con malinconia<\/em>\u201d.<\/p>\n\n\n\n<p>La giuria corti e animazioni assegna una&nbsp;<strong>menzione speciale<\/strong>&nbsp;al cortometraggio \u201c<strong><em>Una volta ancora\u201d<\/em><\/strong>di<strong>&nbsp;Giulia Di Maggio&nbsp;<\/strong>perch\u00e9 \u00e8&nbsp;<em>\u201cun racconto poetico di chi ha saputo osservare senza invadere o modificare la realt\u00e0. Semplice ma assolutamente vero, un anno di vita di un luogo, una spiaggia, un racconto senza parole per immagini e sensazioni.<\/em><\/p>\n\n\n\n<p><em>Il coraggio di mettersi in un angolo da cui si vede una prospettiva che diventa racconto che basta a s\u00e9\u201d.<\/em><\/p>\n\n\n\n<p>La&nbsp;<strong>menzione speciale<\/strong>&nbsp;per le&nbsp;<strong>Animazioni<\/strong>&nbsp;va a \u201c<strong><em>Grogh<\/em>.&nbsp;<em>Storia di un castoro<\/em><\/strong>\u201d di&nbsp;<strong>Gianni Zauli&nbsp;<\/strong>perch\u00e9\u00e8\u201c<em>Una storia antica di popoli che si muovono alla ricerca del luogo in cui poter vivere. In questo caso castori, ma si possono intravedere vecchie e nuove migrazioni, storie purtroppo che si ripetono e si ripeteranno ancora. Raccontarlo alle nuove generazioni \u00e8 doveroso. Lo era negli anni successivi al dopoguerra quando questa storia nasce grazie a un lavoro del grande Maestro Alberto Manzi all&#8217;interno di un carcere minorile lo \u00e8 ancora oggi con nuovi strumenti narrativi<\/em>\u201d.&nbsp;<\/p>\n\n\n\n<p>Tra le novit\u00e0 di quest&#8217;anno la<strong>&nbsp;Giuria Giovani<\/strong>, composta da una delegazione di studenti&nbsp;che ha partecipato al progetto&nbsp;<strong><em>SiciliAmbiente e Arpa a scuola insiem<\/em><\/strong><strong>e<\/strong>&nbsp;per assegnare il&nbsp;<strong>Premio Miglior Cortometraggio Italiano.<\/strong><\/p>\n\n\n\n<p>Il&nbsp;<strong>Premio AAMOD<\/strong>&nbsp;va a \u201c<strong><em>La scelta<\/em><\/strong><strong>\u201d di Carlo A. Bachschmidt<\/strong>, presentato in&nbsp;<strong>anteprima siciliana,&nbsp;<\/strong>perch\u00e9 \u00e8<strong>&nbsp;\u201c<\/strong><em>un ritratto vero di una comunit\u00e0 e di un luogo in lotta su un campo di battaglia, rappresentato dall&#8217;altra parte di una rete del cantiere della grande costruzione dell&#8217;autostrada in Val di Susa.<\/em><\/p>\n\n\n\n<p><em>Attraverso l&#8217;esplorazione della relazione intima e umana che lo sguardo documentaristico pu\u00f2 instaurare con i protagonisti, il film riesce a raccontare l&#8217;inquietudine, la rabbia e la volont\u00e0 di resistenza, le scelte individuali, che le persone della valle vivono, facendone i testimoni dell&#8217;enorme portata del tema trattato\u201d.<\/em><\/p>\n\n\n\n<p>Il premio consiste nell\u2019utilizzo gratuito di 3\u2019 di materiale audiovisivo dell\u2019Archivio Audiovisivo del Movimento Operaio e Democratico, del valore stimato \u20ac 3.000,00.<\/p>\n\n\n\n<p><em>\u201cSiciliambiente \u00e8 un festival accogliente e coraggioso, che da 15 anni promuove &#8211; attraverso diverse forme di cinema &#8211; la tutela dell\u2019ambiente e la difesa dei diritti umani, con una lungimiranza nel connettere due questioni che oggi appaiono strettamente legate l\u2019una all\u2019altra. Le opere in concorso si collocano nel solco della grande tradizione del documentario internazionale a carattere investigativo, d\u2019inchiesta e di denuncia politica e sociale e nell\u2019insieme tratteggiano un panorama variegato e interessante sia per le tematiche affrontate, sia per gli esiti formali e stilistici, con alcune prove capaci di travalicare i confini del genere e offrire visioni profondamente poetiche\u201d<\/em>&nbsp;ha dichiarato Luca Ricciardi dell\u2019AAMOD.&nbsp;<\/p>\n\n\n\n<p>Il&nbsp;<strong>Premio Greenpeace Italia,<\/strong>&nbsp;riservato ai documentari a tema ambientale della 15a edizione del Festival, va a \u201c<strong><em>Plastic Fantastic\u201d<\/em><\/strong>&nbsp;perch\u00e9&nbsp;<em>Il documentario &#8220;Plastic Fantastic&#8221;, di Isa Willinger sull&#8217;impatto ambientale globale della plastica, documenta come gli interessi industriali cerchino di difendere il settore della plastica, le loro strategie di greenwashing e il tentativo dell&#8217;industria petrolifera di interferire con i negoziati in corso alle Nazioni Unite per un Trattato globale sulla plastica. Un&#8217;indagine lucida e a largo spettro, attuale e documentatissima, sulla minaccia ambientale di livello globale rappresentata dall&#8217;uso della plastica usa-e-getta\u201d.&nbsp;<\/em>A consegnare il premio&nbsp;<strong>Giuseppe Onufrio<\/strong>,&nbsp;<strong>direttore esecutivo di Greenpeace Italia<\/strong>, che da alcuni anni collabora con SiciliAmbiente per la sezione dei documentari ambientali.&nbsp;<\/p>\n\n\n\n<p>Il&nbsp;<strong>Premio Amnesty<\/strong>&nbsp;<strong>International Italia<\/strong>, dedicato ai Diritti umani, va a \u201c<strong><em>The Illusion of Abundance\u201d&nbsp;<\/em>di<em>&nbsp;Erika Gonzalez Ramirez&nbsp;<\/em><\/strong>e<strong><em>&nbsp;Matthieu Lietaert,&nbsp;<\/em><\/strong>presentato in&nbsp;<strong>anteprima siciliana.&nbsp;<\/strong><\/p>\n\n\n\n<p>Perch\u00e9 \u201c<em>Il film mostra quanto l\u2019attacco all\u2019ambiente porti con s\u00e9 violazioni dei diritti umani: dirette, come quando si perde la vita, o meno, come quando il sistema di sostentamento della propria comunit\u00e0 viene smembrato; e racconta quanto questo sfruttamento sia legato anche all\u2019Europa. Il documentario \u00e8 dunque bello ma anche prezioso, perch\u00e9 ci chiama in causa: se ancora non l\u2019abbiamo fatto, \u00e8 il momento di mettere in discussione il modello economico che schiaccia diritti e ambiente; se abbiamo iniziato a farlo, \u00e8 ora di impegnarsi ancora di pi\u00f9, imparando a individuare il green washing e dando spazio solo alle imprese e alle iniziative economiche che rispettano i territori e chi li abita. Solo cos\u00ec questo documentario raggiunger\u00e0 il suo scopo e le persone di cui parla faranno un altro passo verso giustizia e riparazione\u201d.<\/em><\/p>\n\n\n\n<p>Il&nbsp;<strong>Premio TTPixel&nbsp;<\/strong>che consiste in 4 turni di color correction + la stampa di 1 master DCP. Valore totale del premio \u20ac 3.000,00 \u00e8 assegnato al cortometraggio \u201c<strong><em>Guerra tra poveri\u201d&nbsp;<\/em><\/strong>di&nbsp;<strong>Kassim Yassin Saleh&nbsp;<\/strong>perch\u00e9 \u00e8<strong>&nbsp;\u201c<\/strong><em>un film duro, tratto da una storia vera, un dramma che purtoppo rischia di diventare cronaca quotidiana un film che si rif\u00e0 al cinema neorealista una fotografia in bianco e nero che rende l\u2019atmosfera estremamente espressiva\u201d.<\/em>&nbsp;<\/p>\n\n\n\n<p>Il&nbsp;<strong>Premio Giuria Giovani<\/strong>&nbsp;va a&nbsp;<strong>\u201c<em>Internet Sparito<\/em>\u201d&nbsp;<\/strong>di&nbsp;<strong>Matteo Cirillo&nbsp;<\/strong>e<strong>&nbsp;Bonolis Bros&nbsp;<\/strong>\u201c<em>Internet sparito ci ha colpito particolarmente per la tematica del rapporto tra social e realt\u00e0 che sentiamo particolarmente vicina, e per lo stile ironico della narrazione di cui abbiamo riconosciuto da subito termini e dinamiche. Ci ha colpito molto il tema centrale, ovvero il non esistere in assenza dei social, e la conseguente ed invadente invisibilit\u00e0. Ci ha fatto anche molto ridere con una narrazione ben ritmata e battute davvero simpatiche. Abbiamo ipotizzato un collegamento con le tematiche ambientali perch\u00e9 la moderna vita, immersa com\u2019\u00e8 nei social network, non ci fa vedere la realt\u00e0 che ci circonda, nascondendo quanto sta accadendo alla natura intorno. Il messaggio della storia, seppur ben nascosto, l\u2019abbiamo compreso bene, ovvero riuscire a creare dei collegamenti veri con le persone e con la realt\u00e0, senza vivere dentro una realt\u00e0 altrimenti virtuale. E\u2019 stata la storia che ci ha tenuto di pi\u00f9 attaccati allo schermo\u201d.<\/em><\/p>\n\n\n\n<p>Il&nbsp;<strong>Premio del Pubblico<\/strong>&nbsp;sar\u00e0 consegnato dopo la serata del<strong>&nbsp;29 luglio<\/strong>&nbsp;a&nbsp;<strong>Makari<\/strong>, durante la quale il pubblico potr\u00e0 vederei due lungometraggi di finzione in concorso: inanteprima siciliana<strong>&nbsp;\u201c<em>Le ragazze non piangono<\/em>\u201d<\/strong>&nbsp;opera prima di&nbsp;<strong>Andrea Zuliani<\/strong>&nbsp;e&nbsp;<strong>\u201c<em>Le otto montagne<\/em>\u201d&nbsp;<\/strong>di&nbsp;<strong>Felix Van Groeningen<\/strong>&nbsp;e&nbsp;<strong>Charlotte Vandermeersch<\/strong>.<\/p>\n\n\n\n<p>Il direttore&nbsp;<strong>Antonio Bellia<\/strong>, al termine della serata, congeda il pubblico: &#8220;<em>si \u00e8 chiusa la 15esima edizione del SiciliAmbiente film festival e sono particolarmente soddisfatto. Grande \u00e8 stata la risposta del pubblico sulla qualit\u00e0 dei film proposti e e sulla variet\u00e0 e pregevolezza degli eventi collaterali presenti in queste serate! Tutto ci\u00f2 ci d\u00e0 la determinazione nel continuare a portare avanti la nostra mission: mostrare e diffondere il cinema di qualit\u00e0 e parlare senza filtri dello status quo della salute del nostro pianeta e della difesa dei diritti dell\u2019uomo.<\/em>&#8220;<\/p>\n\n\n\n<p>Il Festival \u00e8&nbsp;promosso da&nbsp;<strong>Associazione culturale Cantiere 7<\/strong>&nbsp;e da&nbsp;<strong>Demetra Produzioni&nbsp;<\/strong>con il contributo del&nbsp;<strong>Comune di San Vito Lo Capo<\/strong>, e di&nbsp;<strong>ARPA<\/strong>&nbsp;<strong>Sicilia<\/strong>. Il progetto \u00e8&nbsp;sostenuto con i fondi \u201c<strong>Otto per Mille della Chiesa Valdese<\/strong>\u201d e realizzato grazie al contributo della&nbsp;<strong>Regione Siciliana &#8211; Sicilia Film Commission<\/strong>&nbsp;e della&nbsp;<strong>Direzione Generale Cinema del Ministero delle Cultura<\/strong>&nbsp;realizzato in collaborazione con&nbsp;<strong>Amnesty International Italia<\/strong>,&nbsp;<strong>Greenpeace Italia<\/strong>&nbsp;e&nbsp;<strong>AAMOD.<\/strong><\/p>\n\n\n\n<p>Ufficio stampa &#8211; Storyfinders \u2013 Lionella Bianca Fiorillo &#8211; +39 340 7364203 &#8211; + 39 06 36006880\u00a0<a href=\"mailto:press.agency@storyfinders.it\" target=\"_blank\" rel=\"noreferrer noopener\">press.agency@storyfinders.it<\/a><\/p>\n\n\n\n<p>(fonte: comunicato stampa)<\/p>\n","protected":false},"excerpt":{"rendered":"<p>Il festival diretto da Antonio Bellia promuove attraverso il linguaggio cinematografico la tutela dell&#8217;ambiente e dei diritti umani Annunciati i<\/p>\n","protected":false},"author":1,"featured_media":13160,"comment_status":"open","ping_status":"open","sticky":true,"template":"","format":"standard","meta":[],"categories":[29],"tags":[389,1357,5315,2009,5316],"yoast_head":"<!-- This site is optimized with the Yoast SEO plugin v18.0 - https:\/\/yoast.com\/wordpress\/plugins\/seo\/ -->\n<title>SiciliAmbiente Film Festival. Tutti i premiati | Arte e Luoghi<\/title>\n<meta name=\"description\" content=\"Il festival diretto da Antonio Bellia promuove attraverso il linguaggio cinematografico la tutela dell&#039;ambiente e dei diritti umani\" \/>\n<meta name=\"robots\" content=\"index, follow, max-snippet:-1, max-image-preview:large, max-video-preview:-1\" \/>\n<link rel=\"canonical\" href=\"https:\/\/arteeluoghi.it\/index.php\/2023\/07\/23\/siciliambiente-film-festival-tutti-i-premiati\/\" \/>\n<meta property=\"og:locale\" content=\"it_IT\" \/>\n<meta property=\"og:type\" content=\"article\" \/>\n<meta property=\"og:title\" content=\"SiciliAmbiente Film Festival. Tutti i premiati | Arte e Luoghi\" \/>\n<meta property=\"og:description\" content=\"Il festival diretto da Antonio Bellia promuove attraverso il linguaggio cinematografico la tutela dell&#039;ambiente e dei diritti umani\" \/>\n<meta property=\"og:url\" content=\"https:\/\/arteeluoghi.it\/index.php\/2023\/07\/23\/siciliambiente-film-festival-tutti-i-premiati\/\" \/>\n<meta property=\"og:site_name\" content=\"Arte e Luoghi\" \/>\n<meta property=\"article:publisher\" content=\"https:\/\/www.facebook.com\/ArteELuoghi\/\" \/>\n<meta property=\"article:published_time\" content=\"2023-07-23T11:05:00+00:00\" \/>\n<meta property=\"article:modified_time\" content=\"2023-08-18T11:09:54+00:00\" \/>\n<meta property=\"og:image\" content=\"https:\/\/arteeluoghi.it\/wp-content\/uploads\/2023\/08\/siciliafestival.jpeg\" \/>\n\t<meta property=\"og:image:width\" content=\"348\" \/>\n\t<meta property=\"og:image:height\" content=\"145\" \/>\n\t<meta property=\"og:image:type\" content=\"image\/jpeg\" \/>\n<meta name=\"twitter:card\" content=\"summary\" \/>\n<meta name=\"twitter:creator\" content=\"@arteeluoghi\" \/>\n<meta name=\"twitter:site\" content=\"@arteeluoghi\" \/>\n<meta name=\"twitter:label1\" content=\"Scritto da\" \/>\n\t<meta name=\"twitter:data1\" content=\"Staff\" \/>\n\t<meta name=\"twitter:label2\" content=\"Tempo di lettura stimato\" \/>\n\t<meta name=\"twitter:data2\" content=\"10 minuti\" \/>\n<script type=\"application\/ld+json\" class=\"yoast-schema-graph\">{\"@context\":\"https:\/\/schema.org\",\"@graph\":[{\"@type\":\"Organization\",\"@id\":\"https:\/\/arteeluoghi.it\/#organization\",\"name\":\"Arte e Luoghi\",\"url\":\"https:\/\/arteeluoghi.it\/\",\"sameAs\":[\"https:\/\/www.facebook.com\/ArteELuoghi\/\",\"https:\/\/www.instagram.com\/arteeluoghi\/?hl=it\",\"https:\/\/www.youtube.com\/channel\/UCuRVc4JW4-C5sg9rQB-srkw?view_as=subscriber\",\"https:\/\/twitter.com\/arteeluoghi\"],\"logo\":{\"@type\":\"ImageObject\",\"@id\":\"https:\/\/arteeluoghi.it\/#logo\",\"inLanguage\":\"it-IT\",\"url\":\"https:\/\/arteeluoghi.it\/wp-content\/uploads\/2018\/08\/logoinstagramarte.jpg\",\"contentUrl\":\"https:\/\/arteeluoghi.it\/wp-content\/uploads\/2018\/08\/logoinstagramarte.jpg\",\"width\":150,\"height\":150,\"caption\":\"Arte e Luoghi\"},\"image\":{\"@id\":\"https:\/\/arteeluoghi.it\/#logo\"}},{\"@type\":\"WebSite\",\"@id\":\"https:\/\/arteeluoghi.it\/#website\",\"url\":\"https:\/\/arteeluoghi.it\/\",\"name\":\"Arte e Luoghi\",\"description\":\"Mensile di arte, cultura, turismo e curiosit\u00e0\",\"publisher\":{\"@id\":\"https:\/\/arteeluoghi.it\/#organization\"},\"potentialAction\":[{\"@type\":\"SearchAction\",\"target\":{\"@type\":\"EntryPoint\",\"urlTemplate\":\"https:\/\/arteeluoghi.it\/?s={search_term_string}\"},\"query-input\":\"required name=search_term_string\"}],\"inLanguage\":\"it-IT\"},{\"@type\":\"ImageObject\",\"@id\":\"https:\/\/arteeluoghi.it\/index.php\/2023\/07\/23\/siciliambiente-film-festival-tutti-i-premiati\/#primaryimage\",\"inLanguage\":\"it-IT\",\"url\":\"https:\/\/arteeluoghi.it\/wp-content\/uploads\/2023\/08\/siciliafestival.jpeg\",\"contentUrl\":\"https:\/\/arteeluoghi.it\/wp-content\/uploads\/2023\/08\/siciliafestival.jpeg\",\"width\":348,\"height\":145},{\"@type\":\"WebPage\",\"@id\":\"https:\/\/arteeluoghi.it\/index.php\/2023\/07\/23\/siciliambiente-film-festival-tutti-i-premiati\/#webpage\",\"url\":\"https:\/\/arteeluoghi.it\/index.php\/2023\/07\/23\/siciliambiente-film-festival-tutti-i-premiati\/\",\"name\":\"SiciliAmbiente Film Festival. Tutti i premiati | Arte e Luoghi\",\"isPartOf\":{\"@id\":\"https:\/\/arteeluoghi.it\/#website\"},\"primaryImageOfPage\":{\"@id\":\"https:\/\/arteeluoghi.it\/index.php\/2023\/07\/23\/siciliambiente-film-festival-tutti-i-premiati\/#primaryimage\"},\"datePublished\":\"2023-07-23T11:05:00+00:00\",\"dateModified\":\"2023-08-18T11:09:54+00:00\",\"description\":\"Il festival diretto da Antonio Bellia promuove attraverso il linguaggio cinematografico la tutela dell'ambiente e dei diritti umani\",\"breadcrumb\":{\"@id\":\"https:\/\/arteeluoghi.it\/index.php\/2023\/07\/23\/siciliambiente-film-festival-tutti-i-premiati\/#breadcrumb\"},\"inLanguage\":\"it-IT\",\"potentialAction\":[{\"@type\":\"ReadAction\",\"target\":[\"https:\/\/arteeluoghi.it\/index.php\/2023\/07\/23\/siciliambiente-film-festival-tutti-i-premiati\/\"]}]},{\"@type\":\"BreadcrumbList\",\"@id\":\"https:\/\/arteeluoghi.it\/index.php\/2023\/07\/23\/siciliambiente-film-festival-tutti-i-premiati\/#breadcrumb\",\"itemListElement\":[{\"@type\":\"ListItem\",\"position\":1,\"name\":\"Home\",\"item\":\"https:\/\/arteeluoghi.it\/\"},{\"@type\":\"ListItem\",\"position\":2,\"name\":\"SiciliAmbiente Film Festival. Tutti i premiati\"}]},{\"@type\":\"Article\",\"@id\":\"https:\/\/arteeluoghi.it\/index.php\/2023\/07\/23\/siciliambiente-film-festival-tutti-i-premiati\/#article\",\"isPartOf\":{\"@id\":\"https:\/\/arteeluoghi.it\/index.php\/2023\/07\/23\/siciliambiente-film-festival-tutti-i-premiati\/#webpage\"},\"author\":{\"@id\":\"https:\/\/arteeluoghi.it\/#\/schema\/person\/f84e814e36e91e01448ee07eaadd41d4\"},\"headline\":\"SiciliAmbiente Film Festival. Tutti i premiati\",\"datePublished\":\"2023-07-23T11:05:00+00:00\",\"dateModified\":\"2023-08-18T11:09:54+00:00\",\"mainEntityOfPage\":{\"@id\":\"https:\/\/arteeluoghi.it\/index.php\/2023\/07\/23\/siciliambiente-film-festival-tutti-i-premiati\/#webpage\"},\"wordCount\":1884,\"commentCount\":0,\"publisher\":{\"@id\":\"https:\/\/arteeluoghi.it\/#organization\"},\"image\":{\"@id\":\"https:\/\/arteeluoghi.it\/index.php\/2023\/07\/23\/siciliambiente-film-festival-tutti-i-premiati\/#primaryimage\"},\"thumbnailUrl\":\"https:\/\/arteeluoghi.it\/wp-content\/uploads\/2023\/08\/siciliafestival.jpeg\",\"keywords\":[\"cinema\",\"Diritti Umani\",\"Premi SiciliAmbiente Film Festival\",\"Sicilia\",\"tutela ambientale\"],\"articleSection\":[\"Cinema\"],\"inLanguage\":\"it-IT\",\"potentialAction\":[{\"@type\":\"CommentAction\",\"name\":\"Comment\",\"target\":[\"https:\/\/arteeluoghi.it\/index.php\/2023\/07\/23\/siciliambiente-film-festival-tutti-i-premiati\/#respond\"]}]},{\"@type\":\"Person\",\"@id\":\"https:\/\/arteeluoghi.it\/#\/schema\/person\/f84e814e36e91e01448ee07eaadd41d4\",\"name\":\"Staff\",\"image\":{\"@type\":\"ImageObject\",\"@id\":\"https:\/\/arteeluoghi.it\/#personlogo\",\"inLanguage\":\"it-IT\",\"url\":\"https:\/\/secure.gravatar.com\/avatar\/49d2f9e46271bb04e19cebfaf141313a?s=96&d=blank&r=g\",\"contentUrl\":\"https:\/\/secure.gravatar.com\/avatar\/49d2f9e46271bb04e19cebfaf141313a?s=96&d=blank&r=g\",\"caption\":\"Staff\"}}]}<\/script>\n<!-- \/ Yoast SEO plugin. -->","yoast_head_json":{"title":"SiciliAmbiente Film Festival. Tutti i premiati | Arte e Luoghi","description":"Il festival diretto da Antonio Bellia promuove attraverso il linguaggio cinematografico la tutela dell'ambiente e dei diritti umani","robots":{"index":"index","follow":"follow","max-snippet":"max-snippet:-1","max-image-preview":"max-image-preview:large","max-video-preview":"max-video-preview:-1"},"canonical":"https:\/\/arteeluoghi.it\/index.php\/2023\/07\/23\/siciliambiente-film-festival-tutti-i-premiati\/","og_locale":"it_IT","og_type":"article","og_title":"SiciliAmbiente Film Festival. Tutti i premiati | Arte e Luoghi","og_description":"Il festival diretto da Antonio Bellia promuove attraverso il linguaggio cinematografico la tutela dell'ambiente e dei diritti umani","og_url":"https:\/\/arteeluoghi.it\/index.php\/2023\/07\/23\/siciliambiente-film-festival-tutti-i-premiati\/","og_site_name":"Arte e Luoghi","article_publisher":"https:\/\/www.facebook.com\/ArteELuoghi\/","article_published_time":"2023-07-23T11:05:00+00:00","article_modified_time":"2023-08-18T11:09:54+00:00","og_image":[{"width":348,"height":145,"url":"https:\/\/arteeluoghi.it\/wp-content\/uploads\/2023\/08\/siciliafestival.jpeg","type":"image\/jpeg"}],"twitter_card":"summary","twitter_creator":"@arteeluoghi","twitter_site":"@arteeluoghi","twitter_misc":{"Scritto da":"Staff","Tempo di lettura stimato":"10 minuti"},"schema":{"@context":"https:\/\/schema.org","@graph":[{"@type":"Organization","@id":"https:\/\/arteeluoghi.it\/#organization","name":"Arte e Luoghi","url":"https:\/\/arteeluoghi.it\/","sameAs":["https:\/\/www.facebook.com\/ArteELuoghi\/","https:\/\/www.instagram.com\/arteeluoghi\/?hl=it","https:\/\/www.youtube.com\/channel\/UCuRVc4JW4-C5sg9rQB-srkw?view_as=subscriber","https:\/\/twitter.com\/arteeluoghi"],"logo":{"@type":"ImageObject","@id":"https:\/\/arteeluoghi.it\/#logo","inLanguage":"it-IT","url":"https:\/\/arteeluoghi.it\/wp-content\/uploads\/2018\/08\/logoinstagramarte.jpg","contentUrl":"https:\/\/arteeluoghi.it\/wp-content\/uploads\/2018\/08\/logoinstagramarte.jpg","width":150,"height":150,"caption":"Arte e Luoghi"},"image":{"@id":"https:\/\/arteeluoghi.it\/#logo"}},{"@type":"WebSite","@id":"https:\/\/arteeluoghi.it\/#website","url":"https:\/\/arteeluoghi.it\/","name":"Arte e Luoghi","description":"Mensile di arte, cultura, turismo e curiosit\u00e0","publisher":{"@id":"https:\/\/arteeluoghi.it\/#organization"},"potentialAction":[{"@type":"SearchAction","target":{"@type":"EntryPoint","urlTemplate":"https:\/\/arteeluoghi.it\/?s={search_term_string}"},"query-input":"required name=search_term_string"}],"inLanguage":"it-IT"},{"@type":"ImageObject","@id":"https:\/\/arteeluoghi.it\/index.php\/2023\/07\/23\/siciliambiente-film-festival-tutti-i-premiati\/#primaryimage","inLanguage":"it-IT","url":"https:\/\/arteeluoghi.it\/wp-content\/uploads\/2023\/08\/siciliafestival.jpeg","contentUrl":"https:\/\/arteeluoghi.it\/wp-content\/uploads\/2023\/08\/siciliafestival.jpeg","width":348,"height":145},{"@type":"WebPage","@id":"https:\/\/arteeluoghi.it\/index.php\/2023\/07\/23\/siciliambiente-film-festival-tutti-i-premiati\/#webpage","url":"https:\/\/arteeluoghi.it\/index.php\/2023\/07\/23\/siciliambiente-film-festival-tutti-i-premiati\/","name":"SiciliAmbiente Film Festival. Tutti i premiati | Arte e Luoghi","isPartOf":{"@id":"https:\/\/arteeluoghi.it\/#website"},"primaryImageOfPage":{"@id":"https:\/\/arteeluoghi.it\/index.php\/2023\/07\/23\/siciliambiente-film-festival-tutti-i-premiati\/#primaryimage"},"datePublished":"2023-07-23T11:05:00+00:00","dateModified":"2023-08-18T11:09:54+00:00","description":"Il festival diretto da Antonio Bellia promuove attraverso il linguaggio cinematografico la tutela dell'ambiente e dei diritti umani","breadcrumb":{"@id":"https:\/\/arteeluoghi.it\/index.php\/2023\/07\/23\/siciliambiente-film-festival-tutti-i-premiati\/#breadcrumb"},"inLanguage":"it-IT","potentialAction":[{"@type":"ReadAction","target":["https:\/\/arteeluoghi.it\/index.php\/2023\/07\/23\/siciliambiente-film-festival-tutti-i-premiati\/"]}]},{"@type":"BreadcrumbList","@id":"https:\/\/arteeluoghi.it\/index.php\/2023\/07\/23\/siciliambiente-film-festival-tutti-i-premiati\/#breadcrumb","itemListElement":[{"@type":"ListItem","position":1,"name":"Home","item":"https:\/\/arteeluoghi.it\/"},{"@type":"ListItem","position":2,"name":"SiciliAmbiente Film Festival. Tutti i premiati"}]},{"@type":"Article","@id":"https:\/\/arteeluoghi.it\/index.php\/2023\/07\/23\/siciliambiente-film-festival-tutti-i-premiati\/#article","isPartOf":{"@id":"https:\/\/arteeluoghi.it\/index.php\/2023\/07\/23\/siciliambiente-film-festival-tutti-i-premiati\/#webpage"},"author":{"@id":"https:\/\/arteeluoghi.it\/#\/schema\/person\/f84e814e36e91e01448ee07eaadd41d4"},"headline":"SiciliAmbiente Film Festival. Tutti i premiati","datePublished":"2023-07-23T11:05:00+00:00","dateModified":"2023-08-18T11:09:54+00:00","mainEntityOfPage":{"@id":"https:\/\/arteeluoghi.it\/index.php\/2023\/07\/23\/siciliambiente-film-festival-tutti-i-premiati\/#webpage"},"wordCount":1884,"commentCount":0,"publisher":{"@id":"https:\/\/arteeluoghi.it\/#organization"},"image":{"@id":"https:\/\/arteeluoghi.it\/index.php\/2023\/07\/23\/siciliambiente-film-festival-tutti-i-premiati\/#primaryimage"},"thumbnailUrl":"https:\/\/arteeluoghi.it\/wp-content\/uploads\/2023\/08\/siciliafestival.jpeg","keywords":["cinema","Diritti Umani","Premi SiciliAmbiente Film Festival","Sicilia","tutela ambientale"],"articleSection":["Cinema"],"inLanguage":"it-IT","potentialAction":[{"@type":"CommentAction","name":"Comment","target":["https:\/\/arteeluoghi.it\/index.php\/2023\/07\/23\/siciliambiente-film-festival-tutti-i-premiati\/#respond"]}]},{"@type":"Person","@id":"https:\/\/arteeluoghi.it\/#\/schema\/person\/f84e814e36e91e01448ee07eaadd41d4","name":"Staff","image":{"@type":"ImageObject","@id":"https:\/\/arteeluoghi.it\/#personlogo","inLanguage":"it-IT","url":"https:\/\/secure.gravatar.com\/avatar\/49d2f9e46271bb04e19cebfaf141313a?s=96&d=blank&r=g","contentUrl":"https:\/\/secure.gravatar.com\/avatar\/49d2f9e46271bb04e19cebfaf141313a?s=96&d=blank&r=g","caption":"Staff"}}]}},"_links":{"self":[{"href":"https:\/\/arteeluoghi.it\/index.php\/wp-json\/wp\/v2\/posts\/13159"}],"collection":[{"href":"https:\/\/arteeluoghi.it\/index.php\/wp-json\/wp\/v2\/posts"}],"about":[{"href":"https:\/\/arteeluoghi.it\/index.php\/wp-json\/wp\/v2\/types\/post"}],"author":[{"embeddable":true,"href":"https:\/\/arteeluoghi.it\/index.php\/wp-json\/wp\/v2\/users\/1"}],"replies":[{"embeddable":true,"href":"https:\/\/arteeluoghi.it\/index.php\/wp-json\/wp\/v2\/comments?post=13159"}],"version-history":[{"count":1,"href":"https:\/\/arteeluoghi.it\/index.php\/wp-json\/wp\/v2\/posts\/13159\/revisions"}],"predecessor-version":[{"id":13161,"href":"https:\/\/arteeluoghi.it\/index.php\/wp-json\/wp\/v2\/posts\/13159\/revisions\/13161"}],"wp:featuredmedia":[{"embeddable":true,"href":"https:\/\/arteeluoghi.it\/index.php\/wp-json\/wp\/v2\/media\/13160"}],"wp:attachment":[{"href":"https:\/\/arteeluoghi.it\/index.php\/wp-json\/wp\/v2\/media?parent=13159"}],"wp:term":[{"taxonomy":"category","embeddable":true,"href":"https:\/\/arteeluoghi.it\/index.php\/wp-json\/wp\/v2\/categories?post=13159"},{"taxonomy":"post_tag","embeddable":true,"href":"https:\/\/arteeluoghi.it\/index.php\/wp-json\/wp\/v2\/tags?post=13159"}],"curies":[{"name":"wp","href":"https:\/\/api.w.org\/{rel}","templated":true}]}}