{"id":13263,"date":"2023-08-01T00:28:00","date_gmt":"2023-07-31T22:28:00","guid":{"rendered":"https:\/\/arteeluoghi.it\/?p=13263"},"modified":"2023-09-02T00:33:27","modified_gmt":"2023-09-01T22:33:27","slug":"13263","status":"publish","type":"post","link":"https:\/\/arteeluoghi.it\/index.php\/2023\/08\/01\/13263\/","title":{"rendered":""},"content":{"rendered":"\n<h1>Negramaro #N20Back Home<br>a casa per un concerto da brividi<\/h1>\n\n\n\n<blockquote class=\"wp-block-quote\"><p>Il 12 agosto il concerto della band salentina che fa ritorno a casa e celebra i venti anni dal disco d\u2019esordio<\/p><\/blockquote>\n\n\n\n<p>#N20BackHome. Un hashtag che richiama il concerto dei Negramaro in programma il 12 agosto a Galatina, Aeroporto Fortunato Cesari. Sar\u00e0 un evento speciale perch\u00e9 la band \u2013 Giuliano Sangiorgi (voce, piano e chitarre), Emanuele Spedicato (chitarre), Ermanno Carl\u00e0 (basso), Danilo Tasco (batteria), Andrea Mariano (pianoforte, sintetizzatori, programming, editing), Andrea De Rocco (campionatore) \u2013 festegger\u00e0 con il pubblico pugliese che lo ha sostenuto sin dagli esordi venti anni di una carriera incastonata da gemme musicali, brani che hanno scritto la storia della musica leggera, a partire da quel primo album intitolato semplicemente \u201cNegramaro\u201d. Un nome \u00abvolutamente scelto come legame di continuit\u00e0 con le nostre origini, senza per\u00f2 esasperare la cultura tradizionale\u00bb, con un richiamo sicuramente all\u2019energia e l\u2019istintivit\u00e0 di una terra a cui sono profondamente legati. E per celebrare il 20\u00b0 anniversario dall\u2019uscita dell\u2019omonimo album, il disco d\u2019esordio \u00e8 stato rieditato in vinile in una edizione esclusiva e limitata. E dopo le tappe del tour che li ha visti suonare a Roma, alle Terme di Caracalla, a Siracusa al Teatro Greco, prima di volare a Verona, dove si esibiranno il 22, 23 e 24 settembre all\u2019Arena, i Negramaro tornano a casa con un concerto che si preannuncia epocale con ospiti straordinari, molti dei quali gi\u00e0 annunciati sul sito ufficiale: Cesare Dell\u2019Anna e Raffaele Casarano, Fiorella Mannoia, Mallika Ayane, Diodato, Samuele Bersani. La presenza sul palco anche dei neosposi Nicoletta Manni e Timofej Andrijashenko, i primi ballerini del Teatro alla Scala di Milano che hanno scelto la basilica di Santa Caterina a Galatina per dirsi \u201cs\u00ec\u201d. Una scelta di cuore per l\u2019etoile di origini galatinesi e si sa che il ritorno alle origini \u00e8 una forza impalpabile quanto indescrivibile. Lo stesso Giuliano in uno scritto per \u201cQuotidiano\u201d ha spiegato ci\u00f2 che rappresenta questo \u201cback home\u201d, questa festa dei vent\u2019anni dei Negramaro, voluta nella loro \u201ccasa\u201d dove tutto ha avuto inizio e come proprio le parole del brano \u201cTi \u00e8 mai successo\u201d esprimano il senso di questo ritorno.Che poi \u00e8 un comune sentire e in questo sta l\u2019universalit\u00e0 della musica: \u201cTi \u00e8 mai successo di voler tornare, a tutto quello che credevi fosse da fuggire e non sapere proprio come fare, ci fosse un modo per ricominciare\u2026 pensare in fondo che non era cos\u00ec male, che amore \u00e8, se non hai niente pi\u00f9 da odiare?!\u201d (an.fu.)<\/p>\n\n\n\n<p><\/p>\n","protected":false},"excerpt":{"rendered":"<p>Negramaro #N20Back Homea casa per un concerto da brividi Il 12 agosto il concerto della band salentina che fa ritorno<\/p>\n","protected":false},"author":1,"featured_media":13265,"comment_status":"open","ping_status":"open","sticky":true,"template":"","format":"standard","meta":[],"categories":[12],"tags":[5385,5384,3599,238,5383,2075,5381,5382,5386,846,1846,5388,235,1166,5249,5387],"yoast_head":"<!-- This site is optimized with the Yoast SEO plugin v18.0 - https:\/\/yoast.com\/wordpress\/plugins\/seo\/ -->\n<title>| Arte e Luoghi<\/title>\n<meta name=\"description\" content=\"Il 12 agosto il concerto della band salentina che fa ritorno a casa e celebra i venti anni dal disco d\u2019esordio\" \/>\n<meta name=\"robots\" content=\"index, follow, max-snippet:-1, max-image-preview:large, max-video-preview:-1\" \/>\n<link rel=\"canonical\" href=\"https:\/\/arteeluoghi.it\/index.php\/2023\/08\/01\/13263\/\" \/>\n<meta property=\"og:locale\" content=\"it_IT\" \/>\n<meta property=\"og:type\" content=\"article\" \/>\n<meta property=\"og:title\" content=\"| Arte e Luoghi\" \/>\n<meta property=\"og:description\" content=\"Il 12 agosto il concerto della band salentina che fa ritorno a casa e celebra i venti anni dal disco d\u2019esordio\" \/>\n<meta property=\"og:url\" content=\"https:\/\/arteeluoghi.it\/index.php\/2023\/08\/01\/13263\/\" \/>\n<meta property=\"og:site_name\" content=\"Arte e Luoghi\" \/>\n<meta property=\"article:publisher\" content=\"https:\/\/www.facebook.com\/ArteELuoghi\/\" \/>\n<meta property=\"article:published_time\" content=\"2023-07-31T22:28:00+00:00\" \/>\n<meta property=\"article:modified_time\" content=\"2023-09-01T22:33:27+00:00\" \/>\n<meta property=\"og:image\" content=\"https:\/\/arteeluoghi.it\/wp-content\/uploads\/2023\/08\/20230727_125902_4hIceNsVK9SRlgYJxXqWKVbU8hzy3uiBy3GJ93Pg.jpeg\" \/>\n\t<meta property=\"og:image:width\" content=\"1920\" \/>\n\t<meta property=\"og:image:height\" content=\"1004\" \/>\n\t<meta property=\"og:image:type\" content=\"image\/jpeg\" \/>\n<meta name=\"twitter:card\" content=\"summary\" \/>\n<meta name=\"twitter:creator\" content=\"@arteeluoghi\" \/>\n<meta name=\"twitter:site\" content=\"@arteeluoghi\" \/>\n<meta name=\"twitter:label1\" content=\"Scritto da\" \/>\n\t<meta name=\"twitter:data1\" content=\"Staff\" \/>\n\t<meta name=\"twitter:label2\" content=\"Tempo di lettura stimato\" \/>\n\t<meta name=\"twitter:data2\" content=\"3 minuti\" \/>\n<script type=\"application\/ld+json\" class=\"yoast-schema-graph\">{\"@context\":\"https:\/\/schema.org\",\"@graph\":[{\"@type\":\"Organization\",\"@id\":\"https:\/\/arteeluoghi.it\/#organization\",\"name\":\"Arte e Luoghi\",\"url\":\"https:\/\/arteeluoghi.it\/\",\"sameAs\":[\"https:\/\/www.facebook.com\/ArteELuoghi\/\",\"https:\/\/www.instagram.com\/arteeluoghi\/?hl=it\",\"https:\/\/www.youtube.com\/channel\/UCuRVc4JW4-C5sg9rQB-srkw?view_as=subscriber\",\"https:\/\/twitter.com\/arteeluoghi\"],\"logo\":{\"@type\":\"ImageObject\",\"@id\":\"https:\/\/arteeluoghi.it\/#logo\",\"inLanguage\":\"it-IT\",\"url\":\"https:\/\/arteeluoghi.it\/wp-content\/uploads\/2018\/08\/logoinstagramarte.jpg\",\"contentUrl\":\"https:\/\/arteeluoghi.it\/wp-content\/uploads\/2018\/08\/logoinstagramarte.jpg\",\"width\":150,\"height\":150,\"caption\":\"Arte e Luoghi\"},\"image\":{\"@id\":\"https:\/\/arteeluoghi.it\/#logo\"}},{\"@type\":\"WebSite\",\"@id\":\"https:\/\/arteeluoghi.it\/#website\",\"url\":\"https:\/\/arteeluoghi.it\/\",\"name\":\"Arte e Luoghi\",\"description\":\"Mensile di arte, cultura, turismo e curiosit\u00e0\",\"publisher\":{\"@id\":\"https:\/\/arteeluoghi.it\/#organization\"},\"potentialAction\":[{\"@type\":\"SearchAction\",\"target\":{\"@type\":\"EntryPoint\",\"urlTemplate\":\"https:\/\/arteeluoghi.it\/?s={search_term_string}\"},\"query-input\":\"required name=search_term_string\"}],\"inLanguage\":\"it-IT\"},{\"@type\":\"ImageObject\",\"@id\":\"https:\/\/arteeluoghi.it\/index.php\/2023\/08\/01\/13263\/#primaryimage\",\"inLanguage\":\"it-IT\",\"url\":\"https:\/\/arteeluoghi.it\/wp-content\/uploads\/2023\/08\/20230727_125902_4hIceNsVK9SRlgYJxXqWKVbU8hzy3uiBy3GJ93Pg.jpeg\",\"contentUrl\":\"https:\/\/arteeluoghi.it\/wp-content\/uploads\/2023\/08\/20230727_125902_4hIceNsVK9SRlgYJxXqWKVbU8hzy3uiBy3GJ93Pg.jpeg\",\"width\":1920,\"height\":1004},{\"@type\":\"WebPage\",\"@id\":\"https:\/\/arteeluoghi.it\/index.php\/2023\/08\/01\/13263\/#webpage\",\"url\":\"https:\/\/arteeluoghi.it\/index.php\/2023\/08\/01\/13263\/\",\"name\":\"| Arte e Luoghi\",\"isPartOf\":{\"@id\":\"https:\/\/arteeluoghi.it\/#website\"},\"primaryImageOfPage\":{\"@id\":\"https:\/\/arteeluoghi.it\/index.php\/2023\/08\/01\/13263\/#primaryimage\"},\"datePublished\":\"2023-07-31T22:28:00+00:00\",\"dateModified\":\"2023-09-01T22:33:27+00:00\",\"description\":\"Il 12 agosto il concerto della band salentina che fa ritorno a casa e celebra i venti anni dal disco d\u2019esordio\",\"breadcrumb\":{\"@id\":\"https:\/\/arteeluoghi.it\/index.php\/2023\/08\/01\/13263\/#breadcrumb\"},\"inLanguage\":\"it-IT\",\"potentialAction\":[{\"@type\":\"ReadAction\",\"target\":[\"https:\/\/arteeluoghi.it\/index.php\/2023\/08\/01\/13263\/\"]}]},{\"@type\":\"BreadcrumbList\",\"@id\":\"https:\/\/arteeluoghi.it\/index.php\/2023\/08\/01\/13263\/#breadcrumb\",\"itemListElement\":[{\"@type\":\"ListItem\",\"position\":1,\"name\":\"Home\",\"item\":\"https:\/\/arteeluoghi.it\/\"},{\"@type\":\"ListItem\",\"position\":2,\"name\":\"\"}]},{\"@type\":\"Article\",\"@id\":\"https:\/\/arteeluoghi.it\/index.php\/2023\/08\/01\/13263\/#article\",\"isPartOf\":{\"@id\":\"https:\/\/arteeluoghi.it\/index.php\/2023\/08\/01\/13263\/#webpage\"},\"author\":{\"@id\":\"https:\/\/arteeluoghi.it\/#\/schema\/person\/f84e814e36e91e01448ee07eaadd41d4\"},\"headline\":\"Nessun titolo\",\"datePublished\":\"2023-07-31T22:28:00+00:00\",\"dateModified\":\"2023-09-01T22:33:27+00:00\",\"mainEntityOfPage\":{\"@id\":\"https:\/\/arteeluoghi.it\/index.php\/2023\/08\/01\/13263\/#webpage\"},\"wordCount\":414,\"commentCount\":0,\"publisher\":{\"@id\":\"https:\/\/arteeluoghi.it\/#organization\"},\"image\":{\"@id\":\"https:\/\/arteeluoghi.it\/index.php\/2023\/08\/01\/13263\/#primaryimage\"},\"thumbnailUrl\":\"https:\/\/arteeluoghi.it\/wp-content\/uploads\/2023\/08\/20230727_125902_4hIceNsVK9SRlgYJxXqWKVbU8hzy3uiBy3GJ93Pg.jpeg\",\"keywords\":[\"Aeroporto\",\"Andrea De Rocco\",\"Andrea Mariano\",\"Cesare dell'Anna\",\"Danilo Tasco\",\"Diodato\",\"Emanuele Spedicato\",\"Ermanno Carl\u00e0\",\"Fiorella Mannoia\",\"Galatina\",\"Giuliano Sangiorgi\",\"Mallika Ayane\",\"musica\",\"Negramaro\",\"Raffaele Casarano\",\"Samuele Bersani\"],\"articleSection\":[\"MUSICA\"],\"inLanguage\":\"it-IT\",\"potentialAction\":[{\"@type\":\"CommentAction\",\"name\":\"Comment\",\"target\":[\"https:\/\/arteeluoghi.it\/index.php\/2023\/08\/01\/13263\/#respond\"]}]},{\"@type\":\"Person\",\"@id\":\"https:\/\/arteeluoghi.it\/#\/schema\/person\/f84e814e36e91e01448ee07eaadd41d4\",\"name\":\"Staff\",\"image\":{\"@type\":\"ImageObject\",\"@id\":\"https:\/\/arteeluoghi.it\/#personlogo\",\"inLanguage\":\"it-IT\",\"url\":\"https:\/\/secure.gravatar.com\/avatar\/49d2f9e46271bb04e19cebfaf141313a?s=96&d=blank&r=g\",\"contentUrl\":\"https:\/\/secure.gravatar.com\/avatar\/49d2f9e46271bb04e19cebfaf141313a?s=96&d=blank&r=g\",\"caption\":\"Staff\"}}]}<\/script>\n<!-- \/ Yoast SEO plugin. -->","yoast_head_json":{"title":"| Arte e Luoghi","description":"Il 12 agosto il concerto della band salentina che fa ritorno a casa e celebra i venti anni dal disco d\u2019esordio","robots":{"index":"index","follow":"follow","max-snippet":"max-snippet:-1","max-image-preview":"max-image-preview:large","max-video-preview":"max-video-preview:-1"},"canonical":"https:\/\/arteeluoghi.it\/index.php\/2023\/08\/01\/13263\/","og_locale":"it_IT","og_type":"article","og_title":"| Arte e Luoghi","og_description":"Il 12 agosto il concerto della band salentina che fa ritorno a casa e celebra i venti anni dal disco d\u2019esordio","og_url":"https:\/\/arteeluoghi.it\/index.php\/2023\/08\/01\/13263\/","og_site_name":"Arte e Luoghi","article_publisher":"https:\/\/www.facebook.com\/ArteELuoghi\/","article_published_time":"2023-07-31T22:28:00+00:00","article_modified_time":"2023-09-01T22:33:27+00:00","og_image":[{"width":1920,"height":1004,"url":"https:\/\/arteeluoghi.it\/wp-content\/uploads\/2023\/08\/20230727_125902_4hIceNsVK9SRlgYJxXqWKVbU8hzy3uiBy3GJ93Pg.jpeg","type":"image\/jpeg"}],"twitter_card":"summary","twitter_creator":"@arteeluoghi","twitter_site":"@arteeluoghi","twitter_misc":{"Scritto da":"Staff","Tempo di lettura stimato":"3 minuti"},"schema":{"@context":"https:\/\/schema.org","@graph":[{"@type":"Organization","@id":"https:\/\/arteeluoghi.it\/#organization","name":"Arte e Luoghi","url":"https:\/\/arteeluoghi.it\/","sameAs":["https:\/\/www.facebook.com\/ArteELuoghi\/","https:\/\/www.instagram.com\/arteeluoghi\/?hl=it","https:\/\/www.youtube.com\/channel\/UCuRVc4JW4-C5sg9rQB-srkw?view_as=subscriber","https:\/\/twitter.com\/arteeluoghi"],"logo":{"@type":"ImageObject","@id":"https:\/\/arteeluoghi.it\/#logo","inLanguage":"it-IT","url":"https:\/\/arteeluoghi.it\/wp-content\/uploads\/2018\/08\/logoinstagramarte.jpg","contentUrl":"https:\/\/arteeluoghi.it\/wp-content\/uploads\/2018\/08\/logoinstagramarte.jpg","width":150,"height":150,"caption":"Arte e Luoghi"},"image":{"@id":"https:\/\/arteeluoghi.it\/#logo"}},{"@type":"WebSite","@id":"https:\/\/arteeluoghi.it\/#website","url":"https:\/\/arteeluoghi.it\/","name":"Arte e Luoghi","description":"Mensile di arte, cultura, turismo e curiosit\u00e0","publisher":{"@id":"https:\/\/arteeluoghi.it\/#organization"},"potentialAction":[{"@type":"SearchAction","target":{"@type":"EntryPoint","urlTemplate":"https:\/\/arteeluoghi.it\/?s={search_term_string}"},"query-input":"required name=search_term_string"}],"inLanguage":"it-IT"},{"@type":"ImageObject","@id":"https:\/\/arteeluoghi.it\/index.php\/2023\/08\/01\/13263\/#primaryimage","inLanguage":"it-IT","url":"https:\/\/arteeluoghi.it\/wp-content\/uploads\/2023\/08\/20230727_125902_4hIceNsVK9SRlgYJxXqWKVbU8hzy3uiBy3GJ93Pg.jpeg","contentUrl":"https:\/\/arteeluoghi.it\/wp-content\/uploads\/2023\/08\/20230727_125902_4hIceNsVK9SRlgYJxXqWKVbU8hzy3uiBy3GJ93Pg.jpeg","width":1920,"height":1004},{"@type":"WebPage","@id":"https:\/\/arteeluoghi.it\/index.php\/2023\/08\/01\/13263\/#webpage","url":"https:\/\/arteeluoghi.it\/index.php\/2023\/08\/01\/13263\/","name":"| Arte e Luoghi","isPartOf":{"@id":"https:\/\/arteeluoghi.it\/#website"},"primaryImageOfPage":{"@id":"https:\/\/arteeluoghi.it\/index.php\/2023\/08\/01\/13263\/#primaryimage"},"datePublished":"2023-07-31T22:28:00+00:00","dateModified":"2023-09-01T22:33:27+00:00","description":"Il 12 agosto il concerto della band salentina che fa ritorno a casa e celebra i venti anni dal disco d\u2019esordio","breadcrumb":{"@id":"https:\/\/arteeluoghi.it\/index.php\/2023\/08\/01\/13263\/#breadcrumb"},"inLanguage":"it-IT","potentialAction":[{"@type":"ReadAction","target":["https:\/\/arteeluoghi.it\/index.php\/2023\/08\/01\/13263\/"]}]},{"@type":"BreadcrumbList","@id":"https:\/\/arteeluoghi.it\/index.php\/2023\/08\/01\/13263\/#breadcrumb","itemListElement":[{"@type":"ListItem","position":1,"name":"Home","item":"https:\/\/arteeluoghi.it\/"},{"@type":"ListItem","position":2,"name":""}]},{"@type":"Article","@id":"https:\/\/arteeluoghi.it\/index.php\/2023\/08\/01\/13263\/#article","isPartOf":{"@id":"https:\/\/arteeluoghi.it\/index.php\/2023\/08\/01\/13263\/#webpage"},"author":{"@id":"https:\/\/arteeluoghi.it\/#\/schema\/person\/f84e814e36e91e01448ee07eaadd41d4"},"headline":"Nessun titolo","datePublished":"2023-07-31T22:28:00+00:00","dateModified":"2023-09-01T22:33:27+00:00","mainEntityOfPage":{"@id":"https:\/\/arteeluoghi.it\/index.php\/2023\/08\/01\/13263\/#webpage"},"wordCount":414,"commentCount":0,"publisher":{"@id":"https:\/\/arteeluoghi.it\/#organization"},"image":{"@id":"https:\/\/arteeluoghi.it\/index.php\/2023\/08\/01\/13263\/#primaryimage"},"thumbnailUrl":"https:\/\/arteeluoghi.it\/wp-content\/uploads\/2023\/08\/20230727_125902_4hIceNsVK9SRlgYJxXqWKVbU8hzy3uiBy3GJ93Pg.jpeg","keywords":["Aeroporto","Andrea De Rocco","Andrea Mariano","Cesare dell'Anna","Danilo Tasco","Diodato","Emanuele Spedicato","Ermanno Carl\u00e0","Fiorella Mannoia","Galatina","Giuliano Sangiorgi","Mallika Ayane","musica","Negramaro","Raffaele Casarano","Samuele Bersani"],"articleSection":["MUSICA"],"inLanguage":"it-IT","potentialAction":[{"@type":"CommentAction","name":"Comment","target":["https:\/\/arteeluoghi.it\/index.php\/2023\/08\/01\/13263\/#respond"]}]},{"@type":"Person","@id":"https:\/\/arteeluoghi.it\/#\/schema\/person\/f84e814e36e91e01448ee07eaadd41d4","name":"Staff","image":{"@type":"ImageObject","@id":"https:\/\/arteeluoghi.it\/#personlogo","inLanguage":"it-IT","url":"https:\/\/secure.gravatar.com\/avatar\/49d2f9e46271bb04e19cebfaf141313a?s=96&d=blank&r=g","contentUrl":"https:\/\/secure.gravatar.com\/avatar\/49d2f9e46271bb04e19cebfaf141313a?s=96&d=blank&r=g","caption":"Staff"}}]}},"_links":{"self":[{"href":"https:\/\/arteeluoghi.it\/index.php\/wp-json\/wp\/v2\/posts\/13263"}],"collection":[{"href":"https:\/\/arteeluoghi.it\/index.php\/wp-json\/wp\/v2\/posts"}],"about":[{"href":"https:\/\/arteeluoghi.it\/index.php\/wp-json\/wp\/v2\/types\/post"}],"author":[{"embeddable":true,"href":"https:\/\/arteeluoghi.it\/index.php\/wp-json\/wp\/v2\/users\/1"}],"replies":[{"embeddable":true,"href":"https:\/\/arteeluoghi.it\/index.php\/wp-json\/wp\/v2\/comments?post=13263"}],"version-history":[{"count":1,"href":"https:\/\/arteeluoghi.it\/index.php\/wp-json\/wp\/v2\/posts\/13263\/revisions"}],"predecessor-version":[{"id":13264,"href":"https:\/\/arteeluoghi.it\/index.php\/wp-json\/wp\/v2\/posts\/13263\/revisions\/13264"}],"wp:featuredmedia":[{"embeddable":true,"href":"https:\/\/arteeluoghi.it\/index.php\/wp-json\/wp\/v2\/media\/13265"}],"wp:attachment":[{"href":"https:\/\/arteeluoghi.it\/index.php\/wp-json\/wp\/v2\/media?parent=13263"}],"wp:term":[{"taxonomy":"category","embeddable":true,"href":"https:\/\/arteeluoghi.it\/index.php\/wp-json\/wp\/v2\/categories?post=13263"},{"taxonomy":"post_tag","embeddable":true,"href":"https:\/\/arteeluoghi.it\/index.php\/wp-json\/wp\/v2\/tags?post=13263"}],"curies":[{"name":"wp","href":"https:\/\/api.w.org\/{rel}","templated":true}]}}