{"id":13303,"date":"2023-08-01T16:57:00","date_gmt":"2023-08-01T14:57:00","guid":{"rendered":"https:\/\/arteeluoghi.it\/?p=13303"},"modified":"2023-09-02T17:01:14","modified_gmt":"2023-09-02T15:01:14","slug":"la-conserva-della-neve-in-mostra-le-piante-rare","status":"publish","type":"post","link":"https:\/\/arteeluoghi.it\/index.php\/2023\/08\/01\/la-conserva-della-neve-in-mostra-le-piante-rare\/","title":{"rendered":"La Conserva della Neve.  In mostra le piante rare"},"content":{"rendered":"\n<blockquote class=\"wp-block-quote\"><p>Dal 15 al 17 settembre nell\u2019Orto botanico di Roma n mostra piante rare e conferenze con studiosi ed esperti di settore<\/p><\/blockquote>\n\n\n\n<p>Torna a settembre, per la sua XIXesima edizione, La Conserva della Neve, la grande kermesse sulle piante rare e da collezione realizzata dall\u2019omonima associazione culturale in collaborazione con il Museo Orto Botanico \/ Sapienza Universit\u00e0 di Roma.<br>Nei giardini dell\u2019Orto Botanico, dal 15 al 17 settembre, quest\u2019anno i visitatori potranno conoscere i segreti della vegetazione che meglio riesce ad integrarsi e sopravvivere con i cambiamenti ambientali: in particolare, il tema prescelto per il 2023 \u00e8 \u201cRicerca e strategia di adattamento delle specie di piante da frutto e ornamentali che meglio si adattano all\u2019attuale evoluzione del nostro clima\u201d.<\/p>\n\n\n\n<!--more-->\n\n\n\n<p><br>Oltre un centinaio di espositori, tra vivai e associazioni con attivit\u00e0 incentrate sulla formazione, produzione e divulgazione del green e dell\u2019artigianato ad esso correlato saranno a disposizione per approfondimenti sulle aree di specifica esperienza.<br>Nei tre giorni di questa manifestazione immersiva storicamente apprezzata da un target di pubblico differenziato per et\u00e0 e aree di interesse, si svolgeranno anche alcuni appuntamenti per intenditori ed appassionati: tra questi la conferenza su \u201cStoria, segreti e curiosit\u00e0 sulle antiche variet\u00e0 dei pomodori dimenticati\u201d condotta da Maurizio Leonardo, esperto e collezionista di quasi 2000 variet\u00e0 di pomodoro esistenti, la presentazione del libro \u201cParchi e giardini dell\u2019EUR. Genesi e sviluppo delle aree verdi dell\u2019E42\u201d e l\u2019introduzione, in anteprima italiana, del saggio \u201cRoses in the fire of spring\u201d di Viru e Girija Viraraghavan, rosaisti e ibridatori di fama internazionale a cui si devono molte creazioni di rose resistenti ai climi tropicali.<br>Novit\u00e0 di questa edizione \u00e8 anche l\u2019istituzione di un riconoscimento per gli espositori dedicato a tre categorie distinte: la migliore Collezione botanica, la rarit\u00e0 botanica pi\u00f9 interessante e, per i non vivaisti, un premio alla creativit\u00e0, innovazione e originalit\u00e0. I partecipanti saranno giudicati da un comitato composto da illustri esponenti del mondo del verde; la premiazione avr\u00e0 luogo nel pomeriggio dell\u2019ultimo giorno della Conserva.<br>La mostra offrir\u00e0 inoltre la possibilit\u00e0, per chi ne avesse necessit\u00e0, di usufruire di macchinette elettriche per gli spostamenti all\u2019interno dell\u2019area espositiva.<br>Si ricorda a tutti gli interessati che sono ancora disponibili delle aree per poter esporre. Le candidature vanno inviate entro il 31 agosto alla mail info@laconservadellaneve.com<\/p>\n","protected":false},"excerpt":{"rendered":"<p>Dal 15 al 17 settembre nell\u2019Orto botanico di Roma n mostra piante rare e conferenze con studiosi ed esperti di<\/p>\n","protected":false},"author":1,"featured_media":13304,"comment_status":"open","ping_status":"open","sticky":true,"template":"","format":"standard","meta":[],"categories":[8,28],"tags":[5428,5429,5430,485],"yoast_head":"<!-- This site is optimized with the Yoast SEO plugin v18.0 - https:\/\/yoast.com\/wordpress\/plugins\/seo\/ -->\n<title>La Conserva della Neve. In mostra le piante rare | Arte e Luoghi<\/title>\n<meta name=\"description\" content=\"Dal 15 al 17 settembre nell\u2019Orto botanico di Roma in mostra piante rare e conferenze con studiosi ed esperti di settore\" \/>\n<meta name=\"robots\" content=\"index, follow, max-snippet:-1, max-image-preview:large, max-video-preview:-1\" \/>\n<link rel=\"canonical\" href=\"https:\/\/arteeluoghi.it\/index.php\/2023\/08\/01\/la-conserva-della-neve-in-mostra-le-piante-rare\/\" \/>\n<meta property=\"og:locale\" content=\"it_IT\" \/>\n<meta property=\"og:type\" content=\"article\" \/>\n<meta property=\"og:title\" content=\"La Conserva della Neve. In mostra le piante rare | Arte e Luoghi\" \/>\n<meta property=\"og:description\" content=\"Dal 15 al 17 settembre nell\u2019Orto botanico di Roma in mostra piante rare e conferenze con studiosi ed esperti di settore\" \/>\n<meta property=\"og:url\" content=\"https:\/\/arteeluoghi.it\/index.php\/2023\/08\/01\/la-conserva-della-neve-in-mostra-le-piante-rare\/\" \/>\n<meta property=\"og:site_name\" content=\"Arte e Luoghi\" \/>\n<meta property=\"article:publisher\" content=\"https:\/\/www.facebook.com\/ArteELuoghi\/\" \/>\n<meta property=\"article:published_time\" content=\"2023-08-01T14:57:00+00:00\" \/>\n<meta property=\"article:modified_time\" content=\"2023-09-02T15:01:14+00:00\" \/>\n<meta property=\"og:image\" content=\"https:\/\/arteeluoghi.it\/wp-content\/uploads\/2023\/09\/CONSERVA-1.jpg\" \/>\n\t<meta property=\"og:image:width\" content=\"1200\" \/>\n\t<meta property=\"og:image:height\" content=\"800\" \/>\n\t<meta property=\"og:image:type\" content=\"image\/jpeg\" \/>\n<meta name=\"twitter:card\" content=\"summary\" \/>\n<meta name=\"twitter:creator\" content=\"@arteeluoghi\" \/>\n<meta name=\"twitter:site\" content=\"@arteeluoghi\" \/>\n<meta name=\"twitter:label1\" content=\"Scritto da\" \/>\n\t<meta name=\"twitter:data1\" content=\"Staff\" \/>\n\t<meta name=\"twitter:label2\" content=\"Tempo di lettura stimato\" \/>\n\t<meta name=\"twitter:data2\" content=\"2 minuti\" \/>\n<script type=\"application\/ld+json\" class=\"yoast-schema-graph\">{\"@context\":\"https:\/\/schema.org\",\"@graph\":[{\"@type\":\"Organization\",\"@id\":\"https:\/\/arteeluoghi.it\/#organization\",\"name\":\"Arte e Luoghi\",\"url\":\"https:\/\/arteeluoghi.it\/\",\"sameAs\":[\"https:\/\/www.facebook.com\/ArteELuoghi\/\",\"https:\/\/www.instagram.com\/arteeluoghi\/?hl=it\",\"https:\/\/www.youtube.com\/channel\/UCuRVc4JW4-C5sg9rQB-srkw?view_as=subscriber\",\"https:\/\/twitter.com\/arteeluoghi\"],\"logo\":{\"@type\":\"ImageObject\",\"@id\":\"https:\/\/arteeluoghi.it\/#logo\",\"inLanguage\":\"it-IT\",\"url\":\"https:\/\/arteeluoghi.it\/wp-content\/uploads\/2018\/08\/logoinstagramarte.jpg\",\"contentUrl\":\"https:\/\/arteeluoghi.it\/wp-content\/uploads\/2018\/08\/logoinstagramarte.jpg\",\"width\":150,\"height\":150,\"caption\":\"Arte e Luoghi\"},\"image\":{\"@id\":\"https:\/\/arteeluoghi.it\/#logo\"}},{\"@type\":\"WebSite\",\"@id\":\"https:\/\/arteeluoghi.it\/#website\",\"url\":\"https:\/\/arteeluoghi.it\/\",\"name\":\"Arte e Luoghi\",\"description\":\"Mensile di arte, cultura, turismo e curiosit\u00e0\",\"publisher\":{\"@id\":\"https:\/\/arteeluoghi.it\/#organization\"},\"potentialAction\":[{\"@type\":\"SearchAction\",\"target\":{\"@type\":\"EntryPoint\",\"urlTemplate\":\"https:\/\/arteeluoghi.it\/?s={search_term_string}\"},\"query-input\":\"required name=search_term_string\"}],\"inLanguage\":\"it-IT\"},{\"@type\":\"ImageObject\",\"@id\":\"https:\/\/arteeluoghi.it\/index.php\/2023\/08\/01\/la-conserva-della-neve-in-mostra-le-piante-rare\/#primaryimage\",\"inLanguage\":\"it-IT\",\"url\":\"https:\/\/arteeluoghi.it\/wp-content\/uploads\/2023\/09\/CONSERVA-1.jpg\",\"contentUrl\":\"https:\/\/arteeluoghi.it\/wp-content\/uploads\/2023\/09\/CONSERVA-1.jpg\",\"width\":1200,\"height\":800},{\"@type\":\"WebPage\",\"@id\":\"https:\/\/arteeluoghi.it\/index.php\/2023\/08\/01\/la-conserva-della-neve-in-mostra-le-piante-rare\/#webpage\",\"url\":\"https:\/\/arteeluoghi.it\/index.php\/2023\/08\/01\/la-conserva-della-neve-in-mostra-le-piante-rare\/\",\"name\":\"La Conserva della Neve. In mostra le piante rare | Arte e Luoghi\",\"isPartOf\":{\"@id\":\"https:\/\/arteeluoghi.it\/#website\"},\"primaryImageOfPage\":{\"@id\":\"https:\/\/arteeluoghi.it\/index.php\/2023\/08\/01\/la-conserva-della-neve-in-mostra-le-piante-rare\/#primaryimage\"},\"datePublished\":\"2023-08-01T14:57:00+00:00\",\"dateModified\":\"2023-09-02T15:01:14+00:00\",\"description\":\"Dal 15 al 17 settembre nell\u2019Orto botanico di Roma in mostra piante rare e conferenze con studiosi ed esperti di settore\",\"breadcrumb\":{\"@id\":\"https:\/\/arteeluoghi.it\/index.php\/2023\/08\/01\/la-conserva-della-neve-in-mostra-le-piante-rare\/#breadcrumb\"},\"inLanguage\":\"it-IT\",\"potentialAction\":[{\"@type\":\"ReadAction\",\"target\":[\"https:\/\/arteeluoghi.it\/index.php\/2023\/08\/01\/la-conserva-della-neve-in-mostra-le-piante-rare\/\"]}]},{\"@type\":\"BreadcrumbList\",\"@id\":\"https:\/\/arteeluoghi.it\/index.php\/2023\/08\/01\/la-conserva-della-neve-in-mostra-le-piante-rare\/#breadcrumb\",\"itemListElement\":[{\"@type\":\"ListItem\",\"position\":1,\"name\":\"Home\",\"item\":\"https:\/\/arteeluoghi.it\/\"},{\"@type\":\"ListItem\",\"position\":2,\"name\":\"La Conserva della Neve. In mostra le piante rare\"}]},{\"@type\":\"Article\",\"@id\":\"https:\/\/arteeluoghi.it\/index.php\/2023\/08\/01\/la-conserva-della-neve-in-mostra-le-piante-rare\/#article\",\"isPartOf\":{\"@id\":\"https:\/\/arteeluoghi.it\/index.php\/2023\/08\/01\/la-conserva-della-neve-in-mostra-le-piante-rare\/#webpage\"},\"author\":{\"@id\":\"https:\/\/arteeluoghi.it\/#\/schema\/person\/f84e814e36e91e01448ee07eaadd41d4\"},\"headline\":\"La Conserva della Neve. In mostra le piante rare\",\"datePublished\":\"2023-08-01T14:57:00+00:00\",\"dateModified\":\"2023-09-02T15:01:14+00:00\",\"mainEntityOfPage\":{\"@id\":\"https:\/\/arteeluoghi.it\/index.php\/2023\/08\/01\/la-conserva-della-neve-in-mostra-le-piante-rare\/#webpage\"},\"wordCount\":388,\"commentCount\":0,\"publisher\":{\"@id\":\"https:\/\/arteeluoghi.it\/#organization\"},\"image\":{\"@id\":\"https:\/\/arteeluoghi.it\/index.php\/2023\/08\/01\/la-conserva-della-neve-in-mostra-le-piante-rare\/#primaryimage\"},\"thumbnailUrl\":\"https:\/\/arteeluoghi.it\/wp-content\/uploads\/2023\/09\/CONSERVA-1.jpg\",\"keywords\":[\"La Conserva della Neve\",\"orto botanico\",\"piante rare\",\"Roma\"],\"articleSection\":[\"LUOGHI\",\"Notizie\"],\"inLanguage\":\"it-IT\",\"potentialAction\":[{\"@type\":\"CommentAction\",\"name\":\"Comment\",\"target\":[\"https:\/\/arteeluoghi.it\/index.php\/2023\/08\/01\/la-conserva-della-neve-in-mostra-le-piante-rare\/#respond\"]}]},{\"@type\":\"Person\",\"@id\":\"https:\/\/arteeluoghi.it\/#\/schema\/person\/f84e814e36e91e01448ee07eaadd41d4\",\"name\":\"Staff\",\"image\":{\"@type\":\"ImageObject\",\"@id\":\"https:\/\/arteeluoghi.it\/#personlogo\",\"inLanguage\":\"it-IT\",\"url\":\"https:\/\/secure.gravatar.com\/avatar\/49d2f9e46271bb04e19cebfaf141313a?s=96&d=blank&r=g\",\"contentUrl\":\"https:\/\/secure.gravatar.com\/avatar\/49d2f9e46271bb04e19cebfaf141313a?s=96&d=blank&r=g\",\"caption\":\"Staff\"}}]}<\/script>\n<!-- \/ Yoast SEO plugin. -->","yoast_head_json":{"title":"La Conserva della Neve. In mostra le piante rare | Arte e Luoghi","description":"Dal 15 al 17 settembre nell\u2019Orto botanico di Roma in mostra piante rare e conferenze con studiosi ed esperti di settore","robots":{"index":"index","follow":"follow","max-snippet":"max-snippet:-1","max-image-preview":"max-image-preview:large","max-video-preview":"max-video-preview:-1"},"canonical":"https:\/\/arteeluoghi.it\/index.php\/2023\/08\/01\/la-conserva-della-neve-in-mostra-le-piante-rare\/","og_locale":"it_IT","og_type":"article","og_title":"La Conserva della Neve. In mostra le piante rare | Arte e Luoghi","og_description":"Dal 15 al 17 settembre nell\u2019Orto botanico di Roma in mostra piante rare e conferenze con studiosi ed esperti di settore","og_url":"https:\/\/arteeluoghi.it\/index.php\/2023\/08\/01\/la-conserva-della-neve-in-mostra-le-piante-rare\/","og_site_name":"Arte e Luoghi","article_publisher":"https:\/\/www.facebook.com\/ArteELuoghi\/","article_published_time":"2023-08-01T14:57:00+00:00","article_modified_time":"2023-09-02T15:01:14+00:00","og_image":[{"width":1200,"height":800,"url":"https:\/\/arteeluoghi.it\/wp-content\/uploads\/2023\/09\/CONSERVA-1.jpg","type":"image\/jpeg"}],"twitter_card":"summary","twitter_creator":"@arteeluoghi","twitter_site":"@arteeluoghi","twitter_misc":{"Scritto da":"Staff","Tempo di lettura stimato":"2 minuti"},"schema":{"@context":"https:\/\/schema.org","@graph":[{"@type":"Organization","@id":"https:\/\/arteeluoghi.it\/#organization","name":"Arte e Luoghi","url":"https:\/\/arteeluoghi.it\/","sameAs":["https:\/\/www.facebook.com\/ArteELuoghi\/","https:\/\/www.instagram.com\/arteeluoghi\/?hl=it","https:\/\/www.youtube.com\/channel\/UCuRVc4JW4-C5sg9rQB-srkw?view_as=subscriber","https:\/\/twitter.com\/arteeluoghi"],"logo":{"@type":"ImageObject","@id":"https:\/\/arteeluoghi.it\/#logo","inLanguage":"it-IT","url":"https:\/\/arteeluoghi.it\/wp-content\/uploads\/2018\/08\/logoinstagramarte.jpg","contentUrl":"https:\/\/arteeluoghi.it\/wp-content\/uploads\/2018\/08\/logoinstagramarte.jpg","width":150,"height":150,"caption":"Arte e Luoghi"},"image":{"@id":"https:\/\/arteeluoghi.it\/#logo"}},{"@type":"WebSite","@id":"https:\/\/arteeluoghi.it\/#website","url":"https:\/\/arteeluoghi.it\/","name":"Arte e Luoghi","description":"Mensile di arte, cultura, turismo e curiosit\u00e0","publisher":{"@id":"https:\/\/arteeluoghi.it\/#organization"},"potentialAction":[{"@type":"SearchAction","target":{"@type":"EntryPoint","urlTemplate":"https:\/\/arteeluoghi.it\/?s={search_term_string}"},"query-input":"required name=search_term_string"}],"inLanguage":"it-IT"},{"@type":"ImageObject","@id":"https:\/\/arteeluoghi.it\/index.php\/2023\/08\/01\/la-conserva-della-neve-in-mostra-le-piante-rare\/#primaryimage","inLanguage":"it-IT","url":"https:\/\/arteeluoghi.it\/wp-content\/uploads\/2023\/09\/CONSERVA-1.jpg","contentUrl":"https:\/\/arteeluoghi.it\/wp-content\/uploads\/2023\/09\/CONSERVA-1.jpg","width":1200,"height":800},{"@type":"WebPage","@id":"https:\/\/arteeluoghi.it\/index.php\/2023\/08\/01\/la-conserva-della-neve-in-mostra-le-piante-rare\/#webpage","url":"https:\/\/arteeluoghi.it\/index.php\/2023\/08\/01\/la-conserva-della-neve-in-mostra-le-piante-rare\/","name":"La Conserva della Neve. In mostra le piante rare | Arte e Luoghi","isPartOf":{"@id":"https:\/\/arteeluoghi.it\/#website"},"primaryImageOfPage":{"@id":"https:\/\/arteeluoghi.it\/index.php\/2023\/08\/01\/la-conserva-della-neve-in-mostra-le-piante-rare\/#primaryimage"},"datePublished":"2023-08-01T14:57:00+00:00","dateModified":"2023-09-02T15:01:14+00:00","description":"Dal 15 al 17 settembre nell\u2019Orto botanico di Roma in mostra piante rare e conferenze con studiosi ed esperti di settore","breadcrumb":{"@id":"https:\/\/arteeluoghi.it\/index.php\/2023\/08\/01\/la-conserva-della-neve-in-mostra-le-piante-rare\/#breadcrumb"},"inLanguage":"it-IT","potentialAction":[{"@type":"ReadAction","target":["https:\/\/arteeluoghi.it\/index.php\/2023\/08\/01\/la-conserva-della-neve-in-mostra-le-piante-rare\/"]}]},{"@type":"BreadcrumbList","@id":"https:\/\/arteeluoghi.it\/index.php\/2023\/08\/01\/la-conserva-della-neve-in-mostra-le-piante-rare\/#breadcrumb","itemListElement":[{"@type":"ListItem","position":1,"name":"Home","item":"https:\/\/arteeluoghi.it\/"},{"@type":"ListItem","position":2,"name":"La Conserva della Neve. In mostra le piante rare"}]},{"@type":"Article","@id":"https:\/\/arteeluoghi.it\/index.php\/2023\/08\/01\/la-conserva-della-neve-in-mostra-le-piante-rare\/#article","isPartOf":{"@id":"https:\/\/arteeluoghi.it\/index.php\/2023\/08\/01\/la-conserva-della-neve-in-mostra-le-piante-rare\/#webpage"},"author":{"@id":"https:\/\/arteeluoghi.it\/#\/schema\/person\/f84e814e36e91e01448ee07eaadd41d4"},"headline":"La Conserva della Neve. In mostra le piante rare","datePublished":"2023-08-01T14:57:00+00:00","dateModified":"2023-09-02T15:01:14+00:00","mainEntityOfPage":{"@id":"https:\/\/arteeluoghi.it\/index.php\/2023\/08\/01\/la-conserva-della-neve-in-mostra-le-piante-rare\/#webpage"},"wordCount":388,"commentCount":0,"publisher":{"@id":"https:\/\/arteeluoghi.it\/#organization"},"image":{"@id":"https:\/\/arteeluoghi.it\/index.php\/2023\/08\/01\/la-conserva-della-neve-in-mostra-le-piante-rare\/#primaryimage"},"thumbnailUrl":"https:\/\/arteeluoghi.it\/wp-content\/uploads\/2023\/09\/CONSERVA-1.jpg","keywords":["La Conserva della Neve","orto botanico","piante rare","Roma"],"articleSection":["LUOGHI","Notizie"],"inLanguage":"it-IT","potentialAction":[{"@type":"CommentAction","name":"Comment","target":["https:\/\/arteeluoghi.it\/index.php\/2023\/08\/01\/la-conserva-della-neve-in-mostra-le-piante-rare\/#respond"]}]},{"@type":"Person","@id":"https:\/\/arteeluoghi.it\/#\/schema\/person\/f84e814e36e91e01448ee07eaadd41d4","name":"Staff","image":{"@type":"ImageObject","@id":"https:\/\/arteeluoghi.it\/#personlogo","inLanguage":"it-IT","url":"https:\/\/secure.gravatar.com\/avatar\/49d2f9e46271bb04e19cebfaf141313a?s=96&d=blank&r=g","contentUrl":"https:\/\/secure.gravatar.com\/avatar\/49d2f9e46271bb04e19cebfaf141313a?s=96&d=blank&r=g","caption":"Staff"}}]}},"_links":{"self":[{"href":"https:\/\/arteeluoghi.it\/index.php\/wp-json\/wp\/v2\/posts\/13303"}],"collection":[{"href":"https:\/\/arteeluoghi.it\/index.php\/wp-json\/wp\/v2\/posts"}],"about":[{"href":"https:\/\/arteeluoghi.it\/index.php\/wp-json\/wp\/v2\/types\/post"}],"author":[{"embeddable":true,"href":"https:\/\/arteeluoghi.it\/index.php\/wp-json\/wp\/v2\/users\/1"}],"replies":[{"embeddable":true,"href":"https:\/\/arteeluoghi.it\/index.php\/wp-json\/wp\/v2\/comments?post=13303"}],"version-history":[{"count":1,"href":"https:\/\/arteeluoghi.it\/index.php\/wp-json\/wp\/v2\/posts\/13303\/revisions"}],"predecessor-version":[{"id":13305,"href":"https:\/\/arteeluoghi.it\/index.php\/wp-json\/wp\/v2\/posts\/13303\/revisions\/13305"}],"wp:featuredmedia":[{"embeddable":true,"href":"https:\/\/arteeluoghi.it\/index.php\/wp-json\/wp\/v2\/media\/13304"}],"wp:attachment":[{"href":"https:\/\/arteeluoghi.it\/index.php\/wp-json\/wp\/v2\/media?parent=13303"}],"wp:term":[{"taxonomy":"category","embeddable":true,"href":"https:\/\/arteeluoghi.it\/index.php\/wp-json\/wp\/v2\/categories?post=13303"},{"taxonomy":"post_tag","embeddable":true,"href":"https:\/\/arteeluoghi.it\/index.php\/wp-json\/wp\/v2\/tags?post=13303"}],"curies":[{"name":"wp","href":"https:\/\/api.w.org\/{rel}","templated":true}]}}