{"id":13322,"date":"2023-09-05T22:12:13","date_gmt":"2023-09-05T20:12:13","guid":{"rendered":"https:\/\/arteeluoghi.it\/?p=13322"},"modified":"2023-09-05T22:22:01","modified_gmt":"2023-09-05T20:22:01","slug":"donne-con-lo-zaino-vite-in-cammino","status":"publish","type":"post","link":"https:\/\/arteeluoghi.it\/index.php\/2023\/09\/05\/donne-con-lo-zaino-vite-in-cammino\/","title":{"rendered":"Donne con lo Zaino. Vite in Cammino"},"content":{"rendered":"\n<p>  <\/p>\n\n\n\n<blockquote class=\"wp-block-quote\"><p>Le autrici del libro edito da Elliot&nbsp;saranno ospiti a Galatina di  Art Lab Second Light  il 1\u00b0 ottobre a partire dalle ore 18<\/p><\/blockquote>\n\n\n\n<p>Dal blog al libro il passo \u2013 a volte \u2013 \u00e8 breve ed \u00e8 cos\u00ec che  Patrizia D\u2019Antonio, romana trapiantata in Francia sin da piccola appassionata lettrice delle avventure di Jules Vernes e Emilio Salgari, e Raffaella Gambardella, nata a Bari ma romana d&#8217;adozione e cittadina del mondo (ha vissuto a Santiago del Cile, a Buenos Aires e a Parigi),  unite dalla comune passione per i viaggi  hanno dato vita al blog <a href=\"https:\/\/donneconlozaino.org\/\">Donne con lo zaino<\/a> e dopo il primo libro &#8220;Donne con lo zaino. Storie di donne sempre in cammino&#8221; (2021)  vede alla luce <a href=\"https:\/\/www.amazon.it\/Donne-lo-zaino-Vite-cammino\/dp\/8892762559\/ref=d_pd_sbs_sccl_2_1\/261-3582569-9886008?pd_rd_w=POREF&amp;content-id=amzn1.sym.7a50b931-bf90-4b16-8a44-233c028f8bd1&amp;pf_rd_p=7a50b931-bf90-4b16-8a44-233c028f8bd1&amp;pf_rd_r=X49EM70YWS9MFQJV38E7&amp;pd_rd_wg=K9Qn8&amp;pd_rd_r=15ee93c3-9056-44e4-83d1-950df1ec5c9b&amp;pd_rd_i=8892762559&amp;psc=1\">Donne con lo zaino. Vite in cammino<\/a> con nuove e affascinanti narrazioni perch\u00e9 non c&#8217;\u00e8 mai fine al viaggio, n\u00e9 al piacere di raccontare.   <\/p>\n\n\n\n<p class=\"has-text-align-left\">Le due autrici saranno a Galatina il 1 ottobre, (ore 18 con ingresso libero),  ospiti di Art Lab Second Light (via Umberto I, n.17) atelier dell&#8217;artista Claudio Marra ma anche spazio socio-culturale dedicato all&#8217;espressione e alla sperimentazione artistica, animato da una programmazione di mostre, incontri e spettacoli. Nell&#8217;evento in programma e organizzato da Libreria Athena, in collaborazione con Carlo Bello e Jazzworld.it e Torno al Sud, vedr\u00e0 dialogare le autrici con Mario Masciullo. La serata sar\u00e0 impreziosita dalle note del violino di Gabriele Filieri.  <\/p>\n\n\n\n<figure class=\"wp-block-embed is-type-video is-provider-youtube wp-block-embed-youtube wp-embed-aspect-16-9 wp-has-aspect-ratio\"><div class=\"wp-block-embed__wrapper\">\n<iframe loading=\"lazy\" title=\"Donne con lo Zaino - Vite in Cammino presentazione a Galatina\" width=\"800\" height=\"450\" src=\"https:\/\/www.youtube.com\/embed\/L3ISzosNlQY?feature=oembed\" frameborder=\"0\" allow=\"accelerometer; autoplay; clipboard-write; encrypted-media; gyroscope; picture-in-picture; web-share\" allowfullscreen><\/iframe>\n<\/div><\/figure>\n\n\n\n<p class=\"has-normal-font-size\">Nel primo volume, <em>Donne con lo zaino storie di donne sempre in cammino<\/em> (Elliot 2021) sono state raccolte nel tempo straordinarie storie di donne. Alcune sono nate da incontri fugaci ma intensi, altre sono il frutto di una conoscenza pluridecennale e di amicizie profonde, talune tratteggiate con brevi pennellate, altre descritte con minuzia di dettagli. C\u2019\u00e8 chi racconta del suo matrimonio forzato, chi ha fatto la Resistenza e chi resiste allo smart working. Ci sono ballerine e musiciste, ingegnere e contadine, donne del parkour, marciatrici e cavallerizze, scrittrici e poetesse, artiste e artigiane, dottoresse e veterinarie, pescatrici normanne e collezioniste, insegnanti e avvocate, immigrate ed emigranti, poliziotte e volontarie. Lo zaino del titolo, reale o metaforico, \u00e8 quel fardello che spesso limita, altre volte stimola a vivere molte vite, a ricominciare di nuovo mettendoci in gioco e rischiando, con la curiosit\u00e0 e la voglia di imparare per tutta la vita. <\/p>\n\n\n\n<p>Nel secondo volume, Donne con lo zaino vite in cammino (Elliot 2023), sar\u00e0 possibile leggere altre appassionanti storie al femminile che raccontano di scelte e rinunce, gioie e sofferenze, amore e impegno. Ma c&#8217;\u00e8 un fil rouge che le accomuna ed \u00e8 il desiderio di \u201candare oltre\u201d, in un Altrove \u2013 un nuovo Paese, un nuovo amore, un altro lavoro, una vita diversa, tutto nella vita sembra essere soggetto alla legge del panta rei perch\u00e9 &#8211; suggeriscono le autrici &#8211; nessun diritto (e nessun equilibrio) \u00e8 acquisito per sempre.<\/p>\n\n\n\n<p><\/p>\n\n\n\n<p><\/p>\n","protected":false},"excerpt":{"rendered":"<p>Le autrici del libro edito da Elliot&nbsp;saranno ospiti a Galatina di Art Lab Second Light il 1\u00b0 ottobre a partire<\/p>\n","protected":false},"author":1,"featured_media":13323,"comment_status":"open","ping_status":"open","sticky":true,"template":"","format":"video","meta":[],"categories":[52,17],"tags":[1041,5436,611,5434,846,5432,5433,5435],"yoast_head":"<!-- This site is optimized with the Yoast SEO plugin v18.0 - https:\/\/yoast.com\/wordpress\/plugins\/seo\/ -->\n<title>Donne con lo Zaino. Vite in Cammino | Arte e Luoghi<\/title>\n<meta name=\"description\" content=\"Le autrici del libro edito da Elliot saranno ospiti a Galatina di Art Lab Second Light il 1\u00b0 ottobre a partire dalle ore 18\" \/>\n<meta name=\"robots\" content=\"index, follow, max-snippet:-1, max-image-preview:large, max-video-preview:-1\" \/>\n<link rel=\"canonical\" href=\"https:\/\/arteeluoghi.it\/index.php\/2023\/09\/05\/donne-con-lo-zaino-vite-in-cammino\/\" \/>\n<meta property=\"og:locale\" content=\"it_IT\" \/>\n<meta property=\"og:type\" content=\"article\" \/>\n<meta property=\"og:title\" content=\"Donne con lo Zaino. Vite in Cammino | Arte e Luoghi\" \/>\n<meta property=\"og:description\" content=\"Le autrici del libro edito da Elliot saranno ospiti a Galatina di Art Lab Second Light il 1\u00b0 ottobre a partire dalle ore 18\" \/>\n<meta property=\"og:url\" content=\"https:\/\/arteeluoghi.it\/index.php\/2023\/09\/05\/donne-con-lo-zaino-vite-in-cammino\/\" \/>\n<meta property=\"og:site_name\" content=\"Arte e Luoghi\" \/>\n<meta property=\"article:publisher\" content=\"https:\/\/www.facebook.com\/ArteELuoghi\/\" \/>\n<meta property=\"article:published_time\" content=\"2023-09-05T20:12:13+00:00\" \/>\n<meta property=\"article:modified_time\" content=\"2023-09-05T20:22:01+00:00\" \/>\n<meta property=\"og:image\" content=\"https:\/\/arteeluoghi.it\/wp-content\/uploads\/2023\/09\/374851876_999978364724268_939535640840843521_n.jpg\" \/>\n\t<meta property=\"og:image:width\" content=\"842\" \/>\n\t<meta property=\"og:image:height\" content=\"1191\" \/>\n\t<meta property=\"og:image:type\" content=\"image\/jpeg\" \/>\n<meta name=\"twitter:card\" content=\"summary\" \/>\n<meta name=\"twitter:creator\" content=\"@arteeluoghi\" \/>\n<meta name=\"twitter:site\" content=\"@arteeluoghi\" \/>\n<meta name=\"twitter:label1\" content=\"Scritto da\" \/>\n\t<meta name=\"twitter:data1\" content=\"Staff\" \/>\n\t<meta name=\"twitter:label2\" content=\"Tempo di lettura stimato\" \/>\n\t<meta name=\"twitter:data2\" content=\"3 minuti\" \/>\n<script type=\"application\/ld+json\" class=\"yoast-schema-graph\">{\"@context\":\"https:\/\/schema.org\",\"@graph\":[{\"@type\":\"Organization\",\"@id\":\"https:\/\/arteeluoghi.it\/#organization\",\"name\":\"Arte e Luoghi\",\"url\":\"https:\/\/arteeluoghi.it\/\",\"sameAs\":[\"https:\/\/www.facebook.com\/ArteELuoghi\/\",\"https:\/\/www.instagram.com\/arteeluoghi\/?hl=it\",\"https:\/\/www.youtube.com\/channel\/UCuRVc4JW4-C5sg9rQB-srkw?view_as=subscriber\",\"https:\/\/twitter.com\/arteeluoghi\"],\"logo\":{\"@type\":\"ImageObject\",\"@id\":\"https:\/\/arteeluoghi.it\/#logo\",\"inLanguage\":\"it-IT\",\"url\":\"https:\/\/arteeluoghi.it\/wp-content\/uploads\/2018\/08\/logoinstagramarte.jpg\",\"contentUrl\":\"https:\/\/arteeluoghi.it\/wp-content\/uploads\/2018\/08\/logoinstagramarte.jpg\",\"width\":150,\"height\":150,\"caption\":\"Arte e Luoghi\"},\"image\":{\"@id\":\"https:\/\/arteeluoghi.it\/#logo\"}},{\"@type\":\"WebSite\",\"@id\":\"https:\/\/arteeluoghi.it\/#website\",\"url\":\"https:\/\/arteeluoghi.it\/\",\"name\":\"Arte e Luoghi\",\"description\":\"Mensile di arte, cultura, turismo e curiosit\u00e0\",\"publisher\":{\"@id\":\"https:\/\/arteeluoghi.it\/#organization\"},\"potentialAction\":[{\"@type\":\"SearchAction\",\"target\":{\"@type\":\"EntryPoint\",\"urlTemplate\":\"https:\/\/arteeluoghi.it\/?s={search_term_string}\"},\"query-input\":\"required name=search_term_string\"}],\"inLanguage\":\"it-IT\"},{\"@type\":\"ImageObject\",\"@id\":\"https:\/\/arteeluoghi.it\/index.php\/2023\/09\/05\/donne-con-lo-zaino-vite-in-cammino\/#primaryimage\",\"inLanguage\":\"it-IT\",\"url\":\"https:\/\/arteeluoghi.it\/wp-content\/uploads\/2023\/09\/374851876_999978364724268_939535640840843521_n.jpg\",\"contentUrl\":\"https:\/\/arteeluoghi.it\/wp-content\/uploads\/2023\/09\/374851876_999978364724268_939535640840843521_n.jpg\",\"width\":842,\"height\":1191},{\"@type\":\"WebPage\",\"@id\":\"https:\/\/arteeluoghi.it\/index.php\/2023\/09\/05\/donne-con-lo-zaino-vite-in-cammino\/#webpage\",\"url\":\"https:\/\/arteeluoghi.it\/index.php\/2023\/09\/05\/donne-con-lo-zaino-vite-in-cammino\/\",\"name\":\"Donne con lo Zaino. Vite in Cammino | Arte e Luoghi\",\"isPartOf\":{\"@id\":\"https:\/\/arteeluoghi.it\/#website\"},\"primaryImageOfPage\":{\"@id\":\"https:\/\/arteeluoghi.it\/index.php\/2023\/09\/05\/donne-con-lo-zaino-vite-in-cammino\/#primaryimage\"},\"datePublished\":\"2023-09-05T20:12:13+00:00\",\"dateModified\":\"2023-09-05T20:22:01+00:00\",\"description\":\"Le autrici del libro edito da Elliot saranno ospiti a Galatina di Art Lab Second Light il 1\u00b0 ottobre a partire dalle ore 18\",\"breadcrumb\":{\"@id\":\"https:\/\/arteeluoghi.it\/index.php\/2023\/09\/05\/donne-con-lo-zaino-vite-in-cammino\/#breadcrumb\"},\"inLanguage\":\"it-IT\",\"potentialAction\":[{\"@type\":\"ReadAction\",\"target\":[\"https:\/\/arteeluoghi.it\/index.php\/2023\/09\/05\/donne-con-lo-zaino-vite-in-cammino\/\"]}]},{\"@type\":\"BreadcrumbList\",\"@id\":\"https:\/\/arteeluoghi.it\/index.php\/2023\/09\/05\/donne-con-lo-zaino-vite-in-cammino\/#breadcrumb\",\"itemListElement\":[{\"@type\":\"ListItem\",\"position\":1,\"name\":\"Home\",\"item\":\"https:\/\/arteeluoghi.it\/\"},{\"@type\":\"ListItem\",\"position\":2,\"name\":\"Donne con lo Zaino. Vite in Cammino\"}]},{\"@type\":\"Article\",\"@id\":\"https:\/\/arteeluoghi.it\/index.php\/2023\/09\/05\/donne-con-lo-zaino-vite-in-cammino\/#article\",\"isPartOf\":{\"@id\":\"https:\/\/arteeluoghi.it\/index.php\/2023\/09\/05\/donne-con-lo-zaino-vite-in-cammino\/#webpage\"},\"author\":{\"@id\":\"https:\/\/arteeluoghi.it\/#\/schema\/person\/f84e814e36e91e01448ee07eaadd41d4\"},\"headline\":\"Donne con lo Zaino. Vite in Cammino\",\"datePublished\":\"2023-09-05T20:12:13+00:00\",\"dateModified\":\"2023-09-05T20:22:01+00:00\",\"mainEntityOfPage\":{\"@id\":\"https:\/\/arteeluoghi.it\/index.php\/2023\/09\/05\/donne-con-lo-zaino-vite-in-cammino\/#webpage\"},\"wordCount\":469,\"commentCount\":0,\"publisher\":{\"@id\":\"https:\/\/arteeluoghi.it\/#organization\"},\"image\":{\"@id\":\"https:\/\/arteeluoghi.it\/index.php\/2023\/09\/05\/donne-con-lo-zaino-vite-in-cammino\/#primaryimage\"},\"thumbnailUrl\":\"https:\/\/arteeluoghi.it\/wp-content\/uploads\/2023\/09\/374851876_999978364724268_939535640840843521_n.jpg\",\"keywords\":[\"amicizia\",\"Art Lab Second Light\",\"Donne\",\"Donne con lo zaino\",\"Galatina\",\"Patrizia D&#039;Antonio\",\"Raffaella Gambardella\",\"viaggi\"],\"articleSection\":[\"I luoghi della parola\",\"LIBRI\"],\"inLanguage\":\"it-IT\",\"potentialAction\":[{\"@type\":\"CommentAction\",\"name\":\"Comment\",\"target\":[\"https:\/\/arteeluoghi.it\/index.php\/2023\/09\/05\/donne-con-lo-zaino-vite-in-cammino\/#respond\"]}]},{\"@type\":\"Person\",\"@id\":\"https:\/\/arteeluoghi.it\/#\/schema\/person\/f84e814e36e91e01448ee07eaadd41d4\",\"name\":\"Staff\",\"image\":{\"@type\":\"ImageObject\",\"@id\":\"https:\/\/arteeluoghi.it\/#personlogo\",\"inLanguage\":\"it-IT\",\"url\":\"https:\/\/secure.gravatar.com\/avatar\/49d2f9e46271bb04e19cebfaf141313a?s=96&d=blank&r=g\",\"contentUrl\":\"https:\/\/secure.gravatar.com\/avatar\/49d2f9e46271bb04e19cebfaf141313a?s=96&d=blank&r=g\",\"caption\":\"Staff\"}}]}<\/script>\n<!-- \/ Yoast SEO plugin. -->","yoast_head_json":{"title":"Donne con lo Zaino. Vite in Cammino | Arte e Luoghi","description":"Le autrici del libro edito da Elliot saranno ospiti a Galatina di Art Lab Second Light il 1\u00b0 ottobre a partire dalle ore 18","robots":{"index":"index","follow":"follow","max-snippet":"max-snippet:-1","max-image-preview":"max-image-preview:large","max-video-preview":"max-video-preview:-1"},"canonical":"https:\/\/arteeluoghi.it\/index.php\/2023\/09\/05\/donne-con-lo-zaino-vite-in-cammino\/","og_locale":"it_IT","og_type":"article","og_title":"Donne con lo Zaino. Vite in Cammino | Arte e Luoghi","og_description":"Le autrici del libro edito da Elliot saranno ospiti a Galatina di Art Lab Second Light il 1\u00b0 ottobre a partire dalle ore 18","og_url":"https:\/\/arteeluoghi.it\/index.php\/2023\/09\/05\/donne-con-lo-zaino-vite-in-cammino\/","og_site_name":"Arte e Luoghi","article_publisher":"https:\/\/www.facebook.com\/ArteELuoghi\/","article_published_time":"2023-09-05T20:12:13+00:00","article_modified_time":"2023-09-05T20:22:01+00:00","og_image":[{"width":842,"height":1191,"url":"https:\/\/arteeluoghi.it\/wp-content\/uploads\/2023\/09\/374851876_999978364724268_939535640840843521_n.jpg","type":"image\/jpeg"}],"twitter_card":"summary","twitter_creator":"@arteeluoghi","twitter_site":"@arteeluoghi","twitter_misc":{"Scritto da":"Staff","Tempo di lettura stimato":"3 minuti"},"schema":{"@context":"https:\/\/schema.org","@graph":[{"@type":"Organization","@id":"https:\/\/arteeluoghi.it\/#organization","name":"Arte e Luoghi","url":"https:\/\/arteeluoghi.it\/","sameAs":["https:\/\/www.facebook.com\/ArteELuoghi\/","https:\/\/www.instagram.com\/arteeluoghi\/?hl=it","https:\/\/www.youtube.com\/channel\/UCuRVc4JW4-C5sg9rQB-srkw?view_as=subscriber","https:\/\/twitter.com\/arteeluoghi"],"logo":{"@type":"ImageObject","@id":"https:\/\/arteeluoghi.it\/#logo","inLanguage":"it-IT","url":"https:\/\/arteeluoghi.it\/wp-content\/uploads\/2018\/08\/logoinstagramarte.jpg","contentUrl":"https:\/\/arteeluoghi.it\/wp-content\/uploads\/2018\/08\/logoinstagramarte.jpg","width":150,"height":150,"caption":"Arte e Luoghi"},"image":{"@id":"https:\/\/arteeluoghi.it\/#logo"}},{"@type":"WebSite","@id":"https:\/\/arteeluoghi.it\/#website","url":"https:\/\/arteeluoghi.it\/","name":"Arte e Luoghi","description":"Mensile di arte, cultura, turismo e curiosit\u00e0","publisher":{"@id":"https:\/\/arteeluoghi.it\/#organization"},"potentialAction":[{"@type":"SearchAction","target":{"@type":"EntryPoint","urlTemplate":"https:\/\/arteeluoghi.it\/?s={search_term_string}"},"query-input":"required name=search_term_string"}],"inLanguage":"it-IT"},{"@type":"ImageObject","@id":"https:\/\/arteeluoghi.it\/index.php\/2023\/09\/05\/donne-con-lo-zaino-vite-in-cammino\/#primaryimage","inLanguage":"it-IT","url":"https:\/\/arteeluoghi.it\/wp-content\/uploads\/2023\/09\/374851876_999978364724268_939535640840843521_n.jpg","contentUrl":"https:\/\/arteeluoghi.it\/wp-content\/uploads\/2023\/09\/374851876_999978364724268_939535640840843521_n.jpg","width":842,"height":1191},{"@type":"WebPage","@id":"https:\/\/arteeluoghi.it\/index.php\/2023\/09\/05\/donne-con-lo-zaino-vite-in-cammino\/#webpage","url":"https:\/\/arteeluoghi.it\/index.php\/2023\/09\/05\/donne-con-lo-zaino-vite-in-cammino\/","name":"Donne con lo Zaino. Vite in Cammino | Arte e Luoghi","isPartOf":{"@id":"https:\/\/arteeluoghi.it\/#website"},"primaryImageOfPage":{"@id":"https:\/\/arteeluoghi.it\/index.php\/2023\/09\/05\/donne-con-lo-zaino-vite-in-cammino\/#primaryimage"},"datePublished":"2023-09-05T20:12:13+00:00","dateModified":"2023-09-05T20:22:01+00:00","description":"Le autrici del libro edito da Elliot saranno ospiti a Galatina di Art Lab Second Light il 1\u00b0 ottobre a partire dalle ore 18","breadcrumb":{"@id":"https:\/\/arteeluoghi.it\/index.php\/2023\/09\/05\/donne-con-lo-zaino-vite-in-cammino\/#breadcrumb"},"inLanguage":"it-IT","potentialAction":[{"@type":"ReadAction","target":["https:\/\/arteeluoghi.it\/index.php\/2023\/09\/05\/donne-con-lo-zaino-vite-in-cammino\/"]}]},{"@type":"BreadcrumbList","@id":"https:\/\/arteeluoghi.it\/index.php\/2023\/09\/05\/donne-con-lo-zaino-vite-in-cammino\/#breadcrumb","itemListElement":[{"@type":"ListItem","position":1,"name":"Home","item":"https:\/\/arteeluoghi.it\/"},{"@type":"ListItem","position":2,"name":"Donne con lo Zaino. Vite in Cammino"}]},{"@type":"Article","@id":"https:\/\/arteeluoghi.it\/index.php\/2023\/09\/05\/donne-con-lo-zaino-vite-in-cammino\/#article","isPartOf":{"@id":"https:\/\/arteeluoghi.it\/index.php\/2023\/09\/05\/donne-con-lo-zaino-vite-in-cammino\/#webpage"},"author":{"@id":"https:\/\/arteeluoghi.it\/#\/schema\/person\/f84e814e36e91e01448ee07eaadd41d4"},"headline":"Donne con lo Zaino. Vite in Cammino","datePublished":"2023-09-05T20:12:13+00:00","dateModified":"2023-09-05T20:22:01+00:00","mainEntityOfPage":{"@id":"https:\/\/arteeluoghi.it\/index.php\/2023\/09\/05\/donne-con-lo-zaino-vite-in-cammino\/#webpage"},"wordCount":469,"commentCount":0,"publisher":{"@id":"https:\/\/arteeluoghi.it\/#organization"},"image":{"@id":"https:\/\/arteeluoghi.it\/index.php\/2023\/09\/05\/donne-con-lo-zaino-vite-in-cammino\/#primaryimage"},"thumbnailUrl":"https:\/\/arteeluoghi.it\/wp-content\/uploads\/2023\/09\/374851876_999978364724268_939535640840843521_n.jpg","keywords":["amicizia","Art Lab Second Light","Donne","Donne con lo zaino","Galatina","Patrizia D&#039;Antonio","Raffaella Gambardella","viaggi"],"articleSection":["I luoghi della parola","LIBRI"],"inLanguage":"it-IT","potentialAction":[{"@type":"CommentAction","name":"Comment","target":["https:\/\/arteeluoghi.it\/index.php\/2023\/09\/05\/donne-con-lo-zaino-vite-in-cammino\/#respond"]}]},{"@type":"Person","@id":"https:\/\/arteeluoghi.it\/#\/schema\/person\/f84e814e36e91e01448ee07eaadd41d4","name":"Staff","image":{"@type":"ImageObject","@id":"https:\/\/arteeluoghi.it\/#personlogo","inLanguage":"it-IT","url":"https:\/\/secure.gravatar.com\/avatar\/49d2f9e46271bb04e19cebfaf141313a?s=96&d=blank&r=g","contentUrl":"https:\/\/secure.gravatar.com\/avatar\/49d2f9e46271bb04e19cebfaf141313a?s=96&d=blank&r=g","caption":"Staff"}}]}},"_links":{"self":[{"href":"https:\/\/arteeluoghi.it\/index.php\/wp-json\/wp\/v2\/posts\/13322"}],"collection":[{"href":"https:\/\/arteeluoghi.it\/index.php\/wp-json\/wp\/v2\/posts"}],"about":[{"href":"https:\/\/arteeluoghi.it\/index.php\/wp-json\/wp\/v2\/types\/post"}],"author":[{"embeddable":true,"href":"https:\/\/arteeluoghi.it\/index.php\/wp-json\/wp\/v2\/users\/1"}],"replies":[{"embeddable":true,"href":"https:\/\/arteeluoghi.it\/index.php\/wp-json\/wp\/v2\/comments?post=13322"}],"version-history":[{"count":6,"href":"https:\/\/arteeluoghi.it\/index.php\/wp-json\/wp\/v2\/posts\/13322\/revisions"}],"predecessor-version":[{"id":13331,"href":"https:\/\/arteeluoghi.it\/index.php\/wp-json\/wp\/v2\/posts\/13322\/revisions\/13331"}],"wp:featuredmedia":[{"embeddable":true,"href":"https:\/\/arteeluoghi.it\/index.php\/wp-json\/wp\/v2\/media\/13323"}],"wp:attachment":[{"href":"https:\/\/arteeluoghi.it\/index.php\/wp-json\/wp\/v2\/media?parent=13322"}],"wp:term":[{"taxonomy":"category","embeddable":true,"href":"https:\/\/arteeluoghi.it\/index.php\/wp-json\/wp\/v2\/categories?post=13322"},{"taxonomy":"post_tag","embeddable":true,"href":"https:\/\/arteeluoghi.it\/index.php\/wp-json\/wp\/v2\/tags?post=13322"}],"curies":[{"name":"wp","href":"https:\/\/api.w.org\/{rel}","templated":true}]}}