{"id":13337,"date":"2023-09-06T16:13:21","date_gmt":"2023-09-06T14:13:21","guid":{"rendered":"https:\/\/arteeluoghi.it\/?p=13337"},"modified":"2023-09-06T16:13:23","modified_gmt":"2023-09-06T14:13:23","slug":"vivere-a-viso-aperto","status":"publish","type":"post","link":"https:\/\/arteeluoghi.it\/index.php\/2023\/09\/06\/vivere-a-viso-aperto\/","title":{"rendered":"Vivere a viso aperto"},"content":{"rendered":"\n<blockquote class=\"wp-block-quote\"><p>Venerd\u00ec 8 settembre l&#8217;anteprima a Lecce del nuovo romanzo di Walter Cerfeda alla Biblioteca Bernardini<\/p><\/blockquote>\n\n\n\n<p>Si intitola \u201cVivere a viso aperto\u201d il nuovo libro di Walter Cerfeda, economista e scrittore, edito da Il Raggio Verde che sar\u00e0 presentato nel chiostro della Biblioteca Bernardini\u00a0 il 8 settembre (ore 19 con ingresso libero). Dialogher\u00e0 con l\u2019autore lo scrittore Pino De Luca, all&#8217;incontro moderato dalla giornalista Antonietta Fulvio interverr\u00e0 l&#8217;artista Carla Sello, docente dell&#8217;Accademia di Belle Arti di Lecce, che firma la copertina.\u00a0<\/p>\n\n\n\n<!--more-->\n\n\n\n<p>Ambientato negli anni Settanta, tra l\u2019Italia, la Svizzera e la Spagna, il romanzo indaga il rapporto sulla libert\u00e0 in relazione ai contesti in cui si vive, familiari, sociali, professionali e politici.<\/p>\n\n\n\n<p>La libert\u00e0&nbsp; \u00e8 sempre figlia del pensiero di ogni essere umano. Ma se pensare \u00e8 libert\u00e0, le azioni originate dal proprio pensiero devono riuscire a trovare un equilibrio con il pensiero degli altri per permettere la convivenza civile. Nel tempo che stiamo attraversando (globalizzazione, crisi, covid, guerra) l\u2019accumulo di impotenza ha generato prima rabbia, poi rancore e infine sempre pi\u00f9 intolleranza e cattiveria, la cui ultima involuzione, specie sul piano politico, \u00e8 quella della perfidia.<\/p>\n\n\n\n<p>Diviso in quattro parti, la narrazione ripercorre le vicende dei protagonisti, Luis Heredero e Gianni Cassano, la loro amicizia attraversa la dittatura franchista, il tema sempre attuale dell\u2019emigrazione per ritrovarsi, dopo gli eventi drammatici della pandemia e della guerra in Ucraina, a tirare le somme del proprio vissuto guardando al futuro incerto che ci attende. L\u2019opera in copertina \u00e8 CIRCEO\u201d tecnica: polimeri fusi su legno, 20 x 31 cm, 2020 di Carla Sello.<\/p>\n\n\n\n<p>Cenni biografici<\/p>\n\n\n\n<p>Nato a Bari nel 1947, Walter Cerfeda vive tra le Marche e il Salento.&nbsp; Narratore e saggista, ha vinto&nbsp; nel 1967 il Premio \u201cFirenze\u201d con il libro \u201cIl diaframma dell\u2019infelicit\u00e0\u201d (ed. Kursaal), pubblicando in seguito \u201cL\u2019altra faccia della rifondazione\u201d e \u201cL\u2019accordo della discordia\u201d (Ediesse 1988); \u201cUn nuovo contratto sociale\u201d (Ediesse 1992); \u201cLuned\u00ec\u201d (Albatros 2009); \u201cI pupari \u201c(Albatros 2009), opera finalista al Premio \u201cMario Soldati\u201d, menzione d\u2019onore al Premio \u201cLe Muse\u201d di Pisa, terzo posto per opera inedita al Premio \u201cCitt\u00e0 di Castello\u201d; \u201cSolstizio d\u2019inverno\u201d (Albatros 2010); \u201cSenza preavviso\u201d (Manni 2012); \u201cLa nuova Europa\u201d (Ediesse 2013); \u201cDomani\u201d (Albatros 2014). Per i tipi de Il Raggio Verde edizioni sono stati pubblicati \u201cAllegoria\u201d (2016), \u201cCoprifuoco. La Primavera araba, l\u2019Isis, i barconi e Noi\u201d, 2018, \u201cDiscorso sull\u2019economia nel tempo del sovranismo\u201d, 2019, \u201cCristalli\u201d (2021). Nel 2020 \u00e8 stato insignito del Premio Marzano. Nel 2022 ha pubblicato il saggio di economia \u201cAlla fine della notte\u201d ed. Riace. Collabora con numerose riviste nazionali e internazionali.<\/p>\n","protected":false},"excerpt":{"rendered":"<p>Venerd\u00ec 8 settembre l&#8217;anteprima a Lecce del nuovo romanzo di Walter Cerfeda alla Biblioteca Bernardini Si intitola \u201cVivere a viso<\/p>\n","protected":false},"author":1,"featured_media":12954,"comment_status":"open","ping_status":"open","sticky":true,"template":"","format":"standard","meta":[],"categories":[17],"tags":[2633,1374,1427,1174],"yoast_head":"<!-- This site is optimized with the Yoast SEO plugin v18.0 - https:\/\/yoast.com\/wordpress\/plugins\/seo\/ -->\n<title>Vivere a viso aperto | Arte e Luoghi<\/title>\n<meta name=\"description\" content=\"Venerd\u00ec 8 settembre l&#039;anteprima a Lecce del nuovo romanzo di Walter Cerfeda alla Biblioteca Bernardini. Presenta l&#039;autore Pino De Luca\" \/>\n<meta name=\"robots\" content=\"index, follow, max-snippet:-1, max-image-preview:large, max-video-preview:-1\" \/>\n<link rel=\"canonical\" href=\"https:\/\/arteeluoghi.it\/index.php\/2023\/09\/06\/vivere-a-viso-aperto\/\" \/>\n<meta property=\"og:locale\" content=\"it_IT\" \/>\n<meta property=\"og:type\" content=\"article\" \/>\n<meta property=\"og:title\" content=\"Vivere a viso aperto | Arte e Luoghi\" \/>\n<meta property=\"og:description\" content=\"Venerd\u00ec 8 settembre l&#039;anteprima a Lecce del nuovo romanzo di Walter Cerfeda alla Biblioteca Bernardini. Presenta l&#039;autore Pino De Luca\" \/>\n<meta property=\"og:url\" content=\"https:\/\/arteeluoghi.it\/index.php\/2023\/09\/06\/vivere-a-viso-aperto\/\" \/>\n<meta property=\"og:site_name\" content=\"Arte e Luoghi\" \/>\n<meta property=\"article:publisher\" content=\"https:\/\/www.facebook.com\/ArteELuoghi\/\" \/>\n<meta property=\"article:published_time\" content=\"2023-09-06T14:13:21+00:00\" \/>\n<meta property=\"article:modified_time\" content=\"2023-09-06T14:13:23+00:00\" \/>\n<meta property=\"og:image\" content=\"https:\/\/arteeluoghi.it\/wp-content\/uploads\/2023\/07\/piattocopwalter-vivere-a-viso-aperto.jpg\" \/>\n\t<meta property=\"og:image:width\" content=\"706\" \/>\n\t<meta property=\"og:image:height\" content=\"1006\" \/>\n\t<meta property=\"og:image:type\" content=\"image\/jpeg\" \/>\n<meta name=\"twitter:card\" content=\"summary\" \/>\n<meta name=\"twitter:creator\" content=\"@arteeluoghi\" \/>\n<meta name=\"twitter:site\" content=\"@arteeluoghi\" \/>\n<meta name=\"twitter:label1\" content=\"Scritto da\" \/>\n\t<meta name=\"twitter:data1\" content=\"Staff\" \/>\n\t<meta name=\"twitter:label2\" content=\"Tempo di lettura stimato\" \/>\n\t<meta name=\"twitter:data2\" content=\"3 minuti\" \/>\n<script type=\"application\/ld+json\" class=\"yoast-schema-graph\">{\"@context\":\"https:\/\/schema.org\",\"@graph\":[{\"@type\":\"Organization\",\"@id\":\"https:\/\/arteeluoghi.it\/#organization\",\"name\":\"Arte e Luoghi\",\"url\":\"https:\/\/arteeluoghi.it\/\",\"sameAs\":[\"https:\/\/www.facebook.com\/ArteELuoghi\/\",\"https:\/\/www.instagram.com\/arteeluoghi\/?hl=it\",\"https:\/\/www.youtube.com\/channel\/UCuRVc4JW4-C5sg9rQB-srkw?view_as=subscriber\",\"https:\/\/twitter.com\/arteeluoghi\"],\"logo\":{\"@type\":\"ImageObject\",\"@id\":\"https:\/\/arteeluoghi.it\/#logo\",\"inLanguage\":\"it-IT\",\"url\":\"https:\/\/arteeluoghi.it\/wp-content\/uploads\/2018\/08\/logoinstagramarte.jpg\",\"contentUrl\":\"https:\/\/arteeluoghi.it\/wp-content\/uploads\/2018\/08\/logoinstagramarte.jpg\",\"width\":150,\"height\":150,\"caption\":\"Arte e Luoghi\"},\"image\":{\"@id\":\"https:\/\/arteeluoghi.it\/#logo\"}},{\"@type\":\"WebSite\",\"@id\":\"https:\/\/arteeluoghi.it\/#website\",\"url\":\"https:\/\/arteeluoghi.it\/\",\"name\":\"Arte e Luoghi\",\"description\":\"Mensile di arte, cultura, turismo e curiosit\u00e0\",\"publisher\":{\"@id\":\"https:\/\/arteeluoghi.it\/#organization\"},\"potentialAction\":[{\"@type\":\"SearchAction\",\"target\":{\"@type\":\"EntryPoint\",\"urlTemplate\":\"https:\/\/arteeluoghi.it\/?s={search_term_string}\"},\"query-input\":\"required name=search_term_string\"}],\"inLanguage\":\"it-IT\"},{\"@type\":\"ImageObject\",\"@id\":\"https:\/\/arteeluoghi.it\/index.php\/2023\/09\/06\/vivere-a-viso-aperto\/#primaryimage\",\"inLanguage\":\"it-IT\",\"url\":\"https:\/\/arteeluoghi.it\/wp-content\/uploads\/2023\/07\/piattocopwalter-vivere-a-viso-aperto.jpg\",\"contentUrl\":\"https:\/\/arteeluoghi.it\/wp-content\/uploads\/2023\/07\/piattocopwalter-vivere-a-viso-aperto.jpg\",\"width\":706,\"height\":1006},{\"@type\":\"WebPage\",\"@id\":\"https:\/\/arteeluoghi.it\/index.php\/2023\/09\/06\/vivere-a-viso-aperto\/#webpage\",\"url\":\"https:\/\/arteeluoghi.it\/index.php\/2023\/09\/06\/vivere-a-viso-aperto\/\",\"name\":\"Vivere a viso aperto | Arte e Luoghi\",\"isPartOf\":{\"@id\":\"https:\/\/arteeluoghi.it\/#website\"},\"primaryImageOfPage\":{\"@id\":\"https:\/\/arteeluoghi.it\/index.php\/2023\/09\/06\/vivere-a-viso-aperto\/#primaryimage\"},\"datePublished\":\"2023-09-06T14:13:21+00:00\",\"dateModified\":\"2023-09-06T14:13:23+00:00\",\"description\":\"Venerd\u00ec 8 settembre l'anteprima a Lecce del nuovo romanzo di Walter Cerfeda alla Biblioteca Bernardini. Presenta l'autore Pino De Luca\",\"breadcrumb\":{\"@id\":\"https:\/\/arteeluoghi.it\/index.php\/2023\/09\/06\/vivere-a-viso-aperto\/#breadcrumb\"},\"inLanguage\":\"it-IT\",\"potentialAction\":[{\"@type\":\"ReadAction\",\"target\":[\"https:\/\/arteeluoghi.it\/index.php\/2023\/09\/06\/vivere-a-viso-aperto\/\"]}]},{\"@type\":\"BreadcrumbList\",\"@id\":\"https:\/\/arteeluoghi.it\/index.php\/2023\/09\/06\/vivere-a-viso-aperto\/#breadcrumb\",\"itemListElement\":[{\"@type\":\"ListItem\",\"position\":1,\"name\":\"Home\",\"item\":\"https:\/\/arteeluoghi.it\/\"},{\"@type\":\"ListItem\",\"position\":2,\"name\":\"Vivere a viso aperto\"}]},{\"@type\":\"Article\",\"@id\":\"https:\/\/arteeluoghi.it\/index.php\/2023\/09\/06\/vivere-a-viso-aperto\/#article\",\"isPartOf\":{\"@id\":\"https:\/\/arteeluoghi.it\/index.php\/2023\/09\/06\/vivere-a-viso-aperto\/#webpage\"},\"author\":{\"@id\":\"https:\/\/arteeluoghi.it\/#\/schema\/person\/f84e814e36e91e01448ee07eaadd41d4\"},\"headline\":\"Vivere a viso aperto\",\"datePublished\":\"2023-09-06T14:13:21+00:00\",\"dateModified\":\"2023-09-06T14:13:23+00:00\",\"mainEntityOfPage\":{\"@id\":\"https:\/\/arteeluoghi.it\/index.php\/2023\/09\/06\/vivere-a-viso-aperto\/#webpage\"},\"wordCount\":412,\"commentCount\":0,\"publisher\":{\"@id\":\"https:\/\/arteeluoghi.it\/#organization\"},\"image\":{\"@id\":\"https:\/\/arteeluoghi.it\/index.php\/2023\/09\/06\/vivere-a-viso-aperto\/#primaryimage\"},\"thumbnailUrl\":\"https:\/\/arteeluoghi.it\/wp-content\/uploads\/2023\/07\/piattocopwalter-vivere-a-viso-aperto.jpg\",\"keywords\":[\"Biblioteca Bernardini\",\"Pino De Luca\",\"romanzo\",\"Walter Cerfeda\"],\"articleSection\":[\"LIBRI\"],\"inLanguage\":\"it-IT\",\"potentialAction\":[{\"@type\":\"CommentAction\",\"name\":\"Comment\",\"target\":[\"https:\/\/arteeluoghi.it\/index.php\/2023\/09\/06\/vivere-a-viso-aperto\/#respond\"]}]},{\"@type\":\"Person\",\"@id\":\"https:\/\/arteeluoghi.it\/#\/schema\/person\/f84e814e36e91e01448ee07eaadd41d4\",\"name\":\"Staff\",\"image\":{\"@type\":\"ImageObject\",\"@id\":\"https:\/\/arteeluoghi.it\/#personlogo\",\"inLanguage\":\"it-IT\",\"url\":\"https:\/\/secure.gravatar.com\/avatar\/49d2f9e46271bb04e19cebfaf141313a?s=96&d=blank&r=g\",\"contentUrl\":\"https:\/\/secure.gravatar.com\/avatar\/49d2f9e46271bb04e19cebfaf141313a?s=96&d=blank&r=g\",\"caption\":\"Staff\"}}]}<\/script>\n<!-- \/ Yoast SEO plugin. -->","yoast_head_json":{"title":"Vivere a viso aperto | Arte e Luoghi","description":"Venerd\u00ec 8 settembre l'anteprima a Lecce del nuovo romanzo di Walter Cerfeda alla Biblioteca Bernardini. Presenta l'autore Pino De Luca","robots":{"index":"index","follow":"follow","max-snippet":"max-snippet:-1","max-image-preview":"max-image-preview:large","max-video-preview":"max-video-preview:-1"},"canonical":"https:\/\/arteeluoghi.it\/index.php\/2023\/09\/06\/vivere-a-viso-aperto\/","og_locale":"it_IT","og_type":"article","og_title":"Vivere a viso aperto | Arte e Luoghi","og_description":"Venerd\u00ec 8 settembre l'anteprima a Lecce del nuovo romanzo di Walter Cerfeda alla Biblioteca Bernardini. Presenta l'autore Pino De Luca","og_url":"https:\/\/arteeluoghi.it\/index.php\/2023\/09\/06\/vivere-a-viso-aperto\/","og_site_name":"Arte e Luoghi","article_publisher":"https:\/\/www.facebook.com\/ArteELuoghi\/","article_published_time":"2023-09-06T14:13:21+00:00","article_modified_time":"2023-09-06T14:13:23+00:00","og_image":[{"width":706,"height":1006,"url":"https:\/\/arteeluoghi.it\/wp-content\/uploads\/2023\/07\/piattocopwalter-vivere-a-viso-aperto.jpg","type":"image\/jpeg"}],"twitter_card":"summary","twitter_creator":"@arteeluoghi","twitter_site":"@arteeluoghi","twitter_misc":{"Scritto da":"Staff","Tempo di lettura stimato":"3 minuti"},"schema":{"@context":"https:\/\/schema.org","@graph":[{"@type":"Organization","@id":"https:\/\/arteeluoghi.it\/#organization","name":"Arte e Luoghi","url":"https:\/\/arteeluoghi.it\/","sameAs":["https:\/\/www.facebook.com\/ArteELuoghi\/","https:\/\/www.instagram.com\/arteeluoghi\/?hl=it","https:\/\/www.youtube.com\/channel\/UCuRVc4JW4-C5sg9rQB-srkw?view_as=subscriber","https:\/\/twitter.com\/arteeluoghi"],"logo":{"@type":"ImageObject","@id":"https:\/\/arteeluoghi.it\/#logo","inLanguage":"it-IT","url":"https:\/\/arteeluoghi.it\/wp-content\/uploads\/2018\/08\/logoinstagramarte.jpg","contentUrl":"https:\/\/arteeluoghi.it\/wp-content\/uploads\/2018\/08\/logoinstagramarte.jpg","width":150,"height":150,"caption":"Arte e Luoghi"},"image":{"@id":"https:\/\/arteeluoghi.it\/#logo"}},{"@type":"WebSite","@id":"https:\/\/arteeluoghi.it\/#website","url":"https:\/\/arteeluoghi.it\/","name":"Arte e Luoghi","description":"Mensile di arte, cultura, turismo e curiosit\u00e0","publisher":{"@id":"https:\/\/arteeluoghi.it\/#organization"},"potentialAction":[{"@type":"SearchAction","target":{"@type":"EntryPoint","urlTemplate":"https:\/\/arteeluoghi.it\/?s={search_term_string}"},"query-input":"required name=search_term_string"}],"inLanguage":"it-IT"},{"@type":"ImageObject","@id":"https:\/\/arteeluoghi.it\/index.php\/2023\/09\/06\/vivere-a-viso-aperto\/#primaryimage","inLanguage":"it-IT","url":"https:\/\/arteeluoghi.it\/wp-content\/uploads\/2023\/07\/piattocopwalter-vivere-a-viso-aperto.jpg","contentUrl":"https:\/\/arteeluoghi.it\/wp-content\/uploads\/2023\/07\/piattocopwalter-vivere-a-viso-aperto.jpg","width":706,"height":1006},{"@type":"WebPage","@id":"https:\/\/arteeluoghi.it\/index.php\/2023\/09\/06\/vivere-a-viso-aperto\/#webpage","url":"https:\/\/arteeluoghi.it\/index.php\/2023\/09\/06\/vivere-a-viso-aperto\/","name":"Vivere a viso aperto | Arte e Luoghi","isPartOf":{"@id":"https:\/\/arteeluoghi.it\/#website"},"primaryImageOfPage":{"@id":"https:\/\/arteeluoghi.it\/index.php\/2023\/09\/06\/vivere-a-viso-aperto\/#primaryimage"},"datePublished":"2023-09-06T14:13:21+00:00","dateModified":"2023-09-06T14:13:23+00:00","description":"Venerd\u00ec 8 settembre l'anteprima a Lecce del nuovo romanzo di Walter Cerfeda alla Biblioteca Bernardini. Presenta l'autore Pino De Luca","breadcrumb":{"@id":"https:\/\/arteeluoghi.it\/index.php\/2023\/09\/06\/vivere-a-viso-aperto\/#breadcrumb"},"inLanguage":"it-IT","potentialAction":[{"@type":"ReadAction","target":["https:\/\/arteeluoghi.it\/index.php\/2023\/09\/06\/vivere-a-viso-aperto\/"]}]},{"@type":"BreadcrumbList","@id":"https:\/\/arteeluoghi.it\/index.php\/2023\/09\/06\/vivere-a-viso-aperto\/#breadcrumb","itemListElement":[{"@type":"ListItem","position":1,"name":"Home","item":"https:\/\/arteeluoghi.it\/"},{"@type":"ListItem","position":2,"name":"Vivere a viso aperto"}]},{"@type":"Article","@id":"https:\/\/arteeluoghi.it\/index.php\/2023\/09\/06\/vivere-a-viso-aperto\/#article","isPartOf":{"@id":"https:\/\/arteeluoghi.it\/index.php\/2023\/09\/06\/vivere-a-viso-aperto\/#webpage"},"author":{"@id":"https:\/\/arteeluoghi.it\/#\/schema\/person\/f84e814e36e91e01448ee07eaadd41d4"},"headline":"Vivere a viso aperto","datePublished":"2023-09-06T14:13:21+00:00","dateModified":"2023-09-06T14:13:23+00:00","mainEntityOfPage":{"@id":"https:\/\/arteeluoghi.it\/index.php\/2023\/09\/06\/vivere-a-viso-aperto\/#webpage"},"wordCount":412,"commentCount":0,"publisher":{"@id":"https:\/\/arteeluoghi.it\/#organization"},"image":{"@id":"https:\/\/arteeluoghi.it\/index.php\/2023\/09\/06\/vivere-a-viso-aperto\/#primaryimage"},"thumbnailUrl":"https:\/\/arteeluoghi.it\/wp-content\/uploads\/2023\/07\/piattocopwalter-vivere-a-viso-aperto.jpg","keywords":["Biblioteca Bernardini","Pino De Luca","romanzo","Walter Cerfeda"],"articleSection":["LIBRI"],"inLanguage":"it-IT","potentialAction":[{"@type":"CommentAction","name":"Comment","target":["https:\/\/arteeluoghi.it\/index.php\/2023\/09\/06\/vivere-a-viso-aperto\/#respond"]}]},{"@type":"Person","@id":"https:\/\/arteeluoghi.it\/#\/schema\/person\/f84e814e36e91e01448ee07eaadd41d4","name":"Staff","image":{"@type":"ImageObject","@id":"https:\/\/arteeluoghi.it\/#personlogo","inLanguage":"it-IT","url":"https:\/\/secure.gravatar.com\/avatar\/49d2f9e46271bb04e19cebfaf141313a?s=96&d=blank&r=g","contentUrl":"https:\/\/secure.gravatar.com\/avatar\/49d2f9e46271bb04e19cebfaf141313a?s=96&d=blank&r=g","caption":"Staff"}}]}},"_links":{"self":[{"href":"https:\/\/arteeluoghi.it\/index.php\/wp-json\/wp\/v2\/posts\/13337"}],"collection":[{"href":"https:\/\/arteeluoghi.it\/index.php\/wp-json\/wp\/v2\/posts"}],"about":[{"href":"https:\/\/arteeluoghi.it\/index.php\/wp-json\/wp\/v2\/types\/post"}],"author":[{"embeddable":true,"href":"https:\/\/arteeluoghi.it\/index.php\/wp-json\/wp\/v2\/users\/1"}],"replies":[{"embeddable":true,"href":"https:\/\/arteeluoghi.it\/index.php\/wp-json\/wp\/v2\/comments?post=13337"}],"version-history":[{"count":1,"href":"https:\/\/arteeluoghi.it\/index.php\/wp-json\/wp\/v2\/posts\/13337\/revisions"}],"predecessor-version":[{"id":13338,"href":"https:\/\/arteeluoghi.it\/index.php\/wp-json\/wp\/v2\/posts\/13337\/revisions\/13338"}],"wp:featuredmedia":[{"embeddable":true,"href":"https:\/\/arteeluoghi.it\/index.php\/wp-json\/wp\/v2\/media\/12954"}],"wp:attachment":[{"href":"https:\/\/arteeluoghi.it\/index.php\/wp-json\/wp\/v2\/media?parent=13337"}],"wp:term":[{"taxonomy":"category","embeddable":true,"href":"https:\/\/arteeluoghi.it\/index.php\/wp-json\/wp\/v2\/categories?post=13337"},{"taxonomy":"post_tag","embeddable":true,"href":"https:\/\/arteeluoghi.it\/index.php\/wp-json\/wp\/v2\/tags?post=13337"}],"curies":[{"name":"wp","href":"https:\/\/api.w.org\/{rel}","templated":true}]}}