{"id":13349,"date":"2023-09-10T13:24:00","date_gmt":"2023-09-10T11:24:00","guid":{"rendered":"https:\/\/arteeluoghi.it\/?p=13349"},"modified":"2023-09-13T15:50:24","modified_gmt":"2023-09-13T13:50:24","slug":"la-settimana-di-mamma-lingua","status":"publish","type":"post","link":"https:\/\/arteeluoghi.it\/index.php\/2023\/09\/10\/la-settimana-di-mamma-lingua\/","title":{"rendered":"La settimana di Mamma Lingua"},"content":{"rendered":"\n<blockquote class=\"wp-block-quote\"><p>Un fitto calendario di eventi, workshop e letture a cura dei soci pugliesi di IBBY Italia dal 10 al 17 settembre nelle biblioteche di Puglia<\/p><\/blockquote>\n\n\n\n<p>Dal&nbsp;<strong>10 al 17 settembre<\/strong>&nbsp;diverse biblioteche della Puglia ospiteranno la settimana dedicata al progetto \u201c<a href=\"https:\/\/www.mammalingua.it\/\" target=\"_blank\" rel=\"noreferrer noopener\">Mamma Lingua. Storie per tutti, nessuno escluso<\/a>\u201d. Incontri, workshop, letture ad alta voce e flash mob letterari sono tra le attivit\u00e0 del programma promosso dai soci pugliesi di&nbsp;<a href=\"http:\/\/www.ibbyitalia.it\/\" target=\"_blank\" rel=\"noreferrer noopener\">IBBY Italia<\/a>&nbsp;e reso possibile grazie alle sei valigie con cui la Regione Puglia ha arricchito il patrimonio delle biblioteche per bambini e bambine da 0 a 6 anni di tutte le lingue.<\/p>\n\n\n\n<!--more-->\n\n\n\n<p>Il progetto nazionale \u201cMamma Lingua. Storie per tutti nessuno escluso\u201d dell\u2019Associazione Italiana Biblioteche (AIB) si rivolge alle pi\u00f9 numerose comunit\u00e0 straniere del nostro paese per promuovere l\u2019importanza della lettura condivisa in lingua madre, della narrazione e della diversit\u00e0 linguistica in famiglia e nei contesti educativi e della socialit\u00e0. Tramite la diffusione dei libri per bambine e bambini in et\u00e0 prescolare si costruiscono ponti di parole tra la lingua di origine e quella del Paese in cui si cresce, nella consapevolezza che il riconoscimento e la valorizzazione delle situazioni di multilinguismo sono il modo pi\u00f9 efficace per favorire l\u2019apprendimento dell\u2019italiano, sostenere la genitorialit\u00e0 e migliorare l\u2019integrazione delle famiglie straniere.<\/p>\n\n\n\n<div class=\"wp-block-image\"><figure class=\"alignleft size-large is-resized\"><img loading=\"lazy\" src=\"https:\/\/arteeluoghi.it\/wp-content\/uploads\/2023\/09\/locandina-settimana-mamma-lingua-puglia-768x1024.jpg\" alt=\"\" class=\"wp-image-13351\" width=\"520\" height=\"693\" srcset=\"https:\/\/arteeluoghi.it\/wp-content\/uploads\/2023\/09\/locandina-settimana-mamma-lingua-puglia-768x1024.jpg 768w, https:\/\/arteeluoghi.it\/wp-content\/uploads\/2023\/09\/locandina-settimana-mamma-lingua-puglia-225x300.jpg 225w, https:\/\/arteeluoghi.it\/wp-content\/uploads\/2023\/09\/locandina-settimana-mamma-lingua-puglia-1152x1536.jpg 1152w, https:\/\/arteeluoghi.it\/wp-content\/uploads\/2023\/09\/locandina-settimana-mamma-lingua-puglia.jpg 1200w\" sizes=\"(max-width: 520px) 100vw, 520px\" \/><figcaption>La locandina della Settimana di Mamma Lingua nelle biblioteche di Puglia<\/figcaption><\/figure><\/div>\n\n\n\n<p>La Regione Puglia, Dipartimento Turismo, Economia della cultura e Valorizzazione del territorio &#8211; Cooperazione territoriale europea e Poli Bibliomuseali, ha acquistato dall\u2019AIB sei valigie, ciascuna con oltre 100 libri in 25 lingue diverse, donandole alle biblioteche capofila (Biblioteca la Magna Capitana di Foggia, Biblioteca N. Bernardini di Lecce, Biblioteca di Brindisi, Biblioteca P. Acclavio di Taranto, Biblioteca G. Bovio di Trani, Biblioteca \u201cCarrassi-San Pasquale\u201d Rete Colibr\u00ec di Bari) e rendendole disponibile al prestito sull\u2019intero territorio pugliese.<\/p>\n\n\n\n<p>Nasce all\u2019interno di questa sinergia la\u00a0<strong>Settimana Mamma Lingua,<\/strong>\u00a0a cura dei soci pugliesi di IBBY Italia, la prima delle iniziative ideate dal gruppo di volontari che si riunisce in un tavolo di coordinamento territoriale per conoscersi, collaborare e creare reti a supporto dell\u2019educazione alla lettura. IBBY Italia, tra i partner del progetto Mamma Lingua, \u00e8 la sezione nazionale di\u00a0<a href=\"http:\/\/www.ibby.org\/\" target=\"_blank\" rel=\"noreferrer noopener\">IBBY, International Board on Book for Young people<\/a>, un\u2019organizzazione internazionale no-profit, fondata nel 1953 da Jella Lepman, con lo scopo di facilitare l\u2019incontro tra libri, bambini e bambine e ragazzi e ragazze.<\/p>\n\n\n\n<p>(fonte: comunicato stampa)<\/p>\n","protected":false},"excerpt":{"rendered":"<p>Un fitto calendario di eventi, workshop e letture a cura dei soci pugliesi di IBBY Italia dal 10 al 17<\/p>\n","protected":false},"author":1,"featured_media":13350,"comment_status":"open","ping_status":"open","sticky":true,"template":"","format":"standard","meta":[],"categories":[52],"tags":[5450,5451,5457,5454,5453,5456,5455,5452,5449,5448],"yoast_head":"<!-- This site is optimized with the Yoast SEO plugin v18.0 - https:\/\/yoast.com\/wordpress\/plugins\/seo\/ -->\n<title>La settimana di Mamma Lingua | Arte e Luoghi<\/title>\n<meta name=\"description\" content=\"Un fitto calendario di eventi, workshop e letture a cura dei soci pugliesi di IBBY Italiadal 10 al 17 settembre nelle biblioteche di Puglia\" \/>\n<meta name=\"robots\" content=\"index, follow, max-snippet:-1, max-image-preview:large, max-video-preview:-1\" \/>\n<link rel=\"canonical\" href=\"https:\/\/arteeluoghi.it\/index.php\/2023\/09\/10\/la-settimana-di-mamma-lingua\/\" \/>\n<meta property=\"og:locale\" content=\"it_IT\" \/>\n<meta property=\"og:type\" content=\"article\" \/>\n<meta property=\"og:title\" content=\"La settimana di Mamma Lingua | Arte e Luoghi\" \/>\n<meta property=\"og:description\" content=\"Un fitto calendario di eventi, workshop e letture a cura dei soci pugliesi di IBBY Italiadal 10 al 17 settembre nelle biblioteche di Puglia\" \/>\n<meta property=\"og:url\" content=\"https:\/\/arteeluoghi.it\/index.php\/2023\/09\/10\/la-settimana-di-mamma-lingua\/\" \/>\n<meta property=\"og:site_name\" content=\"Arte e Luoghi\" \/>\n<meta property=\"article:publisher\" content=\"https:\/\/www.facebook.com\/ArteELuoghi\/\" \/>\n<meta property=\"article:published_time\" content=\"2023-09-10T11:24:00+00:00\" \/>\n<meta property=\"article:modified_time\" content=\"2023-09-13T13:50:24+00:00\" \/>\n<meta property=\"og:image\" content=\"https:\/\/arteeluoghi.it\/wp-content\/uploads\/2023\/09\/locandina-settimana-mamma-lingua-puglia-cover.jpg\" \/>\n\t<meta property=\"og:image:width\" content=\"1200\" \/>\n\t<meta property=\"og:image:height\" content=\"488\" \/>\n\t<meta property=\"og:image:type\" content=\"image\/jpeg\" \/>\n<meta name=\"twitter:card\" content=\"summary\" \/>\n<meta name=\"twitter:creator\" content=\"@arteeluoghi\" \/>\n<meta name=\"twitter:site\" content=\"@arteeluoghi\" \/>\n<meta name=\"twitter:label1\" content=\"Scritto da\" \/>\n\t<meta name=\"twitter:data1\" content=\"Staff\" \/>\n\t<meta name=\"twitter:label2\" content=\"Tempo di lettura stimato\" \/>\n\t<meta name=\"twitter:data2\" content=\"3 minuti\" \/>\n<script type=\"application\/ld+json\" class=\"yoast-schema-graph\">{\"@context\":\"https:\/\/schema.org\",\"@graph\":[{\"@type\":\"Organization\",\"@id\":\"https:\/\/arteeluoghi.it\/#organization\",\"name\":\"Arte e Luoghi\",\"url\":\"https:\/\/arteeluoghi.it\/\",\"sameAs\":[\"https:\/\/www.facebook.com\/ArteELuoghi\/\",\"https:\/\/www.instagram.com\/arteeluoghi\/?hl=it\",\"https:\/\/www.youtube.com\/channel\/UCuRVc4JW4-C5sg9rQB-srkw?view_as=subscriber\",\"https:\/\/twitter.com\/arteeluoghi\"],\"logo\":{\"@type\":\"ImageObject\",\"@id\":\"https:\/\/arteeluoghi.it\/#logo\",\"inLanguage\":\"it-IT\",\"url\":\"https:\/\/arteeluoghi.it\/wp-content\/uploads\/2018\/08\/logoinstagramarte.jpg\",\"contentUrl\":\"https:\/\/arteeluoghi.it\/wp-content\/uploads\/2018\/08\/logoinstagramarte.jpg\",\"width\":150,\"height\":150,\"caption\":\"Arte e Luoghi\"},\"image\":{\"@id\":\"https:\/\/arteeluoghi.it\/#logo\"}},{\"@type\":\"WebSite\",\"@id\":\"https:\/\/arteeluoghi.it\/#website\",\"url\":\"https:\/\/arteeluoghi.it\/\",\"name\":\"Arte e Luoghi\",\"description\":\"Mensile di arte, cultura, turismo e curiosit\u00e0\",\"publisher\":{\"@id\":\"https:\/\/arteeluoghi.it\/#organization\"},\"potentialAction\":[{\"@type\":\"SearchAction\",\"target\":{\"@type\":\"EntryPoint\",\"urlTemplate\":\"https:\/\/arteeluoghi.it\/?s={search_term_string}\"},\"query-input\":\"required name=search_term_string\"}],\"inLanguage\":\"it-IT\"},{\"@type\":\"ImageObject\",\"@id\":\"https:\/\/arteeluoghi.it\/index.php\/2023\/09\/10\/la-settimana-di-mamma-lingua\/#primaryimage\",\"inLanguage\":\"it-IT\",\"url\":\"https:\/\/arteeluoghi.it\/wp-content\/uploads\/2023\/09\/locandina-settimana-mamma-lingua-puglia-cover.jpg\",\"contentUrl\":\"https:\/\/arteeluoghi.it\/wp-content\/uploads\/2023\/09\/locandina-settimana-mamma-lingua-puglia-cover.jpg\",\"width\":1200,\"height\":488},{\"@type\":\"WebPage\",\"@id\":\"https:\/\/arteeluoghi.it\/index.php\/2023\/09\/10\/la-settimana-di-mamma-lingua\/#webpage\",\"url\":\"https:\/\/arteeluoghi.it\/index.php\/2023\/09\/10\/la-settimana-di-mamma-lingua\/\",\"name\":\"La settimana di Mamma Lingua | Arte e Luoghi\",\"isPartOf\":{\"@id\":\"https:\/\/arteeluoghi.it\/#website\"},\"primaryImageOfPage\":{\"@id\":\"https:\/\/arteeluoghi.it\/index.php\/2023\/09\/10\/la-settimana-di-mamma-lingua\/#primaryimage\"},\"datePublished\":\"2023-09-10T11:24:00+00:00\",\"dateModified\":\"2023-09-13T13:50:24+00:00\",\"description\":\"Un fitto calendario di eventi, workshop e letture a cura dei soci pugliesi di IBBY Italiadal 10 al 17 settembre nelle biblioteche di Puglia\",\"breadcrumb\":{\"@id\":\"https:\/\/arteeluoghi.it\/index.php\/2023\/09\/10\/la-settimana-di-mamma-lingua\/#breadcrumb\"},\"inLanguage\":\"it-IT\",\"potentialAction\":[{\"@type\":\"ReadAction\",\"target\":[\"https:\/\/arteeluoghi.it\/index.php\/2023\/09\/10\/la-settimana-di-mamma-lingua\/\"]}]},{\"@type\":\"BreadcrumbList\",\"@id\":\"https:\/\/arteeluoghi.it\/index.php\/2023\/09\/10\/la-settimana-di-mamma-lingua\/#breadcrumb\",\"itemListElement\":[{\"@type\":\"ListItem\",\"position\":1,\"name\":\"Home\",\"item\":\"https:\/\/arteeluoghi.it\/\"},{\"@type\":\"ListItem\",\"position\":2,\"name\":\"La settimana di Mamma Lingua\"}]},{\"@type\":\"Article\",\"@id\":\"https:\/\/arteeluoghi.it\/index.php\/2023\/09\/10\/la-settimana-di-mamma-lingua\/#article\",\"isPartOf\":{\"@id\":\"https:\/\/arteeluoghi.it\/index.php\/2023\/09\/10\/la-settimana-di-mamma-lingua\/#webpage\"},\"author\":{\"@id\":\"https:\/\/arteeluoghi.it\/#\/schema\/person\/f84e814e36e91e01448ee07eaadd41d4\"},\"headline\":\"La settimana di Mamma Lingua\",\"datePublished\":\"2023-09-10T11:24:00+00:00\",\"dateModified\":\"2023-09-13T13:50:24+00:00\",\"mainEntityOfPage\":{\"@id\":\"https:\/\/arteeluoghi.it\/index.php\/2023\/09\/10\/la-settimana-di-mamma-lingua\/#webpage\"},\"wordCount\":401,\"commentCount\":0,\"publisher\":{\"@id\":\"https:\/\/arteeluoghi.it\/#organization\"},\"image\":{\"@id\":\"https:\/\/arteeluoghi.it\/index.php\/2023\/09\/10\/la-settimana-di-mamma-lingua\/#primaryimage\"},\"thumbnailUrl\":\"https:\/\/arteeluoghi.it\/wp-content\/uploads\/2023\/09\/locandina-settimana-mamma-lingua-puglia-cover.jpg\",\"keywords\":[\"AIB\",\"Associazione italiana Biblioteche\",\"Biblioteca \u201cCarrassi-San Pasquale\u201d Rete Colibr\u00ec di Bari)\",\"Biblioteca di Brindisi\",\"Biblioteca G. Bovio di Trani\",\"Biblioteca la Magna Capitana di Foggia\",\"Biblioteca N. Bernardini di Lecce\",\"Biblioteca P. Acclavio di Taranto\",\"IBBY Italia\",\"lingua\"],\"articleSection\":[\"I luoghi della parola\"],\"inLanguage\":\"it-IT\",\"potentialAction\":[{\"@type\":\"CommentAction\",\"name\":\"Comment\",\"target\":[\"https:\/\/arteeluoghi.it\/index.php\/2023\/09\/10\/la-settimana-di-mamma-lingua\/#respond\"]}]},{\"@type\":\"Person\",\"@id\":\"https:\/\/arteeluoghi.it\/#\/schema\/person\/f84e814e36e91e01448ee07eaadd41d4\",\"name\":\"Staff\",\"image\":{\"@type\":\"ImageObject\",\"@id\":\"https:\/\/arteeluoghi.it\/#personlogo\",\"inLanguage\":\"it-IT\",\"url\":\"https:\/\/secure.gravatar.com\/avatar\/49d2f9e46271bb04e19cebfaf141313a?s=96&d=blank&r=g\",\"contentUrl\":\"https:\/\/secure.gravatar.com\/avatar\/49d2f9e46271bb04e19cebfaf141313a?s=96&d=blank&r=g\",\"caption\":\"Staff\"}}]}<\/script>\n<!-- \/ Yoast SEO plugin. -->","yoast_head_json":{"title":"La settimana di Mamma Lingua | Arte e Luoghi","description":"Un fitto calendario di eventi, workshop e letture a cura dei soci pugliesi di IBBY Italiadal 10 al 17 settembre nelle biblioteche di Puglia","robots":{"index":"index","follow":"follow","max-snippet":"max-snippet:-1","max-image-preview":"max-image-preview:large","max-video-preview":"max-video-preview:-1"},"canonical":"https:\/\/arteeluoghi.it\/index.php\/2023\/09\/10\/la-settimana-di-mamma-lingua\/","og_locale":"it_IT","og_type":"article","og_title":"La settimana di Mamma Lingua | Arte e Luoghi","og_description":"Un fitto calendario di eventi, workshop e letture a cura dei soci pugliesi di IBBY Italiadal 10 al 17 settembre nelle biblioteche di Puglia","og_url":"https:\/\/arteeluoghi.it\/index.php\/2023\/09\/10\/la-settimana-di-mamma-lingua\/","og_site_name":"Arte e Luoghi","article_publisher":"https:\/\/www.facebook.com\/ArteELuoghi\/","article_published_time":"2023-09-10T11:24:00+00:00","article_modified_time":"2023-09-13T13:50:24+00:00","og_image":[{"width":1200,"height":488,"url":"https:\/\/arteeluoghi.it\/wp-content\/uploads\/2023\/09\/locandina-settimana-mamma-lingua-puglia-cover.jpg","type":"image\/jpeg"}],"twitter_card":"summary","twitter_creator":"@arteeluoghi","twitter_site":"@arteeluoghi","twitter_misc":{"Scritto da":"Staff","Tempo di lettura stimato":"3 minuti"},"schema":{"@context":"https:\/\/schema.org","@graph":[{"@type":"Organization","@id":"https:\/\/arteeluoghi.it\/#organization","name":"Arte e Luoghi","url":"https:\/\/arteeluoghi.it\/","sameAs":["https:\/\/www.facebook.com\/ArteELuoghi\/","https:\/\/www.instagram.com\/arteeluoghi\/?hl=it","https:\/\/www.youtube.com\/channel\/UCuRVc4JW4-C5sg9rQB-srkw?view_as=subscriber","https:\/\/twitter.com\/arteeluoghi"],"logo":{"@type":"ImageObject","@id":"https:\/\/arteeluoghi.it\/#logo","inLanguage":"it-IT","url":"https:\/\/arteeluoghi.it\/wp-content\/uploads\/2018\/08\/logoinstagramarte.jpg","contentUrl":"https:\/\/arteeluoghi.it\/wp-content\/uploads\/2018\/08\/logoinstagramarte.jpg","width":150,"height":150,"caption":"Arte e Luoghi"},"image":{"@id":"https:\/\/arteeluoghi.it\/#logo"}},{"@type":"WebSite","@id":"https:\/\/arteeluoghi.it\/#website","url":"https:\/\/arteeluoghi.it\/","name":"Arte e Luoghi","description":"Mensile di arte, cultura, turismo e curiosit\u00e0","publisher":{"@id":"https:\/\/arteeluoghi.it\/#organization"},"potentialAction":[{"@type":"SearchAction","target":{"@type":"EntryPoint","urlTemplate":"https:\/\/arteeluoghi.it\/?s={search_term_string}"},"query-input":"required name=search_term_string"}],"inLanguage":"it-IT"},{"@type":"ImageObject","@id":"https:\/\/arteeluoghi.it\/index.php\/2023\/09\/10\/la-settimana-di-mamma-lingua\/#primaryimage","inLanguage":"it-IT","url":"https:\/\/arteeluoghi.it\/wp-content\/uploads\/2023\/09\/locandina-settimana-mamma-lingua-puglia-cover.jpg","contentUrl":"https:\/\/arteeluoghi.it\/wp-content\/uploads\/2023\/09\/locandina-settimana-mamma-lingua-puglia-cover.jpg","width":1200,"height":488},{"@type":"WebPage","@id":"https:\/\/arteeluoghi.it\/index.php\/2023\/09\/10\/la-settimana-di-mamma-lingua\/#webpage","url":"https:\/\/arteeluoghi.it\/index.php\/2023\/09\/10\/la-settimana-di-mamma-lingua\/","name":"La settimana di Mamma Lingua | Arte e Luoghi","isPartOf":{"@id":"https:\/\/arteeluoghi.it\/#website"},"primaryImageOfPage":{"@id":"https:\/\/arteeluoghi.it\/index.php\/2023\/09\/10\/la-settimana-di-mamma-lingua\/#primaryimage"},"datePublished":"2023-09-10T11:24:00+00:00","dateModified":"2023-09-13T13:50:24+00:00","description":"Un fitto calendario di eventi, workshop e letture a cura dei soci pugliesi di IBBY Italiadal 10 al 17 settembre nelle biblioteche di Puglia","breadcrumb":{"@id":"https:\/\/arteeluoghi.it\/index.php\/2023\/09\/10\/la-settimana-di-mamma-lingua\/#breadcrumb"},"inLanguage":"it-IT","potentialAction":[{"@type":"ReadAction","target":["https:\/\/arteeluoghi.it\/index.php\/2023\/09\/10\/la-settimana-di-mamma-lingua\/"]}]},{"@type":"BreadcrumbList","@id":"https:\/\/arteeluoghi.it\/index.php\/2023\/09\/10\/la-settimana-di-mamma-lingua\/#breadcrumb","itemListElement":[{"@type":"ListItem","position":1,"name":"Home","item":"https:\/\/arteeluoghi.it\/"},{"@type":"ListItem","position":2,"name":"La settimana di Mamma Lingua"}]},{"@type":"Article","@id":"https:\/\/arteeluoghi.it\/index.php\/2023\/09\/10\/la-settimana-di-mamma-lingua\/#article","isPartOf":{"@id":"https:\/\/arteeluoghi.it\/index.php\/2023\/09\/10\/la-settimana-di-mamma-lingua\/#webpage"},"author":{"@id":"https:\/\/arteeluoghi.it\/#\/schema\/person\/f84e814e36e91e01448ee07eaadd41d4"},"headline":"La settimana di Mamma Lingua","datePublished":"2023-09-10T11:24:00+00:00","dateModified":"2023-09-13T13:50:24+00:00","mainEntityOfPage":{"@id":"https:\/\/arteeluoghi.it\/index.php\/2023\/09\/10\/la-settimana-di-mamma-lingua\/#webpage"},"wordCount":401,"commentCount":0,"publisher":{"@id":"https:\/\/arteeluoghi.it\/#organization"},"image":{"@id":"https:\/\/arteeluoghi.it\/index.php\/2023\/09\/10\/la-settimana-di-mamma-lingua\/#primaryimage"},"thumbnailUrl":"https:\/\/arteeluoghi.it\/wp-content\/uploads\/2023\/09\/locandina-settimana-mamma-lingua-puglia-cover.jpg","keywords":["AIB","Associazione italiana Biblioteche","Biblioteca \u201cCarrassi-San Pasquale\u201d Rete Colibr\u00ec di Bari)","Biblioteca di Brindisi","Biblioteca G. Bovio di Trani","Biblioteca la Magna Capitana di Foggia","Biblioteca N. Bernardini di Lecce","Biblioteca P. Acclavio di Taranto","IBBY Italia","lingua"],"articleSection":["I luoghi della parola"],"inLanguage":"it-IT","potentialAction":[{"@type":"CommentAction","name":"Comment","target":["https:\/\/arteeluoghi.it\/index.php\/2023\/09\/10\/la-settimana-di-mamma-lingua\/#respond"]}]},{"@type":"Person","@id":"https:\/\/arteeluoghi.it\/#\/schema\/person\/f84e814e36e91e01448ee07eaadd41d4","name":"Staff","image":{"@type":"ImageObject","@id":"https:\/\/arteeluoghi.it\/#personlogo","inLanguage":"it-IT","url":"https:\/\/secure.gravatar.com\/avatar\/49d2f9e46271bb04e19cebfaf141313a?s=96&d=blank&r=g","contentUrl":"https:\/\/secure.gravatar.com\/avatar\/49d2f9e46271bb04e19cebfaf141313a?s=96&d=blank&r=g","caption":"Staff"}}]}},"_links":{"self":[{"href":"https:\/\/arteeluoghi.it\/index.php\/wp-json\/wp\/v2\/posts\/13349"}],"collection":[{"href":"https:\/\/arteeluoghi.it\/index.php\/wp-json\/wp\/v2\/posts"}],"about":[{"href":"https:\/\/arteeluoghi.it\/index.php\/wp-json\/wp\/v2\/types\/post"}],"author":[{"embeddable":true,"href":"https:\/\/arteeluoghi.it\/index.php\/wp-json\/wp\/v2\/users\/1"}],"replies":[{"embeddable":true,"href":"https:\/\/arteeluoghi.it\/index.php\/wp-json\/wp\/v2\/comments?post=13349"}],"version-history":[{"count":1,"href":"https:\/\/arteeluoghi.it\/index.php\/wp-json\/wp\/v2\/posts\/13349\/revisions"}],"predecessor-version":[{"id":13352,"href":"https:\/\/arteeluoghi.it\/index.php\/wp-json\/wp\/v2\/posts\/13349\/revisions\/13352"}],"wp:featuredmedia":[{"embeddable":true,"href":"https:\/\/arteeluoghi.it\/index.php\/wp-json\/wp\/v2\/media\/13350"}],"wp:attachment":[{"href":"https:\/\/arteeluoghi.it\/index.php\/wp-json\/wp\/v2\/media?parent=13349"}],"wp:term":[{"taxonomy":"category","embeddable":true,"href":"https:\/\/arteeluoghi.it\/index.php\/wp-json\/wp\/v2\/categories?post=13349"},{"taxonomy":"post_tag","embeddable":true,"href":"https:\/\/arteeluoghi.it\/index.php\/wp-json\/wp\/v2\/tags?post=13349"}],"curies":[{"name":"wp","href":"https:\/\/api.w.org\/{rel}","templated":true}]}}