{"id":13506,"date":"2023-09-01T20:55:00","date_gmt":"2023-09-01T18:55:00","guid":{"rendered":"https:\/\/arteeluoghi.it\/?p=13506"},"modified":"2023-09-24T20:59:10","modified_gmt":"2023-09-24T18:59:10","slug":"fitzcarraldo-la-prima-opera-lirica-viaggiante","status":"publish","type":"post","link":"https:\/\/arteeluoghi.it\/index.php\/2023\/09\/01\/fitzcarraldo-la-prima-opera-lirica-viaggiante\/","title":{"rendered":"Fitzcarraldo  la prima opera lirica viaggiante"},"content":{"rendered":"\n<blockquote class=\"wp-block-quote\"><p>Nel tratto che va dall\u2019Isola Tiberina all\u2019Ara Pacis, dal 18 al 21 settembre<\/p><\/blockquote>\n\n\n\n<p>Torna tra le rive del Tevere, nel tratto che va dall\u2019Isola Tiberina all\u2019Ara Pacis, dal 18 al 21 settembre 2023, \u201cFitzcarraldo\u201d, la prima opera lirica viaggiante &#8211; omaggio a Roma e all&#8217;opera di Herzog &#8211; pensata per un battello in movimento nel cuore della capitale.<\/p>\n\n\n\n<!--more-->\n\n\n\n<p><br>Nato da un\u2019idea di Fabio Morgan &#8211; composta da Francesco Leineri su libretto di Andrea Carvelli &#8211; Fitzcarraldo condurr\u00e0 lo spettatore in un viaggio musicale, teatrale e fisico a bordo di un battello in movimento lungo le rive del Tevere, trasformando monumenti e architetture capitoline in scenografia dell\u2019opera stessa, rendendo Roma protagonista assoluta del progetto, con la sua anima e il suo patrimonio, verso una rinascita. In una Roma dove l\u2019apocalisse \u00e8 gi\u00e0 avvenuta, Fitzcarraldo, insieme a una ciurma di artisti, percorre con il suo battello il Tevere, permettendo di osservare le vestigie di un\u2019epoca gloriosa del passato. Scopo del viaggio \u00e8 l\u2019impresa del protagonista di edificare un mondo nuovo che trova nell\u2019arte il suo elemento di salvezza.<br>Dodici le repliche con imbarco da Lungotevere degli Anguillari, di fronte a Piazza Gioacchino Belli. In scena: il baritono Giorgio Celenza, la soprano Clara La Licata, il tenore Antonio Sapio, il basso Yuri Guerra. Con loro, l\u2019ensemble Musica Necessaria, composto dallo stesso Francesco Leineri insieme a Fabio Cuozzo alle percussioni e Luigi Ginesti al corno francese, la voce fuori campo del controtenore Antonello Dorico e La Cantoria del Teatro dell\u2019Opera di Roma.<br>\u00abFitzcarraldo \u00e8 un progetto utopico, che porter\u00e0 spettatrici e spettatori al centro della giungla urbana che \u00e8 Roma: una visita poetica delle rovine del passato e della decadenza del presente, un viaggio in cerca di un orizzonte di salvezza. La nostra citt\u00e0 pu\u00f2 trovare un nuovo respiro e il Tevere, sulle sponde del quale Roma \u00e8 nata, pu\u00f2 essere una delle fonti vitali e creative da cui poter ricostruire nuovi percorsi&#8221; dichiara Fabio Morgan, ideatore e direttore artistico di Fitzcarraldo: opera performance su battello\u00bb.<br>\u201cFitzcarraldo: opera performance su battello\u201d \u00e8 prodotto da E45, in collaborazione con il Teatro dell\u2019Opera di Roma, con il sostegno del Ministero della Cultura.<br>Biglietti: 35 \u20ac Biglietteria online: https:\/\/www.e45.it\/fitzcarraldo<\/p>\n","protected":false},"excerpt":{"rendered":"<p>Nel tratto che va dall\u2019Isola Tiberina all\u2019Ara Pacis, dal 18 al 21 settembre Torna tra le rive del Tevere, nel<\/p>\n","protected":false},"author":1,"featured_media":13507,"comment_status":"open","ping_status":"open","sticky":true,"template":"","format":"standard","meta":[],"categories":[12,13],"tags":[5593,5592,235,5594,377],"yoast_head":"<!-- This site is optimized with the Yoast SEO plugin v18.0 - https:\/\/yoast.com\/wordpress\/plugins\/seo\/ -->\n<title>Fitzcarraldo la prima opera lirica viaggiante | Arte e Luoghi<\/title>\n<meta name=\"description\" content=\"Nel tratto che va dall\u2019Isola Tiberina all\u2019Ara Pacis, dal 18 al 21 settembre l&#039;opera lirica viaggiante a bordo di un battello\" \/>\n<meta name=\"robots\" content=\"index, follow, max-snippet:-1, max-image-preview:large, max-video-preview:-1\" \/>\n<link rel=\"canonical\" href=\"https:\/\/arteeluoghi.it\/index.php\/2023\/09\/01\/fitzcarraldo-la-prima-opera-lirica-viaggiante\/\" \/>\n<meta property=\"og:locale\" content=\"it_IT\" \/>\n<meta property=\"og:type\" content=\"article\" \/>\n<meta property=\"og:title\" content=\"Fitzcarraldo la prima opera lirica viaggiante | Arte e Luoghi\" \/>\n<meta property=\"og:description\" content=\"Nel tratto che va dall\u2019Isola Tiberina all\u2019Ara Pacis, dal 18 al 21 settembre l&#039;opera lirica viaggiante a bordo di un battello\" \/>\n<meta property=\"og:url\" content=\"https:\/\/arteeluoghi.it\/index.php\/2023\/09\/01\/fitzcarraldo-la-prima-opera-lirica-viaggiante\/\" \/>\n<meta property=\"og:site_name\" content=\"Arte e Luoghi\" \/>\n<meta property=\"article:publisher\" content=\"https:\/\/www.facebook.com\/ArteELuoghi\/\" \/>\n<meta property=\"article:published_time\" content=\"2023-09-01T18:55:00+00:00\" \/>\n<meta property=\"article:modified_time\" content=\"2023-09-24T18:59:10+00:00\" \/>\n<meta property=\"og:image\" content=\"https:\/\/arteeluoghi.it\/wp-content\/uploads\/2023\/09\/Fitzcarraldo-alba_Giulia-Castellano_Fitzcarraldo-2022.jpeg\" \/>\n\t<meta property=\"og:image:width\" content=\"1500\" \/>\n\t<meta property=\"og:image:height\" content=\"1000\" \/>\n\t<meta property=\"og:image:type\" content=\"image\/jpeg\" \/>\n<meta name=\"twitter:card\" content=\"summary\" \/>\n<meta name=\"twitter:creator\" content=\"@arteeluoghi\" \/>\n<meta name=\"twitter:site\" content=\"@arteeluoghi\" \/>\n<meta name=\"twitter:label1\" content=\"Scritto da\" \/>\n\t<meta name=\"twitter:data1\" content=\"Staff\" \/>\n\t<meta name=\"twitter:label2\" content=\"Tempo di lettura stimato\" \/>\n\t<meta name=\"twitter:data2\" content=\"2 minuti\" \/>\n<script type=\"application\/ld+json\" class=\"yoast-schema-graph\">{\"@context\":\"https:\/\/schema.org\",\"@graph\":[{\"@type\":\"Organization\",\"@id\":\"https:\/\/arteeluoghi.it\/#organization\",\"name\":\"Arte e Luoghi\",\"url\":\"https:\/\/arteeluoghi.it\/\",\"sameAs\":[\"https:\/\/www.facebook.com\/ArteELuoghi\/\",\"https:\/\/www.instagram.com\/arteeluoghi\/?hl=it\",\"https:\/\/www.youtube.com\/channel\/UCuRVc4JW4-C5sg9rQB-srkw?view_as=subscriber\",\"https:\/\/twitter.com\/arteeluoghi\"],\"logo\":{\"@type\":\"ImageObject\",\"@id\":\"https:\/\/arteeluoghi.it\/#logo\",\"inLanguage\":\"it-IT\",\"url\":\"https:\/\/arteeluoghi.it\/wp-content\/uploads\/2018\/08\/logoinstagramarte.jpg\",\"contentUrl\":\"https:\/\/arteeluoghi.it\/wp-content\/uploads\/2018\/08\/logoinstagramarte.jpg\",\"width\":150,\"height\":150,\"caption\":\"Arte e Luoghi\"},\"image\":{\"@id\":\"https:\/\/arteeluoghi.it\/#logo\"}},{\"@type\":\"WebSite\",\"@id\":\"https:\/\/arteeluoghi.it\/#website\",\"url\":\"https:\/\/arteeluoghi.it\/\",\"name\":\"Arte e Luoghi\",\"description\":\"Mensile di arte, cultura, turismo e curiosit\u00e0\",\"publisher\":{\"@id\":\"https:\/\/arteeluoghi.it\/#organization\"},\"potentialAction\":[{\"@type\":\"SearchAction\",\"target\":{\"@type\":\"EntryPoint\",\"urlTemplate\":\"https:\/\/arteeluoghi.it\/?s={search_term_string}\"},\"query-input\":\"required name=search_term_string\"}],\"inLanguage\":\"it-IT\"},{\"@type\":\"ImageObject\",\"@id\":\"https:\/\/arteeluoghi.it\/index.php\/2023\/09\/01\/fitzcarraldo-la-prima-opera-lirica-viaggiante\/#primaryimage\",\"inLanguage\":\"it-IT\",\"url\":\"https:\/\/arteeluoghi.it\/wp-content\/uploads\/2023\/09\/Fitzcarraldo-alba_Giulia-Castellano_Fitzcarraldo-2022.jpeg\",\"contentUrl\":\"https:\/\/arteeluoghi.it\/wp-content\/uploads\/2023\/09\/Fitzcarraldo-alba_Giulia-Castellano_Fitzcarraldo-2022.jpeg\",\"width\":1500,\"height\":1000},{\"@type\":\"WebPage\",\"@id\":\"https:\/\/arteeluoghi.it\/index.php\/2023\/09\/01\/fitzcarraldo-la-prima-opera-lirica-viaggiante\/#webpage\",\"url\":\"https:\/\/arteeluoghi.it\/index.php\/2023\/09\/01\/fitzcarraldo-la-prima-opera-lirica-viaggiante\/\",\"name\":\"Fitzcarraldo la prima opera lirica viaggiante | Arte e Luoghi\",\"isPartOf\":{\"@id\":\"https:\/\/arteeluoghi.it\/#website\"},\"primaryImageOfPage\":{\"@id\":\"https:\/\/arteeluoghi.it\/index.php\/2023\/09\/01\/fitzcarraldo-la-prima-opera-lirica-viaggiante\/#primaryimage\"},\"datePublished\":\"2023-09-01T18:55:00+00:00\",\"dateModified\":\"2023-09-24T18:59:10+00:00\",\"description\":\"Nel tratto che va dall\u2019Isola Tiberina all\u2019Ara Pacis, dal 18 al 21 settembre l'opera lirica viaggiante a bordo di un battello\",\"breadcrumb\":{\"@id\":\"https:\/\/arteeluoghi.it\/index.php\/2023\/09\/01\/fitzcarraldo-la-prima-opera-lirica-viaggiante\/#breadcrumb\"},\"inLanguage\":\"it-IT\",\"potentialAction\":[{\"@type\":\"ReadAction\",\"target\":[\"https:\/\/arteeluoghi.it\/index.php\/2023\/09\/01\/fitzcarraldo-la-prima-opera-lirica-viaggiante\/\"]}]},{\"@type\":\"BreadcrumbList\",\"@id\":\"https:\/\/arteeluoghi.it\/index.php\/2023\/09\/01\/fitzcarraldo-la-prima-opera-lirica-viaggiante\/#breadcrumb\",\"itemListElement\":[{\"@type\":\"ListItem\",\"position\":1,\"name\":\"Home\",\"item\":\"https:\/\/arteeluoghi.it\/\"},{\"@type\":\"ListItem\",\"position\":2,\"name\":\"Fitzcarraldo la prima opera lirica viaggiante\"}]},{\"@type\":\"Article\",\"@id\":\"https:\/\/arteeluoghi.it\/index.php\/2023\/09\/01\/fitzcarraldo-la-prima-opera-lirica-viaggiante\/#article\",\"isPartOf\":{\"@id\":\"https:\/\/arteeluoghi.it\/index.php\/2023\/09\/01\/fitzcarraldo-la-prima-opera-lirica-viaggiante\/#webpage\"},\"author\":{\"@id\":\"https:\/\/arteeluoghi.it\/#\/schema\/person\/f84e814e36e91e01448ee07eaadd41d4\"},\"headline\":\"Fitzcarraldo la prima opera lirica viaggiante\",\"datePublished\":\"2023-09-01T18:55:00+00:00\",\"dateModified\":\"2023-09-24T18:59:10+00:00\",\"mainEntityOfPage\":{\"@id\":\"https:\/\/arteeluoghi.it\/index.php\/2023\/09\/01\/fitzcarraldo-la-prima-opera-lirica-viaggiante\/#webpage\"},\"wordCount\":372,\"commentCount\":0,\"publisher\":{\"@id\":\"https:\/\/arteeluoghi.it\/#organization\"},\"image\":{\"@id\":\"https:\/\/arteeluoghi.it\/index.php\/2023\/09\/01\/fitzcarraldo-la-prima-opera-lirica-viaggiante\/#primaryimage\"},\"thumbnailUrl\":\"https:\/\/arteeluoghi.it\/wp-content\/uploads\/2023\/09\/Fitzcarraldo-alba_Giulia-Castellano_Fitzcarraldo-2022.jpeg\",\"keywords\":[\"Fitzcarraldo\",\"Giorgio Celenza\",\"musica\",\"opera lirica viaggiante\",\"teatro\"],\"articleSection\":[\"MUSICA\",\"teatro\"],\"inLanguage\":\"it-IT\",\"potentialAction\":[{\"@type\":\"CommentAction\",\"name\":\"Comment\",\"target\":[\"https:\/\/arteeluoghi.it\/index.php\/2023\/09\/01\/fitzcarraldo-la-prima-opera-lirica-viaggiante\/#respond\"]}]},{\"@type\":\"Person\",\"@id\":\"https:\/\/arteeluoghi.it\/#\/schema\/person\/f84e814e36e91e01448ee07eaadd41d4\",\"name\":\"Staff\",\"image\":{\"@type\":\"ImageObject\",\"@id\":\"https:\/\/arteeluoghi.it\/#personlogo\",\"inLanguage\":\"it-IT\",\"url\":\"https:\/\/secure.gravatar.com\/avatar\/49d2f9e46271bb04e19cebfaf141313a?s=96&d=blank&r=g\",\"contentUrl\":\"https:\/\/secure.gravatar.com\/avatar\/49d2f9e46271bb04e19cebfaf141313a?s=96&d=blank&r=g\",\"caption\":\"Staff\"}}]}<\/script>\n<!-- \/ Yoast SEO plugin. -->","yoast_head_json":{"title":"Fitzcarraldo la prima opera lirica viaggiante | Arte e Luoghi","description":"Nel tratto che va dall\u2019Isola Tiberina all\u2019Ara Pacis, dal 18 al 21 settembre l'opera lirica viaggiante a bordo di un battello","robots":{"index":"index","follow":"follow","max-snippet":"max-snippet:-1","max-image-preview":"max-image-preview:large","max-video-preview":"max-video-preview:-1"},"canonical":"https:\/\/arteeluoghi.it\/index.php\/2023\/09\/01\/fitzcarraldo-la-prima-opera-lirica-viaggiante\/","og_locale":"it_IT","og_type":"article","og_title":"Fitzcarraldo la prima opera lirica viaggiante | Arte e Luoghi","og_description":"Nel tratto che va dall\u2019Isola Tiberina all\u2019Ara Pacis, dal 18 al 21 settembre l'opera lirica viaggiante a bordo di un battello","og_url":"https:\/\/arteeluoghi.it\/index.php\/2023\/09\/01\/fitzcarraldo-la-prima-opera-lirica-viaggiante\/","og_site_name":"Arte e Luoghi","article_publisher":"https:\/\/www.facebook.com\/ArteELuoghi\/","article_published_time":"2023-09-01T18:55:00+00:00","article_modified_time":"2023-09-24T18:59:10+00:00","og_image":[{"width":1500,"height":1000,"url":"https:\/\/arteeluoghi.it\/wp-content\/uploads\/2023\/09\/Fitzcarraldo-alba_Giulia-Castellano_Fitzcarraldo-2022.jpeg","type":"image\/jpeg"}],"twitter_card":"summary","twitter_creator":"@arteeluoghi","twitter_site":"@arteeluoghi","twitter_misc":{"Scritto da":"Staff","Tempo di lettura stimato":"2 minuti"},"schema":{"@context":"https:\/\/schema.org","@graph":[{"@type":"Organization","@id":"https:\/\/arteeluoghi.it\/#organization","name":"Arte e Luoghi","url":"https:\/\/arteeluoghi.it\/","sameAs":["https:\/\/www.facebook.com\/ArteELuoghi\/","https:\/\/www.instagram.com\/arteeluoghi\/?hl=it","https:\/\/www.youtube.com\/channel\/UCuRVc4JW4-C5sg9rQB-srkw?view_as=subscriber","https:\/\/twitter.com\/arteeluoghi"],"logo":{"@type":"ImageObject","@id":"https:\/\/arteeluoghi.it\/#logo","inLanguage":"it-IT","url":"https:\/\/arteeluoghi.it\/wp-content\/uploads\/2018\/08\/logoinstagramarte.jpg","contentUrl":"https:\/\/arteeluoghi.it\/wp-content\/uploads\/2018\/08\/logoinstagramarte.jpg","width":150,"height":150,"caption":"Arte e Luoghi"},"image":{"@id":"https:\/\/arteeluoghi.it\/#logo"}},{"@type":"WebSite","@id":"https:\/\/arteeluoghi.it\/#website","url":"https:\/\/arteeluoghi.it\/","name":"Arte e Luoghi","description":"Mensile di arte, cultura, turismo e curiosit\u00e0","publisher":{"@id":"https:\/\/arteeluoghi.it\/#organization"},"potentialAction":[{"@type":"SearchAction","target":{"@type":"EntryPoint","urlTemplate":"https:\/\/arteeluoghi.it\/?s={search_term_string}"},"query-input":"required name=search_term_string"}],"inLanguage":"it-IT"},{"@type":"ImageObject","@id":"https:\/\/arteeluoghi.it\/index.php\/2023\/09\/01\/fitzcarraldo-la-prima-opera-lirica-viaggiante\/#primaryimage","inLanguage":"it-IT","url":"https:\/\/arteeluoghi.it\/wp-content\/uploads\/2023\/09\/Fitzcarraldo-alba_Giulia-Castellano_Fitzcarraldo-2022.jpeg","contentUrl":"https:\/\/arteeluoghi.it\/wp-content\/uploads\/2023\/09\/Fitzcarraldo-alba_Giulia-Castellano_Fitzcarraldo-2022.jpeg","width":1500,"height":1000},{"@type":"WebPage","@id":"https:\/\/arteeluoghi.it\/index.php\/2023\/09\/01\/fitzcarraldo-la-prima-opera-lirica-viaggiante\/#webpage","url":"https:\/\/arteeluoghi.it\/index.php\/2023\/09\/01\/fitzcarraldo-la-prima-opera-lirica-viaggiante\/","name":"Fitzcarraldo la prima opera lirica viaggiante | Arte e Luoghi","isPartOf":{"@id":"https:\/\/arteeluoghi.it\/#website"},"primaryImageOfPage":{"@id":"https:\/\/arteeluoghi.it\/index.php\/2023\/09\/01\/fitzcarraldo-la-prima-opera-lirica-viaggiante\/#primaryimage"},"datePublished":"2023-09-01T18:55:00+00:00","dateModified":"2023-09-24T18:59:10+00:00","description":"Nel tratto che va dall\u2019Isola Tiberina all\u2019Ara Pacis, dal 18 al 21 settembre l'opera lirica viaggiante a bordo di un battello","breadcrumb":{"@id":"https:\/\/arteeluoghi.it\/index.php\/2023\/09\/01\/fitzcarraldo-la-prima-opera-lirica-viaggiante\/#breadcrumb"},"inLanguage":"it-IT","potentialAction":[{"@type":"ReadAction","target":["https:\/\/arteeluoghi.it\/index.php\/2023\/09\/01\/fitzcarraldo-la-prima-opera-lirica-viaggiante\/"]}]},{"@type":"BreadcrumbList","@id":"https:\/\/arteeluoghi.it\/index.php\/2023\/09\/01\/fitzcarraldo-la-prima-opera-lirica-viaggiante\/#breadcrumb","itemListElement":[{"@type":"ListItem","position":1,"name":"Home","item":"https:\/\/arteeluoghi.it\/"},{"@type":"ListItem","position":2,"name":"Fitzcarraldo la prima opera lirica viaggiante"}]},{"@type":"Article","@id":"https:\/\/arteeluoghi.it\/index.php\/2023\/09\/01\/fitzcarraldo-la-prima-opera-lirica-viaggiante\/#article","isPartOf":{"@id":"https:\/\/arteeluoghi.it\/index.php\/2023\/09\/01\/fitzcarraldo-la-prima-opera-lirica-viaggiante\/#webpage"},"author":{"@id":"https:\/\/arteeluoghi.it\/#\/schema\/person\/f84e814e36e91e01448ee07eaadd41d4"},"headline":"Fitzcarraldo la prima opera lirica viaggiante","datePublished":"2023-09-01T18:55:00+00:00","dateModified":"2023-09-24T18:59:10+00:00","mainEntityOfPage":{"@id":"https:\/\/arteeluoghi.it\/index.php\/2023\/09\/01\/fitzcarraldo-la-prima-opera-lirica-viaggiante\/#webpage"},"wordCount":372,"commentCount":0,"publisher":{"@id":"https:\/\/arteeluoghi.it\/#organization"},"image":{"@id":"https:\/\/arteeluoghi.it\/index.php\/2023\/09\/01\/fitzcarraldo-la-prima-opera-lirica-viaggiante\/#primaryimage"},"thumbnailUrl":"https:\/\/arteeluoghi.it\/wp-content\/uploads\/2023\/09\/Fitzcarraldo-alba_Giulia-Castellano_Fitzcarraldo-2022.jpeg","keywords":["Fitzcarraldo","Giorgio Celenza","musica","opera lirica viaggiante","teatro"],"articleSection":["MUSICA","teatro"],"inLanguage":"it-IT","potentialAction":[{"@type":"CommentAction","name":"Comment","target":["https:\/\/arteeluoghi.it\/index.php\/2023\/09\/01\/fitzcarraldo-la-prima-opera-lirica-viaggiante\/#respond"]}]},{"@type":"Person","@id":"https:\/\/arteeluoghi.it\/#\/schema\/person\/f84e814e36e91e01448ee07eaadd41d4","name":"Staff","image":{"@type":"ImageObject","@id":"https:\/\/arteeluoghi.it\/#personlogo","inLanguage":"it-IT","url":"https:\/\/secure.gravatar.com\/avatar\/49d2f9e46271bb04e19cebfaf141313a?s=96&d=blank&r=g","contentUrl":"https:\/\/secure.gravatar.com\/avatar\/49d2f9e46271bb04e19cebfaf141313a?s=96&d=blank&r=g","caption":"Staff"}}]}},"_links":{"self":[{"href":"https:\/\/arteeluoghi.it\/index.php\/wp-json\/wp\/v2\/posts\/13506"}],"collection":[{"href":"https:\/\/arteeluoghi.it\/index.php\/wp-json\/wp\/v2\/posts"}],"about":[{"href":"https:\/\/arteeluoghi.it\/index.php\/wp-json\/wp\/v2\/types\/post"}],"author":[{"embeddable":true,"href":"https:\/\/arteeluoghi.it\/index.php\/wp-json\/wp\/v2\/users\/1"}],"replies":[{"embeddable":true,"href":"https:\/\/arteeluoghi.it\/index.php\/wp-json\/wp\/v2\/comments?post=13506"}],"version-history":[{"count":1,"href":"https:\/\/arteeluoghi.it\/index.php\/wp-json\/wp\/v2\/posts\/13506\/revisions"}],"predecessor-version":[{"id":13508,"href":"https:\/\/arteeluoghi.it\/index.php\/wp-json\/wp\/v2\/posts\/13506\/revisions\/13508"}],"wp:featuredmedia":[{"embeddable":true,"href":"https:\/\/arteeluoghi.it\/index.php\/wp-json\/wp\/v2\/media\/13507"}],"wp:attachment":[{"href":"https:\/\/arteeluoghi.it\/index.php\/wp-json\/wp\/v2\/media?parent=13506"}],"wp:term":[{"taxonomy":"category","embeddable":true,"href":"https:\/\/arteeluoghi.it\/index.php\/wp-json\/wp\/v2\/categories?post=13506"},{"taxonomy":"post_tag","embeddable":true,"href":"https:\/\/arteeluoghi.it\/index.php\/wp-json\/wp\/v2\/tags?post=13506"}],"curies":[{"name":"wp","href":"https:\/\/api.w.org\/{rel}","templated":true}]}}