{"id":13551,"date":"2023-10-04T14:39:10","date_gmt":"2023-10-04T12:39:10","guid":{"rendered":"https:\/\/arteeluoghi.it\/?p=13551"},"modified":"2023-10-04T15:28:41","modified_gmt":"2023-10-04T13:28:41","slug":"la-danza-delle-idee-del-rinascimento-di-donato-di-poce","status":"publish","type":"post","link":"https:\/\/arteeluoghi.it\/index.php\/2023\/10\/04\/la-danza-delle-idee-del-rinascimento-di-donato-di-poce\/","title":{"rendered":"La \u201cdanza delle idee\u201d del Rinascimento di Donato Di Poce"},"content":{"rendered":"\n<blockquote class=\"wp-block-quote\"><p>La recensione al libro di Donato Di Poce<\/p><cite>Giovanni Schiavo Campo<\/cite><\/blockquote>\n\n\n\n<p>Il Rinascimento, al di l\u00e0 della grande fioritura di studi che circondano il tema, continua a suscitare un\u2019attenzione costante, non solo del grande pubblico che va a visitarne i capolavori nelle nostre citt\u00e0 d\u2019arte, ma oggi anche da parte di una certa critica contemporanea promotrice dell\u2019idea che ci troveremmo alla vigilia di un nuovo Rinascimento: magari un auspicio, legittimato come reazione all\u2019isterilirsi di mode culturali e pratiche artistiche unicamente funzionali al mercato.<\/p>\n\n\n\n<!--more-->\n\n\n\n<p>Centrale comunque il fatto che il Rinascimento ha avuto in Italia la sua culla e il suo vertice di splendore prima d\u2019irradiarsi in una dimensione europea e mondiale, a testimonianza di una vitalit\u00e0 espansiva che raramente il nostro Paese ha conosciuto (pur nel susseguirsi di tante personalit\u00e0 illustri nei vari campi) nei secoli seguenti. E se la questione \u00e8 quella di un rilancio di un profilo culturale italiano, ecco allora l\u2019attualit\u00e0 di un ripensamento del Rinascimento, delle sue premesse teoriche e conquiste pratiche in cui si \u00e8 espressa la maestria dei protagonisti del periodo mettendo a frutto studi, ideali, invenzioni tecniche (in pittura come in architettura o in tanti altri ambiti di innovazione civile, militare o scientifica). Infine, una tale riproposta offre una lente d\u2019ingrandimento su aspetti di fondo che connotano, dagli inizi, l\u2019et\u00e0 moderna: la crisi del modello teologico con la progressiva \u201claicizzazione\u201d del pensiero, l\u2019affermarsi di un concetto di individuo \u201cdemiurgo\u201d capace, con le proprie abilit\u00e0, di plasmare il mondo, il ruolo sempre pi\u00f9 preminente di un sapere scientifico connesso a un approccio sperimentale. Atteggiamenti mentali e culturali che ci derivano dal Quattrocento e Cinquecento che vi hanno lasciato il proprio sigillo indelebile.<\/p>\n\n\n\n<p>&nbsp;Letto in filigrana, il Rinascimento diventa cos\u00ec il filo in grado di annodare passato e presente in una continuit\u00e0 di fondo mai rinnegata. Tant\u2019\u00e8 che il richiamo a un classicismo ricorrente nelle epoche al di l\u00e0 di ogni presunta rottura sperimentale o tentativo di restaurazione (nozioni di cui oggi ci si sta rendendo conto della sottile ambiguit\u00e0), lo si&nbsp; nota in un certo gusto citazionistico di raffinata raffigurazione in produzioni anche recenti, per esempio&nbsp; in fotografia o nella cosiddetta videoarte. Sommarie indicazioni a contorno di una proposta editoriale di Donato Di Poce, \u201c<em>Rinascimento: La danza delle idee<\/em>\u201d (I Quaderni del Bardo, Sannicola &#8211; LE 2022, sottotitolo: \u201cL\u2019arte, tra poesia e filosofia nella civilt\u00e0 del Rinascimento italiano\u201d) in cui l\u2019intreccio fra personaggi, tematiche e scoperte nello scambio vicendevole di idee &#8211; in cui \u00e8 costante il confronto coi filosofi e intellettuali umanisti (Marsilio Ficino, Pico della Mirandola, Machiavelli, Guicciardini tra gli altri) come tra gli stessi artisti (emblematico il caso di Brunelleschi e Masaccio che mutua nella sua opera i &nbsp;principi prospettici del primo) -, d\u00e0 luogo a un percorso storico-critico, didattico-didascalico, enciclopedico e \u201cCreaAttivo\u201d, specchio di una convergenza di interessi multidisciplinari \u201cin perfetta sintonia con lo spirito Rinascimentale\u201d, come sottolinea l\u2019autore nell\u2019Introduzione.<\/p>\n\n\n\n<p>&nbsp;Un libro organizzato come un dizionario, per \u201cvoci\u201d (Architettura, Scultura, Pittura, autori e libri di culto, la Roma dei Papi, il Rinascimento \u201cminore\u201d, le donne nell\u2019arte), che si conclude con l\u2019analisi di alcuni temi e capolavori (L\u2019Uomo&nbsp; Vitruviano &#8211; a cui tra l\u2019altro \u00e8 ispirato il dipinto di Mauro Rea, ripreso in copertina -, La Citt\u00e0 Ideale, La Piet\u00e0, La Scuola di Atene, i taccuini leonardeschi, la Leggenda della Vera Croce) e con un capitolo dedicato al Rinascimento nell\u2019Arte Contemporanea. Arricchito inoltre da un Glossario e da una Bibliografia Minima, preziosi strumenti di approfondimento in appendice.<\/p>\n\n\n\n<p>Nel complesso, 142 pagine in cui l\u2019informazione storica, il particolare cronachistico o la citazione erudita si stemperano in una lettura piana e accessibile, ma non per questo meno puntuale nel dettaglio documentale della realt\u00e0 concreta in cui tali personalit\u00e0 si sono trovate a operare e da cui emergono motivi d\u2019ispirazione, aspetti di contesto (l\u2019ambiente cortigiano o la marginalit\u00e0 del mondo femminile da cui per\u00f2 si stagliano, in tutta la loro originalit\u00e0, figure di poetesse e pittrici), confronti sulle pratiche e tecniche architettoniche, scultoree e pittoriche (particolareggiate nel Glossario con l\u2019elencazione di un\u2019ampia terminologia specialistica, accurata ma di consultazione sicuramente pi\u00f9 immediata rispetto, per esempio, all\u2019esauriente ma meno maneggevole manuale del Pevsner). Insomma, molto di pi\u00f9 di un sia pure efficace compendio di letture che serva, scolasticamente, a rinfrescarne la memoria (anche se l\u2019esposizione didatticamente lineare pu\u00f2 dare, a prima vista, l\u2019impressione che ci sia anche questa intenzione).<\/p>\n\n\n\n<p>D\u2019altra parte l\u2019esegesi critica traluce nel risalto biografico per esempio della vicenda di Artemisia Gentileschi, forse la pi\u00f9 celebre delle artiste del periodo, e della violenza dello stupro da lei subito come una ferita all\u2019origine delle sue cruente rappresentazioni di vendette femminili (come quella di Giuditta su Oloferne su cui Di Poce fornisce una convincente chiave di lettura), spunto per restituirne il ritratto vivo e psicologicamente aderente alla drammaticit\u00e0 pulsionale insita nelle opere. Ed \u00e8 questo versante di un Rinascimento \u201caltro\u201d, &nbsp;a lungo sottovalutato ma a suo modo rivelatore di una tragica antitesi al di sotto di un\u2019estrema raffinatezza formale e compositiva a portare Di Poce a mettere a fuoco, in un intero capitolo, l\u2019espressivit\u00e0 creativa delle donne rinascimentali, antesignane di una rivendicazione di autonomia e libert\u00e0 rispetto a un predominio maschile purtroppo sempre in auge; artiste che sia in pittura, che in poesia, e, aggiungerei, anche nella musica, non sono state da meno, come eccellenze nei rispettivi ambiti, dei loro colleghi uomini.<\/p>\n\n\n\n<p>E di qui alla contemporaneit\u00e0 il salto \u00e8 breve, almeno per autori in cui \u00e8 pi\u00f9 evidente la ripresa di motivi concettuali e anche esplicitamente figurativi rinascimentali: come in Pasolini (di cui Di Poce \u00e8 un attento frequentatore) in cui diventa il filo conduttore (specialmente nella filmografia) di un\u2019opposizione laica, ma al contempo carica di tensione \u201creligiosa\u201d, nei confronti di una banalizzazione del presente che considera la straordinaria fioritura di quell\u2019epoca un accidente occasionale nel corso di una storia millenaria di cui siamo beneficiari ma di cui si continua evidentemente a fraintendere le ragioni, considerandola appunto un episodio isolato, irripetibile. E questo, forse, per non metterci nuovamente in gioco in quello scambio reciproco fra personalit\u00e0 e concezioni che ha conferito al Rinascimento il suo vivace timbro, appunto, di \u201cdanza delle idee\u201d.<\/p>\n\n\n\n<p><\/p>\n","protected":false},"excerpt":{"rendered":"<p>La recensione al libro di Donato Di Poce Giovanni Schiavo Campo Il Rinascimento, al di l\u00e0 della grande fioritura di<\/p>\n","protected":false},"author":1,"featured_media":12419,"comment_status":"open","ping_status":"open","sticky":true,"template":"","format":"standard","meta":[],"categories":[17],"tags":[4794,5645,5644,1467],"yoast_head":"<!-- This site is optimized with the Yoast SEO plugin v18.0 - https:\/\/yoast.com\/wordpress\/plugins\/seo\/ -->\n<title>La \u201cdanza delle idee\u201d del Rinascimento di Donato Di Poce | Arte e Luoghi<\/title>\n<meta name=\"description\" content=\"La recensione al libro di Donato Di Poce\" \/>\n<meta name=\"robots\" content=\"index, follow, max-snippet:-1, max-image-preview:large, max-video-preview:-1\" \/>\n<link rel=\"canonical\" href=\"https:\/\/arteeluoghi.it\/index.php\/2023\/10\/04\/la-danza-delle-idee-del-rinascimento-di-donato-di-poce\/\" \/>\n<meta property=\"og:locale\" content=\"it_IT\" \/>\n<meta property=\"og:type\" content=\"article\" \/>\n<meta property=\"og:title\" content=\"La \u201cdanza delle idee\u201d del Rinascimento di Donato Di Poce | Arte e Luoghi\" \/>\n<meta property=\"og:description\" content=\"La recensione al libro di Donato Di Poce\" \/>\n<meta property=\"og:url\" content=\"https:\/\/arteeluoghi.it\/index.php\/2023\/10\/04\/la-danza-delle-idee-del-rinascimento-di-donato-di-poce\/\" \/>\n<meta property=\"og:site_name\" content=\"Arte e Luoghi\" \/>\n<meta property=\"article:publisher\" content=\"https:\/\/www.facebook.com\/ArteELuoghi\/\" \/>\n<meta property=\"article:published_time\" content=\"2023-10-04T12:39:10+00:00\" \/>\n<meta property=\"article:modified_time\" content=\"2023-10-04T13:28:41+00:00\" \/>\n<meta property=\"og:image\" content=\"https:\/\/arteeluoghi.it\/wp-content\/uploads\/2022\/12\/Copertina-Donato-Di-Poce-Rinascimento-1.jpg\" \/>\n\t<meta property=\"og:image:width\" content=\"1418\" \/>\n\t<meta property=\"og:image:height\" content=\"1969\" \/>\n\t<meta property=\"og:image:type\" content=\"image\/jpeg\" \/>\n<meta name=\"twitter:card\" content=\"summary\" \/>\n<meta name=\"twitter:creator\" content=\"@arteeluoghi\" \/>\n<meta name=\"twitter:site\" content=\"@arteeluoghi\" \/>\n<meta name=\"twitter:label1\" content=\"Scritto da\" \/>\n\t<meta name=\"twitter:data1\" content=\"Staff\" \/>\n\t<meta name=\"twitter:label2\" content=\"Tempo di lettura stimato\" \/>\n\t<meta name=\"twitter:data2\" content=\"6 minuti\" \/>\n<script type=\"application\/ld+json\" class=\"yoast-schema-graph\">{\"@context\":\"https:\/\/schema.org\",\"@graph\":[{\"@type\":\"Organization\",\"@id\":\"https:\/\/arteeluoghi.it\/#organization\",\"name\":\"Arte e Luoghi\",\"url\":\"https:\/\/arteeluoghi.it\/\",\"sameAs\":[\"https:\/\/www.facebook.com\/ArteELuoghi\/\",\"https:\/\/www.instagram.com\/arteeluoghi\/?hl=it\",\"https:\/\/www.youtube.com\/channel\/UCuRVc4JW4-C5sg9rQB-srkw?view_as=subscriber\",\"https:\/\/twitter.com\/arteeluoghi\"],\"logo\":{\"@type\":\"ImageObject\",\"@id\":\"https:\/\/arteeluoghi.it\/#logo\",\"inLanguage\":\"it-IT\",\"url\":\"https:\/\/arteeluoghi.it\/wp-content\/uploads\/2018\/08\/logoinstagramarte.jpg\",\"contentUrl\":\"https:\/\/arteeluoghi.it\/wp-content\/uploads\/2018\/08\/logoinstagramarte.jpg\",\"width\":150,\"height\":150,\"caption\":\"Arte e Luoghi\"},\"image\":{\"@id\":\"https:\/\/arteeluoghi.it\/#logo\"}},{\"@type\":\"WebSite\",\"@id\":\"https:\/\/arteeluoghi.it\/#website\",\"url\":\"https:\/\/arteeluoghi.it\/\",\"name\":\"Arte e Luoghi\",\"description\":\"Mensile di arte, cultura, turismo e curiosit\u00e0\",\"publisher\":{\"@id\":\"https:\/\/arteeluoghi.it\/#organization\"},\"potentialAction\":[{\"@type\":\"SearchAction\",\"target\":{\"@type\":\"EntryPoint\",\"urlTemplate\":\"https:\/\/arteeluoghi.it\/?s={search_term_string}\"},\"query-input\":\"required name=search_term_string\"}],\"inLanguage\":\"it-IT\"},{\"@type\":\"ImageObject\",\"@id\":\"https:\/\/arteeluoghi.it\/index.php\/2023\/10\/04\/la-danza-delle-idee-del-rinascimento-di-donato-di-poce\/#primaryimage\",\"inLanguage\":\"it-IT\",\"url\":\"https:\/\/arteeluoghi.it\/wp-content\/uploads\/2022\/12\/Copertina-Donato-Di-Poce-Rinascimento-1.jpg\",\"contentUrl\":\"https:\/\/arteeluoghi.it\/wp-content\/uploads\/2022\/12\/Copertina-Donato-Di-Poce-Rinascimento-1.jpg\",\"width\":1418,\"height\":1969},{\"@type\":\"WebPage\",\"@id\":\"https:\/\/arteeluoghi.it\/index.php\/2023\/10\/04\/la-danza-delle-idee-del-rinascimento-di-donato-di-poce\/#webpage\",\"url\":\"https:\/\/arteeluoghi.it\/index.php\/2023\/10\/04\/la-danza-delle-idee-del-rinascimento-di-donato-di-poce\/\",\"name\":\"La \u201cdanza delle idee\u201d del Rinascimento di Donato Di Poce | Arte e Luoghi\",\"isPartOf\":{\"@id\":\"https:\/\/arteeluoghi.it\/#website\"},\"primaryImageOfPage\":{\"@id\":\"https:\/\/arteeluoghi.it\/index.php\/2023\/10\/04\/la-danza-delle-idee-del-rinascimento-di-donato-di-poce\/#primaryimage\"},\"datePublished\":\"2023-10-04T12:39:10+00:00\",\"dateModified\":\"2023-10-04T13:28:41+00:00\",\"description\":\"La recensione al libro di Donato Di Poce\",\"breadcrumb\":{\"@id\":\"https:\/\/arteeluoghi.it\/index.php\/2023\/10\/04\/la-danza-delle-idee-del-rinascimento-di-donato-di-poce\/#breadcrumb\"},\"inLanguage\":\"it-IT\",\"potentialAction\":[{\"@type\":\"ReadAction\",\"target\":[\"https:\/\/arteeluoghi.it\/index.php\/2023\/10\/04\/la-danza-delle-idee-del-rinascimento-di-donato-di-poce\/\"]}]},{\"@type\":\"BreadcrumbList\",\"@id\":\"https:\/\/arteeluoghi.it\/index.php\/2023\/10\/04\/la-danza-delle-idee-del-rinascimento-di-donato-di-poce\/#breadcrumb\",\"itemListElement\":[{\"@type\":\"ListItem\",\"position\":1,\"name\":\"Home\",\"item\":\"https:\/\/arteeluoghi.it\/\"},{\"@type\":\"ListItem\",\"position\":2,\"name\":\"La \u201cdanza delle idee\u201d del Rinascimento di Donato Di Poce\"}]},{\"@type\":\"Article\",\"@id\":\"https:\/\/arteeluoghi.it\/index.php\/2023\/10\/04\/la-danza-delle-idee-del-rinascimento-di-donato-di-poce\/#article\",\"isPartOf\":{\"@id\":\"https:\/\/arteeluoghi.it\/index.php\/2023\/10\/04\/la-danza-delle-idee-del-rinascimento-di-donato-di-poce\/#webpage\"},\"author\":{\"@id\":\"https:\/\/arteeluoghi.it\/#\/schema\/person\/f84e814e36e91e01448ee07eaadd41d4\"},\"headline\":\"La \u201cdanza delle idee\u201d del Rinascimento di Donato Di Poce\",\"datePublished\":\"2023-10-04T12:39:10+00:00\",\"dateModified\":\"2023-10-04T13:28:41+00:00\",\"mainEntityOfPage\":{\"@id\":\"https:\/\/arteeluoghi.it\/index.php\/2023\/10\/04\/la-danza-delle-idee-del-rinascimento-di-donato-di-poce\/#webpage\"},\"wordCount\":1056,\"commentCount\":0,\"publisher\":{\"@id\":\"https:\/\/arteeluoghi.it\/#organization\"},\"image\":{\"@id\":\"https:\/\/arteeluoghi.it\/index.php\/2023\/10\/04\/la-danza-delle-idee-del-rinascimento-di-donato-di-poce\/#primaryimage\"},\"thumbnailUrl\":\"https:\/\/arteeluoghi.it\/wp-content\/uploads\/2022\/12\/Copertina-Donato-Di-Poce-Rinascimento-1.jpg\",\"keywords\":[\"Donato di Poce\",\"Giovanni Schiavo Campo\",\"Il Rinascimento delle idee\",\"Rinascimento\"],\"articleSection\":[\"LIBRI\"],\"inLanguage\":\"it-IT\",\"potentialAction\":[{\"@type\":\"CommentAction\",\"name\":\"Comment\",\"target\":[\"https:\/\/arteeluoghi.it\/index.php\/2023\/10\/04\/la-danza-delle-idee-del-rinascimento-di-donato-di-poce\/#respond\"]}]},{\"@type\":\"Person\",\"@id\":\"https:\/\/arteeluoghi.it\/#\/schema\/person\/f84e814e36e91e01448ee07eaadd41d4\",\"name\":\"Staff\",\"image\":{\"@type\":\"ImageObject\",\"@id\":\"https:\/\/arteeluoghi.it\/#personlogo\",\"inLanguage\":\"it-IT\",\"url\":\"https:\/\/secure.gravatar.com\/avatar\/49d2f9e46271bb04e19cebfaf141313a?s=96&d=blank&r=g\",\"contentUrl\":\"https:\/\/secure.gravatar.com\/avatar\/49d2f9e46271bb04e19cebfaf141313a?s=96&d=blank&r=g\",\"caption\":\"Staff\"}}]}<\/script>\n<!-- \/ Yoast SEO plugin. -->","yoast_head_json":{"title":"La \u201cdanza delle idee\u201d del Rinascimento di Donato Di Poce | Arte e Luoghi","description":"La recensione al libro di Donato Di Poce","robots":{"index":"index","follow":"follow","max-snippet":"max-snippet:-1","max-image-preview":"max-image-preview:large","max-video-preview":"max-video-preview:-1"},"canonical":"https:\/\/arteeluoghi.it\/index.php\/2023\/10\/04\/la-danza-delle-idee-del-rinascimento-di-donato-di-poce\/","og_locale":"it_IT","og_type":"article","og_title":"La \u201cdanza delle idee\u201d del Rinascimento di Donato Di Poce | Arte e Luoghi","og_description":"La recensione al libro di Donato Di Poce","og_url":"https:\/\/arteeluoghi.it\/index.php\/2023\/10\/04\/la-danza-delle-idee-del-rinascimento-di-donato-di-poce\/","og_site_name":"Arte e Luoghi","article_publisher":"https:\/\/www.facebook.com\/ArteELuoghi\/","article_published_time":"2023-10-04T12:39:10+00:00","article_modified_time":"2023-10-04T13:28:41+00:00","og_image":[{"width":1418,"height":1969,"url":"https:\/\/arteeluoghi.it\/wp-content\/uploads\/2022\/12\/Copertina-Donato-Di-Poce-Rinascimento-1.jpg","type":"image\/jpeg"}],"twitter_card":"summary","twitter_creator":"@arteeluoghi","twitter_site":"@arteeluoghi","twitter_misc":{"Scritto da":"Staff","Tempo di lettura stimato":"6 minuti"},"schema":{"@context":"https:\/\/schema.org","@graph":[{"@type":"Organization","@id":"https:\/\/arteeluoghi.it\/#organization","name":"Arte e Luoghi","url":"https:\/\/arteeluoghi.it\/","sameAs":["https:\/\/www.facebook.com\/ArteELuoghi\/","https:\/\/www.instagram.com\/arteeluoghi\/?hl=it","https:\/\/www.youtube.com\/channel\/UCuRVc4JW4-C5sg9rQB-srkw?view_as=subscriber","https:\/\/twitter.com\/arteeluoghi"],"logo":{"@type":"ImageObject","@id":"https:\/\/arteeluoghi.it\/#logo","inLanguage":"it-IT","url":"https:\/\/arteeluoghi.it\/wp-content\/uploads\/2018\/08\/logoinstagramarte.jpg","contentUrl":"https:\/\/arteeluoghi.it\/wp-content\/uploads\/2018\/08\/logoinstagramarte.jpg","width":150,"height":150,"caption":"Arte e Luoghi"},"image":{"@id":"https:\/\/arteeluoghi.it\/#logo"}},{"@type":"WebSite","@id":"https:\/\/arteeluoghi.it\/#website","url":"https:\/\/arteeluoghi.it\/","name":"Arte e Luoghi","description":"Mensile di arte, cultura, turismo e curiosit\u00e0","publisher":{"@id":"https:\/\/arteeluoghi.it\/#organization"},"potentialAction":[{"@type":"SearchAction","target":{"@type":"EntryPoint","urlTemplate":"https:\/\/arteeluoghi.it\/?s={search_term_string}"},"query-input":"required name=search_term_string"}],"inLanguage":"it-IT"},{"@type":"ImageObject","@id":"https:\/\/arteeluoghi.it\/index.php\/2023\/10\/04\/la-danza-delle-idee-del-rinascimento-di-donato-di-poce\/#primaryimage","inLanguage":"it-IT","url":"https:\/\/arteeluoghi.it\/wp-content\/uploads\/2022\/12\/Copertina-Donato-Di-Poce-Rinascimento-1.jpg","contentUrl":"https:\/\/arteeluoghi.it\/wp-content\/uploads\/2022\/12\/Copertina-Donato-Di-Poce-Rinascimento-1.jpg","width":1418,"height":1969},{"@type":"WebPage","@id":"https:\/\/arteeluoghi.it\/index.php\/2023\/10\/04\/la-danza-delle-idee-del-rinascimento-di-donato-di-poce\/#webpage","url":"https:\/\/arteeluoghi.it\/index.php\/2023\/10\/04\/la-danza-delle-idee-del-rinascimento-di-donato-di-poce\/","name":"La \u201cdanza delle idee\u201d del Rinascimento di Donato Di Poce | Arte e Luoghi","isPartOf":{"@id":"https:\/\/arteeluoghi.it\/#website"},"primaryImageOfPage":{"@id":"https:\/\/arteeluoghi.it\/index.php\/2023\/10\/04\/la-danza-delle-idee-del-rinascimento-di-donato-di-poce\/#primaryimage"},"datePublished":"2023-10-04T12:39:10+00:00","dateModified":"2023-10-04T13:28:41+00:00","description":"La recensione al libro di Donato Di Poce","breadcrumb":{"@id":"https:\/\/arteeluoghi.it\/index.php\/2023\/10\/04\/la-danza-delle-idee-del-rinascimento-di-donato-di-poce\/#breadcrumb"},"inLanguage":"it-IT","potentialAction":[{"@type":"ReadAction","target":["https:\/\/arteeluoghi.it\/index.php\/2023\/10\/04\/la-danza-delle-idee-del-rinascimento-di-donato-di-poce\/"]}]},{"@type":"BreadcrumbList","@id":"https:\/\/arteeluoghi.it\/index.php\/2023\/10\/04\/la-danza-delle-idee-del-rinascimento-di-donato-di-poce\/#breadcrumb","itemListElement":[{"@type":"ListItem","position":1,"name":"Home","item":"https:\/\/arteeluoghi.it\/"},{"@type":"ListItem","position":2,"name":"La \u201cdanza delle idee\u201d del Rinascimento di Donato Di Poce"}]},{"@type":"Article","@id":"https:\/\/arteeluoghi.it\/index.php\/2023\/10\/04\/la-danza-delle-idee-del-rinascimento-di-donato-di-poce\/#article","isPartOf":{"@id":"https:\/\/arteeluoghi.it\/index.php\/2023\/10\/04\/la-danza-delle-idee-del-rinascimento-di-donato-di-poce\/#webpage"},"author":{"@id":"https:\/\/arteeluoghi.it\/#\/schema\/person\/f84e814e36e91e01448ee07eaadd41d4"},"headline":"La \u201cdanza delle idee\u201d del Rinascimento di Donato Di Poce","datePublished":"2023-10-04T12:39:10+00:00","dateModified":"2023-10-04T13:28:41+00:00","mainEntityOfPage":{"@id":"https:\/\/arteeluoghi.it\/index.php\/2023\/10\/04\/la-danza-delle-idee-del-rinascimento-di-donato-di-poce\/#webpage"},"wordCount":1056,"commentCount":0,"publisher":{"@id":"https:\/\/arteeluoghi.it\/#organization"},"image":{"@id":"https:\/\/arteeluoghi.it\/index.php\/2023\/10\/04\/la-danza-delle-idee-del-rinascimento-di-donato-di-poce\/#primaryimage"},"thumbnailUrl":"https:\/\/arteeluoghi.it\/wp-content\/uploads\/2022\/12\/Copertina-Donato-Di-Poce-Rinascimento-1.jpg","keywords":["Donato di Poce","Giovanni Schiavo Campo","Il Rinascimento delle idee","Rinascimento"],"articleSection":["LIBRI"],"inLanguage":"it-IT","potentialAction":[{"@type":"CommentAction","name":"Comment","target":["https:\/\/arteeluoghi.it\/index.php\/2023\/10\/04\/la-danza-delle-idee-del-rinascimento-di-donato-di-poce\/#respond"]}]},{"@type":"Person","@id":"https:\/\/arteeluoghi.it\/#\/schema\/person\/f84e814e36e91e01448ee07eaadd41d4","name":"Staff","image":{"@type":"ImageObject","@id":"https:\/\/arteeluoghi.it\/#personlogo","inLanguage":"it-IT","url":"https:\/\/secure.gravatar.com\/avatar\/49d2f9e46271bb04e19cebfaf141313a?s=96&d=blank&r=g","contentUrl":"https:\/\/secure.gravatar.com\/avatar\/49d2f9e46271bb04e19cebfaf141313a?s=96&d=blank&r=g","caption":"Staff"}}]}},"_links":{"self":[{"href":"https:\/\/arteeluoghi.it\/index.php\/wp-json\/wp\/v2\/posts\/13551"}],"collection":[{"href":"https:\/\/arteeluoghi.it\/index.php\/wp-json\/wp\/v2\/posts"}],"about":[{"href":"https:\/\/arteeluoghi.it\/index.php\/wp-json\/wp\/v2\/types\/post"}],"author":[{"embeddable":true,"href":"https:\/\/arteeluoghi.it\/index.php\/wp-json\/wp\/v2\/users\/1"}],"replies":[{"embeddable":true,"href":"https:\/\/arteeluoghi.it\/index.php\/wp-json\/wp\/v2\/comments?post=13551"}],"version-history":[{"count":1,"href":"https:\/\/arteeluoghi.it\/index.php\/wp-json\/wp\/v2\/posts\/13551\/revisions"}],"predecessor-version":[{"id":13552,"href":"https:\/\/arteeluoghi.it\/index.php\/wp-json\/wp\/v2\/posts\/13551\/revisions\/13552"}],"wp:featuredmedia":[{"embeddable":true,"href":"https:\/\/arteeluoghi.it\/index.php\/wp-json\/wp\/v2\/media\/12419"}],"wp:attachment":[{"href":"https:\/\/arteeluoghi.it\/index.php\/wp-json\/wp\/v2\/media?parent=13551"}],"wp:term":[{"taxonomy":"category","embeddable":true,"href":"https:\/\/arteeluoghi.it\/index.php\/wp-json\/wp\/v2\/categories?post=13551"},{"taxonomy":"post_tag","embeddable":true,"href":"https:\/\/arteeluoghi.it\/index.php\/wp-json\/wp\/v2\/tags?post=13551"}],"curies":[{"name":"wp","href":"https:\/\/api.w.org\/{rel}","templated":true}]}}