{"id":13577,"date":"2023-10-15T21:01:25","date_gmt":"2023-10-15T19:01:25","guid":{"rendered":"https:\/\/arteeluoghi.it\/?p=13577"},"modified":"2023-10-15T21:33:40","modified_gmt":"2023-10-15T19:33:40","slug":"barbara-politi-babette-e-la-ragazza-con-il-trolley","status":"publish","type":"post","link":"https:\/\/arteeluoghi.it\/index.php\/2023\/10\/15\/barbara-politi-babette-e-la-ragazza-con-il-trolley\/","title":{"rendered":"Barbara Politi, Babette e la ragazza con il trolley"},"content":{"rendered":"\n<blockquote class=\"wp-block-quote\"><p>Intervista alla giornalista pugliese assessore al brand Avellino conduttrice di &#8220;Puglia Mon Amour&#8221; in onda in ottobre su Gamber rosso tv il prossimo 19 ottobre ore 21<\/p><cite>Antonietta Fulvio<\/cite><\/blockquote>\n\n\n\n<p>Giornalista professionista specializzata nel food and wine, conduttrice per Gambero rosso tv e collaboratrice della Gazzetta del Mezzogiorno di Bari Poliedrica e solare come il suo sorriso, abbiamo incontrata Barbara Politi a Lecce prima della sua partenza, ormai divisa tra Avellino, Roma e Milano.<\/p>\n\n\n\n<!--more-->\n\n\n\n<p><br><em>Sei nata a Taranto, sotto il segno dei Gemelli, creativi e comunicativi per antonomasia. Come nasce la tua passione per il giornalismo?<\/em><br>Ricordo benissimo il giorno in cui compilai il mio programma di studi. Come matricola universitaria dovevo \u201ccrociare\u201d le mie preferenze, fra materie di studio, corsi e tirocini! Avevo solo vent\u2019anni, ma quando dovetti scegliere dove svolgere la parte pratica del mio corso di laurea in Lettere Moderne all\u2019Universit\u00e0 del Salento, non ebbi dubbi: un giornale. Esclusi le altre alternative, che non sentivo nelle mie corde; quindi scuole, case editrici, biblioteche. Sapevo gi\u00e0 di voler fare la giornalista. Cos\u00ec iniziai la mia avventura nel \u201cmestiere pi\u00f9 bello del mondo\u201d con un tirocinio al Nuovo Quotidiano di Puglia, che all\u2019epoca era sotto la direzione di Giancarlo Minicucci. Parallelamente, ebbi l\u2019opportunit\u00e0 di sostituire una giornalista che doveva godere delle meritate ferie estive a Canale 8, piccola emittente privata leccese. Di l\u00ec a poco condussi anche il mio primo telegiornale. Ho intrapreso cos\u00ec una strada che non ho mai pi\u00f9 lasciato. E sono molto felice perch\u00e9 a luglio del 2025 segner\u00f2 il grande traguardo dei vent\u2019anni di professione. Hai detto bene, sono una Gemelli, la comunicazione mi scorre nelle vene, anche \u201cquando dormo\u201d. Il trasferimento a Lecce da Taranto, poi, ha segnato fortemente la mia crescita personale. Oggi mi rendo conto di comunicare di me all\u2019esterno un\u2019accentuata autonomia. \u00c8 semplicemente questo: essermi staccata dal nucleo familiare molto presto e aver sempre pensato a me stessa in totale indipendenza, mi ha reso quella che sono. Forte e determinata.<br><em>Dalla carta stampata alla tv, le esperienze formano ma spesso sono proprio le persone incontrate lungo il percorso ad arricchire e indirizzare le nostre scelte. Quando pensi ai professionisti con cui hai lavorato chi ti viene in mente?<\/em><\/p>\n\n\n\n<figure class=\"wp-block-gallery columns-3 is-cropped\"><ul class=\"blocks-gallery-grid\"><li class=\"blocks-gallery-item\"><figure><img loading=\"lazy\" width=\"819\" height=\"1024\" src=\"https:\/\/arteeluoghi.it\/wp-content\/uploads\/2023\/10\/image12-819x1024.jpeg\" alt=\"\" data-id=\"13583\" data-full-url=\"https:\/\/arteeluoghi.it\/wp-content\/uploads\/2023\/10\/image12.jpeg\" data-link=\"https:\/\/arteeluoghi.it\/?attachment_id=13583\" class=\"wp-image-13583\" srcset=\"https:\/\/arteeluoghi.it\/wp-content\/uploads\/2023\/10\/image12-819x1024.jpeg 819w, https:\/\/arteeluoghi.it\/wp-content\/uploads\/2023\/10\/image12-240x300.jpeg 240w, https:\/\/arteeluoghi.it\/wp-content\/uploads\/2023\/10\/image12-768x960.jpeg 768w, https:\/\/arteeluoghi.it\/wp-content\/uploads\/2023\/10\/image12.jpeg 1024w\" sizes=\"(max-width: 819px) 100vw, 819px\" \/><\/figure><\/li><li class=\"blocks-gallery-item\"><figure><img loading=\"lazy\" width=\"683\" height=\"1024\" src=\"https:\/\/arteeluoghi.it\/wp-content\/uploads\/2023\/10\/image11-683x1024.jpeg\" alt=\"\" data-id=\"13582\" data-full-url=\"https:\/\/arteeluoghi.it\/wp-content\/uploads\/2023\/10\/image11-scaled.jpeg\" data-link=\"https:\/\/arteeluoghi.it\/?attachment_id=13582\" class=\"wp-image-13582\" srcset=\"https:\/\/arteeluoghi.it\/wp-content\/uploads\/2023\/10\/image11-683x1024.jpeg 683w, https:\/\/arteeluoghi.it\/wp-content\/uploads\/2023\/10\/image11-200x300.jpeg 200w, https:\/\/arteeluoghi.it\/wp-content\/uploads\/2023\/10\/image11-768x1152.jpeg 768w, https:\/\/arteeluoghi.it\/wp-content\/uploads\/2023\/10\/image11-1024x1536.jpeg 1024w, https:\/\/arteeluoghi.it\/wp-content\/uploads\/2023\/10\/image11-1365x2048.jpeg 1365w, https:\/\/arteeluoghi.it\/wp-content\/uploads\/2023\/10\/image11-scaled.jpeg 1707w\" sizes=\"(max-width: 683px) 100vw, 683px\" \/><\/figure><\/li><li class=\"blocks-gallery-item\"><figure><img loading=\"lazy\" width=\"819\" height=\"1024\" src=\"https:\/\/arteeluoghi.it\/wp-content\/uploads\/2023\/10\/image8-1-819x1024.jpeg\" alt=\"\" data-id=\"13580\" data-full-url=\"https:\/\/arteeluoghi.it\/wp-content\/uploads\/2023\/10\/image8-1.jpeg\" data-link=\"https:\/\/arteeluoghi.it\/?attachment_id=13580\" class=\"wp-image-13580\" srcset=\"https:\/\/arteeluoghi.it\/wp-content\/uploads\/2023\/10\/image8-1-819x1024.jpeg 819w, https:\/\/arteeluoghi.it\/wp-content\/uploads\/2023\/10\/image8-1-240x300.jpeg 240w, https:\/\/arteeluoghi.it\/wp-content\/uploads\/2023\/10\/image8-1-768x960.jpeg 768w, https:\/\/arteeluoghi.it\/wp-content\/uploads\/2023\/10\/image8-1.jpeg 1024w\" sizes=\"(max-width: 819px) 100vw, 819px\" \/><\/figure><\/li><\/ul><figcaption class=\"blocks-gallery-caption\">La giornalista Barbara Politi con Sorbillo, e in due scatti realizzati rispettivamente da Silvio Bursomanno e Vito Gallo<\/figcaption><\/figure>\n\n\n\n<p><br>Mi dai l\u2019occasione di ringraziare tante persone e, fra queste, alcune in particolare che mi hanno iniziato a questo lavoro. Altre ancora, che in una fase pi\u00f9 matura mi hanno regalato l\u2019occasione di scoprire la parte pi\u00f9 bella di me, professionalmente parlando. L\u2019amore per la carta stampata l\u2019ho scoperto e coltivato grazie ai colleghi e maestri del Quotidiano di Lecce. Renato Moro, Rosario Tornesello, Vincenzo Maruccio e Annarita Invidia. Ricordo con un po\u2019 d\u2019emozione quando, da universitaria, partivo dalla casa in cui vivevo su Viale Gallipoli a Lecce e raggiungevo a piedi la sede del giornale per portare a Renato il pezzo che avevo scritto e salvato sul floppy disk. Certe cose non si dimenticano. Gli inizi conservano sempre tanta magia, soprattutto quando sei un\u2019appassionata. Le mie origini televisive, invece, sono tutte da \u201caffibbiare\u201d al bravissimo Marco Renna, che nel 2006 fu chiamato a dirigere la redazione leccese di Studio 100 Tv. Mi ha sempre detto che avrei fatto strada (secondo me si sbagliava!). Ho lavorato in quell\u2019emittente ben sette anni. Ricordo con piacere anche il tempo trascorso con Antonio Greco e Giuseppe Filippi Filippi nell\u2019ufficio stampa del Comune di Lecce con Paolo Perrone sindaco. Non era il mio, ma mi \u00e8 servita anche quell\u2019esperienza. Un anno e mezzo fa, dopo una lunga pausa dalla carta stampata, \u00e8 stato Mimmi Mazza, direttore de \u201cLa Gazzetta del Mezzogiorno\u201d a riportami in pista. Quando mi disse che voleva affidarmi la pagina del gusto regionale, saltai dalla poltrona. Oggi, con il \u201cTour del Gusto\u201d, penso mi abbia fatto uno dei regali pi\u00f9 belli della vita. Tutto il resto, beh, lo ritengo merito del mio lavoro e dei miei sacrifici, fra gli alti e bassi che questa professione purtroppo porta con s\u00e9.<br><em>Comunicare non \u00e8 mai semplice. Oltre alla responsabilit\u00e0 di ci\u00f2 che si dice \u00e8 importante anche la modalit\u00e0, quanto sono determinanti i social nell\u2019attivit\u00e0 professionale di Barbara Politi?<\/em><br>Sono fondamentali. Non parler\u00f2 mai male dei social network perch\u00e9 hanno contribuito a delineare i contorni di una professione che non potevo e non volevo vivere soltanto in un\u2019accezione \u201cpurista\u201d, proprio in virt\u00f9 di quella forte predisposizione alla comunicazione cui facevi riferimento prima. Gi\u00e0 con la nascita di Facebook, nel 2008, mi resi conto che i social avrebbero avuto nella mia vita un ruolo determinante. Aprii il mio profilo quello stesso anno. Pensa che con Valerio Mattioli, un collega videomaker e oggi anche regista, decidemmo di intitolare proprio in quegli anni \u201cBlog\u201d una rubrica su Studio100. Era il 2009 e Chiara Ferragni aveva appena fondato \u201cThe Blonde Salad\u201d. E poi ricordo con molta simpatia l\u2019amico e collega Giovanni De Stefano, che racconta sempre un aneddoto (chiedeteglielo!): sostiene che io sia stata la prima ad aver girato la fotocamera dalla parte opposta per farsi una foto e di aver quindi lanciato il trend dei selfie, se non a livello nazionale, certamente locale. Senza dimenticare che nel 2012, l\u2019amica Luisa Ruggio intitol\u00f2 un pezzo che volle dedicarmi sulla mia attivit\u00e0 d\u2019ufficio stampa per la campagna elettorale di Paolo Perrone \u201cla ragazza con l\u2019IPad\u201d. Era il 2012 e gli IPad erano da poco stati messi sul mercato. Quando Perrone mi chiese di cosa avessi bisogno per affrontare sei mesi di campagna stampa risposi con un \u201csemplicemente un IPad\u201d. La storia pi\u00f9 recente la conoscete: la mia vita ha un\u2019interfaccia importante sui social. Aspetto che mi diverte, mi nutre e mi supporta nel lavoro.<br><em>Non solo giornalista ma anche blogger e penso al format \u201cIl pranzo di Babette\u201d che ti ha dato modo di iniziare a comunicare la tua passione per l\u2019enogastronomia. Come nacque l\u2019idea e cosa \u00e8 rimasto oggi di quella esperienza e\u2026 chi \u00e8 Babette oggi?<\/em><br>L\u2019idea \u00e8 nata su un pezzo di carta con Valerio Mattioli, che era il regista e videomaker del format destinato al web (e non alla televisione). Entrambi venivamo fuori da un periodo professionale meno creativo e volevamo fare qualcosa di diverso. Dopo cinque anni di comunicazione politica al Comune di Lecce, quasi a fine mandato, nel 2016, scatt\u00f2 in me la voglia di lanciarmi in una nuova avventura, quella enogastronomica, mondo che mi aveva sempre attratto ma con cui non avevo mai avuto un approccio lavorativo. Ricordo quel momento con tanta emozione, ero felice. Perch\u00e9 in quegli anni \u00e8 nata la vera Barbara, quella che ha scoperto e gustato il sapore del racconto del territorio, che mi ha poi accompagnato fino ad oggi. \u201cIl Pranzo di Babette\u201d, film autentico e profondo, raccontava di una chef molto speciale, che era anche una donna forte e determinata. \u201cBarbara\u201d, \u201cBabette\u201d, mi suon\u00f2 bene e partimmo con il racconto dei protagonisti del settore, i produttori del Salento e della Puglia. Oggi Babette \u00e8 una Barbara pi\u00f9 adulta e consapevole dei suoi mezzi, ma soprattutto decisa a metterli a servizio della propria passione e delle persone che la seguono ogni giorno su tutti i mezzi di comunicazione.<br><em>Hai curato per anni l\u2019ufficio stampa istituzionale del Comune di Lecce, un ruolo di responsabilit\u00e0 pi\u00f9 che creativo. Quali sono le difficolt\u00e0 ma anche gli stimoli quando si cura un ufficio stampa istituzionale?<\/em><br>Come per tutte le svariate sfaccettature del nostro bellissimo mestiere, anche quella dell\u2019ufficio stampa deve essere accompagnata da una \u201cvocazione\u201d. Ricordo quelli come anni certamente molto formativi, di contatti, di importanti esperienze. Ma troppo \u201caridi\u201d per il mio modo di essere. Non riuscivo ad esprimere la vera \u201cme\u201d. A distanza di diversi anni, Paolo Perrone, con il quale ho mantenuto un bel rapporto di amicizia e stima, oggi mi dice che sono un\u2019altra persona, certamente pi\u00f9 realizzata della Barbara dell\u2019epoca. Le difficolt\u00e0 di quell\u2019incarico? Avere a che fare con i politici?! Scherzo. Nessuna in particolare. Quando si sa fare bene il proprio lavoro, non c\u2019\u00e8 difficolt\u00e0 che non possa essere superata.<br>Con la tua determinazione e passione sei diventata ambasciatrice della tua terra e non solo. Da gennaio 2023 il sindaco di Avellino ti ha nominato Assessore al Comune di Avellino con delega Promozione Brand. <em>Quale \u00e8 stata la tua prima reazione a questa nomina. Come ti ha accolto la Campania? Quali sono gli impegni ad oggi assolti e le sfide che ti aspettano?<\/em><br>Ecco. Questa \u00e8 un\u2019altra bella storia. Gianluca Festa, oltre ad essere il sindaco, \u00e8 un giornalista, e come tale, da ottimo comunicatore, ha compreso immediatamente che potevo essere tornare alla sua causa, o meglio, all\u2019idea che aveva maturato in merito alla comunicazione del brand avellinese al di fuori dei confini regionali. Ci siamo conosciuti appena un mese e mezzo prima della nomina. Arrivai ad Avellino, insieme a diversi colleghi provenienti da tutta Italia, su invito del Gambero Rosso, con cui era gi\u00e0 in cantiere il progetto di conduzione del format televisivo dedicato alla Puglia. Ricordo di averci parlato una ventina di minuti con il primo cittadino: affrontammo i temi legati al mondo del vino pugliese e irpino, le questioni legate alla promozione dei territori e alle fiere. Mi contatt\u00f2 a strettissimo giro per propormi di collaborare e, devo dire, non mi sembr\u00f2 nemmeno troppo strano, considerato che la proposta arrivava da parte di un sindaco smart, \u201cenjoy\u201d, come lo definiscono nel capoluogo irpino. Quando per\u00f2 mi propose di fare l\u2019assessore alla promozione del brand della citt\u00e0, ammetto di esserci rimasta di sasso. Mi diede tutto il tempo di metabolizzare questa proposta \u201cindecente\u201d e accettai. Oggi lo ringrazio di cuore. Mi ha regalato una bellissima opportunit\u00e0. Festa \u00e8 una persona da cui imparare tantissimo: visionario, preparato, appassionato. Sono felice di condividere questa esperienza con lui, con tutti i colleghi assessori che mi hanno accolta come in una famiglia e soprattutto in una citt\u00e0 meravigliosa che mi onoro di portare nel mondo. Nei primi sei mesi di mandato (sar\u00f2 in carica fino a giugno 2024) abbiamo fatto sbarcare Avellino e le sue peculiarit\u00e0 in Ungheria, grazie a un\u2019intesa istituzionale con i referenti di Budapest e al progetto intitolato \u201cBudapest incontra Avellino\u201d; in Canada, poi, all\u2019interno del programma dell\u2019ICFF di Toronto, tra i festival di celebrazione del cinema italiano pi\u00f9 prestigiosi al mondo. Infine, a Venezia, alla Mostra del Cinema, dove ho anche avuto modo di incontrare la consigliera delegata al cinema del Comune di Venezia e a raccontarle del nostro \u201cPremio Ettore Scola\u201d. Obiettivi prossimi? Accogliere Budapest ad Avellino. E pi\u00f9 in l\u00e0? Vedrete.<br><em>Da conduttrice del tg Norba al cast di 100% Italia con Nicola Savino su Tv8 a Turista per Gusto su Antenna Sud. Quanto la popolarit\u00e0 ti cambia la vita? Intendo proprio come stile (quando penso a te vedo l\u2019immagine di una splendida donna in carriera sempre con la valigia pronta a partire\u2026)<\/em><br>Secondo me quando pensi a me vedi soprattutto il trolley! Scherzo! Sai, questa \u00e8 davvero la mia zona di comfort. \u00c8 la vita che amo e che probabilmente avevo soltanto bisogno di incontrare. Quando raccontavo prima dell\u2019aridit\u00e0 degli anni trascorsi al Comune di Lecce, probabilmente, li vivo cos\u00ec perch\u00e9 nel profondo soffrivo di quella vita troppo radicata alla scrivania. Non credo di essere \u201cpopolare\u201d, ritengo invece di essere riconoscibile nel mio modo di fare e nella mia mission che ho sempre chiara. L\u2019anonimato in fondo non ha mai fatto per me: sempre in prima linea, davanti alla telecamera, mai dietro. Il TgNorba, Tv8, Antenna Sud, sono mezzi con cui, ogni volta, ho consegnato al pubblico una parte di me. E so di essere apprezzata per come sono, nel bene e nel male. Forse a volte appaio un po&#8217; eccentrica, ma nemmeno tanto. Ad Avellino i colleghi della stampa mi hanno definito \u201cl\u2019assessore influencer\u201d: come in tutte le cose, ci vedo il lato positivo. Sicuramente sono una persona fuori dalle righe, come donna, come giornalista, come assessore e come persona. Sono una Gemelli ascendente Gemelli. Altro da dire?<br><em>Gli impegni lavorativi ti portano spesso lontana da casa. Cosa ti manca di pi\u00f9 della Puglia?<\/em><br>Devo essere sincera? Il mio nipotino, Ruben, che ha un anno e mezzo e mi dolgo del fatto di non riuscire a vederlo crescere in tempo reale. Cerco di andare a trovarlo ogni tre settimane, ma mi manca davvero tanto, come mia sorella. Casa mia, dove regna sovrano il silenzio e, scherzando, racconto che \u201cmi son morte anche le piante\u201d. Ma \u00e8 il mio rifugio incontrastato. Le mie amiche care, poche, selezionate, ma con cui vorrei trascorrere pi\u00f9 tempo.<br><em>Citt\u00e0 di origine a parte, le radici sono sempre nel cuore, per lavoro visiti citt\u00e0 e posti meravigliosi, ce n\u2019\u00e8 uno che ti ha rapito particolarmente e in cui ti senti a casa pur non trattandosi della tua Taranto?<\/em><br>Sicuramente Lecce, il Salento. In fondo a Taranto ci sono solo nata. Ho vissuto a Manduria fino ai miei 19 anni e poi sono arrivata nella capitale del Barocco. Lecce \u00e8 per me assolutamente casa.<br><em>A siglare un anno favoloso e una strepitosa carriera professionale, quest\u2019anno hai ritirato ad Ischia l\u2019ambito premio giornalistico per la narrazione enogastronomica. Quali le emozioni e chi o cosa hai pensato in quel momento sul palco?<\/em><br>Sono rimasta basita. Quando ho ricevuto la comunicazione ufficiale da Ischia e ho metabolizzato che avrei ritirato questo prestigioso riconoscimento l\u2019ho considerato un premio alla mia tenacia, alla mia determinazione, che non sono sempre scontate. Sono una ragazza del Sud, una professionista con tanti sogni, ma che ha anche dovuto affrontare (e continua a farlo), come tanti di noi, non poche difficolt\u00e0. Che ha dovuto rialzarsi spesso. Anche io sono stata in cassa integrazione. Anche io ho perso il lavoro. Anche io sono stata scavalcata. Il Premio Ischia mi ha ripagato di tutto questo. Un tale riconoscimento, che negli anni \u00e8 stato consegnato a luminari della comunicazione nazionale come Giuseppe Ungaretti, Paolo Mieli, Eugenio Scalfari, Gianfranco Ravasi, e in quest\u2019edizione, Lucia Annunziata, Francesca Fagnani, Claudio Cerasa, Barbara Carfagna. Beh. Potete immaginare il mio orgoglio!<br><em>Ti abbiamo visto sfilare sul red carpet del Cinema di Venezia, qual \u00e8 il film della tua vita? e ti piacerebbe entrare nel mondo del cinema da protagonista?<\/em><br>Sorridendo ti confesso che le mie amiche ti risponderebbero: ti manca soltanto questo, entrare nel mondo del cinema. E onestamente, per deformazione, non escludo nulla. Sono una possibilista. Anche il cinema \u00e8 un\u2019arte della comunicazione, quindi perch\u00e9 no? Le esperienze, soprattutto quelle differenti, sono sempre arricchenti. Il mio film della vita? \u201cIntestellar\u201d. Piango ogni volta che lo vedo, mi colpisce il concetto del tempo che trascorre, che in alcuni casi ci fa sentire impotenti.<br><em>Non solo enogastronomia. Recentemente hai condotto a Palazzo Maresgallo un importante incontro tra la componente della commissione per gli Affari Sociali, Chiara Gemma, e la presidente dell\u2019associazione Sunrise &#8211; Il Mare di Tutti e Commendatore della Repubblica, Maria De Giovanni. Solidariet\u00e0 e diritti negati, l\u2019importanza di fare rete\u2026<\/em><br>Spesso mi ritrovo a evidenziare che nasco come giornalista generalista. Sono cresciuta a pane e telegiornali. L\u2019enogastronomia \u00e8 un segmento che ho coltivato maggiormente rispetto ad altri, ma non \u00e8 il mio unico ambito di interesse. Con Chiara Gemma, donna in gamba e sensibile, bravissima europarlamentare, \u00e8 nata un\u2019intesa interessante e faremo diverse cose insieme, tutte dedicate ai temi dell\u2019inclusione sociale e del rispetto del differente. In cabina di regia, Mimma Vellotti della MV&amp;Partners, fautrice di questa rete al femminile che coinvolge anche Maria De Giovanni. Ritrover\u00f2 Chiara a Roma e a Lecce, in due diversi incontri tematici.<br><em>In ottobre andrai in onda su Gambero rosso tv con \u201cPuglia mon amour\u201d, un programma che ti vede insieme alla chef Alessandra Civilla, puoi anticiparci qualcosa?<\/em><br>Certo. Sar\u00e0 un bellissimo racconto della Puglia e delle sue materie prime eccellenti. Lavorare con Gambero Rosso Channel \u00e8 stato stimolante. \u00c8 la mia prima conduzione nazionale e aver avuto al mio fianco una bravissima chef leccese, Alessandra Civilla, che nella vita reale \u00e8 per me anche \u201csorella adottiva\u201d, \u00e8 stato avvincente. Alessandra \u00e8 un talento della cucina italiana e ha saputo portare nel programma tutta la sua genuinit\u00e0, la sua spontaneit\u00e0 e la sua bravura. Noi due insieme davanti alla telecamera? Sar\u00e0 una sorpresa per tutti, perch\u00e9 raccontiamo di essere amiche anche nella vita reale, tanto legate ma anche tanto diverse. Ai fornelli lei comanda ed io, da donna che trascorre poco tempo in cucina, subisco le sue bacchettate! Le incursioni nelle aziende, invece, accompagneranno per mano il pubblico alla scoperta della terra di Puglia e dei suoi prodotti di qualit\u00e0. Buona visione!<\/p>\n","protected":false},"excerpt":{"rendered":"<p>Intervista alla giornalista pugliese assessore al brand Avellino conduttrice di &#8220;Puglia Mon Amour&#8221; in onda in ottobre su Gamber rosso<\/p>\n","protected":false},"author":1,"featured_media":13581,"comment_status":"open","ping_status":"open","sticky":true,"template":"","format":"standard","meta":[],"categories":[52,22],"tags":[],"yoast_head":"<!-- This site is optimized with the Yoast SEO plugin v18.0 - https:\/\/yoast.com\/wordpress\/plugins\/seo\/ -->\n<title>Barbara Politi, Babette e la ragazza con il trolley | Arte e Luoghi<\/title>\n<meta name=\"description\" content=\"Intervista alla giornalista pugliese assessore al brand Avellino conduttrice di &quot;Puglia Mon Amour&quot; in onda in ottobre su Gamber rosso tv\" \/>\n<meta name=\"robots\" content=\"index, follow, max-snippet:-1, max-image-preview:large, max-video-preview:-1\" \/>\n<link rel=\"canonical\" href=\"https:\/\/arteeluoghi.it\/index.php\/2023\/10\/15\/barbara-politi-babette-e-la-ragazza-con-il-trolley\/\" \/>\n<meta property=\"og:locale\" content=\"it_IT\" \/>\n<meta property=\"og:type\" content=\"article\" \/>\n<meta property=\"og:title\" content=\"Barbara Politi, Babette e la ragazza con il trolley | Arte e Luoghi\" \/>\n<meta property=\"og:description\" content=\"Intervista alla giornalista pugliese assessore al brand Avellino conduttrice di &quot;Puglia Mon Amour&quot; in onda in ottobre su Gamber rosso tv\" \/>\n<meta property=\"og:url\" content=\"https:\/\/arteeluoghi.it\/index.php\/2023\/10\/15\/barbara-politi-babette-e-la-ragazza-con-il-trolley\/\" \/>\n<meta property=\"og:site_name\" content=\"Arte e Luoghi\" \/>\n<meta property=\"article:publisher\" content=\"https:\/\/www.facebook.com\/ArteELuoghi\/\" \/>\n<meta property=\"article:published_time\" content=\"2023-10-15T19:01:25+00:00\" \/>\n<meta property=\"article:modified_time\" content=\"2023-10-15T19:33:40+00:00\" \/>\n<meta property=\"og:image\" content=\"https:\/\/arteeluoghi.it\/wp-content\/uploads\/2023\/10\/image9.jpeg\" \/>\n\t<meta property=\"og:image:width\" content=\"1280\" \/>\n\t<meta property=\"og:image:height\" content=\"720\" \/>\n\t<meta property=\"og:image:type\" content=\"image\/jpeg\" \/>\n<meta name=\"twitter:card\" content=\"summary\" \/>\n<meta name=\"twitter:creator\" content=\"@arteeluoghi\" \/>\n<meta name=\"twitter:site\" content=\"@arteeluoghi\" \/>\n<meta name=\"twitter:label1\" content=\"Scritto da\" \/>\n\t<meta name=\"twitter:data1\" content=\"Staff\" \/>\n\t<meta name=\"twitter:label2\" content=\"Tempo di lettura stimato\" \/>\n\t<meta name=\"twitter:data2\" content=\"16 minuti\" \/>\n<script type=\"application\/ld+json\" class=\"yoast-schema-graph\">{\"@context\":\"https:\/\/schema.org\",\"@graph\":[{\"@type\":\"Organization\",\"@id\":\"https:\/\/arteeluoghi.it\/#organization\",\"name\":\"Arte e Luoghi\",\"url\":\"https:\/\/arteeluoghi.it\/\",\"sameAs\":[\"https:\/\/www.facebook.com\/ArteELuoghi\/\",\"https:\/\/www.instagram.com\/arteeluoghi\/?hl=it\",\"https:\/\/www.youtube.com\/channel\/UCuRVc4JW4-C5sg9rQB-srkw?view_as=subscriber\",\"https:\/\/twitter.com\/arteeluoghi\"],\"logo\":{\"@type\":\"ImageObject\",\"@id\":\"https:\/\/arteeluoghi.it\/#logo\",\"inLanguage\":\"it-IT\",\"url\":\"https:\/\/arteeluoghi.it\/wp-content\/uploads\/2018\/08\/logoinstagramarte.jpg\",\"contentUrl\":\"https:\/\/arteeluoghi.it\/wp-content\/uploads\/2018\/08\/logoinstagramarte.jpg\",\"width\":150,\"height\":150,\"caption\":\"Arte e Luoghi\"},\"image\":{\"@id\":\"https:\/\/arteeluoghi.it\/#logo\"}},{\"@type\":\"WebSite\",\"@id\":\"https:\/\/arteeluoghi.it\/#website\",\"url\":\"https:\/\/arteeluoghi.it\/\",\"name\":\"Arte e Luoghi\",\"description\":\"Mensile di arte, cultura, turismo e curiosit\u00e0\",\"publisher\":{\"@id\":\"https:\/\/arteeluoghi.it\/#organization\"},\"potentialAction\":[{\"@type\":\"SearchAction\",\"target\":{\"@type\":\"EntryPoint\",\"urlTemplate\":\"https:\/\/arteeluoghi.it\/?s={search_term_string}\"},\"query-input\":\"required name=search_term_string\"}],\"inLanguage\":\"it-IT\"},{\"@type\":\"ImageObject\",\"@id\":\"https:\/\/arteeluoghi.it\/index.php\/2023\/10\/15\/barbara-politi-babette-e-la-ragazza-con-il-trolley\/#primaryimage\",\"inLanguage\":\"it-IT\",\"url\":\"https:\/\/arteeluoghi.it\/wp-content\/uploads\/2023\/10\/image9.jpeg\",\"contentUrl\":\"https:\/\/arteeluoghi.it\/wp-content\/uploads\/2023\/10\/image9.jpeg\",\"width\":1280,\"height\":720},{\"@type\":\"WebPage\",\"@id\":\"https:\/\/arteeluoghi.it\/index.php\/2023\/10\/15\/barbara-politi-babette-e-la-ragazza-con-il-trolley\/#webpage\",\"url\":\"https:\/\/arteeluoghi.it\/index.php\/2023\/10\/15\/barbara-politi-babette-e-la-ragazza-con-il-trolley\/\",\"name\":\"Barbara Politi, Babette e la ragazza con il trolley | Arte e Luoghi\",\"isPartOf\":{\"@id\":\"https:\/\/arteeluoghi.it\/#website\"},\"primaryImageOfPage\":{\"@id\":\"https:\/\/arteeluoghi.it\/index.php\/2023\/10\/15\/barbara-politi-babette-e-la-ragazza-con-il-trolley\/#primaryimage\"},\"datePublished\":\"2023-10-15T19:01:25+00:00\",\"dateModified\":\"2023-10-15T19:33:40+00:00\",\"description\":\"Intervista alla giornalista pugliese assessore al brand Avellino conduttrice di \\\"Puglia Mon Amour\\\" in onda in ottobre su Gamber rosso tv\",\"breadcrumb\":{\"@id\":\"https:\/\/arteeluoghi.it\/index.php\/2023\/10\/15\/barbara-politi-babette-e-la-ragazza-con-il-trolley\/#breadcrumb\"},\"inLanguage\":\"it-IT\",\"potentialAction\":[{\"@type\":\"ReadAction\",\"target\":[\"https:\/\/arteeluoghi.it\/index.php\/2023\/10\/15\/barbara-politi-babette-e-la-ragazza-con-il-trolley\/\"]}]},{\"@type\":\"BreadcrumbList\",\"@id\":\"https:\/\/arteeluoghi.it\/index.php\/2023\/10\/15\/barbara-politi-babette-e-la-ragazza-con-il-trolley\/#breadcrumb\",\"itemListElement\":[{\"@type\":\"ListItem\",\"position\":1,\"name\":\"Home\",\"item\":\"https:\/\/arteeluoghi.it\/\"},{\"@type\":\"ListItem\",\"position\":2,\"name\":\"Barbara Politi, Babette e la ragazza con il trolley\"}]},{\"@type\":\"Article\",\"@id\":\"https:\/\/arteeluoghi.it\/index.php\/2023\/10\/15\/barbara-politi-babette-e-la-ragazza-con-il-trolley\/#article\",\"isPartOf\":{\"@id\":\"https:\/\/arteeluoghi.it\/index.php\/2023\/10\/15\/barbara-politi-babette-e-la-ragazza-con-il-trolley\/#webpage\"},\"author\":{\"@id\":\"https:\/\/arteeluoghi.it\/#\/schema\/person\/f84e814e36e91e01448ee07eaadd41d4\"},\"headline\":\"Barbara Politi, Babette e la ragazza con il trolley\",\"datePublished\":\"2023-10-15T19:01:25+00:00\",\"dateModified\":\"2023-10-15T19:33:40+00:00\",\"mainEntityOfPage\":{\"@id\":\"https:\/\/arteeluoghi.it\/index.php\/2023\/10\/15\/barbara-politi-babette-e-la-ragazza-con-il-trolley\/#webpage\"},\"wordCount\":2769,\"commentCount\":0,\"publisher\":{\"@id\":\"https:\/\/arteeluoghi.it\/#organization\"},\"image\":{\"@id\":\"https:\/\/arteeluoghi.it\/index.php\/2023\/10\/15\/barbara-politi-babette-e-la-ragazza-con-il-trolley\/#primaryimage\"},\"thumbnailUrl\":\"https:\/\/arteeluoghi.it\/wp-content\/uploads\/2023\/10\/image9.jpeg\",\"articleSection\":[\"I luoghi della parola\",\"interviste\"],\"inLanguage\":\"it-IT\",\"potentialAction\":[{\"@type\":\"CommentAction\",\"name\":\"Comment\",\"target\":[\"https:\/\/arteeluoghi.it\/index.php\/2023\/10\/15\/barbara-politi-babette-e-la-ragazza-con-il-trolley\/#respond\"]}]},{\"@type\":\"Person\",\"@id\":\"https:\/\/arteeluoghi.it\/#\/schema\/person\/f84e814e36e91e01448ee07eaadd41d4\",\"name\":\"Staff\",\"image\":{\"@type\":\"ImageObject\",\"@id\":\"https:\/\/arteeluoghi.it\/#personlogo\",\"inLanguage\":\"it-IT\",\"url\":\"https:\/\/secure.gravatar.com\/avatar\/49d2f9e46271bb04e19cebfaf141313a?s=96&d=blank&r=g\",\"contentUrl\":\"https:\/\/secure.gravatar.com\/avatar\/49d2f9e46271bb04e19cebfaf141313a?s=96&d=blank&r=g\",\"caption\":\"Staff\"}}]}<\/script>\n<!-- \/ Yoast SEO plugin. -->","yoast_head_json":{"title":"Barbara Politi, Babette e la ragazza con il trolley | Arte e Luoghi","description":"Intervista alla giornalista pugliese assessore al brand Avellino conduttrice di \"Puglia Mon Amour\" in onda in ottobre su Gamber rosso tv","robots":{"index":"index","follow":"follow","max-snippet":"max-snippet:-1","max-image-preview":"max-image-preview:large","max-video-preview":"max-video-preview:-1"},"canonical":"https:\/\/arteeluoghi.it\/index.php\/2023\/10\/15\/barbara-politi-babette-e-la-ragazza-con-il-trolley\/","og_locale":"it_IT","og_type":"article","og_title":"Barbara Politi, Babette e la ragazza con il trolley | Arte e Luoghi","og_description":"Intervista alla giornalista pugliese assessore al brand Avellino conduttrice di \"Puglia Mon Amour\" in onda in ottobre su Gamber rosso tv","og_url":"https:\/\/arteeluoghi.it\/index.php\/2023\/10\/15\/barbara-politi-babette-e-la-ragazza-con-il-trolley\/","og_site_name":"Arte e Luoghi","article_publisher":"https:\/\/www.facebook.com\/ArteELuoghi\/","article_published_time":"2023-10-15T19:01:25+00:00","article_modified_time":"2023-10-15T19:33:40+00:00","og_image":[{"width":1280,"height":720,"url":"https:\/\/arteeluoghi.it\/wp-content\/uploads\/2023\/10\/image9.jpeg","type":"image\/jpeg"}],"twitter_card":"summary","twitter_creator":"@arteeluoghi","twitter_site":"@arteeluoghi","twitter_misc":{"Scritto da":"Staff","Tempo di lettura stimato":"16 minuti"},"schema":{"@context":"https:\/\/schema.org","@graph":[{"@type":"Organization","@id":"https:\/\/arteeluoghi.it\/#organization","name":"Arte e Luoghi","url":"https:\/\/arteeluoghi.it\/","sameAs":["https:\/\/www.facebook.com\/ArteELuoghi\/","https:\/\/www.instagram.com\/arteeluoghi\/?hl=it","https:\/\/www.youtube.com\/channel\/UCuRVc4JW4-C5sg9rQB-srkw?view_as=subscriber","https:\/\/twitter.com\/arteeluoghi"],"logo":{"@type":"ImageObject","@id":"https:\/\/arteeluoghi.it\/#logo","inLanguage":"it-IT","url":"https:\/\/arteeluoghi.it\/wp-content\/uploads\/2018\/08\/logoinstagramarte.jpg","contentUrl":"https:\/\/arteeluoghi.it\/wp-content\/uploads\/2018\/08\/logoinstagramarte.jpg","width":150,"height":150,"caption":"Arte e Luoghi"},"image":{"@id":"https:\/\/arteeluoghi.it\/#logo"}},{"@type":"WebSite","@id":"https:\/\/arteeluoghi.it\/#website","url":"https:\/\/arteeluoghi.it\/","name":"Arte e Luoghi","description":"Mensile di arte, cultura, turismo e curiosit\u00e0","publisher":{"@id":"https:\/\/arteeluoghi.it\/#organization"},"potentialAction":[{"@type":"SearchAction","target":{"@type":"EntryPoint","urlTemplate":"https:\/\/arteeluoghi.it\/?s={search_term_string}"},"query-input":"required name=search_term_string"}],"inLanguage":"it-IT"},{"@type":"ImageObject","@id":"https:\/\/arteeluoghi.it\/index.php\/2023\/10\/15\/barbara-politi-babette-e-la-ragazza-con-il-trolley\/#primaryimage","inLanguage":"it-IT","url":"https:\/\/arteeluoghi.it\/wp-content\/uploads\/2023\/10\/image9.jpeg","contentUrl":"https:\/\/arteeluoghi.it\/wp-content\/uploads\/2023\/10\/image9.jpeg","width":1280,"height":720},{"@type":"WebPage","@id":"https:\/\/arteeluoghi.it\/index.php\/2023\/10\/15\/barbara-politi-babette-e-la-ragazza-con-il-trolley\/#webpage","url":"https:\/\/arteeluoghi.it\/index.php\/2023\/10\/15\/barbara-politi-babette-e-la-ragazza-con-il-trolley\/","name":"Barbara Politi, Babette e la ragazza con il trolley | Arte e Luoghi","isPartOf":{"@id":"https:\/\/arteeluoghi.it\/#website"},"primaryImageOfPage":{"@id":"https:\/\/arteeluoghi.it\/index.php\/2023\/10\/15\/barbara-politi-babette-e-la-ragazza-con-il-trolley\/#primaryimage"},"datePublished":"2023-10-15T19:01:25+00:00","dateModified":"2023-10-15T19:33:40+00:00","description":"Intervista alla giornalista pugliese assessore al brand Avellino conduttrice di \"Puglia Mon Amour\" in onda in ottobre su Gamber rosso tv","breadcrumb":{"@id":"https:\/\/arteeluoghi.it\/index.php\/2023\/10\/15\/barbara-politi-babette-e-la-ragazza-con-il-trolley\/#breadcrumb"},"inLanguage":"it-IT","potentialAction":[{"@type":"ReadAction","target":["https:\/\/arteeluoghi.it\/index.php\/2023\/10\/15\/barbara-politi-babette-e-la-ragazza-con-il-trolley\/"]}]},{"@type":"BreadcrumbList","@id":"https:\/\/arteeluoghi.it\/index.php\/2023\/10\/15\/barbara-politi-babette-e-la-ragazza-con-il-trolley\/#breadcrumb","itemListElement":[{"@type":"ListItem","position":1,"name":"Home","item":"https:\/\/arteeluoghi.it\/"},{"@type":"ListItem","position":2,"name":"Barbara Politi, Babette e la ragazza con il trolley"}]},{"@type":"Article","@id":"https:\/\/arteeluoghi.it\/index.php\/2023\/10\/15\/barbara-politi-babette-e-la-ragazza-con-il-trolley\/#article","isPartOf":{"@id":"https:\/\/arteeluoghi.it\/index.php\/2023\/10\/15\/barbara-politi-babette-e-la-ragazza-con-il-trolley\/#webpage"},"author":{"@id":"https:\/\/arteeluoghi.it\/#\/schema\/person\/f84e814e36e91e01448ee07eaadd41d4"},"headline":"Barbara Politi, Babette e la ragazza con il trolley","datePublished":"2023-10-15T19:01:25+00:00","dateModified":"2023-10-15T19:33:40+00:00","mainEntityOfPage":{"@id":"https:\/\/arteeluoghi.it\/index.php\/2023\/10\/15\/barbara-politi-babette-e-la-ragazza-con-il-trolley\/#webpage"},"wordCount":2769,"commentCount":0,"publisher":{"@id":"https:\/\/arteeluoghi.it\/#organization"},"image":{"@id":"https:\/\/arteeluoghi.it\/index.php\/2023\/10\/15\/barbara-politi-babette-e-la-ragazza-con-il-trolley\/#primaryimage"},"thumbnailUrl":"https:\/\/arteeluoghi.it\/wp-content\/uploads\/2023\/10\/image9.jpeg","articleSection":["I luoghi della parola","interviste"],"inLanguage":"it-IT","potentialAction":[{"@type":"CommentAction","name":"Comment","target":["https:\/\/arteeluoghi.it\/index.php\/2023\/10\/15\/barbara-politi-babette-e-la-ragazza-con-il-trolley\/#respond"]}]},{"@type":"Person","@id":"https:\/\/arteeluoghi.it\/#\/schema\/person\/f84e814e36e91e01448ee07eaadd41d4","name":"Staff","image":{"@type":"ImageObject","@id":"https:\/\/arteeluoghi.it\/#personlogo","inLanguage":"it-IT","url":"https:\/\/secure.gravatar.com\/avatar\/49d2f9e46271bb04e19cebfaf141313a?s=96&d=blank&r=g","contentUrl":"https:\/\/secure.gravatar.com\/avatar\/49d2f9e46271bb04e19cebfaf141313a?s=96&d=blank&r=g","caption":"Staff"}}]}},"_links":{"self":[{"href":"https:\/\/arteeluoghi.it\/index.php\/wp-json\/wp\/v2\/posts\/13577"}],"collection":[{"href":"https:\/\/arteeluoghi.it\/index.php\/wp-json\/wp\/v2\/posts"}],"about":[{"href":"https:\/\/arteeluoghi.it\/index.php\/wp-json\/wp\/v2\/types\/post"}],"author":[{"embeddable":true,"href":"https:\/\/arteeluoghi.it\/index.php\/wp-json\/wp\/v2\/users\/1"}],"replies":[{"embeddable":true,"href":"https:\/\/arteeluoghi.it\/index.php\/wp-json\/wp\/v2\/comments?post=13577"}],"version-history":[{"count":3,"href":"https:\/\/arteeluoghi.it\/index.php\/wp-json\/wp\/v2\/posts\/13577\/revisions"}],"predecessor-version":[{"id":13590,"href":"https:\/\/arteeluoghi.it\/index.php\/wp-json\/wp\/v2\/posts\/13577\/revisions\/13590"}],"wp:featuredmedia":[{"embeddable":true,"href":"https:\/\/arteeluoghi.it\/index.php\/wp-json\/wp\/v2\/media\/13581"}],"wp:attachment":[{"href":"https:\/\/arteeluoghi.it\/index.php\/wp-json\/wp\/v2\/media?parent=13577"}],"wp:term":[{"taxonomy":"category","embeddable":true,"href":"https:\/\/arteeluoghi.it\/index.php\/wp-json\/wp\/v2\/categories?post=13577"},{"taxonomy":"post_tag","embeddable":true,"href":"https:\/\/arteeluoghi.it\/index.php\/wp-json\/wp\/v2\/tags?post=13577"}],"curies":[{"name":"wp","href":"https:\/\/api.w.org\/{rel}","templated":true}]}}