{"id":13745,"date":"2023-11-23T00:18:00","date_gmt":"2023-11-22T23:18:00","guid":{"rendered":"https:\/\/arteeluoghi.it\/?p=13745"},"modified":"2023-11-24T00:18:58","modified_gmt":"2023-11-23T23:18:58","slug":"io-sono-volti-di-donne-sfigurati-dalla-violenza","status":"publish","type":"post","link":"https:\/\/arteeluoghi.it\/index.php\/2023\/11\/23\/io-sono-volti-di-donne-sfigurati-dalla-violenza\/","title":{"rendered":"Io sono. Volti di donne sfigurati dalla violenza"},"content":{"rendered":"\n<blockquote class=\"wp-block-quote\"><p>Una mostra appello di due artisti napoletani, Piero Loffredo e Nando Calabrese, allestita nelle sale della Biblioteca Nazionale di Napoli. Dal 23 novembre 2023 all&#8217;8 gennaio 2024<\/p><\/blockquote>\n\n\n\n<p>Un giorno funesto per Napoli il 23 novembre del 1980, da tutti ricordato per il tragico terremoto dell&#8217;Irpinia. Ma ci sono altri eventi, non imprevedibili come quelli legati alle attivit\u00e0 sismiche del nostro pianeta ma alle azioni degli  uomini quando dimenticano di essere tali e usano violenza alle donne. Una violenza che ha mille volti e che spesso viene raccontata quando ormai l&#8217;epilogo peggiore \u00e8 avvenuto come \u00e8 accaduto alla giovane Giulia Cecchettin, brutalmente assassinata da chi diceva di amarla.  Spesso non siamo in grado di cogliere il grido di aiuto, di evitare il peggio. Due artisti napoletani, Pietro Loffredo e Nando Calabrese, hanno pensato di coglire  il \u00a0\u201cgrido di dolore\u201d  e attraverso l&#8217;arte\u00a0\u00a0denunciare\u00a0le violenze di cui sono vittime ogni giorno le donne: donne di ogni cultura, etnia, estrazione sociale,\u00a0accomunate\u00a0da storie spesso simili. <\/p>\n\n\n\n<figure class=\"wp-block-gallery columns-2 is-cropped\"><ul class=\"blocks-gallery-grid\"><li class=\"blocks-gallery-item\"><figure><img loading=\"lazy\" width=\"676\" height=\"1024\" src=\"https:\/\/arteeluoghi.it\/wp-content\/uploads\/2023\/11\/ft-2Elsa-676x1024.jpg\" alt=\"\" data-id=\"13747\" data-full-url=\"https:\/\/arteeluoghi.it\/wp-content\/uploads\/2023\/11\/ft-2Elsa-scaled.jpg\" data-link=\"https:\/\/arteeluoghi.it\/?attachment_id=13747\" class=\"wp-image-13747\" srcset=\"https:\/\/arteeluoghi.it\/wp-content\/uploads\/2023\/11\/ft-2Elsa-676x1024.jpg 676w, https:\/\/arteeluoghi.it\/wp-content\/uploads\/2023\/11\/ft-2Elsa-198x300.jpg 198w, https:\/\/arteeluoghi.it\/wp-content\/uploads\/2023\/11\/ft-2Elsa-768x1163.jpg 768w, https:\/\/arteeluoghi.it\/wp-content\/uploads\/2023\/11\/ft-2Elsa-1014x1536.jpg 1014w, https:\/\/arteeluoghi.it\/wp-content\/uploads\/2023\/11\/ft-2Elsa-1352x2048.jpg 1352w, https:\/\/arteeluoghi.it\/wp-content\/uploads\/2023\/11\/ft-2Elsa-scaled.jpg 1690w\" sizes=\"(max-width: 676px) 100vw, 676px\" \/><\/figure><\/li><li class=\"blocks-gallery-item\"><figure><img loading=\"lazy\" width=\"675\" height=\"1024\" src=\"https:\/\/arteeluoghi.it\/wp-content\/uploads\/2023\/11\/ft-1-antonella_stefanucci_P-2-675x1024.jpg\" alt=\"\" data-id=\"13746\" data-full-url=\"https:\/\/arteeluoghi.it\/wp-content\/uploads\/2023\/11\/ft-1-antonella_stefanucci_P-2-scaled.jpg\" data-link=\"https:\/\/arteeluoghi.it\/?attachment_id=13746\" class=\"wp-image-13746\" srcset=\"https:\/\/arteeluoghi.it\/wp-content\/uploads\/2023\/11\/ft-1-antonella_stefanucci_P-2-675x1024.jpg 675w, https:\/\/arteeluoghi.it\/wp-content\/uploads\/2023\/11\/ft-1-antonella_stefanucci_P-2-198x300.jpg 198w, https:\/\/arteeluoghi.it\/wp-content\/uploads\/2023\/11\/ft-1-antonella_stefanucci_P-2-768x1165.jpg 768w, https:\/\/arteeluoghi.it\/wp-content\/uploads\/2023\/11\/ft-1-antonella_stefanucci_P-2-1013x1536.jpg 1013w, https:\/\/arteeluoghi.it\/wp-content\/uploads\/2023\/11\/ft-1-antonella_stefanucci_P-2-1350x2048.jpg 1350w, https:\/\/arteeluoghi.it\/wp-content\/uploads\/2023\/11\/ft-1-antonella_stefanucci_P-2-scaled.jpg 1688w\" sizes=\"(max-width: 675px) 100vw, 675px\" \/><\/figure><\/li><\/ul><figcaption class=\"blocks-gallery-caption\">LDa sinistra: Elsa, l&#8217;attrice Antonella Stefanucci madrina dell&#8217;iniziativa, nella foto in evidenza Federica e Sharon<\/figcaption><\/figure>\n\n\n\n<p>Donne comuni, come i volti che scorrono in mostra, noti o sconosciuti. [foto1. l\u2019attrice Antonella Stefanucci, madrina dell&#8217;iniziativa]. \u00a0La mostra, Io Sono, di Pietro Loffredo e Nando Calabrese, \u00e8 stata inaugurata Il 23 novembre, alle ore 16.30, alla Biblioteca Nazionale di Napoli (Sala di Bibliografia), da Ilaria Perrelli, presidente della Consulta regionale per la condizione della donna, \u00a0Maria Iannotti direttrice della biblioteca, Linda \u00a0Irace, curatrice della mostra, Mario Rovinello, casa editrice La valle del tempo. Il vernissage \u00e8 stato accompato dalla musica cura degli alunni del Liceo Palizzi. \u00a0<br>Le dodici opere scaturiscono dagli scatti fotografici di Nando Calabrese, che \u00a0incrociano il segno pittorico di Pietro Loffredo, in una sorta di magia scaramantica che affida all\u2019arte la difesa di quei volti femminili: al centro del progetto dei due autori, che raffinano e rafforzano la loro collaborazione. Nei loro lavori si afferma quell\u2019 io Sono, io esisto, \u00a0che in tutta la sua forza \u00a0 si manifesta individuale, irripetibile. \u00a0 In occasione dell\u2019inaugurazione Pietro Loffredo e Nando Calabrese sono stati protagonisti di una performance \u00a0con disegni e scatti fotografici \u00a0dal vivo che hanno coinvolto \u00a0il pubblico presente, \u00a0in un gioco \u00a0di rimandi \u00a0ai segni propiziatori \u00a0delle opere \u00a0e di provocazioni per cercare [nell\u2019assenza delle istituzioni] in amuleti \u00a0e magia \u00a0gli strumenti per proteggersi dalla violenza. \u00a0<br>La mostra in collaborazione con l\u2019associazione \u201cTempo Libero\u201d rientra nelle iniziative della Biblioteca napoletana per celebrare la Giornata Internazionale per l\u2019Eliminazione della Violenza contro le Donne, e \u00a0sar\u00e0 visitabile tutti i giorni, dal luned\u00ec al gioved\u00ec \u00a0 ore 12 e ore 16, venerd\u00ec solo ore 12,00 fino all\u2019 8 gennaio 2024. \u00a0<\/p>\n\n\n\n<p>Dopo Napoli \u00a0le opere saranno esposte in varie citt\u00e0 italiane. \u00a0I due autori, che pi\u00f9 volte hanno collaborato tra loro, hanno all\u2019attivo numerose esposizioni, personali e collettive<\/p>\n\n\n\n<p><strong>Pietro Loffredo<\/strong> \u00a0\u00a0<\/p>\n\n\n\n<p>Napoletano, ha esposto a Roma, Venezia, Napoli, Bastia, Montecarlo, Parigi, Berlino, Barcellona. Le sue opere sono state esposte presso i musei di Castel Sant&#8217;Angelo in Roma, il Dar Bach Amba di Tunisi, la Fondazione Orestiadi di Gibellina e il St. James Cavalier &#8211; Centre For Creativity de La Valletta.\u00a0La costante ricerca artistica lo porta a sperimentare\u00a0 tecniche diverse ed ad individuare una peculiare cifra stilistica nella scelta di soggetti privilegiati (angeli neri, cornetti). \u00a0<\/p>\n\n\n\n<p><strong>Nando Calabrese &nbsp;<\/strong><\/p>\n\n\n\n<p>Gran parte della sua esperienza fotografica \u00e8 maturata nel mondo dell\u2019arte. Da anni, \u201cracconta\u201d con le sue immagini le mostre d\u2019arte contemporanea che si svolgono a Napoli e dintorni, \u00e8 autore di numerosi cataloghi d\u2019arte\u00a0ed ha \u00a0esposto in personali e collettive a Napoli, Parigi, Roma, Miami.\u00a0<\/p>\n\n\n\n<p>red.<\/p>\n","protected":false},"excerpt":{"rendered":"<p>Una mostra appello di due artisti napoletani, Piero Loffredo e Nando Calabrese, allestita nelle sale della Biblioteca Nazionale di Napoli.<\/p>\n","protected":false},"author":1,"featured_media":13748,"comment_status":"open","ping_status":"open","sticky":true,"template":"","format":"standard","meta":[],"categories":[27,3],"tags":[234,1814,370,214,5762,5763,3746],"yoast_head":"<!-- This site is optimized with the Yoast SEO plugin v18.0 - https:\/\/yoast.com\/wordpress\/plugins\/seo\/ -->\n<title>Io sono. Volti di donne sfigurati dalla violenza | Arte e Luoghi<\/title>\n<meta name=\"description\" content=\"Una mostra appello di due artisti napoletani, Piero Loffredo e Nando Calabrese, allestita nelle sale della Biblioteca Nazionale di Napoli\" \/>\n<meta name=\"robots\" content=\"index, follow, max-snippet:-1, max-image-preview:large, max-video-preview:-1\" \/>\n<link rel=\"canonical\" href=\"https:\/\/arteeluoghi.it\/index.php\/2023\/11\/23\/io-sono-volti-di-donne-sfigurati-dalla-violenza\/\" \/>\n<meta property=\"og:locale\" content=\"it_IT\" \/>\n<meta property=\"og:type\" content=\"article\" \/>\n<meta property=\"og:title\" content=\"Io sono. Volti di donne sfigurati dalla violenza | Arte e Luoghi\" \/>\n<meta property=\"og:description\" content=\"Una mostra appello di due artisti napoletani, Piero Loffredo e Nando Calabrese, allestita nelle sale della Biblioteca Nazionale di Napoli\" \/>\n<meta property=\"og:url\" content=\"https:\/\/arteeluoghi.it\/index.php\/2023\/11\/23\/io-sono-volti-di-donne-sfigurati-dalla-violenza\/\" \/>\n<meta property=\"og:site_name\" content=\"Arte e Luoghi\" \/>\n<meta property=\"article:publisher\" content=\"https:\/\/www.facebook.com\/ArteELuoghi\/\" \/>\n<meta property=\"article:published_time\" content=\"2023-11-22T23:18:00+00:00\" \/>\n<meta property=\"article:modified_time\" content=\"2023-11-23T23:18:58+00:00\" \/>\n<meta property=\"og:image\" content=\"https:\/\/arteeluoghi.it\/wp-content\/uploads\/2023\/11\/ft-3-Federica-e-Sharon-scaled.jpg\" \/>\n\t<meta property=\"og:image:width\" content=\"1715\" \/>\n\t<meta property=\"og:image:height\" content=\"2560\" \/>\n\t<meta property=\"og:image:type\" content=\"image\/jpeg\" \/>\n<meta name=\"twitter:card\" content=\"summary\" \/>\n<meta name=\"twitter:creator\" content=\"@arteeluoghi\" \/>\n<meta name=\"twitter:site\" content=\"@arteeluoghi\" \/>\n<meta name=\"twitter:label1\" content=\"Scritto da\" \/>\n\t<meta name=\"twitter:data1\" content=\"Staff\" \/>\n\t<meta name=\"twitter:label2\" content=\"Tempo di lettura stimato\" \/>\n\t<meta name=\"twitter:data2\" content=\"4 minuti\" \/>\n<script type=\"application\/ld+json\" class=\"yoast-schema-graph\">{\"@context\":\"https:\/\/schema.org\",\"@graph\":[{\"@type\":\"Organization\",\"@id\":\"https:\/\/arteeluoghi.it\/#organization\",\"name\":\"Arte e Luoghi\",\"url\":\"https:\/\/arteeluoghi.it\/\",\"sameAs\":[\"https:\/\/www.facebook.com\/ArteELuoghi\/\",\"https:\/\/www.instagram.com\/arteeluoghi\/?hl=it\",\"https:\/\/www.youtube.com\/channel\/UCuRVc4JW4-C5sg9rQB-srkw?view_as=subscriber\",\"https:\/\/twitter.com\/arteeluoghi\"],\"logo\":{\"@type\":\"ImageObject\",\"@id\":\"https:\/\/arteeluoghi.it\/#logo\",\"inLanguage\":\"it-IT\",\"url\":\"https:\/\/arteeluoghi.it\/wp-content\/uploads\/2018\/08\/logoinstagramarte.jpg\",\"contentUrl\":\"https:\/\/arteeluoghi.it\/wp-content\/uploads\/2018\/08\/logoinstagramarte.jpg\",\"width\":150,\"height\":150,\"caption\":\"Arte e Luoghi\"},\"image\":{\"@id\":\"https:\/\/arteeluoghi.it\/#logo\"}},{\"@type\":\"WebSite\",\"@id\":\"https:\/\/arteeluoghi.it\/#website\",\"url\":\"https:\/\/arteeluoghi.it\/\",\"name\":\"Arte e Luoghi\",\"description\":\"Mensile di arte, cultura, turismo e curiosit\u00e0\",\"publisher\":{\"@id\":\"https:\/\/arteeluoghi.it\/#organization\"},\"potentialAction\":[{\"@type\":\"SearchAction\",\"target\":{\"@type\":\"EntryPoint\",\"urlTemplate\":\"https:\/\/arteeluoghi.it\/?s={search_term_string}\"},\"query-input\":\"required name=search_term_string\"}],\"inLanguage\":\"it-IT\"},{\"@type\":\"ImageObject\",\"@id\":\"https:\/\/arteeluoghi.it\/index.php\/2023\/11\/23\/io-sono-volti-di-donne-sfigurati-dalla-violenza\/#primaryimage\",\"inLanguage\":\"it-IT\",\"url\":\"https:\/\/arteeluoghi.it\/wp-content\/uploads\/2023\/11\/ft-3-Federica-e-Sharon-scaled.jpg\",\"contentUrl\":\"https:\/\/arteeluoghi.it\/wp-content\/uploads\/2023\/11\/ft-3-Federica-e-Sharon-scaled.jpg\",\"width\":1715,\"height\":2560},{\"@type\":\"WebPage\",\"@id\":\"https:\/\/arteeluoghi.it\/index.php\/2023\/11\/23\/io-sono-volti-di-donne-sfigurati-dalla-violenza\/#webpage\",\"url\":\"https:\/\/arteeluoghi.it\/index.php\/2023\/11\/23\/io-sono-volti-di-donne-sfigurati-dalla-violenza\/\",\"name\":\"Io sono. Volti di donne sfigurati dalla violenza | Arte e Luoghi\",\"isPartOf\":{\"@id\":\"https:\/\/arteeluoghi.it\/#website\"},\"primaryImageOfPage\":{\"@id\":\"https:\/\/arteeluoghi.it\/index.php\/2023\/11\/23\/io-sono-volti-di-donne-sfigurati-dalla-violenza\/#primaryimage\"},\"datePublished\":\"2023-11-22T23:18:00+00:00\",\"dateModified\":\"2023-11-23T23:18:58+00:00\",\"description\":\"Una mostra appello di due artisti napoletani, Piero Loffredo e Nando Calabrese, allestita nelle sale della Biblioteca Nazionale di Napoli\",\"breadcrumb\":{\"@id\":\"https:\/\/arteeluoghi.it\/index.php\/2023\/11\/23\/io-sono-volti-di-donne-sfigurati-dalla-violenza\/#breadcrumb\"},\"inLanguage\":\"it-IT\",\"potentialAction\":[{\"@type\":\"ReadAction\",\"target\":[\"https:\/\/arteeluoghi.it\/index.php\/2023\/11\/23\/io-sono-volti-di-donne-sfigurati-dalla-violenza\/\"]}]},{\"@type\":\"BreadcrumbList\",\"@id\":\"https:\/\/arteeluoghi.it\/index.php\/2023\/11\/23\/io-sono-volti-di-donne-sfigurati-dalla-violenza\/#breadcrumb\",\"itemListElement\":[{\"@type\":\"ListItem\",\"position\":1,\"name\":\"Home\",\"item\":\"https:\/\/arteeluoghi.it\/\"},{\"@type\":\"ListItem\",\"position\":2,\"name\":\"Io sono. Volti di donne sfigurati dalla violenza\"}]},{\"@type\":\"Article\",\"@id\":\"https:\/\/arteeluoghi.it\/index.php\/2023\/11\/23\/io-sono-volti-di-donne-sfigurati-dalla-violenza\/#article\",\"isPartOf\":{\"@id\":\"https:\/\/arteeluoghi.it\/index.php\/2023\/11\/23\/io-sono-volti-di-donne-sfigurati-dalla-violenza\/#webpage\"},\"author\":{\"@id\":\"https:\/\/arteeluoghi.it\/#\/schema\/person\/f84e814e36e91e01448ee07eaadd41d4\"},\"headline\":\"Io sono. Volti di donne sfigurati dalla violenza\",\"datePublished\":\"2023-11-22T23:18:00+00:00\",\"dateModified\":\"2023-11-23T23:18:58+00:00\",\"mainEntityOfPage\":{\"@id\":\"https:\/\/arteeluoghi.it\/index.php\/2023\/11\/23\/io-sono-volti-di-donne-sfigurati-dalla-violenza\/#webpage\"},\"wordCount\":593,\"commentCount\":0,\"publisher\":{\"@id\":\"https:\/\/arteeluoghi.it\/#organization\"},\"image\":{\"@id\":\"https:\/\/arteeluoghi.it\/index.php\/2023\/11\/23\/io-sono-volti-di-donne-sfigurati-dalla-violenza\/#primaryimage\"},\"thumbnailUrl\":\"https:\/\/arteeluoghi.it\/wp-content\/uploads\/2023\/11\/ft-3-Federica-e-Sharon-scaled.jpg\",\"keywords\":[\"arte\",\"arte contemporanea\",\"Biblioteca Nazionale di Napoli\",\"fotografia\",\"Nando Calabrese\",\"Pietro Loffredo\",\"violenza di genere\"],\"articleSection\":[\"Arte\",\"Arti visive\"],\"inLanguage\":\"it-IT\",\"potentialAction\":[{\"@type\":\"CommentAction\",\"name\":\"Comment\",\"target\":[\"https:\/\/arteeluoghi.it\/index.php\/2023\/11\/23\/io-sono-volti-di-donne-sfigurati-dalla-violenza\/#respond\"]}]},{\"@type\":\"Person\",\"@id\":\"https:\/\/arteeluoghi.it\/#\/schema\/person\/f84e814e36e91e01448ee07eaadd41d4\",\"name\":\"Staff\",\"image\":{\"@type\":\"ImageObject\",\"@id\":\"https:\/\/arteeluoghi.it\/#personlogo\",\"inLanguage\":\"it-IT\",\"url\":\"https:\/\/secure.gravatar.com\/avatar\/49d2f9e46271bb04e19cebfaf141313a?s=96&d=blank&r=g\",\"contentUrl\":\"https:\/\/secure.gravatar.com\/avatar\/49d2f9e46271bb04e19cebfaf141313a?s=96&d=blank&r=g\",\"caption\":\"Staff\"}}]}<\/script>\n<!-- \/ Yoast SEO plugin. -->","yoast_head_json":{"title":"Io sono. Volti di donne sfigurati dalla violenza | Arte e Luoghi","description":"Una mostra appello di due artisti napoletani, Piero Loffredo e Nando Calabrese, allestita nelle sale della Biblioteca Nazionale di Napoli","robots":{"index":"index","follow":"follow","max-snippet":"max-snippet:-1","max-image-preview":"max-image-preview:large","max-video-preview":"max-video-preview:-1"},"canonical":"https:\/\/arteeluoghi.it\/index.php\/2023\/11\/23\/io-sono-volti-di-donne-sfigurati-dalla-violenza\/","og_locale":"it_IT","og_type":"article","og_title":"Io sono. Volti di donne sfigurati dalla violenza | Arte e Luoghi","og_description":"Una mostra appello di due artisti napoletani, Piero Loffredo e Nando Calabrese, allestita nelle sale della Biblioteca Nazionale di Napoli","og_url":"https:\/\/arteeluoghi.it\/index.php\/2023\/11\/23\/io-sono-volti-di-donne-sfigurati-dalla-violenza\/","og_site_name":"Arte e Luoghi","article_publisher":"https:\/\/www.facebook.com\/ArteELuoghi\/","article_published_time":"2023-11-22T23:18:00+00:00","article_modified_time":"2023-11-23T23:18:58+00:00","og_image":[{"width":1715,"height":2560,"url":"https:\/\/arteeluoghi.it\/wp-content\/uploads\/2023\/11\/ft-3-Federica-e-Sharon-scaled.jpg","type":"image\/jpeg"}],"twitter_card":"summary","twitter_creator":"@arteeluoghi","twitter_site":"@arteeluoghi","twitter_misc":{"Scritto da":"Staff","Tempo di lettura stimato":"4 minuti"},"schema":{"@context":"https:\/\/schema.org","@graph":[{"@type":"Organization","@id":"https:\/\/arteeluoghi.it\/#organization","name":"Arte e Luoghi","url":"https:\/\/arteeluoghi.it\/","sameAs":["https:\/\/www.facebook.com\/ArteELuoghi\/","https:\/\/www.instagram.com\/arteeluoghi\/?hl=it","https:\/\/www.youtube.com\/channel\/UCuRVc4JW4-C5sg9rQB-srkw?view_as=subscriber","https:\/\/twitter.com\/arteeluoghi"],"logo":{"@type":"ImageObject","@id":"https:\/\/arteeluoghi.it\/#logo","inLanguage":"it-IT","url":"https:\/\/arteeluoghi.it\/wp-content\/uploads\/2018\/08\/logoinstagramarte.jpg","contentUrl":"https:\/\/arteeluoghi.it\/wp-content\/uploads\/2018\/08\/logoinstagramarte.jpg","width":150,"height":150,"caption":"Arte e Luoghi"},"image":{"@id":"https:\/\/arteeluoghi.it\/#logo"}},{"@type":"WebSite","@id":"https:\/\/arteeluoghi.it\/#website","url":"https:\/\/arteeluoghi.it\/","name":"Arte e Luoghi","description":"Mensile di arte, cultura, turismo e curiosit\u00e0","publisher":{"@id":"https:\/\/arteeluoghi.it\/#organization"},"potentialAction":[{"@type":"SearchAction","target":{"@type":"EntryPoint","urlTemplate":"https:\/\/arteeluoghi.it\/?s={search_term_string}"},"query-input":"required name=search_term_string"}],"inLanguage":"it-IT"},{"@type":"ImageObject","@id":"https:\/\/arteeluoghi.it\/index.php\/2023\/11\/23\/io-sono-volti-di-donne-sfigurati-dalla-violenza\/#primaryimage","inLanguage":"it-IT","url":"https:\/\/arteeluoghi.it\/wp-content\/uploads\/2023\/11\/ft-3-Federica-e-Sharon-scaled.jpg","contentUrl":"https:\/\/arteeluoghi.it\/wp-content\/uploads\/2023\/11\/ft-3-Federica-e-Sharon-scaled.jpg","width":1715,"height":2560},{"@type":"WebPage","@id":"https:\/\/arteeluoghi.it\/index.php\/2023\/11\/23\/io-sono-volti-di-donne-sfigurati-dalla-violenza\/#webpage","url":"https:\/\/arteeluoghi.it\/index.php\/2023\/11\/23\/io-sono-volti-di-donne-sfigurati-dalla-violenza\/","name":"Io sono. Volti di donne sfigurati dalla violenza | Arte e Luoghi","isPartOf":{"@id":"https:\/\/arteeluoghi.it\/#website"},"primaryImageOfPage":{"@id":"https:\/\/arteeluoghi.it\/index.php\/2023\/11\/23\/io-sono-volti-di-donne-sfigurati-dalla-violenza\/#primaryimage"},"datePublished":"2023-11-22T23:18:00+00:00","dateModified":"2023-11-23T23:18:58+00:00","description":"Una mostra appello di due artisti napoletani, Piero Loffredo e Nando Calabrese, allestita nelle sale della Biblioteca Nazionale di Napoli","breadcrumb":{"@id":"https:\/\/arteeluoghi.it\/index.php\/2023\/11\/23\/io-sono-volti-di-donne-sfigurati-dalla-violenza\/#breadcrumb"},"inLanguage":"it-IT","potentialAction":[{"@type":"ReadAction","target":["https:\/\/arteeluoghi.it\/index.php\/2023\/11\/23\/io-sono-volti-di-donne-sfigurati-dalla-violenza\/"]}]},{"@type":"BreadcrumbList","@id":"https:\/\/arteeluoghi.it\/index.php\/2023\/11\/23\/io-sono-volti-di-donne-sfigurati-dalla-violenza\/#breadcrumb","itemListElement":[{"@type":"ListItem","position":1,"name":"Home","item":"https:\/\/arteeluoghi.it\/"},{"@type":"ListItem","position":2,"name":"Io sono. Volti di donne sfigurati dalla violenza"}]},{"@type":"Article","@id":"https:\/\/arteeluoghi.it\/index.php\/2023\/11\/23\/io-sono-volti-di-donne-sfigurati-dalla-violenza\/#article","isPartOf":{"@id":"https:\/\/arteeluoghi.it\/index.php\/2023\/11\/23\/io-sono-volti-di-donne-sfigurati-dalla-violenza\/#webpage"},"author":{"@id":"https:\/\/arteeluoghi.it\/#\/schema\/person\/f84e814e36e91e01448ee07eaadd41d4"},"headline":"Io sono. Volti di donne sfigurati dalla violenza","datePublished":"2023-11-22T23:18:00+00:00","dateModified":"2023-11-23T23:18:58+00:00","mainEntityOfPage":{"@id":"https:\/\/arteeluoghi.it\/index.php\/2023\/11\/23\/io-sono-volti-di-donne-sfigurati-dalla-violenza\/#webpage"},"wordCount":593,"commentCount":0,"publisher":{"@id":"https:\/\/arteeluoghi.it\/#organization"},"image":{"@id":"https:\/\/arteeluoghi.it\/index.php\/2023\/11\/23\/io-sono-volti-di-donne-sfigurati-dalla-violenza\/#primaryimage"},"thumbnailUrl":"https:\/\/arteeluoghi.it\/wp-content\/uploads\/2023\/11\/ft-3-Federica-e-Sharon-scaled.jpg","keywords":["arte","arte contemporanea","Biblioteca Nazionale di Napoli","fotografia","Nando Calabrese","Pietro Loffredo","violenza di genere"],"articleSection":["Arte","Arti visive"],"inLanguage":"it-IT","potentialAction":[{"@type":"CommentAction","name":"Comment","target":["https:\/\/arteeluoghi.it\/index.php\/2023\/11\/23\/io-sono-volti-di-donne-sfigurati-dalla-violenza\/#respond"]}]},{"@type":"Person","@id":"https:\/\/arteeluoghi.it\/#\/schema\/person\/f84e814e36e91e01448ee07eaadd41d4","name":"Staff","image":{"@type":"ImageObject","@id":"https:\/\/arteeluoghi.it\/#personlogo","inLanguage":"it-IT","url":"https:\/\/secure.gravatar.com\/avatar\/49d2f9e46271bb04e19cebfaf141313a?s=96&d=blank&r=g","contentUrl":"https:\/\/secure.gravatar.com\/avatar\/49d2f9e46271bb04e19cebfaf141313a?s=96&d=blank&r=g","caption":"Staff"}}]}},"_links":{"self":[{"href":"https:\/\/arteeluoghi.it\/index.php\/wp-json\/wp\/v2\/posts\/13745"}],"collection":[{"href":"https:\/\/arteeluoghi.it\/index.php\/wp-json\/wp\/v2\/posts"}],"about":[{"href":"https:\/\/arteeluoghi.it\/index.php\/wp-json\/wp\/v2\/types\/post"}],"author":[{"embeddable":true,"href":"https:\/\/arteeluoghi.it\/index.php\/wp-json\/wp\/v2\/users\/1"}],"replies":[{"embeddable":true,"href":"https:\/\/arteeluoghi.it\/index.php\/wp-json\/wp\/v2\/comments?post=13745"}],"version-history":[{"count":1,"href":"https:\/\/arteeluoghi.it\/index.php\/wp-json\/wp\/v2\/posts\/13745\/revisions"}],"predecessor-version":[{"id":13749,"href":"https:\/\/arteeluoghi.it\/index.php\/wp-json\/wp\/v2\/posts\/13745\/revisions\/13749"}],"wp:featuredmedia":[{"embeddable":true,"href":"https:\/\/arteeluoghi.it\/index.php\/wp-json\/wp\/v2\/media\/13748"}],"wp:attachment":[{"href":"https:\/\/arteeluoghi.it\/index.php\/wp-json\/wp\/v2\/media?parent=13745"}],"wp:term":[{"taxonomy":"category","embeddable":true,"href":"https:\/\/arteeluoghi.it\/index.php\/wp-json\/wp\/v2\/categories?post=13745"},{"taxonomy":"post_tag","embeddable":true,"href":"https:\/\/arteeluoghi.it\/index.php\/wp-json\/wp\/v2\/tags?post=13745"}],"curies":[{"name":"wp","href":"https:\/\/api.w.org\/{rel}","templated":true}]}}