{"id":1384,"date":"2013-10-04T23:19:28","date_gmt":"2013-10-04T21:19:28","guid":{"rendered":"http:\/\/arteeluoghi.it\/index.php\/2013\/10\/04\/in-bici-fra-trulli-e-colline-della-valle-d-itria\/"},"modified":"2013-10-04T23:19:28","modified_gmt":"2013-10-04T21:19:28","slug":"in-bici-fra-trulli-e-colline-della-valle-d-itria","status":"publish","type":"post","link":"https:\/\/arteeluoghi.it\/index.php\/2013\/10\/04\/in-bici-fra-trulli-e-colline-della-valle-d-itria\/","title":{"rendered":"In bici fra Trulli e Colline della Valle d&#8217;Itria"},"content":{"rendered":"<p><img src=\"\/images\/Trulli-1.jpg\" border=\"0\" width=\"300\" style=\"margin: 21px; float: left;\" \/>Sabato 5 ottobre 2013 una nuova escusione con Cicloamici<\/p>\n<p><span style=\"font-size: small;\"><strong>il Salento su due ruote<\/strong><\/span><\/p>\n<p>Giunti a <strong>Francavilla<\/strong> con il treno delle Ferrovie Sud-Est, ci uniremo al gruppo di Cicloamici provenienti da Brindisi-Mesagne e dopo la prima colazione, pedaleremo in direzione <strong>Ceglie Messapica<\/strong> attraverso una campagna rilassante e leggermente ondulata. Da qui, ci sposteremo verso la <strong>Masseria Seppunisi<\/strong>, ove consumeremo un pranzo a sacco con i prodotti acquistati in masseria.<\/p>\n<p>  <!--more-->  <\/p>\n<p>\u00a0<\/p>\n<p>Quindi ritorno a Ceglie, dove potremo gustare il caff\u00e8 accompagnato dai tradizionali \u201c<strong>biscuettl cignesi<\/strong>\u201d (il famoso biscotto cegliese che ha ottenuto il riconoscimento di <strong>\u201cPresidio\u201d <\/strong>da parte di\u00a0<strong>Slow Food<\/strong>).<\/p>\n<p>Infine, passando dalla stazioncina di Capece e il borgo di Bax, giungeremo a Francavilla Fontana dove faremo un giro per ammirare il centro storico di questo grosso paese alle soglie del Salento.<\/p>\n<p>Dopo un saluto-arrivederci con gli amici di Mesagne, riprenderemo il treno dalla locale stazione FSE per fare ritorno a Lecce.<\/p>\n<p>I posti bici sul treno sono limitati; \u00e8 preferibile prenotarsi al capogita entro la sera di gioved\u00ec 3 ottobre; altrimenti si pu\u00f2 raggiungere Francavilla con mezzi propri.\u00a0<\/p>\n<p><strong>Partenza:<\/strong> Treno FSE da Lecce: ore 7:59, arrivo a Francavilla F.na: 9:10; presentarsi al binario entro le 7.30 <span style=\"text-decoration: underline;\">gi\u00e0 muniti del biglietto personale e di quello gratuito per bici<\/span>.<\/p>\n<p><strong>Rientro:<\/strong> in treno FSE da Francavilla: ore 17.01, arrivo a Lecce: ore 18.04; <span style=\"text-decoration: underline;\">fare anche il biglietto di ritorno alla stazione di Lecce<\/span>, a Francavilla non esiste pi\u00f9 servizio di sportello FSE.<\/p>\n<p><strong>Percorso<\/strong>:\u00a0circa 50 km su stradine di campagna asfaltate; vedi: http:\/\/goo.gl\/maps\/ap60C<\/p>\n<p><strong>Difficolt\u00e0<\/strong>: media (si richiede un minimo di allenamento; tratti in saliscendi);<\/p>\n<p><strong>Bici consigliata<\/strong>: qualsiasi;<\/p>\n<p><strong>Dotazioni<\/strong>: acqua, dotazioni standard per eventuali forature e freddo\/pioggia, caschetto protettivo e tanto buon umore;<\/p>\n<p><strong>Assicurazione<\/strong> per i non soci FIAB: 5 \u20ac;<\/p>\n<p><strong>Info e Capogita<\/strong>: Cosimo Laddomada (Mimmo) &#8211; <a href=\"mailto:cosimota@yahoo.it\">cosimota@yahoo.it<\/a>\u00a0&#8211; Cell. 320 5306412 &#8211; 329 3425253<\/p>\n<p>Antonio Licciulli, antonio@licciulli.it 3333744725, per i Cicloamici Mesagne<\/p>\n<p>(fonte: comunicato stampa)<\/p>\n<p>\u00a0<\/p>\n","protected":false},"excerpt":{"rendered":"<p>Sabato 5 ottobre 2013 una nuova escusione con Cicloamici il Salento su due ruote Giunti a Francavilla con il treno<\/p>\n","protected":false},"author":1,"featured_media":0,"comment_status":"open","ping_status":"open","sticky":false,"template":"","format":"standard","meta":[],"categories":[23],"tags":[],"yoast_head":"<!-- This site is optimized with the Yoast SEO plugin v18.0 - https:\/\/yoast.com\/wordpress\/plugins\/seo\/ -->\n<title>In bici fra Trulli e Colline della Valle d&#039;Itria | Arte e Luoghi<\/title>\n<meta name=\"robots\" content=\"index, follow, max-snippet:-1, max-image-preview:large, max-video-preview:-1\" \/>\n<link rel=\"canonical\" href=\"https:\/\/arteeluoghi.it\/index.php\/2013\/10\/04\/in-bici-fra-trulli-e-colline-della-valle-d-itria\/\" \/>\n<meta property=\"og:locale\" content=\"it_IT\" \/>\n<meta property=\"og:type\" content=\"article\" \/>\n<meta property=\"og:title\" content=\"In bici fra Trulli e Colline della Valle d&#039;Itria | Arte e Luoghi\" \/>\n<meta property=\"og:description\" content=\"Sabato 5 ottobre 2013 una nuova escusione con Cicloamici il Salento su due ruote Giunti a Francavilla con il treno\" \/>\n<meta property=\"og:url\" content=\"https:\/\/arteeluoghi.it\/index.php\/2013\/10\/04\/in-bici-fra-trulli-e-colline-della-valle-d-itria\/\" \/>\n<meta property=\"og:site_name\" content=\"Arte e Luoghi\" \/>\n<meta property=\"article:publisher\" content=\"https:\/\/www.facebook.com\/ArteELuoghi\/\" \/>\n<meta property=\"article:published_time\" content=\"2013-10-04T21:19:28+00:00\" \/>\n<meta property=\"og:image\" content=\"https:\/\/arteeluoghi.it\/images\/Trulli-1.jpg\" \/>\n<meta name=\"twitter:card\" content=\"summary\" \/>\n<meta name=\"twitter:creator\" content=\"@arteeluoghi\" \/>\n<meta name=\"twitter:site\" content=\"@arteeluoghi\" \/>\n<meta name=\"twitter:label1\" content=\"Scritto da\" \/>\n\t<meta name=\"twitter:data1\" content=\"Staff\" \/>\n\t<meta name=\"twitter:label2\" content=\"Tempo di lettura stimato\" \/>\n\t<meta name=\"twitter:data2\" content=\"2 minuti\" \/>\n<script type=\"application\/ld+json\" class=\"yoast-schema-graph\">{\"@context\":\"https:\/\/schema.org\",\"@graph\":[{\"@type\":\"Organization\",\"@id\":\"https:\/\/arteeluoghi.it\/#organization\",\"name\":\"Arte e Luoghi\",\"url\":\"https:\/\/arteeluoghi.it\/\",\"sameAs\":[\"https:\/\/www.facebook.com\/ArteELuoghi\/\",\"https:\/\/www.instagram.com\/arteeluoghi\/?hl=it\",\"https:\/\/www.youtube.com\/channel\/UCuRVc4JW4-C5sg9rQB-srkw?view_as=subscriber\",\"https:\/\/twitter.com\/arteeluoghi\"],\"logo\":{\"@type\":\"ImageObject\",\"@id\":\"https:\/\/arteeluoghi.it\/#logo\",\"inLanguage\":\"it-IT\",\"url\":\"https:\/\/arteeluoghi.it\/wp-content\/uploads\/2018\/08\/logoinstagramarte.jpg\",\"contentUrl\":\"https:\/\/arteeluoghi.it\/wp-content\/uploads\/2018\/08\/logoinstagramarte.jpg\",\"width\":150,\"height\":150,\"caption\":\"Arte e Luoghi\"},\"image\":{\"@id\":\"https:\/\/arteeluoghi.it\/#logo\"}},{\"@type\":\"WebSite\",\"@id\":\"https:\/\/arteeluoghi.it\/#website\",\"url\":\"https:\/\/arteeluoghi.it\/\",\"name\":\"Arte e Luoghi\",\"description\":\"Mensile di arte, cultura, turismo e curiosit\u00e0\",\"publisher\":{\"@id\":\"https:\/\/arteeluoghi.it\/#organization\"},\"potentialAction\":[{\"@type\":\"SearchAction\",\"target\":{\"@type\":\"EntryPoint\",\"urlTemplate\":\"https:\/\/arteeluoghi.it\/?s={search_term_string}\"},\"query-input\":\"required name=search_term_string\"}],\"inLanguage\":\"it-IT\"},{\"@type\":\"ImageObject\",\"@id\":\"https:\/\/arteeluoghi.it\/index.php\/2013\/10\/04\/in-bici-fra-trulli-e-colline-della-valle-d-itria\/#primaryimage\",\"inLanguage\":\"it-IT\",\"url\":\"\/images\/Trulli-1.jpg\",\"contentUrl\":\"\/images\/Trulli-1.jpg\"},{\"@type\":\"WebPage\",\"@id\":\"https:\/\/arteeluoghi.it\/index.php\/2013\/10\/04\/in-bici-fra-trulli-e-colline-della-valle-d-itria\/#webpage\",\"url\":\"https:\/\/arteeluoghi.it\/index.php\/2013\/10\/04\/in-bici-fra-trulli-e-colline-della-valle-d-itria\/\",\"name\":\"In bici fra Trulli e Colline della Valle d'Itria | Arte e Luoghi\",\"isPartOf\":{\"@id\":\"https:\/\/arteeluoghi.it\/#website\"},\"primaryImageOfPage\":{\"@id\":\"https:\/\/arteeluoghi.it\/index.php\/2013\/10\/04\/in-bici-fra-trulli-e-colline-della-valle-d-itria\/#primaryimage\"},\"datePublished\":\"2013-10-04T21:19:28+00:00\",\"dateModified\":\"2013-10-04T21:19:28+00:00\",\"breadcrumb\":{\"@id\":\"https:\/\/arteeluoghi.it\/index.php\/2013\/10\/04\/in-bici-fra-trulli-e-colline-della-valle-d-itria\/#breadcrumb\"},\"inLanguage\":\"it-IT\",\"potentialAction\":[{\"@type\":\"ReadAction\",\"target\":[\"https:\/\/arteeluoghi.it\/index.php\/2013\/10\/04\/in-bici-fra-trulli-e-colline-della-valle-d-itria\/\"]}]},{\"@type\":\"BreadcrumbList\",\"@id\":\"https:\/\/arteeluoghi.it\/index.php\/2013\/10\/04\/in-bici-fra-trulli-e-colline-della-valle-d-itria\/#breadcrumb\",\"itemListElement\":[{\"@type\":\"ListItem\",\"position\":1,\"name\":\"Home\",\"item\":\"https:\/\/arteeluoghi.it\/\"},{\"@type\":\"ListItem\",\"position\":2,\"name\":\"In bici fra Trulli e Colline della Valle d&#8217;Itria\"}]},{\"@type\":\"Article\",\"@id\":\"https:\/\/arteeluoghi.it\/index.php\/2013\/10\/04\/in-bici-fra-trulli-e-colline-della-valle-d-itria\/#article\",\"isPartOf\":{\"@id\":\"https:\/\/arteeluoghi.it\/index.php\/2013\/10\/04\/in-bici-fra-trulli-e-colline-della-valle-d-itria\/#webpage\"},\"author\":{\"@id\":\"https:\/\/arteeluoghi.it\/#\/schema\/person\/f84e814e36e91e01448ee07eaadd41d4\"},\"headline\":\"In bici fra Trulli e Colline della Valle d&#8217;Itria\",\"datePublished\":\"2013-10-04T21:19:28+00:00\",\"dateModified\":\"2013-10-04T21:19:28+00:00\",\"mainEntityOfPage\":{\"@id\":\"https:\/\/arteeluoghi.it\/index.php\/2013\/10\/04\/in-bici-fra-trulli-e-colline-della-valle-d-itria\/#webpage\"},\"wordCount\":316,\"commentCount\":0,\"publisher\":{\"@id\":\"https:\/\/arteeluoghi.it\/#organization\"},\"image\":{\"@id\":\"https:\/\/arteeluoghi.it\/index.php\/2013\/10\/04\/in-bici-fra-trulli-e-colline-della-valle-d-itria\/#primaryimage\"},\"thumbnailUrl\":\"\/images\/Trulli-1.jpg\",\"articleSection\":[\"escursioni\"],\"inLanguage\":\"it-IT\",\"potentialAction\":[{\"@type\":\"CommentAction\",\"name\":\"Comment\",\"target\":[\"https:\/\/arteeluoghi.it\/index.php\/2013\/10\/04\/in-bici-fra-trulli-e-colline-della-valle-d-itria\/#respond\"]}]},{\"@type\":\"Person\",\"@id\":\"https:\/\/arteeluoghi.it\/#\/schema\/person\/f84e814e36e91e01448ee07eaadd41d4\",\"name\":\"Staff\",\"image\":{\"@type\":\"ImageObject\",\"@id\":\"https:\/\/arteeluoghi.it\/#personlogo\",\"inLanguage\":\"it-IT\",\"url\":\"https:\/\/secure.gravatar.com\/avatar\/49d2f9e46271bb04e19cebfaf141313a?s=96&d=blank&r=g\",\"contentUrl\":\"https:\/\/secure.gravatar.com\/avatar\/49d2f9e46271bb04e19cebfaf141313a?s=96&d=blank&r=g\",\"caption\":\"Staff\"}}]}<\/script>\n<!-- \/ Yoast SEO plugin. -->","yoast_head_json":{"title":"In bici fra Trulli e Colline della Valle d'Itria | Arte e Luoghi","robots":{"index":"index","follow":"follow","max-snippet":"max-snippet:-1","max-image-preview":"max-image-preview:large","max-video-preview":"max-video-preview:-1"},"canonical":"https:\/\/arteeluoghi.it\/index.php\/2013\/10\/04\/in-bici-fra-trulli-e-colline-della-valle-d-itria\/","og_locale":"it_IT","og_type":"article","og_title":"In bici fra Trulli e Colline della Valle d'Itria | Arte e Luoghi","og_description":"Sabato 5 ottobre 2013 una nuova escusione con Cicloamici il Salento su due ruote Giunti a Francavilla con il treno","og_url":"https:\/\/arteeluoghi.it\/index.php\/2013\/10\/04\/in-bici-fra-trulli-e-colline-della-valle-d-itria\/","og_site_name":"Arte e Luoghi","article_publisher":"https:\/\/www.facebook.com\/ArteELuoghi\/","article_published_time":"2013-10-04T21:19:28+00:00","og_image":[{"url":"https:\/\/arteeluoghi.it\/images\/Trulli-1.jpg"}],"twitter_card":"summary","twitter_creator":"@arteeluoghi","twitter_site":"@arteeluoghi","twitter_misc":{"Scritto da":"Staff","Tempo di lettura stimato":"2 minuti"},"schema":{"@context":"https:\/\/schema.org","@graph":[{"@type":"Organization","@id":"https:\/\/arteeluoghi.it\/#organization","name":"Arte e Luoghi","url":"https:\/\/arteeluoghi.it\/","sameAs":["https:\/\/www.facebook.com\/ArteELuoghi\/","https:\/\/www.instagram.com\/arteeluoghi\/?hl=it","https:\/\/www.youtube.com\/channel\/UCuRVc4JW4-C5sg9rQB-srkw?view_as=subscriber","https:\/\/twitter.com\/arteeluoghi"],"logo":{"@type":"ImageObject","@id":"https:\/\/arteeluoghi.it\/#logo","inLanguage":"it-IT","url":"https:\/\/arteeluoghi.it\/wp-content\/uploads\/2018\/08\/logoinstagramarte.jpg","contentUrl":"https:\/\/arteeluoghi.it\/wp-content\/uploads\/2018\/08\/logoinstagramarte.jpg","width":150,"height":150,"caption":"Arte e Luoghi"},"image":{"@id":"https:\/\/arteeluoghi.it\/#logo"}},{"@type":"WebSite","@id":"https:\/\/arteeluoghi.it\/#website","url":"https:\/\/arteeluoghi.it\/","name":"Arte e Luoghi","description":"Mensile di arte, cultura, turismo e curiosit\u00e0","publisher":{"@id":"https:\/\/arteeluoghi.it\/#organization"},"potentialAction":[{"@type":"SearchAction","target":{"@type":"EntryPoint","urlTemplate":"https:\/\/arteeluoghi.it\/?s={search_term_string}"},"query-input":"required name=search_term_string"}],"inLanguage":"it-IT"},{"@type":"ImageObject","@id":"https:\/\/arteeluoghi.it\/index.php\/2013\/10\/04\/in-bici-fra-trulli-e-colline-della-valle-d-itria\/#primaryimage","inLanguage":"it-IT","url":"\/images\/Trulli-1.jpg","contentUrl":"\/images\/Trulli-1.jpg"},{"@type":"WebPage","@id":"https:\/\/arteeluoghi.it\/index.php\/2013\/10\/04\/in-bici-fra-trulli-e-colline-della-valle-d-itria\/#webpage","url":"https:\/\/arteeluoghi.it\/index.php\/2013\/10\/04\/in-bici-fra-trulli-e-colline-della-valle-d-itria\/","name":"In bici fra Trulli e Colline della Valle d'Itria | Arte e Luoghi","isPartOf":{"@id":"https:\/\/arteeluoghi.it\/#website"},"primaryImageOfPage":{"@id":"https:\/\/arteeluoghi.it\/index.php\/2013\/10\/04\/in-bici-fra-trulli-e-colline-della-valle-d-itria\/#primaryimage"},"datePublished":"2013-10-04T21:19:28+00:00","dateModified":"2013-10-04T21:19:28+00:00","breadcrumb":{"@id":"https:\/\/arteeluoghi.it\/index.php\/2013\/10\/04\/in-bici-fra-trulli-e-colline-della-valle-d-itria\/#breadcrumb"},"inLanguage":"it-IT","potentialAction":[{"@type":"ReadAction","target":["https:\/\/arteeluoghi.it\/index.php\/2013\/10\/04\/in-bici-fra-trulli-e-colline-della-valle-d-itria\/"]}]},{"@type":"BreadcrumbList","@id":"https:\/\/arteeluoghi.it\/index.php\/2013\/10\/04\/in-bici-fra-trulli-e-colline-della-valle-d-itria\/#breadcrumb","itemListElement":[{"@type":"ListItem","position":1,"name":"Home","item":"https:\/\/arteeluoghi.it\/"},{"@type":"ListItem","position":2,"name":"In bici fra Trulli e Colline della Valle d&#8217;Itria"}]},{"@type":"Article","@id":"https:\/\/arteeluoghi.it\/index.php\/2013\/10\/04\/in-bici-fra-trulli-e-colline-della-valle-d-itria\/#article","isPartOf":{"@id":"https:\/\/arteeluoghi.it\/index.php\/2013\/10\/04\/in-bici-fra-trulli-e-colline-della-valle-d-itria\/#webpage"},"author":{"@id":"https:\/\/arteeluoghi.it\/#\/schema\/person\/f84e814e36e91e01448ee07eaadd41d4"},"headline":"In bici fra Trulli e Colline della Valle d&#8217;Itria","datePublished":"2013-10-04T21:19:28+00:00","dateModified":"2013-10-04T21:19:28+00:00","mainEntityOfPage":{"@id":"https:\/\/arteeluoghi.it\/index.php\/2013\/10\/04\/in-bici-fra-trulli-e-colline-della-valle-d-itria\/#webpage"},"wordCount":316,"commentCount":0,"publisher":{"@id":"https:\/\/arteeluoghi.it\/#organization"},"image":{"@id":"https:\/\/arteeluoghi.it\/index.php\/2013\/10\/04\/in-bici-fra-trulli-e-colline-della-valle-d-itria\/#primaryimage"},"thumbnailUrl":"\/images\/Trulli-1.jpg","articleSection":["escursioni"],"inLanguage":"it-IT","potentialAction":[{"@type":"CommentAction","name":"Comment","target":["https:\/\/arteeluoghi.it\/index.php\/2013\/10\/04\/in-bici-fra-trulli-e-colline-della-valle-d-itria\/#respond"]}]},{"@type":"Person","@id":"https:\/\/arteeluoghi.it\/#\/schema\/person\/f84e814e36e91e01448ee07eaadd41d4","name":"Staff","image":{"@type":"ImageObject","@id":"https:\/\/arteeluoghi.it\/#personlogo","inLanguage":"it-IT","url":"https:\/\/secure.gravatar.com\/avatar\/49d2f9e46271bb04e19cebfaf141313a?s=96&d=blank&r=g","contentUrl":"https:\/\/secure.gravatar.com\/avatar\/49d2f9e46271bb04e19cebfaf141313a?s=96&d=blank&r=g","caption":"Staff"}}]}},"_links":{"self":[{"href":"https:\/\/arteeluoghi.it\/index.php\/wp-json\/wp\/v2\/posts\/1384"}],"collection":[{"href":"https:\/\/arteeluoghi.it\/index.php\/wp-json\/wp\/v2\/posts"}],"about":[{"href":"https:\/\/arteeluoghi.it\/index.php\/wp-json\/wp\/v2\/types\/post"}],"author":[{"embeddable":true,"href":"https:\/\/arteeluoghi.it\/index.php\/wp-json\/wp\/v2\/users\/1"}],"replies":[{"embeddable":true,"href":"https:\/\/arteeluoghi.it\/index.php\/wp-json\/wp\/v2\/comments?post=1384"}],"version-history":[{"count":0,"href":"https:\/\/arteeluoghi.it\/index.php\/wp-json\/wp\/v2\/posts\/1384\/revisions"}],"wp:attachment":[{"href":"https:\/\/arteeluoghi.it\/index.php\/wp-json\/wp\/v2\/media?parent=1384"}],"wp:term":[{"taxonomy":"category","embeddable":true,"href":"https:\/\/arteeluoghi.it\/index.php\/wp-json\/wp\/v2\/categories?post=1384"},{"taxonomy":"post_tag","embeddable":true,"href":"https:\/\/arteeluoghi.it\/index.php\/wp-json\/wp\/v2\/tags?post=1384"}],"curies":[{"name":"wp","href":"https:\/\/api.w.org\/{rel}","templated":true}]}}