{"id":14017,"date":"2024-01-14T23:17:00","date_gmt":"2024-01-14T22:17:00","guid":{"rendered":"https:\/\/arteeluoghi.it\/?p=14017"},"modified":"2024-02-06T23:21:02","modified_gmt":"2024-02-06T22:21:02","slug":"due-modi-di-scrivere-in-dialetto-erminio-g-caputo-e-livio-de-carlo","status":"publish","type":"post","link":"https:\/\/arteeluoghi.it\/index.php\/2024\/01\/14\/due-modi-di-scrivere-in-dialetto-erminio-g-caputo-e-livio-de-carlo\/","title":{"rendered":"Due modi di scrivere in dialetto:  Erminio G. Caputo e Livio De Carlo"},"content":{"rendered":"\n<blockquote class=\"wp-block-quote\"><p>Due poeti due indimenticabili voci del dialetto di Lecce e Vernole<\/p><cite>Raffaele Polo<\/cite><\/blockquote>\n\n\n\n<p>Eravamo nei meravigliosi anni Ottanta in una Lecce che, con qualche difficolt\u00e0 ma sempre pi\u00f9 coraggiosamente, costruiva il proprio ruolo di punto di riferimento della cultura salentina. E, in particolare, attorno al dialetto fiorivano polemiche e innamoramenti: i poeti e i letterati, i commediografi e i semplici estensori di versi sui periodici pubblicati in occasione delle feste religiose (Festa Noscia, La Corrozza ma anche altri: se ne contavano sei o sette\u2026) erano in continuo fermento e pubblicavano, scrivevano, criticavano\u2026<\/p>\n\n\n\n<!--more-->\n\n\n\n<p><br>Tra i poeti, certamente il nome di Erminio Giulio Caputo fu molto conosciuto e apprezzato. Anche se la pignola &#8216;accademia&#8217; leccese non gli perdon\u00f2 di aver inserito, a pi\u00e8 di pagina della sua raccolta &#8216;La ches\u00f9ra&#8217;, la traduzione in italiano, E anche sulla copertina del libro, edito da Capone, vi \u00e8 la traduzione in lingua, tra parentesi, che recita: &#8216;il campo chiuso&#8217;. Sui significati della poesia di Caputo, si sofferma a lungo Nicola G.De Donno che compie, nella prefazione a &#8216;La Ches\u00f9ra&#8217;, una vera e propria lezione sul dialetto salentino, pagine importanti ed esemplari che dovrebbero essere lette e meditate da tutti coloro che si dedicano a poetare nel nostro dialetto.<br>Caputo, con la sua poesia, in realt\u00e0 compie una operazione semplice ed efficace: come egli stesso affermava \u201cScrivo in dialetto perch\u00e8 \u00e8 una lingua priva di retorica, essenziale, immediata e fortemente simbolica. Oggi sotto le rozze ondate dei mezzi di comunicazione la Koin\u00e8, cio\u00e8 l&#8217;italiano popolare comune, sta diventando sempre pi\u00f9 povero. Ci esprimiamo come i personaggi della pubblicit\u00e0 e i presentatori a mezzo busto del video che ripetono parole convenzionali e stereotipe. Le culture popolari regionali, le parlate regionali si vanno omologando e livellando in una italofonia uniforme che sta distruggendo i dialetti e le identit\u00e0 culturali regionali. Da qui la necessit\u00e0 del recupero del dialetto, di un linguaggio che parla al cuore col cuore, che esprime gli aneliti dei tempi che nella coscienza del popolo oscuramente maturano\u201d.<br>Caputo parlava proprio cos\u00ec, il suo tono colto e spesso drammatico emerge dalla memoria e si conferma nella intervista rilasciata a &#8216;Il cittadino di Puglia&#8217; a cura di Fernando De Dominicis nel lontano 1980.<br>Tra i commediografi, all&#8217;ombra di Raffaele Protopapa, spuntano e si affermano nomi importanti: William Fiorentino, Luigi Pascali, Vincenzo Abati, Raffaele Del Savio, Uccio Piro. Sulla loro scia (siamo adesso negli anni Novanta) c&#8217;\u00e8 Livio De Carlo che scrive e impersonifica come attore principale una serie di commedie che hanno la caratteristica di ricordare, nel titolo, detti e proverbi cari alla pi\u00f9 genuina tradizione salentina: da &#8216;Alli saputi li cadune li causi&#8217; a &#8216;Finch\u00e8 nc&#8217;\u00e8 uejiu alla lampa&#8217;, senza trascurare i tipici modi di dire, gli intercalari dialettali come &#8216;Se turnaa la bonanima!&#8217; oppure &#8216;\u2026e passa lu tiempu!&#8217; Livio \u00e8 di Vernole, e i suoi lavori sono filtrati attraverso la realt\u00e0 e il dialetto di questo lembo di Salento: si va dal modo di esprimersi e di parlare, fino alla creazione di una vera e propria &#8216;atmosfera&#8217; originale ed inimitabile, che rende le sue commedie particolari e diverse dalle altre. Ecco perch\u00e9 le commedie di De Carlo hanno bisogno, pi\u00f9 di altre, di interpreti del luogo, che abbiano connaturate nel proprio sangue i globuli della sapienza contadina e dell&#8217;arguzia popolare del vernolese. Possiamo affermare che l&#8217;interpretazione dei lavori di Livio era perfetta se affidata allo stesso autore ed al gruppo &#8216;Epidauro&#8217;, parte essenziale ed ispiratore inconscio dello stesso commediografo. Ed \u00e8 lo stesso autore che cos\u00ec parla della sua scelta di &#8216;scrivere in dialetto&#8217; (Introduzione a &#8216;Sipario, Commedie in dialetto salentino, Lupo 2006): \u201c\u2026il dialetto \u00e8 la nostra lingua, \u00e8 la mia lingua, \u00e8 la nostra storia! E poi il dialetto mi piace tanto perch\u00e8 quando sono nato mi hanno parlato in dialetto, i miei nonni parlavano in dialetto, io parlo in dialetto, i saggi anziani del mio paese parlavano e parlano in dialetto, perch\u00e8 il dialetto \u00e8 calore, \u00e8 sentimento, \u00e8 la culla e per questo spero tanto che i nipoti dei miei figli parlino ancora il dialetto\u2026\u201d<br>Due voci, due poeti che non ci sono pi\u00f9.<br>Ma resta la loro voce, il loro ricordo, la ferma testimonianza per l&#8217;amore verso il dialetto,<br>Che condividiamo appieno.<br>Con emozione.<\/p>\n","protected":false},"excerpt":{"rendered":"<p>Due poeti due indimenticabili voci del dialetto di Lecce e Vernole Raffaele Polo Eravamo nei meravigliosi anni Ottanta in una<\/p>\n","protected":false},"author":1,"featured_media":0,"comment_status":"open","ping_status":"open","sticky":true,"template":"","format":"standard","meta":[],"categories":[52],"tags":[3282,5936,5919],"yoast_head":"<!-- This site is optimized with the Yoast SEO plugin v18.0 - https:\/\/yoast.com\/wordpress\/plugins\/seo\/ -->\n<title>Due modi di scrivere in dialetto: Erminio G. Caputo e Livio De Carlo | Arte e Luoghi<\/title>\n<meta name=\"description\" content=\"Due poeti due indimenticabili voci del dialetto di Lecce e Vernole\" \/>\n<meta name=\"robots\" content=\"index, follow, max-snippet:-1, max-image-preview:large, max-video-preview:-1\" \/>\n<link rel=\"canonical\" href=\"https:\/\/arteeluoghi.it\/index.php\/2024\/01\/14\/due-modi-di-scrivere-in-dialetto-erminio-g-caputo-e-livio-de-carlo\/\" \/>\n<meta property=\"og:locale\" content=\"it_IT\" \/>\n<meta property=\"og:type\" content=\"article\" \/>\n<meta property=\"og:title\" content=\"Due modi di scrivere in dialetto: Erminio G. Caputo e Livio De Carlo | Arte e Luoghi\" \/>\n<meta property=\"og:description\" content=\"Due poeti due indimenticabili voci del dialetto di Lecce e Vernole\" \/>\n<meta property=\"og:url\" content=\"https:\/\/arteeluoghi.it\/index.php\/2024\/01\/14\/due-modi-di-scrivere-in-dialetto-erminio-g-caputo-e-livio-de-carlo\/\" \/>\n<meta property=\"og:site_name\" content=\"Arte e Luoghi\" \/>\n<meta property=\"article:publisher\" content=\"https:\/\/www.facebook.com\/ArteELuoghi\/\" \/>\n<meta property=\"article:published_time\" content=\"2024-01-14T22:17:00+00:00\" \/>\n<meta property=\"article:modified_time\" content=\"2024-02-06T22:21:02+00:00\" \/>\n<meta name=\"twitter:card\" content=\"summary\" \/>\n<meta name=\"twitter:creator\" content=\"@arteeluoghi\" \/>\n<meta name=\"twitter:site\" content=\"@arteeluoghi\" \/>\n<meta name=\"twitter:label1\" content=\"Scritto da\" \/>\n\t<meta name=\"twitter:data1\" content=\"Staff\" \/>\n\t<meta name=\"twitter:label2\" content=\"Tempo di lettura stimato\" \/>\n\t<meta name=\"twitter:data2\" content=\"4 minuti\" \/>\n<script type=\"application\/ld+json\" class=\"yoast-schema-graph\">{\"@context\":\"https:\/\/schema.org\",\"@graph\":[{\"@type\":\"Organization\",\"@id\":\"https:\/\/arteeluoghi.it\/#organization\",\"name\":\"Arte e Luoghi\",\"url\":\"https:\/\/arteeluoghi.it\/\",\"sameAs\":[\"https:\/\/www.facebook.com\/ArteELuoghi\/\",\"https:\/\/www.instagram.com\/arteeluoghi\/?hl=it\",\"https:\/\/www.youtube.com\/channel\/UCuRVc4JW4-C5sg9rQB-srkw?view_as=subscriber\",\"https:\/\/twitter.com\/arteeluoghi\"],\"logo\":{\"@type\":\"ImageObject\",\"@id\":\"https:\/\/arteeluoghi.it\/#logo\",\"inLanguage\":\"it-IT\",\"url\":\"https:\/\/arteeluoghi.it\/wp-content\/uploads\/2018\/08\/logoinstagramarte.jpg\",\"contentUrl\":\"https:\/\/arteeluoghi.it\/wp-content\/uploads\/2018\/08\/logoinstagramarte.jpg\",\"width\":150,\"height\":150,\"caption\":\"Arte e Luoghi\"},\"image\":{\"@id\":\"https:\/\/arteeluoghi.it\/#logo\"}},{\"@type\":\"WebSite\",\"@id\":\"https:\/\/arteeluoghi.it\/#website\",\"url\":\"https:\/\/arteeluoghi.it\/\",\"name\":\"Arte e Luoghi\",\"description\":\"Mensile di arte, cultura, turismo e curiosit\u00e0\",\"publisher\":{\"@id\":\"https:\/\/arteeluoghi.it\/#organization\"},\"potentialAction\":[{\"@type\":\"SearchAction\",\"target\":{\"@type\":\"EntryPoint\",\"urlTemplate\":\"https:\/\/arteeluoghi.it\/?s={search_term_string}\"},\"query-input\":\"required name=search_term_string\"}],\"inLanguage\":\"it-IT\"},{\"@type\":\"WebPage\",\"@id\":\"https:\/\/arteeluoghi.it\/index.php\/2024\/01\/14\/due-modi-di-scrivere-in-dialetto-erminio-g-caputo-e-livio-de-carlo\/#webpage\",\"url\":\"https:\/\/arteeluoghi.it\/index.php\/2024\/01\/14\/due-modi-di-scrivere-in-dialetto-erminio-g-caputo-e-livio-de-carlo\/\",\"name\":\"Due modi di scrivere in dialetto: Erminio G. Caputo e Livio De Carlo | Arte e Luoghi\",\"isPartOf\":{\"@id\":\"https:\/\/arteeluoghi.it\/#website\"},\"datePublished\":\"2024-01-14T22:17:00+00:00\",\"dateModified\":\"2024-02-06T22:21:02+00:00\",\"description\":\"Due poeti due indimenticabili voci del dialetto di Lecce e Vernole\",\"breadcrumb\":{\"@id\":\"https:\/\/arteeluoghi.it\/index.php\/2024\/01\/14\/due-modi-di-scrivere-in-dialetto-erminio-g-caputo-e-livio-de-carlo\/#breadcrumb\"},\"inLanguage\":\"it-IT\",\"potentialAction\":[{\"@type\":\"ReadAction\",\"target\":[\"https:\/\/arteeluoghi.it\/index.php\/2024\/01\/14\/due-modi-di-scrivere-in-dialetto-erminio-g-caputo-e-livio-de-carlo\/\"]}]},{\"@type\":\"BreadcrumbList\",\"@id\":\"https:\/\/arteeluoghi.it\/index.php\/2024\/01\/14\/due-modi-di-scrivere-in-dialetto-erminio-g-caputo-e-livio-de-carlo\/#breadcrumb\",\"itemListElement\":[{\"@type\":\"ListItem\",\"position\":1,\"name\":\"Home\",\"item\":\"https:\/\/arteeluoghi.it\/\"},{\"@type\":\"ListItem\",\"position\":2,\"name\":\"Due modi di scrivere in dialetto: Erminio G. Caputo e Livio De Carlo\"}]},{\"@type\":\"Article\",\"@id\":\"https:\/\/arteeluoghi.it\/index.php\/2024\/01\/14\/due-modi-di-scrivere-in-dialetto-erminio-g-caputo-e-livio-de-carlo\/#article\",\"isPartOf\":{\"@id\":\"https:\/\/arteeluoghi.it\/index.php\/2024\/01\/14\/due-modi-di-scrivere-in-dialetto-erminio-g-caputo-e-livio-de-carlo\/#webpage\"},\"author\":{\"@id\":\"https:\/\/arteeluoghi.it\/#\/schema\/person\/f84e814e36e91e01448ee07eaadd41d4\"},\"headline\":\"Due modi di scrivere in dialetto: Erminio G. Caputo e Livio De Carlo\",\"datePublished\":\"2024-01-14T22:17:00+00:00\",\"dateModified\":\"2024-02-06T22:21:02+00:00\",\"mainEntityOfPage\":{\"@id\":\"https:\/\/arteeluoghi.it\/index.php\/2024\/01\/14\/due-modi-di-scrivere-in-dialetto-erminio-g-caputo-e-livio-de-carlo\/#webpage\"},\"wordCount\":710,\"commentCount\":0,\"publisher\":{\"@id\":\"https:\/\/arteeluoghi.it\/#organization\"},\"keywords\":[\"dialetto\",\"Giulio Erminio Caputo\",\"Livio De Carlo\"],\"articleSection\":[\"I luoghi della parola\"],\"inLanguage\":\"it-IT\",\"potentialAction\":[{\"@type\":\"CommentAction\",\"name\":\"Comment\",\"target\":[\"https:\/\/arteeluoghi.it\/index.php\/2024\/01\/14\/due-modi-di-scrivere-in-dialetto-erminio-g-caputo-e-livio-de-carlo\/#respond\"]}]},{\"@type\":\"Person\",\"@id\":\"https:\/\/arteeluoghi.it\/#\/schema\/person\/f84e814e36e91e01448ee07eaadd41d4\",\"name\":\"Staff\",\"image\":{\"@type\":\"ImageObject\",\"@id\":\"https:\/\/arteeluoghi.it\/#personlogo\",\"inLanguage\":\"it-IT\",\"url\":\"https:\/\/secure.gravatar.com\/avatar\/49d2f9e46271bb04e19cebfaf141313a?s=96&d=blank&r=g\",\"contentUrl\":\"https:\/\/secure.gravatar.com\/avatar\/49d2f9e46271bb04e19cebfaf141313a?s=96&d=blank&r=g\",\"caption\":\"Staff\"}}]}<\/script>\n<!-- \/ Yoast SEO plugin. -->","yoast_head_json":{"title":"Due modi di scrivere in dialetto: Erminio G. Caputo e Livio De Carlo | Arte e Luoghi","description":"Due poeti due indimenticabili voci del dialetto di Lecce e Vernole","robots":{"index":"index","follow":"follow","max-snippet":"max-snippet:-1","max-image-preview":"max-image-preview:large","max-video-preview":"max-video-preview:-1"},"canonical":"https:\/\/arteeluoghi.it\/index.php\/2024\/01\/14\/due-modi-di-scrivere-in-dialetto-erminio-g-caputo-e-livio-de-carlo\/","og_locale":"it_IT","og_type":"article","og_title":"Due modi di scrivere in dialetto: Erminio G. Caputo e Livio De Carlo | Arte e Luoghi","og_description":"Due poeti due indimenticabili voci del dialetto di Lecce e Vernole","og_url":"https:\/\/arteeluoghi.it\/index.php\/2024\/01\/14\/due-modi-di-scrivere-in-dialetto-erminio-g-caputo-e-livio-de-carlo\/","og_site_name":"Arte e Luoghi","article_publisher":"https:\/\/www.facebook.com\/ArteELuoghi\/","article_published_time":"2024-01-14T22:17:00+00:00","article_modified_time":"2024-02-06T22:21:02+00:00","twitter_card":"summary","twitter_creator":"@arteeluoghi","twitter_site":"@arteeluoghi","twitter_misc":{"Scritto da":"Staff","Tempo di lettura stimato":"4 minuti"},"schema":{"@context":"https:\/\/schema.org","@graph":[{"@type":"Organization","@id":"https:\/\/arteeluoghi.it\/#organization","name":"Arte e Luoghi","url":"https:\/\/arteeluoghi.it\/","sameAs":["https:\/\/www.facebook.com\/ArteELuoghi\/","https:\/\/www.instagram.com\/arteeluoghi\/?hl=it","https:\/\/www.youtube.com\/channel\/UCuRVc4JW4-C5sg9rQB-srkw?view_as=subscriber","https:\/\/twitter.com\/arteeluoghi"],"logo":{"@type":"ImageObject","@id":"https:\/\/arteeluoghi.it\/#logo","inLanguage":"it-IT","url":"https:\/\/arteeluoghi.it\/wp-content\/uploads\/2018\/08\/logoinstagramarte.jpg","contentUrl":"https:\/\/arteeluoghi.it\/wp-content\/uploads\/2018\/08\/logoinstagramarte.jpg","width":150,"height":150,"caption":"Arte e Luoghi"},"image":{"@id":"https:\/\/arteeluoghi.it\/#logo"}},{"@type":"WebSite","@id":"https:\/\/arteeluoghi.it\/#website","url":"https:\/\/arteeluoghi.it\/","name":"Arte e Luoghi","description":"Mensile di arte, cultura, turismo e curiosit\u00e0","publisher":{"@id":"https:\/\/arteeluoghi.it\/#organization"},"potentialAction":[{"@type":"SearchAction","target":{"@type":"EntryPoint","urlTemplate":"https:\/\/arteeluoghi.it\/?s={search_term_string}"},"query-input":"required name=search_term_string"}],"inLanguage":"it-IT"},{"@type":"WebPage","@id":"https:\/\/arteeluoghi.it\/index.php\/2024\/01\/14\/due-modi-di-scrivere-in-dialetto-erminio-g-caputo-e-livio-de-carlo\/#webpage","url":"https:\/\/arteeluoghi.it\/index.php\/2024\/01\/14\/due-modi-di-scrivere-in-dialetto-erminio-g-caputo-e-livio-de-carlo\/","name":"Due modi di scrivere in dialetto: Erminio G. Caputo e Livio De Carlo | Arte e Luoghi","isPartOf":{"@id":"https:\/\/arteeluoghi.it\/#website"},"datePublished":"2024-01-14T22:17:00+00:00","dateModified":"2024-02-06T22:21:02+00:00","description":"Due poeti due indimenticabili voci del dialetto di Lecce e Vernole","breadcrumb":{"@id":"https:\/\/arteeluoghi.it\/index.php\/2024\/01\/14\/due-modi-di-scrivere-in-dialetto-erminio-g-caputo-e-livio-de-carlo\/#breadcrumb"},"inLanguage":"it-IT","potentialAction":[{"@type":"ReadAction","target":["https:\/\/arteeluoghi.it\/index.php\/2024\/01\/14\/due-modi-di-scrivere-in-dialetto-erminio-g-caputo-e-livio-de-carlo\/"]}]},{"@type":"BreadcrumbList","@id":"https:\/\/arteeluoghi.it\/index.php\/2024\/01\/14\/due-modi-di-scrivere-in-dialetto-erminio-g-caputo-e-livio-de-carlo\/#breadcrumb","itemListElement":[{"@type":"ListItem","position":1,"name":"Home","item":"https:\/\/arteeluoghi.it\/"},{"@type":"ListItem","position":2,"name":"Due modi di scrivere in dialetto: Erminio G. Caputo e Livio De Carlo"}]},{"@type":"Article","@id":"https:\/\/arteeluoghi.it\/index.php\/2024\/01\/14\/due-modi-di-scrivere-in-dialetto-erminio-g-caputo-e-livio-de-carlo\/#article","isPartOf":{"@id":"https:\/\/arteeluoghi.it\/index.php\/2024\/01\/14\/due-modi-di-scrivere-in-dialetto-erminio-g-caputo-e-livio-de-carlo\/#webpage"},"author":{"@id":"https:\/\/arteeluoghi.it\/#\/schema\/person\/f84e814e36e91e01448ee07eaadd41d4"},"headline":"Due modi di scrivere in dialetto: Erminio G. Caputo e Livio De Carlo","datePublished":"2024-01-14T22:17:00+00:00","dateModified":"2024-02-06T22:21:02+00:00","mainEntityOfPage":{"@id":"https:\/\/arteeluoghi.it\/index.php\/2024\/01\/14\/due-modi-di-scrivere-in-dialetto-erminio-g-caputo-e-livio-de-carlo\/#webpage"},"wordCount":710,"commentCount":0,"publisher":{"@id":"https:\/\/arteeluoghi.it\/#organization"},"keywords":["dialetto","Giulio Erminio Caputo","Livio De Carlo"],"articleSection":["I luoghi della parola"],"inLanguage":"it-IT","potentialAction":[{"@type":"CommentAction","name":"Comment","target":["https:\/\/arteeluoghi.it\/index.php\/2024\/01\/14\/due-modi-di-scrivere-in-dialetto-erminio-g-caputo-e-livio-de-carlo\/#respond"]}]},{"@type":"Person","@id":"https:\/\/arteeluoghi.it\/#\/schema\/person\/f84e814e36e91e01448ee07eaadd41d4","name":"Staff","image":{"@type":"ImageObject","@id":"https:\/\/arteeluoghi.it\/#personlogo","inLanguage":"it-IT","url":"https:\/\/secure.gravatar.com\/avatar\/49d2f9e46271bb04e19cebfaf141313a?s=96&d=blank&r=g","contentUrl":"https:\/\/secure.gravatar.com\/avatar\/49d2f9e46271bb04e19cebfaf141313a?s=96&d=blank&r=g","caption":"Staff"}}]}},"_links":{"self":[{"href":"https:\/\/arteeluoghi.it\/index.php\/wp-json\/wp\/v2\/posts\/14017"}],"collection":[{"href":"https:\/\/arteeluoghi.it\/index.php\/wp-json\/wp\/v2\/posts"}],"about":[{"href":"https:\/\/arteeluoghi.it\/index.php\/wp-json\/wp\/v2\/types\/post"}],"author":[{"embeddable":true,"href":"https:\/\/arteeluoghi.it\/index.php\/wp-json\/wp\/v2\/users\/1"}],"replies":[{"embeddable":true,"href":"https:\/\/arteeluoghi.it\/index.php\/wp-json\/wp\/v2\/comments?post=14017"}],"version-history":[{"count":1,"href":"https:\/\/arteeluoghi.it\/index.php\/wp-json\/wp\/v2\/posts\/14017\/revisions"}],"predecessor-version":[{"id":14018,"href":"https:\/\/arteeluoghi.it\/index.php\/wp-json\/wp\/v2\/posts\/14017\/revisions\/14018"}],"wp:attachment":[{"href":"https:\/\/arteeluoghi.it\/index.php\/wp-json\/wp\/v2\/media?parent=14017"}],"wp:term":[{"taxonomy":"category","embeddable":true,"href":"https:\/\/arteeluoghi.it\/index.php\/wp-json\/wp\/v2\/categories?post=14017"},{"taxonomy":"post_tag","embeddable":true,"href":"https:\/\/arteeluoghi.it\/index.php\/wp-json\/wp\/v2\/tags?post=14017"}],"curies":[{"name":"wp","href":"https:\/\/api.w.org\/{rel}","templated":true}]}}