{"id":14052,"date":"2024-02-08T22:01:05","date_gmt":"2024-02-08T21:01:05","guid":{"rendered":"https:\/\/arteeluoghi.it\/?p=14052"},"modified":"2024-02-08T22:01:06","modified_gmt":"2024-02-08T21:01:06","slug":"quintetto-di-marco-augusto-chenevier-al-teatro-comunale-di-novoli","status":"publish","type":"post","link":"https:\/\/arteeluoghi.it\/index.php\/2024\/02\/08\/quintetto-di-marco-augusto-chenevier-al-teatro-comunale-di-novoli\/","title":{"rendered":"Quintetto di Marco Augusto Chenevier al Teatro Comunale di Novoli"},"content":{"rendered":"\n<blockquote class=\"wp-block-quote\"><p>Prosegue la stagione di teatro e danza del progetto\u00a0Teatri del nord Salento promosso da Factory Compagnia Transadriatica in collaborazione con Blablabla, con il sostegno di Regione Puglia, i Comuni di Trepuzzi, Campi Salentina, Guagnano, Leverano, Novoli<\/p><\/blockquote>\n\n\n\n<p><strong>Venerd\u00ec 9 febbraio<\/strong>\u00a0(<em>ore 20:45 &#8211; ingresso 10\/8 euro<\/em>) al\u00a0<strong>Teatro Comunale<\/strong>\u00a0di\u00a0<strong>Novoli<\/strong>\u00a0con\u00a0<strong>Quintetto<\/strong>\u00a0del coreografo, danzatore, regista e attore<strong>\u00a0Marco Augusto Chenevier<\/strong>\u00a0prosegue\u00a0<strong>Per un teatro umano<\/strong>, stagione di teatro e danza del progetto\u00a0<strong>Teatri del nord Salento<\/strong>. Il &#8220;5&#8221;, nell&#8217;esoterismo, \u00e8 il numero che simboleggia la vita universale, l&#8217;individualit\u00e0 umana, la volont\u00e0, l&#8217;intelligenza, l&#8217;ispirazione e il genio. <\/p>\n\n\n\n<!--more-->\n\n\n\n<p>Simboleggia anche l&#8217;evoluzione verticale, il movimento progressivo ascendente. Per l&#8217;esoterismo il &#8220;5&#8221; \u00e8 il numero dell&#8217;uomo come punto mediano tra terra e cielo, e indica che l&#8217;ascensione verso una condizione superiore \u00e8 possibile. Esso contiene la sintesi dei cinque sensi, il numero delle dita di un uomo, \u00e8 la base decimale matematica, \u00e8 il numero del pentacolo ed il numero della stella a cinque punte. Si tratta di una cifra dell&#8217;uomo, a cui gli uomini hanno attribuito significati trascendentali fin dalla notte dei tempi. Ma oggi c&#8217;\u00e8 la crisi. Il fortunato spettacolo della compagnia Cie les 3 Plumes ha conquistato il primo premio per la danza contemporanea al Sarajevo Winter festival (2013), il Be Festival di Birmingham (2015) e nel 2016 \u00e8 stato inserito nella \u201cTop 10 Comedy 2016\u201d del quotidiano inglese \u201cThe Guardian\u201d. Il valdostano\u00a0<strong>Marco Augusto Chenevier<\/strong> (nella foto di Alex Brenner) \u00a0&#8211; che vive e lavora tra Francia e Italia &#8211; sviluppa una ricerca che attraversa i codici linguistici, ne esplora i limiti e mette in discussione forma e struttura, creando originali ibridi nati dalla fusione tra danza, teatro, circo, cabaret, giochi di societ\u00e0 e tecnologia. Il suo lavoro vuole muovere e stimolare allo stesso tempo pensiero, sorpresa e piacere, rifuggendo l&#8217;elitismo culturale tanto quanto l&#8217;entertainment, lo spettacolo ed il consumo. La ricerca estetica e la riflessione politica sono strettamente legate, in un&#8217;analisi impietosa dei rapporti di potere. I processi di ricerca e creazione, frutto di pratiche rigorose, hanno costituito un percorso caratterizzato dal recupero di archetipi e dalla loro dissacrazione nella contemporaneit\u00e0, e portato negli anni a risultati estetici eterogenei, alternando umorismo, lirismo, poesia e iconoclast\u00eca. Nel corso degli anni ha collaborato con diverse compagnie e ha firmato oltre quindici produzioni con le quali \u00e8 stato invitato, in numerose manifestazioni in giro per l&#8217;Europa. \u00c8 stato direttore artistico di tanti eventi, rassegne e festival e attualmente \u00e8 co-direttore del Festival T*Danse &#8211; Danse &amp; Technologie \u2013 Festival Internazionale della Nuova Danza di Aosta. Nel 2022 ha ottenuto il diploma di stato in Francia come professore di danza contemporanea. La stagione teatrale Per un teatro umano \u00e8 organizzata nell&#8217;ambito dei Teatri del Nord Salento, promosso da Factory Compagnia Transadriatica in collaborazione con Blablabla, con il sostegno di Regione Puglia, i Comuni di Trepuzzi, Campi Salentina, Guagnano, Leverano, Novoli. Info e prenotazioni 3208607996 | 3207087223 | 3403129308 &#8211;\u00a0<a href=\"http:\/\/www.facebook.com\/legamiteatridelnordsalento\" target=\"_blank\" rel=\"noreferrer noopener\">www.facebook.com\/legamiteatridelnordsalento<\/a>.<\/p>\n\n\n\n<p>(fonte: comunicato stampa)<\/p>\n","protected":false},"excerpt":{"rendered":"<p>Prosegue la stagione di teatro e danza del progetto\u00a0Teatri del nord Salento promosso da Factory Compagnia Transadriatica in collaborazione con<\/p>\n","protected":false},"author":1,"featured_media":14053,"comment_status":"open","ping_status":"open","sticky":true,"template":"","format":"standard","meta":[],"categories":[15,13],"tags":[547,5946,273,377],"yoast_head":"<!-- This site is optimized with the Yoast SEO plugin v18.0 - https:\/\/yoast.com\/wordpress\/plugins\/seo\/ -->\n<title>Quintetto di Marco Augusto Chenevier al Teatro Comunale di Novoli | Arte e Luoghi<\/title>\n<meta name=\"description\" content=\"Prosegue la stagione di teatro e danza del progetto Teatri del nord Salento promosso da Factory Compagnia Transadriatica\" \/>\n<meta name=\"robots\" content=\"index, follow, max-snippet:-1, max-image-preview:large, max-video-preview:-1\" \/>\n<link rel=\"canonical\" href=\"https:\/\/arteeluoghi.it\/index.php\/2024\/02\/08\/quintetto-di-marco-augusto-chenevier-al-teatro-comunale-di-novoli\/\" \/>\n<meta property=\"og:locale\" content=\"it_IT\" \/>\n<meta property=\"og:type\" content=\"article\" \/>\n<meta property=\"og:title\" content=\"Quintetto di Marco Augusto Chenevier al Teatro Comunale di Novoli | Arte e Luoghi\" \/>\n<meta property=\"og:description\" content=\"Prosegue la stagione di teatro e danza del progetto Teatri del nord Salento promosso da Factory Compagnia Transadriatica\" \/>\n<meta property=\"og:url\" content=\"https:\/\/arteeluoghi.it\/index.php\/2024\/02\/08\/quintetto-di-marco-augusto-chenevier-al-teatro-comunale-di-novoli\/\" \/>\n<meta property=\"og:site_name\" content=\"Arte e Luoghi\" \/>\n<meta property=\"article:publisher\" content=\"https:\/\/www.facebook.com\/ArteELuoghi\/\" \/>\n<meta property=\"article:published_time\" content=\"2024-02-08T21:01:05+00:00\" \/>\n<meta property=\"article:modified_time\" content=\"2024-02-08T21:01:06+00:00\" \/>\n<meta property=\"og:image\" content=\"https:\/\/arteeluoghi.it\/wp-content\/uploads\/2024\/02\/Marco-Augusto-Chenevier-Foto-Alex-Brenner-2.jpg\" \/>\n\t<meta property=\"og:image:width\" content=\"2102\" \/>\n\t<meta property=\"og:image:height\" content=\"1440\" \/>\n\t<meta property=\"og:image:type\" content=\"image\/jpeg\" \/>\n<meta name=\"twitter:card\" content=\"summary\" \/>\n<meta name=\"twitter:creator\" content=\"@arteeluoghi\" \/>\n<meta name=\"twitter:site\" content=\"@arteeluoghi\" \/>\n<meta name=\"twitter:label1\" content=\"Scritto da\" \/>\n\t<meta name=\"twitter:data1\" content=\"Staff\" \/>\n\t<meta name=\"twitter:label2\" content=\"Tempo di lettura stimato\" \/>\n\t<meta name=\"twitter:data2\" content=\"3 minuti\" \/>\n<script type=\"application\/ld+json\" class=\"yoast-schema-graph\">{\"@context\":\"https:\/\/schema.org\",\"@graph\":[{\"@type\":\"Organization\",\"@id\":\"https:\/\/arteeluoghi.it\/#organization\",\"name\":\"Arte e Luoghi\",\"url\":\"https:\/\/arteeluoghi.it\/\",\"sameAs\":[\"https:\/\/www.facebook.com\/ArteELuoghi\/\",\"https:\/\/www.instagram.com\/arteeluoghi\/?hl=it\",\"https:\/\/www.youtube.com\/channel\/UCuRVc4JW4-C5sg9rQB-srkw?view_as=subscriber\",\"https:\/\/twitter.com\/arteeluoghi\"],\"logo\":{\"@type\":\"ImageObject\",\"@id\":\"https:\/\/arteeluoghi.it\/#logo\",\"inLanguage\":\"it-IT\",\"url\":\"https:\/\/arteeluoghi.it\/wp-content\/uploads\/2018\/08\/logoinstagramarte.jpg\",\"contentUrl\":\"https:\/\/arteeluoghi.it\/wp-content\/uploads\/2018\/08\/logoinstagramarte.jpg\",\"width\":150,\"height\":150,\"caption\":\"Arte e Luoghi\"},\"image\":{\"@id\":\"https:\/\/arteeluoghi.it\/#logo\"}},{\"@type\":\"WebSite\",\"@id\":\"https:\/\/arteeluoghi.it\/#website\",\"url\":\"https:\/\/arteeluoghi.it\/\",\"name\":\"Arte e Luoghi\",\"description\":\"Mensile di arte, cultura, turismo e curiosit\u00e0\",\"publisher\":{\"@id\":\"https:\/\/arteeluoghi.it\/#organization\"},\"potentialAction\":[{\"@type\":\"SearchAction\",\"target\":{\"@type\":\"EntryPoint\",\"urlTemplate\":\"https:\/\/arteeluoghi.it\/?s={search_term_string}\"},\"query-input\":\"required name=search_term_string\"}],\"inLanguage\":\"it-IT\"},{\"@type\":\"ImageObject\",\"@id\":\"https:\/\/arteeluoghi.it\/index.php\/2024\/02\/08\/quintetto-di-marco-augusto-chenevier-al-teatro-comunale-di-novoli\/#primaryimage\",\"inLanguage\":\"it-IT\",\"url\":\"https:\/\/arteeluoghi.it\/wp-content\/uploads\/2024\/02\/Marco-Augusto-Chenevier-Foto-Alex-Brenner-2.jpg\",\"contentUrl\":\"https:\/\/arteeluoghi.it\/wp-content\/uploads\/2024\/02\/Marco-Augusto-Chenevier-Foto-Alex-Brenner-2.jpg\",\"width\":2102,\"height\":1440},{\"@type\":\"WebPage\",\"@id\":\"https:\/\/arteeluoghi.it\/index.php\/2024\/02\/08\/quintetto-di-marco-augusto-chenevier-al-teatro-comunale-di-novoli\/#webpage\",\"url\":\"https:\/\/arteeluoghi.it\/index.php\/2024\/02\/08\/quintetto-di-marco-augusto-chenevier-al-teatro-comunale-di-novoli\/\",\"name\":\"Quintetto di Marco Augusto Chenevier al Teatro Comunale di Novoli | Arte e Luoghi\",\"isPartOf\":{\"@id\":\"https:\/\/arteeluoghi.it\/#website\"},\"primaryImageOfPage\":{\"@id\":\"https:\/\/arteeluoghi.it\/index.php\/2024\/02\/08\/quintetto-di-marco-augusto-chenevier-al-teatro-comunale-di-novoli\/#primaryimage\"},\"datePublished\":\"2024-02-08T21:01:05+00:00\",\"dateModified\":\"2024-02-08T21:01:06+00:00\",\"description\":\"Prosegue la stagione di teatro e danza del progetto Teatri del nord Salento promosso da Factory Compagnia Transadriatica\",\"breadcrumb\":{\"@id\":\"https:\/\/arteeluoghi.it\/index.php\/2024\/02\/08\/quintetto-di-marco-augusto-chenevier-al-teatro-comunale-di-novoli\/#breadcrumb\"},\"inLanguage\":\"it-IT\",\"potentialAction\":[{\"@type\":\"ReadAction\",\"target\":[\"https:\/\/arteeluoghi.it\/index.php\/2024\/02\/08\/quintetto-di-marco-augusto-chenevier-al-teatro-comunale-di-novoli\/\"]}]},{\"@type\":\"BreadcrumbList\",\"@id\":\"https:\/\/arteeluoghi.it\/index.php\/2024\/02\/08\/quintetto-di-marco-augusto-chenevier-al-teatro-comunale-di-novoli\/#breadcrumb\",\"itemListElement\":[{\"@type\":\"ListItem\",\"position\":1,\"name\":\"Home\",\"item\":\"https:\/\/arteeluoghi.it\/\"},{\"@type\":\"ListItem\",\"position\":2,\"name\":\"Quintetto di Marco Augusto Chenevier al Teatro Comunale di Novoli\"}]},{\"@type\":\"Article\",\"@id\":\"https:\/\/arteeluoghi.it\/index.php\/2024\/02\/08\/quintetto-di-marco-augusto-chenevier-al-teatro-comunale-di-novoli\/#article\",\"isPartOf\":{\"@id\":\"https:\/\/arteeluoghi.it\/index.php\/2024\/02\/08\/quintetto-di-marco-augusto-chenevier-al-teatro-comunale-di-novoli\/#webpage\"},\"author\":{\"@id\":\"https:\/\/arteeluoghi.it\/#\/schema\/person\/f84e814e36e91e01448ee07eaadd41d4\"},\"headline\":\"Quintetto di Marco Augusto Chenevier al Teatro Comunale di Novoli\",\"datePublished\":\"2024-02-08T21:01:05+00:00\",\"dateModified\":\"2024-02-08T21:01:06+00:00\",\"mainEntityOfPage\":{\"@id\":\"https:\/\/arteeluoghi.it\/index.php\/2024\/02\/08\/quintetto-di-marco-augusto-chenevier-al-teatro-comunale-di-novoli\/#webpage\"},\"wordCount\":479,\"commentCount\":0,\"publisher\":{\"@id\":\"https:\/\/arteeluoghi.it\/#organization\"},\"image\":{\"@id\":\"https:\/\/arteeluoghi.it\/index.php\/2024\/02\/08\/quintetto-di-marco-augusto-chenevier-al-teatro-comunale-di-novoli\/#primaryimage\"},\"thumbnailUrl\":\"https:\/\/arteeluoghi.it\/wp-content\/uploads\/2024\/02\/Marco-Augusto-Chenevier-Foto-Alex-Brenner-2.jpg\",\"keywords\":[\"danza\",\"Marco Augusto Chenevier\",\"Novoli\",\"teatro\"],\"articleSection\":[\"danza\",\"teatro\"],\"inLanguage\":\"it-IT\",\"potentialAction\":[{\"@type\":\"CommentAction\",\"name\":\"Comment\",\"target\":[\"https:\/\/arteeluoghi.it\/index.php\/2024\/02\/08\/quintetto-di-marco-augusto-chenevier-al-teatro-comunale-di-novoli\/#respond\"]}]},{\"@type\":\"Person\",\"@id\":\"https:\/\/arteeluoghi.it\/#\/schema\/person\/f84e814e36e91e01448ee07eaadd41d4\",\"name\":\"Staff\",\"image\":{\"@type\":\"ImageObject\",\"@id\":\"https:\/\/arteeluoghi.it\/#personlogo\",\"inLanguage\":\"it-IT\",\"url\":\"https:\/\/secure.gravatar.com\/avatar\/49d2f9e46271bb04e19cebfaf141313a?s=96&d=blank&r=g\",\"contentUrl\":\"https:\/\/secure.gravatar.com\/avatar\/49d2f9e46271bb04e19cebfaf141313a?s=96&d=blank&r=g\",\"caption\":\"Staff\"}}]}<\/script>\n<!-- \/ Yoast SEO plugin. -->","yoast_head_json":{"title":"Quintetto di Marco Augusto Chenevier al Teatro Comunale di Novoli | Arte e Luoghi","description":"Prosegue la stagione di teatro e danza del progetto Teatri del nord Salento promosso da Factory Compagnia Transadriatica","robots":{"index":"index","follow":"follow","max-snippet":"max-snippet:-1","max-image-preview":"max-image-preview:large","max-video-preview":"max-video-preview:-1"},"canonical":"https:\/\/arteeluoghi.it\/index.php\/2024\/02\/08\/quintetto-di-marco-augusto-chenevier-al-teatro-comunale-di-novoli\/","og_locale":"it_IT","og_type":"article","og_title":"Quintetto di Marco Augusto Chenevier al Teatro Comunale di Novoli | Arte e Luoghi","og_description":"Prosegue la stagione di teatro e danza del progetto Teatri del nord Salento promosso da Factory Compagnia Transadriatica","og_url":"https:\/\/arteeluoghi.it\/index.php\/2024\/02\/08\/quintetto-di-marco-augusto-chenevier-al-teatro-comunale-di-novoli\/","og_site_name":"Arte e Luoghi","article_publisher":"https:\/\/www.facebook.com\/ArteELuoghi\/","article_published_time":"2024-02-08T21:01:05+00:00","article_modified_time":"2024-02-08T21:01:06+00:00","og_image":[{"width":2102,"height":1440,"url":"https:\/\/arteeluoghi.it\/wp-content\/uploads\/2024\/02\/Marco-Augusto-Chenevier-Foto-Alex-Brenner-2.jpg","type":"image\/jpeg"}],"twitter_card":"summary","twitter_creator":"@arteeluoghi","twitter_site":"@arteeluoghi","twitter_misc":{"Scritto da":"Staff","Tempo di lettura stimato":"3 minuti"},"schema":{"@context":"https:\/\/schema.org","@graph":[{"@type":"Organization","@id":"https:\/\/arteeluoghi.it\/#organization","name":"Arte e Luoghi","url":"https:\/\/arteeluoghi.it\/","sameAs":["https:\/\/www.facebook.com\/ArteELuoghi\/","https:\/\/www.instagram.com\/arteeluoghi\/?hl=it","https:\/\/www.youtube.com\/channel\/UCuRVc4JW4-C5sg9rQB-srkw?view_as=subscriber","https:\/\/twitter.com\/arteeluoghi"],"logo":{"@type":"ImageObject","@id":"https:\/\/arteeluoghi.it\/#logo","inLanguage":"it-IT","url":"https:\/\/arteeluoghi.it\/wp-content\/uploads\/2018\/08\/logoinstagramarte.jpg","contentUrl":"https:\/\/arteeluoghi.it\/wp-content\/uploads\/2018\/08\/logoinstagramarte.jpg","width":150,"height":150,"caption":"Arte e Luoghi"},"image":{"@id":"https:\/\/arteeluoghi.it\/#logo"}},{"@type":"WebSite","@id":"https:\/\/arteeluoghi.it\/#website","url":"https:\/\/arteeluoghi.it\/","name":"Arte e Luoghi","description":"Mensile di arte, cultura, turismo e curiosit\u00e0","publisher":{"@id":"https:\/\/arteeluoghi.it\/#organization"},"potentialAction":[{"@type":"SearchAction","target":{"@type":"EntryPoint","urlTemplate":"https:\/\/arteeluoghi.it\/?s={search_term_string}"},"query-input":"required name=search_term_string"}],"inLanguage":"it-IT"},{"@type":"ImageObject","@id":"https:\/\/arteeluoghi.it\/index.php\/2024\/02\/08\/quintetto-di-marco-augusto-chenevier-al-teatro-comunale-di-novoli\/#primaryimage","inLanguage":"it-IT","url":"https:\/\/arteeluoghi.it\/wp-content\/uploads\/2024\/02\/Marco-Augusto-Chenevier-Foto-Alex-Brenner-2.jpg","contentUrl":"https:\/\/arteeluoghi.it\/wp-content\/uploads\/2024\/02\/Marco-Augusto-Chenevier-Foto-Alex-Brenner-2.jpg","width":2102,"height":1440},{"@type":"WebPage","@id":"https:\/\/arteeluoghi.it\/index.php\/2024\/02\/08\/quintetto-di-marco-augusto-chenevier-al-teatro-comunale-di-novoli\/#webpage","url":"https:\/\/arteeluoghi.it\/index.php\/2024\/02\/08\/quintetto-di-marco-augusto-chenevier-al-teatro-comunale-di-novoli\/","name":"Quintetto di Marco Augusto Chenevier al Teatro Comunale di Novoli | Arte e Luoghi","isPartOf":{"@id":"https:\/\/arteeluoghi.it\/#website"},"primaryImageOfPage":{"@id":"https:\/\/arteeluoghi.it\/index.php\/2024\/02\/08\/quintetto-di-marco-augusto-chenevier-al-teatro-comunale-di-novoli\/#primaryimage"},"datePublished":"2024-02-08T21:01:05+00:00","dateModified":"2024-02-08T21:01:06+00:00","description":"Prosegue la stagione di teatro e danza del progetto Teatri del nord Salento promosso da Factory Compagnia Transadriatica","breadcrumb":{"@id":"https:\/\/arteeluoghi.it\/index.php\/2024\/02\/08\/quintetto-di-marco-augusto-chenevier-al-teatro-comunale-di-novoli\/#breadcrumb"},"inLanguage":"it-IT","potentialAction":[{"@type":"ReadAction","target":["https:\/\/arteeluoghi.it\/index.php\/2024\/02\/08\/quintetto-di-marco-augusto-chenevier-al-teatro-comunale-di-novoli\/"]}]},{"@type":"BreadcrumbList","@id":"https:\/\/arteeluoghi.it\/index.php\/2024\/02\/08\/quintetto-di-marco-augusto-chenevier-al-teatro-comunale-di-novoli\/#breadcrumb","itemListElement":[{"@type":"ListItem","position":1,"name":"Home","item":"https:\/\/arteeluoghi.it\/"},{"@type":"ListItem","position":2,"name":"Quintetto di Marco Augusto Chenevier al Teatro Comunale di Novoli"}]},{"@type":"Article","@id":"https:\/\/arteeluoghi.it\/index.php\/2024\/02\/08\/quintetto-di-marco-augusto-chenevier-al-teatro-comunale-di-novoli\/#article","isPartOf":{"@id":"https:\/\/arteeluoghi.it\/index.php\/2024\/02\/08\/quintetto-di-marco-augusto-chenevier-al-teatro-comunale-di-novoli\/#webpage"},"author":{"@id":"https:\/\/arteeluoghi.it\/#\/schema\/person\/f84e814e36e91e01448ee07eaadd41d4"},"headline":"Quintetto di Marco Augusto Chenevier al Teatro Comunale di Novoli","datePublished":"2024-02-08T21:01:05+00:00","dateModified":"2024-02-08T21:01:06+00:00","mainEntityOfPage":{"@id":"https:\/\/arteeluoghi.it\/index.php\/2024\/02\/08\/quintetto-di-marco-augusto-chenevier-al-teatro-comunale-di-novoli\/#webpage"},"wordCount":479,"commentCount":0,"publisher":{"@id":"https:\/\/arteeluoghi.it\/#organization"},"image":{"@id":"https:\/\/arteeluoghi.it\/index.php\/2024\/02\/08\/quintetto-di-marco-augusto-chenevier-al-teatro-comunale-di-novoli\/#primaryimage"},"thumbnailUrl":"https:\/\/arteeluoghi.it\/wp-content\/uploads\/2024\/02\/Marco-Augusto-Chenevier-Foto-Alex-Brenner-2.jpg","keywords":["danza","Marco Augusto Chenevier","Novoli","teatro"],"articleSection":["danza","teatro"],"inLanguage":"it-IT","potentialAction":[{"@type":"CommentAction","name":"Comment","target":["https:\/\/arteeluoghi.it\/index.php\/2024\/02\/08\/quintetto-di-marco-augusto-chenevier-al-teatro-comunale-di-novoli\/#respond"]}]},{"@type":"Person","@id":"https:\/\/arteeluoghi.it\/#\/schema\/person\/f84e814e36e91e01448ee07eaadd41d4","name":"Staff","image":{"@type":"ImageObject","@id":"https:\/\/arteeluoghi.it\/#personlogo","inLanguage":"it-IT","url":"https:\/\/secure.gravatar.com\/avatar\/49d2f9e46271bb04e19cebfaf141313a?s=96&d=blank&r=g","contentUrl":"https:\/\/secure.gravatar.com\/avatar\/49d2f9e46271bb04e19cebfaf141313a?s=96&d=blank&r=g","caption":"Staff"}}]}},"_links":{"self":[{"href":"https:\/\/arteeluoghi.it\/index.php\/wp-json\/wp\/v2\/posts\/14052"}],"collection":[{"href":"https:\/\/arteeluoghi.it\/index.php\/wp-json\/wp\/v2\/posts"}],"about":[{"href":"https:\/\/arteeluoghi.it\/index.php\/wp-json\/wp\/v2\/types\/post"}],"author":[{"embeddable":true,"href":"https:\/\/arteeluoghi.it\/index.php\/wp-json\/wp\/v2\/users\/1"}],"replies":[{"embeddable":true,"href":"https:\/\/arteeluoghi.it\/index.php\/wp-json\/wp\/v2\/comments?post=14052"}],"version-history":[{"count":1,"href":"https:\/\/arteeluoghi.it\/index.php\/wp-json\/wp\/v2\/posts\/14052\/revisions"}],"predecessor-version":[{"id":14054,"href":"https:\/\/arteeluoghi.it\/index.php\/wp-json\/wp\/v2\/posts\/14052\/revisions\/14054"}],"wp:featuredmedia":[{"embeddable":true,"href":"https:\/\/arteeluoghi.it\/index.php\/wp-json\/wp\/v2\/media\/14053"}],"wp:attachment":[{"href":"https:\/\/arteeluoghi.it\/index.php\/wp-json\/wp\/v2\/media?parent=14052"}],"wp:term":[{"taxonomy":"category","embeddable":true,"href":"https:\/\/arteeluoghi.it\/index.php\/wp-json\/wp\/v2\/categories?post=14052"},{"taxonomy":"post_tag","embeddable":true,"href":"https:\/\/arteeluoghi.it\/index.php\/wp-json\/wp\/v2\/tags?post=14052"}],"curies":[{"name":"wp","href":"https:\/\/api.w.org\/{rel}","templated":true}]}}