{"id":14060,"date":"2024-02-08T22:31:42","date_gmt":"2024-02-08T21:31:42","guid":{"rendered":"https:\/\/arteeluoghi.it\/?p=14060"},"modified":"2024-02-08T22:41:18","modified_gmt":"2024-02-08T21:41:18","slug":"argentovivo-ospita-a-lecce-il-fotografo-pino-musi","status":"publish","type":"post","link":"https:\/\/arteeluoghi.it\/index.php\/2024\/02\/08\/argentovivo-ospita-a-lecce-il-fotografo-pino-musi\/","title":{"rendered":"ArgentoVivo ospita a Lecce il fotografo Pino Musi"},"content":{"rendered":"\n<blockquote class=\"wp-block-quote\"><p><strong>Una lecture dal titolo \u201cLa fotografia, un cantiere aperto\u201d e un incontro con il pubblico<\/strong> <strong>venerd\u00ec 9 febbraio ore 18.30 nel foyer dei Cantieri teatrali Koreja<\/strong><\/p><\/blockquote>\n\n\n\n<p>Il fotografo Pino Musi \u00e8 ospite a Lecce di ArgentoVivo per una lecture dal titolo \u201cLa fotografia, un cantiere aperto\u201d e un successivo incontro\/dibattito con il pubblico. Ad accogliere l\u2019evento \u00e8 il foyer dei Cantieri teatrali Koreja, alle 18.30. Musi presenter\u00e0, dialogando con Michele Cera e Samuele Vincenti, le traiettorie portanti della sua fotografia, incrociandole con l\u2019analisi di alcuni libri che sono stati riscontro fondamentale per il suo lavoro.<\/p>\n\n\n\n<!--more-->\n\n\n\n<div class=\"wp-block-image\"><figure class=\"alignleft size-large\"><img loading=\"lazy\" width=\"819\" height=\"1024\" src=\"https:\/\/arteeluoghi.it\/wp-content\/uploads\/2024\/02\/Pino-Musi_Philharmonie_Paris-2015-1-819x1024.jpg\" alt=\"\" class=\"wp-image-14063\" srcset=\"https:\/\/arteeluoghi.it\/wp-content\/uploads\/2024\/02\/Pino-Musi_Philharmonie_Paris-2015-1-819x1024.jpg 819w, https:\/\/arteeluoghi.it\/wp-content\/uploads\/2024\/02\/Pino-Musi_Philharmonie_Paris-2015-1-240x300.jpg 240w, https:\/\/arteeluoghi.it\/wp-content\/uploads\/2024\/02\/Pino-Musi_Philharmonie_Paris-2015-1-768x960.jpg 768w, https:\/\/arteeluoghi.it\/wp-content\/uploads\/2024\/02\/Pino-Musi_Philharmonie_Paris-2015-1-1228x1536.jpg 1228w, https:\/\/arteeluoghi.it\/wp-content\/uploads\/2024\/02\/Pino-Musi_Philharmonie_Paris-2015-1.jpg 1417w\" sizes=\"(max-width: 819px) 100vw, 819px\" \/><figcaption>Pino Musi, Philarmonie, Paris, 2015<\/figcaption><\/figure><\/div>\n\n\n\n<p>La fotografia \u00e8 scelta di come e dove porsi a scrutare il mondo, estensione ideale di ci\u00f2 che vi \u00e8 racchiuso. Ma la buona fotografia deve essere anche capace, finalmente, di farci immaginare un altrove. La scelta di Musi \u00e8 sempre stata quella di costruire un impianto visivo che, evitando ogni tentazione narrativa, rifuggendo l\u2019aneddoto, restituisse, per analogia e per contrasto, innanzitutto la polifonia dello spazio e dei volumi, che \u00e8 fatta di inconfondibili voci e ancor pi\u00f9 di ricorsive consonanze. Ci\u00f2 che per Musi \u00e8 importante \u00e8 l\u2019inquietudine che la fotografia deve rendere evidente, una prospettiva inattesa che si evolve in un itinerario mai concluso di forme. La sua fotografia \u00e8 un cantiere sempre aperto alla sperimentazione, fa attraversare sottilmente suoni, parole, altre immagini; qualcosa permette lo sviluppo di un pensiero in grado di evolversi costantemente.<\/p>\n\n\n\n<p><strong><em>Pino Musi Biografia.&nbsp;<\/em><\/strong>La ricerca fotografica di Pino Musi ha intersecato molteplici aree d&#8217;interesse come l&#8217;antropologia, l&#8217;architettura, l&#8217;archeologia o, ancora, la produzione industriale. L\u2019articolazione del suo lavoro trova il miglior mezzo espressivo nella realizzazione di libri. Sono pi\u00f9 di venticinque i volumi pubblicati finora, e varie le esposizioni. Opere dell\u2019autore sono presenti in collezioni private e pubbliche, tra cui la Fondazione Rolla, la Fondazione Sandretto Re Rebaudengo, la Fondazione Fotografia di Modena, il FRAC (Fonds r\u00e9gional d&#8217;art contemporain) Bretagne, il MAST di Bologna, il Canadian Centre for Architecture di Montr\u00e8al.<\/p>\n\n\n\n<p><a href=\"http:\/\/www.pinomusi.com\/\" target=\"_blank\" rel=\"noreferrer noopener\">www.pinomusi.com<\/a>\u00a0\u00a0\u00a0\u00a0\u00a0\u00a0<\/p>\n\n\n\n<p><strong><em>ArgentoVivo\u00a0<\/em><\/strong><em>\u00e8 un collettivo di fotografi salentini attivi da circa un decennio nell\u2019ambito della fotografia documentaria e di reportage, nello specifico sulle trasformazioni dei territori e sulle dinamiche sociali che interessano le comunit\u00e0, sui riti e sulle tradizioni popolari, con particolare attenzione al rapporto tra individuo e natura. Del 2017 \u201cCercavo il mare\u201d, un progetto di indagine e ricerca fotografica per la costituzione di un atlante fotografico delle marine della citt\u00e0 di Lecce. Dal 2017 al 2019 \u00e8 stato esplorato il territorio di Frigole, borgo rurale di Lecce conosciuto quasi esclusivamente come localit\u00e0 balneare, documentando i cambiamenti e ci\u00f2 che resta nel territorio dopo gli interventi di riqualificazione iniziati ai primi del Novecento e interrotti alla fine degli anni \u201950. Il progetto \u00e8 confluito in un libro fotografico autoprodotto. Del 2021 il progetto \u201cTransizioni\u201d, le cui attivit\u00e0 si sono concluse a maggio 2022 con la pubblicazione \u201cTrue places never are\u201d e con la mostra omonima, tenuta a Lecce presso l\u2019ex Convitto Palmieri e a Castelfranco Veneto presso la Casa Museo \u201cGiorgione\u201d. Il progetto, realizzato in collaborazione con l\u2019Osservatorio Mobile del Nord-Est (OMNE) e altre associazioni pugliesi (LAB di Bari, FAC di Lecce), ha inteso avviare un osservatorio permanente sulla fotografia e sul paesaggio. In corso il progetto \u201cArneo. Memorie e transizioni\u201d che si muove sulla strada delle lotte d\u2019Arneo e sui cambiamenti del paesaggio derivati dalle vicende storiche.<\/em><\/p>\n\n\n\n<p>(fonte: comunicato stampa)<\/p>\n","protected":false},"excerpt":{"rendered":"<p>Una lecture dal titolo \u201cLa fotografia, un cantiere aperto\u201d e un incontro con il pubblico venerd\u00ec 9 febbraio ore 18.30<\/p>\n","protected":false},"author":1,"featured_media":14061,"comment_status":"open","ping_status":"open","sticky":true,"template":"","format":"standard","meta":[],"categories":[27,3],"tags":[5089,5950,214,134,5949],"yoast_head":"<!-- This site is optimized with the Yoast SEO plugin v18.0 - https:\/\/yoast.com\/wordpress\/plugins\/seo\/ -->\n<title>ArgentoVivo ospita a Lecce il fotografo Pino Musi | Arte e Luoghi<\/title>\n<meta name=\"description\" content=\"ArgentoVivo ospita a Lecce il fotografo Pino Musi venerd\u00ec 9 febbraio Una lecture dal titolo \u201cLa fotografia, un cantiere aperto\u201d\" \/>\n<meta name=\"robots\" content=\"index, follow, max-snippet:-1, max-image-preview:large, max-video-preview:-1\" \/>\n<link rel=\"canonical\" href=\"https:\/\/arteeluoghi.it\/index.php\/2024\/02\/08\/argentovivo-ospita-a-lecce-il-fotografo-pino-musi\/\" \/>\n<meta property=\"og:locale\" content=\"it_IT\" \/>\n<meta property=\"og:type\" content=\"article\" \/>\n<meta property=\"og:title\" content=\"ArgentoVivo ospita a Lecce il fotografo Pino Musi | Arte e Luoghi\" \/>\n<meta property=\"og:description\" content=\"ArgentoVivo ospita a Lecce il fotografo Pino Musi venerd\u00ec 9 febbraio Una lecture dal titolo \u201cLa fotografia, un cantiere aperto\u201d\" \/>\n<meta property=\"og:url\" content=\"https:\/\/arteeluoghi.it\/index.php\/2024\/02\/08\/argentovivo-ospita-a-lecce-il-fotografo-pino-musi\/\" \/>\n<meta property=\"og:site_name\" content=\"Arte e Luoghi\" \/>\n<meta property=\"article:publisher\" content=\"https:\/\/www.facebook.com\/ArteELuoghi\/\" \/>\n<meta property=\"article:published_time\" content=\"2024-02-08T21:31:42+00:00\" \/>\n<meta property=\"article:modified_time\" content=\"2024-02-08T21:41:18+00:00\" \/>\n<meta property=\"og:image\" content=\"https:\/\/arteeluoghi.it\/wp-content\/uploads\/2024\/02\/Pino-Musi.jpg\" \/>\n\t<meta property=\"og:image:width\" content=\"1191\" \/>\n\t<meta property=\"og:image:height\" content=\"1489\" \/>\n\t<meta property=\"og:image:type\" content=\"image\/jpeg\" \/>\n<meta name=\"twitter:card\" content=\"summary\" \/>\n<meta name=\"twitter:creator\" content=\"@arteeluoghi\" \/>\n<meta name=\"twitter:site\" content=\"@arteeluoghi\" \/>\n<meta name=\"twitter:label1\" content=\"Scritto da\" \/>\n\t<meta name=\"twitter:data1\" content=\"Staff\" \/>\n\t<meta name=\"twitter:label2\" content=\"Tempo di lettura stimato\" \/>\n\t<meta name=\"twitter:data2\" content=\"4 minuti\" \/>\n<script type=\"application\/ld+json\" class=\"yoast-schema-graph\">{\"@context\":\"https:\/\/schema.org\",\"@graph\":[{\"@type\":\"Organization\",\"@id\":\"https:\/\/arteeluoghi.it\/#organization\",\"name\":\"Arte e Luoghi\",\"url\":\"https:\/\/arteeluoghi.it\/\",\"sameAs\":[\"https:\/\/www.facebook.com\/ArteELuoghi\/\",\"https:\/\/www.instagram.com\/arteeluoghi\/?hl=it\",\"https:\/\/www.youtube.com\/channel\/UCuRVc4JW4-C5sg9rQB-srkw?view_as=subscriber\",\"https:\/\/twitter.com\/arteeluoghi\"],\"logo\":{\"@type\":\"ImageObject\",\"@id\":\"https:\/\/arteeluoghi.it\/#logo\",\"inLanguage\":\"it-IT\",\"url\":\"https:\/\/arteeluoghi.it\/wp-content\/uploads\/2018\/08\/logoinstagramarte.jpg\",\"contentUrl\":\"https:\/\/arteeluoghi.it\/wp-content\/uploads\/2018\/08\/logoinstagramarte.jpg\",\"width\":150,\"height\":150,\"caption\":\"Arte e Luoghi\"},\"image\":{\"@id\":\"https:\/\/arteeluoghi.it\/#logo\"}},{\"@type\":\"WebSite\",\"@id\":\"https:\/\/arteeluoghi.it\/#website\",\"url\":\"https:\/\/arteeluoghi.it\/\",\"name\":\"Arte e Luoghi\",\"description\":\"Mensile di arte, cultura, turismo e curiosit\u00e0\",\"publisher\":{\"@id\":\"https:\/\/arteeluoghi.it\/#organization\"},\"potentialAction\":[{\"@type\":\"SearchAction\",\"target\":{\"@type\":\"EntryPoint\",\"urlTemplate\":\"https:\/\/arteeluoghi.it\/?s={search_term_string}\"},\"query-input\":\"required name=search_term_string\"}],\"inLanguage\":\"it-IT\"},{\"@type\":\"ImageObject\",\"@id\":\"https:\/\/arteeluoghi.it\/index.php\/2024\/02\/08\/argentovivo-ospita-a-lecce-il-fotografo-pino-musi\/#primaryimage\",\"inLanguage\":\"it-IT\",\"url\":\"https:\/\/arteeluoghi.it\/wp-content\/uploads\/2024\/02\/Pino-Musi.jpg\",\"contentUrl\":\"https:\/\/arteeluoghi.it\/wp-content\/uploads\/2024\/02\/Pino-Musi.jpg\",\"width\":1191,\"height\":1489},{\"@type\":\"WebPage\",\"@id\":\"https:\/\/arteeluoghi.it\/index.php\/2024\/02\/08\/argentovivo-ospita-a-lecce-il-fotografo-pino-musi\/#webpage\",\"url\":\"https:\/\/arteeluoghi.it\/index.php\/2024\/02\/08\/argentovivo-ospita-a-lecce-il-fotografo-pino-musi\/\",\"name\":\"ArgentoVivo ospita a Lecce il fotografo Pino Musi | Arte e Luoghi\",\"isPartOf\":{\"@id\":\"https:\/\/arteeluoghi.it\/#website\"},\"primaryImageOfPage\":{\"@id\":\"https:\/\/arteeluoghi.it\/index.php\/2024\/02\/08\/argentovivo-ospita-a-lecce-il-fotografo-pino-musi\/#primaryimage\"},\"datePublished\":\"2024-02-08T21:31:42+00:00\",\"dateModified\":\"2024-02-08T21:41:18+00:00\",\"description\":\"ArgentoVivo ospita a Lecce il fotografo Pino Musi venerd\u00ec 9 febbraio Una lecture dal titolo \u201cLa fotografia, un cantiere aperto\u201d\",\"breadcrumb\":{\"@id\":\"https:\/\/arteeluoghi.it\/index.php\/2024\/02\/08\/argentovivo-ospita-a-lecce-il-fotografo-pino-musi\/#breadcrumb\"},\"inLanguage\":\"it-IT\",\"potentialAction\":[{\"@type\":\"ReadAction\",\"target\":[\"https:\/\/arteeluoghi.it\/index.php\/2024\/02\/08\/argentovivo-ospita-a-lecce-il-fotografo-pino-musi\/\"]}]},{\"@type\":\"BreadcrumbList\",\"@id\":\"https:\/\/arteeluoghi.it\/index.php\/2024\/02\/08\/argentovivo-ospita-a-lecce-il-fotografo-pino-musi\/#breadcrumb\",\"itemListElement\":[{\"@type\":\"ListItem\",\"position\":1,\"name\":\"Home\",\"item\":\"https:\/\/arteeluoghi.it\/\"},{\"@type\":\"ListItem\",\"position\":2,\"name\":\"ArgentoVivo ospita a Lecce il fotografo Pino Musi\"}]},{\"@type\":\"Article\",\"@id\":\"https:\/\/arteeluoghi.it\/index.php\/2024\/02\/08\/argentovivo-ospita-a-lecce-il-fotografo-pino-musi\/#article\",\"isPartOf\":{\"@id\":\"https:\/\/arteeluoghi.it\/index.php\/2024\/02\/08\/argentovivo-ospita-a-lecce-il-fotografo-pino-musi\/#webpage\"},\"author\":{\"@id\":\"https:\/\/arteeluoghi.it\/#\/schema\/person\/f84e814e36e91e01448ee07eaadd41d4\"},\"headline\":\"ArgentoVivo ospita a Lecce il fotografo Pino Musi\",\"datePublished\":\"2024-02-08T21:31:42+00:00\",\"dateModified\":\"2024-02-08T21:41:18+00:00\",\"mainEntityOfPage\":{\"@id\":\"https:\/\/arteeluoghi.it\/index.php\/2024\/02\/08\/argentovivo-ospita-a-lecce-il-fotografo-pino-musi\/#webpage\"},\"wordCount\":561,\"commentCount\":0,\"publisher\":{\"@id\":\"https:\/\/arteeluoghi.it\/#organization\"},\"image\":{\"@id\":\"https:\/\/arteeluoghi.it\/index.php\/2024\/02\/08\/argentovivo-ospita-a-lecce-il-fotografo-pino-musi\/#primaryimage\"},\"thumbnailUrl\":\"https:\/\/arteeluoghi.it\/wp-content\/uploads\/2024\/02\/Pino-Musi.jpg\",\"keywords\":[\"ArgentoVivo\",\"Cantieri Teatrali Koreja\",\"fotografia\",\"Lecce\",\"Pino Musi\"],\"articleSection\":[\"Arte\",\"Arti visive\"],\"inLanguage\":\"it-IT\",\"potentialAction\":[{\"@type\":\"CommentAction\",\"name\":\"Comment\",\"target\":[\"https:\/\/arteeluoghi.it\/index.php\/2024\/02\/08\/argentovivo-ospita-a-lecce-il-fotografo-pino-musi\/#respond\"]}]},{\"@type\":\"Person\",\"@id\":\"https:\/\/arteeluoghi.it\/#\/schema\/person\/f84e814e36e91e01448ee07eaadd41d4\",\"name\":\"Staff\",\"image\":{\"@type\":\"ImageObject\",\"@id\":\"https:\/\/arteeluoghi.it\/#personlogo\",\"inLanguage\":\"it-IT\",\"url\":\"https:\/\/secure.gravatar.com\/avatar\/49d2f9e46271bb04e19cebfaf141313a?s=96&d=blank&r=g\",\"contentUrl\":\"https:\/\/secure.gravatar.com\/avatar\/49d2f9e46271bb04e19cebfaf141313a?s=96&d=blank&r=g\",\"caption\":\"Staff\"}}]}<\/script>\n<!-- \/ Yoast SEO plugin. -->","yoast_head_json":{"title":"ArgentoVivo ospita a Lecce il fotografo Pino Musi | Arte e Luoghi","description":"ArgentoVivo ospita a Lecce il fotografo Pino Musi venerd\u00ec 9 febbraio Una lecture dal titolo \u201cLa fotografia, un cantiere aperto\u201d","robots":{"index":"index","follow":"follow","max-snippet":"max-snippet:-1","max-image-preview":"max-image-preview:large","max-video-preview":"max-video-preview:-1"},"canonical":"https:\/\/arteeluoghi.it\/index.php\/2024\/02\/08\/argentovivo-ospita-a-lecce-il-fotografo-pino-musi\/","og_locale":"it_IT","og_type":"article","og_title":"ArgentoVivo ospita a Lecce il fotografo Pino Musi | Arte e Luoghi","og_description":"ArgentoVivo ospita a Lecce il fotografo Pino Musi venerd\u00ec 9 febbraio Una lecture dal titolo \u201cLa fotografia, un cantiere aperto\u201d","og_url":"https:\/\/arteeluoghi.it\/index.php\/2024\/02\/08\/argentovivo-ospita-a-lecce-il-fotografo-pino-musi\/","og_site_name":"Arte e Luoghi","article_publisher":"https:\/\/www.facebook.com\/ArteELuoghi\/","article_published_time":"2024-02-08T21:31:42+00:00","article_modified_time":"2024-02-08T21:41:18+00:00","og_image":[{"width":1191,"height":1489,"url":"https:\/\/arteeluoghi.it\/wp-content\/uploads\/2024\/02\/Pino-Musi.jpg","type":"image\/jpeg"}],"twitter_card":"summary","twitter_creator":"@arteeluoghi","twitter_site":"@arteeluoghi","twitter_misc":{"Scritto da":"Staff","Tempo di lettura stimato":"4 minuti"},"schema":{"@context":"https:\/\/schema.org","@graph":[{"@type":"Organization","@id":"https:\/\/arteeluoghi.it\/#organization","name":"Arte e Luoghi","url":"https:\/\/arteeluoghi.it\/","sameAs":["https:\/\/www.facebook.com\/ArteELuoghi\/","https:\/\/www.instagram.com\/arteeluoghi\/?hl=it","https:\/\/www.youtube.com\/channel\/UCuRVc4JW4-C5sg9rQB-srkw?view_as=subscriber","https:\/\/twitter.com\/arteeluoghi"],"logo":{"@type":"ImageObject","@id":"https:\/\/arteeluoghi.it\/#logo","inLanguage":"it-IT","url":"https:\/\/arteeluoghi.it\/wp-content\/uploads\/2018\/08\/logoinstagramarte.jpg","contentUrl":"https:\/\/arteeluoghi.it\/wp-content\/uploads\/2018\/08\/logoinstagramarte.jpg","width":150,"height":150,"caption":"Arte e Luoghi"},"image":{"@id":"https:\/\/arteeluoghi.it\/#logo"}},{"@type":"WebSite","@id":"https:\/\/arteeluoghi.it\/#website","url":"https:\/\/arteeluoghi.it\/","name":"Arte e Luoghi","description":"Mensile di arte, cultura, turismo e curiosit\u00e0","publisher":{"@id":"https:\/\/arteeluoghi.it\/#organization"},"potentialAction":[{"@type":"SearchAction","target":{"@type":"EntryPoint","urlTemplate":"https:\/\/arteeluoghi.it\/?s={search_term_string}"},"query-input":"required name=search_term_string"}],"inLanguage":"it-IT"},{"@type":"ImageObject","@id":"https:\/\/arteeluoghi.it\/index.php\/2024\/02\/08\/argentovivo-ospita-a-lecce-il-fotografo-pino-musi\/#primaryimage","inLanguage":"it-IT","url":"https:\/\/arteeluoghi.it\/wp-content\/uploads\/2024\/02\/Pino-Musi.jpg","contentUrl":"https:\/\/arteeluoghi.it\/wp-content\/uploads\/2024\/02\/Pino-Musi.jpg","width":1191,"height":1489},{"@type":"WebPage","@id":"https:\/\/arteeluoghi.it\/index.php\/2024\/02\/08\/argentovivo-ospita-a-lecce-il-fotografo-pino-musi\/#webpage","url":"https:\/\/arteeluoghi.it\/index.php\/2024\/02\/08\/argentovivo-ospita-a-lecce-il-fotografo-pino-musi\/","name":"ArgentoVivo ospita a Lecce il fotografo Pino Musi | Arte e Luoghi","isPartOf":{"@id":"https:\/\/arteeluoghi.it\/#website"},"primaryImageOfPage":{"@id":"https:\/\/arteeluoghi.it\/index.php\/2024\/02\/08\/argentovivo-ospita-a-lecce-il-fotografo-pino-musi\/#primaryimage"},"datePublished":"2024-02-08T21:31:42+00:00","dateModified":"2024-02-08T21:41:18+00:00","description":"ArgentoVivo ospita a Lecce il fotografo Pino Musi venerd\u00ec 9 febbraio Una lecture dal titolo \u201cLa fotografia, un cantiere aperto\u201d","breadcrumb":{"@id":"https:\/\/arteeluoghi.it\/index.php\/2024\/02\/08\/argentovivo-ospita-a-lecce-il-fotografo-pino-musi\/#breadcrumb"},"inLanguage":"it-IT","potentialAction":[{"@type":"ReadAction","target":["https:\/\/arteeluoghi.it\/index.php\/2024\/02\/08\/argentovivo-ospita-a-lecce-il-fotografo-pino-musi\/"]}]},{"@type":"BreadcrumbList","@id":"https:\/\/arteeluoghi.it\/index.php\/2024\/02\/08\/argentovivo-ospita-a-lecce-il-fotografo-pino-musi\/#breadcrumb","itemListElement":[{"@type":"ListItem","position":1,"name":"Home","item":"https:\/\/arteeluoghi.it\/"},{"@type":"ListItem","position":2,"name":"ArgentoVivo ospita a Lecce il fotografo Pino Musi"}]},{"@type":"Article","@id":"https:\/\/arteeluoghi.it\/index.php\/2024\/02\/08\/argentovivo-ospita-a-lecce-il-fotografo-pino-musi\/#article","isPartOf":{"@id":"https:\/\/arteeluoghi.it\/index.php\/2024\/02\/08\/argentovivo-ospita-a-lecce-il-fotografo-pino-musi\/#webpage"},"author":{"@id":"https:\/\/arteeluoghi.it\/#\/schema\/person\/f84e814e36e91e01448ee07eaadd41d4"},"headline":"ArgentoVivo ospita a Lecce il fotografo Pino Musi","datePublished":"2024-02-08T21:31:42+00:00","dateModified":"2024-02-08T21:41:18+00:00","mainEntityOfPage":{"@id":"https:\/\/arteeluoghi.it\/index.php\/2024\/02\/08\/argentovivo-ospita-a-lecce-il-fotografo-pino-musi\/#webpage"},"wordCount":561,"commentCount":0,"publisher":{"@id":"https:\/\/arteeluoghi.it\/#organization"},"image":{"@id":"https:\/\/arteeluoghi.it\/index.php\/2024\/02\/08\/argentovivo-ospita-a-lecce-il-fotografo-pino-musi\/#primaryimage"},"thumbnailUrl":"https:\/\/arteeluoghi.it\/wp-content\/uploads\/2024\/02\/Pino-Musi.jpg","keywords":["ArgentoVivo","Cantieri Teatrali Koreja","fotografia","Lecce","Pino Musi"],"articleSection":["Arte","Arti visive"],"inLanguage":"it-IT","potentialAction":[{"@type":"CommentAction","name":"Comment","target":["https:\/\/arteeluoghi.it\/index.php\/2024\/02\/08\/argentovivo-ospita-a-lecce-il-fotografo-pino-musi\/#respond"]}]},{"@type":"Person","@id":"https:\/\/arteeluoghi.it\/#\/schema\/person\/f84e814e36e91e01448ee07eaadd41d4","name":"Staff","image":{"@type":"ImageObject","@id":"https:\/\/arteeluoghi.it\/#personlogo","inLanguage":"it-IT","url":"https:\/\/secure.gravatar.com\/avatar\/49d2f9e46271bb04e19cebfaf141313a?s=96&d=blank&r=g","contentUrl":"https:\/\/secure.gravatar.com\/avatar\/49d2f9e46271bb04e19cebfaf141313a?s=96&d=blank&r=g","caption":"Staff"}}]}},"_links":{"self":[{"href":"https:\/\/arteeluoghi.it\/index.php\/wp-json\/wp\/v2\/posts\/14060"}],"collection":[{"href":"https:\/\/arteeluoghi.it\/index.php\/wp-json\/wp\/v2\/posts"}],"about":[{"href":"https:\/\/arteeluoghi.it\/index.php\/wp-json\/wp\/v2\/types\/post"}],"author":[{"embeddable":true,"href":"https:\/\/arteeluoghi.it\/index.php\/wp-json\/wp\/v2\/users\/1"}],"replies":[{"embeddable":true,"href":"https:\/\/arteeluoghi.it\/index.php\/wp-json\/wp\/v2\/comments?post=14060"}],"version-history":[{"count":1,"href":"https:\/\/arteeluoghi.it\/index.php\/wp-json\/wp\/v2\/posts\/14060\/revisions"}],"predecessor-version":[{"id":14064,"href":"https:\/\/arteeluoghi.it\/index.php\/wp-json\/wp\/v2\/posts\/14060\/revisions\/14064"}],"wp:featuredmedia":[{"embeddable":true,"href":"https:\/\/arteeluoghi.it\/index.php\/wp-json\/wp\/v2\/media\/14061"}],"wp:attachment":[{"href":"https:\/\/arteeluoghi.it\/index.php\/wp-json\/wp\/v2\/media?parent=14060"}],"wp:term":[{"taxonomy":"category","embeddable":true,"href":"https:\/\/arteeluoghi.it\/index.php\/wp-json\/wp\/v2\/categories?post=14060"},{"taxonomy":"post_tag","embeddable":true,"href":"https:\/\/arteeluoghi.it\/index.php\/wp-json\/wp\/v2\/tags?post=14060"}],"curies":[{"name":"wp","href":"https:\/\/api.w.org\/{rel}","templated":true}]}}