{"id":14083,"date":"2024-01-14T23:13:00","date_gmt":"2024-01-14T22:13:00","guid":{"rendered":"https:\/\/arteeluoghi.it\/?p=14083"},"modified":"2024-02-08T23:18:50","modified_gmt":"2024-02-08T22:18:50","slug":"le-monache-di-mattia-barbalaco","status":"publish","type":"post","link":"https:\/\/arteeluoghi.it\/index.php\/2024\/01\/14\/le-monache-di-mattia-barbalaco\/","title":{"rendered":"Le monache  di Mattia Barbalaco"},"content":{"rendered":"\n<blockquote class=\"wp-block-quote\"><p>Un viaggio tra i luoghi e nonluoghi fisici ed emozionali dell&#8217;arte contemporanea<\/p><p>\u201cTre sono i voti che una suora deve osservare. Il voto di povert\u00e0. \u2212 Mmmh. \u2212 Il voto di obbedienza. \u2212 Mmmh. \u2212 E il voto di castit\u00e0. \u2212 Eh no! Questo \u00e8 troppo!\u201d (Whoopi Goldberg)<\/p><cite>Dario Ferreri<\/cite><\/blockquote>\n\n\n\n<p>Mattia Barbalaco, classe 1999, \u00e8 un giovanissimo artista calabrese di Vibo Valentia, attualmente studente di pittura presso l\u2019Accademia di Belle Arti di Roma, specializzato nella pittura figurativa strettamente realista, che \u00e8 di recente emerso nel panorama artistico figurativo nazionale (gi\u00e0 peraltro inserito da Camillo Langone nei suoi \u201cEccellenti Pittori\u201d) grazie a svariate mostre personali.<\/p>\n\n\n\n<!--more-->\n\n\n\n<p><br>Tra i suoi primi dipinti, ritratti, omaggi e\/o reinterpretazioni di opere di grandi artisti del passato ed un ciclo di nudi. Ma \u00e8 con le personali \u201cL&#8217;abito fa la monaca\u201d (2 aprile-7 maggio 2022) e \u201cL\u2019abito fa la monaca \u2013 Parte seconda\u201d (19 novembre 2022-28 gennaio 2023), entrambe presso la Blu Gallery di Bologna, che inizia a venir fuori la sua interessante personalit\u00e0 artistica.<br>\u201cC\u2019\u00e8 forse qualcuno che non ama le suore? Tutti le adorano. Sono irresistibili\u201d \u00e8 una delle frasi pi\u00f9 famose di Whoopi Goldberg nel film \u201cSister Act &#8211; Una svitata in abito da suora\u201d del 1992; ma in realt\u00e0 le monache di Barbalaco vanno molto oltre i luoghi comuni: le due personali di cui sopra, infatti, puntano un faro sull\u2019ambiente monastico, ma attingono al mondo di ricordi dell\u2019artista (che ha ricevuto la prima educazione all\u2019interno di una scuola gestita da suore) ed al suo immaginario e rappresentano in maniera interessante il suo POV (Point Of View) nel quale gli abiti, gli occhi, i gesti, le pose, le relazioni ed i banali oggetti della vita quotidiana assurgono a simboli ed archetipi e narrano intriganti storie o ricordi che l\u2019osservatore pu\u00f2 ulteriormente arricchire di contenuti.<\/p>\n\n\n\n<div class=\"wp-block-image\"><figure class=\"alignleft size-large is-resized\"><img loading=\"lazy\" src=\"https:\/\/arteeluoghi.it\/wp-content\/uploads\/2024\/02\/5-Esuvia.jpg\" alt=\"\" class=\"wp-image-14085\" width=\"348\" height=\"434\" srcset=\"https:\/\/arteeluoghi.it\/wp-content\/uploads\/2024\/02\/5-Esuvia.jpg 513w, https:\/\/arteeluoghi.it\/wp-content\/uploads\/2024\/02\/5-Esuvia-240x300.jpg 240w\" sizes=\"(max-width: 348px) 100vw, 348px\" \/><\/figure><\/div>\n\n\n\n<p><br>Le monache protagoniste delle sue opere sono donne che hanno fatto pace o, al contrario, combattono ancora la sensualit\u00e0 della loro natura femminile con la sacralit\u00e0 della veste indossata e degli ieratici riti a cui sono avvezze: i loro occhi talvolta cercano la complicit\u00e0 dell\u2019osservatore, altre volte sono distolti e concentrati nel contesto che stanno vivendo, rassegnati, sereni, emozionati, malinconici od ormai rapiti da un raggiunto stato spirituale superiore.<br>Certamente la giovane et\u00e0 di Barbalaco prelude a future evoluzioni artistiche, ma il taglio del racconto, efficace e scevro da moralismi e la peculiare cifra figurativa in divenire delle sue opere, risultano accattivanti. Il suo realismo ironico, e per taluni versi provocatorio, \u00e8 stato da taluni accostato a quello di John Currin e la profondit\u00e0 dell\u2019introspezione interiore dei suoi ritratti a quella di Theodore Gericault.<br>Un suo grande dipinto, \u201cIl Miracolo di Santa Paola Frassinetti\u201d, \u00e8 attualmente presso il Santuario di Santa Paola a San Calogero (VV)<br>\u00c8 un dono il saper narrare storie anche in opere di piccolo formato, qualit\u00e0 che riconosco a Barbalaco, un artista da seguire e che spero riservi ulteriori piacevoli sorprese in futuro.<br>Per conoscere in maniera pi\u00f9 approfondita il mondo di questo artista vi invito a seguirlo sui social: https:\/\/www.instagram.com\/mattia_barbalaco\/, https:\/\/www.facebook.com\/mbarbalaco\/<\/p>\n\n\n\n<p><\/p>\n","protected":false},"excerpt":{"rendered":"<p>Un viaggio tra i luoghi e nonluoghi fisici ed emozionali dell&#8217;arte contemporanea \u201cTre sono i voti che una suora deve<\/p>\n","protected":false},"author":1,"featured_media":14084,"comment_status":"open","ping_status":"open","sticky":true,"template":"","format":"standard","meta":[],"categories":[27,3],"tags":[234,5966,5967],"yoast_head":"<!-- This site is optimized with the Yoast SEO plugin v18.0 - https:\/\/yoast.com\/wordpress\/plugins\/seo\/ -->\n<title>Le monache di Mattia Barbalaco | Arte e Luoghi<\/title>\n<meta name=\"description\" content=\"Un viaggio tra i luoghi e nonluoghi fisici ed emozionali dell&#039;arte contemporanea. Le monache di Mattia Barbalaco\" \/>\n<meta name=\"robots\" content=\"index, follow, max-snippet:-1, max-image-preview:large, max-video-preview:-1\" \/>\n<link rel=\"canonical\" href=\"https:\/\/arteeluoghi.it\/index.php\/2024\/01\/14\/le-monache-di-mattia-barbalaco\/\" \/>\n<meta property=\"og:locale\" content=\"it_IT\" \/>\n<meta property=\"og:type\" content=\"article\" \/>\n<meta property=\"og:title\" content=\"Le monache di Mattia Barbalaco | Arte e Luoghi\" \/>\n<meta property=\"og:description\" content=\"Un viaggio tra i luoghi e nonluoghi fisici ed emozionali dell&#039;arte contemporanea. Le monache di Mattia Barbalaco\" \/>\n<meta property=\"og:url\" content=\"https:\/\/arteeluoghi.it\/index.php\/2024\/01\/14\/le-monache-di-mattia-barbalaco\/\" \/>\n<meta property=\"og:site_name\" content=\"Arte e Luoghi\" \/>\n<meta property=\"article:publisher\" content=\"https:\/\/www.facebook.com\/ArteELuoghi\/\" \/>\n<meta property=\"article:published_time\" content=\"2024-01-14T22:13:00+00:00\" \/>\n<meta property=\"article:modified_time\" content=\"2024-02-08T22:18:50+00:00\" \/>\n<meta property=\"og:image\" content=\"https:\/\/arteeluoghi.it\/wp-content\/uploads\/2024\/02\/4-Speriamo-non-parli.jpg\" \/>\n\t<meta property=\"og:image:width\" content=\"1440\" \/>\n\t<meta property=\"og:image:height\" content=\"942\" \/>\n\t<meta property=\"og:image:type\" content=\"image\/jpeg\" \/>\n<meta name=\"twitter:card\" content=\"summary\" \/>\n<meta name=\"twitter:creator\" content=\"@arteeluoghi\" \/>\n<meta name=\"twitter:site\" content=\"@arteeluoghi\" \/>\n<meta name=\"twitter:label1\" content=\"Scritto da\" \/>\n\t<meta name=\"twitter:data1\" content=\"Staff\" \/>\n\t<meta name=\"twitter:label2\" content=\"Tempo di lettura stimato\" \/>\n\t<meta name=\"twitter:data2\" content=\"3 minuti\" \/>\n<script type=\"application\/ld+json\" class=\"yoast-schema-graph\">{\"@context\":\"https:\/\/schema.org\",\"@graph\":[{\"@type\":\"Organization\",\"@id\":\"https:\/\/arteeluoghi.it\/#organization\",\"name\":\"Arte e Luoghi\",\"url\":\"https:\/\/arteeluoghi.it\/\",\"sameAs\":[\"https:\/\/www.facebook.com\/ArteELuoghi\/\",\"https:\/\/www.instagram.com\/arteeluoghi\/?hl=it\",\"https:\/\/www.youtube.com\/channel\/UCuRVc4JW4-C5sg9rQB-srkw?view_as=subscriber\",\"https:\/\/twitter.com\/arteeluoghi\"],\"logo\":{\"@type\":\"ImageObject\",\"@id\":\"https:\/\/arteeluoghi.it\/#logo\",\"inLanguage\":\"it-IT\",\"url\":\"https:\/\/arteeluoghi.it\/wp-content\/uploads\/2018\/08\/logoinstagramarte.jpg\",\"contentUrl\":\"https:\/\/arteeluoghi.it\/wp-content\/uploads\/2018\/08\/logoinstagramarte.jpg\",\"width\":150,\"height\":150,\"caption\":\"Arte e Luoghi\"},\"image\":{\"@id\":\"https:\/\/arteeluoghi.it\/#logo\"}},{\"@type\":\"WebSite\",\"@id\":\"https:\/\/arteeluoghi.it\/#website\",\"url\":\"https:\/\/arteeluoghi.it\/\",\"name\":\"Arte e Luoghi\",\"description\":\"Mensile di arte, cultura, turismo e curiosit\u00e0\",\"publisher\":{\"@id\":\"https:\/\/arteeluoghi.it\/#organization\"},\"potentialAction\":[{\"@type\":\"SearchAction\",\"target\":{\"@type\":\"EntryPoint\",\"urlTemplate\":\"https:\/\/arteeluoghi.it\/?s={search_term_string}\"},\"query-input\":\"required name=search_term_string\"}],\"inLanguage\":\"it-IT\"},{\"@type\":\"ImageObject\",\"@id\":\"https:\/\/arteeluoghi.it\/index.php\/2024\/01\/14\/le-monache-di-mattia-barbalaco\/#primaryimage\",\"inLanguage\":\"it-IT\",\"url\":\"https:\/\/arteeluoghi.it\/wp-content\/uploads\/2024\/02\/4-Speriamo-non-parli.jpg\",\"contentUrl\":\"https:\/\/arteeluoghi.it\/wp-content\/uploads\/2024\/02\/4-Speriamo-non-parli.jpg\",\"width\":1440,\"height\":942},{\"@type\":\"WebPage\",\"@id\":\"https:\/\/arteeluoghi.it\/index.php\/2024\/01\/14\/le-monache-di-mattia-barbalaco\/#webpage\",\"url\":\"https:\/\/arteeluoghi.it\/index.php\/2024\/01\/14\/le-monache-di-mattia-barbalaco\/\",\"name\":\"Le monache di Mattia Barbalaco | Arte e Luoghi\",\"isPartOf\":{\"@id\":\"https:\/\/arteeluoghi.it\/#website\"},\"primaryImageOfPage\":{\"@id\":\"https:\/\/arteeluoghi.it\/index.php\/2024\/01\/14\/le-monache-di-mattia-barbalaco\/#primaryimage\"},\"datePublished\":\"2024-01-14T22:13:00+00:00\",\"dateModified\":\"2024-02-08T22:18:50+00:00\",\"description\":\"Un viaggio tra i luoghi e nonluoghi fisici ed emozionali dell'arte contemporanea. Le monache di Mattia Barbalaco\",\"breadcrumb\":{\"@id\":\"https:\/\/arteeluoghi.it\/index.php\/2024\/01\/14\/le-monache-di-mattia-barbalaco\/#breadcrumb\"},\"inLanguage\":\"it-IT\",\"potentialAction\":[{\"@type\":\"ReadAction\",\"target\":[\"https:\/\/arteeluoghi.it\/index.php\/2024\/01\/14\/le-monache-di-mattia-barbalaco\/\"]}]},{\"@type\":\"BreadcrumbList\",\"@id\":\"https:\/\/arteeluoghi.it\/index.php\/2024\/01\/14\/le-monache-di-mattia-barbalaco\/#breadcrumb\",\"itemListElement\":[{\"@type\":\"ListItem\",\"position\":1,\"name\":\"Home\",\"item\":\"https:\/\/arteeluoghi.it\/\"},{\"@type\":\"ListItem\",\"position\":2,\"name\":\"Le monache di Mattia Barbalaco\"}]},{\"@type\":\"Article\",\"@id\":\"https:\/\/arteeluoghi.it\/index.php\/2024\/01\/14\/le-monache-di-mattia-barbalaco\/#article\",\"isPartOf\":{\"@id\":\"https:\/\/arteeluoghi.it\/index.php\/2024\/01\/14\/le-monache-di-mattia-barbalaco\/#webpage\"},\"author\":{\"@id\":\"https:\/\/arteeluoghi.it\/#\/schema\/person\/f84e814e36e91e01448ee07eaadd41d4\"},\"headline\":\"Le monache di Mattia Barbalaco\",\"datePublished\":\"2024-01-14T22:13:00+00:00\",\"dateModified\":\"2024-02-08T22:18:50+00:00\",\"mainEntityOfPage\":{\"@id\":\"https:\/\/arteeluoghi.it\/index.php\/2024\/01\/14\/le-monache-di-mattia-barbalaco\/#webpage\"},\"wordCount\":509,\"commentCount\":0,\"publisher\":{\"@id\":\"https:\/\/arteeluoghi.it\/#organization\"},\"image\":{\"@id\":\"https:\/\/arteeluoghi.it\/index.php\/2024\/01\/14\/le-monache-di-mattia-barbalaco\/#primaryimage\"},\"thumbnailUrl\":\"https:\/\/arteeluoghi.it\/wp-content\/uploads\/2024\/02\/4-Speriamo-non-parli.jpg\",\"keywords\":[\"arte\",\"Mattia Barbalaco\",\"monache\"],\"articleSection\":[\"Arte\",\"Arti visive\"],\"inLanguage\":\"it-IT\",\"potentialAction\":[{\"@type\":\"CommentAction\",\"name\":\"Comment\",\"target\":[\"https:\/\/arteeluoghi.it\/index.php\/2024\/01\/14\/le-monache-di-mattia-barbalaco\/#respond\"]}]},{\"@type\":\"Person\",\"@id\":\"https:\/\/arteeluoghi.it\/#\/schema\/person\/f84e814e36e91e01448ee07eaadd41d4\",\"name\":\"Staff\",\"image\":{\"@type\":\"ImageObject\",\"@id\":\"https:\/\/arteeluoghi.it\/#personlogo\",\"inLanguage\":\"it-IT\",\"url\":\"https:\/\/secure.gravatar.com\/avatar\/49d2f9e46271bb04e19cebfaf141313a?s=96&d=blank&r=g\",\"contentUrl\":\"https:\/\/secure.gravatar.com\/avatar\/49d2f9e46271bb04e19cebfaf141313a?s=96&d=blank&r=g\",\"caption\":\"Staff\"}}]}<\/script>\n<!-- \/ Yoast SEO plugin. -->","yoast_head_json":{"title":"Le monache di Mattia Barbalaco | Arte e Luoghi","description":"Un viaggio tra i luoghi e nonluoghi fisici ed emozionali dell'arte contemporanea. Le monache di Mattia Barbalaco","robots":{"index":"index","follow":"follow","max-snippet":"max-snippet:-1","max-image-preview":"max-image-preview:large","max-video-preview":"max-video-preview:-1"},"canonical":"https:\/\/arteeluoghi.it\/index.php\/2024\/01\/14\/le-monache-di-mattia-barbalaco\/","og_locale":"it_IT","og_type":"article","og_title":"Le monache di Mattia Barbalaco | Arte e Luoghi","og_description":"Un viaggio tra i luoghi e nonluoghi fisici ed emozionali dell'arte contemporanea. Le monache di Mattia Barbalaco","og_url":"https:\/\/arteeluoghi.it\/index.php\/2024\/01\/14\/le-monache-di-mattia-barbalaco\/","og_site_name":"Arte e Luoghi","article_publisher":"https:\/\/www.facebook.com\/ArteELuoghi\/","article_published_time":"2024-01-14T22:13:00+00:00","article_modified_time":"2024-02-08T22:18:50+00:00","og_image":[{"width":1440,"height":942,"url":"https:\/\/arteeluoghi.it\/wp-content\/uploads\/2024\/02\/4-Speriamo-non-parli.jpg","type":"image\/jpeg"}],"twitter_card":"summary","twitter_creator":"@arteeluoghi","twitter_site":"@arteeluoghi","twitter_misc":{"Scritto da":"Staff","Tempo di lettura stimato":"3 minuti"},"schema":{"@context":"https:\/\/schema.org","@graph":[{"@type":"Organization","@id":"https:\/\/arteeluoghi.it\/#organization","name":"Arte e Luoghi","url":"https:\/\/arteeluoghi.it\/","sameAs":["https:\/\/www.facebook.com\/ArteELuoghi\/","https:\/\/www.instagram.com\/arteeluoghi\/?hl=it","https:\/\/www.youtube.com\/channel\/UCuRVc4JW4-C5sg9rQB-srkw?view_as=subscriber","https:\/\/twitter.com\/arteeluoghi"],"logo":{"@type":"ImageObject","@id":"https:\/\/arteeluoghi.it\/#logo","inLanguage":"it-IT","url":"https:\/\/arteeluoghi.it\/wp-content\/uploads\/2018\/08\/logoinstagramarte.jpg","contentUrl":"https:\/\/arteeluoghi.it\/wp-content\/uploads\/2018\/08\/logoinstagramarte.jpg","width":150,"height":150,"caption":"Arte e Luoghi"},"image":{"@id":"https:\/\/arteeluoghi.it\/#logo"}},{"@type":"WebSite","@id":"https:\/\/arteeluoghi.it\/#website","url":"https:\/\/arteeluoghi.it\/","name":"Arte e Luoghi","description":"Mensile di arte, cultura, turismo e curiosit\u00e0","publisher":{"@id":"https:\/\/arteeluoghi.it\/#organization"},"potentialAction":[{"@type":"SearchAction","target":{"@type":"EntryPoint","urlTemplate":"https:\/\/arteeluoghi.it\/?s={search_term_string}"},"query-input":"required name=search_term_string"}],"inLanguage":"it-IT"},{"@type":"ImageObject","@id":"https:\/\/arteeluoghi.it\/index.php\/2024\/01\/14\/le-monache-di-mattia-barbalaco\/#primaryimage","inLanguage":"it-IT","url":"https:\/\/arteeluoghi.it\/wp-content\/uploads\/2024\/02\/4-Speriamo-non-parli.jpg","contentUrl":"https:\/\/arteeluoghi.it\/wp-content\/uploads\/2024\/02\/4-Speriamo-non-parli.jpg","width":1440,"height":942},{"@type":"WebPage","@id":"https:\/\/arteeluoghi.it\/index.php\/2024\/01\/14\/le-monache-di-mattia-barbalaco\/#webpage","url":"https:\/\/arteeluoghi.it\/index.php\/2024\/01\/14\/le-monache-di-mattia-barbalaco\/","name":"Le monache di Mattia Barbalaco | Arte e Luoghi","isPartOf":{"@id":"https:\/\/arteeluoghi.it\/#website"},"primaryImageOfPage":{"@id":"https:\/\/arteeluoghi.it\/index.php\/2024\/01\/14\/le-monache-di-mattia-barbalaco\/#primaryimage"},"datePublished":"2024-01-14T22:13:00+00:00","dateModified":"2024-02-08T22:18:50+00:00","description":"Un viaggio tra i luoghi e nonluoghi fisici ed emozionali dell'arte contemporanea. Le monache di Mattia Barbalaco","breadcrumb":{"@id":"https:\/\/arteeluoghi.it\/index.php\/2024\/01\/14\/le-monache-di-mattia-barbalaco\/#breadcrumb"},"inLanguage":"it-IT","potentialAction":[{"@type":"ReadAction","target":["https:\/\/arteeluoghi.it\/index.php\/2024\/01\/14\/le-monache-di-mattia-barbalaco\/"]}]},{"@type":"BreadcrumbList","@id":"https:\/\/arteeluoghi.it\/index.php\/2024\/01\/14\/le-monache-di-mattia-barbalaco\/#breadcrumb","itemListElement":[{"@type":"ListItem","position":1,"name":"Home","item":"https:\/\/arteeluoghi.it\/"},{"@type":"ListItem","position":2,"name":"Le monache di Mattia Barbalaco"}]},{"@type":"Article","@id":"https:\/\/arteeluoghi.it\/index.php\/2024\/01\/14\/le-monache-di-mattia-barbalaco\/#article","isPartOf":{"@id":"https:\/\/arteeluoghi.it\/index.php\/2024\/01\/14\/le-monache-di-mattia-barbalaco\/#webpage"},"author":{"@id":"https:\/\/arteeluoghi.it\/#\/schema\/person\/f84e814e36e91e01448ee07eaadd41d4"},"headline":"Le monache di Mattia Barbalaco","datePublished":"2024-01-14T22:13:00+00:00","dateModified":"2024-02-08T22:18:50+00:00","mainEntityOfPage":{"@id":"https:\/\/arteeluoghi.it\/index.php\/2024\/01\/14\/le-monache-di-mattia-barbalaco\/#webpage"},"wordCount":509,"commentCount":0,"publisher":{"@id":"https:\/\/arteeluoghi.it\/#organization"},"image":{"@id":"https:\/\/arteeluoghi.it\/index.php\/2024\/01\/14\/le-monache-di-mattia-barbalaco\/#primaryimage"},"thumbnailUrl":"https:\/\/arteeluoghi.it\/wp-content\/uploads\/2024\/02\/4-Speriamo-non-parli.jpg","keywords":["arte","Mattia Barbalaco","monache"],"articleSection":["Arte","Arti visive"],"inLanguage":"it-IT","potentialAction":[{"@type":"CommentAction","name":"Comment","target":["https:\/\/arteeluoghi.it\/index.php\/2024\/01\/14\/le-monache-di-mattia-barbalaco\/#respond"]}]},{"@type":"Person","@id":"https:\/\/arteeluoghi.it\/#\/schema\/person\/f84e814e36e91e01448ee07eaadd41d4","name":"Staff","image":{"@type":"ImageObject","@id":"https:\/\/arteeluoghi.it\/#personlogo","inLanguage":"it-IT","url":"https:\/\/secure.gravatar.com\/avatar\/49d2f9e46271bb04e19cebfaf141313a?s=96&d=blank&r=g","contentUrl":"https:\/\/secure.gravatar.com\/avatar\/49d2f9e46271bb04e19cebfaf141313a?s=96&d=blank&r=g","caption":"Staff"}}]}},"_links":{"self":[{"href":"https:\/\/arteeluoghi.it\/index.php\/wp-json\/wp\/v2\/posts\/14083"}],"collection":[{"href":"https:\/\/arteeluoghi.it\/index.php\/wp-json\/wp\/v2\/posts"}],"about":[{"href":"https:\/\/arteeluoghi.it\/index.php\/wp-json\/wp\/v2\/types\/post"}],"author":[{"embeddable":true,"href":"https:\/\/arteeluoghi.it\/index.php\/wp-json\/wp\/v2\/users\/1"}],"replies":[{"embeddable":true,"href":"https:\/\/arteeluoghi.it\/index.php\/wp-json\/wp\/v2\/comments?post=14083"}],"version-history":[{"count":1,"href":"https:\/\/arteeluoghi.it\/index.php\/wp-json\/wp\/v2\/posts\/14083\/revisions"}],"predecessor-version":[{"id":14086,"href":"https:\/\/arteeluoghi.it\/index.php\/wp-json\/wp\/v2\/posts\/14083\/revisions\/14086"}],"wp:featuredmedia":[{"embeddable":true,"href":"https:\/\/arteeluoghi.it\/index.php\/wp-json\/wp\/v2\/media\/14084"}],"wp:attachment":[{"href":"https:\/\/arteeluoghi.it\/index.php\/wp-json\/wp\/v2\/media?parent=14083"}],"wp:term":[{"taxonomy":"category","embeddable":true,"href":"https:\/\/arteeluoghi.it\/index.php\/wp-json\/wp\/v2\/categories?post=14083"},{"taxonomy":"post_tag","embeddable":true,"href":"https:\/\/arteeluoghi.it\/index.php\/wp-json\/wp\/v2\/tags?post=14083"}],"curies":[{"name":"wp","href":"https:\/\/api.w.org\/{rel}","templated":true}]}}