{"id":1415,"date":"2013-10-23T21:04:00","date_gmt":"2013-10-23T19:04:00","guid":{"rendered":"http:\/\/arteeluoghi.it\/index.php\/2013\/10\/23\/l-arte-aiuta-l-arte\/"},"modified":"2013-10-23T21:04:00","modified_gmt":"2013-10-23T19:04:00","slug":"l-arte-aiuta-l-arte","status":"publish","type":"post","link":"https:\/\/arteeluoghi.it\/index.php\/2013\/10\/23\/l-arte-aiuta-l-arte\/","title":{"rendered":"L\u2019Arte Aiuta L\u2019Arte"},"content":{"rendered":"<p><span style=\"font-size: small;\"><img src=\"\/images\/nottemuseo_david_02.jpg\" border=\"0\" title=\"la locandina dell'evento\" width=\"300\" style=\"margin: 21px; float: left;\" \/>Sabato 26 ottobre ritorna Una Notte al Museo<\/span><\/p>\n<p><span style=\"font-size: small;\"><strong>Un&#8217;opera restaurata grazie ai fondi della Notte al Museo<\/strong><\/span><\/p>\n<p><span style=\"font-size: small;\"><strong> la sceglieranno i cittadini con un click<\/strong><\/span><\/p>\n<p>Il Ministero dei Beni e delle Attivit\u00e0 Culturali e del Turismo propone sabato 26 ottobre il quarto appuntamento di \u201cUna notte al museo\u201d, con l&#8217;apertura straordinaria dalle 20:00 alle 24:00 dei principali musei statali italiani. Questa volta, inoltre, chi si unir\u00e0 agli oltre 70.000 visitatori che hanno finora premiato con la loro partecipazione il progetto, potr\u00e0 contribuire alla tutela del nostro patrimonio culturale. Il MiBACT lancia infatti la consultazione online \u201cL\u2019Arte Aiuta l\u2019Arte\u201d. Gli utenti con un semplice click potranno scegliere di restaurare l&#8217;opera d&#8217;arte preferita, selezionandola tra una rosa di otto conservate a Firenze, Napoli, Roma e Venezia. Il restauro sar\u00e0 finanziato dalla Direzione Generale per la Valorizzazione, che destiner\u00e0 i proventi dei biglietti di ingresso delle precedenti edizioni di \u201cUna notte al museo\u201d.<\/p>\n<p>  <!--more-->  <\/p>\n<p> \u201cAttraverso il progetto \u201cL\u2019Arte Aiuta l\u2019Arte\u201d &#8211; dichiara il Ministro dei Beni e delle attivit\u00e0 Culturali e del Turismo, Massimo Bray \u2013 vogliamo coinvolgere attivamente i cittadini nel sostegno alla conservazione e alla tutela del patrimonio culturale statale, che \u00e8 un patrimonio comune\u201d.<\/p>\n<p> \u201cCon questa consultazione online &#8211; aggiunge il Direttore Generale per la Valorizzazione, Anna Maria Buzzi &#8211; dopo aver aperto le porte dei nostri musei di notte, apriremo agli utenti della rete, che diventeranno protagonisti, potendo contribuire direttamente al restauro del nostro patrimonio\u201d.<\/p>\n<p> <img src=\"\/images\/MassimoBray2.jpg\" border=\"0\" title=\"il Ministro Massimo Bray\" width=\"200\" style=\"margin: 21px; float: right;\" \/>Per partecipare alla consultazione online basta collegarsi al link <a href=\"http:\/\/www.valorizzazione.beniculturali.it\/arteaiutaarte\">www.valorizzazione.beniculturali.it\/arteaiutaarte<\/a>, e selezionare l\u2019opera d\u2019arte preferita. Il sondaggio online si chiuder\u00e0 il prossimo 15 novembre e al termine verr\u00e0 pubblicata sul sito una graduatoria delle opere pi\u00f9 votate.<\/p>\n<p> Per rendere ancora pi\u00f9 vivi e dinamici i nostri musei e fornire un motivo in pi\u00f9 per visitare i luoghi d\u2019eccellenza della nostra cultura il sabato sera, anche questa edizione si arricchisce di eventi organizzati grazie alla generosa collaborazione e all&#8217;impegno di artisti e associazioni culturali. Tra le tante iniziative, al Museo Archeologico Nazionale di Ferrara andr\u00e0 in scena \u201cSpina Rivive!\u201d, performance del gruppo storico \u201cFiglio del sole\u201d che rievoca l\u2019et\u00e0 dell\u2019oro dell\u2019antica citt\u00e0 di Spina; a Milano la Pinacoteca di Brera offrir\u00e0 al pubblico un concerto di musica classica con brani di Schumann, Chopin, Brahms, Prokof&#8217;ev, eseguito dal giovanissimo pianista Francesco Granata; aderisce al progetto anche la GNAM di Roma con un percorso visivo e formativo, articolato in quattro sessioni, per riflettere sull&#8217;importanza dell&#8217;immagine nell&#8217;arte visiva contemporanea a partire dalle specificit\u00e0 del cinema di Stanley Kubrick e dalla centralit\u00e0 di alcune figure chiave dei suoi film. Sempre a Roma, particolarmente ricco il programma del Museo Nazionale Etrusco di Villa Giulia: si parte con la presentazione del bando di sostegno alle produzioni cinematografiche a cura della Lucana Film Commission che si avvarr\u00e0 dell&#8217;intervento del regista Marco Risi, per concludere con una degustazione di cibi e vini lucani, dopo il concerto del Trio Porteno che propone brani tratti da famose colonne sonore del cinema. Ancora a Roma, presso il Museo Nazionale Romano di Palazzo Massimo si potr\u00e0 assistere alla conve<img src=\"\/images\/Castello_di_Copertino.jpg\" border=\"0\" title=\"Castello di Copertino (Lecce)\" width=\"350\" style=\"margin: 21px; float: right;\" \/>rsazione del Maestro Edoardo Vianello \u201cIl suono delle fontane di Roma\u2026 e finir\u00e0 in musica!\u201d<br \/> Infine, presso il Castello di Copertino, in provincia di Lecce, ImprovvisArt presenta \u201cImprogames Tutti al Castello&#8221;, spettacolo di improvvisazione teatrale. La squadra degli attori della Scuola Nazionale di Improvvisazione Teatrale di Lecce si cimenter\u00e0 in uno spettacolo divertente e irripetibile, senza scenografia n\u00e9 costumi e gli attori avranno a disposizione soltanto la propria fantasia per dar vita ad uno show originale e sorprendente.<\/p>\n<p> Per l\u2019elenco completo degli eventi e degli istituti che aderiscono all\u2019iniziativa consultare il sito www.beniculturali.it o contattare il numero verde del MiBACT 800991199<\/p>\n<p>(fonte: comunicato stampa)<\/p>\n","protected":false},"excerpt":{"rendered":"<p>Sabato 26 ottobre ritorna Una Notte al Museo Un&#8217;opera restaurata grazie ai fondi della Notte al Museo la sceglieranno i<\/p>\n","protected":false},"author":1,"featured_media":0,"comment_status":"open","ping_status":"open","sticky":false,"template":"","format":"standard","meta":[],"categories":[27],"tags":[],"yoast_head":"<!-- This site is optimized with the Yoast SEO plugin v18.0 - https:\/\/yoast.com\/wordpress\/plugins\/seo\/ -->\n<title>L\u2019Arte Aiuta L\u2019Arte | Arte e Luoghi<\/title>\n<meta name=\"robots\" content=\"index, follow, max-snippet:-1, max-image-preview:large, max-video-preview:-1\" \/>\n<link rel=\"canonical\" href=\"https:\/\/arteeluoghi.it\/index.php\/2013\/10\/23\/l-arte-aiuta-l-arte\/\" \/>\n<meta property=\"og:locale\" content=\"it_IT\" \/>\n<meta property=\"og:type\" content=\"article\" \/>\n<meta property=\"og:title\" content=\"L\u2019Arte Aiuta L\u2019Arte | Arte e Luoghi\" \/>\n<meta property=\"og:description\" content=\"Sabato 26 ottobre ritorna Una Notte al Museo Un&#8217;opera restaurata grazie ai fondi della Notte al Museo la sceglieranno i\" \/>\n<meta property=\"og:url\" content=\"https:\/\/arteeluoghi.it\/index.php\/2013\/10\/23\/l-arte-aiuta-l-arte\/\" \/>\n<meta property=\"og:site_name\" content=\"Arte e Luoghi\" \/>\n<meta property=\"article:publisher\" content=\"https:\/\/www.facebook.com\/ArteELuoghi\/\" \/>\n<meta property=\"article:published_time\" content=\"2013-10-23T19:04:00+00:00\" \/>\n<meta property=\"og:image\" content=\"https:\/\/arteeluoghi.it\/images\/nottemuseo_david_02.jpg\" \/>\n<meta name=\"twitter:card\" content=\"summary\" \/>\n<meta name=\"twitter:creator\" content=\"@arteeluoghi\" \/>\n<meta name=\"twitter:site\" content=\"@arteeluoghi\" \/>\n<meta name=\"twitter:label1\" content=\"Scritto da\" \/>\n\t<meta name=\"twitter:data1\" content=\"Staff\" \/>\n\t<meta name=\"twitter:label2\" content=\"Tempo di lettura stimato\" \/>\n\t<meta name=\"twitter:data2\" content=\"3 minuti\" \/>\n<script type=\"application\/ld+json\" class=\"yoast-schema-graph\">{\"@context\":\"https:\/\/schema.org\",\"@graph\":[{\"@type\":\"Organization\",\"@id\":\"https:\/\/arteeluoghi.it\/#organization\",\"name\":\"Arte e Luoghi\",\"url\":\"https:\/\/arteeluoghi.it\/\",\"sameAs\":[\"https:\/\/www.facebook.com\/ArteELuoghi\/\",\"https:\/\/www.instagram.com\/arteeluoghi\/?hl=it\",\"https:\/\/www.youtube.com\/channel\/UCuRVc4JW4-C5sg9rQB-srkw?view_as=subscriber\",\"https:\/\/twitter.com\/arteeluoghi\"],\"logo\":{\"@type\":\"ImageObject\",\"@id\":\"https:\/\/arteeluoghi.it\/#logo\",\"inLanguage\":\"it-IT\",\"url\":\"https:\/\/arteeluoghi.it\/wp-content\/uploads\/2018\/08\/logoinstagramarte.jpg\",\"contentUrl\":\"https:\/\/arteeluoghi.it\/wp-content\/uploads\/2018\/08\/logoinstagramarte.jpg\",\"width\":150,\"height\":150,\"caption\":\"Arte e Luoghi\"},\"image\":{\"@id\":\"https:\/\/arteeluoghi.it\/#logo\"}},{\"@type\":\"WebSite\",\"@id\":\"https:\/\/arteeluoghi.it\/#website\",\"url\":\"https:\/\/arteeluoghi.it\/\",\"name\":\"Arte e Luoghi\",\"description\":\"Mensile di arte, cultura, turismo e curiosit\u00e0\",\"publisher\":{\"@id\":\"https:\/\/arteeluoghi.it\/#organization\"},\"potentialAction\":[{\"@type\":\"SearchAction\",\"target\":{\"@type\":\"EntryPoint\",\"urlTemplate\":\"https:\/\/arteeluoghi.it\/?s={search_term_string}\"},\"query-input\":\"required name=search_term_string\"}],\"inLanguage\":\"it-IT\"},{\"@type\":\"ImageObject\",\"@id\":\"https:\/\/arteeluoghi.it\/index.php\/2013\/10\/23\/l-arte-aiuta-l-arte\/#primaryimage\",\"inLanguage\":\"it-IT\",\"url\":\"\/images\/nottemuseo_david_02.jpg\",\"contentUrl\":\"\/images\/nottemuseo_david_02.jpg\"},{\"@type\":\"WebPage\",\"@id\":\"https:\/\/arteeluoghi.it\/index.php\/2013\/10\/23\/l-arte-aiuta-l-arte\/#webpage\",\"url\":\"https:\/\/arteeluoghi.it\/index.php\/2013\/10\/23\/l-arte-aiuta-l-arte\/\",\"name\":\"L\u2019Arte Aiuta L\u2019Arte | Arte e Luoghi\",\"isPartOf\":{\"@id\":\"https:\/\/arteeluoghi.it\/#website\"},\"primaryImageOfPage\":{\"@id\":\"https:\/\/arteeluoghi.it\/index.php\/2013\/10\/23\/l-arte-aiuta-l-arte\/#primaryimage\"},\"datePublished\":\"2013-10-23T19:04:00+00:00\",\"dateModified\":\"2013-10-23T19:04:00+00:00\",\"breadcrumb\":{\"@id\":\"https:\/\/arteeluoghi.it\/index.php\/2013\/10\/23\/l-arte-aiuta-l-arte\/#breadcrumb\"},\"inLanguage\":\"it-IT\",\"potentialAction\":[{\"@type\":\"ReadAction\",\"target\":[\"https:\/\/arteeluoghi.it\/index.php\/2013\/10\/23\/l-arte-aiuta-l-arte\/\"]}]},{\"@type\":\"BreadcrumbList\",\"@id\":\"https:\/\/arteeluoghi.it\/index.php\/2013\/10\/23\/l-arte-aiuta-l-arte\/#breadcrumb\",\"itemListElement\":[{\"@type\":\"ListItem\",\"position\":1,\"name\":\"Home\",\"item\":\"https:\/\/arteeluoghi.it\/\"},{\"@type\":\"ListItem\",\"position\":2,\"name\":\"L\u2019Arte Aiuta L\u2019Arte\"}]},{\"@type\":\"Article\",\"@id\":\"https:\/\/arteeluoghi.it\/index.php\/2013\/10\/23\/l-arte-aiuta-l-arte\/#article\",\"isPartOf\":{\"@id\":\"https:\/\/arteeluoghi.it\/index.php\/2013\/10\/23\/l-arte-aiuta-l-arte\/#webpage\"},\"author\":{\"@id\":\"https:\/\/arteeluoghi.it\/#\/schema\/person\/f84e814e36e91e01448ee07eaadd41d4\"},\"headline\":\"L\u2019Arte Aiuta L\u2019Arte\",\"datePublished\":\"2013-10-23T19:04:00+00:00\",\"dateModified\":\"2013-10-23T19:04:00+00:00\",\"mainEntityOfPage\":{\"@id\":\"https:\/\/arteeluoghi.it\/index.php\/2013\/10\/23\/l-arte-aiuta-l-arte\/#webpage\"},\"wordCount\":617,\"commentCount\":0,\"publisher\":{\"@id\":\"https:\/\/arteeluoghi.it\/#organization\"},\"image\":{\"@id\":\"https:\/\/arteeluoghi.it\/index.php\/2013\/10\/23\/l-arte-aiuta-l-arte\/#primaryimage\"},\"thumbnailUrl\":\"\/images\/nottemuseo_david_02.jpg\",\"articleSection\":[\"Arte\"],\"inLanguage\":\"it-IT\",\"potentialAction\":[{\"@type\":\"CommentAction\",\"name\":\"Comment\",\"target\":[\"https:\/\/arteeluoghi.it\/index.php\/2013\/10\/23\/l-arte-aiuta-l-arte\/#respond\"]}]},{\"@type\":\"Person\",\"@id\":\"https:\/\/arteeluoghi.it\/#\/schema\/person\/f84e814e36e91e01448ee07eaadd41d4\",\"name\":\"Staff\",\"image\":{\"@type\":\"ImageObject\",\"@id\":\"https:\/\/arteeluoghi.it\/#personlogo\",\"inLanguage\":\"it-IT\",\"url\":\"https:\/\/secure.gravatar.com\/avatar\/49d2f9e46271bb04e19cebfaf141313a?s=96&d=blank&r=g\",\"contentUrl\":\"https:\/\/secure.gravatar.com\/avatar\/49d2f9e46271bb04e19cebfaf141313a?s=96&d=blank&r=g\",\"caption\":\"Staff\"}}]}<\/script>\n<!-- \/ Yoast SEO plugin. -->","yoast_head_json":{"title":"L\u2019Arte Aiuta L\u2019Arte | Arte e Luoghi","robots":{"index":"index","follow":"follow","max-snippet":"max-snippet:-1","max-image-preview":"max-image-preview:large","max-video-preview":"max-video-preview:-1"},"canonical":"https:\/\/arteeluoghi.it\/index.php\/2013\/10\/23\/l-arte-aiuta-l-arte\/","og_locale":"it_IT","og_type":"article","og_title":"L\u2019Arte Aiuta L\u2019Arte | Arte e Luoghi","og_description":"Sabato 26 ottobre ritorna Una Notte al Museo Un&#8217;opera restaurata grazie ai fondi della Notte al Museo la sceglieranno i","og_url":"https:\/\/arteeluoghi.it\/index.php\/2013\/10\/23\/l-arte-aiuta-l-arte\/","og_site_name":"Arte e Luoghi","article_publisher":"https:\/\/www.facebook.com\/ArteELuoghi\/","article_published_time":"2013-10-23T19:04:00+00:00","og_image":[{"url":"https:\/\/arteeluoghi.it\/images\/nottemuseo_david_02.jpg"}],"twitter_card":"summary","twitter_creator":"@arteeluoghi","twitter_site":"@arteeluoghi","twitter_misc":{"Scritto da":"Staff","Tempo di lettura stimato":"3 minuti"},"schema":{"@context":"https:\/\/schema.org","@graph":[{"@type":"Organization","@id":"https:\/\/arteeluoghi.it\/#organization","name":"Arte e Luoghi","url":"https:\/\/arteeluoghi.it\/","sameAs":["https:\/\/www.facebook.com\/ArteELuoghi\/","https:\/\/www.instagram.com\/arteeluoghi\/?hl=it","https:\/\/www.youtube.com\/channel\/UCuRVc4JW4-C5sg9rQB-srkw?view_as=subscriber","https:\/\/twitter.com\/arteeluoghi"],"logo":{"@type":"ImageObject","@id":"https:\/\/arteeluoghi.it\/#logo","inLanguage":"it-IT","url":"https:\/\/arteeluoghi.it\/wp-content\/uploads\/2018\/08\/logoinstagramarte.jpg","contentUrl":"https:\/\/arteeluoghi.it\/wp-content\/uploads\/2018\/08\/logoinstagramarte.jpg","width":150,"height":150,"caption":"Arte e Luoghi"},"image":{"@id":"https:\/\/arteeluoghi.it\/#logo"}},{"@type":"WebSite","@id":"https:\/\/arteeluoghi.it\/#website","url":"https:\/\/arteeluoghi.it\/","name":"Arte e Luoghi","description":"Mensile di arte, cultura, turismo e curiosit\u00e0","publisher":{"@id":"https:\/\/arteeluoghi.it\/#organization"},"potentialAction":[{"@type":"SearchAction","target":{"@type":"EntryPoint","urlTemplate":"https:\/\/arteeluoghi.it\/?s={search_term_string}"},"query-input":"required name=search_term_string"}],"inLanguage":"it-IT"},{"@type":"ImageObject","@id":"https:\/\/arteeluoghi.it\/index.php\/2013\/10\/23\/l-arte-aiuta-l-arte\/#primaryimage","inLanguage":"it-IT","url":"\/images\/nottemuseo_david_02.jpg","contentUrl":"\/images\/nottemuseo_david_02.jpg"},{"@type":"WebPage","@id":"https:\/\/arteeluoghi.it\/index.php\/2013\/10\/23\/l-arte-aiuta-l-arte\/#webpage","url":"https:\/\/arteeluoghi.it\/index.php\/2013\/10\/23\/l-arte-aiuta-l-arte\/","name":"L\u2019Arte Aiuta L\u2019Arte | Arte e Luoghi","isPartOf":{"@id":"https:\/\/arteeluoghi.it\/#website"},"primaryImageOfPage":{"@id":"https:\/\/arteeluoghi.it\/index.php\/2013\/10\/23\/l-arte-aiuta-l-arte\/#primaryimage"},"datePublished":"2013-10-23T19:04:00+00:00","dateModified":"2013-10-23T19:04:00+00:00","breadcrumb":{"@id":"https:\/\/arteeluoghi.it\/index.php\/2013\/10\/23\/l-arte-aiuta-l-arte\/#breadcrumb"},"inLanguage":"it-IT","potentialAction":[{"@type":"ReadAction","target":["https:\/\/arteeluoghi.it\/index.php\/2013\/10\/23\/l-arte-aiuta-l-arte\/"]}]},{"@type":"BreadcrumbList","@id":"https:\/\/arteeluoghi.it\/index.php\/2013\/10\/23\/l-arte-aiuta-l-arte\/#breadcrumb","itemListElement":[{"@type":"ListItem","position":1,"name":"Home","item":"https:\/\/arteeluoghi.it\/"},{"@type":"ListItem","position":2,"name":"L\u2019Arte Aiuta L\u2019Arte"}]},{"@type":"Article","@id":"https:\/\/arteeluoghi.it\/index.php\/2013\/10\/23\/l-arte-aiuta-l-arte\/#article","isPartOf":{"@id":"https:\/\/arteeluoghi.it\/index.php\/2013\/10\/23\/l-arte-aiuta-l-arte\/#webpage"},"author":{"@id":"https:\/\/arteeluoghi.it\/#\/schema\/person\/f84e814e36e91e01448ee07eaadd41d4"},"headline":"L\u2019Arte Aiuta L\u2019Arte","datePublished":"2013-10-23T19:04:00+00:00","dateModified":"2013-10-23T19:04:00+00:00","mainEntityOfPage":{"@id":"https:\/\/arteeluoghi.it\/index.php\/2013\/10\/23\/l-arte-aiuta-l-arte\/#webpage"},"wordCount":617,"commentCount":0,"publisher":{"@id":"https:\/\/arteeluoghi.it\/#organization"},"image":{"@id":"https:\/\/arteeluoghi.it\/index.php\/2013\/10\/23\/l-arte-aiuta-l-arte\/#primaryimage"},"thumbnailUrl":"\/images\/nottemuseo_david_02.jpg","articleSection":["Arte"],"inLanguage":"it-IT","potentialAction":[{"@type":"CommentAction","name":"Comment","target":["https:\/\/arteeluoghi.it\/index.php\/2013\/10\/23\/l-arte-aiuta-l-arte\/#respond"]}]},{"@type":"Person","@id":"https:\/\/arteeluoghi.it\/#\/schema\/person\/f84e814e36e91e01448ee07eaadd41d4","name":"Staff","image":{"@type":"ImageObject","@id":"https:\/\/arteeluoghi.it\/#personlogo","inLanguage":"it-IT","url":"https:\/\/secure.gravatar.com\/avatar\/49d2f9e46271bb04e19cebfaf141313a?s=96&d=blank&r=g","contentUrl":"https:\/\/secure.gravatar.com\/avatar\/49d2f9e46271bb04e19cebfaf141313a?s=96&d=blank&r=g","caption":"Staff"}}]}},"_links":{"self":[{"href":"https:\/\/arteeluoghi.it\/index.php\/wp-json\/wp\/v2\/posts\/1415"}],"collection":[{"href":"https:\/\/arteeluoghi.it\/index.php\/wp-json\/wp\/v2\/posts"}],"about":[{"href":"https:\/\/arteeluoghi.it\/index.php\/wp-json\/wp\/v2\/types\/post"}],"author":[{"embeddable":true,"href":"https:\/\/arteeluoghi.it\/index.php\/wp-json\/wp\/v2\/users\/1"}],"replies":[{"embeddable":true,"href":"https:\/\/arteeluoghi.it\/index.php\/wp-json\/wp\/v2\/comments?post=1415"}],"version-history":[{"count":0,"href":"https:\/\/arteeluoghi.it\/index.php\/wp-json\/wp\/v2\/posts\/1415\/revisions"}],"wp:attachment":[{"href":"https:\/\/arteeluoghi.it\/index.php\/wp-json\/wp\/v2\/media?parent=1415"}],"wp:term":[{"taxonomy":"category","embeddable":true,"href":"https:\/\/arteeluoghi.it\/index.php\/wp-json\/wp\/v2\/categories?post=1415"},{"taxonomy":"post_tag","embeddable":true,"href":"https:\/\/arteeluoghi.it\/index.php\/wp-json\/wp\/v2\/tags?post=1415"}],"curies":[{"name":"wp","href":"https:\/\/api.w.org\/{rel}","templated":true}]}}