{"id":14154,"date":"2024-02-18T21:42:00","date_gmt":"2024-02-18T20:42:00","guid":{"rendered":"https:\/\/arteeluoghi.it\/?p=14154"},"modified":"2024-02-19T21:48:01","modified_gmt":"2024-02-19T20:48:01","slug":"torna-c-i-o-e-in-ricordo-di-massimo-troisi","status":"publish","type":"post","link":"https:\/\/arteeluoghi.it\/index.php\/2024\/02\/18\/torna-c-i-o-e-in-ricordo-di-massimo-troisi\/","title":{"rendered":"Torna C.I.O.E.(&#8216;) in ricordo di Massimo Troisi"},"content":{"rendered":"\n<blockquote class=\"wp-block-quote\"><p> In occasione del 71\u00b0 compleanno di Troisi torna l&#8217;accademia trimestrale gratuita per la formazione di giovani talenti artistici nazionali.  Iscrizioni aperte dal 19 febbraio al 16 marzo<\/p><\/blockquote>\n\n\n\n<p><strong>Secondo anno consecutivo per C.I.O.E.(\u2019) &#8211; <em>Centro Interdisciplinare Opportunit\u00e0 Espressive <\/em>diretto da Lello ArenaIn occasione del 71\u00b0 compleanno di Troisi torna l&#8217;accademia trimestrale gratuita per la formazione di giovani talenti artistici nazionali. <br>Iscrizioni aperte dal 19 febbraio al 16 marzo<\/strong>.<\/p>\n\n\n\n<!--more-->\n\n\n\n<p>Da un\u2019idea di <strong>Lello Arena <\/strong>torna, per il secondo anno consecutivo, <strong>C.I.O.E.(\u2019) &#8211;<\/strong><strong>Centro Interdisciplinare Opportunit\u00e0 Espressive<\/strong>.<strong> <\/strong>Il progetto formativo \u00e8<strong> <\/strong>rivolto ai giovani talenti nazionali per le discipline: Attori\/Autori; Musicisti\/Cantanti; Ballerini\/Performers\/Artisti di strada.&nbsp;<br>Oggi 19 febbraio, in occasione di quelli che sarebbero stati i 71 anni di <strong>Massimo Troisi<\/strong>, riparte C.I.O.E.(&#8216;) che \u00e8 soprattutto condivisione, da parte di una straordinaria comunit\u00e0 d&#8217;arte, della stessa passione per una delle personalit\u00e0 pi\u00f9 affascinanti e innovative nel campo dell&#8217;arte e dello spettacolo.<\/p>\n\n\n\n<p>&#8220;<em>Stare insieme ispirati dalle sue straordinarie intuizioni comiche, dai suoi spericolati punti di vista, dalla delicatezza della sua poetica, dalla potenza innovativa delle sue idee, sar\u00e0 la principale occasione di gioia del progetto<\/em>.\u201d &#8211; dice Lello Arena che aggiunge: &#8220;<em>Anche quest\u2019anno mi sar\u00e0 vicino <\/em><strong><em>Enzo<\/em><\/strong><em> <\/em><strong><em>Decaro<\/em><\/strong><em> con il quale sar\u00f2 felice di condividere emozioni, slanci e nuove passioni da aggiungere a quelle che gi\u00e0 ci legano da sempre. E per questo lo ringrazio sin da adesso<\/em>.\u201d<br><strong>Da oggi 19 Febbraio, fino al 16 Marzo<\/strong>, sar\u00e0 possibile candidarsi inviando una mail a <strong><a href=\"mailto:casting2024@lelloarena.com\">casting2024@lelloarena.com<\/a><\/strong> con i dati personali: nome, cognome, data di nascita, residenza, una foto e allegando un file video, della durata massima di 1 minuto, con un&#8217; esibizione a scelta per i ballerini, artisti di strada, musicisti, cantanti e attori.Per gli autori baster\u00e0 la lettura di un testo inedito originale scritto da loro stessi.Per partecipare bisogna essere maggiorenni ma non \u00e8 previsto un limite massimo di et\u00e0. Le selezioni saranno a cura del direttore artistico e del suo team di produzione.Chi dovesse superare la prima selezione video, ricever\u00e0 una mail di convocazione per il provino di ammissione finale dal vivo.Dopo un&#8217; accurata selezione saranno scelti 100 partecipanti che verranno suddivisi in quattro classi.Ogni classe avr\u00e0 un docente di riferimento specializzato nell&#8217;insegnamento della disciplina della classe.&nbsp;<br>La formazione si svolger\u00e0 dal <strong>9 Aprile<\/strong> al<strong> 9 Luglio<\/strong> a Napoli e quest&#8217;anno verr\u00e0 raccontata, giorno dopo giorno, da una delle pi\u00f9 prestigiose piattaforme televisive italiane.<\/p>\n\n\n\n<p>Come \u00e8 gi\u00e0 successo lo scorso anno, artisti di fama nazionale ed internazionale saranno protagonisti di alcune masterclass settimanali che saranno a disposizione di tutti gli allievi dei vari corsi. Gli artisti che ad oggi hanno dato la loro adesione sono: <strong>Nino Frassica<\/strong>, <strong>Anna Pavignano<\/strong>, <strong>SerenaAutieri<\/strong>, <strong>Francesco Cicchella<\/strong>, <strong>Massimiliano Gallo<\/strong>, <strong>Francesco Paolantoni<\/strong>,<strong> Linda Brunetta<\/strong>, <strong>Fabrizio Mainini<\/strong> e gli stessi <strong>Lello Arena<\/strong> ed <strong>Enzo Decaro<\/strong>.\u00a0Nei giorni a seguire verranno annunciati i nomi di altri artisti che sono in via di definizione.Inoltre una serie di associazioni nazionali di categoria saranno coinvolte nel progetto didattico per fornire agli allievi strumenti e tecniche utili allo svolgimento del loro futuro lavoro.<br>Al termine del percorso formativo gli allievi saranno protagonisti di 8 produzioni con spettacoli dal vivo che si terranno in Agosto a Piazza del Plebiscito a Napoli.<\/p>\n\n\n\n<p><strong>Considerazioni del Direttore Artistico (Lello Arena)<\/strong><em>\u201cQuando ero ragazzo e collezionavo una porta in faccia dopo l\u2019 altra, quando era difficile spiegare che cosa era quello che poi sarebbe diventato il gruppo LA SMORFIA, quando sembrava che nei miei cassetti non ci fossero sogni ma solo veri e propri incubi, mi avrebbe fatto veramente comodo un posto come C.I.O.E.(\u2018) \u201d<\/em><br><strong>Considerazioni Enzo Decaro&nbsp;<\/strong><em>\u201cIn un mondo sempre pi\u00f9 globale e virtuale&nbsp; (con i pregi e i limiti che tutto ci\u00f2 comporta) potersi &#8216;incontrare&#8217;, conoscere e conoscerSi, misurandosi con i propri limiti e poterli (eventualmente) superare nel bellissimo, necessario e sempre unico viaggio dentro la propria creativit\u00e0, \u00e8 qualcosa di Unico.<\/em><em>Mi auguro davvero che il Percorso di C.I.O.E.(&#8216;), possa essere fonte di ispirazione e messo in atto ovunque possibile.\u201d<\/em><\/p>\n\n\n\n<p>(fonte: comunicato stampa)<\/p>\n","protected":false},"excerpt":{"rendered":"<p>In occasione del 71\u00b0 compleanno di Troisi torna l&#8217;accademia trimestrale gratuita per la formazione di giovani talenti artistici nazionali. Iscrizioni<\/p>\n","protected":false},"author":1,"featured_media":14155,"comment_status":"open","ping_status":"open","sticky":true,"template":"","format":"standard","meta":[],"categories":[13],"tags":[6023,6022,3160,160,377],"yoast_head":"<!-- This site is optimized with the Yoast SEO plugin v18.0 - https:\/\/yoast.com\/wordpress\/plugins\/seo\/ -->\n<title>Torna C.I.O.E.(&#039;) in ricordo di Massimo Troisi | Arte e Luoghi<\/title>\n<meta name=\"description\" content=\"In occasione del 71\u00b0 compleanno di Troisi torna l&#039;accademia trimestrale gratuita per la formazione di giovani talenti artistici nazionali.\" \/>\n<meta name=\"robots\" content=\"index, follow, max-snippet:-1, max-image-preview:large, max-video-preview:-1\" \/>\n<link rel=\"canonical\" href=\"https:\/\/arteeluoghi.it\/index.php\/2024\/02\/18\/torna-c-i-o-e-in-ricordo-di-massimo-troisi\/\" \/>\n<meta property=\"og:locale\" content=\"it_IT\" \/>\n<meta property=\"og:type\" content=\"article\" \/>\n<meta property=\"og:title\" content=\"Torna C.I.O.E.(&#039;) in ricordo di Massimo Troisi | Arte e Luoghi\" \/>\n<meta property=\"og:description\" content=\"In occasione del 71\u00b0 compleanno di Troisi torna l&#039;accademia trimestrale gratuita per la formazione di giovani talenti artistici nazionali.\" \/>\n<meta property=\"og:url\" content=\"https:\/\/arteeluoghi.it\/index.php\/2024\/02\/18\/torna-c-i-o-e-in-ricordo-di-massimo-troisi\/\" \/>\n<meta property=\"og:site_name\" content=\"Arte e Luoghi\" \/>\n<meta property=\"article:publisher\" content=\"https:\/\/www.facebook.com\/ArteELuoghi\/\" \/>\n<meta property=\"article:published_time\" content=\"2024-02-18T20:42:00+00:00\" \/>\n<meta property=\"article:modified_time\" content=\"2024-02-19T20:48:01+00:00\" \/>\n<meta property=\"og:image\" content=\"https:\/\/arteeluoghi.it\/wp-content\/uploads\/2024\/02\/Lello-Arena-e-Enzo-Decaro-copia.jpeg\" \/>\n\t<meta property=\"og:image:width\" content=\"750\" \/>\n\t<meta property=\"og:image:height\" content=\"792\" \/>\n\t<meta property=\"og:image:type\" content=\"image\/jpeg\" \/>\n<meta name=\"twitter:card\" content=\"summary\" \/>\n<meta name=\"twitter:creator\" content=\"@arteeluoghi\" \/>\n<meta name=\"twitter:site\" content=\"@arteeluoghi\" \/>\n<meta name=\"twitter:label1\" content=\"Scritto da\" \/>\n\t<meta name=\"twitter:data1\" content=\"Staff\" \/>\n\t<meta name=\"twitter:label2\" content=\"Tempo di lettura stimato\" \/>\n\t<meta name=\"twitter:data2\" content=\"4 minuti\" \/>\n<script type=\"application\/ld+json\" class=\"yoast-schema-graph\">{\"@context\":\"https:\/\/schema.org\",\"@graph\":[{\"@type\":\"Organization\",\"@id\":\"https:\/\/arteeluoghi.it\/#organization\",\"name\":\"Arte e Luoghi\",\"url\":\"https:\/\/arteeluoghi.it\/\",\"sameAs\":[\"https:\/\/www.facebook.com\/ArteELuoghi\/\",\"https:\/\/www.instagram.com\/arteeluoghi\/?hl=it\",\"https:\/\/www.youtube.com\/channel\/UCuRVc4JW4-C5sg9rQB-srkw?view_as=subscriber\",\"https:\/\/twitter.com\/arteeluoghi\"],\"logo\":{\"@type\":\"ImageObject\",\"@id\":\"https:\/\/arteeluoghi.it\/#logo\",\"inLanguage\":\"it-IT\",\"url\":\"https:\/\/arteeluoghi.it\/wp-content\/uploads\/2018\/08\/logoinstagramarte.jpg\",\"contentUrl\":\"https:\/\/arteeluoghi.it\/wp-content\/uploads\/2018\/08\/logoinstagramarte.jpg\",\"width\":150,\"height\":150,\"caption\":\"Arte e Luoghi\"},\"image\":{\"@id\":\"https:\/\/arteeluoghi.it\/#logo\"}},{\"@type\":\"WebSite\",\"@id\":\"https:\/\/arteeluoghi.it\/#website\",\"url\":\"https:\/\/arteeluoghi.it\/\",\"name\":\"Arte e Luoghi\",\"description\":\"Mensile di arte, cultura, turismo e curiosit\u00e0\",\"publisher\":{\"@id\":\"https:\/\/arteeluoghi.it\/#organization\"},\"potentialAction\":[{\"@type\":\"SearchAction\",\"target\":{\"@type\":\"EntryPoint\",\"urlTemplate\":\"https:\/\/arteeluoghi.it\/?s={search_term_string}\"},\"query-input\":\"required name=search_term_string\"}],\"inLanguage\":\"it-IT\"},{\"@type\":\"ImageObject\",\"@id\":\"https:\/\/arteeluoghi.it\/index.php\/2024\/02\/18\/torna-c-i-o-e-in-ricordo-di-massimo-troisi\/#primaryimage\",\"inLanguage\":\"it-IT\",\"url\":\"https:\/\/arteeluoghi.it\/wp-content\/uploads\/2024\/02\/Lello-Arena-e-Enzo-Decaro-copia.jpeg\",\"contentUrl\":\"https:\/\/arteeluoghi.it\/wp-content\/uploads\/2024\/02\/Lello-Arena-e-Enzo-Decaro-copia.jpeg\",\"width\":750,\"height\":792},{\"@type\":\"WebPage\",\"@id\":\"https:\/\/arteeluoghi.it\/index.php\/2024\/02\/18\/torna-c-i-o-e-in-ricordo-di-massimo-troisi\/#webpage\",\"url\":\"https:\/\/arteeluoghi.it\/index.php\/2024\/02\/18\/torna-c-i-o-e-in-ricordo-di-massimo-troisi\/\",\"name\":\"Torna C.I.O.E.(') in ricordo di Massimo Troisi | Arte e Luoghi\",\"isPartOf\":{\"@id\":\"https:\/\/arteeluoghi.it\/#website\"},\"primaryImageOfPage\":{\"@id\":\"https:\/\/arteeluoghi.it\/index.php\/2024\/02\/18\/torna-c-i-o-e-in-ricordo-di-massimo-troisi\/#primaryimage\"},\"datePublished\":\"2024-02-18T20:42:00+00:00\",\"dateModified\":\"2024-02-19T20:48:01+00:00\",\"description\":\"In occasione del 71\u00b0 compleanno di Troisi torna l'accademia trimestrale gratuita per la formazione di giovani talenti artistici nazionali.\",\"breadcrumb\":{\"@id\":\"https:\/\/arteeluoghi.it\/index.php\/2024\/02\/18\/torna-c-i-o-e-in-ricordo-di-massimo-troisi\/#breadcrumb\"},\"inLanguage\":\"it-IT\",\"potentialAction\":[{\"@type\":\"ReadAction\",\"target\":[\"https:\/\/arteeluoghi.it\/index.php\/2024\/02\/18\/torna-c-i-o-e-in-ricordo-di-massimo-troisi\/\"]}]},{\"@type\":\"BreadcrumbList\",\"@id\":\"https:\/\/arteeluoghi.it\/index.php\/2024\/02\/18\/torna-c-i-o-e-in-ricordo-di-massimo-troisi\/#breadcrumb\",\"itemListElement\":[{\"@type\":\"ListItem\",\"position\":1,\"name\":\"Home\",\"item\":\"https:\/\/arteeluoghi.it\/\"},{\"@type\":\"ListItem\",\"position\":2,\"name\":\"Torna C.I.O.E.(&#8216;) in ricordo di Massimo Troisi\"}]},{\"@type\":\"Article\",\"@id\":\"https:\/\/arteeluoghi.it\/index.php\/2024\/02\/18\/torna-c-i-o-e-in-ricordo-di-massimo-troisi\/#article\",\"isPartOf\":{\"@id\":\"https:\/\/arteeluoghi.it\/index.php\/2024\/02\/18\/torna-c-i-o-e-in-ricordo-di-massimo-troisi\/#webpage\"},\"author\":{\"@id\":\"https:\/\/arteeluoghi.it\/#\/schema\/person\/f84e814e36e91e01448ee07eaadd41d4\"},\"headline\":\"Torna C.I.O.E.(&#8216;) in ricordo di Massimo Troisi\",\"datePublished\":\"2024-02-18T20:42:00+00:00\",\"dateModified\":\"2024-02-19T20:48:01+00:00\",\"mainEntityOfPage\":{\"@id\":\"https:\/\/arteeluoghi.it\/index.php\/2024\/02\/18\/torna-c-i-o-e-in-ricordo-di-massimo-troisi\/#webpage\"},\"wordCount\":679,\"commentCount\":0,\"publisher\":{\"@id\":\"https:\/\/arteeluoghi.it\/#organization\"},\"image\":{\"@id\":\"https:\/\/arteeluoghi.it\/index.php\/2024\/02\/18\/torna-c-i-o-e-in-ricordo-di-massimo-troisi\/#primaryimage\"},\"thumbnailUrl\":\"https:\/\/arteeluoghi.it\/wp-content\/uploads\/2024\/02\/Lello-Arena-e-Enzo-Decaro-copia.jpeg\",\"keywords\":[\"accademia\",\"comicit\u00e0\",\"Massimo Troisi\",\"Napoli\",\"teatro\"],\"articleSection\":[\"teatro\"],\"inLanguage\":\"it-IT\",\"potentialAction\":[{\"@type\":\"CommentAction\",\"name\":\"Comment\",\"target\":[\"https:\/\/arteeluoghi.it\/index.php\/2024\/02\/18\/torna-c-i-o-e-in-ricordo-di-massimo-troisi\/#respond\"]}]},{\"@type\":\"Person\",\"@id\":\"https:\/\/arteeluoghi.it\/#\/schema\/person\/f84e814e36e91e01448ee07eaadd41d4\",\"name\":\"Staff\",\"image\":{\"@type\":\"ImageObject\",\"@id\":\"https:\/\/arteeluoghi.it\/#personlogo\",\"inLanguage\":\"it-IT\",\"url\":\"https:\/\/secure.gravatar.com\/avatar\/49d2f9e46271bb04e19cebfaf141313a?s=96&d=blank&r=g\",\"contentUrl\":\"https:\/\/secure.gravatar.com\/avatar\/49d2f9e46271bb04e19cebfaf141313a?s=96&d=blank&r=g\",\"caption\":\"Staff\"}}]}<\/script>\n<!-- \/ Yoast SEO plugin. -->","yoast_head_json":{"title":"Torna C.I.O.E.(') in ricordo di Massimo Troisi | Arte e Luoghi","description":"In occasione del 71\u00b0 compleanno di Troisi torna l'accademia trimestrale gratuita per la formazione di giovani talenti artistici nazionali.","robots":{"index":"index","follow":"follow","max-snippet":"max-snippet:-1","max-image-preview":"max-image-preview:large","max-video-preview":"max-video-preview:-1"},"canonical":"https:\/\/arteeluoghi.it\/index.php\/2024\/02\/18\/torna-c-i-o-e-in-ricordo-di-massimo-troisi\/","og_locale":"it_IT","og_type":"article","og_title":"Torna C.I.O.E.(') in ricordo di Massimo Troisi | Arte e Luoghi","og_description":"In occasione del 71\u00b0 compleanno di Troisi torna l'accademia trimestrale gratuita per la formazione di giovani talenti artistici nazionali.","og_url":"https:\/\/arteeluoghi.it\/index.php\/2024\/02\/18\/torna-c-i-o-e-in-ricordo-di-massimo-troisi\/","og_site_name":"Arte e Luoghi","article_publisher":"https:\/\/www.facebook.com\/ArteELuoghi\/","article_published_time":"2024-02-18T20:42:00+00:00","article_modified_time":"2024-02-19T20:48:01+00:00","og_image":[{"width":750,"height":792,"url":"https:\/\/arteeluoghi.it\/wp-content\/uploads\/2024\/02\/Lello-Arena-e-Enzo-Decaro-copia.jpeg","type":"image\/jpeg"}],"twitter_card":"summary","twitter_creator":"@arteeluoghi","twitter_site":"@arteeluoghi","twitter_misc":{"Scritto da":"Staff","Tempo di lettura stimato":"4 minuti"},"schema":{"@context":"https:\/\/schema.org","@graph":[{"@type":"Organization","@id":"https:\/\/arteeluoghi.it\/#organization","name":"Arte e Luoghi","url":"https:\/\/arteeluoghi.it\/","sameAs":["https:\/\/www.facebook.com\/ArteELuoghi\/","https:\/\/www.instagram.com\/arteeluoghi\/?hl=it","https:\/\/www.youtube.com\/channel\/UCuRVc4JW4-C5sg9rQB-srkw?view_as=subscriber","https:\/\/twitter.com\/arteeluoghi"],"logo":{"@type":"ImageObject","@id":"https:\/\/arteeluoghi.it\/#logo","inLanguage":"it-IT","url":"https:\/\/arteeluoghi.it\/wp-content\/uploads\/2018\/08\/logoinstagramarte.jpg","contentUrl":"https:\/\/arteeluoghi.it\/wp-content\/uploads\/2018\/08\/logoinstagramarte.jpg","width":150,"height":150,"caption":"Arte e Luoghi"},"image":{"@id":"https:\/\/arteeluoghi.it\/#logo"}},{"@type":"WebSite","@id":"https:\/\/arteeluoghi.it\/#website","url":"https:\/\/arteeluoghi.it\/","name":"Arte e Luoghi","description":"Mensile di arte, cultura, turismo e curiosit\u00e0","publisher":{"@id":"https:\/\/arteeluoghi.it\/#organization"},"potentialAction":[{"@type":"SearchAction","target":{"@type":"EntryPoint","urlTemplate":"https:\/\/arteeluoghi.it\/?s={search_term_string}"},"query-input":"required name=search_term_string"}],"inLanguage":"it-IT"},{"@type":"ImageObject","@id":"https:\/\/arteeluoghi.it\/index.php\/2024\/02\/18\/torna-c-i-o-e-in-ricordo-di-massimo-troisi\/#primaryimage","inLanguage":"it-IT","url":"https:\/\/arteeluoghi.it\/wp-content\/uploads\/2024\/02\/Lello-Arena-e-Enzo-Decaro-copia.jpeg","contentUrl":"https:\/\/arteeluoghi.it\/wp-content\/uploads\/2024\/02\/Lello-Arena-e-Enzo-Decaro-copia.jpeg","width":750,"height":792},{"@type":"WebPage","@id":"https:\/\/arteeluoghi.it\/index.php\/2024\/02\/18\/torna-c-i-o-e-in-ricordo-di-massimo-troisi\/#webpage","url":"https:\/\/arteeluoghi.it\/index.php\/2024\/02\/18\/torna-c-i-o-e-in-ricordo-di-massimo-troisi\/","name":"Torna C.I.O.E.(') in ricordo di Massimo Troisi | Arte e Luoghi","isPartOf":{"@id":"https:\/\/arteeluoghi.it\/#website"},"primaryImageOfPage":{"@id":"https:\/\/arteeluoghi.it\/index.php\/2024\/02\/18\/torna-c-i-o-e-in-ricordo-di-massimo-troisi\/#primaryimage"},"datePublished":"2024-02-18T20:42:00+00:00","dateModified":"2024-02-19T20:48:01+00:00","description":"In occasione del 71\u00b0 compleanno di Troisi torna l'accademia trimestrale gratuita per la formazione di giovani talenti artistici nazionali.","breadcrumb":{"@id":"https:\/\/arteeluoghi.it\/index.php\/2024\/02\/18\/torna-c-i-o-e-in-ricordo-di-massimo-troisi\/#breadcrumb"},"inLanguage":"it-IT","potentialAction":[{"@type":"ReadAction","target":["https:\/\/arteeluoghi.it\/index.php\/2024\/02\/18\/torna-c-i-o-e-in-ricordo-di-massimo-troisi\/"]}]},{"@type":"BreadcrumbList","@id":"https:\/\/arteeluoghi.it\/index.php\/2024\/02\/18\/torna-c-i-o-e-in-ricordo-di-massimo-troisi\/#breadcrumb","itemListElement":[{"@type":"ListItem","position":1,"name":"Home","item":"https:\/\/arteeluoghi.it\/"},{"@type":"ListItem","position":2,"name":"Torna C.I.O.E.(&#8216;) in ricordo di Massimo Troisi"}]},{"@type":"Article","@id":"https:\/\/arteeluoghi.it\/index.php\/2024\/02\/18\/torna-c-i-o-e-in-ricordo-di-massimo-troisi\/#article","isPartOf":{"@id":"https:\/\/arteeluoghi.it\/index.php\/2024\/02\/18\/torna-c-i-o-e-in-ricordo-di-massimo-troisi\/#webpage"},"author":{"@id":"https:\/\/arteeluoghi.it\/#\/schema\/person\/f84e814e36e91e01448ee07eaadd41d4"},"headline":"Torna C.I.O.E.(&#8216;) in ricordo di Massimo Troisi","datePublished":"2024-02-18T20:42:00+00:00","dateModified":"2024-02-19T20:48:01+00:00","mainEntityOfPage":{"@id":"https:\/\/arteeluoghi.it\/index.php\/2024\/02\/18\/torna-c-i-o-e-in-ricordo-di-massimo-troisi\/#webpage"},"wordCount":679,"commentCount":0,"publisher":{"@id":"https:\/\/arteeluoghi.it\/#organization"},"image":{"@id":"https:\/\/arteeluoghi.it\/index.php\/2024\/02\/18\/torna-c-i-o-e-in-ricordo-di-massimo-troisi\/#primaryimage"},"thumbnailUrl":"https:\/\/arteeluoghi.it\/wp-content\/uploads\/2024\/02\/Lello-Arena-e-Enzo-Decaro-copia.jpeg","keywords":["accademia","comicit\u00e0","Massimo Troisi","Napoli","teatro"],"articleSection":["teatro"],"inLanguage":"it-IT","potentialAction":[{"@type":"CommentAction","name":"Comment","target":["https:\/\/arteeluoghi.it\/index.php\/2024\/02\/18\/torna-c-i-o-e-in-ricordo-di-massimo-troisi\/#respond"]}]},{"@type":"Person","@id":"https:\/\/arteeluoghi.it\/#\/schema\/person\/f84e814e36e91e01448ee07eaadd41d4","name":"Staff","image":{"@type":"ImageObject","@id":"https:\/\/arteeluoghi.it\/#personlogo","inLanguage":"it-IT","url":"https:\/\/secure.gravatar.com\/avatar\/49d2f9e46271bb04e19cebfaf141313a?s=96&d=blank&r=g","contentUrl":"https:\/\/secure.gravatar.com\/avatar\/49d2f9e46271bb04e19cebfaf141313a?s=96&d=blank&r=g","caption":"Staff"}}]}},"_links":{"self":[{"href":"https:\/\/arteeluoghi.it\/index.php\/wp-json\/wp\/v2\/posts\/14154"}],"collection":[{"href":"https:\/\/arteeluoghi.it\/index.php\/wp-json\/wp\/v2\/posts"}],"about":[{"href":"https:\/\/arteeluoghi.it\/index.php\/wp-json\/wp\/v2\/types\/post"}],"author":[{"embeddable":true,"href":"https:\/\/arteeluoghi.it\/index.php\/wp-json\/wp\/v2\/users\/1"}],"replies":[{"embeddable":true,"href":"https:\/\/arteeluoghi.it\/index.php\/wp-json\/wp\/v2\/comments?post=14154"}],"version-history":[{"count":1,"href":"https:\/\/arteeluoghi.it\/index.php\/wp-json\/wp\/v2\/posts\/14154\/revisions"}],"predecessor-version":[{"id":14156,"href":"https:\/\/arteeluoghi.it\/index.php\/wp-json\/wp\/v2\/posts\/14154\/revisions\/14156"}],"wp:featuredmedia":[{"embeddable":true,"href":"https:\/\/arteeluoghi.it\/index.php\/wp-json\/wp\/v2\/media\/14155"}],"wp:attachment":[{"href":"https:\/\/arteeluoghi.it\/index.php\/wp-json\/wp\/v2\/media?parent=14154"}],"wp:term":[{"taxonomy":"category","embeddable":true,"href":"https:\/\/arteeluoghi.it\/index.php\/wp-json\/wp\/v2\/categories?post=14154"},{"taxonomy":"post_tag","embeddable":true,"href":"https:\/\/arteeluoghi.it\/index.php\/wp-json\/wp\/v2\/tags?post=14154"}],"curies":[{"name":"wp","href":"https:\/\/api.w.org\/{rel}","templated":true}]}}