{"id":1421,"date":"2013-10-30T10:06:40","date_gmt":"2013-10-30T09:06:40","guid":{"rendered":"http:\/\/arteeluoghi.it\/index.php\/2013\/10\/30\/le-parole-del-teatro\/"},"modified":"2013-10-30T10:06:40","modified_gmt":"2013-10-30T09:06:40","slug":"le-parole-del-teatro","status":"publish","type":"post","link":"https:\/\/arteeluoghi.it\/index.php\/2013\/10\/30\/le-parole-del-teatro\/","title":{"rendered":"Le parole del teatro"},"content":{"rendered":"<p><span style=\"font-size: small;\"><img src=\"\/images\/leparoledelteatro.jpg\" border=\"0\" title=\"la locandina della manfestazione\" width=\"280\" style=\"margin: 21px; border: 1px solid black; float: left;\" \/>Dal 31 ottobre al 2 novembre, tra Lecce e Mesagne, con i protagonisti della critica nazionale teatrale. Tavole rotonde, spettacoli teatrali e l<span style=\"font-size: small;\">a cerimonia di consegna dei Premi della critica al Teatro Paisiello<\/span>. L&#8217;iniziativa \u00e8 promossa da Astragali Teatro. <\/span><\/p>\n<p class=\"news-title\"><strong><span style=\"font-size: small;\">A Lecce l\u2019Assemblea nazionale dell\u2019ANCT<\/span><\/strong><\/p>\n<p>Tre giorni dedicati alla critica teatrale e ai protagonisti del teatro contemporaneo quelli che si celebreranno dal 31 di ottobre al 2 di novembre, con l\u2019<strong>Assemblea Nazionale dell\u2019Associazione dei critici di teatro<\/strong> e la cerimonia di consegna del <strong>PREMIO DELLA CRITICA<\/strong> e i premi delle riviste <strong>HYSTRIO, INSCENAONLINE<\/strong> e <strong>TEATRI DELLA DIVERSIT\u00c0<\/strong><\/p>\n<p>La tre giorni della critica \u00e8 un iniziativa di <strong>Astragali Teatro<\/strong> all\u2019interno del progetto <strong>Walls-Separate Worlds<\/strong>, in collaborazione con il <strong>Teatro Pubblico Pugliese, l\u2019International Theatre Institute-Italia<\/strong> e l\u2019<strong>Associazione Nazionale Critici di Teatro (A.N.C.T)<\/strong> e con il <strong>Comune di Mesagne<\/strong>.<\/p>\n<p>  <!--more-->  <\/p>\n<p><em>La scena teatrale ha bisogno di sguardi per essere interrogata, studiata, anche messa in crisi, ma continuamente rilanciata. La critica teatrale \u00e8 ponte tra il teatro e la societ\u00e0, tra il lavoro degli artisti e gli sguardi degli spettatori, ma non solo. Il compito del critico \u00e8 anche un\u2019interrogazione costante sulle nuove pratiche teatrali, artistiche e quelle che sono poi le politiche del teatro e della cultura in generale.<br \/>Compito della critica \u00e8 creare e favorire continue occasioni di dialogo con gli artisti, con il mondo della cultura, le istituzioni, gli enti pubblici, gli studiosi, gli spettatori, i lettori.<\/em><\/p>\n<p>Il programma delle tre giornate \u00e8 ricco e si svilupper\u00e0 tra Lecce e Mesagne dal 31 di ottobre al 2 di novembre. <br \/>Si inizia il <strong>31 a Lecce<\/strong> con l\u2019apertura dei lavori dell\u2019<strong>Assemblea Nazionale dei critici di teatro<\/strong> a <strong>Palazzo Turrisi<\/strong>. Intorno alle 18.00 tavola rotonda tra <strong>ANCT<\/strong> e <strong>Assostampa Puglia<\/strong> sul parallelo critica e giornalismo. Presso il <strong>Teatro Paisiello<\/strong> segue, alle ore 20, il dibattito <strong>Finestra sullo spettacolo nel Salento<\/strong>.<br \/>Il <strong>1\u00b0 Novembre<\/strong>, sempre a <strong>Palazzo Turrisi<\/strong>, continueranno i lavori dell\u2019Assemblea dei critici. A Seguire a presentazione del <strong>Centro Italiano dell\u2019International Theatre Institute dell\u2019Unesco<\/strong> alla presenza <strong>Thomas Engel, International Theatre Institute \u2013 Secretariat General<\/strong> e di <strong>Fabio Tolledi, Presidente International Theatre Institute-Italia<\/strong>.<br \/>Nel pomeriggio il <strong>Teatro Paisiello<\/strong> ospiter\u00e0 la cerimonia di premiazione con la consegna del <strong>PREMIO DELLA CRITICA<\/strong> e dei premi delle riviste <strong>HYSTRIO, INSCENAONLINE<\/strong> e <strong>TEATRI DELLA DIVERSIT\u00c0<\/strong> agli artisti vincitori.<br \/>Nella serata, alle 21, presso la <strong>Sala Astragali<\/strong>, in via Candido, sar\u00e0 presentato in prima nazionale lo spettacolo <strong>Metamorfosi.1 \u2013 donne, miti e poesia<\/strong> con la regia di <strong>Fabio Tolledi<\/strong>.<br \/>Il <strong>2 novembre<\/strong> ad ospitare gli eventi della giornata \u00e8 il <strong>Teatro Comunale di Mesagne<\/strong>. <br \/>Si inizier\u00e0 alle 9.45 con lo spettacolo <strong>Aspettando il vento<\/strong> della Compagnia <strong>Thalassia<\/strong>. Alle 11.00 la presentazione al pubblico del progetto <strong>Walls-Separate Worlds<\/strong>. Si proseguir\u00e0 con un incontro-dibattito sulle residenze artistiche <strong>\u201cLe Residenze teatrali: spazi, creazione, territori\u201d<\/strong>. La giornata si concluder\u00e0 con la presentazione delle residenze pugliesi alla critica teatrale.<\/p>\n<p>(fonte: comunicato stampa)<\/p>\n<hr \/>\n<p><em><strong>Astragali Teatro<\/strong><br \/>via G.Candido, 23 &#8211; 73100, Lecce &#8211; Italia<br \/>tel: +39 0832 306194<br \/>email: teatro@astragali.org<\/em><\/p>\n<div id=\"logofooter\">\n<div id=\"logofooterinner\"><a href=\"http:\/\/www.iti-italy.org\">\u00a0<\/a><a href=\"http:\/\/astragaliblog.altervista.org\/\"> <\/a><\/div>\n<\/p><\/div>\n","protected":false},"excerpt":{"rendered":"<p>Dal 31 ottobre al 2 novembre, tra Lecce e Mesagne, con i protagonisti della critica nazionale teatrale. Tavole rotonde, spettacoli<\/p>\n","protected":false},"author":1,"featured_media":0,"comment_status":"open","ping_status":"open","sticky":false,"template":"","format":"standard","meta":[],"categories":[13],"tags":[],"yoast_head":"<!-- This site is optimized with the Yoast SEO plugin v18.0 - https:\/\/yoast.com\/wordpress\/plugins\/seo\/ -->\n<title>Le parole del teatro | Arte e Luoghi<\/title>\n<meta name=\"robots\" content=\"index, follow, max-snippet:-1, max-image-preview:large, max-video-preview:-1\" \/>\n<link rel=\"canonical\" href=\"https:\/\/arteeluoghi.it\/index.php\/2013\/10\/30\/le-parole-del-teatro\/\" \/>\n<meta property=\"og:locale\" content=\"it_IT\" \/>\n<meta property=\"og:type\" content=\"article\" \/>\n<meta property=\"og:title\" content=\"Le parole del teatro | Arte e Luoghi\" \/>\n<meta property=\"og:description\" content=\"Dal 31 ottobre al 2 novembre, tra Lecce e Mesagne, con i protagonisti della critica nazionale teatrale. Tavole rotonde, spettacoli\" \/>\n<meta property=\"og:url\" content=\"https:\/\/arteeluoghi.it\/index.php\/2013\/10\/30\/le-parole-del-teatro\/\" \/>\n<meta property=\"og:site_name\" content=\"Arte e Luoghi\" \/>\n<meta property=\"article:publisher\" content=\"https:\/\/www.facebook.com\/ArteELuoghi\/\" \/>\n<meta property=\"article:published_time\" content=\"2013-10-30T09:06:40+00:00\" \/>\n<meta property=\"og:image\" content=\"https:\/\/arteeluoghi.it\/images\/leparoledelteatro.jpg\" \/>\n<meta name=\"twitter:card\" content=\"summary\" \/>\n<meta name=\"twitter:creator\" content=\"@arteeluoghi\" \/>\n<meta name=\"twitter:site\" content=\"@arteeluoghi\" \/>\n<meta name=\"twitter:label1\" content=\"Scritto da\" \/>\n\t<meta name=\"twitter:data1\" content=\"Staff\" \/>\n\t<meta name=\"twitter:label2\" content=\"Tempo di lettura stimato\" \/>\n\t<meta name=\"twitter:data2\" content=\"2 minuti\" \/>\n<script type=\"application\/ld+json\" class=\"yoast-schema-graph\">{\"@context\":\"https:\/\/schema.org\",\"@graph\":[{\"@type\":\"Organization\",\"@id\":\"https:\/\/arteeluoghi.it\/#organization\",\"name\":\"Arte e Luoghi\",\"url\":\"https:\/\/arteeluoghi.it\/\",\"sameAs\":[\"https:\/\/www.facebook.com\/ArteELuoghi\/\",\"https:\/\/www.instagram.com\/arteeluoghi\/?hl=it\",\"https:\/\/www.youtube.com\/channel\/UCuRVc4JW4-C5sg9rQB-srkw?view_as=subscriber\",\"https:\/\/twitter.com\/arteeluoghi\"],\"logo\":{\"@type\":\"ImageObject\",\"@id\":\"https:\/\/arteeluoghi.it\/#logo\",\"inLanguage\":\"it-IT\",\"url\":\"https:\/\/arteeluoghi.it\/wp-content\/uploads\/2018\/08\/logoinstagramarte.jpg\",\"contentUrl\":\"https:\/\/arteeluoghi.it\/wp-content\/uploads\/2018\/08\/logoinstagramarte.jpg\",\"width\":150,\"height\":150,\"caption\":\"Arte e Luoghi\"},\"image\":{\"@id\":\"https:\/\/arteeluoghi.it\/#logo\"}},{\"@type\":\"WebSite\",\"@id\":\"https:\/\/arteeluoghi.it\/#website\",\"url\":\"https:\/\/arteeluoghi.it\/\",\"name\":\"Arte e Luoghi\",\"description\":\"Mensile di arte, cultura, turismo e curiosit\u00e0\",\"publisher\":{\"@id\":\"https:\/\/arteeluoghi.it\/#organization\"},\"potentialAction\":[{\"@type\":\"SearchAction\",\"target\":{\"@type\":\"EntryPoint\",\"urlTemplate\":\"https:\/\/arteeluoghi.it\/?s={search_term_string}\"},\"query-input\":\"required name=search_term_string\"}],\"inLanguage\":\"it-IT\"},{\"@type\":\"ImageObject\",\"@id\":\"https:\/\/arteeluoghi.it\/index.php\/2013\/10\/30\/le-parole-del-teatro\/#primaryimage\",\"inLanguage\":\"it-IT\",\"url\":\"\/images\/leparoledelteatro.jpg\",\"contentUrl\":\"\/images\/leparoledelteatro.jpg\"},{\"@type\":\"WebPage\",\"@id\":\"https:\/\/arteeluoghi.it\/index.php\/2013\/10\/30\/le-parole-del-teatro\/#webpage\",\"url\":\"https:\/\/arteeluoghi.it\/index.php\/2013\/10\/30\/le-parole-del-teatro\/\",\"name\":\"Le parole del teatro | Arte e Luoghi\",\"isPartOf\":{\"@id\":\"https:\/\/arteeluoghi.it\/#website\"},\"primaryImageOfPage\":{\"@id\":\"https:\/\/arteeluoghi.it\/index.php\/2013\/10\/30\/le-parole-del-teatro\/#primaryimage\"},\"datePublished\":\"2013-10-30T09:06:40+00:00\",\"dateModified\":\"2013-10-30T09:06:40+00:00\",\"breadcrumb\":{\"@id\":\"https:\/\/arteeluoghi.it\/index.php\/2013\/10\/30\/le-parole-del-teatro\/#breadcrumb\"},\"inLanguage\":\"it-IT\",\"potentialAction\":[{\"@type\":\"ReadAction\",\"target\":[\"https:\/\/arteeluoghi.it\/index.php\/2013\/10\/30\/le-parole-del-teatro\/\"]}]},{\"@type\":\"BreadcrumbList\",\"@id\":\"https:\/\/arteeluoghi.it\/index.php\/2013\/10\/30\/le-parole-del-teatro\/#breadcrumb\",\"itemListElement\":[{\"@type\":\"ListItem\",\"position\":1,\"name\":\"Home\",\"item\":\"https:\/\/arteeluoghi.it\/\"},{\"@type\":\"ListItem\",\"position\":2,\"name\":\"Le parole del teatro\"}]},{\"@type\":\"Article\",\"@id\":\"https:\/\/arteeluoghi.it\/index.php\/2013\/10\/30\/le-parole-del-teatro\/#article\",\"isPartOf\":{\"@id\":\"https:\/\/arteeluoghi.it\/index.php\/2013\/10\/30\/le-parole-del-teatro\/#webpage\"},\"author\":{\"@id\":\"https:\/\/arteeluoghi.it\/#\/schema\/person\/f84e814e36e91e01448ee07eaadd41d4\"},\"headline\":\"Le parole del teatro\",\"datePublished\":\"2013-10-30T09:06:40+00:00\",\"dateModified\":\"2013-10-30T09:06:40+00:00\",\"mainEntityOfPage\":{\"@id\":\"https:\/\/arteeluoghi.it\/index.php\/2013\/10\/30\/le-parole-del-teatro\/#webpage\"},\"wordCount\":485,\"commentCount\":0,\"publisher\":{\"@id\":\"https:\/\/arteeluoghi.it\/#organization\"},\"image\":{\"@id\":\"https:\/\/arteeluoghi.it\/index.php\/2013\/10\/30\/le-parole-del-teatro\/#primaryimage\"},\"thumbnailUrl\":\"\/images\/leparoledelteatro.jpg\",\"articleSection\":[\"teatro\"],\"inLanguage\":\"it-IT\",\"potentialAction\":[{\"@type\":\"CommentAction\",\"name\":\"Comment\",\"target\":[\"https:\/\/arteeluoghi.it\/index.php\/2013\/10\/30\/le-parole-del-teatro\/#respond\"]}]},{\"@type\":\"Person\",\"@id\":\"https:\/\/arteeluoghi.it\/#\/schema\/person\/f84e814e36e91e01448ee07eaadd41d4\",\"name\":\"Staff\",\"image\":{\"@type\":\"ImageObject\",\"@id\":\"https:\/\/arteeluoghi.it\/#personlogo\",\"inLanguage\":\"it-IT\",\"url\":\"https:\/\/secure.gravatar.com\/avatar\/49d2f9e46271bb04e19cebfaf141313a?s=96&d=blank&r=g\",\"contentUrl\":\"https:\/\/secure.gravatar.com\/avatar\/49d2f9e46271bb04e19cebfaf141313a?s=96&d=blank&r=g\",\"caption\":\"Staff\"}}]}<\/script>\n<!-- \/ Yoast SEO plugin. -->","yoast_head_json":{"title":"Le parole del teatro | Arte e Luoghi","robots":{"index":"index","follow":"follow","max-snippet":"max-snippet:-1","max-image-preview":"max-image-preview:large","max-video-preview":"max-video-preview:-1"},"canonical":"https:\/\/arteeluoghi.it\/index.php\/2013\/10\/30\/le-parole-del-teatro\/","og_locale":"it_IT","og_type":"article","og_title":"Le parole del teatro | Arte e Luoghi","og_description":"Dal 31 ottobre al 2 novembre, tra Lecce e Mesagne, con i protagonisti della critica nazionale teatrale. Tavole rotonde, spettacoli","og_url":"https:\/\/arteeluoghi.it\/index.php\/2013\/10\/30\/le-parole-del-teatro\/","og_site_name":"Arte e Luoghi","article_publisher":"https:\/\/www.facebook.com\/ArteELuoghi\/","article_published_time":"2013-10-30T09:06:40+00:00","og_image":[{"url":"https:\/\/arteeluoghi.it\/images\/leparoledelteatro.jpg"}],"twitter_card":"summary","twitter_creator":"@arteeluoghi","twitter_site":"@arteeluoghi","twitter_misc":{"Scritto da":"Staff","Tempo di lettura stimato":"2 minuti"},"schema":{"@context":"https:\/\/schema.org","@graph":[{"@type":"Organization","@id":"https:\/\/arteeluoghi.it\/#organization","name":"Arte e Luoghi","url":"https:\/\/arteeluoghi.it\/","sameAs":["https:\/\/www.facebook.com\/ArteELuoghi\/","https:\/\/www.instagram.com\/arteeluoghi\/?hl=it","https:\/\/www.youtube.com\/channel\/UCuRVc4JW4-C5sg9rQB-srkw?view_as=subscriber","https:\/\/twitter.com\/arteeluoghi"],"logo":{"@type":"ImageObject","@id":"https:\/\/arteeluoghi.it\/#logo","inLanguage":"it-IT","url":"https:\/\/arteeluoghi.it\/wp-content\/uploads\/2018\/08\/logoinstagramarte.jpg","contentUrl":"https:\/\/arteeluoghi.it\/wp-content\/uploads\/2018\/08\/logoinstagramarte.jpg","width":150,"height":150,"caption":"Arte e Luoghi"},"image":{"@id":"https:\/\/arteeluoghi.it\/#logo"}},{"@type":"WebSite","@id":"https:\/\/arteeluoghi.it\/#website","url":"https:\/\/arteeluoghi.it\/","name":"Arte e Luoghi","description":"Mensile di arte, cultura, turismo e curiosit\u00e0","publisher":{"@id":"https:\/\/arteeluoghi.it\/#organization"},"potentialAction":[{"@type":"SearchAction","target":{"@type":"EntryPoint","urlTemplate":"https:\/\/arteeluoghi.it\/?s={search_term_string}"},"query-input":"required name=search_term_string"}],"inLanguage":"it-IT"},{"@type":"ImageObject","@id":"https:\/\/arteeluoghi.it\/index.php\/2013\/10\/30\/le-parole-del-teatro\/#primaryimage","inLanguage":"it-IT","url":"\/images\/leparoledelteatro.jpg","contentUrl":"\/images\/leparoledelteatro.jpg"},{"@type":"WebPage","@id":"https:\/\/arteeluoghi.it\/index.php\/2013\/10\/30\/le-parole-del-teatro\/#webpage","url":"https:\/\/arteeluoghi.it\/index.php\/2013\/10\/30\/le-parole-del-teatro\/","name":"Le parole del teatro | Arte e Luoghi","isPartOf":{"@id":"https:\/\/arteeluoghi.it\/#website"},"primaryImageOfPage":{"@id":"https:\/\/arteeluoghi.it\/index.php\/2013\/10\/30\/le-parole-del-teatro\/#primaryimage"},"datePublished":"2013-10-30T09:06:40+00:00","dateModified":"2013-10-30T09:06:40+00:00","breadcrumb":{"@id":"https:\/\/arteeluoghi.it\/index.php\/2013\/10\/30\/le-parole-del-teatro\/#breadcrumb"},"inLanguage":"it-IT","potentialAction":[{"@type":"ReadAction","target":["https:\/\/arteeluoghi.it\/index.php\/2013\/10\/30\/le-parole-del-teatro\/"]}]},{"@type":"BreadcrumbList","@id":"https:\/\/arteeluoghi.it\/index.php\/2013\/10\/30\/le-parole-del-teatro\/#breadcrumb","itemListElement":[{"@type":"ListItem","position":1,"name":"Home","item":"https:\/\/arteeluoghi.it\/"},{"@type":"ListItem","position":2,"name":"Le parole del teatro"}]},{"@type":"Article","@id":"https:\/\/arteeluoghi.it\/index.php\/2013\/10\/30\/le-parole-del-teatro\/#article","isPartOf":{"@id":"https:\/\/arteeluoghi.it\/index.php\/2013\/10\/30\/le-parole-del-teatro\/#webpage"},"author":{"@id":"https:\/\/arteeluoghi.it\/#\/schema\/person\/f84e814e36e91e01448ee07eaadd41d4"},"headline":"Le parole del teatro","datePublished":"2013-10-30T09:06:40+00:00","dateModified":"2013-10-30T09:06:40+00:00","mainEntityOfPage":{"@id":"https:\/\/arteeluoghi.it\/index.php\/2013\/10\/30\/le-parole-del-teatro\/#webpage"},"wordCount":485,"commentCount":0,"publisher":{"@id":"https:\/\/arteeluoghi.it\/#organization"},"image":{"@id":"https:\/\/arteeluoghi.it\/index.php\/2013\/10\/30\/le-parole-del-teatro\/#primaryimage"},"thumbnailUrl":"\/images\/leparoledelteatro.jpg","articleSection":["teatro"],"inLanguage":"it-IT","potentialAction":[{"@type":"CommentAction","name":"Comment","target":["https:\/\/arteeluoghi.it\/index.php\/2013\/10\/30\/le-parole-del-teatro\/#respond"]}]},{"@type":"Person","@id":"https:\/\/arteeluoghi.it\/#\/schema\/person\/f84e814e36e91e01448ee07eaadd41d4","name":"Staff","image":{"@type":"ImageObject","@id":"https:\/\/arteeluoghi.it\/#personlogo","inLanguage":"it-IT","url":"https:\/\/secure.gravatar.com\/avatar\/49d2f9e46271bb04e19cebfaf141313a?s=96&d=blank&r=g","contentUrl":"https:\/\/secure.gravatar.com\/avatar\/49d2f9e46271bb04e19cebfaf141313a?s=96&d=blank&r=g","caption":"Staff"}}]}},"_links":{"self":[{"href":"https:\/\/arteeluoghi.it\/index.php\/wp-json\/wp\/v2\/posts\/1421"}],"collection":[{"href":"https:\/\/arteeluoghi.it\/index.php\/wp-json\/wp\/v2\/posts"}],"about":[{"href":"https:\/\/arteeluoghi.it\/index.php\/wp-json\/wp\/v2\/types\/post"}],"author":[{"embeddable":true,"href":"https:\/\/arteeluoghi.it\/index.php\/wp-json\/wp\/v2\/users\/1"}],"replies":[{"embeddable":true,"href":"https:\/\/arteeluoghi.it\/index.php\/wp-json\/wp\/v2\/comments?post=1421"}],"version-history":[{"count":0,"href":"https:\/\/arteeluoghi.it\/index.php\/wp-json\/wp\/v2\/posts\/1421\/revisions"}],"wp:attachment":[{"href":"https:\/\/arteeluoghi.it\/index.php\/wp-json\/wp\/v2\/media?parent=1421"}],"wp:term":[{"taxonomy":"category","embeddable":true,"href":"https:\/\/arteeluoghi.it\/index.php\/wp-json\/wp\/v2\/categories?post=1421"},{"taxonomy":"post_tag","embeddable":true,"href":"https:\/\/arteeluoghi.it\/index.php\/wp-json\/wp\/v2\/tags?post=1421"}],"curies":[{"name":"wp","href":"https:\/\/api.w.org\/{rel}","templated":true}]}}