{"id":14295,"date":"2024-04-09T22:31:00","date_gmt":"2024-04-09T20:31:00","guid":{"rendered":"https:\/\/arteeluoghi.it\/?p=14295"},"modified":"2024-04-10T23:03:50","modified_gmt":"2024-04-10T21:03:50","slug":"buon-compleanno-ad-aldo-giuffre","status":"publish","type":"post","link":"https:\/\/arteeluoghi.it\/index.php\/2024\/04\/09\/buon-compleanno-ad-aldo-giuffre\/","title":{"rendered":"Buon compleanno ad Aldo Giuffr\u00e9"},"content":{"rendered":"\n<blockquote class=\"wp-block-quote\"><p>Tantissime iniziative, a partire dal tributo della Rai, al grande attore, regista e scrittore napoletano in occasione del centenario della nascita.<\/p><\/blockquote>\n\n\n\n<p>Nato il 10 aprile 1924 nel cuore di Napoli, via del Sole 6, Aldo Giuffr\u00e9 avrebbe compiuto 100 anni. E come un sole ha illuminato la scena teatrale, il mondo dello spettacolo, tutto: cinema, televisione, variet\u00e0, e anche la letteratura con i suoi scritti che rivelano la sua anima profonda, ironica, colta. <\/p>\n\n\n\n<!--more-->\n\n\n\n<p>Rai 5 dedicher\u00e0 a lui, nel giorno del suo compleanno, uno speciale, &#8220;In scena Aldo Giuffr\u00e9&#8221; il documentario di Francesco D&#8217;Arma, con la regia di Monica Onore, che racconta la storia umana e professionale di un attore straordinario capace di interpretare i generi e i personaggi pi\u00f9 diversi, dalle farse ottocentesche in napoletano di Antonio Petito alle profondit\u00e0 tragiche e tormentate di Tolstoj. E poi polizieschi, drammi televisivi, commedie rosa e commedie in costume, Goldoni e Moli\u00e8re.<\/p>\n\n\n\n<p>La vita di Giuffr\u00e9 \u00e8 stata funestata da lutti e drammi terribili, ma lui non ha mai perso la voglia di vivere, l&#8217;entusiasmo per il suo lavoro e lo sguardo sempre rivolto al futuro. Contribuiscono a plasmare vividamente il suo ritratto le testimonianze della sua seconda moglie, Elena, degli attori Massimiliano Gallo e Fioretta Mari, del critico teatrale Giulio Baffi, e di Francesco Giuffr\u00e9, regista teatrale e nipote di Aldo.\u00a0<br>L&#8217;omaggio ad Aldo Giuffr\u00e9 prosegue per tutto il mese di aprile con la programmazione di quattro spettacoli di prosa che lo vedono protagonista, restaurati da Rai Teche e proposti nella fascia pomeridiana \u201cStardust Memories\u201d, ogni sabato alle 16.00 circa su Rai 5. L&#8217;offerta vuole dare conto delle varie \u201canime\u201d dell&#8217;attivit\u00e0 teatrale dell&#8217;attore e regista, che ha animato la scena italiana dal dopoguerra in avanti con un repertorio variegatissimo, che spazia dalla drammaturgia contemporanea all&#8217;adattamento di classici letterari fino al teatro di tradizione italiano.<br>Il ciclo di spettacoli interpretati da Aldo Giuffre \u00e8 iniziato sabato 6 aprile con \u201cLa sera del sabato\u201d (1966) di Guglielmo Giannini con la regia Anton Giulio Majano (prima visione); il 13 aprile sar\u00e0 la volta di \u201cL&#8217;incornata\u201d (1965) di Alfonso Sastre con la regia di Ludovico Cortese (prima visione); il 20 aprile seguir\u00e0 \u201cLa potenza delle tenebre\u201d (1965) di Lev Nikol\u00e0evi\u010d Tolst\u00f2j nella traduzione di Gerardo Guerrieri con la regia di Vittorio Cottafavi; il 27 aprile l&#8217;omaggio si chiuder\u00e0 con \u00a0un grande classico della farsa: \u201cFrancesca da Rimini. Tragedia a vapore\u201d (1980) di Antonio Petito in cui Aldo Giuffr\u00e8, insieme al fratello Carlo, \u00e8 presente nella doppia veste di attore e regista teatrale mentre la regia televisiva \u00e8 di Andrea Camilleri. (an.fu.)<\/p>\n","protected":false},"excerpt":{"rendered":"<p>Tantissime iniziative, a partire dal tributo della Rai, al grande attore, regista e scrittore napoletano in occasione del centenario della<\/p>\n","protected":false},"author":1,"featured_media":14296,"comment_status":"open","ping_status":"open","sticky":true,"template":"","format":"standard","meta":[],"categories":[13],"tags":[6077,389,418,160,377,734],"yoast_head":"<!-- This site is optimized with the Yoast SEO plugin v18.0 - https:\/\/yoast.com\/wordpress\/plugins\/seo\/ -->\n<title>Buon compleanno ad Aldo Giuffr\u00e9 | Arte e Luoghi<\/title>\n<meta name=\"description\" content=\"Tantissime iniziative, a partire dal tributo della Rai, al grande attore, regista e scrittore napoletano in occasione del centenario della\" \/>\n<meta name=\"robots\" content=\"index, follow, max-snippet:-1, max-image-preview:large, max-video-preview:-1\" \/>\n<link rel=\"canonical\" href=\"https:\/\/arteeluoghi.it\/index.php\/2024\/04\/09\/buon-compleanno-ad-aldo-giuffre\/\" \/>\n<meta property=\"og:locale\" content=\"it_IT\" \/>\n<meta property=\"og:type\" content=\"article\" \/>\n<meta property=\"og:title\" content=\"Buon compleanno ad Aldo Giuffr\u00e9 | Arte e Luoghi\" \/>\n<meta property=\"og:description\" content=\"Tantissime iniziative, a partire dal tributo della Rai, al grande attore, regista e scrittore napoletano in occasione del centenario della\" \/>\n<meta property=\"og:url\" content=\"https:\/\/arteeluoghi.it\/index.php\/2024\/04\/09\/buon-compleanno-ad-aldo-giuffre\/\" \/>\n<meta property=\"og:site_name\" content=\"Arte e Luoghi\" \/>\n<meta property=\"article:publisher\" content=\"https:\/\/www.facebook.com\/ArteELuoghi\/\" \/>\n<meta property=\"article:published_time\" content=\"2024-04-09T20:31:00+00:00\" \/>\n<meta property=\"article:modified_time\" content=\"2024-04-10T21:03:50+00:00\" \/>\n<meta property=\"og:image\" content=\"https:\/\/arteeluoghi.it\/wp-content\/uploads\/2024\/04\/23215778_1740621012912440_3858644075058462597_o.jpg\" \/>\n\t<meta property=\"og:image:width\" content=\"843\" \/>\n\t<meta property=\"og:image:height\" content=\"1501\" \/>\n\t<meta property=\"og:image:type\" content=\"image\/jpeg\" \/>\n<meta name=\"twitter:card\" content=\"summary\" \/>\n<meta name=\"twitter:creator\" content=\"@arteeluoghi\" \/>\n<meta name=\"twitter:site\" content=\"@arteeluoghi\" \/>\n<meta name=\"twitter:label1\" content=\"Scritto da\" \/>\n\t<meta name=\"twitter:data1\" content=\"Staff\" \/>\n\t<meta name=\"twitter:label2\" content=\"Tempo di lettura stimato\" \/>\n\t<meta name=\"twitter:data2\" content=\"3 minuti\" \/>\n<script type=\"application\/ld+json\" class=\"yoast-schema-graph\">{\"@context\":\"https:\/\/schema.org\",\"@graph\":[{\"@type\":\"Organization\",\"@id\":\"https:\/\/arteeluoghi.it\/#organization\",\"name\":\"Arte e Luoghi\",\"url\":\"https:\/\/arteeluoghi.it\/\",\"sameAs\":[\"https:\/\/www.facebook.com\/ArteELuoghi\/\",\"https:\/\/www.instagram.com\/arteeluoghi\/?hl=it\",\"https:\/\/www.youtube.com\/channel\/UCuRVc4JW4-C5sg9rQB-srkw?view_as=subscriber\",\"https:\/\/twitter.com\/arteeluoghi\"],\"logo\":{\"@type\":\"ImageObject\",\"@id\":\"https:\/\/arteeluoghi.it\/#logo\",\"inLanguage\":\"it-IT\",\"url\":\"https:\/\/arteeluoghi.it\/wp-content\/uploads\/2018\/08\/logoinstagramarte.jpg\",\"contentUrl\":\"https:\/\/arteeluoghi.it\/wp-content\/uploads\/2018\/08\/logoinstagramarte.jpg\",\"width\":150,\"height\":150,\"caption\":\"Arte e Luoghi\"},\"image\":{\"@id\":\"https:\/\/arteeluoghi.it\/#logo\"}},{\"@type\":\"WebSite\",\"@id\":\"https:\/\/arteeluoghi.it\/#website\",\"url\":\"https:\/\/arteeluoghi.it\/\",\"name\":\"Arte e Luoghi\",\"description\":\"Mensile di arte, cultura, turismo e curiosit\u00e0\",\"publisher\":{\"@id\":\"https:\/\/arteeluoghi.it\/#organization\"},\"potentialAction\":[{\"@type\":\"SearchAction\",\"target\":{\"@type\":\"EntryPoint\",\"urlTemplate\":\"https:\/\/arteeluoghi.it\/?s={search_term_string}\"},\"query-input\":\"required name=search_term_string\"}],\"inLanguage\":\"it-IT\"},{\"@type\":\"ImageObject\",\"@id\":\"https:\/\/arteeluoghi.it\/index.php\/2024\/04\/09\/buon-compleanno-ad-aldo-giuffre\/#primaryimage\",\"inLanguage\":\"it-IT\",\"url\":\"https:\/\/arteeluoghi.it\/wp-content\/uploads\/2024\/04\/23215778_1740621012912440_3858644075058462597_o.jpg\",\"contentUrl\":\"https:\/\/arteeluoghi.it\/wp-content\/uploads\/2024\/04\/23215778_1740621012912440_3858644075058462597_o.jpg\",\"width\":843,\"height\":1501},{\"@type\":\"WebPage\",\"@id\":\"https:\/\/arteeluoghi.it\/index.php\/2024\/04\/09\/buon-compleanno-ad-aldo-giuffre\/#webpage\",\"url\":\"https:\/\/arteeluoghi.it\/index.php\/2024\/04\/09\/buon-compleanno-ad-aldo-giuffre\/\",\"name\":\"Buon compleanno ad Aldo Giuffr\u00e9 | Arte e Luoghi\",\"isPartOf\":{\"@id\":\"https:\/\/arteeluoghi.it\/#website\"},\"primaryImageOfPage\":{\"@id\":\"https:\/\/arteeluoghi.it\/index.php\/2024\/04\/09\/buon-compleanno-ad-aldo-giuffre\/#primaryimage\"},\"datePublished\":\"2024-04-09T20:31:00+00:00\",\"dateModified\":\"2024-04-10T21:03:50+00:00\",\"description\":\"Tantissime iniziative, a partire dal tributo della Rai, al grande attore, regista e scrittore napoletano in occasione del centenario della\",\"breadcrumb\":{\"@id\":\"https:\/\/arteeluoghi.it\/index.php\/2024\/04\/09\/buon-compleanno-ad-aldo-giuffre\/#breadcrumb\"},\"inLanguage\":\"it-IT\",\"potentialAction\":[{\"@type\":\"ReadAction\",\"target\":[\"https:\/\/arteeluoghi.it\/index.php\/2024\/04\/09\/buon-compleanno-ad-aldo-giuffre\/\"]}]},{\"@type\":\"BreadcrumbList\",\"@id\":\"https:\/\/arteeluoghi.it\/index.php\/2024\/04\/09\/buon-compleanno-ad-aldo-giuffre\/#breadcrumb\",\"itemListElement\":[{\"@type\":\"ListItem\",\"position\":1,\"name\":\"Home\",\"item\":\"https:\/\/arteeluoghi.it\/\"},{\"@type\":\"ListItem\",\"position\":2,\"name\":\"Buon compleanno ad Aldo Giuffr\u00e9\"}]},{\"@type\":\"Article\",\"@id\":\"https:\/\/arteeluoghi.it\/index.php\/2024\/04\/09\/buon-compleanno-ad-aldo-giuffre\/#article\",\"isPartOf\":{\"@id\":\"https:\/\/arteeluoghi.it\/index.php\/2024\/04\/09\/buon-compleanno-ad-aldo-giuffre\/#webpage\"},\"author\":{\"@id\":\"https:\/\/arteeluoghi.it\/#\/schema\/person\/f84e814e36e91e01448ee07eaadd41d4\"},\"headline\":\"Buon compleanno ad Aldo Giuffr\u00e9\",\"datePublished\":\"2024-04-09T20:31:00+00:00\",\"dateModified\":\"2024-04-10T21:03:50+00:00\",\"mainEntityOfPage\":{\"@id\":\"https:\/\/arteeluoghi.it\/index.php\/2024\/04\/09\/buon-compleanno-ad-aldo-giuffre\/#webpage\"},\"wordCount\":416,\"commentCount\":0,\"publisher\":{\"@id\":\"https:\/\/arteeluoghi.it\/#organization\"},\"image\":{\"@id\":\"https:\/\/arteeluoghi.it\/index.php\/2024\/04\/09\/buon-compleanno-ad-aldo-giuffre\/#primaryimage\"},\"thumbnailUrl\":\"https:\/\/arteeluoghi.it\/wp-content\/uploads\/2024\/04\/23215778_1740621012912440_3858644075058462597_o.jpg\",\"keywords\":[\"Aldo Giuffr\u00e9\",\"cinema\",\"letteratura\",\"Napoli\",\"teatro\",\"tv\"],\"articleSection\":[\"teatro\"],\"inLanguage\":\"it-IT\",\"potentialAction\":[{\"@type\":\"CommentAction\",\"name\":\"Comment\",\"target\":[\"https:\/\/arteeluoghi.it\/index.php\/2024\/04\/09\/buon-compleanno-ad-aldo-giuffre\/#respond\"]}]},{\"@type\":\"Person\",\"@id\":\"https:\/\/arteeluoghi.it\/#\/schema\/person\/f84e814e36e91e01448ee07eaadd41d4\",\"name\":\"Staff\",\"image\":{\"@type\":\"ImageObject\",\"@id\":\"https:\/\/arteeluoghi.it\/#personlogo\",\"inLanguage\":\"it-IT\",\"url\":\"https:\/\/secure.gravatar.com\/avatar\/49d2f9e46271bb04e19cebfaf141313a?s=96&d=blank&r=g\",\"contentUrl\":\"https:\/\/secure.gravatar.com\/avatar\/49d2f9e46271bb04e19cebfaf141313a?s=96&d=blank&r=g\",\"caption\":\"Staff\"}}]}<\/script>\n<!-- \/ Yoast SEO plugin. -->","yoast_head_json":{"title":"Buon compleanno ad Aldo Giuffr\u00e9 | Arte e Luoghi","description":"Tantissime iniziative, a partire dal tributo della Rai, al grande attore, regista e scrittore napoletano in occasione del centenario della","robots":{"index":"index","follow":"follow","max-snippet":"max-snippet:-1","max-image-preview":"max-image-preview:large","max-video-preview":"max-video-preview:-1"},"canonical":"https:\/\/arteeluoghi.it\/index.php\/2024\/04\/09\/buon-compleanno-ad-aldo-giuffre\/","og_locale":"it_IT","og_type":"article","og_title":"Buon compleanno ad Aldo Giuffr\u00e9 | Arte e Luoghi","og_description":"Tantissime iniziative, a partire dal tributo della Rai, al grande attore, regista e scrittore napoletano in occasione del centenario della","og_url":"https:\/\/arteeluoghi.it\/index.php\/2024\/04\/09\/buon-compleanno-ad-aldo-giuffre\/","og_site_name":"Arte e Luoghi","article_publisher":"https:\/\/www.facebook.com\/ArteELuoghi\/","article_published_time":"2024-04-09T20:31:00+00:00","article_modified_time":"2024-04-10T21:03:50+00:00","og_image":[{"width":843,"height":1501,"url":"https:\/\/arteeluoghi.it\/wp-content\/uploads\/2024\/04\/23215778_1740621012912440_3858644075058462597_o.jpg","type":"image\/jpeg"}],"twitter_card":"summary","twitter_creator":"@arteeluoghi","twitter_site":"@arteeluoghi","twitter_misc":{"Scritto da":"Staff","Tempo di lettura stimato":"3 minuti"},"schema":{"@context":"https:\/\/schema.org","@graph":[{"@type":"Organization","@id":"https:\/\/arteeluoghi.it\/#organization","name":"Arte e Luoghi","url":"https:\/\/arteeluoghi.it\/","sameAs":["https:\/\/www.facebook.com\/ArteELuoghi\/","https:\/\/www.instagram.com\/arteeluoghi\/?hl=it","https:\/\/www.youtube.com\/channel\/UCuRVc4JW4-C5sg9rQB-srkw?view_as=subscriber","https:\/\/twitter.com\/arteeluoghi"],"logo":{"@type":"ImageObject","@id":"https:\/\/arteeluoghi.it\/#logo","inLanguage":"it-IT","url":"https:\/\/arteeluoghi.it\/wp-content\/uploads\/2018\/08\/logoinstagramarte.jpg","contentUrl":"https:\/\/arteeluoghi.it\/wp-content\/uploads\/2018\/08\/logoinstagramarte.jpg","width":150,"height":150,"caption":"Arte e Luoghi"},"image":{"@id":"https:\/\/arteeluoghi.it\/#logo"}},{"@type":"WebSite","@id":"https:\/\/arteeluoghi.it\/#website","url":"https:\/\/arteeluoghi.it\/","name":"Arte e Luoghi","description":"Mensile di arte, cultura, turismo e curiosit\u00e0","publisher":{"@id":"https:\/\/arteeluoghi.it\/#organization"},"potentialAction":[{"@type":"SearchAction","target":{"@type":"EntryPoint","urlTemplate":"https:\/\/arteeluoghi.it\/?s={search_term_string}"},"query-input":"required name=search_term_string"}],"inLanguage":"it-IT"},{"@type":"ImageObject","@id":"https:\/\/arteeluoghi.it\/index.php\/2024\/04\/09\/buon-compleanno-ad-aldo-giuffre\/#primaryimage","inLanguage":"it-IT","url":"https:\/\/arteeluoghi.it\/wp-content\/uploads\/2024\/04\/23215778_1740621012912440_3858644075058462597_o.jpg","contentUrl":"https:\/\/arteeluoghi.it\/wp-content\/uploads\/2024\/04\/23215778_1740621012912440_3858644075058462597_o.jpg","width":843,"height":1501},{"@type":"WebPage","@id":"https:\/\/arteeluoghi.it\/index.php\/2024\/04\/09\/buon-compleanno-ad-aldo-giuffre\/#webpage","url":"https:\/\/arteeluoghi.it\/index.php\/2024\/04\/09\/buon-compleanno-ad-aldo-giuffre\/","name":"Buon compleanno ad Aldo Giuffr\u00e9 | Arte e Luoghi","isPartOf":{"@id":"https:\/\/arteeluoghi.it\/#website"},"primaryImageOfPage":{"@id":"https:\/\/arteeluoghi.it\/index.php\/2024\/04\/09\/buon-compleanno-ad-aldo-giuffre\/#primaryimage"},"datePublished":"2024-04-09T20:31:00+00:00","dateModified":"2024-04-10T21:03:50+00:00","description":"Tantissime iniziative, a partire dal tributo della Rai, al grande attore, regista e scrittore napoletano in occasione del centenario della","breadcrumb":{"@id":"https:\/\/arteeluoghi.it\/index.php\/2024\/04\/09\/buon-compleanno-ad-aldo-giuffre\/#breadcrumb"},"inLanguage":"it-IT","potentialAction":[{"@type":"ReadAction","target":["https:\/\/arteeluoghi.it\/index.php\/2024\/04\/09\/buon-compleanno-ad-aldo-giuffre\/"]}]},{"@type":"BreadcrumbList","@id":"https:\/\/arteeluoghi.it\/index.php\/2024\/04\/09\/buon-compleanno-ad-aldo-giuffre\/#breadcrumb","itemListElement":[{"@type":"ListItem","position":1,"name":"Home","item":"https:\/\/arteeluoghi.it\/"},{"@type":"ListItem","position":2,"name":"Buon compleanno ad Aldo Giuffr\u00e9"}]},{"@type":"Article","@id":"https:\/\/arteeluoghi.it\/index.php\/2024\/04\/09\/buon-compleanno-ad-aldo-giuffre\/#article","isPartOf":{"@id":"https:\/\/arteeluoghi.it\/index.php\/2024\/04\/09\/buon-compleanno-ad-aldo-giuffre\/#webpage"},"author":{"@id":"https:\/\/arteeluoghi.it\/#\/schema\/person\/f84e814e36e91e01448ee07eaadd41d4"},"headline":"Buon compleanno ad Aldo Giuffr\u00e9","datePublished":"2024-04-09T20:31:00+00:00","dateModified":"2024-04-10T21:03:50+00:00","mainEntityOfPage":{"@id":"https:\/\/arteeluoghi.it\/index.php\/2024\/04\/09\/buon-compleanno-ad-aldo-giuffre\/#webpage"},"wordCount":416,"commentCount":0,"publisher":{"@id":"https:\/\/arteeluoghi.it\/#organization"},"image":{"@id":"https:\/\/arteeluoghi.it\/index.php\/2024\/04\/09\/buon-compleanno-ad-aldo-giuffre\/#primaryimage"},"thumbnailUrl":"https:\/\/arteeluoghi.it\/wp-content\/uploads\/2024\/04\/23215778_1740621012912440_3858644075058462597_o.jpg","keywords":["Aldo Giuffr\u00e9","cinema","letteratura","Napoli","teatro","tv"],"articleSection":["teatro"],"inLanguage":"it-IT","potentialAction":[{"@type":"CommentAction","name":"Comment","target":["https:\/\/arteeluoghi.it\/index.php\/2024\/04\/09\/buon-compleanno-ad-aldo-giuffre\/#respond"]}]},{"@type":"Person","@id":"https:\/\/arteeluoghi.it\/#\/schema\/person\/f84e814e36e91e01448ee07eaadd41d4","name":"Staff","image":{"@type":"ImageObject","@id":"https:\/\/arteeluoghi.it\/#personlogo","inLanguage":"it-IT","url":"https:\/\/secure.gravatar.com\/avatar\/49d2f9e46271bb04e19cebfaf141313a?s=96&d=blank&r=g","contentUrl":"https:\/\/secure.gravatar.com\/avatar\/49d2f9e46271bb04e19cebfaf141313a?s=96&d=blank&r=g","caption":"Staff"}}]}},"_links":{"self":[{"href":"https:\/\/arteeluoghi.it\/index.php\/wp-json\/wp\/v2\/posts\/14295"}],"collection":[{"href":"https:\/\/arteeluoghi.it\/index.php\/wp-json\/wp\/v2\/posts"}],"about":[{"href":"https:\/\/arteeluoghi.it\/index.php\/wp-json\/wp\/v2\/types\/post"}],"author":[{"embeddable":true,"href":"https:\/\/arteeluoghi.it\/index.php\/wp-json\/wp\/v2\/users\/1"}],"replies":[{"embeddable":true,"href":"https:\/\/arteeluoghi.it\/index.php\/wp-json\/wp\/v2\/comments?post=14295"}],"version-history":[{"count":1,"href":"https:\/\/arteeluoghi.it\/index.php\/wp-json\/wp\/v2\/posts\/14295\/revisions"}],"predecessor-version":[{"id":14297,"href":"https:\/\/arteeluoghi.it\/index.php\/wp-json\/wp\/v2\/posts\/14295\/revisions\/14297"}],"wp:featuredmedia":[{"embeddable":true,"href":"https:\/\/arteeluoghi.it\/index.php\/wp-json\/wp\/v2\/media\/14296"}],"wp:attachment":[{"href":"https:\/\/arteeluoghi.it\/index.php\/wp-json\/wp\/v2\/media?parent=14295"}],"wp:term":[{"taxonomy":"category","embeddable":true,"href":"https:\/\/arteeluoghi.it\/index.php\/wp-json\/wp\/v2\/categories?post=14295"},{"taxonomy":"post_tag","embeddable":true,"href":"https:\/\/arteeluoghi.it\/index.php\/wp-json\/wp\/v2\/tags?post=14295"}],"curies":[{"name":"wp","href":"https:\/\/api.w.org\/{rel}","templated":true}]}}