{"id":14338,"date":"2024-04-28T19:46:00","date_gmt":"2024-04-28T17:46:00","guid":{"rendered":"https:\/\/arteeluoghi.it\/?p=14338"},"modified":"2024-04-29T20:04:52","modified_gmt":"2024-04-29T18:04:52","slug":"aldo-giuffre-una-vita-per-lo-spettacolo","status":"publish","type":"post","link":"https:\/\/arteeluoghi.it\/index.php\/2024\/04\/28\/aldo-giuffre-una-vita-per-lo-spettacolo\/","title":{"rendered":"Aldo Giuffr\u00e8 una vita per lo spettacolo"},"content":{"rendered":"\n<div class=\"wp-block-group\"><div class=\"wp-block-group__inner-container\">\n<blockquote class=\"wp-block-quote is-style-default\"><p>Nella Biblioteca Nazionale di Napoli, dal 29 aprile al 29 giugno 2024 la mostra dedicata all\u2019attore e regista grazie alla donazione della moglie Elena Pranzo Giuffr\u00e8. E tra gli eventi per il centenario della nascita, l\u2019intitolazione della scalinata in via Sanfelice al Vomero il 30 aprile e l\u2019evento il 29 al Teatro Mercadante<\/p><cite><sup>Antonietta Fulvio<\/sup><\/cite><\/blockquote>\n<\/div><\/div>\n\n\n\n<p class=\"has-text-align-right\"><em>Sul Teatro. Questa \u00e8 una professione scritta sull\u2019acqua, di cui non resta null\u2019altro che il ricordo, l\u2019esempio, l\u2019insegnamento. Con la nuova tecnologia lasciamo qualche cassetta, ma \u00e8 poca cosa, fredda rispetto alla passione, al sangue che c\u2019\u00e8 in quest\u2019arte.<br>Aldo Giuffr\u00e8<\/em><\/p>\n\n\n\n<p><\/p>\n\n\n\n<p>Aldo e Napoli. Un binomio perfetto e inscindibile. Nato a Napoli il 10 aprile 1924, il pap\u00e0, Vincenzo Giuff\u00e8 \u201ccalabrese di discendenza normanna\u201c era un contrabbassista dell\u2019orchestra del teatro San Carlo e gli trasmise l\u2019amore per la musica facendogli respirare, sin da piccolo, l\u2019aria e i suoni del teatro. La mamma appartenente ad una nobile famiglia napoletana, donna dalla \u201cforte personalit\u00e0 e straripante simpatia\u201d si trov\u00f2 improvvisamente vedova da sola con quattro bambini, la sua fanciullezza fu segnata cos\u00ec da un dolore profondo e ricorda lui stesso di come furono momenti duri, il suo marinare la scuola agli inizi e poi il trasferimento a Novara da uno zio dove cominci\u00f2 a frequentare regolarmente e a diplomarsi. L\u2019amore per lo studio, paradossalmente, \u00e8 nato dopo aver finito la scuola al punto da fargli dire \u201c<em>secondo me si aspetta di finire la scuola per cominciare a studiare<\/em>\u201d.<br>Per lui almeno \u00e8 stato cos\u00ec. Aldo asseriva di essere \u201cnapoletano con tutti i pregi e difetti, con tutti gli abbandoni del napoletano, ma con il rigore lombardo.\u201d Un napoletano per scelta non solo per essere nato a Napoli, ma di cultura napoletana che ha cercato sempre di raccontare filtrandone la natura pi\u00f9 autentica.<br>Lo testimonia la sua carriera, lunga, trasversale tra teatro, cinema, radio e televisione.<br>Una carriera iniziata con la Liberazione e la fine della guerra che fu proprio lui, ad annunciare dai microfoni della Eiar, avendo vinto un concorso da speaker, ma coincidenza volle che avesse vinto anche quello per entrare in banca. E come rilasci\u00f2 in un\u2019intervista al giornalista Gabriele Boiano del Corriere del Mezzogiorno (2004) \u201cMia madre, che era una donna molto pratica, mi disse: \u201cFai quello che ti senti di fare\u201d. E io scelsi lo spettacolo. Poi l\u2019incontro con Eduardo, nel 1947, la prima scrittura, una piccola parte nel film <em>Assunta Spina<\/em> con Anna Magnani e il debutto al Teatro Piccinni di Bari in <em>Napoli milionaria<\/em>.<br>E Napoli non poteva che non ricordare questo suo illustre figlio dedicandogli un luogo, simbolico, della citt\u00e0. Dal 30 aprile nel quartiere Vomero dove ha vissuto, la scalinata che collega via Gaetano Donizetti con via Luigia Sanfelice, si chiamer\u00e0 \u2018Scalinata Aldo Giuffr\u00e8\u2019 per rafforzare anche nella toponomastica un legame unico e speciale.<br>Un doveroso omaggio, tra gli eventi realizzati per il centenario della nascita che sar\u00e0 preceduto il 29 aprile, a partire dalle ore 16, dall\u2019inaugurazione nella Sala manoscritti e rari della Biblioteca Nazionale di Napoli della mostra \u201cAldo Giuffr\u00e8\u201d una vita per lo spettacolo\u201d. Fino al prossimo 29 giugno 2024 si potranno ammirare infatti nella sezione \u201cLucchesi Palli\u201d la preziosa maschera di Pulcinella ricevuta direttamente dal pronipote di Petito con altri cimeli di Aldo Giuffr\u00e8, frutto della donazione fatta alla biblioteca di Napoli dalla moglie Elena Pranzo Zaccaria, Giuffr\u00e8.<br>Copioni, foto di scena, programmi di sala, manoscritti dei suoi romanzi, dattiloscritti, appunti, articoli e recensioni, tante lettere segnano i momenti salienti della lunga carriera di Aldo Giuffr\u00e8: materiale messo accuratamente insieme con tanto amore dalla moglie Elena che non voleva andasse disperso e che ha donato a febbraio alla Biblioteca napoletana. La mostra, realizzata con la collaborazione della Rai Napoli \u2013 partner dell\u2019evento \u2013 e il Teatro Mercadante, \u00e8 curata da Domenico Livigni, Laura Bourellis e Attilio Laviano che hanno ideato un sorprendente itinerario espositivo, articolato in sedici teche, dove figura appunto una parte del materiale fotografico che, unitamente ad altra documentazione, costituiscono il Fondo Aldo Giuffr\u00e8. Un patrimonio culturale immenso che documenta la vita, la carriera, le relazioni: dal suo rapporto con Eduardo, Visconti e Renzo Ricci, alle opere capisaldo del suo percorso nella drammaturgia moderna e contemporanea: <em>Gli straccioni<\/em> di Annibale Caro (1959 &#8211; copione originale), <em>La lupa<\/em> di Giovanni Verga (1962 &#8211; fotografie di scena), <em>Santa Giovanna<\/em> di George Bernard Shaw (1960 &#8211; fotografie di scena e programma di sala) fino al Giuffr\u00e8 regista attraverso materiali relativi a <em>La sera del sabato<\/em> (1974 &#8211; quaderno manoscritto) e <em>Al ladro! Al ladro! <\/em>(1975 &#8211; copione originale) e, inoltre, le prime esperienze in coppia con il fratello Carlo (copione originale de <em>Un coperto in pi\u00f9<\/em> firmato da Maurizio Costanzo e portato in scena dai due fratelli nel 1972). E poi il successo del teatro di tradizione napoletana che Aldo Giuffr\u00e8, insieme a Carlo, present\u00f2 sulle tavole dei palcoscenici italiani e in particolare ritroviamo due tra i lavori pi\u00f9 fortunati: <em>Francesca da Rimini<\/em> e <em>La fortuna con l\u2019effe maiuscola<\/em>. \u00abUna teca \u2013 scrive il curatore Domenico Livigni \u2013 \u00e8 stata riservata ai documenti delle tre opere a cui l\u2019attore teneva particolarmente e con le quali concluse la sua carriera d\u2019attore: <em>Il malato immaginario <\/em>(adattamento di Giuffr\u00e8 da Moli\u00e9re, 1999), <em>L\u2019uomo, la bestia e la virt\u00f9<\/em> (adattamento di Giuffr\u00e8 da Pirandello, 2000) e <em>Una commedia in famiglia<\/em> (adattamento di Giuffr\u00e8 da Scarpetta, 2003). Altre tre teche parlano della sua vena autoriale, sia come commediografo e scrittore di romanzi (<em>Viaggio con amore<\/em>, 1985; EditriciErmes, II ed. 2003; <em>Amici come prima<\/em>, Guida editore, 2003; <em>I coviello,<\/em> Guida editore, 2007; <em>La meravigliosa storia di Antonio Maraviglia<\/em>, Guida editore, 2009)\u00bb. Inoltre attraverso totem dedicati si dar\u00e0 al pubblico l\u2019opportunit\u00e0 di visionare, alcuni filmati tratti dai suoi lavori cinematografici e televisivi. Sar\u00e0 un viaggio nella memoria, alla riscoperta delle tante anime di un artista e uomo speciale, ineguagliabile, che come indica il sottotitolo della mostra ha vissuto una vita per lo spettacolo, da zingaro felice perch\u00e9 ha amato la sua professione lasciandoci un patrimonio culturale immenso che grazie al gesto di Elena Pranzo Zaccaria Giuffr\u00e8 sar\u00e0 fruibile a tutti.<\/p>\n\n\n\n<figure class=\"wp-block-gallery columns-2 is-cropped\"><ul class=\"blocks-gallery-grid\"><li class=\"blocks-gallery-item\"><figure><img loading=\"lazy\" width=\"822\" height=\"550\" src=\"https:\/\/arteeluoghi.it\/wp-content\/uploads\/2024\/04\/1998-IL-MEDICO-DEI-PAZZI-di-Eduardo-Scarpetta-regia-di-Aldo-Giuffre\u0301.jpg\" alt=\"\" data-id=\"14340\" data-full-url=\"https:\/\/arteeluoghi.it\/wp-content\/uploads\/2024\/04\/1998-IL-MEDICO-DEI-PAZZI-di-Eduardo-Scarpetta-regia-di-Aldo-Giuffre\u0301.jpg\" data-link=\"https:\/\/arteeluoghi.it\/?attachment_id=14340\" class=\"wp-image-14340\" srcset=\"https:\/\/arteeluoghi.it\/wp-content\/uploads\/2024\/04\/1998-IL-MEDICO-DEI-PAZZI-di-Eduardo-Scarpetta-regia-di-Aldo-Giuffre\u0301.jpg 822w, https:\/\/arteeluoghi.it\/wp-content\/uploads\/2024\/04\/1998-IL-MEDICO-DEI-PAZZI-di-Eduardo-Scarpetta-regia-di-Aldo-Giuffre\u0301-300x201.jpg 300w, https:\/\/arteeluoghi.it\/wp-content\/uploads\/2024\/04\/1998-IL-MEDICO-DEI-PAZZI-di-Eduardo-Scarpetta-regia-di-Aldo-Giuffre\u0301-768x514.jpg 768w\" sizes=\"(max-width: 822px) 100vw, 822px\" \/><\/figure><\/li><li class=\"blocks-gallery-item\"><figure><img loading=\"lazy\" width=\"739\" height=\"550\" src=\"https:\/\/arteeluoghi.it\/wp-content\/uploads\/2024\/04\/10945582_1387539761553902_2288059028068098463_n.jpg\" alt=\"\" data-id=\"14341\" data-full-url=\"https:\/\/arteeluoghi.it\/wp-content\/uploads\/2024\/04\/10945582_1387539761553902_2288059028068098463_n.jpg\" data-link=\"https:\/\/arteeluoghi.it\/?attachment_id=14341\" class=\"wp-image-14341\" srcset=\"https:\/\/arteeluoghi.it\/wp-content\/uploads\/2024\/04\/10945582_1387539761553902_2288059028068098463_n.jpg 739w, https:\/\/arteeluoghi.it\/wp-content\/uploads\/2024\/04\/10945582_1387539761553902_2288059028068098463_n-300x223.jpg 300w\" sizes=\"(max-width: 739px) 100vw, 739px\" \/><\/figure><\/li><\/ul><figcaption class=\"blocks-gallery-caption\">Aldo Giuff\u00e8 in scena nella commedia Il medico dei pazzi di Eduardo Scarpetta di cui firma la regia nel 1998; con Tot\u00f2 con cui ha girato ben dieci film<\/figcaption><\/figure>\n\n\n\n<p><br>Subito dopo l\u2019inaugurazione della mostra, Napoli continua a rendergli omaggio con la serata evento in programma a partire dalle ore 19:30 al teatro Mercadante, condotta dall\u2019attore Massimiliano Gallo, legato da una profonda amicizia ad Aldo Giuff\u00e8 sin dai tempi in cui lo diresse con suo fratello nello spettacolo <em>Francesca da Rimini <\/em>nel 1990. Uno spettacolo riproposto da Rai 5 nel mese di aprile che ha chiuso la programmazione di un palinsesto omaggio con quattro spettacoli di prosa: <em>La sera del sabato<\/em> di Guglielmo Giannini, <em>L\u2019incornata<\/em> di Alfonso Sastre, <em>La potenza delle tenebre<\/em> di Tolstoj.<br>Personalmente ho avuto modo di incontrare Aldo Giuff\u00e8 a Lecce, intervistarlo per il giornale Leccesera (28 giugno 2004) in occasione della presentazione del suo romanzo \u201c<em>Amici come prima<\/em>\u201d, una prova di scrittura bellissima, intensa, sorprendente di cui mi piace riportare alcuni passaggi che fanno ancor pi\u00f9 apprezzare il pensiero Giuffr\u00e8, pi\u00f9 dell&#8217;attore e del regista che ha lavorato con i pi\u00f9 grandi da Sergio Leone a Tot\u00f2.<br>\u00abVolevo scrivere un romanzo su una storia forte di amicizia, per descriverla ho dovuto creare due trovatelli, due figli di nessuno perch\u00e9 uno dei classici motivi per cui si sbriciola un&#8217;amicizia \u00e8 sempre l&#8217;arrivo di una persona nuova che distrugge il rapporto. Tra Giovanni e Giannino non pu\u00f2 succedere perch\u00e9 entrambi non hanno parenti. In pi\u00f9, quasi appena nati, dopo essere stati vomitati in quella tinozza putrida e fetente del brefotrofio capiscono, miracolosamente, che se vogliono uscire vivi ancorch\u00e8 bestie sanguinanti dall&#8217;inferno devono diventare amici, sostituire quella famiglia che non hanno mai avuto. La necessit\u00e0 di questo bisogno quasi drammatico di amicizia li salver\u00e0 per tutta la vita perch\u00e9 ogni volta che uno di loro inciampa e cade, si rialza perch\u00e9 sa che c&#8217;\u00e8 l&#8217;altro. Lo scoglio sicuro a cui aggrapparsi\u00bb.<br>In quell\u2019occasione conobbi Elena Pranzo Zaccaria che ringrazio per l\u2019intervista che mi ha concesso di ripercorrere con lei, attraverso i suoi ricordi, la vita e il pensiero del geniale e sempre vivo Aldo Giuffr\u00e8. Perch\u00e9 gli artisti sono immortali.<\/p>\n","protected":false},"excerpt":{"rendered":"<p>Sul Teatro. Questa \u00e8 una professione scritta sull\u2019acqua, di cui non resta null\u2019altro che il ricordo, l\u2019esempio, l\u2019insegnamento. Con la<\/p>\n","protected":false},"author":1,"featured_media":14339,"comment_status":"open","ping_status":"open","sticky":true,"template":"","format":"standard","meta":[],"categories":[29,17,43,13],"tags":[6095,370,389,168,6099,859,160,6097,6096,377,347],"yoast_head":"<!-- This site is optimized with the Yoast SEO plugin v18.0 - https:\/\/yoast.com\/wordpress\/plugins\/seo\/ -->\n<title>Aldo Giuffr\u00e8 una vita per lo spettacolo | Arte e Luoghi<\/title>\n<meta name=\"description\" content=\"Nella Biblioteca Nazionale di Napoli, dal 29 aprile al 29 giugno 2024 la mostra dedicata all\u2019attore e regista grazie alla donazione\" \/>\n<meta name=\"robots\" content=\"index, follow, max-snippet:-1, max-image-preview:large, max-video-preview:-1\" \/>\n<link rel=\"canonical\" href=\"https:\/\/arteeluoghi.it\/index.php\/2024\/04\/28\/aldo-giuffre-una-vita-per-lo-spettacolo\/\" \/>\n<meta property=\"og:locale\" content=\"it_IT\" \/>\n<meta property=\"og:type\" content=\"article\" \/>\n<meta property=\"og:title\" content=\"Aldo Giuffr\u00e8 una vita per lo spettacolo | Arte e Luoghi\" \/>\n<meta property=\"og:description\" content=\"Nella Biblioteca Nazionale di Napoli, dal 29 aprile al 29 giugno 2024 la mostra dedicata all\u2019attore e regista grazie alla donazione\" \/>\n<meta property=\"og:url\" content=\"https:\/\/arteeluoghi.it\/index.php\/2024\/04\/28\/aldo-giuffre-una-vita-per-lo-spettacolo\/\" \/>\n<meta property=\"og:site_name\" content=\"Arte e Luoghi\" \/>\n<meta property=\"article:publisher\" content=\"https:\/\/www.facebook.com\/ArteELuoghi\/\" \/>\n<meta property=\"article:published_time\" content=\"2024-04-28T17:46:00+00:00\" \/>\n<meta property=\"article:modified_time\" content=\"2024-04-29T18:04:52+00:00\" \/>\n<meta property=\"og:image\" content=\"https:\/\/arteeluoghi.it\/wp-content\/uploads\/2024\/04\/438789662_3328506800790512_5910987144054887131_n.jpg\" \/>\n\t<meta property=\"og:image:width\" content=\"1350\" \/>\n\t<meta property=\"og:image:height\" content=\"1080\" \/>\n\t<meta property=\"og:image:type\" content=\"image\/jpeg\" \/>\n<meta name=\"twitter:card\" content=\"summary\" \/>\n<meta name=\"twitter:creator\" content=\"@arteeluoghi\" \/>\n<meta name=\"twitter:site\" content=\"@arteeluoghi\" \/>\n<meta name=\"twitter:label1\" content=\"Scritto da\" \/>\n\t<meta name=\"twitter:data1\" content=\"Staff\" \/>\n\t<meta name=\"twitter:label2\" content=\"Tempo di lettura stimato\" \/>\n\t<meta name=\"twitter:data2\" content=\"8 minuti\" \/>\n<script type=\"application\/ld+json\" class=\"yoast-schema-graph\">{\"@context\":\"https:\/\/schema.org\",\"@graph\":[{\"@type\":\"Organization\",\"@id\":\"https:\/\/arteeluoghi.it\/#organization\",\"name\":\"Arte e Luoghi\",\"url\":\"https:\/\/arteeluoghi.it\/\",\"sameAs\":[\"https:\/\/www.facebook.com\/ArteELuoghi\/\",\"https:\/\/www.instagram.com\/arteeluoghi\/?hl=it\",\"https:\/\/www.youtube.com\/channel\/UCuRVc4JW4-C5sg9rQB-srkw?view_as=subscriber\",\"https:\/\/twitter.com\/arteeluoghi\"],\"logo\":{\"@type\":\"ImageObject\",\"@id\":\"https:\/\/arteeluoghi.it\/#logo\",\"inLanguage\":\"it-IT\",\"url\":\"https:\/\/arteeluoghi.it\/wp-content\/uploads\/2018\/08\/logoinstagramarte.jpg\",\"contentUrl\":\"https:\/\/arteeluoghi.it\/wp-content\/uploads\/2018\/08\/logoinstagramarte.jpg\",\"width\":150,\"height\":150,\"caption\":\"Arte e Luoghi\"},\"image\":{\"@id\":\"https:\/\/arteeluoghi.it\/#logo\"}},{\"@type\":\"WebSite\",\"@id\":\"https:\/\/arteeluoghi.it\/#website\",\"url\":\"https:\/\/arteeluoghi.it\/\",\"name\":\"Arte e Luoghi\",\"description\":\"Mensile di arte, cultura, turismo e curiosit\u00e0\",\"publisher\":{\"@id\":\"https:\/\/arteeluoghi.it\/#organization\"},\"potentialAction\":[{\"@type\":\"SearchAction\",\"target\":{\"@type\":\"EntryPoint\",\"urlTemplate\":\"https:\/\/arteeluoghi.it\/?s={search_term_string}\"},\"query-input\":\"required name=search_term_string\"}],\"inLanguage\":\"it-IT\"},{\"@type\":\"ImageObject\",\"@id\":\"https:\/\/arteeluoghi.it\/index.php\/2024\/04\/28\/aldo-giuffre-una-vita-per-lo-spettacolo\/#primaryimage\",\"inLanguage\":\"it-IT\",\"url\":\"https:\/\/arteeluoghi.it\/wp-content\/uploads\/2024\/04\/438789662_3328506800790512_5910987144054887131_n.jpg\",\"contentUrl\":\"https:\/\/arteeluoghi.it\/wp-content\/uploads\/2024\/04\/438789662_3328506800790512_5910987144054887131_n.jpg\",\"width\":1350,\"height\":1080},{\"@type\":\"WebPage\",\"@id\":\"https:\/\/arteeluoghi.it\/index.php\/2024\/04\/28\/aldo-giuffre-una-vita-per-lo-spettacolo\/#webpage\",\"url\":\"https:\/\/arteeluoghi.it\/index.php\/2024\/04\/28\/aldo-giuffre-una-vita-per-lo-spettacolo\/\",\"name\":\"Aldo Giuffr\u00e8 una vita per lo spettacolo | Arte e Luoghi\",\"isPartOf\":{\"@id\":\"https:\/\/arteeluoghi.it\/#website\"},\"primaryImageOfPage\":{\"@id\":\"https:\/\/arteeluoghi.it\/index.php\/2024\/04\/28\/aldo-giuffre-una-vita-per-lo-spettacolo\/#primaryimage\"},\"datePublished\":\"2024-04-28T17:46:00+00:00\",\"dateModified\":\"2024-04-29T18:04:52+00:00\",\"description\":\"Nella Biblioteca Nazionale di Napoli, dal 29 aprile al 29 giugno 2024 la mostra dedicata all\u2019attore e regista grazie alla donazione\",\"breadcrumb\":{\"@id\":\"https:\/\/arteeluoghi.it\/index.php\/2024\/04\/28\/aldo-giuffre-una-vita-per-lo-spettacolo\/#breadcrumb\"},\"inLanguage\":\"it-IT\",\"potentialAction\":[{\"@type\":\"ReadAction\",\"target\":[\"https:\/\/arteeluoghi.it\/index.php\/2024\/04\/28\/aldo-giuffre-una-vita-per-lo-spettacolo\/\"]}]},{\"@type\":\"BreadcrumbList\",\"@id\":\"https:\/\/arteeluoghi.it\/index.php\/2024\/04\/28\/aldo-giuffre-una-vita-per-lo-spettacolo\/#breadcrumb\",\"itemListElement\":[{\"@type\":\"ListItem\",\"position\":1,\"name\":\"Home\",\"item\":\"https:\/\/arteeluoghi.it\/\"},{\"@type\":\"ListItem\",\"position\":2,\"name\":\"Aldo Giuffr\u00e8 una vita per lo spettacolo\"}]},{\"@type\":\"Article\",\"@id\":\"https:\/\/arteeluoghi.it\/index.php\/2024\/04\/28\/aldo-giuffre-una-vita-per-lo-spettacolo\/#article\",\"isPartOf\":{\"@id\":\"https:\/\/arteeluoghi.it\/index.php\/2024\/04\/28\/aldo-giuffre-una-vita-per-lo-spettacolo\/#webpage\"},\"author\":{\"@id\":\"https:\/\/arteeluoghi.it\/#\/schema\/person\/f84e814e36e91e01448ee07eaadd41d4\"},\"headline\":\"Aldo Giuffr\u00e8 una vita per lo spettacolo\",\"datePublished\":\"2024-04-28T17:46:00+00:00\",\"dateModified\":\"2024-04-29T18:04:52+00:00\",\"mainEntityOfPage\":{\"@id\":\"https:\/\/arteeluoghi.it\/index.php\/2024\/04\/28\/aldo-giuffre-una-vita-per-lo-spettacolo\/#webpage\"},\"wordCount\":1355,\"commentCount\":0,\"publisher\":{\"@id\":\"https:\/\/arteeluoghi.it\/#organization\"},\"image\":{\"@id\":\"https:\/\/arteeluoghi.it\/index.php\/2024\/04\/28\/aldo-giuffre-una-vita-per-lo-spettacolo\/#primaryimage\"},\"thumbnailUrl\":\"https:\/\/arteeluoghi.it\/wp-content\/uploads\/2024\/04\/438789662_3328506800790512_5910987144054887131_n.jpg\",\"keywords\":[\"Aldo Giuffr\u00e8\",\"Biblioteca Nazionale di Napoli\",\"cinema\",\"libri\",\"Massimiliano Gallo\",\"mostra\",\"Napoli\",\"Petito\",\"Scalinata Aldo Giuffr\u00e8\",\"teatro\",\"Teatro Mercadante\"],\"articleSection\":[\"Cinema\",\"LIBRI\",\"Storie. L'uomo e il territorio\",\"teatro\"],\"inLanguage\":\"it-IT\",\"potentialAction\":[{\"@type\":\"CommentAction\",\"name\":\"Comment\",\"target\":[\"https:\/\/arteeluoghi.it\/index.php\/2024\/04\/28\/aldo-giuffre-una-vita-per-lo-spettacolo\/#respond\"]}]},{\"@type\":\"Person\",\"@id\":\"https:\/\/arteeluoghi.it\/#\/schema\/person\/f84e814e36e91e01448ee07eaadd41d4\",\"name\":\"Staff\",\"image\":{\"@type\":\"ImageObject\",\"@id\":\"https:\/\/arteeluoghi.it\/#personlogo\",\"inLanguage\":\"it-IT\",\"url\":\"https:\/\/secure.gravatar.com\/avatar\/49d2f9e46271bb04e19cebfaf141313a?s=96&d=blank&r=g\",\"contentUrl\":\"https:\/\/secure.gravatar.com\/avatar\/49d2f9e46271bb04e19cebfaf141313a?s=96&d=blank&r=g\",\"caption\":\"Staff\"}}]}<\/script>\n<!-- \/ Yoast SEO plugin. -->","yoast_head_json":{"title":"Aldo Giuffr\u00e8 una vita per lo spettacolo | Arte e Luoghi","description":"Nella Biblioteca Nazionale di Napoli, dal 29 aprile al 29 giugno 2024 la mostra dedicata all\u2019attore e regista grazie alla donazione","robots":{"index":"index","follow":"follow","max-snippet":"max-snippet:-1","max-image-preview":"max-image-preview:large","max-video-preview":"max-video-preview:-1"},"canonical":"https:\/\/arteeluoghi.it\/index.php\/2024\/04\/28\/aldo-giuffre-una-vita-per-lo-spettacolo\/","og_locale":"it_IT","og_type":"article","og_title":"Aldo Giuffr\u00e8 una vita per lo spettacolo | Arte e Luoghi","og_description":"Nella Biblioteca Nazionale di Napoli, dal 29 aprile al 29 giugno 2024 la mostra dedicata all\u2019attore e regista grazie alla donazione","og_url":"https:\/\/arteeluoghi.it\/index.php\/2024\/04\/28\/aldo-giuffre-una-vita-per-lo-spettacolo\/","og_site_name":"Arte e Luoghi","article_publisher":"https:\/\/www.facebook.com\/ArteELuoghi\/","article_published_time":"2024-04-28T17:46:00+00:00","article_modified_time":"2024-04-29T18:04:52+00:00","og_image":[{"width":1350,"height":1080,"url":"https:\/\/arteeluoghi.it\/wp-content\/uploads\/2024\/04\/438789662_3328506800790512_5910987144054887131_n.jpg","type":"image\/jpeg"}],"twitter_card":"summary","twitter_creator":"@arteeluoghi","twitter_site":"@arteeluoghi","twitter_misc":{"Scritto da":"Staff","Tempo di lettura stimato":"8 minuti"},"schema":{"@context":"https:\/\/schema.org","@graph":[{"@type":"Organization","@id":"https:\/\/arteeluoghi.it\/#organization","name":"Arte e Luoghi","url":"https:\/\/arteeluoghi.it\/","sameAs":["https:\/\/www.facebook.com\/ArteELuoghi\/","https:\/\/www.instagram.com\/arteeluoghi\/?hl=it","https:\/\/www.youtube.com\/channel\/UCuRVc4JW4-C5sg9rQB-srkw?view_as=subscriber","https:\/\/twitter.com\/arteeluoghi"],"logo":{"@type":"ImageObject","@id":"https:\/\/arteeluoghi.it\/#logo","inLanguage":"it-IT","url":"https:\/\/arteeluoghi.it\/wp-content\/uploads\/2018\/08\/logoinstagramarte.jpg","contentUrl":"https:\/\/arteeluoghi.it\/wp-content\/uploads\/2018\/08\/logoinstagramarte.jpg","width":150,"height":150,"caption":"Arte e Luoghi"},"image":{"@id":"https:\/\/arteeluoghi.it\/#logo"}},{"@type":"WebSite","@id":"https:\/\/arteeluoghi.it\/#website","url":"https:\/\/arteeluoghi.it\/","name":"Arte e Luoghi","description":"Mensile di arte, cultura, turismo e curiosit\u00e0","publisher":{"@id":"https:\/\/arteeluoghi.it\/#organization"},"potentialAction":[{"@type":"SearchAction","target":{"@type":"EntryPoint","urlTemplate":"https:\/\/arteeluoghi.it\/?s={search_term_string}"},"query-input":"required name=search_term_string"}],"inLanguage":"it-IT"},{"@type":"ImageObject","@id":"https:\/\/arteeluoghi.it\/index.php\/2024\/04\/28\/aldo-giuffre-una-vita-per-lo-spettacolo\/#primaryimage","inLanguage":"it-IT","url":"https:\/\/arteeluoghi.it\/wp-content\/uploads\/2024\/04\/438789662_3328506800790512_5910987144054887131_n.jpg","contentUrl":"https:\/\/arteeluoghi.it\/wp-content\/uploads\/2024\/04\/438789662_3328506800790512_5910987144054887131_n.jpg","width":1350,"height":1080},{"@type":"WebPage","@id":"https:\/\/arteeluoghi.it\/index.php\/2024\/04\/28\/aldo-giuffre-una-vita-per-lo-spettacolo\/#webpage","url":"https:\/\/arteeluoghi.it\/index.php\/2024\/04\/28\/aldo-giuffre-una-vita-per-lo-spettacolo\/","name":"Aldo Giuffr\u00e8 una vita per lo spettacolo | Arte e Luoghi","isPartOf":{"@id":"https:\/\/arteeluoghi.it\/#website"},"primaryImageOfPage":{"@id":"https:\/\/arteeluoghi.it\/index.php\/2024\/04\/28\/aldo-giuffre-una-vita-per-lo-spettacolo\/#primaryimage"},"datePublished":"2024-04-28T17:46:00+00:00","dateModified":"2024-04-29T18:04:52+00:00","description":"Nella Biblioteca Nazionale di Napoli, dal 29 aprile al 29 giugno 2024 la mostra dedicata all\u2019attore e regista grazie alla donazione","breadcrumb":{"@id":"https:\/\/arteeluoghi.it\/index.php\/2024\/04\/28\/aldo-giuffre-una-vita-per-lo-spettacolo\/#breadcrumb"},"inLanguage":"it-IT","potentialAction":[{"@type":"ReadAction","target":["https:\/\/arteeluoghi.it\/index.php\/2024\/04\/28\/aldo-giuffre-una-vita-per-lo-spettacolo\/"]}]},{"@type":"BreadcrumbList","@id":"https:\/\/arteeluoghi.it\/index.php\/2024\/04\/28\/aldo-giuffre-una-vita-per-lo-spettacolo\/#breadcrumb","itemListElement":[{"@type":"ListItem","position":1,"name":"Home","item":"https:\/\/arteeluoghi.it\/"},{"@type":"ListItem","position":2,"name":"Aldo Giuffr\u00e8 una vita per lo spettacolo"}]},{"@type":"Article","@id":"https:\/\/arteeluoghi.it\/index.php\/2024\/04\/28\/aldo-giuffre-una-vita-per-lo-spettacolo\/#article","isPartOf":{"@id":"https:\/\/arteeluoghi.it\/index.php\/2024\/04\/28\/aldo-giuffre-una-vita-per-lo-spettacolo\/#webpage"},"author":{"@id":"https:\/\/arteeluoghi.it\/#\/schema\/person\/f84e814e36e91e01448ee07eaadd41d4"},"headline":"Aldo Giuffr\u00e8 una vita per lo spettacolo","datePublished":"2024-04-28T17:46:00+00:00","dateModified":"2024-04-29T18:04:52+00:00","mainEntityOfPage":{"@id":"https:\/\/arteeluoghi.it\/index.php\/2024\/04\/28\/aldo-giuffre-una-vita-per-lo-spettacolo\/#webpage"},"wordCount":1355,"commentCount":0,"publisher":{"@id":"https:\/\/arteeluoghi.it\/#organization"},"image":{"@id":"https:\/\/arteeluoghi.it\/index.php\/2024\/04\/28\/aldo-giuffre-una-vita-per-lo-spettacolo\/#primaryimage"},"thumbnailUrl":"https:\/\/arteeluoghi.it\/wp-content\/uploads\/2024\/04\/438789662_3328506800790512_5910987144054887131_n.jpg","keywords":["Aldo Giuffr\u00e8","Biblioteca Nazionale di Napoli","cinema","libri","Massimiliano Gallo","mostra","Napoli","Petito","Scalinata Aldo Giuffr\u00e8","teatro","Teatro Mercadante"],"articleSection":["Cinema","LIBRI","Storie. L'uomo e il territorio","teatro"],"inLanguage":"it-IT","potentialAction":[{"@type":"CommentAction","name":"Comment","target":["https:\/\/arteeluoghi.it\/index.php\/2024\/04\/28\/aldo-giuffre-una-vita-per-lo-spettacolo\/#respond"]}]},{"@type":"Person","@id":"https:\/\/arteeluoghi.it\/#\/schema\/person\/f84e814e36e91e01448ee07eaadd41d4","name":"Staff","image":{"@type":"ImageObject","@id":"https:\/\/arteeluoghi.it\/#personlogo","inLanguage":"it-IT","url":"https:\/\/secure.gravatar.com\/avatar\/49d2f9e46271bb04e19cebfaf141313a?s=96&d=blank&r=g","contentUrl":"https:\/\/secure.gravatar.com\/avatar\/49d2f9e46271bb04e19cebfaf141313a?s=96&d=blank&r=g","caption":"Staff"}}]}},"_links":{"self":[{"href":"https:\/\/arteeluoghi.it\/index.php\/wp-json\/wp\/v2\/posts\/14338"}],"collection":[{"href":"https:\/\/arteeluoghi.it\/index.php\/wp-json\/wp\/v2\/posts"}],"about":[{"href":"https:\/\/arteeluoghi.it\/index.php\/wp-json\/wp\/v2\/types\/post"}],"author":[{"embeddable":true,"href":"https:\/\/arteeluoghi.it\/index.php\/wp-json\/wp\/v2\/users\/1"}],"replies":[{"embeddable":true,"href":"https:\/\/arteeluoghi.it\/index.php\/wp-json\/wp\/v2\/comments?post=14338"}],"version-history":[{"count":5,"href":"https:\/\/arteeluoghi.it\/index.php\/wp-json\/wp\/v2\/posts\/14338\/revisions"}],"predecessor-version":[{"id":14346,"href":"https:\/\/arteeluoghi.it\/index.php\/wp-json\/wp\/v2\/posts\/14338\/revisions\/14346"}],"wp:featuredmedia":[{"embeddable":true,"href":"https:\/\/arteeluoghi.it\/index.php\/wp-json\/wp\/v2\/media\/14339"}],"wp:attachment":[{"href":"https:\/\/arteeluoghi.it\/index.php\/wp-json\/wp\/v2\/media?parent=14338"}],"wp:term":[{"taxonomy":"category","embeddable":true,"href":"https:\/\/arteeluoghi.it\/index.php\/wp-json\/wp\/v2\/categories?post=14338"},{"taxonomy":"post_tag","embeddable":true,"href":"https:\/\/arteeluoghi.it\/index.php\/wp-json\/wp\/v2\/tags?post=14338"}],"curies":[{"name":"wp","href":"https:\/\/api.w.org\/{rel}","templated":true}]}}