{"id":14355,"date":"2024-04-29T13:21:00","date_gmt":"2024-04-29T11:21:00","guid":{"rendered":"https:\/\/arteeluoghi.it\/?p=14355"},"modified":"2024-05-01T13:24:57","modified_gmt":"2024-05-01T11:24:57","slug":"homo-faber-mestieri-e-saperi-della-taranto-antica","status":"publish","type":"post","link":"https:\/\/arteeluoghi.it\/index.php\/2024\/04\/29\/homo-faber-mestieri-e-saperi-della-taranto-antica\/","title":{"rendered":"\u201cHomo Faber: mestieri e saperi della Taranto Antica\u201d"},"content":{"rendered":"\n<blockquote class=\"wp-block-quote is-style-default\"><p>Primo Maggio al Museo archeologico nazionale di Taranto con una giornata dedicata alla festa dei lavoratori con una visita tematica alla scoperta del patrimonio artistico <\/p><\/blockquote>\n\n\n\n<p>L\u2019arte e la storia si possono nascondere anche dietro piccoli segni incisi su un\u2019iscrizione sepolcrale o addirittura su un coccio di scarto di una antica bottega di ceramisti di et\u00e0 greca. E\u2019 cos\u00ec che il Museo archeologico nazionale di Taranto decide di onorare la giornata dedicata alla Festa dei lavoratori del Primo Maggio. Mercoled\u00ec 1 maggio, infatti, alle ore 11.00 \u00e8 prevista una visita tematica intitolata \u201cHomo faber: mestieri e saperi della Taranto antica\u201d.<\/p>\n\n\n\n<!--more-->\n\n\n\n<p>Nel percorso all\u2019interno delle sale espositive del MArTA, il personale del museo condurr\u00e0 i visitatori lungo le tracce di segnali a volte impercettibili che invece molto svelano del mondo del lavoro nelle civilt\u00e0 del passato.<\/p>\n\n\n\n<p>Sono le attestazioni epigrafiche e gli strumenti di lavoro rinvenuti nelle sepolture o scolpiti su stele funerarie a testimoniare i lavori nei settori agricolo, artigianale, commerciale o di sfruttamento delle risorse marine.<\/p>\n\n\n\n<p>Cos\u00ec come il piccolo ritratto disegnato su una prova di cottura all\u2019interno di un\u2019antica bottega artigiana di et\u00e0 greca.<\/p>\n\n\n\n<p>L\u2019illustrazione dei reperti frutto delle abili capacit\u00e0 di ceramisti, metallurghi e orafi, metteranno in luce le innovazioni tecnologiche e le capacit\u00e0 produttive sviluppate nel corso del tempo a partire dalla preistoria sino all\u2019et\u00e0 medievale.<\/p>\n\n\n\n<p><em>Uno spunto di riflessione sul quadro sociale della Taranto antica<\/em>&nbsp;\u2013 afferma la&nbsp;<strong>direttrice del MArTA, Stella Falzone<\/strong>&nbsp;&#8211;&nbsp;<em>che ci permette di ricostruire momenti di vita quotidiana, dal lavoro nei campi al commercio, dalla produzione artigianale alla scrittura, a riprova dell\u2019estrema capacit\u00e0 del \u201csaper fare\u201d degli abitanti della citt\u00e0 nelle differenti epoche storiche.<\/em><\/p>\n\n\n\n<p>La visita tematica, della durata di circa un\u2019ora e mezza e per un massimo di 25 persone, va prenotata telefonando al numero: 0994532112. L\u2019attivit\u00e0 \u00e8 compresa nel biglietto di ingresso al museo al costo di 10 euro, salvo le gratuit\u00e0 o le riduzioni previste dalla legge e dalle convenzioni.<\/p>\n\n\n\n<p>Nella giornata del mercoled\u00ec primo maggio sar\u00e0 possibile prenotare anche attivit\u00e0 di visite guidate a pagamento a cura della societ\u00e0 Aditus, concessionaria per i servizi aggiunti del MArTA. Per l\u2019acquisto dei ticket d\u2019ingresso o l\u2019acquisto di ulteriori visite guidate si pu\u00f2 consultare il sito&nbsp;<a href=\"http:\/\/www.museotaranto.cultura.gov.it\/\" target=\"_blank\" rel=\"noreferrer noopener\">www.museotaranto.cultura.gov.it<\/a>&nbsp;e accedere all\u2019area \u201cBiglietteria\u201d.<\/p>\n\n\n\n<p>Nella foto di \u201cStele in carparo con iscrizione sepolcrale di un potatore\u201d, databile al I sec. d.C. Rinvenuta in via Cugini angolo via Leonida a Taranto nel 2005 \u2013 Corridoio Sala XVIII Museo archeologico nazionale Taranto.<\/p>\n\n\n\n<p>(fonte: comunicato stampa)<\/p>\n","protected":false},"excerpt":{"rendered":"<p>Primo Maggio al Museo archeologico nazionale di Taranto con una giornata dedicata alla festa dei lavoratori con una visita tematica<\/p>\n","protected":false},"author":1,"featured_media":14356,"comment_status":"open","ping_status":"open","sticky":true,"template":"","format":"standard","meta":[],"categories":[609,16],"tags":[4223,4899,6104],"yoast_head":"<!-- This site is optimized with the Yoast SEO plugin v18.0 - https:\/\/yoast.com\/wordpress\/plugins\/seo\/ -->\n<title>\u201cHomo Faber: mestieri e saperi della Taranto Antica\u201d | Arte e Luoghi<\/title>\n<meta name=\"description\" content=\"Primo Maggio al Museo archeologico nazionale di Taranto con una giornata dedicata alla festa dei lavoratori con una visita tematica\" \/>\n<meta name=\"robots\" content=\"index, follow, max-snippet:-1, max-image-preview:large, max-video-preview:-1\" \/>\n<link rel=\"canonical\" href=\"https:\/\/arteeluoghi.it\/index.php\/2024\/04\/29\/homo-faber-mestieri-e-saperi-della-taranto-antica\/\" \/>\n<meta property=\"og:locale\" content=\"it_IT\" \/>\n<meta property=\"og:type\" content=\"article\" \/>\n<meta property=\"og:title\" content=\"\u201cHomo Faber: mestieri e saperi della Taranto Antica\u201d | Arte e Luoghi\" \/>\n<meta property=\"og:description\" content=\"Primo Maggio al Museo archeologico nazionale di Taranto con una giornata dedicata alla festa dei lavoratori con una visita tematica\" \/>\n<meta property=\"og:url\" content=\"https:\/\/arteeluoghi.it\/index.php\/2024\/04\/29\/homo-faber-mestieri-e-saperi-della-taranto-antica\/\" \/>\n<meta property=\"og:site_name\" content=\"Arte e Luoghi\" \/>\n<meta property=\"article:publisher\" content=\"https:\/\/www.facebook.com\/ArteELuoghi\/\" \/>\n<meta property=\"article:published_time\" content=\"2024-04-29T11:21:00+00:00\" \/>\n<meta property=\"article:modified_time\" content=\"2024-05-01T11:24:57+00:00\" \/>\n<meta property=\"og:image\" content=\"https:\/\/arteeluoghi.it\/wp-content\/uploads\/2024\/05\/Stele-in-carparo-con-iscrizione-sepolcrale-di-un-potatore-MArTA.jpg\" \/>\n\t<meta property=\"og:image:width\" content=\"1068\" \/>\n\t<meta property=\"og:image:height\" content=\"1600\" \/>\n\t<meta property=\"og:image:type\" content=\"image\/jpeg\" \/>\n<meta name=\"twitter:card\" content=\"summary\" \/>\n<meta name=\"twitter:creator\" content=\"@arteeluoghi\" \/>\n<meta name=\"twitter:site\" content=\"@arteeluoghi\" \/>\n<meta name=\"twitter:label1\" content=\"Scritto da\" \/>\n\t<meta name=\"twitter:data1\" content=\"Staff\" \/>\n\t<meta name=\"twitter:label2\" content=\"Tempo di lettura stimato\" \/>\n\t<meta name=\"twitter:data2\" content=\"3 minuti\" \/>\n<script type=\"application\/ld+json\" class=\"yoast-schema-graph\">{\"@context\":\"https:\/\/schema.org\",\"@graph\":[{\"@type\":\"Organization\",\"@id\":\"https:\/\/arteeluoghi.it\/#organization\",\"name\":\"Arte e Luoghi\",\"url\":\"https:\/\/arteeluoghi.it\/\",\"sameAs\":[\"https:\/\/www.facebook.com\/ArteELuoghi\/\",\"https:\/\/www.instagram.com\/arteeluoghi\/?hl=it\",\"https:\/\/www.youtube.com\/channel\/UCuRVc4JW4-C5sg9rQB-srkw?view_as=subscriber\",\"https:\/\/twitter.com\/arteeluoghi\"],\"logo\":{\"@type\":\"ImageObject\",\"@id\":\"https:\/\/arteeluoghi.it\/#logo\",\"inLanguage\":\"it-IT\",\"url\":\"https:\/\/arteeluoghi.it\/wp-content\/uploads\/2018\/08\/logoinstagramarte.jpg\",\"contentUrl\":\"https:\/\/arteeluoghi.it\/wp-content\/uploads\/2018\/08\/logoinstagramarte.jpg\",\"width\":150,\"height\":150,\"caption\":\"Arte e Luoghi\"},\"image\":{\"@id\":\"https:\/\/arteeluoghi.it\/#logo\"}},{\"@type\":\"WebSite\",\"@id\":\"https:\/\/arteeluoghi.it\/#website\",\"url\":\"https:\/\/arteeluoghi.it\/\",\"name\":\"Arte e Luoghi\",\"description\":\"Mensile di arte, cultura, turismo e curiosit\u00e0\",\"publisher\":{\"@id\":\"https:\/\/arteeluoghi.it\/#organization\"},\"potentialAction\":[{\"@type\":\"SearchAction\",\"target\":{\"@type\":\"EntryPoint\",\"urlTemplate\":\"https:\/\/arteeluoghi.it\/?s={search_term_string}\"},\"query-input\":\"required name=search_term_string\"}],\"inLanguage\":\"it-IT\"},{\"@type\":\"ImageObject\",\"@id\":\"https:\/\/arteeluoghi.it\/index.php\/2024\/04\/29\/homo-faber-mestieri-e-saperi-della-taranto-antica\/#primaryimage\",\"inLanguage\":\"it-IT\",\"url\":\"https:\/\/arteeluoghi.it\/wp-content\/uploads\/2024\/05\/Stele-in-carparo-con-iscrizione-sepolcrale-di-un-potatore-MArTA.jpg\",\"contentUrl\":\"https:\/\/arteeluoghi.it\/wp-content\/uploads\/2024\/05\/Stele-in-carparo-con-iscrizione-sepolcrale-di-un-potatore-MArTA.jpg\",\"width\":1068,\"height\":1600},{\"@type\":\"WebPage\",\"@id\":\"https:\/\/arteeluoghi.it\/index.php\/2024\/04\/29\/homo-faber-mestieri-e-saperi-della-taranto-antica\/#webpage\",\"url\":\"https:\/\/arteeluoghi.it\/index.php\/2024\/04\/29\/homo-faber-mestieri-e-saperi-della-taranto-antica\/\",\"name\":\"\u201cHomo Faber: mestieri e saperi della Taranto Antica\u201d | Arte e Luoghi\",\"isPartOf\":{\"@id\":\"https:\/\/arteeluoghi.it\/#website\"},\"primaryImageOfPage\":{\"@id\":\"https:\/\/arteeluoghi.it\/index.php\/2024\/04\/29\/homo-faber-mestieri-e-saperi-della-taranto-antica\/#primaryimage\"},\"datePublished\":\"2024-04-29T11:21:00+00:00\",\"dateModified\":\"2024-05-01T11:24:57+00:00\",\"description\":\"Primo Maggio al Museo archeologico nazionale di Taranto con una giornata dedicata alla festa dei lavoratori con una visita tematica\",\"breadcrumb\":{\"@id\":\"https:\/\/arteeluoghi.it\/index.php\/2024\/04\/29\/homo-faber-mestieri-e-saperi-della-taranto-antica\/#breadcrumb\"},\"inLanguage\":\"it-IT\",\"potentialAction\":[{\"@type\":\"ReadAction\",\"target\":[\"https:\/\/arteeluoghi.it\/index.php\/2024\/04\/29\/homo-faber-mestieri-e-saperi-della-taranto-antica\/\"]}]},{\"@type\":\"BreadcrumbList\",\"@id\":\"https:\/\/arteeluoghi.it\/index.php\/2024\/04\/29\/homo-faber-mestieri-e-saperi-della-taranto-antica\/#breadcrumb\",\"itemListElement\":[{\"@type\":\"ListItem\",\"position\":1,\"name\":\"Home\",\"item\":\"https:\/\/arteeluoghi.it\/\"},{\"@type\":\"ListItem\",\"position\":2,\"name\":\"\u201cHomo Faber: mestieri e saperi della Taranto Antica\u201d\"}]},{\"@type\":\"Article\",\"@id\":\"https:\/\/arteeluoghi.it\/index.php\/2024\/04\/29\/homo-faber-mestieri-e-saperi-della-taranto-antica\/#article\",\"isPartOf\":{\"@id\":\"https:\/\/arteeluoghi.it\/index.php\/2024\/04\/29\/homo-faber-mestieri-e-saperi-della-taranto-antica\/#webpage\"},\"author\":{\"@id\":\"https:\/\/arteeluoghi.it\/#\/schema\/person\/f84e814e36e91e01448ee07eaadd41d4\"},\"headline\":\"\u201cHomo Faber: mestieri e saperi della Taranto Antica\u201d\",\"datePublished\":\"2024-04-29T11:21:00+00:00\",\"dateModified\":\"2024-05-01T11:24:57+00:00\",\"mainEntityOfPage\":{\"@id\":\"https:\/\/arteeluoghi.it\/index.php\/2024\/04\/29\/homo-faber-mestieri-e-saperi-della-taranto-antica\/#webpage\"},\"wordCount\":433,\"commentCount\":0,\"publisher\":{\"@id\":\"https:\/\/arteeluoghi.it\/#organization\"},\"image\":{\"@id\":\"https:\/\/arteeluoghi.it\/index.php\/2024\/04\/29\/homo-faber-mestieri-e-saperi-della-taranto-antica\/#primaryimage\"},\"thumbnailUrl\":\"https:\/\/arteeluoghi.it\/wp-content\/uploads\/2024\/05\/Stele-in-carparo-con-iscrizione-sepolcrale-di-un-potatore-MArTA.jpg\",\"keywords\":[\"MarTa\",\"Museo Archeologico Nazionale di Taranto\",\"Primo Maggio\"],\"articleSection\":[\"archeologia\",\"I luoghi nella rete Biblioteche Musei Fondazioni\"],\"inLanguage\":\"it-IT\",\"potentialAction\":[{\"@type\":\"CommentAction\",\"name\":\"Comment\",\"target\":[\"https:\/\/arteeluoghi.it\/index.php\/2024\/04\/29\/homo-faber-mestieri-e-saperi-della-taranto-antica\/#respond\"]}]},{\"@type\":\"Person\",\"@id\":\"https:\/\/arteeluoghi.it\/#\/schema\/person\/f84e814e36e91e01448ee07eaadd41d4\",\"name\":\"Staff\",\"image\":{\"@type\":\"ImageObject\",\"@id\":\"https:\/\/arteeluoghi.it\/#personlogo\",\"inLanguage\":\"it-IT\",\"url\":\"https:\/\/secure.gravatar.com\/avatar\/49d2f9e46271bb04e19cebfaf141313a?s=96&d=blank&r=g\",\"contentUrl\":\"https:\/\/secure.gravatar.com\/avatar\/49d2f9e46271bb04e19cebfaf141313a?s=96&d=blank&r=g\",\"caption\":\"Staff\"}}]}<\/script>\n<!-- \/ Yoast SEO plugin. -->","yoast_head_json":{"title":"\u201cHomo Faber: mestieri e saperi della Taranto Antica\u201d | Arte e Luoghi","description":"Primo Maggio al Museo archeologico nazionale di Taranto con una giornata dedicata alla festa dei lavoratori con una visita tematica","robots":{"index":"index","follow":"follow","max-snippet":"max-snippet:-1","max-image-preview":"max-image-preview:large","max-video-preview":"max-video-preview:-1"},"canonical":"https:\/\/arteeluoghi.it\/index.php\/2024\/04\/29\/homo-faber-mestieri-e-saperi-della-taranto-antica\/","og_locale":"it_IT","og_type":"article","og_title":"\u201cHomo Faber: mestieri e saperi della Taranto Antica\u201d | Arte e Luoghi","og_description":"Primo Maggio al Museo archeologico nazionale di Taranto con una giornata dedicata alla festa dei lavoratori con una visita tematica","og_url":"https:\/\/arteeluoghi.it\/index.php\/2024\/04\/29\/homo-faber-mestieri-e-saperi-della-taranto-antica\/","og_site_name":"Arte e Luoghi","article_publisher":"https:\/\/www.facebook.com\/ArteELuoghi\/","article_published_time":"2024-04-29T11:21:00+00:00","article_modified_time":"2024-05-01T11:24:57+00:00","og_image":[{"width":1068,"height":1600,"url":"https:\/\/arteeluoghi.it\/wp-content\/uploads\/2024\/05\/Stele-in-carparo-con-iscrizione-sepolcrale-di-un-potatore-MArTA.jpg","type":"image\/jpeg"}],"twitter_card":"summary","twitter_creator":"@arteeluoghi","twitter_site":"@arteeluoghi","twitter_misc":{"Scritto da":"Staff","Tempo di lettura stimato":"3 minuti"},"schema":{"@context":"https:\/\/schema.org","@graph":[{"@type":"Organization","@id":"https:\/\/arteeluoghi.it\/#organization","name":"Arte e Luoghi","url":"https:\/\/arteeluoghi.it\/","sameAs":["https:\/\/www.facebook.com\/ArteELuoghi\/","https:\/\/www.instagram.com\/arteeluoghi\/?hl=it","https:\/\/www.youtube.com\/channel\/UCuRVc4JW4-C5sg9rQB-srkw?view_as=subscriber","https:\/\/twitter.com\/arteeluoghi"],"logo":{"@type":"ImageObject","@id":"https:\/\/arteeluoghi.it\/#logo","inLanguage":"it-IT","url":"https:\/\/arteeluoghi.it\/wp-content\/uploads\/2018\/08\/logoinstagramarte.jpg","contentUrl":"https:\/\/arteeluoghi.it\/wp-content\/uploads\/2018\/08\/logoinstagramarte.jpg","width":150,"height":150,"caption":"Arte e Luoghi"},"image":{"@id":"https:\/\/arteeluoghi.it\/#logo"}},{"@type":"WebSite","@id":"https:\/\/arteeluoghi.it\/#website","url":"https:\/\/arteeluoghi.it\/","name":"Arte e Luoghi","description":"Mensile di arte, cultura, turismo e curiosit\u00e0","publisher":{"@id":"https:\/\/arteeluoghi.it\/#organization"},"potentialAction":[{"@type":"SearchAction","target":{"@type":"EntryPoint","urlTemplate":"https:\/\/arteeluoghi.it\/?s={search_term_string}"},"query-input":"required name=search_term_string"}],"inLanguage":"it-IT"},{"@type":"ImageObject","@id":"https:\/\/arteeluoghi.it\/index.php\/2024\/04\/29\/homo-faber-mestieri-e-saperi-della-taranto-antica\/#primaryimage","inLanguage":"it-IT","url":"https:\/\/arteeluoghi.it\/wp-content\/uploads\/2024\/05\/Stele-in-carparo-con-iscrizione-sepolcrale-di-un-potatore-MArTA.jpg","contentUrl":"https:\/\/arteeluoghi.it\/wp-content\/uploads\/2024\/05\/Stele-in-carparo-con-iscrizione-sepolcrale-di-un-potatore-MArTA.jpg","width":1068,"height":1600},{"@type":"WebPage","@id":"https:\/\/arteeluoghi.it\/index.php\/2024\/04\/29\/homo-faber-mestieri-e-saperi-della-taranto-antica\/#webpage","url":"https:\/\/arteeluoghi.it\/index.php\/2024\/04\/29\/homo-faber-mestieri-e-saperi-della-taranto-antica\/","name":"\u201cHomo Faber: mestieri e saperi della Taranto Antica\u201d | Arte e Luoghi","isPartOf":{"@id":"https:\/\/arteeluoghi.it\/#website"},"primaryImageOfPage":{"@id":"https:\/\/arteeluoghi.it\/index.php\/2024\/04\/29\/homo-faber-mestieri-e-saperi-della-taranto-antica\/#primaryimage"},"datePublished":"2024-04-29T11:21:00+00:00","dateModified":"2024-05-01T11:24:57+00:00","description":"Primo Maggio al Museo archeologico nazionale di Taranto con una giornata dedicata alla festa dei lavoratori con una visita tematica","breadcrumb":{"@id":"https:\/\/arteeluoghi.it\/index.php\/2024\/04\/29\/homo-faber-mestieri-e-saperi-della-taranto-antica\/#breadcrumb"},"inLanguage":"it-IT","potentialAction":[{"@type":"ReadAction","target":["https:\/\/arteeluoghi.it\/index.php\/2024\/04\/29\/homo-faber-mestieri-e-saperi-della-taranto-antica\/"]}]},{"@type":"BreadcrumbList","@id":"https:\/\/arteeluoghi.it\/index.php\/2024\/04\/29\/homo-faber-mestieri-e-saperi-della-taranto-antica\/#breadcrumb","itemListElement":[{"@type":"ListItem","position":1,"name":"Home","item":"https:\/\/arteeluoghi.it\/"},{"@type":"ListItem","position":2,"name":"\u201cHomo Faber: mestieri e saperi della Taranto Antica\u201d"}]},{"@type":"Article","@id":"https:\/\/arteeluoghi.it\/index.php\/2024\/04\/29\/homo-faber-mestieri-e-saperi-della-taranto-antica\/#article","isPartOf":{"@id":"https:\/\/arteeluoghi.it\/index.php\/2024\/04\/29\/homo-faber-mestieri-e-saperi-della-taranto-antica\/#webpage"},"author":{"@id":"https:\/\/arteeluoghi.it\/#\/schema\/person\/f84e814e36e91e01448ee07eaadd41d4"},"headline":"\u201cHomo Faber: mestieri e saperi della Taranto Antica\u201d","datePublished":"2024-04-29T11:21:00+00:00","dateModified":"2024-05-01T11:24:57+00:00","mainEntityOfPage":{"@id":"https:\/\/arteeluoghi.it\/index.php\/2024\/04\/29\/homo-faber-mestieri-e-saperi-della-taranto-antica\/#webpage"},"wordCount":433,"commentCount":0,"publisher":{"@id":"https:\/\/arteeluoghi.it\/#organization"},"image":{"@id":"https:\/\/arteeluoghi.it\/index.php\/2024\/04\/29\/homo-faber-mestieri-e-saperi-della-taranto-antica\/#primaryimage"},"thumbnailUrl":"https:\/\/arteeluoghi.it\/wp-content\/uploads\/2024\/05\/Stele-in-carparo-con-iscrizione-sepolcrale-di-un-potatore-MArTA.jpg","keywords":["MarTa","Museo Archeologico Nazionale di Taranto","Primo Maggio"],"articleSection":["archeologia","I luoghi nella rete Biblioteche Musei Fondazioni"],"inLanguage":"it-IT","potentialAction":[{"@type":"CommentAction","name":"Comment","target":["https:\/\/arteeluoghi.it\/index.php\/2024\/04\/29\/homo-faber-mestieri-e-saperi-della-taranto-antica\/#respond"]}]},{"@type":"Person","@id":"https:\/\/arteeluoghi.it\/#\/schema\/person\/f84e814e36e91e01448ee07eaadd41d4","name":"Staff","image":{"@type":"ImageObject","@id":"https:\/\/arteeluoghi.it\/#personlogo","inLanguage":"it-IT","url":"https:\/\/secure.gravatar.com\/avatar\/49d2f9e46271bb04e19cebfaf141313a?s=96&d=blank&r=g","contentUrl":"https:\/\/secure.gravatar.com\/avatar\/49d2f9e46271bb04e19cebfaf141313a?s=96&d=blank&r=g","caption":"Staff"}}]}},"_links":{"self":[{"href":"https:\/\/arteeluoghi.it\/index.php\/wp-json\/wp\/v2\/posts\/14355"}],"collection":[{"href":"https:\/\/arteeluoghi.it\/index.php\/wp-json\/wp\/v2\/posts"}],"about":[{"href":"https:\/\/arteeluoghi.it\/index.php\/wp-json\/wp\/v2\/types\/post"}],"author":[{"embeddable":true,"href":"https:\/\/arteeluoghi.it\/index.php\/wp-json\/wp\/v2\/users\/1"}],"replies":[{"embeddable":true,"href":"https:\/\/arteeluoghi.it\/index.php\/wp-json\/wp\/v2\/comments?post=14355"}],"version-history":[{"count":1,"href":"https:\/\/arteeluoghi.it\/index.php\/wp-json\/wp\/v2\/posts\/14355\/revisions"}],"predecessor-version":[{"id":14357,"href":"https:\/\/arteeluoghi.it\/index.php\/wp-json\/wp\/v2\/posts\/14355\/revisions\/14357"}],"wp:featuredmedia":[{"embeddable":true,"href":"https:\/\/arteeluoghi.it\/index.php\/wp-json\/wp\/v2\/media\/14356"}],"wp:attachment":[{"href":"https:\/\/arteeluoghi.it\/index.php\/wp-json\/wp\/v2\/media?parent=14355"}],"wp:term":[{"taxonomy":"category","embeddable":true,"href":"https:\/\/arteeluoghi.it\/index.php\/wp-json\/wp\/v2\/categories?post=14355"},{"taxonomy":"post_tag","embeddable":true,"href":"https:\/\/arteeluoghi.it\/index.php\/wp-json\/wp\/v2\/tags?post=14355"}],"curies":[{"name":"wp","href":"https:\/\/api.w.org\/{rel}","templated":true}]}}